{"id":86577,"date":"2026-04-27T20:17:58","date_gmt":"2026-04-27T19:17:58","guid":{"rendered":"https:\/\/lasentinelle.dz\/?p=86577"},"modified":"2026-04-27T20:18:00","modified_gmt":"2026-04-27T19:18:00","slug":"arkab-au-ceo-survey-de-pwc-les-hydrocarbures-au-coeur-du-debat-strategique","status":"publish","type":"post","link":"https:\/\/lasentinelle.dz\/index.php\/2026\/04\/27\/arkab-au-ceo-survey-de-pwc-les-hydrocarbures-au-coeur-du-debat-strategique\/","title":{"rendered":"Arkab au CEO Survey de PwC\u00a0: Les hydrocarbures au c\u0153ur du d\u00e9bat strat\u00e9gique"},"content":{"rendered":"\n<p>Le ministre d&rsquo;\u00c9tat charg\u00e9 des Hydrocarbures, Mohamed Arkab, participera mardi \u00e0 Alger \u00e0 la deuxi\u00e8me \u00e9dition du CEO Survey organis\u00e9e par le cabinet PwC, plac\u00e9e sous le th\u00e8me : \u00ab Souverainet\u00e9 et r\u00e9silience : une nouvelle trajectoire \u00e9conomique pour l&rsquo;Alg\u00e9rie \u00bb. Cette rencontre de haut niveau r\u00e9unira membres du gouvernement, chefs d&rsquo;entreprise et experts autour des grandes questions strat\u00e9giques qui traversent l&rsquo;\u00e9conomie nationale, avec une attention particuli\u00e8re port\u00e9e au secteur des hydrocarbures. Les d\u00e9bats porteront notamment sur les efforts de l&rsquo;Alg\u00e9rie pour valoriser ses ressources \u00e9nerg\u00e9tiques, renforcer l&rsquo;attractivit\u00e9 du secteur \u00e0 l&rsquo;investissement et d\u00e9velopper les cha\u00eenes de valeur, dans une perspective de cr\u00e9ation de richesse et de diversification \u00e9conomique. Le r\u00f4le pivot des hydrocarbures dans le soutien \u00e0 la souverainet\u00e9 \u00e9conomique et dans l&rsquo;accompagnement des transitions \u00e9nerg\u00e9tiques mondiales sera \u00e9galement au menu, \u00e0 l&rsquo;heure o\u00f9 les enjeux de s\u00e9curit\u00e9 \u00e9nerg\u00e9tique et de d\u00e9veloppement durable s&rsquo;imposent comme des priorit\u00e9s incontournables. L&rsquo;ordre du jour couvre par ailleurs les perspectives de croissance des entreprises, l&rsquo;am\u00e9lioration du climat des affaires, le renforcement des souverainet\u00e9s num\u00e9rique et sanitaire, ainsi que les r\u00e9formes \u00e9conomiques et financi\u00e8res visant \u00e0 stimuler l&rsquo;investissement et insuffler une nouvelle dynamique de croissance.<\/p>\n\n\n\n<p>S.G.<\/p>\n","protected":false},"excerpt":{"rendered":"<p>Le ministre d&rsquo;\u00c9tat charg\u00e9 des Hydrocarbures, Mohamed Arkab, participera mardi \u00e0 Alger \u00e0 la deuxi\u00e8me \u00e9dition du CEO Survey organis\u00e9e<\/p>\n","protected":false},"author":6,"featured_media":86578,"comment_status":"open","ping_status":"closed","sticky":false,"template":"","format":"standard","meta":{"colormag_page_container_layout":"default_layout","colormag_page_sidebar_layout":"default_layout","om_disable_all_campaigns":false,"_monsterinsights_skip_tracking":false,"_monsterinsights_sitenote_active":false,"_monsterinsights_sitenote_note":"","_monsterinsights_sitenote_category":0,"footnotes":"","_wpscppro_dont_share_socialmedia":false,"_wpscppro_custom_social_share_image":0,"_facebook_share_type":"default","_twitter_share_type":"default","_linkedin_share_type":"default","_pinterest_share_type":"default","_linkedin_share_type_page":"","_instagram_share_type":"default","_medium_share_type":"default","_threads_share_type":"default","_google_business_share_type":"default","_selected_social_profile":[],"_wpsp_enable_custom_social_template":false,"_wpsp_social_scheduling":{"enabled":false,"datetime":null,"platforms":[],"status":"template_only","dateOption":"today","timeOption":"now","customDays":"","customHours":"","customDate":"","customTime":"","schedulingType":"absolute"},"_wpsp_active_default_template":true},"categories":[29],"tags":[],"class_list":["post-86577","post","type-post","status-publish","format-standard","has-post-thumbnail","hentry","category-economie"],"aioseo_notices":[],"yoast_head":"<!-- This site is optimized with the Yoast SEO plugin v27.4 - https:\/\/yoast.com\/product\/yoast-seo-wordpress\/ -->\n<title>Arkab au CEO Survey de PwC\u00a0: Les hydrocarbures au c\u0153ur du d\u00e9bat strat\u00e9gique - La Sentinelle<\/title>\n<meta name=\"robots\" content=\"index, follow, max-snippet:-1, max-image-preview:large, max-video-preview:-1\" \/>\n<link rel=\"canonical\" href=\"https:\/\/lasentinelle.dz\/index.php\/2026\/04\/27\/arkab-au-ceo-survey-de-pwc-les-hydrocarbures-au-coeur-du-debat-strategique\/\" \/>\n<meta property=\"og:locale\" content=\"fr_FR\" \/>\n<meta property=\"og:type\" content=\"article\" \/>\n<meta property=\"og:title\" content=\"Arkab au CEO Survey de PwC\u00a0: Les hydrocarbures au c\u0153ur du d\u00e9bat strat\u00e9gique - La Sentinelle\" \/>\n<meta property=\"og:description\" content=\"Le ministre d&rsquo;\u00c9tat charg\u00e9 des Hydrocarbures, Mohamed Arkab, participera mardi \u00e0 Alger \u00e0 la deuxi\u00e8me \u00e9dition du CEO Survey organis\u00e9e\" \/>\n<meta property=\"og:url\" content=\"https:\/\/lasentinelle.dz\/index.php\/2026\/04\/27\/arkab-au-ceo-survey-de-pwc-les-hydrocarbures-au-coeur-du-debat-strategique\/\" \/>\n<meta property=\"og:site_name\" content=\"La Sentinelle\" \/>\n<meta property=\"article:publisher\" content=\"https:\/\/www.facebook.com\/La-Sentinelle-104059864394773\" \/>\n<meta property=\"article:published_time\" content=\"2026-04-27T19:17:58+00:00\" \/>\n<meta property=\"article:modified_time\" content=\"2026-04-27T19:18:00+00:00\" \/>\n<meta property=\"og:image\" content=\"https:\/\/lasentinelle.dz\/wp-content\/uploads\/2026\/04\/arkab.jpg\" \/>\n\t<meta property=\"og:image:width\" content=\"2048\" \/>\n\t<meta property=\"og:image:height\" content=\"1365\" \/>\n\t<meta property=\"og:image:type\" content=\"image\/jpeg\" \/>\n<meta name=\"author\" content=\"admin\" \/>\n<meta name=\"twitter:card\" content=\"summary_large_image\" \/>\n<meta name=\"twitter:label1\" content=\"\u00c9crit par\" \/>\n\t<meta name=\"twitter:data1\" content=\"admin\" \/>\n\t<meta name=\"twitter:label2\" content=\"Dur\u00e9e de lecture estim\u00e9e\" \/>\n\t<meta name=\"twitter:data2\" content=\"2 minutes\" \/>\n<script type=\"application\/ld+json\" class=\"yoast-schema-graph\">{\"@context\":\"https:\\\/\\\/schema.org\",\"@graph\":[{\"@type\":\"Article\",\"@id\":\"https:\\\/\\\/lasentinelle.dz\\\/index.php\\\/2026\\\/04\\\/27\\\/arkab-au-ceo-survey-de-pwc-les-hydrocarbures-au-coeur-du-debat-strategique\\\/#article\",\"isPartOf\":{\"@id\":\"https:\\\/\\\/lasentinelle.dz\\\/index.php\\\/2026\\\/04\\\/27\\\/arkab-au-ceo-survey-de-pwc-les-hydrocarbures-au-coeur-du-debat-strategique\\\/\"},\"author\":{\"name\":\"admin\",\"@id\":\"https:\\\/\\\/lasentinelle.dz\\\/#\\\/schema\\\/person\\\/729ee0024f24e0b8c5ec17232f8e8b41\"},\"headline\":\"Arkab au CEO Survey de PwC\u00a0: Les hydrocarbures au c\u0153ur du d\u00e9bat strat\u00e9gique\",\"datePublished\":\"2026-04-27T19:17:58+00:00\",\"dateModified\":\"2026-04-27T19:18:00+00:00\",\"mainEntityOfPage\":{\"@id\":\"https:\\\/\\\/lasentinelle.dz\\\/index.php\\\/2026\\\/04\\\/27\\\/arkab-au-ceo-survey-de-pwc-les-hydrocarbures-au-coeur-du-debat-strategique\\\/\"},\"wordCount\":239,\"commentCount\":0,\"publisher\":{\"@id\":\"https:\\\/\\\/lasentinelle.dz\\\/#organization\"},\"image\":{\"@id\":\"https:\\\/\\\/lasentinelle.dz\\\/index.php\\\/2026\\\/04\\\/27\\\/arkab-au-ceo-survey-de-pwc-les-hydrocarbures-au-coeur-du-debat-strategique\\\/#primaryimage\"},\"thumbnailUrl\":\"https:\\\/\\\/lasentinelle.dz\\\/wp-content\\\/uploads\\\/2026\\\/04\\\/arkab.jpg\",\"articleSection\":[\"\u00c9conomie\"],\"inLanguage\":\"fr-FR\",\"potentialAction\":[{\"@type\":\"CommentAction\",\"name\":\"Comment\",\"target\":[\"https:\\\/\\\/lasentinelle.dz\\\/index.php\\\/2026\\\/04\\\/27\\\/arkab-au-ceo-survey-de-pwc-les-hydrocarbures-au-coeur-du-debat-strategique\\\/#respond\"]}]},{\"@type\":\"WebPage\",\"@id\":\"https:\\\/\\\/lasentinelle.dz\\\/index.php\\\/2026\\\/04\\\/27\\\/arkab-au-ceo-survey-de-pwc-les-hydrocarbures-au-coeur-du-debat-strategique\\\/\",\"url\":\"https:\\\/\\\/lasentinelle.dz\\\/index.php\\\/2026\\\/04\\\/27\\\/arkab-au-ceo-survey-de-pwc-les-hydrocarbures-au-coeur-du-debat-strategique\\\/\",\"name\":\"Arkab au CEO Survey de PwC\u00a0: Les hydrocarbures au c\u0153ur du d\u00e9bat strat\u00e9gique - La Sentinelle\",\"isPartOf\":{\"@id\":\"https:\\\/\\\/lasentinelle.dz\\\/#website\"},\"primaryImageOfPage\":{\"@id\":\"https:\\\/\\\/lasentinelle.dz\\\/index.php\\\/2026\\\/04\\\/27\\\/arkab-au-ceo-survey-de-pwc-les-hydrocarbures-au-coeur-du-debat-strategique\\\/#primaryimage\"},\"image\":{\"@id\":\"https:\\\/\\\/lasentinelle.dz\\\/index.php\\\/2026\\\/04\\\/27\\\/arkab-au-ceo-survey-de-pwc-les-hydrocarbures-au-coeur-du-debat-strategique\\\/#primaryimage\"},\"thumbnailUrl\":\"https:\\\/\\\/lasentinelle.dz\\\/wp-content\\\/uploads\\\/2026\\\/04\\\/arkab.jpg\",\"datePublished\":\"2026-04-27T19:17:58+00:00\",\"dateModified\":\"2026-04-27T19:18:00+00:00\",\"breadcrumb\":{\"@id\":\"https:\\\/\\\/lasentinelle.dz\\\/index.php\\\/2026\\\/04\\\/27\\\/arkab-au-ceo-survey-de-pwc-les-hydrocarbures-au-coeur-du-debat-strategique\\\/#breadcrumb\"},\"inLanguage\":\"fr-FR\",\"potentialAction\":[{\"@type\":\"ReadAction\",\"target\":[\"https:\\\/\\\/lasentinelle.dz\\\/index.php\\\/2026\\\/04\\\/27\\\/arkab-au-ceo-survey-de-pwc-les-hydrocarbures-au-coeur-du-debat-strategique\\\/\"]}]},{\"@type\":\"ImageObject\",\"inLanguage\":\"fr-FR\",\"@id\":\"https:\\\/\\\/lasentinelle.dz\\\/index.php\\\/2026\\\/04\\\/27\\\/arkab-au-ceo-survey-de-pwc-les-hydrocarbures-au-coeur-du-debat-strategique\\\/#primaryimage\",\"url\":\"https:\\\/\\\/lasentinelle.dz\\\/wp-content\\\/uploads\\\/2026\\\/04\\\/arkab.jpg\",\"contentUrl\":\"https:\\\/\\\/lasentinelle.dz\\\/wp-content\\\/uploads\\\/2026\\\/04\\\/arkab.jpg\",\"width\":2048,\"height\":1365},{\"@type\":\"BreadcrumbList\",\"@id\":\"https:\\\/\\\/lasentinelle.dz\\\/index.php\\\/2026\\\/04\\\/27\\\/arkab-au-ceo-survey-de-pwc-les-hydrocarbures-au-coeur-du-debat-strategique\\\/#breadcrumb\",\"itemListElement\":[{\"@type\":\"ListItem\",\"position\":1,\"name\":\"Accueil\",\"item\":\"https:\\\/\\\/lasentinelle.dz\\\/\"},{\"@type\":\"ListItem\",\"position\":2,\"name\":\"Arkab au CEO Survey de PwC\u00a0: Les hydrocarbures au c\u0153ur du d\u00e9bat strat\u00e9gique\"}]},{\"@type\":\"WebSite\",\"@id\":\"https:\\\/\\\/lasentinelle.dz\\\/#website\",\"url\":\"https:\\\/\\\/lasentinelle.dz\\\/\",\"name\":\"La Sentinelle\",\"description\":\"Quotidien national d&#039;information\",\"publisher\":{\"@id\":\"https:\\\/\\\/lasentinelle.dz\\\/#organization\"},\"potentialAction\":[{\"@type\":\"SearchAction\",\"target\":{\"@type\":\"EntryPoint\",\"urlTemplate\":\"https:\\\/\\\/lasentinelle.dz\\\/?s={search_term_string}\"},\"query-input\":{\"@type\":\"PropertyValueSpecification\",\"valueRequired\":true,\"valueName\":\"search_term_string\"}}],\"inLanguage\":\"fr-FR\"},{\"@type\":\"Organization\",\"@id\":\"https:\\\/\\\/lasentinelle.dz\\\/#organization\",\"name\":\"Quotidien La Sentinelle\",\"url\":\"https:\\\/\\\/lasentinelle.dz\\\/\",\"logo\":{\"@type\":\"ImageObject\",\"inLanguage\":\"fr-FR\",\"@id\":\"https:\\\/\\\/lasentinelle.dz\\\/#\\\/schema\\\/logo\\\/image\\\/\",\"url\":\"https:\\\/\\\/lasentinelle.dz\\\/wp-content\\\/uploads\\\/2021\\\/09\\\/logo-sentinelleSLOGAN-1.png\",\"contentUrl\":\"https:\\\/\\\/lasentinelle.dz\\\/wp-content\\\/uploads\\\/2021\\\/09\\\/logo-sentinelleSLOGAN-1.png\",\"width\":615,\"height\":142,\"caption\":\"Quotidien La Sentinelle\"},\"image\":{\"@id\":\"https:\\\/\\\/lasentinelle.dz\\\/#\\\/schema\\\/logo\\\/image\\\/\"},\"sameAs\":[\"https:\\\/\\\/www.facebook.com\\\/La-Sentinelle-104059864394773\"]},{\"@type\":\"Person\",\"@id\":\"https:\\\/\\\/lasentinelle.dz\\\/#\\\/schema\\\/person\\\/729ee0024f24e0b8c5ec17232f8e8b41\",\"name\":\"admin\",\"image\":{\"@type\":\"ImageObject\",\"inLanguage\":\"fr-FR\",\"@id\":\"https:\\\/\\\/secure.gravatar.com\\\/avatar\\\/4c81fed838786e9b53f540bf46533e750f5d292099ae3b66cfc6fb1982e29df7?s=96&d=mm&r=g\",\"url\":\"https:\\\/\\\/secure.gravatar.com\\\/avatar\\\/4c81fed838786e9b53f540bf46533e750f5d292099ae3b66cfc6fb1982e29df7?s=96&d=mm&r=g\",\"contentUrl\":\"https:\\\/\\\/secure.gravatar.com\\\/avatar\\\/4c81fed838786e9b53f540bf46533e750f5d292099ae3b66cfc6fb1982e29df7?s=96&d=mm&r=g\",\"caption\":\"admin\"},\"description\":\"admin\",\"url\":\"https:\\\/\\\/lasentinelle.dz\\\/author\\\/admin\\\/\"}]}<\/script>\n<!-- \/ Yoast SEO plugin. -->","yoast_head_json":{"title":"Arkab au CEO Survey de PwC\u00a0: Les hydrocarbures au c\u0153ur du d\u00e9bat strat\u00e9gique - La Sentinelle","robots":{"index":"index","follow":"follow","max-snippet":"max-snippet:-1","max-image-preview":"max-image-preview:large","max-video-preview":"max-video-preview:-1"},"canonical":"https:\/\/lasentinelle.dz\/index.php\/2026\/04\/27\/arkab-au-ceo-survey-de-pwc-les-hydrocarbures-au-coeur-du-debat-strategique\/","og_locale":"fr_FR","og_type":"article","og_title":"Arkab au CEO Survey de PwC\u00a0: Les hydrocarbures au c\u0153ur du d\u00e9bat strat\u00e9gique - La Sentinelle","og_description":"Le ministre d&rsquo;\u00c9tat charg\u00e9 des Hydrocarbures, Mohamed Arkab, participera mardi \u00e0 Alger \u00e0 la deuxi\u00e8me \u00e9dition du CEO Survey organis\u00e9e","og_url":"https:\/\/lasentinelle.dz\/index.php\/2026\/04\/27\/arkab-au-ceo-survey-de-pwc-les-hydrocarbures-au-coeur-du-debat-strategique\/","og_site_name":"La Sentinelle","article_publisher":"https:\/\/www.facebook.com\/La-Sentinelle-104059864394773","article_published_time":"2026-04-27T19:17:58+00:00","article_modified_time":"2026-04-27T19:18:00+00:00","og_image":[{"width":2048,"height":1365,"url":"https:\/\/lasentinelle.dz\/wp-content\/uploads\/2026\/04\/arkab.jpg","type":"image\/jpeg"}],"author":"admin","twitter_card":"summary_large_image","twitter_misc":{"\u00c9crit par":"admin","Dur\u00e9e de lecture estim\u00e9e":"2 minutes"},"schema":{"@context":"https:\/\/schema.org","@graph":[{"@type":"Article","@id":"https:\/\/lasentinelle.dz\/index.php\/2026\/04\/27\/arkab-au-ceo-survey-de-pwc-les-hydrocarbures-au-coeur-du-debat-strategique\/#article","isPartOf":{"@id":"https:\/\/lasentinelle.dz\/index.php\/2026\/04\/27\/arkab-au-ceo-survey-de-pwc-les-hydrocarbures-au-coeur-du-debat-strategique\/"},"author":{"name":"admin","@id":"https:\/\/lasentinelle.dz\/#\/schema\/person\/729ee0024f24e0b8c5ec17232f8e8b41"},"headline":"Arkab au CEO Survey de PwC\u00a0: Les hydrocarbures au c\u0153ur du d\u00e9bat strat\u00e9gique","datePublished":"2026-04-27T19:17:58+00:00","dateModified":"2026-04-27T19:18:00+00:00","mainEntityOfPage":{"@id":"https:\/\/lasentinelle.dz\/index.php\/2026\/04\/27\/arkab-au-ceo-survey-de-pwc-les-hydrocarbures-au-coeur-du-debat-strategique\/"},"wordCount":239,"commentCount":0,"publisher":{"@id":"https:\/\/lasentinelle.dz\/#organization"},"image":{"@id":"https:\/\/lasentinelle.dz\/index.php\/2026\/04\/27\/arkab-au-ceo-survey-de-pwc-les-hydrocarbures-au-coeur-du-debat-strategique\/#primaryimage"},"thumbnailUrl":"https:\/\/lasentinelle.dz\/wp-content\/uploads\/2026\/04\/arkab.jpg","articleSection":["\u00c9conomie"],"inLanguage":"fr-FR","potentialAction":[{"@type":"CommentAction","name":"Comment","target":["https:\/\/lasentinelle.dz\/index.php\/2026\/04\/27\/arkab-au-ceo-survey-de-pwc-les-hydrocarbures-au-coeur-du-debat-strategique\/#respond"]}]},{"@type":"WebPage","@id":"https:\/\/lasentinelle.dz\/index.php\/2026\/04\/27\/arkab-au-ceo-survey-de-pwc-les-hydrocarbures-au-coeur-du-debat-strategique\/","url":"https:\/\/lasentinelle.dz\/index.php\/2026\/04\/27\/arkab-au-ceo-survey-de-pwc-les-hydrocarbures-au-coeur-du-debat-strategique\/","name":"Arkab au CEO Survey de PwC\u00a0: Les hydrocarbures au c\u0153ur du d\u00e9bat strat\u00e9gique - La Sentinelle","isPartOf":{"@id":"https:\/\/lasentinelle.dz\/#website"},"primaryImageOfPage":{"@id":"https:\/\/lasentinelle.dz\/index.php\/2026\/04\/27\/arkab-au-ceo-survey-de-pwc-les-hydrocarbures-au-coeur-du-debat-strategique\/#primaryimage"},"image":{"@id":"https:\/\/lasentinelle.dz\/index.php\/2026\/04\/27\/arkab-au-ceo-survey-de-pwc-les-hydrocarbures-au-coeur-du-debat-strategique\/#primaryimage"},"thumbnailUrl":"https:\/\/lasentinelle.dz\/wp-content\/uploads\/2026\/04\/arkab.jpg","datePublished":"2026-04-27T19:17:58+00:00","dateModified":"2026-04-27T19:18:00+00:00","breadcrumb":{"@id":"https:\/\/lasentinelle.dz\/index.php\/2026\/04\/27\/arkab-au-ceo-survey-de-pwc-les-hydrocarbures-au-coeur-du-debat-strategique\/#breadcrumb"},"inLanguage":"fr-FR","potentialAction":[{"@type":"ReadAction","target":["https:\/\/lasentinelle.dz\/index.php\/2026\/04\/27\/arkab-au-ceo-survey-de-pwc-les-hydrocarbures-au-coeur-du-debat-strategique\/"]}]},{"@type":"ImageObject","inLanguage":"fr-FR","@id":"https:\/\/lasentinelle.dz\/index.php\/2026\/04\/27\/arkab-au-ceo-survey-de-pwc-les-hydrocarbures-au-coeur-du-debat-strategique\/#primaryimage","url":"https:\/\/lasentinelle.dz\/wp-content\/uploads\/2026\/04\/arkab.jpg","contentUrl":"https:\/\/lasentinelle.dz\/wp-content\/uploads\/2026\/04\/arkab.jpg","width":2048,"height":1365},{"@type":"BreadcrumbList","@id":"https:\/\/lasentinelle.dz\/index.php\/2026\/04\/27\/arkab-au-ceo-survey-de-pwc-les-hydrocarbures-au-coeur-du-debat-strategique\/#breadcrumb","itemListElement":[{"@type":"ListItem","position":1,"name":"Accueil","item":"https:\/\/lasentinelle.dz\/"},{"@type":"ListItem","position":2,"name":"Arkab au CEO Survey de PwC\u00a0: Les hydrocarbures au c\u0153ur du d\u00e9bat strat\u00e9gique"}]},{"@type":"WebSite","@id":"https:\/\/lasentinelle.dz\/#website","url":"https:\/\/lasentinelle.dz\/","name":"La Sentinelle","description":"Quotidien national d&#039;information","publisher":{"@id":"https:\/\/lasentinelle.dz\/#organization"},"potentialAction":[{"@type":"SearchAction","target":{"@type":"EntryPoint","urlTemplate":"https:\/\/lasentinelle.dz\/?s={search_term_string}"},"query-input":{"@type":"PropertyValueSpecification","valueRequired":true,"valueName":"search_term_string"}}],"inLanguage":"fr-FR"},{"@type":"Organization","@id":"https:\/\/lasentinelle.dz\/#organization","name":"Quotidien La Sentinelle","url":"https:\/\/lasentinelle.dz\/","logo":{"@type":"ImageObject","inLanguage":"fr-FR","@id":"https:\/\/lasentinelle.dz\/#\/schema\/logo\/image\/","url":"https:\/\/lasentinelle.dz\/wp-content\/uploads\/2021\/09\/logo-sentinelleSLOGAN-1.png","contentUrl":"https:\/\/lasentinelle.dz\/wp-content\/uploads\/2021\/09\/logo-sentinelleSLOGAN-1.png","width":615,"height":142,"caption":"Quotidien La Sentinelle"},"image":{"@id":"https:\/\/lasentinelle.dz\/#\/schema\/logo\/image\/"},"sameAs":["https:\/\/www.facebook.com\/La-Sentinelle-104059864394773"]},{"@type":"Person","@id":"https:\/\/lasentinelle.dz\/#\/schema\/person\/729ee0024f24e0b8c5ec17232f8e8b41","name":"admin","image":{"@type":"ImageObject","inLanguage":"fr-FR","@id":"https:\/\/secure.gravatar.com\/avatar\/4c81fed838786e9b53f540bf46533e750f5d292099ae3b66cfc6fb1982e29df7?s=96&d=mm&r=g","url":"https:\/\/secure.gravatar.com\/avatar\/4c81fed838786e9b53f540bf46533e750f5d292099ae3b66cfc6fb1982e29df7?s=96&d=mm&r=g","contentUrl":"https:\/\/secure.gravatar.com\/avatar\/4c81fed838786e9b53f540bf46533e750f5d292099ae3b66cfc6fb1982e29df7?s=96&d=mm&r=g","caption":"admin"},"description":"admin","url":"https:\/\/lasentinelle.dz\/author\/admin\/"}]}},"_links":{"self":[{"href":"https:\/\/lasentinelle.dz\/index.php\/wp-json\/wp\/v2\/posts\/86577","targetHints":{"allow":["GET"]}}],"collection":[{"href":"https:\/\/lasentinelle.dz\/index.php\/wp-json\/wp\/v2\/posts"}],"about":[{"href":"https:\/\/lasentinelle.dz\/index.php\/wp-json\/wp\/v2\/types\/post"}],"author":[{"embeddable":true,"href":"https:\/\/lasentinelle.dz\/index.php\/wp-json\/wp\/v2\/users\/6"}],"replies":[{"embeddable":true,"href":"https:\/\/lasentinelle.dz\/index.php\/wp-json\/wp\/v2\/comments?post=86577"}],"version-history":[{"count":1,"href":"https:\/\/lasentinelle.dz\/index.php\/wp-json\/wp\/v2\/posts\/86577\/revisions"}],"predecessor-version":[{"id":86579,"href":"https:\/\/lasentinelle.dz\/index.php\/wp-json\/wp\/v2\/posts\/86577\/revisions\/86579"}],"wp:featuredmedia":[{"embeddable":true,"href":"https:\/\/lasentinelle.dz\/index.php\/wp-json\/wp\/v2\/media\/86578"}],"wp:attachment":[{"href":"https:\/\/lasentinelle.dz\/index.php\/wp-json\/wp\/v2\/media?parent=86577"}],"wp:term":[{"taxonomy":"category","embeddable":true,"href":"https:\/\/lasentinelle.dz\/index.php\/wp-json\/wp\/v2\/categories?post=86577"},{"taxonomy":"post_tag","embeddable":true,"href":"https:\/\/lasentinelle.dz\/index.php\/wp-json\/wp\/v2\/tags?post=86577"}],"curies":[{"name":"wp","href":"https:\/\/api.w.org\/{rel}","templated":true}]}}