{"id":86584,"date":"2026-04-27T20:20:21","date_gmt":"2026-04-27T19:20:21","guid":{"rendered":"https:\/\/lasentinelle.dz\/?p=86584"},"modified":"2026-04-27T20:20:25","modified_gmt":"2026-04-27T19:20:25","slug":"algerie-france-macron-traite-de-mabouls-les-partisans-de-la-rupture-avec-lalgerie","status":"publish","type":"post","link":"https:\/\/lasentinelle.dz\/index.php\/2026\/04\/27\/algerie-france-macron-traite-de-mabouls-les-partisans-de-la-rupture-avec-lalgerie\/","title":{"rendered":"Alg\u00e9rie-France\u00a0: Macron traite de \u00ab mabouls\u00bb les partisans de la rupture avec l&rsquo;Alg\u00e9rie"},"content":{"rendered":"\n<p>Un m\u00e9decin oranais l&rsquo;a interpell\u00e9 lors d&rsquo;une tourn\u00e9e en Ari\u00e8ge. La r\u00e9ponse du pr\u00e9sident fran\u00e7ais a fait l&rsquo;effet d&rsquo;une gifle pour les tenants de la ligne dure.<\/p>\n\n\n\n<p>Emmanuel Macron n&rsquo;a pas m\u00e2ch\u00e9 ses mots. En d\u00e9placement lundi dans le d\u00e9partement de l&rsquo;Ari\u00e8ge, le pr\u00e9sident fran\u00e7ais a qualifi\u00e9 de \u00ab fous \u00bb \u2014 le terme exact qu&rsquo;il a utilis\u00e9 est \u00ab mabouls \u00bb \u2014 ceux qui, en France, r\u00e9clament une rupture avec l&rsquo;Alg\u00e9rie. La d\u00e9claration, aussi br\u00e8ve que directe, est tomb\u00e9e au cours d&rsquo;une discussion informelle avec des m\u00e9decins \u00e9trangers exer\u00e7ant dans les h\u00f4pitaux fran\u00e7ais. Parmi eux, un praticien originaire d&rsquo;Oran. C&rsquo;est pr\u00e9cis\u00e9ment ce m\u00e9decin alg\u00e9rien qui a mis le sujet sur la table, en interpellant le chef de l&rsquo;\u00c9tat sur le r\u00f4le des praticiens \u00e0 dipl\u00f4me \u00e9tranger dans le syst\u00e8me de sant\u00e9 fran\u00e7ais. La r\u00e9ponse de Macron a \u00e9t\u00e9 imm\u00e9diate : \u00ab Allez le dire \u00e0 tous les mabouls qui disent qu&rsquo;il faut se f\u00e2cher avec l&rsquo;Alg\u00e9rie. \u00bb Une formule qui n&rsquo;a rien d&rsquo;anodin dans le contexte actuel.<\/p>\n\n\n\n<p>Car la pique vise un courant bien identifi\u00e9. Sans citer de noms, Macron s&rsquo;en prend aux milieux de droite et d&rsquo;extr\u00eame droite fran\u00e7ais qui, depuis des mois, pr\u00f4nent le bras de fer avec Alger. Le site BFMTV, qui a rapport\u00e9 l&rsquo;\u00e9change, note que le message est adress\u00e9 en particulier \u00e0 Bruno Retailleau, pr\u00e9sident des R\u00e9publicains et ancien ministre de l&rsquo;Int\u00e9rieur, lequel n&rsquo;a jamais cach\u00e9 sa pr\u00e9f\u00e9rence pour une politique de \u00ab fermet\u00e9 \u00bb \u00e0 l&rsquo;\u00e9gard de l&rsquo;Alg\u00e9rie. Il cloue aussi les nostalgiques de l&rsquo;Alg\u00e9rie fran\u00e7aise, qui continuent d&rsquo;alimenter la tension entre les deux rives de la M\u00e9diterran\u00e9e.<\/p>\n\n\n\n<p>Les chiffres qu&rsquo;il a cit\u00e9s ce lundi ancrent son propos dans le r\u00e9el : les Alg\u00e9riens repr\u00e9sentent 36,8 % des m\u00e9decins \u00e0 dipl\u00f4me \u00e9tranger exer\u00e7ant en France, selon les donn\u00e9es 2024 de l&rsquo;Ordre des m\u00e9decins. Loin devant les Tunisiens (12,4 %), les Syriens (9 %) et les Marocains (7,4 %). Macron s&rsquo;est d&rsquo;ailleurs emport\u00e9 contre le traitement qui leur est r\u00e9serv\u00e9 : ces praticiens, qui constituent une part consid\u00e9rable des effectifs hospitaliers, se voient imposer de repasser des concours pour \u00eatre titularis\u00e9s, alors qu&rsquo;ils exercent d\u00e9j\u00e0. \u00ab On a un syst\u00e8me qui marche sur la t\u00eate \u00bb, a-t-il lanc\u00e9.<\/p>\n\n\n\n<p>Les relations entre les deux pays sont dans l&rsquo;impasse depuis juillet 2024, une p\u00e9riode marqu\u00e9e par des \u00e9pisodes de tension \u00e0 r\u00e9p\u00e9tition. Mais depuis quelques semaines, des signaux discrets laissent entrevoir une tentative de d\u00e9gel. Le nouveau ministre fran\u00e7ais de l&rsquo;Int\u00e9rieur, Laurent Nu\u00f1ez, a effectu\u00e9 une visite \u00e0 Alger en f\u00e9vrier dernier, permettant la reprise d&rsquo;une coop\u00e9ration s\u00e9curitaire et migratoire suspendue. Le pr\u00e9sident du Medef, Patrick Martin, vient lui aussi d&rsquo;achever un s\u00e9jour en Alg\u00e9rie. Et la pr\u00e9sidente de l&rsquo;Institut du monde arabe, Anne-Claire Legendre, est attendue prochainement \u00e0 Alger.<\/p>\n\n\n\n<p>Les mots de Macron s&rsquo;inscrivent dans cette logique de r\u00e9engagement prudent. Ils insinuent, en langage politique, que la voie de la confrontation n&rsquo;est pas la sienne, dans l\u2019espoir de renouer le dialogue avec un partenaire qui s\u2019impose comme strat\u00e9gique comme Paris et qui entend asseoir un rapport d\u2019\u00e9gal \u00e0 \u00e9gal.<\/p>\n\n\n\n<p>Hocine Fadheli<\/p>\n","protected":false},"excerpt":{"rendered":"<p>Un m\u00e9decin oranais l&rsquo;a interpell\u00e9 lors d&rsquo;une tourn\u00e9e en Ari\u00e8ge. La r\u00e9ponse du pr\u00e9sident fran\u00e7ais a fait l&rsquo;effet d&rsquo;une gifle<\/p>\n","protected":false},"author":6,"featured_media":45823,"comment_status":"open","ping_status":"closed","sticky":false,"template":"","format":"standard","meta":{"colormag_page_container_layout":"default_layout","colormag_page_sidebar_layout":"default_layout","om_disable_all_campaigns":false,"_monsterinsights_skip_tracking":false,"_monsterinsights_sitenote_active":false,"_monsterinsights_sitenote_note":"","_monsterinsights_sitenote_category":0,"footnotes":"","_wpscppro_dont_share_socialmedia":false,"_wpscppro_custom_social_share_image":0,"_facebook_share_type":"default","_twitter_share_type":"default","_linkedin_share_type":"default","_pinterest_share_type":"default","_linkedin_share_type_page":"","_instagram_share_type":"default","_medium_share_type":"default","_threads_share_type":"default","_google_business_share_type":"default","_selected_social_profile":[],"_wpsp_enable_custom_social_template":false,"_wpsp_social_scheduling":{"enabled":false,"datetime":null,"platforms":[],"status":"template_only","dateOption":"today","timeOption":"now","customDays":"","customHours":"","customDate":"","customTime":"","schedulingType":"absolute"},"_wpsp_active_default_template":true},"categories":[27],"tags":[],"class_list":["post-86584","post","type-post","status-publish","format-standard","has-post-thumbnail","hentry","category-actualite"],"aioseo_notices":[],"yoast_head":"<!-- This site is optimized with the Yoast SEO plugin v27.5 - https:\/\/yoast.com\/product\/yoast-seo-wordpress\/ -->\n<title>Alg\u00e9rie-France\u00a0: Macron traite de \u00ab mabouls\u00bb les partisans de la rupture avec l&rsquo;Alg\u00e9rie - La Sentinelle<\/title>\n<meta name=\"robots\" content=\"index, follow, max-snippet:-1, max-image-preview:large, max-video-preview:-1\" \/>\n<link rel=\"canonical\" href=\"https:\/\/lasentinelle.dz\/index.php\/2026\/04\/27\/algerie-france-macron-traite-de-mabouls-les-partisans-de-la-rupture-avec-lalgerie\/\" \/>\n<meta property=\"og:locale\" content=\"fr_FR\" \/>\n<meta property=\"og:type\" content=\"article\" \/>\n<meta property=\"og:title\" content=\"Alg\u00e9rie-France\u00a0: Macron traite de \u00ab mabouls\u00bb les partisans de la rupture avec l&rsquo;Alg\u00e9rie - La Sentinelle\" \/>\n<meta property=\"og:description\" content=\"Un m\u00e9decin oranais l&rsquo;a interpell\u00e9 lors d&rsquo;une tourn\u00e9e en Ari\u00e8ge. La r\u00e9ponse du pr\u00e9sident fran\u00e7ais a fait l&rsquo;effet d&rsquo;une gifle\" \/>\n<meta property=\"og:url\" content=\"https:\/\/lasentinelle.dz\/index.php\/2026\/04\/27\/algerie-france-macron-traite-de-mabouls-les-partisans-de-la-rupture-avec-lalgerie\/\" \/>\n<meta property=\"og:site_name\" content=\"La Sentinelle\" \/>\n<meta property=\"article:publisher\" content=\"https:\/\/www.facebook.com\/La-Sentinelle-104059864394773\" \/>\n<meta property=\"article:published_time\" content=\"2026-04-27T19:20:21+00:00\" \/>\n<meta property=\"article:modified_time\" content=\"2026-04-27T19:20:25+00:00\" \/>\n<meta property=\"og:image\" content=\"https:\/\/lasentinelle.dz\/wp-content\/uploads\/2023\/09\/macron.jpeg\" \/>\n\t<meta property=\"og:image:width\" content=\"885\" \/>\n\t<meta property=\"og:image:height\" content=\"500\" \/>\n\t<meta property=\"og:image:type\" content=\"image\/jpeg\" \/>\n<meta name=\"author\" content=\"admin\" \/>\n<meta name=\"twitter:card\" content=\"summary_large_image\" \/>\n<meta name=\"twitter:label1\" content=\"\u00c9crit par\" \/>\n\t<meta name=\"twitter:data1\" content=\"admin\" \/>\n\t<meta name=\"twitter:label2\" content=\"Dur\u00e9e de lecture estim\u00e9e\" \/>\n\t<meta name=\"twitter:data2\" content=\"3 minutes\" \/>\n<script type=\"application\/ld+json\" class=\"yoast-schema-graph\">{\"@context\":\"https:\\\/\\\/schema.org\",\"@graph\":[{\"@type\":\"Article\",\"@id\":\"https:\\\/\\\/lasentinelle.dz\\\/index.php\\\/2026\\\/04\\\/27\\\/algerie-france-macron-traite-de-mabouls-les-partisans-de-la-rupture-avec-lalgerie\\\/#article\",\"isPartOf\":{\"@id\":\"https:\\\/\\\/lasentinelle.dz\\\/index.php\\\/2026\\\/04\\\/27\\\/algerie-france-macron-traite-de-mabouls-les-partisans-de-la-rupture-avec-lalgerie\\\/\"},\"author\":{\"name\":\"admin\",\"@id\":\"https:\\\/\\\/lasentinelle.dz\\\/#\\\/schema\\\/person\\\/729ee0024f24e0b8c5ec17232f8e8b41\"},\"headline\":\"Alg\u00e9rie-France\u00a0: Macron traite de \u00ab mabouls\u00bb les partisans de la rupture avec l&rsquo;Alg\u00e9rie\",\"datePublished\":\"2026-04-27T19:20:21+00:00\",\"dateModified\":\"2026-04-27T19:20:25+00:00\",\"mainEntityOfPage\":{\"@id\":\"https:\\\/\\\/lasentinelle.dz\\\/index.php\\\/2026\\\/04\\\/27\\\/algerie-france-macron-traite-de-mabouls-les-partisans-de-la-rupture-avec-lalgerie\\\/\"},\"wordCount\":606,\"commentCount\":0,\"publisher\":{\"@id\":\"https:\\\/\\\/lasentinelle.dz\\\/#organization\"},\"image\":{\"@id\":\"https:\\\/\\\/lasentinelle.dz\\\/index.php\\\/2026\\\/04\\\/27\\\/algerie-france-macron-traite-de-mabouls-les-partisans-de-la-rupture-avec-lalgerie\\\/#primaryimage\"},\"thumbnailUrl\":\"https:\\\/\\\/lasentinelle.dz\\\/wp-content\\\/uploads\\\/2023\\\/09\\\/macron.jpeg\",\"articleSection\":[\"Actualit\u00e9\"],\"inLanguage\":\"fr-FR\",\"potentialAction\":[{\"@type\":\"CommentAction\",\"name\":\"Comment\",\"target\":[\"https:\\\/\\\/lasentinelle.dz\\\/index.php\\\/2026\\\/04\\\/27\\\/algerie-france-macron-traite-de-mabouls-les-partisans-de-la-rupture-avec-lalgerie\\\/#respond\"]}]},{\"@type\":\"WebPage\",\"@id\":\"https:\\\/\\\/lasentinelle.dz\\\/index.php\\\/2026\\\/04\\\/27\\\/algerie-france-macron-traite-de-mabouls-les-partisans-de-la-rupture-avec-lalgerie\\\/\",\"url\":\"https:\\\/\\\/lasentinelle.dz\\\/index.php\\\/2026\\\/04\\\/27\\\/algerie-france-macron-traite-de-mabouls-les-partisans-de-la-rupture-avec-lalgerie\\\/\",\"name\":\"Alg\u00e9rie-France\u00a0: Macron traite de \u00ab mabouls\u00bb les partisans de la rupture avec l&rsquo;Alg\u00e9rie - La Sentinelle\",\"isPartOf\":{\"@id\":\"https:\\\/\\\/lasentinelle.dz\\\/#website\"},\"primaryImageOfPage\":{\"@id\":\"https:\\\/\\\/lasentinelle.dz\\\/index.php\\\/2026\\\/04\\\/27\\\/algerie-france-macron-traite-de-mabouls-les-partisans-de-la-rupture-avec-lalgerie\\\/#primaryimage\"},\"image\":{\"@id\":\"https:\\\/\\\/lasentinelle.dz\\\/index.php\\\/2026\\\/04\\\/27\\\/algerie-france-macron-traite-de-mabouls-les-partisans-de-la-rupture-avec-lalgerie\\\/#primaryimage\"},\"thumbnailUrl\":\"https:\\\/\\\/lasentinelle.dz\\\/wp-content\\\/uploads\\\/2023\\\/09\\\/macron.jpeg\",\"datePublished\":\"2026-04-27T19:20:21+00:00\",\"dateModified\":\"2026-04-27T19:20:25+00:00\",\"breadcrumb\":{\"@id\":\"https:\\\/\\\/lasentinelle.dz\\\/index.php\\\/2026\\\/04\\\/27\\\/algerie-france-macron-traite-de-mabouls-les-partisans-de-la-rupture-avec-lalgerie\\\/#breadcrumb\"},\"inLanguage\":\"fr-FR\",\"potentialAction\":[{\"@type\":\"ReadAction\",\"target\":[\"https:\\\/\\\/lasentinelle.dz\\\/index.php\\\/2026\\\/04\\\/27\\\/algerie-france-macron-traite-de-mabouls-les-partisans-de-la-rupture-avec-lalgerie\\\/\"]}]},{\"@type\":\"ImageObject\",\"inLanguage\":\"fr-FR\",\"@id\":\"https:\\\/\\\/lasentinelle.dz\\\/index.php\\\/2026\\\/04\\\/27\\\/algerie-france-macron-traite-de-mabouls-les-partisans-de-la-rupture-avec-lalgerie\\\/#primaryimage\",\"url\":\"https:\\\/\\\/lasentinelle.dz\\\/wp-content\\\/uploads\\\/2023\\\/09\\\/macron.jpeg\",\"contentUrl\":\"https:\\\/\\\/lasentinelle.dz\\\/wp-content\\\/uploads\\\/2023\\\/09\\\/macron.jpeg\",\"width\":885,\"height\":500,\"caption\":\"@ Pool\\\/ Jean-Baptiste Autissier\\\/Maxppp, France, paris, 2023\\\/07\\\/21 Emmanuel Macron et ses ministres - Premier conseil des ministres du vendredi 21 juillet 2023 au Palais de l'Elysee a\u00a0 Paris, a\u00a0 l'issue du remaniement ministeriel - Paris, France, july 21st 2023. First weekly cabinet meeting of the ElisabethBorne's government resufflued, with news ministers (MaxPPP TagID: maxnewsworldsix019138.jpg) [Photo via MaxPPP]\"},{\"@type\":\"BreadcrumbList\",\"@id\":\"https:\\\/\\\/lasentinelle.dz\\\/index.php\\\/2026\\\/04\\\/27\\\/algerie-france-macron-traite-de-mabouls-les-partisans-de-la-rupture-avec-lalgerie\\\/#breadcrumb\",\"itemListElement\":[{\"@type\":\"ListItem\",\"position\":1,\"name\":\"Accueil\",\"item\":\"https:\\\/\\\/lasentinelle.dz\\\/\"},{\"@type\":\"ListItem\",\"position\":2,\"name\":\"Alg\u00e9rie-France\u00a0: Macron traite de \u00ab mabouls\u00bb les partisans de la rupture avec l&rsquo;Alg\u00e9rie\"}]},{\"@type\":\"WebSite\",\"@id\":\"https:\\\/\\\/lasentinelle.dz\\\/#website\",\"url\":\"https:\\\/\\\/lasentinelle.dz\\\/\",\"name\":\"La Sentinelle\",\"description\":\"Quotidien national d&#039;information\",\"publisher\":{\"@id\":\"https:\\\/\\\/lasentinelle.dz\\\/#organization\"},\"potentialAction\":[{\"@type\":\"SearchAction\",\"target\":{\"@type\":\"EntryPoint\",\"urlTemplate\":\"https:\\\/\\\/lasentinelle.dz\\\/?s={search_term_string}\"},\"query-input\":{\"@type\":\"PropertyValueSpecification\",\"valueRequired\":true,\"valueName\":\"search_term_string\"}}],\"inLanguage\":\"fr-FR\"},{\"@type\":\"Organization\",\"@id\":\"https:\\\/\\\/lasentinelle.dz\\\/#organization\",\"name\":\"Quotidien La Sentinelle\",\"url\":\"https:\\\/\\\/lasentinelle.dz\\\/\",\"logo\":{\"@type\":\"ImageObject\",\"inLanguage\":\"fr-FR\",\"@id\":\"https:\\\/\\\/lasentinelle.dz\\\/#\\\/schema\\\/logo\\\/image\\\/\",\"url\":\"https:\\\/\\\/lasentinelle.dz\\\/wp-content\\\/uploads\\\/2021\\\/09\\\/logo-sentinelleSLOGAN-1.png\",\"contentUrl\":\"https:\\\/\\\/lasentinelle.dz\\\/wp-content\\\/uploads\\\/2021\\\/09\\\/logo-sentinelleSLOGAN-1.png\",\"width\":615,\"height\":142,\"caption\":\"Quotidien La Sentinelle\"},\"image\":{\"@id\":\"https:\\\/\\\/lasentinelle.dz\\\/#\\\/schema\\\/logo\\\/image\\\/\"},\"sameAs\":[\"https:\\\/\\\/www.facebook.com\\\/La-Sentinelle-104059864394773\"]},{\"@type\":\"Person\",\"@id\":\"https:\\\/\\\/lasentinelle.dz\\\/#\\\/schema\\\/person\\\/729ee0024f24e0b8c5ec17232f8e8b41\",\"name\":\"admin\",\"image\":{\"@type\":\"ImageObject\",\"inLanguage\":\"fr-FR\",\"@id\":\"https:\\\/\\\/secure.gravatar.com\\\/avatar\\\/4c81fed838786e9b53f540bf46533e750f5d292099ae3b66cfc6fb1982e29df7?s=96&d=mm&r=g\",\"url\":\"https:\\\/\\\/secure.gravatar.com\\\/avatar\\\/4c81fed838786e9b53f540bf46533e750f5d292099ae3b66cfc6fb1982e29df7?s=96&d=mm&r=g\",\"contentUrl\":\"https:\\\/\\\/secure.gravatar.com\\\/avatar\\\/4c81fed838786e9b53f540bf46533e750f5d292099ae3b66cfc6fb1982e29df7?s=96&d=mm&r=g\",\"caption\":\"admin\"},\"description\":\"admin\",\"url\":\"https:\\\/\\\/lasentinelle.dz\\\/author\\\/admin\\\/\"}]}<\/script>\n<!-- \/ Yoast SEO plugin. -->","yoast_head_json":{"title":"Alg\u00e9rie-France\u00a0: Macron traite de \u00ab mabouls\u00bb les partisans de la rupture avec l&rsquo;Alg\u00e9rie - La Sentinelle","robots":{"index":"index","follow":"follow","max-snippet":"max-snippet:-1","max-image-preview":"max-image-preview:large","max-video-preview":"max-video-preview:-1"},"canonical":"https:\/\/lasentinelle.dz\/index.php\/2026\/04\/27\/algerie-france-macron-traite-de-mabouls-les-partisans-de-la-rupture-avec-lalgerie\/","og_locale":"fr_FR","og_type":"article","og_title":"Alg\u00e9rie-France\u00a0: Macron traite de \u00ab mabouls\u00bb les partisans de la rupture avec l&rsquo;Alg\u00e9rie - La Sentinelle","og_description":"Un m\u00e9decin oranais l&rsquo;a interpell\u00e9 lors d&rsquo;une tourn\u00e9e en Ari\u00e8ge. La r\u00e9ponse du pr\u00e9sident fran\u00e7ais a fait l&rsquo;effet d&rsquo;une gifle","og_url":"https:\/\/lasentinelle.dz\/index.php\/2026\/04\/27\/algerie-france-macron-traite-de-mabouls-les-partisans-de-la-rupture-avec-lalgerie\/","og_site_name":"La Sentinelle","article_publisher":"https:\/\/www.facebook.com\/La-Sentinelle-104059864394773","article_published_time":"2026-04-27T19:20:21+00:00","article_modified_time":"2026-04-27T19:20:25+00:00","og_image":[{"width":885,"height":500,"url":"https:\/\/lasentinelle.dz\/wp-content\/uploads\/2023\/09\/macron.jpeg","type":"image\/jpeg"}],"author":"admin","twitter_card":"summary_large_image","twitter_misc":{"\u00c9crit par":"admin","Dur\u00e9e de lecture estim\u00e9e":"3 minutes"},"schema":{"@context":"https:\/\/schema.org","@graph":[{"@type":"Article","@id":"https:\/\/lasentinelle.dz\/index.php\/2026\/04\/27\/algerie-france-macron-traite-de-mabouls-les-partisans-de-la-rupture-avec-lalgerie\/#article","isPartOf":{"@id":"https:\/\/lasentinelle.dz\/index.php\/2026\/04\/27\/algerie-france-macron-traite-de-mabouls-les-partisans-de-la-rupture-avec-lalgerie\/"},"author":{"name":"admin","@id":"https:\/\/lasentinelle.dz\/#\/schema\/person\/729ee0024f24e0b8c5ec17232f8e8b41"},"headline":"Alg\u00e9rie-France\u00a0: Macron traite de \u00ab mabouls\u00bb les partisans de la rupture avec l&rsquo;Alg\u00e9rie","datePublished":"2026-04-27T19:20:21+00:00","dateModified":"2026-04-27T19:20:25+00:00","mainEntityOfPage":{"@id":"https:\/\/lasentinelle.dz\/index.php\/2026\/04\/27\/algerie-france-macron-traite-de-mabouls-les-partisans-de-la-rupture-avec-lalgerie\/"},"wordCount":606,"commentCount":0,"publisher":{"@id":"https:\/\/lasentinelle.dz\/#organization"},"image":{"@id":"https:\/\/lasentinelle.dz\/index.php\/2026\/04\/27\/algerie-france-macron-traite-de-mabouls-les-partisans-de-la-rupture-avec-lalgerie\/#primaryimage"},"thumbnailUrl":"https:\/\/lasentinelle.dz\/wp-content\/uploads\/2023\/09\/macron.jpeg","articleSection":["Actualit\u00e9"],"inLanguage":"fr-FR","potentialAction":[{"@type":"CommentAction","name":"Comment","target":["https:\/\/lasentinelle.dz\/index.php\/2026\/04\/27\/algerie-france-macron-traite-de-mabouls-les-partisans-de-la-rupture-avec-lalgerie\/#respond"]}]},{"@type":"WebPage","@id":"https:\/\/lasentinelle.dz\/index.php\/2026\/04\/27\/algerie-france-macron-traite-de-mabouls-les-partisans-de-la-rupture-avec-lalgerie\/","url":"https:\/\/lasentinelle.dz\/index.php\/2026\/04\/27\/algerie-france-macron-traite-de-mabouls-les-partisans-de-la-rupture-avec-lalgerie\/","name":"Alg\u00e9rie-France\u00a0: Macron traite de \u00ab mabouls\u00bb les partisans de la rupture avec l&rsquo;Alg\u00e9rie - La Sentinelle","isPartOf":{"@id":"https:\/\/lasentinelle.dz\/#website"},"primaryImageOfPage":{"@id":"https:\/\/lasentinelle.dz\/index.php\/2026\/04\/27\/algerie-france-macron-traite-de-mabouls-les-partisans-de-la-rupture-avec-lalgerie\/#primaryimage"},"image":{"@id":"https:\/\/lasentinelle.dz\/index.php\/2026\/04\/27\/algerie-france-macron-traite-de-mabouls-les-partisans-de-la-rupture-avec-lalgerie\/#primaryimage"},"thumbnailUrl":"https:\/\/lasentinelle.dz\/wp-content\/uploads\/2023\/09\/macron.jpeg","datePublished":"2026-04-27T19:20:21+00:00","dateModified":"2026-04-27T19:20:25+00:00","breadcrumb":{"@id":"https:\/\/lasentinelle.dz\/index.php\/2026\/04\/27\/algerie-france-macron-traite-de-mabouls-les-partisans-de-la-rupture-avec-lalgerie\/#breadcrumb"},"inLanguage":"fr-FR","potentialAction":[{"@type":"ReadAction","target":["https:\/\/lasentinelle.dz\/index.php\/2026\/04\/27\/algerie-france-macron-traite-de-mabouls-les-partisans-de-la-rupture-avec-lalgerie\/"]}]},{"@type":"ImageObject","inLanguage":"fr-FR","@id":"https:\/\/lasentinelle.dz\/index.php\/2026\/04\/27\/algerie-france-macron-traite-de-mabouls-les-partisans-de-la-rupture-avec-lalgerie\/#primaryimage","url":"https:\/\/lasentinelle.dz\/wp-content\/uploads\/2023\/09\/macron.jpeg","contentUrl":"https:\/\/lasentinelle.dz\/wp-content\/uploads\/2023\/09\/macron.jpeg","width":885,"height":500,"caption":"@ Pool\/ Jean-Baptiste Autissier\/Maxppp, France, paris, 2023\/07\/21 Emmanuel Macron et ses ministres - Premier conseil des ministres du vendredi 21 juillet 2023 au Palais de l'Elysee a\u00a0 Paris, a\u00a0 l'issue du remaniement ministeriel - Paris, France, july 21st 2023. First weekly cabinet meeting of the ElisabethBorne's government resufflued, with news ministers (MaxPPP TagID: maxnewsworldsix019138.jpg) [Photo via MaxPPP]"},{"@type":"BreadcrumbList","@id":"https:\/\/lasentinelle.dz\/index.php\/2026\/04\/27\/algerie-france-macron-traite-de-mabouls-les-partisans-de-la-rupture-avec-lalgerie\/#breadcrumb","itemListElement":[{"@type":"ListItem","position":1,"name":"Accueil","item":"https:\/\/lasentinelle.dz\/"},{"@type":"ListItem","position":2,"name":"Alg\u00e9rie-France\u00a0: Macron traite de \u00ab mabouls\u00bb les partisans de la rupture avec l&rsquo;Alg\u00e9rie"}]},{"@type":"WebSite","@id":"https:\/\/lasentinelle.dz\/#website","url":"https:\/\/lasentinelle.dz\/","name":"La Sentinelle","description":"Quotidien national d&#039;information","publisher":{"@id":"https:\/\/lasentinelle.dz\/#organization"},"potentialAction":[{"@type":"SearchAction","target":{"@type":"EntryPoint","urlTemplate":"https:\/\/lasentinelle.dz\/?s={search_term_string}"},"query-input":{"@type":"PropertyValueSpecification","valueRequired":true,"valueName":"search_term_string"}}],"inLanguage":"fr-FR"},{"@type":"Organization","@id":"https:\/\/lasentinelle.dz\/#organization","name":"Quotidien La Sentinelle","url":"https:\/\/lasentinelle.dz\/","logo":{"@type":"ImageObject","inLanguage":"fr-FR","@id":"https:\/\/lasentinelle.dz\/#\/schema\/logo\/image\/","url":"https:\/\/lasentinelle.dz\/wp-content\/uploads\/2021\/09\/logo-sentinelleSLOGAN-1.png","contentUrl":"https:\/\/lasentinelle.dz\/wp-content\/uploads\/2021\/09\/logo-sentinelleSLOGAN-1.png","width":615,"height":142,"caption":"Quotidien La Sentinelle"},"image":{"@id":"https:\/\/lasentinelle.dz\/#\/schema\/logo\/image\/"},"sameAs":["https:\/\/www.facebook.com\/La-Sentinelle-104059864394773"]},{"@type":"Person","@id":"https:\/\/lasentinelle.dz\/#\/schema\/person\/729ee0024f24e0b8c5ec17232f8e8b41","name":"admin","image":{"@type":"ImageObject","inLanguage":"fr-FR","@id":"https:\/\/secure.gravatar.com\/avatar\/4c81fed838786e9b53f540bf46533e750f5d292099ae3b66cfc6fb1982e29df7?s=96&d=mm&r=g","url":"https:\/\/secure.gravatar.com\/avatar\/4c81fed838786e9b53f540bf46533e750f5d292099ae3b66cfc6fb1982e29df7?s=96&d=mm&r=g","contentUrl":"https:\/\/secure.gravatar.com\/avatar\/4c81fed838786e9b53f540bf46533e750f5d292099ae3b66cfc6fb1982e29df7?s=96&d=mm&r=g","caption":"admin"},"description":"admin","url":"https:\/\/lasentinelle.dz\/author\/admin\/"}]}},"_links":{"self":[{"href":"https:\/\/lasentinelle.dz\/index.php\/wp-json\/wp\/v2\/posts\/86584","targetHints":{"allow":["GET"]}}],"collection":[{"href":"https:\/\/lasentinelle.dz\/index.php\/wp-json\/wp\/v2\/posts"}],"about":[{"href":"https:\/\/lasentinelle.dz\/index.php\/wp-json\/wp\/v2\/types\/post"}],"author":[{"embeddable":true,"href":"https:\/\/lasentinelle.dz\/index.php\/wp-json\/wp\/v2\/users\/6"}],"replies":[{"embeddable":true,"href":"https:\/\/lasentinelle.dz\/index.php\/wp-json\/wp\/v2\/comments?post=86584"}],"version-history":[{"count":2,"href":"https:\/\/lasentinelle.dz\/index.php\/wp-json\/wp\/v2\/posts\/86584\/revisions"}],"predecessor-version":[{"id":86586,"href":"https:\/\/lasentinelle.dz\/index.php\/wp-json\/wp\/v2\/posts\/86584\/revisions\/86586"}],"wp:featuredmedia":[{"embeddable":true,"href":"https:\/\/lasentinelle.dz\/index.php\/wp-json\/wp\/v2\/media\/45823"}],"wp:attachment":[{"href":"https:\/\/lasentinelle.dz\/index.php\/wp-json\/wp\/v2\/media?parent=86584"}],"wp:term":[{"taxonomy":"category","embeddable":true,"href":"https:\/\/lasentinelle.dz\/index.php\/wp-json\/wp\/v2\/categories?post=86584"},{"taxonomy":"post_tag","embeddable":true,"href":"https:\/\/lasentinelle.dz\/index.php\/wp-json\/wp\/v2\/tags?post=86584"}],"curies":[{"name":"wp","href":"https:\/\/api.w.org\/{rel}","templated":true}]}}