{"id":86587,"date":"2026-04-27T20:21:49","date_gmt":"2026-04-27T19:21:49","guid":{"rendered":"https:\/\/lasentinelle.dz\/?p=86587"},"modified":"2026-04-27T20:21:52","modified_gmt":"2026-04-27T19:21:52","slug":"attaf-recoit-son-homologue-bosnien-le-renforcement-de-la-cooperation-bilaterale-au-coeur-des-discussions","status":"publish","type":"post","link":"https:\/\/lasentinelle.dz\/index.php\/2026\/04\/27\/attaf-recoit-son-homologue-bosnien-le-renforcement-de-la-cooperation-bilaterale-au-coeur-des-discussions\/","title":{"rendered":"Attaf re\u00e7oit son homologue bosnien\u00a0: Le renforcement de la coop\u00e9ration bilat\u00e9rale au c\u0153ur des discussions"},"content":{"rendered":"\n<p>Le ministre d&rsquo;Etat, ministre des Affaires \u00e9trang\u00e8res, de la Communaut\u00e9 nationale \u00e0 l&rsquo;\u00e9tranger et des Affaires africaines, M. Ahmed Attaf, a re\u00e7u lundi, au si\u00e8ge du minist\u00e8re, le ministre des Affaires \u00e9trang\u00e8res de la Bosnie-Herz\u00e9govine, M. Elmedin Konakovic, en visite officielle en Alg\u00e9rie, a indiqu\u00e9 un communiqu\u00e9 du minist\u00e8re. A cette occasion, le ministre d&rsquo;Etat s&rsquo;est entretenu en t\u00eate \u00e0 t\u00eate avec son homologue bosnien, avant de tenir une s\u00e9ance de travail \u00e9largie aux membres des d\u00e9l\u00e9gations des deux pays, pr\u00e9cise le communiqu\u00e9. Les entretiens entre les deux ministres ont permis de \u00ab\u00a0passer en revue l&rsquo;\u00e9tat actuel des relations entre l&rsquo;Alg\u00e9rie et la Bosnie-Herz\u00e9govine et d&rsquo;explorer les moyens de les renforcer en tenant compte des atouts compl\u00e9mentaires des deux pays, que ce soit dans des domaines \u00e9conomiques tels que l&rsquo;\u00e9nergie, les mines, l&rsquo;industrie, la pharmacie et l&rsquo;agriculture, ou dans des domaines \u00e0 dimension humaine comme l&rsquo;enseignement sup\u00e9rieur, le tourisme et les m\u00e9dias\u00a0\u00bb. Dans ce cadre, les deux parties sont convenues de \u00ab\u00a0renforcer le cadre institutionnel des relations bilat\u00e9rales par la cr\u00e9ation d&rsquo;une commission gouvernementale commune et d&rsquo;un conseil d&rsquo;affaires conjoint\u00a0\u00bb, selon le m\u00eame communiqu\u00e9. Sur le plan multilat\u00e9ral, \u00ab\u00a0les deux ministres ont examin\u00e9 les questions internationales et r\u00e9gionales d&rsquo;int\u00e9r\u00eat commun, notamment l&rsquo;escalade au Moyen-Orient et les d\u00e9veloppements de la situation en Ukraine, ainsi que les r\u00e9cents d\u00e9veloppements dans les r\u00e9gions d&rsquo;appartenance des deux pays, \u00e0 savoir les Balkans et le Sahel, ajoute le communiqu\u00e9. Au terme des entretiens, les deux ministres ont sign\u00e9 un accord bilat\u00e9ral relatif \u00e0 la coop\u00e9ration en mati\u00e8re de formation diplomatique.<\/p>\n\n\n\n<p>APS<\/p>\n","protected":false},"excerpt":{"rendered":"<p>Le ministre d&rsquo;Etat, ministre des Affaires \u00e9trang\u00e8res, de la Communaut\u00e9 nationale \u00e0 l&rsquo;\u00e9tranger et des Affaires africaines, M. Ahmed Attaf,<\/p>\n","protected":false},"author":6,"featured_media":86588,"comment_status":"open","ping_status":"closed","sticky":false,"template":"","format":"standard","meta":{"colormag_page_container_layout":"default_layout","colormag_page_sidebar_layout":"default_layout","om_disable_all_campaigns":false,"_monsterinsights_skip_tracking":false,"_monsterinsights_sitenote_active":false,"_monsterinsights_sitenote_note":"","_monsterinsights_sitenote_category":0,"footnotes":"","_wpscppro_dont_share_socialmedia":false,"_wpscppro_custom_social_share_image":0,"_facebook_share_type":"default","_twitter_share_type":"default","_linkedin_share_type":"default","_pinterest_share_type":"default","_linkedin_share_type_page":"","_instagram_share_type":"default","_medium_share_type":"default","_threads_share_type":"default","_google_business_share_type":"default","_selected_social_profile":[],"_wpsp_enable_custom_social_template":false,"_wpsp_social_scheduling":{"enabled":false,"datetime":null,"platforms":[],"status":"template_only","dateOption":"today","timeOption":"now","customDays":"","customHours":"","customDate":"","customTime":"","schedulingType":"absolute"},"_wpsp_active_default_template":true},"categories":[27],"tags":[],"class_list":["post-86587","post","type-post","status-publish","format-standard","has-post-thumbnail","hentry","category-actualite"],"aioseo_notices":[],"yoast_head":"<!-- This site is optimized with the Yoast SEO plugin v27.5 - https:\/\/yoast.com\/product\/yoast-seo-wordpress\/ -->\n<title>Attaf re\u00e7oit son homologue bosnien\u00a0: Le renforcement de la coop\u00e9ration bilat\u00e9rale au c\u0153ur des discussions - La Sentinelle<\/title>\n<meta name=\"robots\" content=\"index, follow, max-snippet:-1, max-image-preview:large, max-video-preview:-1\" \/>\n<link rel=\"canonical\" href=\"https:\/\/lasentinelle.dz\/index.php\/2026\/04\/27\/attaf-recoit-son-homologue-bosnien-le-renforcement-de-la-cooperation-bilaterale-au-coeur-des-discussions\/\" \/>\n<meta property=\"og:locale\" content=\"fr_FR\" \/>\n<meta property=\"og:type\" content=\"article\" \/>\n<meta property=\"og:title\" content=\"Attaf re\u00e7oit son homologue bosnien\u00a0: Le renforcement de la coop\u00e9ration bilat\u00e9rale au c\u0153ur des discussions - La Sentinelle\" \/>\n<meta property=\"og:description\" content=\"Le ministre d&rsquo;Etat, ministre des Affaires \u00e9trang\u00e8res, de la Communaut\u00e9 nationale \u00e0 l&rsquo;\u00e9tranger et des Affaires africaines, M. Ahmed Attaf,\" \/>\n<meta property=\"og:url\" content=\"https:\/\/lasentinelle.dz\/index.php\/2026\/04\/27\/attaf-recoit-son-homologue-bosnien-le-renforcement-de-la-cooperation-bilaterale-au-coeur-des-discussions\/\" \/>\n<meta property=\"og:site_name\" content=\"La Sentinelle\" \/>\n<meta property=\"article:publisher\" content=\"https:\/\/www.facebook.com\/La-Sentinelle-104059864394773\" \/>\n<meta property=\"article:published_time\" content=\"2026-04-27T19:21:49+00:00\" \/>\n<meta property=\"article:modified_time\" content=\"2026-04-27T19:21:52+00:00\" \/>\n<meta property=\"og:image\" content=\"https:\/\/lasentinelle.dz\/wp-content\/uploads\/2026\/04\/682369539_1271432505137780_7405450504155357246_n.jpg\" \/>\n\t<meta property=\"og:image:width\" content=\"2048\" \/>\n\t<meta property=\"og:image:height\" content=\"1365\" \/>\n\t<meta property=\"og:image:type\" content=\"image\/jpeg\" \/>\n<meta name=\"author\" content=\"admin\" \/>\n<meta name=\"twitter:card\" content=\"summary_large_image\" \/>\n<meta name=\"twitter:label1\" content=\"\u00c9crit par\" \/>\n\t<meta name=\"twitter:data1\" content=\"admin\" \/>\n\t<meta name=\"twitter:label2\" content=\"Dur\u00e9e de lecture estim\u00e9e\" \/>\n\t<meta name=\"twitter:data2\" content=\"2 minutes\" \/>\n<script type=\"application\/ld+json\" class=\"yoast-schema-graph\">{\"@context\":\"https:\\\/\\\/schema.org\",\"@graph\":[{\"@type\":\"Article\",\"@id\":\"https:\\\/\\\/lasentinelle.dz\\\/index.php\\\/2026\\\/04\\\/27\\\/attaf-recoit-son-homologue-bosnien-le-renforcement-de-la-cooperation-bilaterale-au-coeur-des-discussions\\\/#article\",\"isPartOf\":{\"@id\":\"https:\\\/\\\/lasentinelle.dz\\\/index.php\\\/2026\\\/04\\\/27\\\/attaf-recoit-son-homologue-bosnien-le-renforcement-de-la-cooperation-bilaterale-au-coeur-des-discussions\\\/\"},\"author\":{\"name\":\"admin\",\"@id\":\"https:\\\/\\\/lasentinelle.dz\\\/#\\\/schema\\\/person\\\/729ee0024f24e0b8c5ec17232f8e8b41\"},\"headline\":\"Attaf re\u00e7oit son homologue bosnien\u00a0: Le renforcement de la coop\u00e9ration bilat\u00e9rale au c\u0153ur des discussions\",\"datePublished\":\"2026-04-27T19:21:49+00:00\",\"dateModified\":\"2026-04-27T19:21:52+00:00\",\"mainEntityOfPage\":{\"@id\":\"https:\\\/\\\/lasentinelle.dz\\\/index.php\\\/2026\\\/04\\\/27\\\/attaf-recoit-son-homologue-bosnien-le-renforcement-de-la-cooperation-bilaterale-au-coeur-des-discussions\\\/\"},\"wordCount\":320,\"commentCount\":0,\"publisher\":{\"@id\":\"https:\\\/\\\/lasentinelle.dz\\\/#organization\"},\"image\":{\"@id\":\"https:\\\/\\\/lasentinelle.dz\\\/index.php\\\/2026\\\/04\\\/27\\\/attaf-recoit-son-homologue-bosnien-le-renforcement-de-la-cooperation-bilaterale-au-coeur-des-discussions\\\/#primaryimage\"},\"thumbnailUrl\":\"https:\\\/\\\/lasentinelle.dz\\\/wp-content\\\/uploads\\\/2026\\\/04\\\/682369539_1271432505137780_7405450504155357246_n.jpg\",\"articleSection\":[\"Actualit\u00e9\"],\"inLanguage\":\"fr-FR\",\"potentialAction\":[{\"@type\":\"CommentAction\",\"name\":\"Comment\",\"target\":[\"https:\\\/\\\/lasentinelle.dz\\\/index.php\\\/2026\\\/04\\\/27\\\/attaf-recoit-son-homologue-bosnien-le-renforcement-de-la-cooperation-bilaterale-au-coeur-des-discussions\\\/#respond\"]}]},{\"@type\":\"WebPage\",\"@id\":\"https:\\\/\\\/lasentinelle.dz\\\/index.php\\\/2026\\\/04\\\/27\\\/attaf-recoit-son-homologue-bosnien-le-renforcement-de-la-cooperation-bilaterale-au-coeur-des-discussions\\\/\",\"url\":\"https:\\\/\\\/lasentinelle.dz\\\/index.php\\\/2026\\\/04\\\/27\\\/attaf-recoit-son-homologue-bosnien-le-renforcement-de-la-cooperation-bilaterale-au-coeur-des-discussions\\\/\",\"name\":\"Attaf re\u00e7oit son homologue bosnien\u00a0: Le renforcement de la coop\u00e9ration bilat\u00e9rale au c\u0153ur des discussions - La Sentinelle\",\"isPartOf\":{\"@id\":\"https:\\\/\\\/lasentinelle.dz\\\/#website\"},\"primaryImageOfPage\":{\"@id\":\"https:\\\/\\\/lasentinelle.dz\\\/index.php\\\/2026\\\/04\\\/27\\\/attaf-recoit-son-homologue-bosnien-le-renforcement-de-la-cooperation-bilaterale-au-coeur-des-discussions\\\/#primaryimage\"},\"image\":{\"@id\":\"https:\\\/\\\/lasentinelle.dz\\\/index.php\\\/2026\\\/04\\\/27\\\/attaf-recoit-son-homologue-bosnien-le-renforcement-de-la-cooperation-bilaterale-au-coeur-des-discussions\\\/#primaryimage\"},\"thumbnailUrl\":\"https:\\\/\\\/lasentinelle.dz\\\/wp-content\\\/uploads\\\/2026\\\/04\\\/682369539_1271432505137780_7405450504155357246_n.jpg\",\"datePublished\":\"2026-04-27T19:21:49+00:00\",\"dateModified\":\"2026-04-27T19:21:52+00:00\",\"breadcrumb\":{\"@id\":\"https:\\\/\\\/lasentinelle.dz\\\/index.php\\\/2026\\\/04\\\/27\\\/attaf-recoit-son-homologue-bosnien-le-renforcement-de-la-cooperation-bilaterale-au-coeur-des-discussions\\\/#breadcrumb\"},\"inLanguage\":\"fr-FR\",\"potentialAction\":[{\"@type\":\"ReadAction\",\"target\":[\"https:\\\/\\\/lasentinelle.dz\\\/index.php\\\/2026\\\/04\\\/27\\\/attaf-recoit-son-homologue-bosnien-le-renforcement-de-la-cooperation-bilaterale-au-coeur-des-discussions\\\/\"]}]},{\"@type\":\"ImageObject\",\"inLanguage\":\"fr-FR\",\"@id\":\"https:\\\/\\\/lasentinelle.dz\\\/index.php\\\/2026\\\/04\\\/27\\\/attaf-recoit-son-homologue-bosnien-le-renforcement-de-la-cooperation-bilaterale-au-coeur-des-discussions\\\/#primaryimage\",\"url\":\"https:\\\/\\\/lasentinelle.dz\\\/wp-content\\\/uploads\\\/2026\\\/04\\\/682369539_1271432505137780_7405450504155357246_n.jpg\",\"contentUrl\":\"https:\\\/\\\/lasentinelle.dz\\\/wp-content\\\/uploads\\\/2026\\\/04\\\/682369539_1271432505137780_7405450504155357246_n.jpg\",\"width\":2048,\"height\":1365},{\"@type\":\"BreadcrumbList\",\"@id\":\"https:\\\/\\\/lasentinelle.dz\\\/index.php\\\/2026\\\/04\\\/27\\\/attaf-recoit-son-homologue-bosnien-le-renforcement-de-la-cooperation-bilaterale-au-coeur-des-discussions\\\/#breadcrumb\",\"itemListElement\":[{\"@type\":\"ListItem\",\"position\":1,\"name\":\"Accueil\",\"item\":\"https:\\\/\\\/lasentinelle.dz\\\/\"},{\"@type\":\"ListItem\",\"position\":2,\"name\":\"Attaf re\u00e7oit son homologue bosnien\u00a0: Le renforcement de la coop\u00e9ration bilat\u00e9rale au c\u0153ur des discussions\"}]},{\"@type\":\"WebSite\",\"@id\":\"https:\\\/\\\/lasentinelle.dz\\\/#website\",\"url\":\"https:\\\/\\\/lasentinelle.dz\\\/\",\"name\":\"La Sentinelle\",\"description\":\"Quotidien national d&#039;information\",\"publisher\":{\"@id\":\"https:\\\/\\\/lasentinelle.dz\\\/#organization\"},\"potentialAction\":[{\"@type\":\"SearchAction\",\"target\":{\"@type\":\"EntryPoint\",\"urlTemplate\":\"https:\\\/\\\/lasentinelle.dz\\\/?s={search_term_string}\"},\"query-input\":{\"@type\":\"PropertyValueSpecification\",\"valueRequired\":true,\"valueName\":\"search_term_string\"}}],\"inLanguage\":\"fr-FR\"},{\"@type\":\"Organization\",\"@id\":\"https:\\\/\\\/lasentinelle.dz\\\/#organization\",\"name\":\"Quotidien La Sentinelle\",\"url\":\"https:\\\/\\\/lasentinelle.dz\\\/\",\"logo\":{\"@type\":\"ImageObject\",\"inLanguage\":\"fr-FR\",\"@id\":\"https:\\\/\\\/lasentinelle.dz\\\/#\\\/schema\\\/logo\\\/image\\\/\",\"url\":\"https:\\\/\\\/lasentinelle.dz\\\/wp-content\\\/uploads\\\/2021\\\/09\\\/logo-sentinelleSLOGAN-1.png\",\"contentUrl\":\"https:\\\/\\\/lasentinelle.dz\\\/wp-content\\\/uploads\\\/2021\\\/09\\\/logo-sentinelleSLOGAN-1.png\",\"width\":615,\"height\":142,\"caption\":\"Quotidien La Sentinelle\"},\"image\":{\"@id\":\"https:\\\/\\\/lasentinelle.dz\\\/#\\\/schema\\\/logo\\\/image\\\/\"},\"sameAs\":[\"https:\\\/\\\/www.facebook.com\\\/La-Sentinelle-104059864394773\"]},{\"@type\":\"Person\",\"@id\":\"https:\\\/\\\/lasentinelle.dz\\\/#\\\/schema\\\/person\\\/729ee0024f24e0b8c5ec17232f8e8b41\",\"name\":\"admin\",\"image\":{\"@type\":\"ImageObject\",\"inLanguage\":\"fr-FR\",\"@id\":\"https:\\\/\\\/secure.gravatar.com\\\/avatar\\\/4c81fed838786e9b53f540bf46533e750f5d292099ae3b66cfc6fb1982e29df7?s=96&d=mm&r=g\",\"url\":\"https:\\\/\\\/secure.gravatar.com\\\/avatar\\\/4c81fed838786e9b53f540bf46533e750f5d292099ae3b66cfc6fb1982e29df7?s=96&d=mm&r=g\",\"contentUrl\":\"https:\\\/\\\/secure.gravatar.com\\\/avatar\\\/4c81fed838786e9b53f540bf46533e750f5d292099ae3b66cfc6fb1982e29df7?s=96&d=mm&r=g\",\"caption\":\"admin\"},\"description\":\"admin\",\"url\":\"https:\\\/\\\/lasentinelle.dz\\\/author\\\/admin\\\/\"}]}<\/script>\n<!-- \/ Yoast SEO plugin. -->","yoast_head_json":{"title":"Attaf re\u00e7oit son homologue bosnien\u00a0: Le renforcement de la coop\u00e9ration bilat\u00e9rale au c\u0153ur des discussions - La Sentinelle","robots":{"index":"index","follow":"follow","max-snippet":"max-snippet:-1","max-image-preview":"max-image-preview:large","max-video-preview":"max-video-preview:-1"},"canonical":"https:\/\/lasentinelle.dz\/index.php\/2026\/04\/27\/attaf-recoit-son-homologue-bosnien-le-renforcement-de-la-cooperation-bilaterale-au-coeur-des-discussions\/","og_locale":"fr_FR","og_type":"article","og_title":"Attaf re\u00e7oit son homologue bosnien\u00a0: Le renforcement de la coop\u00e9ration bilat\u00e9rale au c\u0153ur des discussions - La Sentinelle","og_description":"Le ministre d&rsquo;Etat, ministre des Affaires \u00e9trang\u00e8res, de la Communaut\u00e9 nationale \u00e0 l&rsquo;\u00e9tranger et des Affaires africaines, M. Ahmed Attaf,","og_url":"https:\/\/lasentinelle.dz\/index.php\/2026\/04\/27\/attaf-recoit-son-homologue-bosnien-le-renforcement-de-la-cooperation-bilaterale-au-coeur-des-discussions\/","og_site_name":"La Sentinelle","article_publisher":"https:\/\/www.facebook.com\/La-Sentinelle-104059864394773","article_published_time":"2026-04-27T19:21:49+00:00","article_modified_time":"2026-04-27T19:21:52+00:00","og_image":[{"width":2048,"height":1365,"url":"https:\/\/lasentinelle.dz\/wp-content\/uploads\/2026\/04\/682369539_1271432505137780_7405450504155357246_n.jpg","type":"image\/jpeg"}],"author":"admin","twitter_card":"summary_large_image","twitter_misc":{"\u00c9crit par":"admin","Dur\u00e9e de lecture estim\u00e9e":"2 minutes"},"schema":{"@context":"https:\/\/schema.org","@graph":[{"@type":"Article","@id":"https:\/\/lasentinelle.dz\/index.php\/2026\/04\/27\/attaf-recoit-son-homologue-bosnien-le-renforcement-de-la-cooperation-bilaterale-au-coeur-des-discussions\/#article","isPartOf":{"@id":"https:\/\/lasentinelle.dz\/index.php\/2026\/04\/27\/attaf-recoit-son-homologue-bosnien-le-renforcement-de-la-cooperation-bilaterale-au-coeur-des-discussions\/"},"author":{"name":"admin","@id":"https:\/\/lasentinelle.dz\/#\/schema\/person\/729ee0024f24e0b8c5ec17232f8e8b41"},"headline":"Attaf re\u00e7oit son homologue bosnien\u00a0: Le renforcement de la coop\u00e9ration bilat\u00e9rale au c\u0153ur des discussions","datePublished":"2026-04-27T19:21:49+00:00","dateModified":"2026-04-27T19:21:52+00:00","mainEntityOfPage":{"@id":"https:\/\/lasentinelle.dz\/index.php\/2026\/04\/27\/attaf-recoit-son-homologue-bosnien-le-renforcement-de-la-cooperation-bilaterale-au-coeur-des-discussions\/"},"wordCount":320,"commentCount":0,"publisher":{"@id":"https:\/\/lasentinelle.dz\/#organization"},"image":{"@id":"https:\/\/lasentinelle.dz\/index.php\/2026\/04\/27\/attaf-recoit-son-homologue-bosnien-le-renforcement-de-la-cooperation-bilaterale-au-coeur-des-discussions\/#primaryimage"},"thumbnailUrl":"https:\/\/lasentinelle.dz\/wp-content\/uploads\/2026\/04\/682369539_1271432505137780_7405450504155357246_n.jpg","articleSection":["Actualit\u00e9"],"inLanguage":"fr-FR","potentialAction":[{"@type":"CommentAction","name":"Comment","target":["https:\/\/lasentinelle.dz\/index.php\/2026\/04\/27\/attaf-recoit-son-homologue-bosnien-le-renforcement-de-la-cooperation-bilaterale-au-coeur-des-discussions\/#respond"]}]},{"@type":"WebPage","@id":"https:\/\/lasentinelle.dz\/index.php\/2026\/04\/27\/attaf-recoit-son-homologue-bosnien-le-renforcement-de-la-cooperation-bilaterale-au-coeur-des-discussions\/","url":"https:\/\/lasentinelle.dz\/index.php\/2026\/04\/27\/attaf-recoit-son-homologue-bosnien-le-renforcement-de-la-cooperation-bilaterale-au-coeur-des-discussions\/","name":"Attaf re\u00e7oit son homologue bosnien\u00a0: Le renforcement de la coop\u00e9ration bilat\u00e9rale au c\u0153ur des discussions - La Sentinelle","isPartOf":{"@id":"https:\/\/lasentinelle.dz\/#website"},"primaryImageOfPage":{"@id":"https:\/\/lasentinelle.dz\/index.php\/2026\/04\/27\/attaf-recoit-son-homologue-bosnien-le-renforcement-de-la-cooperation-bilaterale-au-coeur-des-discussions\/#primaryimage"},"image":{"@id":"https:\/\/lasentinelle.dz\/index.php\/2026\/04\/27\/attaf-recoit-son-homologue-bosnien-le-renforcement-de-la-cooperation-bilaterale-au-coeur-des-discussions\/#primaryimage"},"thumbnailUrl":"https:\/\/lasentinelle.dz\/wp-content\/uploads\/2026\/04\/682369539_1271432505137780_7405450504155357246_n.jpg","datePublished":"2026-04-27T19:21:49+00:00","dateModified":"2026-04-27T19:21:52+00:00","breadcrumb":{"@id":"https:\/\/lasentinelle.dz\/index.php\/2026\/04\/27\/attaf-recoit-son-homologue-bosnien-le-renforcement-de-la-cooperation-bilaterale-au-coeur-des-discussions\/#breadcrumb"},"inLanguage":"fr-FR","potentialAction":[{"@type":"ReadAction","target":["https:\/\/lasentinelle.dz\/index.php\/2026\/04\/27\/attaf-recoit-son-homologue-bosnien-le-renforcement-de-la-cooperation-bilaterale-au-coeur-des-discussions\/"]}]},{"@type":"ImageObject","inLanguage":"fr-FR","@id":"https:\/\/lasentinelle.dz\/index.php\/2026\/04\/27\/attaf-recoit-son-homologue-bosnien-le-renforcement-de-la-cooperation-bilaterale-au-coeur-des-discussions\/#primaryimage","url":"https:\/\/lasentinelle.dz\/wp-content\/uploads\/2026\/04\/682369539_1271432505137780_7405450504155357246_n.jpg","contentUrl":"https:\/\/lasentinelle.dz\/wp-content\/uploads\/2026\/04\/682369539_1271432505137780_7405450504155357246_n.jpg","width":2048,"height":1365},{"@type":"BreadcrumbList","@id":"https:\/\/lasentinelle.dz\/index.php\/2026\/04\/27\/attaf-recoit-son-homologue-bosnien-le-renforcement-de-la-cooperation-bilaterale-au-coeur-des-discussions\/#breadcrumb","itemListElement":[{"@type":"ListItem","position":1,"name":"Accueil","item":"https:\/\/lasentinelle.dz\/"},{"@type":"ListItem","position":2,"name":"Attaf re\u00e7oit son homologue bosnien\u00a0: Le renforcement de la coop\u00e9ration bilat\u00e9rale au c\u0153ur des discussions"}]},{"@type":"WebSite","@id":"https:\/\/lasentinelle.dz\/#website","url":"https:\/\/lasentinelle.dz\/","name":"La Sentinelle","description":"Quotidien national d&#039;information","publisher":{"@id":"https:\/\/lasentinelle.dz\/#organization"},"potentialAction":[{"@type":"SearchAction","target":{"@type":"EntryPoint","urlTemplate":"https:\/\/lasentinelle.dz\/?s={search_term_string}"},"query-input":{"@type":"PropertyValueSpecification","valueRequired":true,"valueName":"search_term_string"}}],"inLanguage":"fr-FR"},{"@type":"Organization","@id":"https:\/\/lasentinelle.dz\/#organization","name":"Quotidien La Sentinelle","url":"https:\/\/lasentinelle.dz\/","logo":{"@type":"ImageObject","inLanguage":"fr-FR","@id":"https:\/\/lasentinelle.dz\/#\/schema\/logo\/image\/","url":"https:\/\/lasentinelle.dz\/wp-content\/uploads\/2021\/09\/logo-sentinelleSLOGAN-1.png","contentUrl":"https:\/\/lasentinelle.dz\/wp-content\/uploads\/2021\/09\/logo-sentinelleSLOGAN-1.png","width":615,"height":142,"caption":"Quotidien La Sentinelle"},"image":{"@id":"https:\/\/lasentinelle.dz\/#\/schema\/logo\/image\/"},"sameAs":["https:\/\/www.facebook.com\/La-Sentinelle-104059864394773"]},{"@type":"Person","@id":"https:\/\/lasentinelle.dz\/#\/schema\/person\/729ee0024f24e0b8c5ec17232f8e8b41","name":"admin","image":{"@type":"ImageObject","inLanguage":"fr-FR","@id":"https:\/\/secure.gravatar.com\/avatar\/4c81fed838786e9b53f540bf46533e750f5d292099ae3b66cfc6fb1982e29df7?s=96&d=mm&r=g","url":"https:\/\/secure.gravatar.com\/avatar\/4c81fed838786e9b53f540bf46533e750f5d292099ae3b66cfc6fb1982e29df7?s=96&d=mm&r=g","contentUrl":"https:\/\/secure.gravatar.com\/avatar\/4c81fed838786e9b53f540bf46533e750f5d292099ae3b66cfc6fb1982e29df7?s=96&d=mm&r=g","caption":"admin"},"description":"admin","url":"https:\/\/lasentinelle.dz\/author\/admin\/"}]}},"_links":{"self":[{"href":"https:\/\/lasentinelle.dz\/index.php\/wp-json\/wp\/v2\/posts\/86587","targetHints":{"allow":["GET"]}}],"collection":[{"href":"https:\/\/lasentinelle.dz\/index.php\/wp-json\/wp\/v2\/posts"}],"about":[{"href":"https:\/\/lasentinelle.dz\/index.php\/wp-json\/wp\/v2\/types\/post"}],"author":[{"embeddable":true,"href":"https:\/\/lasentinelle.dz\/index.php\/wp-json\/wp\/v2\/users\/6"}],"replies":[{"embeddable":true,"href":"https:\/\/lasentinelle.dz\/index.php\/wp-json\/wp\/v2\/comments?post=86587"}],"version-history":[{"count":1,"href":"https:\/\/lasentinelle.dz\/index.php\/wp-json\/wp\/v2\/posts\/86587\/revisions"}],"predecessor-version":[{"id":86589,"href":"https:\/\/lasentinelle.dz\/index.php\/wp-json\/wp\/v2\/posts\/86587\/revisions\/86589"}],"wp:featuredmedia":[{"embeddable":true,"href":"https:\/\/lasentinelle.dz\/index.php\/wp-json\/wp\/v2\/media\/86588"}],"wp:attachment":[{"href":"https:\/\/lasentinelle.dz\/index.php\/wp-json\/wp\/v2\/media?parent=86587"}],"wp:term":[{"taxonomy":"category","embeddable":true,"href":"https:\/\/lasentinelle.dz\/index.php\/wp-json\/wp\/v2\/categories?post=86587"},{"taxonomy":"post_tag","embeddable":true,"href":"https:\/\/lasentinelle.dz\/index.php\/wp-json\/wp\/v2\/tags?post=86587"}],"curies":[{"name":"wp","href":"https:\/\/api.w.org\/{rel}","templated":true}]}}