{"id":86590,"date":"2026-04-27T20:22:47","date_gmt":"2026-04-27T19:22:47","guid":{"rendered":"https:\/\/lasentinelle.dz\/?p=86590"},"modified":"2026-04-27T20:22:52","modified_gmt":"2026-04-27T19:22:52","slug":"recrudescence-de-la-violence-au-mali-alger-reaffirme-son-soutien-a-lunite-malienne-et-son-rejet-du-terrorisme","status":"publish","type":"post","link":"https:\/\/lasentinelle.dz\/index.php\/2026\/04\/27\/recrudescence-de-la-violence-au-mali-alger-reaffirme-son-soutien-a-lunite-malienne-et-son-rejet-du-terrorisme\/","title":{"rendered":"Recrudescence de la violence au Mali\u00a0: Alger r\u00e9affirme son soutien \u00e0 l&rsquo;unit\u00e9 malienne et son rejet du terrorisme"},"content":{"rendered":"\n<p>Le chef de la diplomatie alg\u00e9rienne Ahmed Attaf a r\u00e9affirm\u00e9 lundi la position de l&rsquo;Alg\u00e9rie sur la crise malienne : soutien \u00e0 l&rsquo;int\u00e9grit\u00e9 territoriale du Mali, rejet sans condition du terrorisme et appel \u00e0 la coh\u00e9sion nationale.<\/p>\n\n\n\n<p>Le ministre des Affaires \u00e9trang\u00e8res Ahmed Attaf a r\u00e9affirm\u00e9 lundi la position de l&rsquo;Alg\u00e9rie sur la crise malienne : soutien \u00e0 l&rsquo;int\u00e9grit\u00e9 territoriale du Mali, rejet sans condition du terrorisme et appel \u00e0 la coh\u00e9sion nationale. Il s&rsquo;exprimait \u00e0 Alger \u00e0 l&rsquo;issue d&rsquo;une audience accord\u00e9e \u00e0 son homologue bosnien Elmedin Konakovic, en visite officielle en Alg\u00e9rie.<\/p>\n\n\n\n<p>Le Mali traverse depuis le 25 avril une offensive d&rsquo;une ampleur in\u00e9dite. Des attaques coordonn\u00e9es ont frapp\u00e9 simultan\u00e9ment plusieurs villes du pays, dont la capitale Bamako, ainsi que Kati, Kidal et Gao. Les op\u00e9rations ont \u00e9t\u00e9 revendiqu\u00e9es conjointement par le Front de lib\u00e9ration de l&rsquo;Azawad et le Groupe de soutien \u00e0 l&rsquo;islam et aux musulmans, affili\u00e9 \u00e0 Al-Qa\u00efda. Dans le nord, la ville de Kidal est pass\u00e9e sous le contr\u00f4le des rebelles. Le ministre de la D\u00e9fense malien Sadio Camara a \u00e9t\u00e9 tu\u00e9 dans l&rsquo;attaque de sa r\u00e9sidence \u00e0 Kati. Les autorit\u00e9s maliennes ont impos\u00e9 un couvre-feu \u00e0 Bamako.<\/p>\n\n\n\n<p>C&rsquo;est dans ce contexte qu&rsquo;Attaf a qualifi\u00e9 de \u00ab d\u00e9veloppements dangereux \u00bb la situation au Mali, r\u00e9affirmant la position \u00ab claire et constante de l&rsquo;Alg\u00e9rie \u00bb en soutien \u00e0 \u00ab l&rsquo;unit\u00e9 du Mali, territoire, peuple et institutions \u00bb. Il a r\u00e9it\u00e9r\u00e9 le rejet alg\u00e9rien \u00ab cat\u00e9gorique de toutes les formes et manifestations du terrorisme, qui ne peut \u00eatre justifi\u00e9 ni tol\u00e9r\u00e9, quels qu&rsquo;en soient les motifs ou les causes \u00bb.<\/p>\n\n\n\n<p>Sur le fond, le ministre a mis en avant la coh\u00e9sion nationale comme r\u00e9ponse durable \u00e0 l&rsquo;instabilit\u00e9. L&rsquo;Alg\u00e9rie se dit favorable \u00ab au renforcement de la coh\u00e9sion nationale au sein de la R\u00e9publique du Mali, pays fr\u00e8re \u00bb, car \u00ab cette coh\u00e9sion nationale constitue le meilleur rempart contre le terrorisme et un bouclier solide pour faire face \u00e0 ce fl\u00e9au avec l&rsquo;efficacit\u00e9 requise \u00bb.<\/p>\n\n\n\n<p>Cette position est ancr\u00e9e dans l&rsquo;histoire du pays. L&rsquo;Alg\u00e9rie a travers\u00e9 dans les ann\u00e9es 1990 une d\u00e9cennie de violence terroriste qui a fait des dizaines de milliers de morts. Attaf l&rsquo;a rappel\u00e9 explicitement : le rejet du terrorisme est une position \u00ab dict\u00e9e par l&rsquo;exp\u00e9rience douloureuse de l&rsquo;Alg\u00e9rie face \u00e0 ce fl\u00e9au \u00bb.<\/p>\n\n\n\n<p>L&rsquo;Alg\u00e9rie n&rsquo;est pas \u00e9trang\u00e8re \u00e0 ce dossier. Elle partage avec le Mali plus de 1 300 kilom\u00e8tres de fronti\u00e8re et entretient depuis des d\u00e9cennies une coop\u00e9ration s\u00e9curitaire \u00e9troite dans la r\u00e9gion. La stabilit\u00e9 du Mali est directement li\u00e9e \u00e0 celle de l\u2019Alg\u00e9rie. C&rsquo;est ce qui explique l&rsquo;engagement constant d&rsquo;Alger sur ce dossier, par la voie diplomatique et dans le cadre des m\u00e9canismes r\u00e9gionaux.<\/p>\n\n\n\n<p>Alger a toujours d\u00e9fendu le dialogue politique entre toutes les composantes de la soci\u00e9t\u00e9 malienne comme condition d&rsquo;une stabilit\u00e9 durable au Sahel. C\u2019est sous m\u00e9diation alg\u00e9rienne qu\u2019un accord de paix et de r\u00e9conciliation avait \u00e9t\u00e9 sign\u00e9 en 2015 entre les autorit\u00e9s de Bamako et les groupes de l\u2019Azawad. Un accord qui offrait un cadre politique pour r\u00e9concilier le nord et le sud, int\u00e9grer les communaut\u00e9s touar\u00e8gues dans les institutions et priver les groupes arm\u00e9s de leur vivier de recrutement et qui permettait de renforcer les capacit\u00e9s de lutte contre le terrorisme. Un accord qui a malheureusement \u00e9t\u00e9 d\u00e9nonc\u00e9 en 2023 par la junte au pouvoir \u00e0 Bamako, qui a pr\u00e9f\u00e9r\u00e9 recours aux armes et interventions de milices \u00e9trang\u00e8res. Une posture qui a induit une d\u00e9gradation progressive de la situation au Mali et aux attaques du 25 avril.<\/p>\n\n\n\n<p>Salim Amokrane<\/p>\n","protected":false},"excerpt":{"rendered":"<p>Le chef de la diplomatie alg\u00e9rienne Ahmed Attaf a r\u00e9affirm\u00e9 lundi la position de l&rsquo;Alg\u00e9rie sur la crise malienne :<\/p>\n","protected":false},"author":6,"featured_media":86591,"comment_status":"open","ping_status":"closed","sticky":false,"template":"","format":"standard","meta":{"colormag_page_container_layout":"default_layout","colormag_page_sidebar_layout":"default_layout","om_disable_all_campaigns":false,"_monsterinsights_skip_tracking":false,"_monsterinsights_sitenote_active":false,"_monsterinsights_sitenote_note":"","_monsterinsights_sitenote_category":0,"footnotes":"","_wpscppro_dont_share_socialmedia":false,"_wpscppro_custom_social_share_image":0,"_facebook_share_type":"default","_twitter_share_type":"default","_linkedin_share_type":"default","_pinterest_share_type":"default","_linkedin_share_type_page":"","_instagram_share_type":"default","_medium_share_type":"default","_threads_share_type":"default","_google_business_share_type":"default","_selected_social_profile":[],"_wpsp_enable_custom_social_template":false,"_wpsp_social_scheduling":{"enabled":false,"datetime":null,"platforms":[],"status":"template_only","dateOption":"today","timeOption":"now","customDays":"","customHours":"","customDate":"","customTime":"","schedulingType":"absolute"},"_wpsp_active_default_template":true},"categories":[52,27],"tags":[],"class_list":["post-86590","post","type-post","status-publish","format-standard","has-post-thumbnail","hentry","category-a-la-une","category-actualite"],"aioseo_notices":[],"yoast_head":"<!-- This site is optimized with the Yoast SEO plugin v27.5 - https:\/\/yoast.com\/product\/yoast-seo-wordpress\/ -->\n<title>Recrudescence de la violence au Mali\u00a0: Alger r\u00e9affirme son soutien \u00e0 l&rsquo;unit\u00e9 malienne et son rejet du terrorisme - La Sentinelle<\/title>\n<meta name=\"robots\" content=\"index, follow, max-snippet:-1, max-image-preview:large, max-video-preview:-1\" \/>\n<link rel=\"canonical\" href=\"https:\/\/lasentinelle.dz\/index.php\/2026\/04\/27\/recrudescence-de-la-violence-au-mali-alger-reaffirme-son-soutien-a-lunite-malienne-et-son-rejet-du-terrorisme\/\" \/>\n<meta property=\"og:locale\" content=\"fr_FR\" \/>\n<meta property=\"og:type\" content=\"article\" \/>\n<meta property=\"og:title\" content=\"Recrudescence de la violence au Mali\u00a0: Alger r\u00e9affirme son soutien \u00e0 l&rsquo;unit\u00e9 malienne et son rejet du terrorisme - La Sentinelle\" \/>\n<meta property=\"og:description\" content=\"Le chef de la diplomatie alg\u00e9rienne Ahmed Attaf a r\u00e9affirm\u00e9 lundi la position de l&rsquo;Alg\u00e9rie sur la crise malienne :\" \/>\n<meta property=\"og:url\" content=\"https:\/\/lasentinelle.dz\/index.php\/2026\/04\/27\/recrudescence-de-la-violence-au-mali-alger-reaffirme-son-soutien-a-lunite-malienne-et-son-rejet-du-terrorisme\/\" \/>\n<meta property=\"og:site_name\" content=\"La Sentinelle\" \/>\n<meta property=\"article:publisher\" content=\"https:\/\/www.facebook.com\/La-Sentinelle-104059864394773\" \/>\n<meta property=\"article:published_time\" content=\"2026-04-27T19:22:47+00:00\" \/>\n<meta property=\"article:modified_time\" content=\"2026-04-27T19:22:52+00:00\" \/>\n<meta property=\"og:image\" content=\"https:\/\/lasentinelle.dz\/wp-content\/uploads\/2026\/04\/attaf.jpg\" \/>\n\t<meta property=\"og:image:width\" content=\"780\" \/>\n\t<meta property=\"og:image:height\" content=\"510\" \/>\n\t<meta property=\"og:image:type\" content=\"image\/jpeg\" \/>\n<meta name=\"author\" content=\"admin\" \/>\n<meta name=\"twitter:card\" content=\"summary_large_image\" \/>\n<meta name=\"twitter:label1\" content=\"\u00c9crit par\" \/>\n\t<meta name=\"twitter:data1\" content=\"admin\" \/>\n\t<meta name=\"twitter:label2\" content=\"Dur\u00e9e de lecture estim\u00e9e\" \/>\n\t<meta name=\"twitter:data2\" content=\"4 minutes\" \/>\n<script type=\"application\/ld+json\" class=\"yoast-schema-graph\">{\"@context\":\"https:\\\/\\\/schema.org\",\"@graph\":[{\"@type\":\"Article\",\"@id\":\"https:\\\/\\\/lasentinelle.dz\\\/index.php\\\/2026\\\/04\\\/27\\\/recrudescence-de-la-violence-au-mali-alger-reaffirme-son-soutien-a-lunite-malienne-et-son-rejet-du-terrorisme\\\/#article\",\"isPartOf\":{\"@id\":\"https:\\\/\\\/lasentinelle.dz\\\/index.php\\\/2026\\\/04\\\/27\\\/recrudescence-de-la-violence-au-mali-alger-reaffirme-son-soutien-a-lunite-malienne-et-son-rejet-du-terrorisme\\\/\"},\"author\":{\"name\":\"admin\",\"@id\":\"https:\\\/\\\/lasentinelle.dz\\\/#\\\/schema\\\/person\\\/729ee0024f24e0b8c5ec17232f8e8b41\"},\"headline\":\"Recrudescence de la violence au Mali\u00a0: Alger r\u00e9affirme son soutien \u00e0 l&rsquo;unit\u00e9 malienne et son rejet du terrorisme\",\"datePublished\":\"2026-04-27T19:22:47+00:00\",\"dateModified\":\"2026-04-27T19:22:52+00:00\",\"mainEntityOfPage\":{\"@id\":\"https:\\\/\\\/lasentinelle.dz\\\/index.php\\\/2026\\\/04\\\/27\\\/recrudescence-de-la-violence-au-mali-alger-reaffirme-son-soutien-a-lunite-malienne-et-son-rejet-du-terrorisme\\\/\"},\"wordCount\":670,\"commentCount\":0,\"publisher\":{\"@id\":\"https:\\\/\\\/lasentinelle.dz\\\/#organization\"},\"image\":{\"@id\":\"https:\\\/\\\/lasentinelle.dz\\\/index.php\\\/2026\\\/04\\\/27\\\/recrudescence-de-la-violence-au-mali-alger-reaffirme-son-soutien-a-lunite-malienne-et-son-rejet-du-terrorisme\\\/#primaryimage\"},\"thumbnailUrl\":\"https:\\\/\\\/lasentinelle.dz\\\/wp-content\\\/uploads\\\/2026\\\/04\\\/attaf.jpg\",\"articleSection\":[\"\u00c0 la Une\",\"Actualit\u00e9\"],\"inLanguage\":\"fr-FR\",\"potentialAction\":[{\"@type\":\"CommentAction\",\"name\":\"Comment\",\"target\":[\"https:\\\/\\\/lasentinelle.dz\\\/index.php\\\/2026\\\/04\\\/27\\\/recrudescence-de-la-violence-au-mali-alger-reaffirme-son-soutien-a-lunite-malienne-et-son-rejet-du-terrorisme\\\/#respond\"]}]},{\"@type\":\"WebPage\",\"@id\":\"https:\\\/\\\/lasentinelle.dz\\\/index.php\\\/2026\\\/04\\\/27\\\/recrudescence-de-la-violence-au-mali-alger-reaffirme-son-soutien-a-lunite-malienne-et-son-rejet-du-terrorisme\\\/\",\"url\":\"https:\\\/\\\/lasentinelle.dz\\\/index.php\\\/2026\\\/04\\\/27\\\/recrudescence-de-la-violence-au-mali-alger-reaffirme-son-soutien-a-lunite-malienne-et-son-rejet-du-terrorisme\\\/\",\"name\":\"Recrudescence de la violence au Mali\u00a0: Alger r\u00e9affirme son soutien \u00e0 l&rsquo;unit\u00e9 malienne et son rejet du terrorisme - La Sentinelle\",\"isPartOf\":{\"@id\":\"https:\\\/\\\/lasentinelle.dz\\\/#website\"},\"primaryImageOfPage\":{\"@id\":\"https:\\\/\\\/lasentinelle.dz\\\/index.php\\\/2026\\\/04\\\/27\\\/recrudescence-de-la-violence-au-mali-alger-reaffirme-son-soutien-a-lunite-malienne-et-son-rejet-du-terrorisme\\\/#primaryimage\"},\"image\":{\"@id\":\"https:\\\/\\\/lasentinelle.dz\\\/index.php\\\/2026\\\/04\\\/27\\\/recrudescence-de-la-violence-au-mali-alger-reaffirme-son-soutien-a-lunite-malienne-et-son-rejet-du-terrorisme\\\/#primaryimage\"},\"thumbnailUrl\":\"https:\\\/\\\/lasentinelle.dz\\\/wp-content\\\/uploads\\\/2026\\\/04\\\/attaf.jpg\",\"datePublished\":\"2026-04-27T19:22:47+00:00\",\"dateModified\":\"2026-04-27T19:22:52+00:00\",\"breadcrumb\":{\"@id\":\"https:\\\/\\\/lasentinelle.dz\\\/index.php\\\/2026\\\/04\\\/27\\\/recrudescence-de-la-violence-au-mali-alger-reaffirme-son-soutien-a-lunite-malienne-et-son-rejet-du-terrorisme\\\/#breadcrumb\"},\"inLanguage\":\"fr-FR\",\"potentialAction\":[{\"@type\":\"ReadAction\",\"target\":[\"https:\\\/\\\/lasentinelle.dz\\\/index.php\\\/2026\\\/04\\\/27\\\/recrudescence-de-la-violence-au-mali-alger-reaffirme-son-soutien-a-lunite-malienne-et-son-rejet-du-terrorisme\\\/\"]}]},{\"@type\":\"ImageObject\",\"inLanguage\":\"fr-FR\",\"@id\":\"https:\\\/\\\/lasentinelle.dz\\\/index.php\\\/2026\\\/04\\\/27\\\/recrudescence-de-la-violence-au-mali-alger-reaffirme-son-soutien-a-lunite-malienne-et-son-rejet-du-terrorisme\\\/#primaryimage\",\"url\":\"https:\\\/\\\/lasentinelle.dz\\\/wp-content\\\/uploads\\\/2026\\\/04\\\/attaf.jpg\",\"contentUrl\":\"https:\\\/\\\/lasentinelle.dz\\\/wp-content\\\/uploads\\\/2026\\\/04\\\/attaf.jpg\",\"width\":780,\"height\":510},{\"@type\":\"BreadcrumbList\",\"@id\":\"https:\\\/\\\/lasentinelle.dz\\\/index.php\\\/2026\\\/04\\\/27\\\/recrudescence-de-la-violence-au-mali-alger-reaffirme-son-soutien-a-lunite-malienne-et-son-rejet-du-terrorisme\\\/#breadcrumb\",\"itemListElement\":[{\"@type\":\"ListItem\",\"position\":1,\"name\":\"Accueil\",\"item\":\"https:\\\/\\\/lasentinelle.dz\\\/\"},{\"@type\":\"ListItem\",\"position\":2,\"name\":\"Recrudescence de la violence au Mali\u00a0: Alger r\u00e9affirme son soutien \u00e0 l&rsquo;unit\u00e9 malienne et son rejet du terrorisme\"}]},{\"@type\":\"WebSite\",\"@id\":\"https:\\\/\\\/lasentinelle.dz\\\/#website\",\"url\":\"https:\\\/\\\/lasentinelle.dz\\\/\",\"name\":\"La Sentinelle\",\"description\":\"Quotidien national d&#039;information\",\"publisher\":{\"@id\":\"https:\\\/\\\/lasentinelle.dz\\\/#organization\"},\"potentialAction\":[{\"@type\":\"SearchAction\",\"target\":{\"@type\":\"EntryPoint\",\"urlTemplate\":\"https:\\\/\\\/lasentinelle.dz\\\/?s={search_term_string}\"},\"query-input\":{\"@type\":\"PropertyValueSpecification\",\"valueRequired\":true,\"valueName\":\"search_term_string\"}}],\"inLanguage\":\"fr-FR\"},{\"@type\":\"Organization\",\"@id\":\"https:\\\/\\\/lasentinelle.dz\\\/#organization\",\"name\":\"Quotidien La Sentinelle\",\"url\":\"https:\\\/\\\/lasentinelle.dz\\\/\",\"logo\":{\"@type\":\"ImageObject\",\"inLanguage\":\"fr-FR\",\"@id\":\"https:\\\/\\\/lasentinelle.dz\\\/#\\\/schema\\\/logo\\\/image\\\/\",\"url\":\"https:\\\/\\\/lasentinelle.dz\\\/wp-content\\\/uploads\\\/2021\\\/09\\\/logo-sentinelleSLOGAN-1.png\",\"contentUrl\":\"https:\\\/\\\/lasentinelle.dz\\\/wp-content\\\/uploads\\\/2021\\\/09\\\/logo-sentinelleSLOGAN-1.png\",\"width\":615,\"height\":142,\"caption\":\"Quotidien La Sentinelle\"},\"image\":{\"@id\":\"https:\\\/\\\/lasentinelle.dz\\\/#\\\/schema\\\/logo\\\/image\\\/\"},\"sameAs\":[\"https:\\\/\\\/www.facebook.com\\\/La-Sentinelle-104059864394773\"]},{\"@type\":\"Person\",\"@id\":\"https:\\\/\\\/lasentinelle.dz\\\/#\\\/schema\\\/person\\\/729ee0024f24e0b8c5ec17232f8e8b41\",\"name\":\"admin\",\"image\":{\"@type\":\"ImageObject\",\"inLanguage\":\"fr-FR\",\"@id\":\"https:\\\/\\\/secure.gravatar.com\\\/avatar\\\/4c81fed838786e9b53f540bf46533e750f5d292099ae3b66cfc6fb1982e29df7?s=96&d=mm&r=g\",\"url\":\"https:\\\/\\\/secure.gravatar.com\\\/avatar\\\/4c81fed838786e9b53f540bf46533e750f5d292099ae3b66cfc6fb1982e29df7?s=96&d=mm&r=g\",\"contentUrl\":\"https:\\\/\\\/secure.gravatar.com\\\/avatar\\\/4c81fed838786e9b53f540bf46533e750f5d292099ae3b66cfc6fb1982e29df7?s=96&d=mm&r=g\",\"caption\":\"admin\"},\"description\":\"admin\",\"url\":\"https:\\\/\\\/lasentinelle.dz\\\/author\\\/admin\\\/\"}]}<\/script>\n<!-- \/ Yoast SEO plugin. -->","yoast_head_json":{"title":"Recrudescence de la violence au Mali\u00a0: Alger r\u00e9affirme son soutien \u00e0 l&rsquo;unit\u00e9 malienne et son rejet du terrorisme - La Sentinelle","robots":{"index":"index","follow":"follow","max-snippet":"max-snippet:-1","max-image-preview":"max-image-preview:large","max-video-preview":"max-video-preview:-1"},"canonical":"https:\/\/lasentinelle.dz\/index.php\/2026\/04\/27\/recrudescence-de-la-violence-au-mali-alger-reaffirme-son-soutien-a-lunite-malienne-et-son-rejet-du-terrorisme\/","og_locale":"fr_FR","og_type":"article","og_title":"Recrudescence de la violence au Mali\u00a0: Alger r\u00e9affirme son soutien \u00e0 l&rsquo;unit\u00e9 malienne et son rejet du terrorisme - La Sentinelle","og_description":"Le chef de la diplomatie alg\u00e9rienne Ahmed Attaf a r\u00e9affirm\u00e9 lundi la position de l&rsquo;Alg\u00e9rie sur la crise malienne :","og_url":"https:\/\/lasentinelle.dz\/index.php\/2026\/04\/27\/recrudescence-de-la-violence-au-mali-alger-reaffirme-son-soutien-a-lunite-malienne-et-son-rejet-du-terrorisme\/","og_site_name":"La Sentinelle","article_publisher":"https:\/\/www.facebook.com\/La-Sentinelle-104059864394773","article_published_time":"2026-04-27T19:22:47+00:00","article_modified_time":"2026-04-27T19:22:52+00:00","og_image":[{"width":780,"height":510,"url":"https:\/\/lasentinelle.dz\/wp-content\/uploads\/2026\/04\/attaf.jpg","type":"image\/jpeg"}],"author":"admin","twitter_card":"summary_large_image","twitter_misc":{"\u00c9crit par":"admin","Dur\u00e9e de lecture estim\u00e9e":"4 minutes"},"schema":{"@context":"https:\/\/schema.org","@graph":[{"@type":"Article","@id":"https:\/\/lasentinelle.dz\/index.php\/2026\/04\/27\/recrudescence-de-la-violence-au-mali-alger-reaffirme-son-soutien-a-lunite-malienne-et-son-rejet-du-terrorisme\/#article","isPartOf":{"@id":"https:\/\/lasentinelle.dz\/index.php\/2026\/04\/27\/recrudescence-de-la-violence-au-mali-alger-reaffirme-son-soutien-a-lunite-malienne-et-son-rejet-du-terrorisme\/"},"author":{"name":"admin","@id":"https:\/\/lasentinelle.dz\/#\/schema\/person\/729ee0024f24e0b8c5ec17232f8e8b41"},"headline":"Recrudescence de la violence au Mali\u00a0: Alger r\u00e9affirme son soutien \u00e0 l&rsquo;unit\u00e9 malienne et son rejet du terrorisme","datePublished":"2026-04-27T19:22:47+00:00","dateModified":"2026-04-27T19:22:52+00:00","mainEntityOfPage":{"@id":"https:\/\/lasentinelle.dz\/index.php\/2026\/04\/27\/recrudescence-de-la-violence-au-mali-alger-reaffirme-son-soutien-a-lunite-malienne-et-son-rejet-du-terrorisme\/"},"wordCount":670,"commentCount":0,"publisher":{"@id":"https:\/\/lasentinelle.dz\/#organization"},"image":{"@id":"https:\/\/lasentinelle.dz\/index.php\/2026\/04\/27\/recrudescence-de-la-violence-au-mali-alger-reaffirme-son-soutien-a-lunite-malienne-et-son-rejet-du-terrorisme\/#primaryimage"},"thumbnailUrl":"https:\/\/lasentinelle.dz\/wp-content\/uploads\/2026\/04\/attaf.jpg","articleSection":["\u00c0 la Une","Actualit\u00e9"],"inLanguage":"fr-FR","potentialAction":[{"@type":"CommentAction","name":"Comment","target":["https:\/\/lasentinelle.dz\/index.php\/2026\/04\/27\/recrudescence-de-la-violence-au-mali-alger-reaffirme-son-soutien-a-lunite-malienne-et-son-rejet-du-terrorisme\/#respond"]}]},{"@type":"WebPage","@id":"https:\/\/lasentinelle.dz\/index.php\/2026\/04\/27\/recrudescence-de-la-violence-au-mali-alger-reaffirme-son-soutien-a-lunite-malienne-et-son-rejet-du-terrorisme\/","url":"https:\/\/lasentinelle.dz\/index.php\/2026\/04\/27\/recrudescence-de-la-violence-au-mali-alger-reaffirme-son-soutien-a-lunite-malienne-et-son-rejet-du-terrorisme\/","name":"Recrudescence de la violence au Mali\u00a0: Alger r\u00e9affirme son soutien \u00e0 l&rsquo;unit\u00e9 malienne et son rejet du terrorisme - La Sentinelle","isPartOf":{"@id":"https:\/\/lasentinelle.dz\/#website"},"primaryImageOfPage":{"@id":"https:\/\/lasentinelle.dz\/index.php\/2026\/04\/27\/recrudescence-de-la-violence-au-mali-alger-reaffirme-son-soutien-a-lunite-malienne-et-son-rejet-du-terrorisme\/#primaryimage"},"image":{"@id":"https:\/\/lasentinelle.dz\/index.php\/2026\/04\/27\/recrudescence-de-la-violence-au-mali-alger-reaffirme-son-soutien-a-lunite-malienne-et-son-rejet-du-terrorisme\/#primaryimage"},"thumbnailUrl":"https:\/\/lasentinelle.dz\/wp-content\/uploads\/2026\/04\/attaf.jpg","datePublished":"2026-04-27T19:22:47+00:00","dateModified":"2026-04-27T19:22:52+00:00","breadcrumb":{"@id":"https:\/\/lasentinelle.dz\/index.php\/2026\/04\/27\/recrudescence-de-la-violence-au-mali-alger-reaffirme-son-soutien-a-lunite-malienne-et-son-rejet-du-terrorisme\/#breadcrumb"},"inLanguage":"fr-FR","potentialAction":[{"@type":"ReadAction","target":["https:\/\/lasentinelle.dz\/index.php\/2026\/04\/27\/recrudescence-de-la-violence-au-mali-alger-reaffirme-son-soutien-a-lunite-malienne-et-son-rejet-du-terrorisme\/"]}]},{"@type":"ImageObject","inLanguage":"fr-FR","@id":"https:\/\/lasentinelle.dz\/index.php\/2026\/04\/27\/recrudescence-de-la-violence-au-mali-alger-reaffirme-son-soutien-a-lunite-malienne-et-son-rejet-du-terrorisme\/#primaryimage","url":"https:\/\/lasentinelle.dz\/wp-content\/uploads\/2026\/04\/attaf.jpg","contentUrl":"https:\/\/lasentinelle.dz\/wp-content\/uploads\/2026\/04\/attaf.jpg","width":780,"height":510},{"@type":"BreadcrumbList","@id":"https:\/\/lasentinelle.dz\/index.php\/2026\/04\/27\/recrudescence-de-la-violence-au-mali-alger-reaffirme-son-soutien-a-lunite-malienne-et-son-rejet-du-terrorisme\/#breadcrumb","itemListElement":[{"@type":"ListItem","position":1,"name":"Accueil","item":"https:\/\/lasentinelle.dz\/"},{"@type":"ListItem","position":2,"name":"Recrudescence de la violence au Mali\u00a0: Alger r\u00e9affirme son soutien \u00e0 l&rsquo;unit\u00e9 malienne et son rejet du terrorisme"}]},{"@type":"WebSite","@id":"https:\/\/lasentinelle.dz\/#website","url":"https:\/\/lasentinelle.dz\/","name":"La Sentinelle","description":"Quotidien national d&#039;information","publisher":{"@id":"https:\/\/lasentinelle.dz\/#organization"},"potentialAction":[{"@type":"SearchAction","target":{"@type":"EntryPoint","urlTemplate":"https:\/\/lasentinelle.dz\/?s={search_term_string}"},"query-input":{"@type":"PropertyValueSpecification","valueRequired":true,"valueName":"search_term_string"}}],"inLanguage":"fr-FR"},{"@type":"Organization","@id":"https:\/\/lasentinelle.dz\/#organization","name":"Quotidien La Sentinelle","url":"https:\/\/lasentinelle.dz\/","logo":{"@type":"ImageObject","inLanguage":"fr-FR","@id":"https:\/\/lasentinelle.dz\/#\/schema\/logo\/image\/","url":"https:\/\/lasentinelle.dz\/wp-content\/uploads\/2021\/09\/logo-sentinelleSLOGAN-1.png","contentUrl":"https:\/\/lasentinelle.dz\/wp-content\/uploads\/2021\/09\/logo-sentinelleSLOGAN-1.png","width":615,"height":142,"caption":"Quotidien La Sentinelle"},"image":{"@id":"https:\/\/lasentinelle.dz\/#\/schema\/logo\/image\/"},"sameAs":["https:\/\/www.facebook.com\/La-Sentinelle-104059864394773"]},{"@type":"Person","@id":"https:\/\/lasentinelle.dz\/#\/schema\/person\/729ee0024f24e0b8c5ec17232f8e8b41","name":"admin","image":{"@type":"ImageObject","inLanguage":"fr-FR","@id":"https:\/\/secure.gravatar.com\/avatar\/4c81fed838786e9b53f540bf46533e750f5d292099ae3b66cfc6fb1982e29df7?s=96&d=mm&r=g","url":"https:\/\/secure.gravatar.com\/avatar\/4c81fed838786e9b53f540bf46533e750f5d292099ae3b66cfc6fb1982e29df7?s=96&d=mm&r=g","contentUrl":"https:\/\/secure.gravatar.com\/avatar\/4c81fed838786e9b53f540bf46533e750f5d292099ae3b66cfc6fb1982e29df7?s=96&d=mm&r=g","caption":"admin"},"description":"admin","url":"https:\/\/lasentinelle.dz\/author\/admin\/"}]}},"_links":{"self":[{"href":"https:\/\/lasentinelle.dz\/index.php\/wp-json\/wp\/v2\/posts\/86590","targetHints":{"allow":["GET"]}}],"collection":[{"href":"https:\/\/lasentinelle.dz\/index.php\/wp-json\/wp\/v2\/posts"}],"about":[{"href":"https:\/\/lasentinelle.dz\/index.php\/wp-json\/wp\/v2\/types\/post"}],"author":[{"embeddable":true,"href":"https:\/\/lasentinelle.dz\/index.php\/wp-json\/wp\/v2\/users\/6"}],"replies":[{"embeddable":true,"href":"https:\/\/lasentinelle.dz\/index.php\/wp-json\/wp\/v2\/comments?post=86590"}],"version-history":[{"count":2,"href":"https:\/\/lasentinelle.dz\/index.php\/wp-json\/wp\/v2\/posts\/86590\/revisions"}],"predecessor-version":[{"id":86593,"href":"https:\/\/lasentinelle.dz\/index.php\/wp-json\/wp\/v2\/posts\/86590\/revisions\/86593"}],"wp:featuredmedia":[{"embeddable":true,"href":"https:\/\/lasentinelle.dz\/index.php\/wp-json\/wp\/v2\/media\/86591"}],"wp:attachment":[{"href":"https:\/\/lasentinelle.dz\/index.php\/wp-json\/wp\/v2\/media?parent=86590"}],"wp:term":[{"taxonomy":"category","embeddable":true,"href":"https:\/\/lasentinelle.dz\/index.php\/wp-json\/wp\/v2\/categories?post=86590"},{"taxonomy":"post_tag","embeddable":true,"href":"https:\/\/lasentinelle.dz\/index.php\/wp-json\/wp\/v2\/tags?post=86590"}],"curies":[{"name":"wp","href":"https:\/\/api.w.org\/{rel}","templated":true}]}}