{"id":86594,"date":"2026-04-27T20:24:18","date_gmt":"2026-04-27T19:24:18","guid":{"rendered":"https:\/\/lasentinelle.dz\/?p=86594"},"modified":"2026-04-27T20:24:21","modified_gmt":"2026-04-27T19:24:21","slug":"retraites-les-revalorisations-des-pensions-versees-a-partir-de-la-premiere-semaine-de-mai","status":"publish","type":"post","link":"https:\/\/lasentinelle.dz\/index.php\/2026\/04\/27\/retraites-les-revalorisations-des-pensions-versees-a-partir-de-la-premiere-semaine-de-mai\/","title":{"rendered":"Retraites\u00a0: Les revalorisations des pensions vers\u00e9es \u00e0 partir de la premi\u00e8re semaine de mai"},"content":{"rendered":"\n<p>Le versement des pensions et allocations de retraite revaloris\u00e9es au profit de plus de 3,5 millions de b\u00e9n\u00e9ficiaires s&rsquo;effectuera au cours de la premi\u00e8re semaine du mois de mai prochain, a annonc\u00e9, lundi, le Directeur g\u00e9n\u00e9ral de la Caisse nationale des retraites (CNR), M. Abdelhafid Adrar. En application des instructions du pr\u00e9sident de la R\u00e9publique, M. Abdelmadjid Tebboune, portant revalorisation des pensions et allocations des retrait\u00e9s, \u00ab\u00a0il sera proc\u00e9d\u00e9, d\u00e8s la premi\u00e8re semaine de mai, au versement des augmentations annonc\u00e9es au profit de plus de 3.5 millions de b\u00e9n\u00e9ficiaires de la retraite directe ou de la retraite de r\u00e9version (ayants droit)\u00a0\u00bb, a indiqu\u00e9 M. Adrar dans une d\u00e9claration \u00e0 l&rsquo;APS. Cette revalorisation concerne, \u00ab\u00a0l&rsquo;ensemble des retrait\u00e9s ayant b\u00e9n\u00e9fici\u00e9 de l&rsquo;avantage de retraite avant le 1er mai 2025\u00a0\u00bb, a-t-il expliqu\u00e9, ajoutant que \u00ab\u00a0par souci d&rsquo;\u00e9quit\u00e9 sociale, les retrait\u00e9s restants, concern\u00e9s par la date du 1er mai 2026, b\u00e9n\u00e9ficieront \u00e9galement de cette augmentation\u00a0\u00bb. Il a, \u00e0 ce titre, pr\u00e9cis\u00e9 que \u00ab\u00a0conform\u00e9ment aux dispositions de l&rsquo;article 43 de la loi 83-12 relative \u00e0 l&rsquo;actualisation des salaires servant de base au calcul de la pension de retraite, tous les b\u00e9n\u00e9ficiaires sont concern\u00e9s par cette revalorisation\u00a0\u00bb. Pour couvrir l&rsquo;augmentation annonc\u00e9e, M. Adrar a indiqu\u00e9 qu&rsquo;une enveloppe de \u00ab\u00a088 milliards de DA\u00a0\u00bb a \u00e9t\u00e9 allou\u00e9 \u00e0 cet effet. Par ailleurs, et dans le cadre de l&rsquo;int\u00e9r\u00eat accord\u00e9 par les hautes autorit\u00e9s \u00e0 l&rsquo;am\u00e9lioration du niveau de vie des retrait\u00e9s, une convention a \u00e9t\u00e9 sign\u00e9e hier, dimanche, entre la CNR et la Banque de d\u00e9veloppement local (BDL). Selon les termes de cette convention, tous les retrait\u00e9s b\u00e9n\u00e9ficieront de pr\u00eats \u00e0 taux d&rsquo;int\u00e9r\u00eat pr\u00e9f\u00e9rentiels, qu&rsquo;il s&rsquo;agisse de pr\u00eats conventionnels (\u00e0 taux d&rsquo;int\u00e9r\u00eat) ou de financement islamique sous la formule Mourabaha. Cette convention, a expliqu\u00e9 M. Adrar, couvre trois grands volets, \u00e0 savoir l&rsquo;acc\u00e8s aux pr\u00eats \u00e0 la consommation, aux pr\u00eats automobiles et aux pr\u00eats immobiliers. \u00ab\u00a0Les demandes d\u00e9pos\u00e9es aupr\u00e8s des agences de la BDL seront trait\u00e9es en trois (3) jours pour les pr\u00eats \u00e0 la consommation et en quinze (15) jours maximum pour les pr\u00eats immobiliers\u00a0\u00bb. Il a pr\u00e9cis\u00e9, dans ce contexte, que la CNR \u00ab\u00a0\u0153uvre actuellement \u00e0 la coordination avec diff\u00e9rents organismes publics afin de contribuer \u00e0 l&rsquo;am\u00e9lioration du pouvoir d&rsquo;achat et \u00e0 la hausse du niveau de vie de cette cat\u00e9gorie, en leur accordant des facilit\u00e9s suppl\u00e9mentaires\u00a0\u00bb.<\/p>\n\n\n\n<p>APS<\/p>\n","protected":false},"excerpt":{"rendered":"<p>Le versement des pensions et allocations de retraite revaloris\u00e9es au profit de plus de 3,5 millions de b\u00e9n\u00e9ficiaires s&rsquo;effectuera au<\/p>\n","protected":false},"author":6,"featured_media":19824,"comment_status":"open","ping_status":"closed","sticky":false,"template":"","format":"standard","meta":{"colormag_page_container_layout":"default_layout","colormag_page_sidebar_layout":"default_layout","om_disable_all_campaigns":false,"_monsterinsights_skip_tracking":false,"_monsterinsights_sitenote_active":false,"_monsterinsights_sitenote_note":"","_monsterinsights_sitenote_category":0,"footnotes":"","_wpscppro_dont_share_socialmedia":false,"_wpscppro_custom_social_share_image":0,"_facebook_share_type":"default","_twitter_share_type":"default","_linkedin_share_type":"default","_pinterest_share_type":"default","_linkedin_share_type_page":"","_instagram_share_type":"default","_medium_share_type":"default","_threads_share_type":"default","_google_business_share_type":"default","_selected_social_profile":[],"_wpsp_enable_custom_social_template":false,"_wpsp_social_scheduling":{"enabled":false,"datetime":null,"platforms":[],"status":"template_only","dateOption":"today","timeOption":"now","customDays":"","customHours":"","customDate":"","customTime":"","schedulingType":"absolute"},"_wpsp_active_default_template":true},"categories":[27],"tags":[],"class_list":["post-86594","post","type-post","status-publish","format-standard","has-post-thumbnail","hentry","category-actualite"],"aioseo_notices":[],"yoast_head":"<!-- This site is optimized with the Yoast SEO plugin v27.5 - https:\/\/yoast.com\/product\/yoast-seo-wordpress\/ -->\n<title>Retraites\u00a0: Les revalorisations des pensions vers\u00e9es \u00e0 partir de la premi\u00e8re semaine de mai - La Sentinelle<\/title>\n<meta name=\"robots\" content=\"index, follow, max-snippet:-1, max-image-preview:large, max-video-preview:-1\" \/>\n<link rel=\"canonical\" href=\"https:\/\/lasentinelle.dz\/index.php\/2026\/04\/27\/retraites-les-revalorisations-des-pensions-versees-a-partir-de-la-premiere-semaine-de-mai\/\" \/>\n<meta property=\"og:locale\" content=\"fr_FR\" \/>\n<meta property=\"og:type\" content=\"article\" \/>\n<meta property=\"og:title\" content=\"Retraites\u00a0: Les revalorisations des pensions vers\u00e9es \u00e0 partir de la premi\u00e8re semaine de mai - La Sentinelle\" \/>\n<meta property=\"og:description\" content=\"Le versement des pensions et allocations de retraite revaloris\u00e9es au profit de plus de 3,5 millions de b\u00e9n\u00e9ficiaires s&rsquo;effectuera au\" \/>\n<meta property=\"og:url\" content=\"https:\/\/lasentinelle.dz\/index.php\/2026\/04\/27\/retraites-les-revalorisations-des-pensions-versees-a-partir-de-la-premiere-semaine-de-mai\/\" \/>\n<meta property=\"og:site_name\" content=\"La Sentinelle\" \/>\n<meta property=\"article:publisher\" content=\"https:\/\/www.facebook.com\/La-Sentinelle-104059864394773\" \/>\n<meta property=\"article:published_time\" content=\"2026-04-27T19:24:18+00:00\" \/>\n<meta property=\"article:modified_time\" content=\"2026-04-27T19:24:21+00:00\" \/>\n<meta property=\"og:image\" content=\"https:\/\/lasentinelle.dz\/wp-content\/uploads\/2022\/04\/retraite.png\" \/>\n\t<meta property=\"og:image:width\" content=\"1491\" \/>\n\t<meta property=\"og:image:height\" content=\"900\" \/>\n\t<meta property=\"og:image:type\" content=\"image\/png\" \/>\n<meta name=\"author\" content=\"admin\" \/>\n<meta name=\"twitter:card\" content=\"summary_large_image\" \/>\n<meta name=\"twitter:label1\" content=\"\u00c9crit par\" \/>\n\t<meta name=\"twitter:data1\" content=\"admin\" \/>\n\t<meta name=\"twitter:label2\" content=\"Dur\u00e9e de lecture estim\u00e9e\" \/>\n\t<meta name=\"twitter:data2\" content=\"3 minutes\" \/>\n<script type=\"application\/ld+json\" class=\"yoast-schema-graph\">{\"@context\":\"https:\\\/\\\/schema.org\",\"@graph\":[{\"@type\":\"Article\",\"@id\":\"https:\\\/\\\/lasentinelle.dz\\\/index.php\\\/2026\\\/04\\\/27\\\/retraites-les-revalorisations-des-pensions-versees-a-partir-de-la-premiere-semaine-de-mai\\\/#article\",\"isPartOf\":{\"@id\":\"https:\\\/\\\/lasentinelle.dz\\\/index.php\\\/2026\\\/04\\\/27\\\/retraites-les-revalorisations-des-pensions-versees-a-partir-de-la-premiere-semaine-de-mai\\\/\"},\"author\":{\"name\":\"admin\",\"@id\":\"https:\\\/\\\/lasentinelle.dz\\\/#\\\/schema\\\/person\\\/729ee0024f24e0b8c5ec17232f8e8b41\"},\"headline\":\"Retraites\u00a0: Les revalorisations des pensions vers\u00e9es \u00e0 partir de la premi\u00e8re semaine de mai\",\"datePublished\":\"2026-04-27T19:24:18+00:00\",\"dateModified\":\"2026-04-27T19:24:21+00:00\",\"mainEntityOfPage\":{\"@id\":\"https:\\\/\\\/lasentinelle.dz\\\/index.php\\\/2026\\\/04\\\/27\\\/retraites-les-revalorisations-des-pensions-versees-a-partir-de-la-premiere-semaine-de-mai\\\/\"},\"wordCount\":458,\"commentCount\":0,\"publisher\":{\"@id\":\"https:\\\/\\\/lasentinelle.dz\\\/#organization\"},\"image\":{\"@id\":\"https:\\\/\\\/lasentinelle.dz\\\/index.php\\\/2026\\\/04\\\/27\\\/retraites-les-revalorisations-des-pensions-versees-a-partir-de-la-premiere-semaine-de-mai\\\/#primaryimage\"},\"thumbnailUrl\":\"https:\\\/\\\/lasentinelle.dz\\\/wp-content\\\/uploads\\\/2022\\\/04\\\/retraite.png\",\"articleSection\":[\"Actualit\u00e9\"],\"inLanguage\":\"fr-FR\",\"potentialAction\":[{\"@type\":\"CommentAction\",\"name\":\"Comment\",\"target\":[\"https:\\\/\\\/lasentinelle.dz\\\/index.php\\\/2026\\\/04\\\/27\\\/retraites-les-revalorisations-des-pensions-versees-a-partir-de-la-premiere-semaine-de-mai\\\/#respond\"]}]},{\"@type\":\"WebPage\",\"@id\":\"https:\\\/\\\/lasentinelle.dz\\\/index.php\\\/2026\\\/04\\\/27\\\/retraites-les-revalorisations-des-pensions-versees-a-partir-de-la-premiere-semaine-de-mai\\\/\",\"url\":\"https:\\\/\\\/lasentinelle.dz\\\/index.php\\\/2026\\\/04\\\/27\\\/retraites-les-revalorisations-des-pensions-versees-a-partir-de-la-premiere-semaine-de-mai\\\/\",\"name\":\"Retraites\u00a0: Les revalorisations des pensions vers\u00e9es \u00e0 partir de la premi\u00e8re semaine de mai - La Sentinelle\",\"isPartOf\":{\"@id\":\"https:\\\/\\\/lasentinelle.dz\\\/#website\"},\"primaryImageOfPage\":{\"@id\":\"https:\\\/\\\/lasentinelle.dz\\\/index.php\\\/2026\\\/04\\\/27\\\/retraites-les-revalorisations-des-pensions-versees-a-partir-de-la-premiere-semaine-de-mai\\\/#primaryimage\"},\"image\":{\"@id\":\"https:\\\/\\\/lasentinelle.dz\\\/index.php\\\/2026\\\/04\\\/27\\\/retraites-les-revalorisations-des-pensions-versees-a-partir-de-la-premiere-semaine-de-mai\\\/#primaryimage\"},\"thumbnailUrl\":\"https:\\\/\\\/lasentinelle.dz\\\/wp-content\\\/uploads\\\/2022\\\/04\\\/retraite.png\",\"datePublished\":\"2026-04-27T19:24:18+00:00\",\"dateModified\":\"2026-04-27T19:24:21+00:00\",\"breadcrumb\":{\"@id\":\"https:\\\/\\\/lasentinelle.dz\\\/index.php\\\/2026\\\/04\\\/27\\\/retraites-les-revalorisations-des-pensions-versees-a-partir-de-la-premiere-semaine-de-mai\\\/#breadcrumb\"},\"inLanguage\":\"fr-FR\",\"potentialAction\":[{\"@type\":\"ReadAction\",\"target\":[\"https:\\\/\\\/lasentinelle.dz\\\/index.php\\\/2026\\\/04\\\/27\\\/retraites-les-revalorisations-des-pensions-versees-a-partir-de-la-premiere-semaine-de-mai\\\/\"]}]},{\"@type\":\"ImageObject\",\"inLanguage\":\"fr-FR\",\"@id\":\"https:\\\/\\\/lasentinelle.dz\\\/index.php\\\/2026\\\/04\\\/27\\\/retraites-les-revalorisations-des-pensions-versees-a-partir-de-la-premiere-semaine-de-mai\\\/#primaryimage\",\"url\":\"https:\\\/\\\/lasentinelle.dz\\\/wp-content\\\/uploads\\\/2022\\\/04\\\/retraite.png\",\"contentUrl\":\"https:\\\/\\\/lasentinelle.dz\\\/wp-content\\\/uploads\\\/2022\\\/04\\\/retraite.png\",\"width\":1491,\"height\":900},{\"@type\":\"BreadcrumbList\",\"@id\":\"https:\\\/\\\/lasentinelle.dz\\\/index.php\\\/2026\\\/04\\\/27\\\/retraites-les-revalorisations-des-pensions-versees-a-partir-de-la-premiere-semaine-de-mai\\\/#breadcrumb\",\"itemListElement\":[{\"@type\":\"ListItem\",\"position\":1,\"name\":\"Accueil\",\"item\":\"https:\\\/\\\/lasentinelle.dz\\\/\"},{\"@type\":\"ListItem\",\"position\":2,\"name\":\"Retraites\u00a0: Les revalorisations des pensions vers\u00e9es \u00e0 partir de la premi\u00e8re semaine de mai\"}]},{\"@type\":\"WebSite\",\"@id\":\"https:\\\/\\\/lasentinelle.dz\\\/#website\",\"url\":\"https:\\\/\\\/lasentinelle.dz\\\/\",\"name\":\"La Sentinelle\",\"description\":\"Quotidien national d&#039;information\",\"publisher\":{\"@id\":\"https:\\\/\\\/lasentinelle.dz\\\/#organization\"},\"potentialAction\":[{\"@type\":\"SearchAction\",\"target\":{\"@type\":\"EntryPoint\",\"urlTemplate\":\"https:\\\/\\\/lasentinelle.dz\\\/?s={search_term_string}\"},\"query-input\":{\"@type\":\"PropertyValueSpecification\",\"valueRequired\":true,\"valueName\":\"search_term_string\"}}],\"inLanguage\":\"fr-FR\"},{\"@type\":\"Organization\",\"@id\":\"https:\\\/\\\/lasentinelle.dz\\\/#organization\",\"name\":\"Quotidien La Sentinelle\",\"url\":\"https:\\\/\\\/lasentinelle.dz\\\/\",\"logo\":{\"@type\":\"ImageObject\",\"inLanguage\":\"fr-FR\",\"@id\":\"https:\\\/\\\/lasentinelle.dz\\\/#\\\/schema\\\/logo\\\/image\\\/\",\"url\":\"https:\\\/\\\/lasentinelle.dz\\\/wp-content\\\/uploads\\\/2021\\\/09\\\/logo-sentinelleSLOGAN-1.png\",\"contentUrl\":\"https:\\\/\\\/lasentinelle.dz\\\/wp-content\\\/uploads\\\/2021\\\/09\\\/logo-sentinelleSLOGAN-1.png\",\"width\":615,\"height\":142,\"caption\":\"Quotidien La Sentinelle\"},\"image\":{\"@id\":\"https:\\\/\\\/lasentinelle.dz\\\/#\\\/schema\\\/logo\\\/image\\\/\"},\"sameAs\":[\"https:\\\/\\\/www.facebook.com\\\/La-Sentinelle-104059864394773\"]},{\"@type\":\"Person\",\"@id\":\"https:\\\/\\\/lasentinelle.dz\\\/#\\\/schema\\\/person\\\/729ee0024f24e0b8c5ec17232f8e8b41\",\"name\":\"admin\",\"image\":{\"@type\":\"ImageObject\",\"inLanguage\":\"fr-FR\",\"@id\":\"https:\\\/\\\/secure.gravatar.com\\\/avatar\\\/4c81fed838786e9b53f540bf46533e750f5d292099ae3b66cfc6fb1982e29df7?s=96&d=mm&r=g\",\"url\":\"https:\\\/\\\/secure.gravatar.com\\\/avatar\\\/4c81fed838786e9b53f540bf46533e750f5d292099ae3b66cfc6fb1982e29df7?s=96&d=mm&r=g\",\"contentUrl\":\"https:\\\/\\\/secure.gravatar.com\\\/avatar\\\/4c81fed838786e9b53f540bf46533e750f5d292099ae3b66cfc6fb1982e29df7?s=96&d=mm&r=g\",\"caption\":\"admin\"},\"description\":\"admin\",\"url\":\"https:\\\/\\\/lasentinelle.dz\\\/author\\\/admin\\\/\"}]}<\/script>\n<!-- \/ Yoast SEO plugin. -->","yoast_head_json":{"title":"Retraites\u00a0: Les revalorisations des pensions vers\u00e9es \u00e0 partir de la premi\u00e8re semaine de mai - La Sentinelle","robots":{"index":"index","follow":"follow","max-snippet":"max-snippet:-1","max-image-preview":"max-image-preview:large","max-video-preview":"max-video-preview:-1"},"canonical":"https:\/\/lasentinelle.dz\/index.php\/2026\/04\/27\/retraites-les-revalorisations-des-pensions-versees-a-partir-de-la-premiere-semaine-de-mai\/","og_locale":"fr_FR","og_type":"article","og_title":"Retraites\u00a0: Les revalorisations des pensions vers\u00e9es \u00e0 partir de la premi\u00e8re semaine de mai - La Sentinelle","og_description":"Le versement des pensions et allocations de retraite revaloris\u00e9es au profit de plus de 3,5 millions de b\u00e9n\u00e9ficiaires s&rsquo;effectuera au","og_url":"https:\/\/lasentinelle.dz\/index.php\/2026\/04\/27\/retraites-les-revalorisations-des-pensions-versees-a-partir-de-la-premiere-semaine-de-mai\/","og_site_name":"La Sentinelle","article_publisher":"https:\/\/www.facebook.com\/La-Sentinelle-104059864394773","article_published_time":"2026-04-27T19:24:18+00:00","article_modified_time":"2026-04-27T19:24:21+00:00","og_image":[{"width":1491,"height":900,"url":"https:\/\/lasentinelle.dz\/wp-content\/uploads\/2022\/04\/retraite.png","type":"image\/png"}],"author":"admin","twitter_card":"summary_large_image","twitter_misc":{"\u00c9crit par":"admin","Dur\u00e9e de lecture estim\u00e9e":"3 minutes"},"schema":{"@context":"https:\/\/schema.org","@graph":[{"@type":"Article","@id":"https:\/\/lasentinelle.dz\/index.php\/2026\/04\/27\/retraites-les-revalorisations-des-pensions-versees-a-partir-de-la-premiere-semaine-de-mai\/#article","isPartOf":{"@id":"https:\/\/lasentinelle.dz\/index.php\/2026\/04\/27\/retraites-les-revalorisations-des-pensions-versees-a-partir-de-la-premiere-semaine-de-mai\/"},"author":{"name":"admin","@id":"https:\/\/lasentinelle.dz\/#\/schema\/person\/729ee0024f24e0b8c5ec17232f8e8b41"},"headline":"Retraites\u00a0: Les revalorisations des pensions vers\u00e9es \u00e0 partir de la premi\u00e8re semaine de mai","datePublished":"2026-04-27T19:24:18+00:00","dateModified":"2026-04-27T19:24:21+00:00","mainEntityOfPage":{"@id":"https:\/\/lasentinelle.dz\/index.php\/2026\/04\/27\/retraites-les-revalorisations-des-pensions-versees-a-partir-de-la-premiere-semaine-de-mai\/"},"wordCount":458,"commentCount":0,"publisher":{"@id":"https:\/\/lasentinelle.dz\/#organization"},"image":{"@id":"https:\/\/lasentinelle.dz\/index.php\/2026\/04\/27\/retraites-les-revalorisations-des-pensions-versees-a-partir-de-la-premiere-semaine-de-mai\/#primaryimage"},"thumbnailUrl":"https:\/\/lasentinelle.dz\/wp-content\/uploads\/2022\/04\/retraite.png","articleSection":["Actualit\u00e9"],"inLanguage":"fr-FR","potentialAction":[{"@type":"CommentAction","name":"Comment","target":["https:\/\/lasentinelle.dz\/index.php\/2026\/04\/27\/retraites-les-revalorisations-des-pensions-versees-a-partir-de-la-premiere-semaine-de-mai\/#respond"]}]},{"@type":"WebPage","@id":"https:\/\/lasentinelle.dz\/index.php\/2026\/04\/27\/retraites-les-revalorisations-des-pensions-versees-a-partir-de-la-premiere-semaine-de-mai\/","url":"https:\/\/lasentinelle.dz\/index.php\/2026\/04\/27\/retraites-les-revalorisations-des-pensions-versees-a-partir-de-la-premiere-semaine-de-mai\/","name":"Retraites\u00a0: Les revalorisations des pensions vers\u00e9es \u00e0 partir de la premi\u00e8re semaine de mai - La Sentinelle","isPartOf":{"@id":"https:\/\/lasentinelle.dz\/#website"},"primaryImageOfPage":{"@id":"https:\/\/lasentinelle.dz\/index.php\/2026\/04\/27\/retraites-les-revalorisations-des-pensions-versees-a-partir-de-la-premiere-semaine-de-mai\/#primaryimage"},"image":{"@id":"https:\/\/lasentinelle.dz\/index.php\/2026\/04\/27\/retraites-les-revalorisations-des-pensions-versees-a-partir-de-la-premiere-semaine-de-mai\/#primaryimage"},"thumbnailUrl":"https:\/\/lasentinelle.dz\/wp-content\/uploads\/2022\/04\/retraite.png","datePublished":"2026-04-27T19:24:18+00:00","dateModified":"2026-04-27T19:24:21+00:00","breadcrumb":{"@id":"https:\/\/lasentinelle.dz\/index.php\/2026\/04\/27\/retraites-les-revalorisations-des-pensions-versees-a-partir-de-la-premiere-semaine-de-mai\/#breadcrumb"},"inLanguage":"fr-FR","potentialAction":[{"@type":"ReadAction","target":["https:\/\/lasentinelle.dz\/index.php\/2026\/04\/27\/retraites-les-revalorisations-des-pensions-versees-a-partir-de-la-premiere-semaine-de-mai\/"]}]},{"@type":"ImageObject","inLanguage":"fr-FR","@id":"https:\/\/lasentinelle.dz\/index.php\/2026\/04\/27\/retraites-les-revalorisations-des-pensions-versees-a-partir-de-la-premiere-semaine-de-mai\/#primaryimage","url":"https:\/\/lasentinelle.dz\/wp-content\/uploads\/2022\/04\/retraite.png","contentUrl":"https:\/\/lasentinelle.dz\/wp-content\/uploads\/2022\/04\/retraite.png","width":1491,"height":900},{"@type":"BreadcrumbList","@id":"https:\/\/lasentinelle.dz\/index.php\/2026\/04\/27\/retraites-les-revalorisations-des-pensions-versees-a-partir-de-la-premiere-semaine-de-mai\/#breadcrumb","itemListElement":[{"@type":"ListItem","position":1,"name":"Accueil","item":"https:\/\/lasentinelle.dz\/"},{"@type":"ListItem","position":2,"name":"Retraites\u00a0: Les revalorisations des pensions vers\u00e9es \u00e0 partir de la premi\u00e8re semaine de mai"}]},{"@type":"WebSite","@id":"https:\/\/lasentinelle.dz\/#website","url":"https:\/\/lasentinelle.dz\/","name":"La Sentinelle","description":"Quotidien national d&#039;information","publisher":{"@id":"https:\/\/lasentinelle.dz\/#organization"},"potentialAction":[{"@type":"SearchAction","target":{"@type":"EntryPoint","urlTemplate":"https:\/\/lasentinelle.dz\/?s={search_term_string}"},"query-input":{"@type":"PropertyValueSpecification","valueRequired":true,"valueName":"search_term_string"}}],"inLanguage":"fr-FR"},{"@type":"Organization","@id":"https:\/\/lasentinelle.dz\/#organization","name":"Quotidien La Sentinelle","url":"https:\/\/lasentinelle.dz\/","logo":{"@type":"ImageObject","inLanguage":"fr-FR","@id":"https:\/\/lasentinelle.dz\/#\/schema\/logo\/image\/","url":"https:\/\/lasentinelle.dz\/wp-content\/uploads\/2021\/09\/logo-sentinelleSLOGAN-1.png","contentUrl":"https:\/\/lasentinelle.dz\/wp-content\/uploads\/2021\/09\/logo-sentinelleSLOGAN-1.png","width":615,"height":142,"caption":"Quotidien La Sentinelle"},"image":{"@id":"https:\/\/lasentinelle.dz\/#\/schema\/logo\/image\/"},"sameAs":["https:\/\/www.facebook.com\/La-Sentinelle-104059864394773"]},{"@type":"Person","@id":"https:\/\/lasentinelle.dz\/#\/schema\/person\/729ee0024f24e0b8c5ec17232f8e8b41","name":"admin","image":{"@type":"ImageObject","inLanguage":"fr-FR","@id":"https:\/\/secure.gravatar.com\/avatar\/4c81fed838786e9b53f540bf46533e750f5d292099ae3b66cfc6fb1982e29df7?s=96&d=mm&r=g","url":"https:\/\/secure.gravatar.com\/avatar\/4c81fed838786e9b53f540bf46533e750f5d292099ae3b66cfc6fb1982e29df7?s=96&d=mm&r=g","contentUrl":"https:\/\/secure.gravatar.com\/avatar\/4c81fed838786e9b53f540bf46533e750f5d292099ae3b66cfc6fb1982e29df7?s=96&d=mm&r=g","caption":"admin"},"description":"admin","url":"https:\/\/lasentinelle.dz\/author\/admin\/"}]}},"_links":{"self":[{"href":"https:\/\/lasentinelle.dz\/index.php\/wp-json\/wp\/v2\/posts\/86594","targetHints":{"allow":["GET"]}}],"collection":[{"href":"https:\/\/lasentinelle.dz\/index.php\/wp-json\/wp\/v2\/posts"}],"about":[{"href":"https:\/\/lasentinelle.dz\/index.php\/wp-json\/wp\/v2\/types\/post"}],"author":[{"embeddable":true,"href":"https:\/\/lasentinelle.dz\/index.php\/wp-json\/wp\/v2\/users\/6"}],"replies":[{"embeddable":true,"href":"https:\/\/lasentinelle.dz\/index.php\/wp-json\/wp\/v2\/comments?post=86594"}],"version-history":[{"count":1,"href":"https:\/\/lasentinelle.dz\/index.php\/wp-json\/wp\/v2\/posts\/86594\/revisions"}],"predecessor-version":[{"id":86595,"href":"https:\/\/lasentinelle.dz\/index.php\/wp-json\/wp\/v2\/posts\/86594\/revisions\/86595"}],"wp:featuredmedia":[{"embeddable":true,"href":"https:\/\/lasentinelle.dz\/index.php\/wp-json\/wp\/v2\/media\/19824"}],"wp:attachment":[{"href":"https:\/\/lasentinelle.dz\/index.php\/wp-json\/wp\/v2\/media?parent=86594"}],"wp:term":[{"taxonomy":"category","embeddable":true,"href":"https:\/\/lasentinelle.dz\/index.php\/wp-json\/wp\/v2\/categories?post=86594"},{"taxonomy":"post_tag","embeddable":true,"href":"https:\/\/lasentinelle.dz\/index.php\/wp-json\/wp\/v2\/tags?post=86594"}],"curies":[{"name":"wp","href":"https:\/\/api.w.org\/{rel}","templated":true}]}}