{"id":86596,"date":"2026-04-27T20:26:12","date_gmt":"2026-04-27T19:26:12","guid":{"rendered":"https:\/\/lasentinelle.dz\/?p=86596"},"modified":"2026-04-27T20:26:17","modified_gmt":"2026-04-27T19:26:17","slug":"prix-stocks-chambres-froides-et-approvisionnement-du-marche-un-systeme-dinformation-pour-tout-voir","status":"publish","type":"post","link":"https:\/\/lasentinelle.dz\/index.php\/2026\/04\/27\/prix-stocks-chambres-froides-et-approvisionnement-du-marche-un-systeme-dinformation-pour-tout-voir\/","title":{"rendered":"Prix, stocks, chambres froides et approvisionnement du march\u00e9\u00a0: Un syst\u00e8me d\u2019information pour tout voir"},"content":{"rendered":"\n<p>Le gouvernement franchit un cap dans sa politique de r\u00e9gulation des march\u00e9s. R\u00e9unies dimanche \u00e0 Alger sur instruction du Premier ministre Sifi Ghrieb, les ministres du Commerce int\u00e9rieur, Amel Abdellatif, et du Num\u00e9rique, Meriem Benmouloud, ont pr\u00e9sent\u00e9 les contours d&rsquo;un syst\u00e8me d&rsquo;information unifi\u00e9 destin\u00e9 \u00e0 surveiller l&rsquo;approvisionnement du march\u00e9 national et \u00e0 agir sur les prix \u2014 en temps r\u00e9el, sur l&rsquo;ensemble du territoire.<\/p>\n\n\n\n<p>Le projet n&rsquo;est pas une promesse de plus. Deux plateformes num\u00e9riques sont d\u00e9j\u00e0 op\u00e9rationnelles au sein du minist\u00e8re du Commerce. La premi\u00e8re couvre le r\u00e9seau de distribution, les espaces commerciaux et la surveillance des prix. La seconde cartographie les capacit\u00e9s de stockage \u2014 chambres froides, entrep\u00f4ts \u2014 et permet de suivre les niveaux de stocks \u00e0 tout moment. Ces deux outils seront fusionn\u00e9s dans le futur syst\u00e8me unifi\u00e9. Ce qui change, c&rsquo;est leur interconnexion avec les autres administrations, et donc leur capacit\u00e9 \u00e0 d\u00e9clencher des interventions coordonn\u00e9es. Amel Abdellatif a d\u00e9crit ce que cela change concr\u00e8tement : la plateforme d\u00e9di\u00e9e au r\u00e9seau de distribution \u00ab permet un suivi pr\u00e9cis et en temps r\u00e9el de la situation de l&rsquo;approvisionnement \u00bb, tandis que celle consacr\u00e9e aux espaces de stockage \u00ab offre une cartographie num\u00e9rique localisant ces espaces, facilitant ainsi le suivi des stocks et contribuant \u00e0 la prise de d\u00e9cision \u00bb. En clair : savoir, \u00e0 n&rsquo;importe quel moment, o\u00f9 se trouvent les marchandises, en quelle quantit\u00e9, et \u00e0 quel prix elles sont vendues. L&rsquo;objectif est de ne plus courir apr\u00e8s les p\u00e9nuries ou les hausses de prix une fois qu&rsquo;elles se sont install\u00e9es, mais d&rsquo;anticiper.<\/p>\n\n\n\n<p>Le contexte donne du relief \u00e0 l&rsquo;annonce. L&rsquo;Alg\u00e9rie traverse des tensions r\u00e9currentes sur certains produits de base \u2014 huile, semoule, l\u00e9gumes frais \u2014 dont les prix s&rsquo;envolent parfois sans que les pouvoirs publics disposent d&rsquo;une vision claire de la cha\u00eene d&rsquo;approvisionnement. Les march\u00e9s de gros fonctionnent encore largement \u00e0 l&rsquo;opaque, les entrep\u00f4ts de stockage sont peu r\u00e9pertori\u00e9s, et les circuits de distribution parall\u00e8les \u00e9chappent \u00e0 tout suivi syst\u00e9matique. C&rsquo;est pr\u00e9cis\u00e9ment ce vide informationnel que le nouveau syst\u00e8me entend combler.<\/p>\n\n\n\n<p>Meriem Benmouloud a cadr\u00e9 l&rsquo;ambition politique de la d\u00e9marche : \u00ab la mise en place d&rsquo;un syst\u00e8me d&rsquo;information unifi\u00e9 pour le suivi de l&rsquo;approvisionnement du march\u00e9 permettra d&rsquo;unir les efforts des diff\u00e9rents secteurs, gr\u00e2ce \u00e0 la mise \u00e0 disposition de donn\u00e9es pr\u00e9cises et fiables, renfor\u00e7ant ainsi l&rsquo;efficacit\u00e9 des interventions publiques. \u00bb La r\u00e9f\u00e9rence au d\u00e9cret pr\u00e9sidentiel n\u00b0 25-320, qui institue un dispositif national de gouvernance des donn\u00e9es, n&rsquo;est pas anodine \u2014 elle inscrit ce projet dans un cadre juridique plus large, celui de la num\u00e9risation de l&rsquo;\u00c9tat alg\u00e9rien.<\/p>\n\n\n\n<p>Ce qui frappe dans la composition de la r\u00e9union, c&rsquo;est autant sa diversit\u00e9 que son p\u00e9rim\u00e8tre. Autour de la table : des cadres du minist\u00e8re de la D\u00e9fense nationale, du commandement de la Gendarmerie, de la Direction g\u00e9n\u00e9rale de la S\u00fbret\u00e9 nationale, de l&rsquo;Agence de s\u00e9curit\u00e9 des syst\u00e8mes d&rsquo;information, et de l&rsquo;Office national des statistiques. La r\u00e9gulation des prix n&rsquo;est pas trait\u00e9e comme une affaire commerciale ordinaire \u2014 elle est abord\u00e9e comme une question de s\u00e9curit\u00e9 \u00e9conomique.<\/p>\n\n\n\n<p>Chokri Hafed<\/p>\n","protected":false},"excerpt":{"rendered":"<p>Le gouvernement franchit un cap dans sa politique de r\u00e9gulation des march\u00e9s. R\u00e9unies dimanche \u00e0 Alger sur instruction du Premier<\/p>\n","protected":false},"author":6,"featured_media":79475,"comment_status":"open","ping_status":"closed","sticky":false,"template":"","format":"standard","meta":{"colormag_page_container_layout":"default_layout","colormag_page_sidebar_layout":"default_layout","om_disable_all_campaigns":false,"_monsterinsights_skip_tracking":false,"_monsterinsights_sitenote_active":false,"_monsterinsights_sitenote_note":"","_monsterinsights_sitenote_category":0,"footnotes":"","_wpscppro_dont_share_socialmedia":false,"_wpscppro_custom_social_share_image":0,"_facebook_share_type":"default","_twitter_share_type":"default","_linkedin_share_type":"default","_pinterest_share_type":"default","_linkedin_share_type_page":"","_instagram_share_type":"default","_medium_share_type":"default","_threads_share_type":"default","_google_business_share_type":"default","_selected_social_profile":[],"_wpsp_enable_custom_social_template":false,"_wpsp_social_scheduling":{"enabled":false,"datetime":null,"platforms":[],"status":"template_only","dateOption":"today","timeOption":"now","customDays":"","customHours":"","customDate":"","customTime":"","schedulingType":"absolute"},"_wpsp_active_default_template":true},"categories":[27],"tags":[],"class_list":["post-86596","post","type-post","status-publish","format-standard","has-post-thumbnail","hentry","category-actualite"],"aioseo_notices":[],"yoast_head":"<!-- This site is optimized with the Yoast SEO plugin v27.4 - https:\/\/yoast.com\/product\/yoast-seo-wordpress\/ -->\n<title>Prix, stocks, chambres froides et approvisionnement du march\u00e9\u00a0: Un syst\u00e8me d\u2019information pour tout voir - La Sentinelle<\/title>\n<meta name=\"robots\" content=\"index, follow, max-snippet:-1, max-image-preview:large, max-video-preview:-1\" \/>\n<link rel=\"canonical\" href=\"https:\/\/lasentinelle.dz\/index.php\/2026\/04\/27\/prix-stocks-chambres-froides-et-approvisionnement-du-marche-un-systeme-dinformation-pour-tout-voir\/\" \/>\n<meta property=\"og:locale\" content=\"fr_FR\" \/>\n<meta property=\"og:type\" content=\"article\" \/>\n<meta property=\"og:title\" content=\"Prix, stocks, chambres froides et approvisionnement du march\u00e9\u00a0: Un syst\u00e8me d\u2019information pour tout voir - La Sentinelle\" \/>\n<meta property=\"og:description\" content=\"Le gouvernement franchit un cap dans sa politique de r\u00e9gulation des march\u00e9s. R\u00e9unies dimanche \u00e0 Alger sur instruction du Premier\" \/>\n<meta property=\"og:url\" content=\"https:\/\/lasentinelle.dz\/index.php\/2026\/04\/27\/prix-stocks-chambres-froides-et-approvisionnement-du-marche-un-systeme-dinformation-pour-tout-voir\/\" \/>\n<meta property=\"og:site_name\" content=\"La Sentinelle\" \/>\n<meta property=\"article:publisher\" content=\"https:\/\/www.facebook.com\/La-Sentinelle-104059864394773\" \/>\n<meta property=\"article:published_time\" content=\"2026-04-27T19:26:12+00:00\" \/>\n<meta property=\"article:modified_time\" content=\"2026-04-27T19:26:17+00:00\" \/>\n<meta property=\"og:image\" content=\"https:\/\/lasentinelle.dz\/wp-content\/uploads\/2026\/01\/marche-ramadhan.jpeg\" \/>\n\t<meta property=\"og:image:width\" content=\"1024\" \/>\n\t<meta property=\"og:image:height\" content=\"680\" \/>\n\t<meta property=\"og:image:type\" content=\"image\/jpeg\" \/>\n<meta name=\"author\" content=\"admin\" \/>\n<meta name=\"twitter:card\" content=\"summary_large_image\" \/>\n<meta name=\"twitter:label1\" content=\"\u00c9crit par\" \/>\n\t<meta name=\"twitter:data1\" content=\"admin\" \/>\n\t<meta name=\"twitter:label2\" content=\"Dur\u00e9e de lecture estim\u00e9e\" \/>\n\t<meta name=\"twitter:data2\" content=\"3 minutes\" \/>\n<script type=\"application\/ld+json\" class=\"yoast-schema-graph\">{\"@context\":\"https:\\\/\\\/schema.org\",\"@graph\":[{\"@type\":\"Article\",\"@id\":\"https:\\\/\\\/lasentinelle.dz\\\/index.php\\\/2026\\\/04\\\/27\\\/prix-stocks-chambres-froides-et-approvisionnement-du-marche-un-systeme-dinformation-pour-tout-voir\\\/#article\",\"isPartOf\":{\"@id\":\"https:\\\/\\\/lasentinelle.dz\\\/index.php\\\/2026\\\/04\\\/27\\\/prix-stocks-chambres-froides-et-approvisionnement-du-marche-un-systeme-dinformation-pour-tout-voir\\\/\"},\"author\":{\"name\":\"admin\",\"@id\":\"https:\\\/\\\/lasentinelle.dz\\\/#\\\/schema\\\/person\\\/729ee0024f24e0b8c5ec17232f8e8b41\"},\"headline\":\"Prix, stocks, chambres froides et approvisionnement du march\u00e9\u00a0: Un syst\u00e8me d\u2019information pour tout voir\",\"datePublished\":\"2026-04-27T19:26:12+00:00\",\"dateModified\":\"2026-04-27T19:26:17+00:00\",\"mainEntityOfPage\":{\"@id\":\"https:\\\/\\\/lasentinelle.dz\\\/index.php\\\/2026\\\/04\\\/27\\\/prix-stocks-chambres-froides-et-approvisionnement-du-marche-un-systeme-dinformation-pour-tout-voir\\\/\"},\"wordCount\":595,\"commentCount\":0,\"publisher\":{\"@id\":\"https:\\\/\\\/lasentinelle.dz\\\/#organization\"},\"image\":{\"@id\":\"https:\\\/\\\/lasentinelle.dz\\\/index.php\\\/2026\\\/04\\\/27\\\/prix-stocks-chambres-froides-et-approvisionnement-du-marche-un-systeme-dinformation-pour-tout-voir\\\/#primaryimage\"},\"thumbnailUrl\":\"https:\\\/\\\/lasentinelle.dz\\\/wp-content\\\/uploads\\\/2026\\\/01\\\/marche-ramadhan.jpeg\",\"articleSection\":[\"Actualit\u00e9\"],\"inLanguage\":\"fr-FR\",\"potentialAction\":[{\"@type\":\"CommentAction\",\"name\":\"Comment\",\"target\":[\"https:\\\/\\\/lasentinelle.dz\\\/index.php\\\/2026\\\/04\\\/27\\\/prix-stocks-chambres-froides-et-approvisionnement-du-marche-un-systeme-dinformation-pour-tout-voir\\\/#respond\"]}]},{\"@type\":\"WebPage\",\"@id\":\"https:\\\/\\\/lasentinelle.dz\\\/index.php\\\/2026\\\/04\\\/27\\\/prix-stocks-chambres-froides-et-approvisionnement-du-marche-un-systeme-dinformation-pour-tout-voir\\\/\",\"url\":\"https:\\\/\\\/lasentinelle.dz\\\/index.php\\\/2026\\\/04\\\/27\\\/prix-stocks-chambres-froides-et-approvisionnement-du-marche-un-systeme-dinformation-pour-tout-voir\\\/\",\"name\":\"Prix, stocks, chambres froides et approvisionnement du march\u00e9\u00a0: Un syst\u00e8me d\u2019information pour tout voir - La Sentinelle\",\"isPartOf\":{\"@id\":\"https:\\\/\\\/lasentinelle.dz\\\/#website\"},\"primaryImageOfPage\":{\"@id\":\"https:\\\/\\\/lasentinelle.dz\\\/index.php\\\/2026\\\/04\\\/27\\\/prix-stocks-chambres-froides-et-approvisionnement-du-marche-un-systeme-dinformation-pour-tout-voir\\\/#primaryimage\"},\"image\":{\"@id\":\"https:\\\/\\\/lasentinelle.dz\\\/index.php\\\/2026\\\/04\\\/27\\\/prix-stocks-chambres-froides-et-approvisionnement-du-marche-un-systeme-dinformation-pour-tout-voir\\\/#primaryimage\"},\"thumbnailUrl\":\"https:\\\/\\\/lasentinelle.dz\\\/wp-content\\\/uploads\\\/2026\\\/01\\\/marche-ramadhan.jpeg\",\"datePublished\":\"2026-04-27T19:26:12+00:00\",\"dateModified\":\"2026-04-27T19:26:17+00:00\",\"breadcrumb\":{\"@id\":\"https:\\\/\\\/lasentinelle.dz\\\/index.php\\\/2026\\\/04\\\/27\\\/prix-stocks-chambres-froides-et-approvisionnement-du-marche-un-systeme-dinformation-pour-tout-voir\\\/#breadcrumb\"},\"inLanguage\":\"fr-FR\",\"potentialAction\":[{\"@type\":\"ReadAction\",\"target\":[\"https:\\\/\\\/lasentinelle.dz\\\/index.php\\\/2026\\\/04\\\/27\\\/prix-stocks-chambres-froides-et-approvisionnement-du-marche-un-systeme-dinformation-pour-tout-voir\\\/\"]}]},{\"@type\":\"ImageObject\",\"inLanguage\":\"fr-FR\",\"@id\":\"https:\\\/\\\/lasentinelle.dz\\\/index.php\\\/2026\\\/04\\\/27\\\/prix-stocks-chambres-froides-et-approvisionnement-du-marche-un-systeme-dinformation-pour-tout-voir\\\/#primaryimage\",\"url\":\"https:\\\/\\\/lasentinelle.dz\\\/wp-content\\\/uploads\\\/2026\\\/01\\\/marche-ramadhan.jpeg\",\"contentUrl\":\"https:\\\/\\\/lasentinelle.dz\\\/wp-content\\\/uploads\\\/2026\\\/01\\\/marche-ramadhan.jpeg\",\"width\":1024,\"height\":680},{\"@type\":\"BreadcrumbList\",\"@id\":\"https:\\\/\\\/lasentinelle.dz\\\/index.php\\\/2026\\\/04\\\/27\\\/prix-stocks-chambres-froides-et-approvisionnement-du-marche-un-systeme-dinformation-pour-tout-voir\\\/#breadcrumb\",\"itemListElement\":[{\"@type\":\"ListItem\",\"position\":1,\"name\":\"Accueil\",\"item\":\"https:\\\/\\\/lasentinelle.dz\\\/\"},{\"@type\":\"ListItem\",\"position\":2,\"name\":\"Prix, stocks, chambres froides et approvisionnement du march\u00e9\u00a0: Un syst\u00e8me d\u2019information pour tout voir\"}]},{\"@type\":\"WebSite\",\"@id\":\"https:\\\/\\\/lasentinelle.dz\\\/#website\",\"url\":\"https:\\\/\\\/lasentinelle.dz\\\/\",\"name\":\"La Sentinelle\",\"description\":\"Quotidien national d&#039;information\",\"publisher\":{\"@id\":\"https:\\\/\\\/lasentinelle.dz\\\/#organization\"},\"potentialAction\":[{\"@type\":\"SearchAction\",\"target\":{\"@type\":\"EntryPoint\",\"urlTemplate\":\"https:\\\/\\\/lasentinelle.dz\\\/?s={search_term_string}\"},\"query-input\":{\"@type\":\"PropertyValueSpecification\",\"valueRequired\":true,\"valueName\":\"search_term_string\"}}],\"inLanguage\":\"fr-FR\"},{\"@type\":\"Organization\",\"@id\":\"https:\\\/\\\/lasentinelle.dz\\\/#organization\",\"name\":\"Quotidien La Sentinelle\",\"url\":\"https:\\\/\\\/lasentinelle.dz\\\/\",\"logo\":{\"@type\":\"ImageObject\",\"inLanguage\":\"fr-FR\",\"@id\":\"https:\\\/\\\/lasentinelle.dz\\\/#\\\/schema\\\/logo\\\/image\\\/\",\"url\":\"https:\\\/\\\/lasentinelle.dz\\\/wp-content\\\/uploads\\\/2021\\\/09\\\/logo-sentinelleSLOGAN-1.png\",\"contentUrl\":\"https:\\\/\\\/lasentinelle.dz\\\/wp-content\\\/uploads\\\/2021\\\/09\\\/logo-sentinelleSLOGAN-1.png\",\"width\":615,\"height\":142,\"caption\":\"Quotidien La Sentinelle\"},\"image\":{\"@id\":\"https:\\\/\\\/lasentinelle.dz\\\/#\\\/schema\\\/logo\\\/image\\\/\"},\"sameAs\":[\"https:\\\/\\\/www.facebook.com\\\/La-Sentinelle-104059864394773\"]},{\"@type\":\"Person\",\"@id\":\"https:\\\/\\\/lasentinelle.dz\\\/#\\\/schema\\\/person\\\/729ee0024f24e0b8c5ec17232f8e8b41\",\"name\":\"admin\",\"image\":{\"@type\":\"ImageObject\",\"inLanguage\":\"fr-FR\",\"@id\":\"https:\\\/\\\/secure.gravatar.com\\\/avatar\\\/4c81fed838786e9b53f540bf46533e750f5d292099ae3b66cfc6fb1982e29df7?s=96&d=mm&r=g\",\"url\":\"https:\\\/\\\/secure.gravatar.com\\\/avatar\\\/4c81fed838786e9b53f540bf46533e750f5d292099ae3b66cfc6fb1982e29df7?s=96&d=mm&r=g\",\"contentUrl\":\"https:\\\/\\\/secure.gravatar.com\\\/avatar\\\/4c81fed838786e9b53f540bf46533e750f5d292099ae3b66cfc6fb1982e29df7?s=96&d=mm&r=g\",\"caption\":\"admin\"},\"description\":\"admin\",\"url\":\"https:\\\/\\\/lasentinelle.dz\\\/author\\\/admin\\\/\"}]}<\/script>\n<!-- \/ Yoast SEO plugin. -->","yoast_head_json":{"title":"Prix, stocks, chambres froides et approvisionnement du march\u00e9\u00a0: Un syst\u00e8me d\u2019information pour tout voir - La Sentinelle","robots":{"index":"index","follow":"follow","max-snippet":"max-snippet:-1","max-image-preview":"max-image-preview:large","max-video-preview":"max-video-preview:-1"},"canonical":"https:\/\/lasentinelle.dz\/index.php\/2026\/04\/27\/prix-stocks-chambres-froides-et-approvisionnement-du-marche-un-systeme-dinformation-pour-tout-voir\/","og_locale":"fr_FR","og_type":"article","og_title":"Prix, stocks, chambres froides et approvisionnement du march\u00e9\u00a0: Un syst\u00e8me d\u2019information pour tout voir - La Sentinelle","og_description":"Le gouvernement franchit un cap dans sa politique de r\u00e9gulation des march\u00e9s. R\u00e9unies dimanche \u00e0 Alger sur instruction du Premier","og_url":"https:\/\/lasentinelle.dz\/index.php\/2026\/04\/27\/prix-stocks-chambres-froides-et-approvisionnement-du-marche-un-systeme-dinformation-pour-tout-voir\/","og_site_name":"La Sentinelle","article_publisher":"https:\/\/www.facebook.com\/La-Sentinelle-104059864394773","article_published_time":"2026-04-27T19:26:12+00:00","article_modified_time":"2026-04-27T19:26:17+00:00","og_image":[{"width":1024,"height":680,"url":"https:\/\/lasentinelle.dz\/wp-content\/uploads\/2026\/01\/marche-ramadhan.jpeg","type":"image\/jpeg"}],"author":"admin","twitter_card":"summary_large_image","twitter_misc":{"\u00c9crit par":"admin","Dur\u00e9e de lecture estim\u00e9e":"3 minutes"},"schema":{"@context":"https:\/\/schema.org","@graph":[{"@type":"Article","@id":"https:\/\/lasentinelle.dz\/index.php\/2026\/04\/27\/prix-stocks-chambres-froides-et-approvisionnement-du-marche-un-systeme-dinformation-pour-tout-voir\/#article","isPartOf":{"@id":"https:\/\/lasentinelle.dz\/index.php\/2026\/04\/27\/prix-stocks-chambres-froides-et-approvisionnement-du-marche-un-systeme-dinformation-pour-tout-voir\/"},"author":{"name":"admin","@id":"https:\/\/lasentinelle.dz\/#\/schema\/person\/729ee0024f24e0b8c5ec17232f8e8b41"},"headline":"Prix, stocks, chambres froides et approvisionnement du march\u00e9\u00a0: Un syst\u00e8me d\u2019information pour tout voir","datePublished":"2026-04-27T19:26:12+00:00","dateModified":"2026-04-27T19:26:17+00:00","mainEntityOfPage":{"@id":"https:\/\/lasentinelle.dz\/index.php\/2026\/04\/27\/prix-stocks-chambres-froides-et-approvisionnement-du-marche-un-systeme-dinformation-pour-tout-voir\/"},"wordCount":595,"commentCount":0,"publisher":{"@id":"https:\/\/lasentinelle.dz\/#organization"},"image":{"@id":"https:\/\/lasentinelle.dz\/index.php\/2026\/04\/27\/prix-stocks-chambres-froides-et-approvisionnement-du-marche-un-systeme-dinformation-pour-tout-voir\/#primaryimage"},"thumbnailUrl":"https:\/\/lasentinelle.dz\/wp-content\/uploads\/2026\/01\/marche-ramadhan.jpeg","articleSection":["Actualit\u00e9"],"inLanguage":"fr-FR","potentialAction":[{"@type":"CommentAction","name":"Comment","target":["https:\/\/lasentinelle.dz\/index.php\/2026\/04\/27\/prix-stocks-chambres-froides-et-approvisionnement-du-marche-un-systeme-dinformation-pour-tout-voir\/#respond"]}]},{"@type":"WebPage","@id":"https:\/\/lasentinelle.dz\/index.php\/2026\/04\/27\/prix-stocks-chambres-froides-et-approvisionnement-du-marche-un-systeme-dinformation-pour-tout-voir\/","url":"https:\/\/lasentinelle.dz\/index.php\/2026\/04\/27\/prix-stocks-chambres-froides-et-approvisionnement-du-marche-un-systeme-dinformation-pour-tout-voir\/","name":"Prix, stocks, chambres froides et approvisionnement du march\u00e9\u00a0: Un syst\u00e8me d\u2019information pour tout voir - La Sentinelle","isPartOf":{"@id":"https:\/\/lasentinelle.dz\/#website"},"primaryImageOfPage":{"@id":"https:\/\/lasentinelle.dz\/index.php\/2026\/04\/27\/prix-stocks-chambres-froides-et-approvisionnement-du-marche-un-systeme-dinformation-pour-tout-voir\/#primaryimage"},"image":{"@id":"https:\/\/lasentinelle.dz\/index.php\/2026\/04\/27\/prix-stocks-chambres-froides-et-approvisionnement-du-marche-un-systeme-dinformation-pour-tout-voir\/#primaryimage"},"thumbnailUrl":"https:\/\/lasentinelle.dz\/wp-content\/uploads\/2026\/01\/marche-ramadhan.jpeg","datePublished":"2026-04-27T19:26:12+00:00","dateModified":"2026-04-27T19:26:17+00:00","breadcrumb":{"@id":"https:\/\/lasentinelle.dz\/index.php\/2026\/04\/27\/prix-stocks-chambres-froides-et-approvisionnement-du-marche-un-systeme-dinformation-pour-tout-voir\/#breadcrumb"},"inLanguage":"fr-FR","potentialAction":[{"@type":"ReadAction","target":["https:\/\/lasentinelle.dz\/index.php\/2026\/04\/27\/prix-stocks-chambres-froides-et-approvisionnement-du-marche-un-systeme-dinformation-pour-tout-voir\/"]}]},{"@type":"ImageObject","inLanguage":"fr-FR","@id":"https:\/\/lasentinelle.dz\/index.php\/2026\/04\/27\/prix-stocks-chambres-froides-et-approvisionnement-du-marche-un-systeme-dinformation-pour-tout-voir\/#primaryimage","url":"https:\/\/lasentinelle.dz\/wp-content\/uploads\/2026\/01\/marche-ramadhan.jpeg","contentUrl":"https:\/\/lasentinelle.dz\/wp-content\/uploads\/2026\/01\/marche-ramadhan.jpeg","width":1024,"height":680},{"@type":"BreadcrumbList","@id":"https:\/\/lasentinelle.dz\/index.php\/2026\/04\/27\/prix-stocks-chambres-froides-et-approvisionnement-du-marche-un-systeme-dinformation-pour-tout-voir\/#breadcrumb","itemListElement":[{"@type":"ListItem","position":1,"name":"Accueil","item":"https:\/\/lasentinelle.dz\/"},{"@type":"ListItem","position":2,"name":"Prix, stocks, chambres froides et approvisionnement du march\u00e9\u00a0: Un syst\u00e8me d\u2019information pour tout voir"}]},{"@type":"WebSite","@id":"https:\/\/lasentinelle.dz\/#website","url":"https:\/\/lasentinelle.dz\/","name":"La Sentinelle","description":"Quotidien national d&#039;information","publisher":{"@id":"https:\/\/lasentinelle.dz\/#organization"},"potentialAction":[{"@type":"SearchAction","target":{"@type":"EntryPoint","urlTemplate":"https:\/\/lasentinelle.dz\/?s={search_term_string}"},"query-input":{"@type":"PropertyValueSpecification","valueRequired":true,"valueName":"search_term_string"}}],"inLanguage":"fr-FR"},{"@type":"Organization","@id":"https:\/\/lasentinelle.dz\/#organization","name":"Quotidien La Sentinelle","url":"https:\/\/lasentinelle.dz\/","logo":{"@type":"ImageObject","inLanguage":"fr-FR","@id":"https:\/\/lasentinelle.dz\/#\/schema\/logo\/image\/","url":"https:\/\/lasentinelle.dz\/wp-content\/uploads\/2021\/09\/logo-sentinelleSLOGAN-1.png","contentUrl":"https:\/\/lasentinelle.dz\/wp-content\/uploads\/2021\/09\/logo-sentinelleSLOGAN-1.png","width":615,"height":142,"caption":"Quotidien La Sentinelle"},"image":{"@id":"https:\/\/lasentinelle.dz\/#\/schema\/logo\/image\/"},"sameAs":["https:\/\/www.facebook.com\/La-Sentinelle-104059864394773"]},{"@type":"Person","@id":"https:\/\/lasentinelle.dz\/#\/schema\/person\/729ee0024f24e0b8c5ec17232f8e8b41","name":"admin","image":{"@type":"ImageObject","inLanguage":"fr-FR","@id":"https:\/\/secure.gravatar.com\/avatar\/4c81fed838786e9b53f540bf46533e750f5d292099ae3b66cfc6fb1982e29df7?s=96&d=mm&r=g","url":"https:\/\/secure.gravatar.com\/avatar\/4c81fed838786e9b53f540bf46533e750f5d292099ae3b66cfc6fb1982e29df7?s=96&d=mm&r=g","contentUrl":"https:\/\/secure.gravatar.com\/avatar\/4c81fed838786e9b53f540bf46533e750f5d292099ae3b66cfc6fb1982e29df7?s=96&d=mm&r=g","caption":"admin"},"description":"admin","url":"https:\/\/lasentinelle.dz\/author\/admin\/"}]}},"_links":{"self":[{"href":"https:\/\/lasentinelle.dz\/index.php\/wp-json\/wp\/v2\/posts\/86596","targetHints":{"allow":["GET"]}}],"collection":[{"href":"https:\/\/lasentinelle.dz\/index.php\/wp-json\/wp\/v2\/posts"}],"about":[{"href":"https:\/\/lasentinelle.dz\/index.php\/wp-json\/wp\/v2\/types\/post"}],"author":[{"embeddable":true,"href":"https:\/\/lasentinelle.dz\/index.php\/wp-json\/wp\/v2\/users\/6"}],"replies":[{"embeddable":true,"href":"https:\/\/lasentinelle.dz\/index.php\/wp-json\/wp\/v2\/comments?post=86596"}],"version-history":[{"count":1,"href":"https:\/\/lasentinelle.dz\/index.php\/wp-json\/wp\/v2\/posts\/86596\/revisions"}],"predecessor-version":[{"id":86597,"href":"https:\/\/lasentinelle.dz\/index.php\/wp-json\/wp\/v2\/posts\/86596\/revisions\/86597"}],"wp:featuredmedia":[{"embeddable":true,"href":"https:\/\/lasentinelle.dz\/index.php\/wp-json\/wp\/v2\/media\/79475"}],"wp:attachment":[{"href":"https:\/\/lasentinelle.dz\/index.php\/wp-json\/wp\/v2\/media?parent=86596"}],"wp:term":[{"taxonomy":"category","embeddable":true,"href":"https:\/\/lasentinelle.dz\/index.php\/wp-json\/wp\/v2\/categories?post=86596"},{"taxonomy":"post_tag","embeddable":true,"href":"https:\/\/lasentinelle.dz\/index.php\/wp-json\/wp\/v2\/tags?post=86596"}],"curies":[{"name":"wp","href":"https:\/\/api.w.org\/{rel}","templated":true}]}}