{"id":86605,"date":"2026-04-28T19:45:43","date_gmt":"2026-04-28T18:45:43","guid":{"rendered":"https:\/\/lasentinelle.dz\/?p=86605"},"modified":"2026-04-28T19:45:46","modified_gmt":"2026-04-28T18:45:46","slug":"fete-des-travailleurs-la-journee-du-vendredi-1er-mai-chomee-et-payee","status":"publish","type":"post","link":"https:\/\/lasentinelle.dz\/index.php\/2026\/04\/28\/fete-des-travailleurs-la-journee-du-vendredi-1er-mai-chomee-et-payee\/","title":{"rendered":"F\u00eate des travailleurs : la journ\u00e9e du vendredi 1er mai ch\u00f4m\u00e9e et pay\u00e9e"},"content":{"rendered":"\n<p>La journ\u00e9e du vendredi 1er mai 2026, f\u00eate des travailleurs, sera ch\u00f4m\u00e9e et pay\u00e9e pour l&rsquo;ensemble des personnels des institutions et administrations publiques et des \u00e9tablissements et offices publics et priv\u00e9s, indique mardi, un communiqu\u00e9 commun du minist\u00e8re du Travail, de l&rsquo;Emploi et de la S\u00e9curit\u00e9 sociale et de la Direction g\u00e9n\u00e9rale de la Fonction publique et de la R\u00e9forme administrative. \u00ab\u00a0A l&rsquo;occasion de la f\u00eate des travailleurs et conform\u00e9ment aux dispositions de la loi 63-278 du 26 juillet 1963 modifi\u00e9e et compl\u00e9t\u00e9e fixant la liste des f\u00eates l\u00e9gales, la journ\u00e9e du vendredi 1er mai 2026 est ch\u00f4m\u00e9e et pay\u00e9e pour l&rsquo;ensemble des personnels des institutions et administrations publiques et des \u00e9tablissements et offices publics et priv\u00e9s, ainsi que pour les personnels des entreprises publiques et priv\u00e9es, tous secteurs et statuts confondus, y compris les personnels pay\u00e9s \u00e0 l&rsquo;heure ou \u00e0 la journ\u00e9e\u00a0\u00bb, pr\u00e9cise le communiqu\u00e9. \u00ab\u00a0Toutefois, les institutions, administrations, \u00e9tablissements, offices et entreprises pr\u00e9cit\u00e9s sont tenus de prendre les mesures n\u00e9cessaires pour assurer la continuit\u00e9 des services organis\u00e9s en mode de travail post\u00e9\u00a0\u00bb, souligne la m\u00eame source.<\/p>\n\n\n\n<p>APS<\/p>\n","protected":false},"excerpt":{"rendered":"<p>La journ\u00e9e du vendredi 1er mai 2026, f\u00eate des travailleurs, sera ch\u00f4m\u00e9e et pay\u00e9e pour l&rsquo;ensemble des personnels des institutions<\/p>\n","protected":false},"author":6,"featured_media":40783,"comment_status":"open","ping_status":"closed","sticky":false,"template":"","format":"standard","meta":{"colormag_page_container_layout":"default_layout","colormag_page_sidebar_layout":"default_layout","om_disable_all_campaigns":false,"_monsterinsights_skip_tracking":false,"_monsterinsights_sitenote_active":false,"_monsterinsights_sitenote_note":"","_monsterinsights_sitenote_category":0,"footnotes":"","_wpscppro_dont_share_socialmedia":false,"_wpscppro_custom_social_share_image":0,"_facebook_share_type":"default","_twitter_share_type":"default","_linkedin_share_type":"default","_pinterest_share_type":"default","_linkedin_share_type_page":"","_instagram_share_type":"default","_medium_share_type":"default","_threads_share_type":"default","_google_business_share_type":"default","_selected_social_profile":[],"_wpsp_enable_custom_social_template":false,"_wpsp_social_scheduling":{"enabled":false,"datetime":null,"platforms":[],"status":"template_only","dateOption":"today","timeOption":"now","customDays":"","customHours":"","customDate":"","customTime":"","schedulingType":"absolute"},"_wpsp_active_default_template":true},"categories":[27],"tags":[],"class_list":["post-86605","post","type-post","status-publish","format-standard","has-post-thumbnail","hentry","category-actualite"],"aioseo_notices":[],"yoast_head":"<!-- This site is optimized with the Yoast SEO plugin v27.5 - https:\/\/yoast.com\/product\/yoast-seo-wordpress\/ -->\n<title>F\u00eate des travailleurs : la journ\u00e9e du vendredi 1er mai ch\u00f4m\u00e9e et pay\u00e9e - La Sentinelle<\/title>\n<meta name=\"robots\" content=\"index, follow, max-snippet:-1, max-image-preview:large, max-video-preview:-1\" \/>\n<link rel=\"canonical\" href=\"https:\/\/lasentinelle.dz\/index.php\/2026\/04\/28\/fete-des-travailleurs-la-journee-du-vendredi-1er-mai-chomee-et-payee\/\" \/>\n<meta property=\"og:locale\" content=\"fr_FR\" \/>\n<meta property=\"og:type\" content=\"article\" \/>\n<meta property=\"og:title\" content=\"F\u00eate des travailleurs : la journ\u00e9e du vendredi 1er mai ch\u00f4m\u00e9e et pay\u00e9e - La Sentinelle\" \/>\n<meta property=\"og:description\" content=\"La journ\u00e9e du vendredi 1er mai 2026, f\u00eate des travailleurs, sera ch\u00f4m\u00e9e et pay\u00e9e pour l&rsquo;ensemble des personnels des institutions\" \/>\n<meta property=\"og:url\" content=\"https:\/\/lasentinelle.dz\/index.php\/2026\/04\/28\/fete-des-travailleurs-la-journee-du-vendredi-1er-mai-chomee-et-payee\/\" \/>\n<meta property=\"og:site_name\" content=\"La Sentinelle\" \/>\n<meta property=\"article:publisher\" content=\"https:\/\/www.facebook.com\/La-Sentinelle-104059864394773\" \/>\n<meta property=\"article:published_time\" content=\"2026-04-28T18:45:43+00:00\" \/>\n<meta property=\"article:modified_time\" content=\"2026-04-28T18:45:46+00:00\" \/>\n<meta property=\"og:image\" content=\"https:\/\/lasentinelle.dz\/wp-content\/uploads\/2023\/05\/ministere-du-travail.png\" \/>\n\t<meta property=\"og:image:width\" content=\"1595\" \/>\n\t<meta property=\"og:image:height\" content=\"900\" \/>\n\t<meta property=\"og:image:type\" content=\"image\/png\" \/>\n<meta name=\"author\" content=\"admin\" \/>\n<meta name=\"twitter:card\" content=\"summary_large_image\" \/>\n<meta name=\"twitter:label1\" content=\"\u00c9crit par\" \/>\n\t<meta name=\"twitter:data1\" content=\"admin\" \/>\n\t<meta name=\"twitter:label2\" content=\"Dur\u00e9e de lecture estim\u00e9e\" \/>\n\t<meta name=\"twitter:data2\" content=\"2 minutes\" \/>\n<script type=\"application\/ld+json\" class=\"yoast-schema-graph\">{\"@context\":\"https:\\\/\\\/schema.org\",\"@graph\":[{\"@type\":\"Article\",\"@id\":\"https:\\\/\\\/lasentinelle.dz\\\/index.php\\\/2026\\\/04\\\/28\\\/fete-des-travailleurs-la-journee-du-vendredi-1er-mai-chomee-et-payee\\\/#article\",\"isPartOf\":{\"@id\":\"https:\\\/\\\/lasentinelle.dz\\\/index.php\\\/2026\\\/04\\\/28\\\/fete-des-travailleurs-la-journee-du-vendredi-1er-mai-chomee-et-payee\\\/\"},\"author\":{\"name\":\"admin\",\"@id\":\"https:\\\/\\\/lasentinelle.dz\\\/#\\\/schema\\\/person\\\/729ee0024f24e0b8c5ec17232f8e8b41\"},\"headline\":\"F\u00eate des travailleurs : la journ\u00e9e du vendredi 1er mai ch\u00f4m\u00e9e et pay\u00e9e\",\"datePublished\":\"2026-04-28T18:45:43+00:00\",\"dateModified\":\"2026-04-28T18:45:46+00:00\",\"mainEntityOfPage\":{\"@id\":\"https:\\\/\\\/lasentinelle.dz\\\/index.php\\\/2026\\\/04\\\/28\\\/fete-des-travailleurs-la-journee-du-vendredi-1er-mai-chomee-et-payee\\\/\"},\"wordCount\":227,\"commentCount\":0,\"publisher\":{\"@id\":\"https:\\\/\\\/lasentinelle.dz\\\/#organization\"},\"image\":{\"@id\":\"https:\\\/\\\/lasentinelle.dz\\\/index.php\\\/2026\\\/04\\\/28\\\/fete-des-travailleurs-la-journee-du-vendredi-1er-mai-chomee-et-payee\\\/#primaryimage\"},\"thumbnailUrl\":\"https:\\\/\\\/lasentinelle.dz\\\/wp-content\\\/uploads\\\/2023\\\/05\\\/ministere-du-travail.png\",\"articleSection\":[\"Actualit\u00e9\"],\"inLanguage\":\"fr-FR\",\"potentialAction\":[{\"@type\":\"CommentAction\",\"name\":\"Comment\",\"target\":[\"https:\\\/\\\/lasentinelle.dz\\\/index.php\\\/2026\\\/04\\\/28\\\/fete-des-travailleurs-la-journee-du-vendredi-1er-mai-chomee-et-payee\\\/#respond\"]}]},{\"@type\":\"WebPage\",\"@id\":\"https:\\\/\\\/lasentinelle.dz\\\/index.php\\\/2026\\\/04\\\/28\\\/fete-des-travailleurs-la-journee-du-vendredi-1er-mai-chomee-et-payee\\\/\",\"url\":\"https:\\\/\\\/lasentinelle.dz\\\/index.php\\\/2026\\\/04\\\/28\\\/fete-des-travailleurs-la-journee-du-vendredi-1er-mai-chomee-et-payee\\\/\",\"name\":\"F\u00eate des travailleurs : la journ\u00e9e du vendredi 1er mai ch\u00f4m\u00e9e et pay\u00e9e - La Sentinelle\",\"isPartOf\":{\"@id\":\"https:\\\/\\\/lasentinelle.dz\\\/#website\"},\"primaryImageOfPage\":{\"@id\":\"https:\\\/\\\/lasentinelle.dz\\\/index.php\\\/2026\\\/04\\\/28\\\/fete-des-travailleurs-la-journee-du-vendredi-1er-mai-chomee-et-payee\\\/#primaryimage\"},\"image\":{\"@id\":\"https:\\\/\\\/lasentinelle.dz\\\/index.php\\\/2026\\\/04\\\/28\\\/fete-des-travailleurs-la-journee-du-vendredi-1er-mai-chomee-et-payee\\\/#primaryimage\"},\"thumbnailUrl\":\"https:\\\/\\\/lasentinelle.dz\\\/wp-content\\\/uploads\\\/2023\\\/05\\\/ministere-du-travail.png\",\"datePublished\":\"2026-04-28T18:45:43+00:00\",\"dateModified\":\"2026-04-28T18:45:46+00:00\",\"breadcrumb\":{\"@id\":\"https:\\\/\\\/lasentinelle.dz\\\/index.php\\\/2026\\\/04\\\/28\\\/fete-des-travailleurs-la-journee-du-vendredi-1er-mai-chomee-et-payee\\\/#breadcrumb\"},\"inLanguage\":\"fr-FR\",\"potentialAction\":[{\"@type\":\"ReadAction\",\"target\":[\"https:\\\/\\\/lasentinelle.dz\\\/index.php\\\/2026\\\/04\\\/28\\\/fete-des-travailleurs-la-journee-du-vendredi-1er-mai-chomee-et-payee\\\/\"]}]},{\"@type\":\"ImageObject\",\"inLanguage\":\"fr-FR\",\"@id\":\"https:\\\/\\\/lasentinelle.dz\\\/index.php\\\/2026\\\/04\\\/28\\\/fete-des-travailleurs-la-journee-du-vendredi-1er-mai-chomee-et-payee\\\/#primaryimage\",\"url\":\"https:\\\/\\\/lasentinelle.dz\\\/wp-content\\\/uploads\\\/2023\\\/05\\\/ministere-du-travail.png\",\"contentUrl\":\"https:\\\/\\\/lasentinelle.dz\\\/wp-content\\\/uploads\\\/2023\\\/05\\\/ministere-du-travail.png\",\"width\":1595,\"height\":900},{\"@type\":\"BreadcrumbList\",\"@id\":\"https:\\\/\\\/lasentinelle.dz\\\/index.php\\\/2026\\\/04\\\/28\\\/fete-des-travailleurs-la-journee-du-vendredi-1er-mai-chomee-et-payee\\\/#breadcrumb\",\"itemListElement\":[{\"@type\":\"ListItem\",\"position\":1,\"name\":\"Accueil\",\"item\":\"https:\\\/\\\/lasentinelle.dz\\\/\"},{\"@type\":\"ListItem\",\"position\":2,\"name\":\"F\u00eate des travailleurs : la journ\u00e9e du vendredi 1er mai ch\u00f4m\u00e9e et pay\u00e9e\"}]},{\"@type\":\"WebSite\",\"@id\":\"https:\\\/\\\/lasentinelle.dz\\\/#website\",\"url\":\"https:\\\/\\\/lasentinelle.dz\\\/\",\"name\":\"La Sentinelle\",\"description\":\"Quotidien national d&#039;information\",\"publisher\":{\"@id\":\"https:\\\/\\\/lasentinelle.dz\\\/#organization\"},\"potentialAction\":[{\"@type\":\"SearchAction\",\"target\":{\"@type\":\"EntryPoint\",\"urlTemplate\":\"https:\\\/\\\/lasentinelle.dz\\\/?s={search_term_string}\"},\"query-input\":{\"@type\":\"PropertyValueSpecification\",\"valueRequired\":true,\"valueName\":\"search_term_string\"}}],\"inLanguage\":\"fr-FR\"},{\"@type\":\"Organization\",\"@id\":\"https:\\\/\\\/lasentinelle.dz\\\/#organization\",\"name\":\"Quotidien La Sentinelle\",\"url\":\"https:\\\/\\\/lasentinelle.dz\\\/\",\"logo\":{\"@type\":\"ImageObject\",\"inLanguage\":\"fr-FR\",\"@id\":\"https:\\\/\\\/lasentinelle.dz\\\/#\\\/schema\\\/logo\\\/image\\\/\",\"url\":\"https:\\\/\\\/lasentinelle.dz\\\/wp-content\\\/uploads\\\/2021\\\/09\\\/logo-sentinelleSLOGAN-1.png\",\"contentUrl\":\"https:\\\/\\\/lasentinelle.dz\\\/wp-content\\\/uploads\\\/2021\\\/09\\\/logo-sentinelleSLOGAN-1.png\",\"width\":615,\"height\":142,\"caption\":\"Quotidien La Sentinelle\"},\"image\":{\"@id\":\"https:\\\/\\\/lasentinelle.dz\\\/#\\\/schema\\\/logo\\\/image\\\/\"},\"sameAs\":[\"https:\\\/\\\/www.facebook.com\\\/La-Sentinelle-104059864394773\"]},{\"@type\":\"Person\",\"@id\":\"https:\\\/\\\/lasentinelle.dz\\\/#\\\/schema\\\/person\\\/729ee0024f24e0b8c5ec17232f8e8b41\",\"name\":\"admin\",\"image\":{\"@type\":\"ImageObject\",\"inLanguage\":\"fr-FR\",\"@id\":\"https:\\\/\\\/secure.gravatar.com\\\/avatar\\\/4c81fed838786e9b53f540bf46533e750f5d292099ae3b66cfc6fb1982e29df7?s=96&d=mm&r=g\",\"url\":\"https:\\\/\\\/secure.gravatar.com\\\/avatar\\\/4c81fed838786e9b53f540bf46533e750f5d292099ae3b66cfc6fb1982e29df7?s=96&d=mm&r=g\",\"contentUrl\":\"https:\\\/\\\/secure.gravatar.com\\\/avatar\\\/4c81fed838786e9b53f540bf46533e750f5d292099ae3b66cfc6fb1982e29df7?s=96&d=mm&r=g\",\"caption\":\"admin\"},\"description\":\"admin\",\"url\":\"https:\\\/\\\/lasentinelle.dz\\\/author\\\/admin\\\/\"}]}<\/script>\n<!-- \/ Yoast SEO plugin. -->","yoast_head_json":{"title":"F\u00eate des travailleurs : la journ\u00e9e du vendredi 1er mai ch\u00f4m\u00e9e et pay\u00e9e - La Sentinelle","robots":{"index":"index","follow":"follow","max-snippet":"max-snippet:-1","max-image-preview":"max-image-preview:large","max-video-preview":"max-video-preview:-1"},"canonical":"https:\/\/lasentinelle.dz\/index.php\/2026\/04\/28\/fete-des-travailleurs-la-journee-du-vendredi-1er-mai-chomee-et-payee\/","og_locale":"fr_FR","og_type":"article","og_title":"F\u00eate des travailleurs : la journ\u00e9e du vendredi 1er mai ch\u00f4m\u00e9e et pay\u00e9e - La Sentinelle","og_description":"La journ\u00e9e du vendredi 1er mai 2026, f\u00eate des travailleurs, sera ch\u00f4m\u00e9e et pay\u00e9e pour l&rsquo;ensemble des personnels des institutions","og_url":"https:\/\/lasentinelle.dz\/index.php\/2026\/04\/28\/fete-des-travailleurs-la-journee-du-vendredi-1er-mai-chomee-et-payee\/","og_site_name":"La Sentinelle","article_publisher":"https:\/\/www.facebook.com\/La-Sentinelle-104059864394773","article_published_time":"2026-04-28T18:45:43+00:00","article_modified_time":"2026-04-28T18:45:46+00:00","og_image":[{"width":1595,"height":900,"url":"https:\/\/lasentinelle.dz\/wp-content\/uploads\/2023\/05\/ministere-du-travail.png","type":"image\/png"}],"author":"admin","twitter_card":"summary_large_image","twitter_misc":{"\u00c9crit par":"admin","Dur\u00e9e de lecture estim\u00e9e":"2 minutes"},"schema":{"@context":"https:\/\/schema.org","@graph":[{"@type":"Article","@id":"https:\/\/lasentinelle.dz\/index.php\/2026\/04\/28\/fete-des-travailleurs-la-journee-du-vendredi-1er-mai-chomee-et-payee\/#article","isPartOf":{"@id":"https:\/\/lasentinelle.dz\/index.php\/2026\/04\/28\/fete-des-travailleurs-la-journee-du-vendredi-1er-mai-chomee-et-payee\/"},"author":{"name":"admin","@id":"https:\/\/lasentinelle.dz\/#\/schema\/person\/729ee0024f24e0b8c5ec17232f8e8b41"},"headline":"F\u00eate des travailleurs : la journ\u00e9e du vendredi 1er mai ch\u00f4m\u00e9e et pay\u00e9e","datePublished":"2026-04-28T18:45:43+00:00","dateModified":"2026-04-28T18:45:46+00:00","mainEntityOfPage":{"@id":"https:\/\/lasentinelle.dz\/index.php\/2026\/04\/28\/fete-des-travailleurs-la-journee-du-vendredi-1er-mai-chomee-et-payee\/"},"wordCount":227,"commentCount":0,"publisher":{"@id":"https:\/\/lasentinelle.dz\/#organization"},"image":{"@id":"https:\/\/lasentinelle.dz\/index.php\/2026\/04\/28\/fete-des-travailleurs-la-journee-du-vendredi-1er-mai-chomee-et-payee\/#primaryimage"},"thumbnailUrl":"https:\/\/lasentinelle.dz\/wp-content\/uploads\/2023\/05\/ministere-du-travail.png","articleSection":["Actualit\u00e9"],"inLanguage":"fr-FR","potentialAction":[{"@type":"CommentAction","name":"Comment","target":["https:\/\/lasentinelle.dz\/index.php\/2026\/04\/28\/fete-des-travailleurs-la-journee-du-vendredi-1er-mai-chomee-et-payee\/#respond"]}]},{"@type":"WebPage","@id":"https:\/\/lasentinelle.dz\/index.php\/2026\/04\/28\/fete-des-travailleurs-la-journee-du-vendredi-1er-mai-chomee-et-payee\/","url":"https:\/\/lasentinelle.dz\/index.php\/2026\/04\/28\/fete-des-travailleurs-la-journee-du-vendredi-1er-mai-chomee-et-payee\/","name":"F\u00eate des travailleurs : la journ\u00e9e du vendredi 1er mai ch\u00f4m\u00e9e et pay\u00e9e - La Sentinelle","isPartOf":{"@id":"https:\/\/lasentinelle.dz\/#website"},"primaryImageOfPage":{"@id":"https:\/\/lasentinelle.dz\/index.php\/2026\/04\/28\/fete-des-travailleurs-la-journee-du-vendredi-1er-mai-chomee-et-payee\/#primaryimage"},"image":{"@id":"https:\/\/lasentinelle.dz\/index.php\/2026\/04\/28\/fete-des-travailleurs-la-journee-du-vendredi-1er-mai-chomee-et-payee\/#primaryimage"},"thumbnailUrl":"https:\/\/lasentinelle.dz\/wp-content\/uploads\/2023\/05\/ministere-du-travail.png","datePublished":"2026-04-28T18:45:43+00:00","dateModified":"2026-04-28T18:45:46+00:00","breadcrumb":{"@id":"https:\/\/lasentinelle.dz\/index.php\/2026\/04\/28\/fete-des-travailleurs-la-journee-du-vendredi-1er-mai-chomee-et-payee\/#breadcrumb"},"inLanguage":"fr-FR","potentialAction":[{"@type":"ReadAction","target":["https:\/\/lasentinelle.dz\/index.php\/2026\/04\/28\/fete-des-travailleurs-la-journee-du-vendredi-1er-mai-chomee-et-payee\/"]}]},{"@type":"ImageObject","inLanguage":"fr-FR","@id":"https:\/\/lasentinelle.dz\/index.php\/2026\/04\/28\/fete-des-travailleurs-la-journee-du-vendredi-1er-mai-chomee-et-payee\/#primaryimage","url":"https:\/\/lasentinelle.dz\/wp-content\/uploads\/2023\/05\/ministere-du-travail.png","contentUrl":"https:\/\/lasentinelle.dz\/wp-content\/uploads\/2023\/05\/ministere-du-travail.png","width":1595,"height":900},{"@type":"BreadcrumbList","@id":"https:\/\/lasentinelle.dz\/index.php\/2026\/04\/28\/fete-des-travailleurs-la-journee-du-vendredi-1er-mai-chomee-et-payee\/#breadcrumb","itemListElement":[{"@type":"ListItem","position":1,"name":"Accueil","item":"https:\/\/lasentinelle.dz\/"},{"@type":"ListItem","position":2,"name":"F\u00eate des travailleurs : la journ\u00e9e du vendredi 1er mai ch\u00f4m\u00e9e et pay\u00e9e"}]},{"@type":"WebSite","@id":"https:\/\/lasentinelle.dz\/#website","url":"https:\/\/lasentinelle.dz\/","name":"La Sentinelle","description":"Quotidien national d&#039;information","publisher":{"@id":"https:\/\/lasentinelle.dz\/#organization"},"potentialAction":[{"@type":"SearchAction","target":{"@type":"EntryPoint","urlTemplate":"https:\/\/lasentinelle.dz\/?s={search_term_string}"},"query-input":{"@type":"PropertyValueSpecification","valueRequired":true,"valueName":"search_term_string"}}],"inLanguage":"fr-FR"},{"@type":"Organization","@id":"https:\/\/lasentinelle.dz\/#organization","name":"Quotidien La Sentinelle","url":"https:\/\/lasentinelle.dz\/","logo":{"@type":"ImageObject","inLanguage":"fr-FR","@id":"https:\/\/lasentinelle.dz\/#\/schema\/logo\/image\/","url":"https:\/\/lasentinelle.dz\/wp-content\/uploads\/2021\/09\/logo-sentinelleSLOGAN-1.png","contentUrl":"https:\/\/lasentinelle.dz\/wp-content\/uploads\/2021\/09\/logo-sentinelleSLOGAN-1.png","width":615,"height":142,"caption":"Quotidien La Sentinelle"},"image":{"@id":"https:\/\/lasentinelle.dz\/#\/schema\/logo\/image\/"},"sameAs":["https:\/\/www.facebook.com\/La-Sentinelle-104059864394773"]},{"@type":"Person","@id":"https:\/\/lasentinelle.dz\/#\/schema\/person\/729ee0024f24e0b8c5ec17232f8e8b41","name":"admin","image":{"@type":"ImageObject","inLanguage":"fr-FR","@id":"https:\/\/secure.gravatar.com\/avatar\/4c81fed838786e9b53f540bf46533e750f5d292099ae3b66cfc6fb1982e29df7?s=96&d=mm&r=g","url":"https:\/\/secure.gravatar.com\/avatar\/4c81fed838786e9b53f540bf46533e750f5d292099ae3b66cfc6fb1982e29df7?s=96&d=mm&r=g","contentUrl":"https:\/\/secure.gravatar.com\/avatar\/4c81fed838786e9b53f540bf46533e750f5d292099ae3b66cfc6fb1982e29df7?s=96&d=mm&r=g","caption":"admin"},"description":"admin","url":"https:\/\/lasentinelle.dz\/author\/admin\/"}]}},"_links":{"self":[{"href":"https:\/\/lasentinelle.dz\/index.php\/wp-json\/wp\/v2\/posts\/86605","targetHints":{"allow":["GET"]}}],"collection":[{"href":"https:\/\/lasentinelle.dz\/index.php\/wp-json\/wp\/v2\/posts"}],"about":[{"href":"https:\/\/lasentinelle.dz\/index.php\/wp-json\/wp\/v2\/types\/post"}],"author":[{"embeddable":true,"href":"https:\/\/lasentinelle.dz\/index.php\/wp-json\/wp\/v2\/users\/6"}],"replies":[{"embeddable":true,"href":"https:\/\/lasentinelle.dz\/index.php\/wp-json\/wp\/v2\/comments?post=86605"}],"version-history":[{"count":1,"href":"https:\/\/lasentinelle.dz\/index.php\/wp-json\/wp\/v2\/posts\/86605\/revisions"}],"predecessor-version":[{"id":86606,"href":"https:\/\/lasentinelle.dz\/index.php\/wp-json\/wp\/v2\/posts\/86605\/revisions\/86606"}],"wp:featuredmedia":[{"embeddable":true,"href":"https:\/\/lasentinelle.dz\/index.php\/wp-json\/wp\/v2\/media\/40783"}],"wp:attachment":[{"href":"https:\/\/lasentinelle.dz\/index.php\/wp-json\/wp\/v2\/media?parent=86605"}],"wp:term":[{"taxonomy":"category","embeddable":true,"href":"https:\/\/lasentinelle.dz\/index.php\/wp-json\/wp\/v2\/categories?post=86605"},{"taxonomy":"post_tag","embeddable":true,"href":"https:\/\/lasentinelle.dz\/index.php\/wp-json\/wp\/v2\/tags?post=86605"}],"curies":[{"name":"wp","href":"https:\/\/api.w.org\/{rel}","templated":true}]}}