{"id":86613,"date":"2026-04-28T20:18:49","date_gmt":"2026-04-28T19:18:49","guid":{"rendered":"https:\/\/lasentinelle.dz\/?p=86613"},"modified":"2026-04-28T20:18:54","modified_gmt":"2026-04-28T19:18:54","slug":"hadda-projete-au-festival-mediterraneen-dannaba-un-hommage-aux-figures-de-lombre","status":"publish","type":"post","link":"https:\/\/lasentinelle.dz\/index.php\/2026\/04\/28\/hadda-projete-au-festival-mediterraneen-dannaba-un-hommage-aux-figures-de-lombre\/","title":{"rendered":"\u00ab\u00a0Hadda\u00a0\u00bb projet\u00e9 au Festival m\u00e9diterran\u00e9en d&rsquo;Annaba\u00a0: Un hommage aux figures de l\u2019ombre"},"content":{"rendered":"\n<p>Soixante-seize minutes pour raconter ce que les livres d&rsquo;histoire r\u00e9sument en quelques lignes. Lundi apr\u00e8s-midi, le th\u00e9\u00e2tre r\u00e9gional Azzedine Medjoubi d&rsquo;Annaba a accueilli l&rsquo;avant-premi\u00e8re de <em>Hadda<\/em>, un long-m\u00e9trage sign\u00e9 Ahmed Riad qui met en sc\u00e8ne une infirmi\u00e8re engag\u00e9e dans la guerre de lib\u00e9ration nationale. Une projection attendue, dans le cadre d&rsquo;un 6\u00e8me Festival du film m\u00e9diterran\u00e9en (24-30 avril) qui confirme, \u00e9dition apr\u00e8s \u00e9dition, sa place dans le calendrier cin\u00e9matographique de la rive sud. Le film suit le parcours de Hadda, Moudjahida soignante dont l&rsquo;histoire incarne, selon le r\u00e9alisateur, \u00ab l&rsquo;h\u00e9ro\u00efsme de la femme alg\u00e9rienne durant la glorieuse R\u00e9volution \u00bb. Le r\u00f4le est tenu par Lydia Larini, actrice alg\u00e9rienne dont la pr\u00e9sence \u00e0 l&rsquo;\u00e9cran portait lundi soir le poids d&rsquo;un personnage construit sur le sacrifice et l&rsquo;engagement. Ahmed Riad, qui signe ici son deuxi\u00e8me long-m\u00e9trage, a confi\u00e9 que cette \u0153uvre \u00ab ambitionne de contribuer \u00e0 la pr\u00e9servation de la m\u00e9moire nationale \u00bb. Une ambition que le cin\u00e9ma alg\u00e9rien porte souvent, pas toujours avec bonheur \u2014 mais qui, dans le cadre d&rsquo;un festival \u00e0 vocation m\u00e9diterran\u00e9enne, prend un relief particulier : raconter sa propre histoire devant des regards venus d&rsquo;ailleurs oblige \u00e0 une certaine exigence narrative.<\/p>\n\n\n\n<p>Le festival, lui, ne se r\u00e9duit pas \u00e0 cette seule avant-premi\u00e8re. Quatorze films documentaires sont en lice dans leur cat\u00e9gorie, soumis au verdict d&rsquo;un jury international r\u00e9uni autour de l&rsquo;Italien Paolo Sodi, directeur de la photographie qui en assure la pr\u00e9sidence. Deux autres regards compl\u00e8tent l&rsquo;\u00e9quipe : la productrice espagnole Sara Mansanet Royo et l&rsquo;ing\u00e9nieur du son alg\u00e9rien Kamel Mekser. Un trio qui couvre \u00e0 lui seul trois m\u00e9tiers fondamentaux du cin\u00e9ma, ce qui n&rsquo;est pas sans signification pour un festival qui revendique l&rsquo;attention port\u00e9e \u00e0 la fabrication des films autant qu&rsquo;\u00e0 leur r\u00e9ception.<\/p>\n\n\n\n<p>En marge de la comp\u00e9tition, les s\u00e9ances <em>Classic screening<\/em> offrent un autre plaisir, plus contemplatif. <em>Bab El Hadid<\/em> et <em>Retour de l&rsquo;enfant prodigue<\/em>, deux \u0153uvres du r\u00e9alisateur \u00e9gyptien Youcef Chahine, disparu en 2008, y sont projet\u00e9es. Revoir Chahine \u00e0 Annaba, c&rsquo;est rappeler ce que la M\u00e9diterran\u00e9e a produit de plus singulier en mati\u00e8re de cin\u00e9ma : une mani\u00e8re de filmer les foules, les corps, les villes en crise, avec une \u00e9nergie formelle que beaucoup ont imit\u00e9 sans jamais vraiment \u00e9galer.<\/p>\n\n\n\n<p>La soir\u00e9e de dimanche avait donn\u00e9 le ton avec une s\u00e9lection de courts-m\u00e9trages qui disait quelque chose de l&rsquo;\u00e9tat du cin\u00e9ma m\u00e9diterran\u00e9en contemporain. Du c\u00f4t\u00e9 alg\u00e9rien, <em>La gu\u00e9rison<\/em> de Sirine Ascir et <em>Le reflet : ceux qui restent<\/em> de Borhane Cherbal. Du c\u00f4t\u00e9 de la Palestine, <em>Je sais que tu peux m&rsquo;entendre<\/em> et <em>El Qaher<\/em>, deux titres dont les seuls intitul\u00e9s suffisent \u00e0 situer le propos. La Slov\u00e9nie, la Gr\u00e8ce, le Liban, l&rsquo;Italie, l&rsquo;\u00c9gypte, l&rsquo;Espagne et la Turquie compl\u00e9taient ce tour de bassin m\u00e9diterran\u00e9en en format court. Autant de mani\u00e8res diff\u00e9rentes de cadrer un visage, une rue, un silence.<\/p>\n\n\n\n<p>Mohand S.<\/p>\n","protected":false},"excerpt":{"rendered":"<p>Soixante-seize minutes pour raconter ce que les livres d&rsquo;histoire r\u00e9sument en quelques lignes. Lundi apr\u00e8s-midi, le th\u00e9\u00e2tre r\u00e9gional Azzedine Medjoubi<\/p>\n","protected":false},"author":6,"featured_media":84962,"comment_status":"open","ping_status":"closed","sticky":false,"template":"","format":"standard","meta":{"colormag_page_container_layout":"default_layout","colormag_page_sidebar_layout":"default_layout","om_disable_all_campaigns":false,"_monsterinsights_skip_tracking":false,"_monsterinsights_sitenote_active":false,"_monsterinsights_sitenote_note":"","_monsterinsights_sitenote_category":0,"footnotes":"","_wpscppro_dont_share_socialmedia":false,"_wpscppro_custom_social_share_image":0,"_facebook_share_type":"default","_twitter_share_type":"default","_linkedin_share_type":"default","_pinterest_share_type":"default","_linkedin_share_type_page":"","_instagram_share_type":"default","_medium_share_type":"default","_threads_share_type":"default","_google_business_share_type":"default","_selected_social_profile":[],"_wpsp_enable_custom_social_template":false,"_wpsp_social_scheduling":{"enabled":false,"datetime":null,"platforms":[],"status":"template_only","dateOption":"today","timeOption":"now","customDays":"","customHours":"","customDate":"","customTime":"","schedulingType":"absolute"},"_wpsp_active_default_template":true},"categories":[36],"tags":[],"class_list":["post-86613","post","type-post","status-publish","format-standard","has-post-thumbnail","hentry","category-culture"],"aioseo_notices":[],"yoast_head":"<!-- This site is optimized with the Yoast SEO plugin v27.5 - https:\/\/yoast.com\/product\/yoast-seo-wordpress\/ -->\n<title>\u00ab\u00a0Hadda\u00a0\u00bb projet\u00e9 au Festival m\u00e9diterran\u00e9en d&rsquo;Annaba\u00a0: Un hommage aux figures de l\u2019ombre - La Sentinelle<\/title>\n<meta name=\"robots\" content=\"index, follow, max-snippet:-1, max-image-preview:large, max-video-preview:-1\" \/>\n<link rel=\"canonical\" href=\"https:\/\/lasentinelle.dz\/index.php\/2026\/04\/28\/hadda-projete-au-festival-mediterraneen-dannaba-un-hommage-aux-figures-de-lombre\/\" \/>\n<meta property=\"og:locale\" content=\"fr_FR\" \/>\n<meta property=\"og:type\" content=\"article\" \/>\n<meta property=\"og:title\" content=\"\u00ab\u00a0Hadda\u00a0\u00bb projet\u00e9 au Festival m\u00e9diterran\u00e9en d&rsquo;Annaba\u00a0: Un hommage aux figures de l\u2019ombre - La Sentinelle\" \/>\n<meta property=\"og:description\" content=\"Soixante-seize minutes pour raconter ce que les livres d&rsquo;histoire r\u00e9sument en quelques lignes. Lundi apr\u00e8s-midi, le th\u00e9\u00e2tre r\u00e9gional Azzedine Medjoubi\" \/>\n<meta property=\"og:url\" content=\"https:\/\/lasentinelle.dz\/index.php\/2026\/04\/28\/hadda-projete-au-festival-mediterraneen-dannaba-un-hommage-aux-figures-de-lombre\/\" \/>\n<meta property=\"og:site_name\" content=\"La Sentinelle\" \/>\n<meta property=\"article:publisher\" content=\"https:\/\/www.facebook.com\/La-Sentinelle-104059864394773\" \/>\n<meta property=\"article:published_time\" content=\"2026-04-28T19:18:49+00:00\" \/>\n<meta property=\"article:modified_time\" content=\"2026-04-28T19:18:54+00:00\" \/>\n<meta property=\"og:image\" content=\"https:\/\/lasentinelle.dz\/wp-content\/uploads\/2026\/04\/film-hadda.jpeg\" \/>\n\t<meta property=\"og:image:width\" content=\"700\" \/>\n\t<meta property=\"og:image:height\" content=\"470\" \/>\n\t<meta property=\"og:image:type\" content=\"image\/jpeg\" \/>\n<meta name=\"author\" content=\"admin\" \/>\n<meta name=\"twitter:card\" content=\"summary_large_image\" \/>\n<meta name=\"twitter:label1\" content=\"\u00c9crit par\" \/>\n\t<meta name=\"twitter:data1\" content=\"admin\" \/>\n\t<meta name=\"twitter:label2\" content=\"Dur\u00e9e de lecture estim\u00e9e\" \/>\n\t<meta name=\"twitter:data2\" content=\"3 minutes\" \/>\n<script type=\"application\/ld+json\" class=\"yoast-schema-graph\">{\"@context\":\"https:\\\/\\\/schema.org\",\"@graph\":[{\"@type\":\"Article\",\"@id\":\"https:\\\/\\\/lasentinelle.dz\\\/index.php\\\/2026\\\/04\\\/28\\\/hadda-projete-au-festival-mediterraneen-dannaba-un-hommage-aux-figures-de-lombre\\\/#article\",\"isPartOf\":{\"@id\":\"https:\\\/\\\/lasentinelle.dz\\\/index.php\\\/2026\\\/04\\\/28\\\/hadda-projete-au-festival-mediterraneen-dannaba-un-hommage-aux-figures-de-lombre\\\/\"},\"author\":{\"name\":\"admin\",\"@id\":\"https:\\\/\\\/lasentinelle.dz\\\/#\\\/schema\\\/person\\\/729ee0024f24e0b8c5ec17232f8e8b41\"},\"headline\":\"\u00ab\u00a0Hadda\u00a0\u00bb projet\u00e9 au Festival m\u00e9diterran\u00e9en d&rsquo;Annaba\u00a0: Un hommage aux figures de l\u2019ombre\",\"datePublished\":\"2026-04-28T19:18:49+00:00\",\"dateModified\":\"2026-04-28T19:18:54+00:00\",\"mainEntityOfPage\":{\"@id\":\"https:\\\/\\\/lasentinelle.dz\\\/index.php\\\/2026\\\/04\\\/28\\\/hadda-projete-au-festival-mediterraneen-dannaba-un-hommage-aux-figures-de-lombre\\\/\"},\"wordCount\":560,\"commentCount\":0,\"publisher\":{\"@id\":\"https:\\\/\\\/lasentinelle.dz\\\/#organization\"},\"image\":{\"@id\":\"https:\\\/\\\/lasentinelle.dz\\\/index.php\\\/2026\\\/04\\\/28\\\/hadda-projete-au-festival-mediterraneen-dannaba-un-hommage-aux-figures-de-lombre\\\/#primaryimage\"},\"thumbnailUrl\":\"https:\\\/\\\/lasentinelle.dz\\\/wp-content\\\/uploads\\\/2026\\\/04\\\/film-hadda.jpeg\",\"articleSection\":[\"Culture\"],\"inLanguage\":\"fr-FR\",\"potentialAction\":[{\"@type\":\"CommentAction\",\"name\":\"Comment\",\"target\":[\"https:\\\/\\\/lasentinelle.dz\\\/index.php\\\/2026\\\/04\\\/28\\\/hadda-projete-au-festival-mediterraneen-dannaba-un-hommage-aux-figures-de-lombre\\\/#respond\"]}]},{\"@type\":\"WebPage\",\"@id\":\"https:\\\/\\\/lasentinelle.dz\\\/index.php\\\/2026\\\/04\\\/28\\\/hadda-projete-au-festival-mediterraneen-dannaba-un-hommage-aux-figures-de-lombre\\\/\",\"url\":\"https:\\\/\\\/lasentinelle.dz\\\/index.php\\\/2026\\\/04\\\/28\\\/hadda-projete-au-festival-mediterraneen-dannaba-un-hommage-aux-figures-de-lombre\\\/\",\"name\":\"\u00ab\u00a0Hadda\u00a0\u00bb projet\u00e9 au Festival m\u00e9diterran\u00e9en d&rsquo;Annaba\u00a0: Un hommage aux figures de l\u2019ombre - La Sentinelle\",\"isPartOf\":{\"@id\":\"https:\\\/\\\/lasentinelle.dz\\\/#website\"},\"primaryImageOfPage\":{\"@id\":\"https:\\\/\\\/lasentinelle.dz\\\/index.php\\\/2026\\\/04\\\/28\\\/hadda-projete-au-festival-mediterraneen-dannaba-un-hommage-aux-figures-de-lombre\\\/#primaryimage\"},\"image\":{\"@id\":\"https:\\\/\\\/lasentinelle.dz\\\/index.php\\\/2026\\\/04\\\/28\\\/hadda-projete-au-festival-mediterraneen-dannaba-un-hommage-aux-figures-de-lombre\\\/#primaryimage\"},\"thumbnailUrl\":\"https:\\\/\\\/lasentinelle.dz\\\/wp-content\\\/uploads\\\/2026\\\/04\\\/film-hadda.jpeg\",\"datePublished\":\"2026-04-28T19:18:49+00:00\",\"dateModified\":\"2026-04-28T19:18:54+00:00\",\"breadcrumb\":{\"@id\":\"https:\\\/\\\/lasentinelle.dz\\\/index.php\\\/2026\\\/04\\\/28\\\/hadda-projete-au-festival-mediterraneen-dannaba-un-hommage-aux-figures-de-lombre\\\/#breadcrumb\"},\"inLanguage\":\"fr-FR\",\"potentialAction\":[{\"@type\":\"ReadAction\",\"target\":[\"https:\\\/\\\/lasentinelle.dz\\\/index.php\\\/2026\\\/04\\\/28\\\/hadda-projete-au-festival-mediterraneen-dannaba-un-hommage-aux-figures-de-lombre\\\/\"]}]},{\"@type\":\"ImageObject\",\"inLanguage\":\"fr-FR\",\"@id\":\"https:\\\/\\\/lasentinelle.dz\\\/index.php\\\/2026\\\/04\\\/28\\\/hadda-projete-au-festival-mediterraneen-dannaba-un-hommage-aux-figures-de-lombre\\\/#primaryimage\",\"url\":\"https:\\\/\\\/lasentinelle.dz\\\/wp-content\\\/uploads\\\/2026\\\/04\\\/film-hadda.jpeg\",\"contentUrl\":\"https:\\\/\\\/lasentinelle.dz\\\/wp-content\\\/uploads\\\/2026\\\/04\\\/film-hadda.jpeg\",\"width\":700,\"height\":470},{\"@type\":\"BreadcrumbList\",\"@id\":\"https:\\\/\\\/lasentinelle.dz\\\/index.php\\\/2026\\\/04\\\/28\\\/hadda-projete-au-festival-mediterraneen-dannaba-un-hommage-aux-figures-de-lombre\\\/#breadcrumb\",\"itemListElement\":[{\"@type\":\"ListItem\",\"position\":1,\"name\":\"Accueil\",\"item\":\"https:\\\/\\\/lasentinelle.dz\\\/\"},{\"@type\":\"ListItem\",\"position\":2,\"name\":\"\u00ab\u00a0Hadda\u00a0\u00bb projet\u00e9 au Festival m\u00e9diterran\u00e9en d&rsquo;Annaba\u00a0: Un hommage aux figures de l\u2019ombre\"}]},{\"@type\":\"WebSite\",\"@id\":\"https:\\\/\\\/lasentinelle.dz\\\/#website\",\"url\":\"https:\\\/\\\/lasentinelle.dz\\\/\",\"name\":\"La Sentinelle\",\"description\":\"Quotidien national d&#039;information\",\"publisher\":{\"@id\":\"https:\\\/\\\/lasentinelle.dz\\\/#organization\"},\"potentialAction\":[{\"@type\":\"SearchAction\",\"target\":{\"@type\":\"EntryPoint\",\"urlTemplate\":\"https:\\\/\\\/lasentinelle.dz\\\/?s={search_term_string}\"},\"query-input\":{\"@type\":\"PropertyValueSpecification\",\"valueRequired\":true,\"valueName\":\"search_term_string\"}}],\"inLanguage\":\"fr-FR\"},{\"@type\":\"Organization\",\"@id\":\"https:\\\/\\\/lasentinelle.dz\\\/#organization\",\"name\":\"Quotidien La Sentinelle\",\"url\":\"https:\\\/\\\/lasentinelle.dz\\\/\",\"logo\":{\"@type\":\"ImageObject\",\"inLanguage\":\"fr-FR\",\"@id\":\"https:\\\/\\\/lasentinelle.dz\\\/#\\\/schema\\\/logo\\\/image\\\/\",\"url\":\"https:\\\/\\\/lasentinelle.dz\\\/wp-content\\\/uploads\\\/2021\\\/09\\\/logo-sentinelleSLOGAN-1.png\",\"contentUrl\":\"https:\\\/\\\/lasentinelle.dz\\\/wp-content\\\/uploads\\\/2021\\\/09\\\/logo-sentinelleSLOGAN-1.png\",\"width\":615,\"height\":142,\"caption\":\"Quotidien La Sentinelle\"},\"image\":{\"@id\":\"https:\\\/\\\/lasentinelle.dz\\\/#\\\/schema\\\/logo\\\/image\\\/\"},\"sameAs\":[\"https:\\\/\\\/www.facebook.com\\\/La-Sentinelle-104059864394773\"]},{\"@type\":\"Person\",\"@id\":\"https:\\\/\\\/lasentinelle.dz\\\/#\\\/schema\\\/person\\\/729ee0024f24e0b8c5ec17232f8e8b41\",\"name\":\"admin\",\"image\":{\"@type\":\"ImageObject\",\"inLanguage\":\"fr-FR\",\"@id\":\"https:\\\/\\\/secure.gravatar.com\\\/avatar\\\/4c81fed838786e9b53f540bf46533e750f5d292099ae3b66cfc6fb1982e29df7?s=96&d=mm&r=g\",\"url\":\"https:\\\/\\\/secure.gravatar.com\\\/avatar\\\/4c81fed838786e9b53f540bf46533e750f5d292099ae3b66cfc6fb1982e29df7?s=96&d=mm&r=g\",\"contentUrl\":\"https:\\\/\\\/secure.gravatar.com\\\/avatar\\\/4c81fed838786e9b53f540bf46533e750f5d292099ae3b66cfc6fb1982e29df7?s=96&d=mm&r=g\",\"caption\":\"admin\"},\"description\":\"admin\",\"url\":\"https:\\\/\\\/lasentinelle.dz\\\/author\\\/admin\\\/\"}]}<\/script>\n<!-- \/ Yoast SEO plugin. -->","yoast_head_json":{"title":"\u00ab\u00a0Hadda\u00a0\u00bb projet\u00e9 au Festival m\u00e9diterran\u00e9en d&rsquo;Annaba\u00a0: Un hommage aux figures de l\u2019ombre - La Sentinelle","robots":{"index":"index","follow":"follow","max-snippet":"max-snippet:-1","max-image-preview":"max-image-preview:large","max-video-preview":"max-video-preview:-1"},"canonical":"https:\/\/lasentinelle.dz\/index.php\/2026\/04\/28\/hadda-projete-au-festival-mediterraneen-dannaba-un-hommage-aux-figures-de-lombre\/","og_locale":"fr_FR","og_type":"article","og_title":"\u00ab\u00a0Hadda\u00a0\u00bb projet\u00e9 au Festival m\u00e9diterran\u00e9en d&rsquo;Annaba\u00a0: Un hommage aux figures de l\u2019ombre - La Sentinelle","og_description":"Soixante-seize minutes pour raconter ce que les livres d&rsquo;histoire r\u00e9sument en quelques lignes. Lundi apr\u00e8s-midi, le th\u00e9\u00e2tre r\u00e9gional Azzedine Medjoubi","og_url":"https:\/\/lasentinelle.dz\/index.php\/2026\/04\/28\/hadda-projete-au-festival-mediterraneen-dannaba-un-hommage-aux-figures-de-lombre\/","og_site_name":"La Sentinelle","article_publisher":"https:\/\/www.facebook.com\/La-Sentinelle-104059864394773","article_published_time":"2026-04-28T19:18:49+00:00","article_modified_time":"2026-04-28T19:18:54+00:00","og_image":[{"width":700,"height":470,"url":"https:\/\/lasentinelle.dz\/wp-content\/uploads\/2026\/04\/film-hadda.jpeg","type":"image\/jpeg"}],"author":"admin","twitter_card":"summary_large_image","twitter_misc":{"\u00c9crit par":"admin","Dur\u00e9e de lecture estim\u00e9e":"3 minutes"},"schema":{"@context":"https:\/\/schema.org","@graph":[{"@type":"Article","@id":"https:\/\/lasentinelle.dz\/index.php\/2026\/04\/28\/hadda-projete-au-festival-mediterraneen-dannaba-un-hommage-aux-figures-de-lombre\/#article","isPartOf":{"@id":"https:\/\/lasentinelle.dz\/index.php\/2026\/04\/28\/hadda-projete-au-festival-mediterraneen-dannaba-un-hommage-aux-figures-de-lombre\/"},"author":{"name":"admin","@id":"https:\/\/lasentinelle.dz\/#\/schema\/person\/729ee0024f24e0b8c5ec17232f8e8b41"},"headline":"\u00ab\u00a0Hadda\u00a0\u00bb projet\u00e9 au Festival m\u00e9diterran\u00e9en d&rsquo;Annaba\u00a0: Un hommage aux figures de l\u2019ombre","datePublished":"2026-04-28T19:18:49+00:00","dateModified":"2026-04-28T19:18:54+00:00","mainEntityOfPage":{"@id":"https:\/\/lasentinelle.dz\/index.php\/2026\/04\/28\/hadda-projete-au-festival-mediterraneen-dannaba-un-hommage-aux-figures-de-lombre\/"},"wordCount":560,"commentCount":0,"publisher":{"@id":"https:\/\/lasentinelle.dz\/#organization"},"image":{"@id":"https:\/\/lasentinelle.dz\/index.php\/2026\/04\/28\/hadda-projete-au-festival-mediterraneen-dannaba-un-hommage-aux-figures-de-lombre\/#primaryimage"},"thumbnailUrl":"https:\/\/lasentinelle.dz\/wp-content\/uploads\/2026\/04\/film-hadda.jpeg","articleSection":["Culture"],"inLanguage":"fr-FR","potentialAction":[{"@type":"CommentAction","name":"Comment","target":["https:\/\/lasentinelle.dz\/index.php\/2026\/04\/28\/hadda-projete-au-festival-mediterraneen-dannaba-un-hommage-aux-figures-de-lombre\/#respond"]}]},{"@type":"WebPage","@id":"https:\/\/lasentinelle.dz\/index.php\/2026\/04\/28\/hadda-projete-au-festival-mediterraneen-dannaba-un-hommage-aux-figures-de-lombre\/","url":"https:\/\/lasentinelle.dz\/index.php\/2026\/04\/28\/hadda-projete-au-festival-mediterraneen-dannaba-un-hommage-aux-figures-de-lombre\/","name":"\u00ab\u00a0Hadda\u00a0\u00bb projet\u00e9 au Festival m\u00e9diterran\u00e9en d&rsquo;Annaba\u00a0: Un hommage aux figures de l\u2019ombre - La Sentinelle","isPartOf":{"@id":"https:\/\/lasentinelle.dz\/#website"},"primaryImageOfPage":{"@id":"https:\/\/lasentinelle.dz\/index.php\/2026\/04\/28\/hadda-projete-au-festival-mediterraneen-dannaba-un-hommage-aux-figures-de-lombre\/#primaryimage"},"image":{"@id":"https:\/\/lasentinelle.dz\/index.php\/2026\/04\/28\/hadda-projete-au-festival-mediterraneen-dannaba-un-hommage-aux-figures-de-lombre\/#primaryimage"},"thumbnailUrl":"https:\/\/lasentinelle.dz\/wp-content\/uploads\/2026\/04\/film-hadda.jpeg","datePublished":"2026-04-28T19:18:49+00:00","dateModified":"2026-04-28T19:18:54+00:00","breadcrumb":{"@id":"https:\/\/lasentinelle.dz\/index.php\/2026\/04\/28\/hadda-projete-au-festival-mediterraneen-dannaba-un-hommage-aux-figures-de-lombre\/#breadcrumb"},"inLanguage":"fr-FR","potentialAction":[{"@type":"ReadAction","target":["https:\/\/lasentinelle.dz\/index.php\/2026\/04\/28\/hadda-projete-au-festival-mediterraneen-dannaba-un-hommage-aux-figures-de-lombre\/"]}]},{"@type":"ImageObject","inLanguage":"fr-FR","@id":"https:\/\/lasentinelle.dz\/index.php\/2026\/04\/28\/hadda-projete-au-festival-mediterraneen-dannaba-un-hommage-aux-figures-de-lombre\/#primaryimage","url":"https:\/\/lasentinelle.dz\/wp-content\/uploads\/2026\/04\/film-hadda.jpeg","contentUrl":"https:\/\/lasentinelle.dz\/wp-content\/uploads\/2026\/04\/film-hadda.jpeg","width":700,"height":470},{"@type":"BreadcrumbList","@id":"https:\/\/lasentinelle.dz\/index.php\/2026\/04\/28\/hadda-projete-au-festival-mediterraneen-dannaba-un-hommage-aux-figures-de-lombre\/#breadcrumb","itemListElement":[{"@type":"ListItem","position":1,"name":"Accueil","item":"https:\/\/lasentinelle.dz\/"},{"@type":"ListItem","position":2,"name":"\u00ab\u00a0Hadda\u00a0\u00bb projet\u00e9 au Festival m\u00e9diterran\u00e9en d&rsquo;Annaba\u00a0: Un hommage aux figures de l\u2019ombre"}]},{"@type":"WebSite","@id":"https:\/\/lasentinelle.dz\/#website","url":"https:\/\/lasentinelle.dz\/","name":"La Sentinelle","description":"Quotidien national d&#039;information","publisher":{"@id":"https:\/\/lasentinelle.dz\/#organization"},"potentialAction":[{"@type":"SearchAction","target":{"@type":"EntryPoint","urlTemplate":"https:\/\/lasentinelle.dz\/?s={search_term_string}"},"query-input":{"@type":"PropertyValueSpecification","valueRequired":true,"valueName":"search_term_string"}}],"inLanguage":"fr-FR"},{"@type":"Organization","@id":"https:\/\/lasentinelle.dz\/#organization","name":"Quotidien La Sentinelle","url":"https:\/\/lasentinelle.dz\/","logo":{"@type":"ImageObject","inLanguage":"fr-FR","@id":"https:\/\/lasentinelle.dz\/#\/schema\/logo\/image\/","url":"https:\/\/lasentinelle.dz\/wp-content\/uploads\/2021\/09\/logo-sentinelleSLOGAN-1.png","contentUrl":"https:\/\/lasentinelle.dz\/wp-content\/uploads\/2021\/09\/logo-sentinelleSLOGAN-1.png","width":615,"height":142,"caption":"Quotidien La Sentinelle"},"image":{"@id":"https:\/\/lasentinelle.dz\/#\/schema\/logo\/image\/"},"sameAs":["https:\/\/www.facebook.com\/La-Sentinelle-104059864394773"]},{"@type":"Person","@id":"https:\/\/lasentinelle.dz\/#\/schema\/person\/729ee0024f24e0b8c5ec17232f8e8b41","name":"admin","image":{"@type":"ImageObject","inLanguage":"fr-FR","@id":"https:\/\/secure.gravatar.com\/avatar\/4c81fed838786e9b53f540bf46533e750f5d292099ae3b66cfc6fb1982e29df7?s=96&d=mm&r=g","url":"https:\/\/secure.gravatar.com\/avatar\/4c81fed838786e9b53f540bf46533e750f5d292099ae3b66cfc6fb1982e29df7?s=96&d=mm&r=g","contentUrl":"https:\/\/secure.gravatar.com\/avatar\/4c81fed838786e9b53f540bf46533e750f5d292099ae3b66cfc6fb1982e29df7?s=96&d=mm&r=g","caption":"admin"},"description":"admin","url":"https:\/\/lasentinelle.dz\/author\/admin\/"}]}},"_links":{"self":[{"href":"https:\/\/lasentinelle.dz\/index.php\/wp-json\/wp\/v2\/posts\/86613","targetHints":{"allow":["GET"]}}],"collection":[{"href":"https:\/\/lasentinelle.dz\/index.php\/wp-json\/wp\/v2\/posts"}],"about":[{"href":"https:\/\/lasentinelle.dz\/index.php\/wp-json\/wp\/v2\/types\/post"}],"author":[{"embeddable":true,"href":"https:\/\/lasentinelle.dz\/index.php\/wp-json\/wp\/v2\/users\/6"}],"replies":[{"embeddable":true,"href":"https:\/\/lasentinelle.dz\/index.php\/wp-json\/wp\/v2\/comments?post=86613"}],"version-history":[{"count":2,"href":"https:\/\/lasentinelle.dz\/index.php\/wp-json\/wp\/v2\/posts\/86613\/revisions"}],"predecessor-version":[{"id":86615,"href":"https:\/\/lasentinelle.dz\/index.php\/wp-json\/wp\/v2\/posts\/86613\/revisions\/86615"}],"wp:featuredmedia":[{"embeddable":true,"href":"https:\/\/lasentinelle.dz\/index.php\/wp-json\/wp\/v2\/media\/84962"}],"wp:attachment":[{"href":"https:\/\/lasentinelle.dz\/index.php\/wp-json\/wp\/v2\/media?parent=86613"}],"wp:term":[{"taxonomy":"category","embeddable":true,"href":"https:\/\/lasentinelle.dz\/index.php\/wp-json\/wp\/v2\/categories?post=86613"},{"taxonomy":"post_tag","embeddable":true,"href":"https:\/\/lasentinelle.dz\/index.php\/wp-json\/wp\/v2\/tags?post=86613"}],"curies":[{"name":"wp","href":"https:\/\/api.w.org\/{rel}","templated":true}]}}