{"id":86616,"date":"2026-04-28T20:19:34","date_gmt":"2026-04-28T19:19:34","guid":{"rendered":"https:\/\/lasentinelle.dz\/?p=86616"},"modified":"2026-04-28T20:19:36","modified_gmt":"2026-04-28T19:19:36","slug":"journee-detude-sur-la-protection-du-droit-dauteur-quand-le-livre-resiste-aux-algorithmes","status":"publish","type":"post","link":"https:\/\/lasentinelle.dz\/index.php\/2026\/04\/28\/journee-detude-sur-la-protection-du-droit-dauteur-quand-le-livre-resiste-aux-algorithmes\/","title":{"rendered":"Journ\u00e9e d\u2019\u00e9tude sur la protection du droit d&rsquo;auteur\u00a0: Quand le livre r\u00e9siste aux algorithmes"},"content":{"rendered":"\n<p><em>\u00c0 Sidi Bel-Abb\u00e8s, une journ\u00e9e d&rsquo;\u00e9tude a r\u00e9uni universitaires et juristes autour d&rsquo;une question qui br\u00fble les doigts de tout auteur alg\u00e9rien : comment prot\u00e9ger une \u0153uvre \u00e0 l&rsquo;heure o\u00f9 l&rsquo;intelligence artificielle apprend \u00e0 \u00e9crire ?<\/em><\/p>\n\n\n\n<p>La Biblioth\u00e8que principale de lecture publique Mohamed El-Kabbati de Sidi Bel-Abb\u00e8s n&rsquo;avait rien d&rsquo;un lieu assoupi. Universitaires, juristes, \u00e9crivains et \u00e9diteurs s&rsquo;y sont retrouv\u00e9s lundi pour une journ\u00e9e d&rsquo;\u00e9tude intitul\u00e9e \u00ab Le livre : de l&rsquo;id\u00e9e \u00e0 l&rsquo;\u00e9dition \u00bb, organis\u00e9e par la Direction de la Culture et des Arts en collaboration avec l&rsquo;Universit\u00e9 Djillali-Liab\u00e8s. Au programme, une question qui agite de plus en plus le monde de la cr\u00e9ation : que reste-t-il du droit d&rsquo;auteur quand une machine peut, en quelques secondes, produire un texte, un roman, une chanson ? Le Dr Demmouche Oussama, de l&rsquo;Universit\u00e9 Djillali-Liab\u00e8s, a pos\u00e9 le d\u00e9cor d&#8217;embl\u00e9e. Face aux progr\u00e8s de l&rsquo;intelligence artificielle g\u00e9n\u00e9rative, il a rappel\u00e9 avec une conviction tranquille que \u00ab le livre demeure un projet issu de l&rsquo;intelligence humaine pure \u00bb. Ce n&rsquo;est pas qu&rsquo;une d\u00e9claration de principe \u2014 c&rsquo;est un argument juridique. Car si la machine produit, elle n&rsquo;est pas auteure au sens du droit. Le probl\u00e8me, c&rsquo;est que la loi, elle, peine \u00e0 suivre le rythme. Adapter les m\u00e9canismes de protection juridique aux mutations technologiques acc\u00e9l\u00e9r\u00e9es, voil\u00e0 ce que Demmouche a appel\u00e9 de ses v\u0153ux, avec l&rsquo;urgence de quelqu&rsquo;un qui voit le chantier s&rsquo;\u00e9largir plus vite qu&rsquo;on ne le comble.<\/p>\n\n\n\n<p>Sur le terrain du droit pr\u00e9cis\u00e9ment, la Dre Lourad Na\u00efma, de la Facult\u00e9 de droit de la m\u00eame universit\u00e9, a dress\u00e9 un \u00e9tat des lieux de l&rsquo;arsenal l\u00e9gislatif alg\u00e9rien en mati\u00e8re de propri\u00e9t\u00e9 intellectuelle. Des textes existent, des proc\u00e9dures aussi. Mais encore faut-il que les cr\u00e9ateurs les connaissent. Elle a insist\u00e9 sur \u00ab l&rsquo;importance de la sensibilisation des cr\u00e9ateurs aux proc\u00e9dures administratives d&rsquo;enregistrement de leurs \u0153uvres \u00bb, seule garantie concr\u00e8te contre le plagiat ou l&rsquo;exploitation illicite. Un auteur qui ne d\u00e9pose pas son manuscrit, c&rsquo;est un auteur qui s&rsquo;expose. Le message est simple, la r\u00e9alit\u00e9 l&rsquo;est moins : beaucoup d&rsquo;\u00e9crivains alg\u00e9riens ignorent encore ces d\u00e9marches \u00e9l\u00e9mentaires.<\/p>\n\n\n\n<p>Venue de Mostaganem, la Dre Lout Zineb, de l&rsquo;\u00c9cole normale sup\u00e9rieure, a gliss\u00e9 la journ\u00e9e vers des rivages moins juridiques, mais tout aussi concrets. Pour elle, passer de l&rsquo;id\u00e9e \u00e0 la publication n&rsquo;est pas un processus technique \u2014 c&rsquo;est \u00ab un parcours sociologique et acad\u00e9mique complexe \u00bb. Elle s&rsquo;est adress\u00e9e aux jeunes auteurs avec une franchise qu&rsquo;on appr\u00e9cie rarement dans ce genre de rencontres : le talent ne suffit pas. Il faut aussi savoir n\u00e9gocier avec une maison d&rsquo;\u00e9dition, comprendre les exigences de diffusion, ne pas sacrifier la qualit\u00e9 artistique sur l&rsquo;autel de la visibilit\u00e9 imm\u00e9diate. Concilier les deux, disait-elle, c&rsquo;est le vrai m\u00e9tier. L&rsquo;apr\u00e8s-midi a laiss\u00e9 place \u00e0 un atelier pratique anim\u00e9 par l&rsquo;\u00e9crivaine et Dre Boukhari Kheira, qui a pr\u00e9sent\u00e9 un guide sur le droit d&rsquo;auteur et les m\u00e9canismes de documentation des \u0153uvres. L&rsquo;id\u00e9e \u00e9tait claire : mieux vaut apprendre \u00e0 prot\u00e9ger son travail d\u00e8s la premi\u00e8re ligne \u00e9crite que de courir apr\u00e8s des recours une fois le mal fait. Pour un auteur d\u00e9butant, ma\u00eetriser ces bases juridiques n&rsquo;est pas une formalit\u00e9 administrative \u2014 c&rsquo;est une forme d&rsquo;hygi\u00e8ne cr\u00e9ative.<\/p>\n\n\n\n<p>En marge des d\u00e9bats, une exposition consacr\u00e9e aux publications locales et au patrimoine litt\u00e9raire de la r\u00e9gion a rappel\u00e9 que Sidi Bel-Abb\u00e8s n&rsquo;est pas avare en plumes. Des noms, des couvertures, des trajectoires d&rsquo;\u00e9criture \u00e9tal\u00e9s l\u00e0, entre deux discussions sur les licences et les algorithmes \u2014 comme pour ancrer la question dans ce qu&rsquo;elle touche vraiment : des gens, des textes, des ann\u00e9es de travail qu&rsquo;il serait ind\u00e9cent de laisser sans d\u00e9fense.<\/p>\n\n\n\n<p>M.S.<\/p>\n","protected":false},"excerpt":{"rendered":"<p>\u00c0 Sidi Bel-Abb\u00e8s, une journ\u00e9e d&rsquo;\u00e9tude a r\u00e9uni universitaires et juristes autour d&rsquo;une question qui br\u00fble les doigts de tout<\/p>\n","protected":false},"author":6,"featured_media":70786,"comment_status":"open","ping_status":"closed","sticky":false,"template":"","format":"standard","meta":{"colormag_page_container_layout":"default_layout","colormag_page_sidebar_layout":"default_layout","om_disable_all_campaigns":false,"_monsterinsights_skip_tracking":false,"_monsterinsights_sitenote_active":false,"_monsterinsights_sitenote_note":"","_monsterinsights_sitenote_category":0,"footnotes":"","_wpscppro_dont_share_socialmedia":false,"_wpscppro_custom_social_share_image":0,"_facebook_share_type":"default","_twitter_share_type":"default","_linkedin_share_type":"default","_pinterest_share_type":"default","_linkedin_share_type_page":"","_instagram_share_type":"default","_medium_share_type":"default","_threads_share_type":"default","_google_business_share_type":"default","_selected_social_profile":[],"_wpsp_enable_custom_social_template":false,"_wpsp_social_scheduling":{"enabled":false,"datetime":null,"platforms":[],"status":"template_only","dateOption":"today","timeOption":"now","customDays":"","customHours":"","customDate":"","customTime":"","schedulingType":"absolute"},"_wpsp_active_default_template":true},"categories":[36],"tags":[],"class_list":["post-86616","post","type-post","status-publish","format-standard","has-post-thumbnail","hentry","category-culture"],"aioseo_notices":[],"yoast_head":"<!-- This site is optimized with the Yoast SEO plugin v27.5 - https:\/\/yoast.com\/product\/yoast-seo-wordpress\/ -->\n<title>Journ\u00e9e d\u2019\u00e9tude sur la protection du droit d&rsquo;auteur\u00a0: Quand le livre r\u00e9siste aux algorithmes - La Sentinelle<\/title>\n<meta name=\"robots\" content=\"index, follow, max-snippet:-1, max-image-preview:large, max-video-preview:-1\" \/>\n<link rel=\"canonical\" href=\"https:\/\/lasentinelle.dz\/index.php\/2026\/04\/28\/journee-detude-sur-la-protection-du-droit-dauteur-quand-le-livre-resiste-aux-algorithmes\/\" \/>\n<meta property=\"og:locale\" content=\"fr_FR\" \/>\n<meta property=\"og:type\" content=\"article\" \/>\n<meta property=\"og:title\" content=\"Journ\u00e9e d\u2019\u00e9tude sur la protection du droit d&rsquo;auteur\u00a0: Quand le livre r\u00e9siste aux algorithmes - La Sentinelle\" \/>\n<meta property=\"og:description\" content=\"\u00c0 Sidi Bel-Abb\u00e8s, une journ\u00e9e d&rsquo;\u00e9tude a r\u00e9uni universitaires et juristes autour d&rsquo;une question qui br\u00fble les doigts de tout\" \/>\n<meta property=\"og:url\" content=\"https:\/\/lasentinelle.dz\/index.php\/2026\/04\/28\/journee-detude-sur-la-protection-du-droit-dauteur-quand-le-livre-resiste-aux-algorithmes\/\" \/>\n<meta property=\"og:site_name\" content=\"La Sentinelle\" \/>\n<meta property=\"article:publisher\" content=\"https:\/\/www.facebook.com\/La-Sentinelle-104059864394773\" \/>\n<meta property=\"article:published_time\" content=\"2026-04-28T19:19:34+00:00\" \/>\n<meta property=\"article:modified_time\" content=\"2026-04-28T19:19:36+00:00\" \/>\n<meta property=\"og:image\" content=\"https:\/\/lasentinelle.dz\/wp-content\/uploads\/2025\/07\/livre-1.jpg\" \/>\n\t<meta property=\"og:image:width\" content=\"630\" \/>\n\t<meta property=\"og:image:height\" content=\"315\" \/>\n\t<meta property=\"og:image:type\" content=\"image\/jpeg\" \/>\n<meta name=\"author\" content=\"admin\" \/>\n<meta name=\"twitter:card\" content=\"summary_large_image\" \/>\n<meta name=\"twitter:label1\" content=\"\u00c9crit par\" \/>\n\t<meta name=\"twitter:data1\" content=\"admin\" \/>\n\t<meta name=\"twitter:label2\" content=\"Dur\u00e9e de lecture estim\u00e9e\" \/>\n\t<meta name=\"twitter:data2\" content=\"4 minutes\" \/>\n<script type=\"application\/ld+json\" class=\"yoast-schema-graph\">{\"@context\":\"https:\\\/\\\/schema.org\",\"@graph\":[{\"@type\":\"Article\",\"@id\":\"https:\\\/\\\/lasentinelle.dz\\\/index.php\\\/2026\\\/04\\\/28\\\/journee-detude-sur-la-protection-du-droit-dauteur-quand-le-livre-resiste-aux-algorithmes\\\/#article\",\"isPartOf\":{\"@id\":\"https:\\\/\\\/lasentinelle.dz\\\/index.php\\\/2026\\\/04\\\/28\\\/journee-detude-sur-la-protection-du-droit-dauteur-quand-le-livre-resiste-aux-algorithmes\\\/\"},\"author\":{\"name\":\"admin\",\"@id\":\"https:\\\/\\\/lasentinelle.dz\\\/#\\\/schema\\\/person\\\/729ee0024f24e0b8c5ec17232f8e8b41\"},\"headline\":\"Journ\u00e9e d\u2019\u00e9tude sur la protection du droit d&rsquo;auteur\u00a0: Quand le livre r\u00e9siste aux algorithmes\",\"datePublished\":\"2026-04-28T19:19:34+00:00\",\"dateModified\":\"2026-04-28T19:19:36+00:00\",\"mainEntityOfPage\":{\"@id\":\"https:\\\/\\\/lasentinelle.dz\\\/index.php\\\/2026\\\/04\\\/28\\\/journee-detude-sur-la-protection-du-droit-dauteur-quand-le-livre-resiste-aux-algorithmes\\\/\"},\"wordCount\":716,\"commentCount\":0,\"publisher\":{\"@id\":\"https:\\\/\\\/lasentinelle.dz\\\/#organization\"},\"image\":{\"@id\":\"https:\\\/\\\/lasentinelle.dz\\\/index.php\\\/2026\\\/04\\\/28\\\/journee-detude-sur-la-protection-du-droit-dauteur-quand-le-livre-resiste-aux-algorithmes\\\/#primaryimage\"},\"thumbnailUrl\":\"https:\\\/\\\/lasentinelle.dz\\\/wp-content\\\/uploads\\\/2025\\\/07\\\/livre-1.jpg\",\"articleSection\":[\"Culture\"],\"inLanguage\":\"fr-FR\",\"potentialAction\":[{\"@type\":\"CommentAction\",\"name\":\"Comment\",\"target\":[\"https:\\\/\\\/lasentinelle.dz\\\/index.php\\\/2026\\\/04\\\/28\\\/journee-detude-sur-la-protection-du-droit-dauteur-quand-le-livre-resiste-aux-algorithmes\\\/#respond\"]}]},{\"@type\":\"WebPage\",\"@id\":\"https:\\\/\\\/lasentinelle.dz\\\/index.php\\\/2026\\\/04\\\/28\\\/journee-detude-sur-la-protection-du-droit-dauteur-quand-le-livre-resiste-aux-algorithmes\\\/\",\"url\":\"https:\\\/\\\/lasentinelle.dz\\\/index.php\\\/2026\\\/04\\\/28\\\/journee-detude-sur-la-protection-du-droit-dauteur-quand-le-livre-resiste-aux-algorithmes\\\/\",\"name\":\"Journ\u00e9e d\u2019\u00e9tude sur la protection du droit d&rsquo;auteur\u00a0: Quand le livre r\u00e9siste aux algorithmes - La Sentinelle\",\"isPartOf\":{\"@id\":\"https:\\\/\\\/lasentinelle.dz\\\/#website\"},\"primaryImageOfPage\":{\"@id\":\"https:\\\/\\\/lasentinelle.dz\\\/index.php\\\/2026\\\/04\\\/28\\\/journee-detude-sur-la-protection-du-droit-dauteur-quand-le-livre-resiste-aux-algorithmes\\\/#primaryimage\"},\"image\":{\"@id\":\"https:\\\/\\\/lasentinelle.dz\\\/index.php\\\/2026\\\/04\\\/28\\\/journee-detude-sur-la-protection-du-droit-dauteur-quand-le-livre-resiste-aux-algorithmes\\\/#primaryimage\"},\"thumbnailUrl\":\"https:\\\/\\\/lasentinelle.dz\\\/wp-content\\\/uploads\\\/2025\\\/07\\\/livre-1.jpg\",\"datePublished\":\"2026-04-28T19:19:34+00:00\",\"dateModified\":\"2026-04-28T19:19:36+00:00\",\"breadcrumb\":{\"@id\":\"https:\\\/\\\/lasentinelle.dz\\\/index.php\\\/2026\\\/04\\\/28\\\/journee-detude-sur-la-protection-du-droit-dauteur-quand-le-livre-resiste-aux-algorithmes\\\/#breadcrumb\"},\"inLanguage\":\"fr-FR\",\"potentialAction\":[{\"@type\":\"ReadAction\",\"target\":[\"https:\\\/\\\/lasentinelle.dz\\\/index.php\\\/2026\\\/04\\\/28\\\/journee-detude-sur-la-protection-du-droit-dauteur-quand-le-livre-resiste-aux-algorithmes\\\/\"]}]},{\"@type\":\"ImageObject\",\"inLanguage\":\"fr-FR\",\"@id\":\"https:\\\/\\\/lasentinelle.dz\\\/index.php\\\/2026\\\/04\\\/28\\\/journee-detude-sur-la-protection-du-droit-dauteur-quand-le-livre-resiste-aux-algorithmes\\\/#primaryimage\",\"url\":\"https:\\\/\\\/lasentinelle.dz\\\/wp-content\\\/uploads\\\/2025\\\/07\\\/livre-1.jpg\",\"contentUrl\":\"https:\\\/\\\/lasentinelle.dz\\\/wp-content\\\/uploads\\\/2025\\\/07\\\/livre-1.jpg\",\"width\":630,\"height\":315},{\"@type\":\"BreadcrumbList\",\"@id\":\"https:\\\/\\\/lasentinelle.dz\\\/index.php\\\/2026\\\/04\\\/28\\\/journee-detude-sur-la-protection-du-droit-dauteur-quand-le-livre-resiste-aux-algorithmes\\\/#breadcrumb\",\"itemListElement\":[{\"@type\":\"ListItem\",\"position\":1,\"name\":\"Accueil\",\"item\":\"https:\\\/\\\/lasentinelle.dz\\\/\"},{\"@type\":\"ListItem\",\"position\":2,\"name\":\"Journ\u00e9e d\u2019\u00e9tude sur la protection du droit d&rsquo;auteur\u00a0: Quand le livre r\u00e9siste aux algorithmes\"}]},{\"@type\":\"WebSite\",\"@id\":\"https:\\\/\\\/lasentinelle.dz\\\/#website\",\"url\":\"https:\\\/\\\/lasentinelle.dz\\\/\",\"name\":\"La Sentinelle\",\"description\":\"Quotidien national d&#039;information\",\"publisher\":{\"@id\":\"https:\\\/\\\/lasentinelle.dz\\\/#organization\"},\"potentialAction\":[{\"@type\":\"SearchAction\",\"target\":{\"@type\":\"EntryPoint\",\"urlTemplate\":\"https:\\\/\\\/lasentinelle.dz\\\/?s={search_term_string}\"},\"query-input\":{\"@type\":\"PropertyValueSpecification\",\"valueRequired\":true,\"valueName\":\"search_term_string\"}}],\"inLanguage\":\"fr-FR\"},{\"@type\":\"Organization\",\"@id\":\"https:\\\/\\\/lasentinelle.dz\\\/#organization\",\"name\":\"Quotidien La Sentinelle\",\"url\":\"https:\\\/\\\/lasentinelle.dz\\\/\",\"logo\":{\"@type\":\"ImageObject\",\"inLanguage\":\"fr-FR\",\"@id\":\"https:\\\/\\\/lasentinelle.dz\\\/#\\\/schema\\\/logo\\\/image\\\/\",\"url\":\"https:\\\/\\\/lasentinelle.dz\\\/wp-content\\\/uploads\\\/2021\\\/09\\\/logo-sentinelleSLOGAN-1.png\",\"contentUrl\":\"https:\\\/\\\/lasentinelle.dz\\\/wp-content\\\/uploads\\\/2021\\\/09\\\/logo-sentinelleSLOGAN-1.png\",\"width\":615,\"height\":142,\"caption\":\"Quotidien La Sentinelle\"},\"image\":{\"@id\":\"https:\\\/\\\/lasentinelle.dz\\\/#\\\/schema\\\/logo\\\/image\\\/\"},\"sameAs\":[\"https:\\\/\\\/www.facebook.com\\\/La-Sentinelle-104059864394773\"]},{\"@type\":\"Person\",\"@id\":\"https:\\\/\\\/lasentinelle.dz\\\/#\\\/schema\\\/person\\\/729ee0024f24e0b8c5ec17232f8e8b41\",\"name\":\"admin\",\"image\":{\"@type\":\"ImageObject\",\"inLanguage\":\"fr-FR\",\"@id\":\"https:\\\/\\\/secure.gravatar.com\\\/avatar\\\/4c81fed838786e9b53f540bf46533e750f5d292099ae3b66cfc6fb1982e29df7?s=96&d=mm&r=g\",\"url\":\"https:\\\/\\\/secure.gravatar.com\\\/avatar\\\/4c81fed838786e9b53f540bf46533e750f5d292099ae3b66cfc6fb1982e29df7?s=96&d=mm&r=g\",\"contentUrl\":\"https:\\\/\\\/secure.gravatar.com\\\/avatar\\\/4c81fed838786e9b53f540bf46533e750f5d292099ae3b66cfc6fb1982e29df7?s=96&d=mm&r=g\",\"caption\":\"admin\"},\"description\":\"admin\",\"url\":\"https:\\\/\\\/lasentinelle.dz\\\/author\\\/admin\\\/\"}]}<\/script>\n<!-- \/ Yoast SEO plugin. -->","yoast_head_json":{"title":"Journ\u00e9e d\u2019\u00e9tude sur la protection du droit d&rsquo;auteur\u00a0: Quand le livre r\u00e9siste aux algorithmes - La Sentinelle","robots":{"index":"index","follow":"follow","max-snippet":"max-snippet:-1","max-image-preview":"max-image-preview:large","max-video-preview":"max-video-preview:-1"},"canonical":"https:\/\/lasentinelle.dz\/index.php\/2026\/04\/28\/journee-detude-sur-la-protection-du-droit-dauteur-quand-le-livre-resiste-aux-algorithmes\/","og_locale":"fr_FR","og_type":"article","og_title":"Journ\u00e9e d\u2019\u00e9tude sur la protection du droit d&rsquo;auteur\u00a0: Quand le livre r\u00e9siste aux algorithmes - La Sentinelle","og_description":"\u00c0 Sidi Bel-Abb\u00e8s, une journ\u00e9e d&rsquo;\u00e9tude a r\u00e9uni universitaires et juristes autour d&rsquo;une question qui br\u00fble les doigts de tout","og_url":"https:\/\/lasentinelle.dz\/index.php\/2026\/04\/28\/journee-detude-sur-la-protection-du-droit-dauteur-quand-le-livre-resiste-aux-algorithmes\/","og_site_name":"La Sentinelle","article_publisher":"https:\/\/www.facebook.com\/La-Sentinelle-104059864394773","article_published_time":"2026-04-28T19:19:34+00:00","article_modified_time":"2026-04-28T19:19:36+00:00","og_image":[{"width":630,"height":315,"url":"https:\/\/lasentinelle.dz\/wp-content\/uploads\/2025\/07\/livre-1.jpg","type":"image\/jpeg"}],"author":"admin","twitter_card":"summary_large_image","twitter_misc":{"\u00c9crit par":"admin","Dur\u00e9e de lecture estim\u00e9e":"4 minutes"},"schema":{"@context":"https:\/\/schema.org","@graph":[{"@type":"Article","@id":"https:\/\/lasentinelle.dz\/index.php\/2026\/04\/28\/journee-detude-sur-la-protection-du-droit-dauteur-quand-le-livre-resiste-aux-algorithmes\/#article","isPartOf":{"@id":"https:\/\/lasentinelle.dz\/index.php\/2026\/04\/28\/journee-detude-sur-la-protection-du-droit-dauteur-quand-le-livre-resiste-aux-algorithmes\/"},"author":{"name":"admin","@id":"https:\/\/lasentinelle.dz\/#\/schema\/person\/729ee0024f24e0b8c5ec17232f8e8b41"},"headline":"Journ\u00e9e d\u2019\u00e9tude sur la protection du droit d&rsquo;auteur\u00a0: Quand le livre r\u00e9siste aux algorithmes","datePublished":"2026-04-28T19:19:34+00:00","dateModified":"2026-04-28T19:19:36+00:00","mainEntityOfPage":{"@id":"https:\/\/lasentinelle.dz\/index.php\/2026\/04\/28\/journee-detude-sur-la-protection-du-droit-dauteur-quand-le-livre-resiste-aux-algorithmes\/"},"wordCount":716,"commentCount":0,"publisher":{"@id":"https:\/\/lasentinelle.dz\/#organization"},"image":{"@id":"https:\/\/lasentinelle.dz\/index.php\/2026\/04\/28\/journee-detude-sur-la-protection-du-droit-dauteur-quand-le-livre-resiste-aux-algorithmes\/#primaryimage"},"thumbnailUrl":"https:\/\/lasentinelle.dz\/wp-content\/uploads\/2025\/07\/livre-1.jpg","articleSection":["Culture"],"inLanguage":"fr-FR","potentialAction":[{"@type":"CommentAction","name":"Comment","target":["https:\/\/lasentinelle.dz\/index.php\/2026\/04\/28\/journee-detude-sur-la-protection-du-droit-dauteur-quand-le-livre-resiste-aux-algorithmes\/#respond"]}]},{"@type":"WebPage","@id":"https:\/\/lasentinelle.dz\/index.php\/2026\/04\/28\/journee-detude-sur-la-protection-du-droit-dauteur-quand-le-livre-resiste-aux-algorithmes\/","url":"https:\/\/lasentinelle.dz\/index.php\/2026\/04\/28\/journee-detude-sur-la-protection-du-droit-dauteur-quand-le-livre-resiste-aux-algorithmes\/","name":"Journ\u00e9e d\u2019\u00e9tude sur la protection du droit d&rsquo;auteur\u00a0: Quand le livre r\u00e9siste aux algorithmes - La Sentinelle","isPartOf":{"@id":"https:\/\/lasentinelle.dz\/#website"},"primaryImageOfPage":{"@id":"https:\/\/lasentinelle.dz\/index.php\/2026\/04\/28\/journee-detude-sur-la-protection-du-droit-dauteur-quand-le-livre-resiste-aux-algorithmes\/#primaryimage"},"image":{"@id":"https:\/\/lasentinelle.dz\/index.php\/2026\/04\/28\/journee-detude-sur-la-protection-du-droit-dauteur-quand-le-livre-resiste-aux-algorithmes\/#primaryimage"},"thumbnailUrl":"https:\/\/lasentinelle.dz\/wp-content\/uploads\/2025\/07\/livre-1.jpg","datePublished":"2026-04-28T19:19:34+00:00","dateModified":"2026-04-28T19:19:36+00:00","breadcrumb":{"@id":"https:\/\/lasentinelle.dz\/index.php\/2026\/04\/28\/journee-detude-sur-la-protection-du-droit-dauteur-quand-le-livre-resiste-aux-algorithmes\/#breadcrumb"},"inLanguage":"fr-FR","potentialAction":[{"@type":"ReadAction","target":["https:\/\/lasentinelle.dz\/index.php\/2026\/04\/28\/journee-detude-sur-la-protection-du-droit-dauteur-quand-le-livre-resiste-aux-algorithmes\/"]}]},{"@type":"ImageObject","inLanguage":"fr-FR","@id":"https:\/\/lasentinelle.dz\/index.php\/2026\/04\/28\/journee-detude-sur-la-protection-du-droit-dauteur-quand-le-livre-resiste-aux-algorithmes\/#primaryimage","url":"https:\/\/lasentinelle.dz\/wp-content\/uploads\/2025\/07\/livre-1.jpg","contentUrl":"https:\/\/lasentinelle.dz\/wp-content\/uploads\/2025\/07\/livre-1.jpg","width":630,"height":315},{"@type":"BreadcrumbList","@id":"https:\/\/lasentinelle.dz\/index.php\/2026\/04\/28\/journee-detude-sur-la-protection-du-droit-dauteur-quand-le-livre-resiste-aux-algorithmes\/#breadcrumb","itemListElement":[{"@type":"ListItem","position":1,"name":"Accueil","item":"https:\/\/lasentinelle.dz\/"},{"@type":"ListItem","position":2,"name":"Journ\u00e9e d\u2019\u00e9tude sur la protection du droit d&rsquo;auteur\u00a0: Quand le livre r\u00e9siste aux algorithmes"}]},{"@type":"WebSite","@id":"https:\/\/lasentinelle.dz\/#website","url":"https:\/\/lasentinelle.dz\/","name":"La Sentinelle","description":"Quotidien national d&#039;information","publisher":{"@id":"https:\/\/lasentinelle.dz\/#organization"},"potentialAction":[{"@type":"SearchAction","target":{"@type":"EntryPoint","urlTemplate":"https:\/\/lasentinelle.dz\/?s={search_term_string}"},"query-input":{"@type":"PropertyValueSpecification","valueRequired":true,"valueName":"search_term_string"}}],"inLanguage":"fr-FR"},{"@type":"Organization","@id":"https:\/\/lasentinelle.dz\/#organization","name":"Quotidien La Sentinelle","url":"https:\/\/lasentinelle.dz\/","logo":{"@type":"ImageObject","inLanguage":"fr-FR","@id":"https:\/\/lasentinelle.dz\/#\/schema\/logo\/image\/","url":"https:\/\/lasentinelle.dz\/wp-content\/uploads\/2021\/09\/logo-sentinelleSLOGAN-1.png","contentUrl":"https:\/\/lasentinelle.dz\/wp-content\/uploads\/2021\/09\/logo-sentinelleSLOGAN-1.png","width":615,"height":142,"caption":"Quotidien La Sentinelle"},"image":{"@id":"https:\/\/lasentinelle.dz\/#\/schema\/logo\/image\/"},"sameAs":["https:\/\/www.facebook.com\/La-Sentinelle-104059864394773"]},{"@type":"Person","@id":"https:\/\/lasentinelle.dz\/#\/schema\/person\/729ee0024f24e0b8c5ec17232f8e8b41","name":"admin","image":{"@type":"ImageObject","inLanguage":"fr-FR","@id":"https:\/\/secure.gravatar.com\/avatar\/4c81fed838786e9b53f540bf46533e750f5d292099ae3b66cfc6fb1982e29df7?s=96&d=mm&r=g","url":"https:\/\/secure.gravatar.com\/avatar\/4c81fed838786e9b53f540bf46533e750f5d292099ae3b66cfc6fb1982e29df7?s=96&d=mm&r=g","contentUrl":"https:\/\/secure.gravatar.com\/avatar\/4c81fed838786e9b53f540bf46533e750f5d292099ae3b66cfc6fb1982e29df7?s=96&d=mm&r=g","caption":"admin"},"description":"admin","url":"https:\/\/lasentinelle.dz\/author\/admin\/"}]}},"_links":{"self":[{"href":"https:\/\/lasentinelle.dz\/index.php\/wp-json\/wp\/v2\/posts\/86616","targetHints":{"allow":["GET"]}}],"collection":[{"href":"https:\/\/lasentinelle.dz\/index.php\/wp-json\/wp\/v2\/posts"}],"about":[{"href":"https:\/\/lasentinelle.dz\/index.php\/wp-json\/wp\/v2\/types\/post"}],"author":[{"embeddable":true,"href":"https:\/\/lasentinelle.dz\/index.php\/wp-json\/wp\/v2\/users\/6"}],"replies":[{"embeddable":true,"href":"https:\/\/lasentinelle.dz\/index.php\/wp-json\/wp\/v2\/comments?post=86616"}],"version-history":[{"count":2,"href":"https:\/\/lasentinelle.dz\/index.php\/wp-json\/wp\/v2\/posts\/86616\/revisions"}],"predecessor-version":[{"id":86618,"href":"https:\/\/lasentinelle.dz\/index.php\/wp-json\/wp\/v2\/posts\/86616\/revisions\/86618"}],"wp:featuredmedia":[{"embeddable":true,"href":"https:\/\/lasentinelle.dz\/index.php\/wp-json\/wp\/v2\/media\/70786"}],"wp:attachment":[{"href":"https:\/\/lasentinelle.dz\/index.php\/wp-json\/wp\/v2\/media?parent=86616"}],"wp:term":[{"taxonomy":"category","embeddable":true,"href":"https:\/\/lasentinelle.dz\/index.php\/wp-json\/wp\/v2\/categories?post=86616"},{"taxonomy":"post_tag","embeddable":true,"href":"https:\/\/lasentinelle.dz\/index.php\/wp-json\/wp\/v2\/tags?post=86616"}],"curies":[{"name":"wp","href":"https:\/\/api.w.org\/{rel}","templated":true}]}}