{"id":86619,"date":"2026-04-28T20:21:06","date_gmt":"2026-04-28T19:21:06","guid":{"rendered":"https:\/\/lasentinelle.dz\/?p=86619"},"modified":"2026-04-28T20:21:09","modified_gmt":"2026-04-28T19:21:09","slug":"la-ministre-de-la-culture-et-des-arts-recoit-la-presidente-de-lima","status":"publish","type":"post","link":"https:\/\/lasentinelle.dz\/index.php\/2026\/04\/28\/la-ministre-de-la-culture-et-des-arts-recoit-la-presidente-de-lima\/","title":{"rendered":"La ministre de la Culture et des Arts re\u00e7oit la pr\u00e9sidente de l&rsquo;IMA"},"content":{"rendered":"\n<p>La ministre de la Culture et des Arts, Malika Bendouda a re\u00e7u, lundi au si\u00e8ge de son d\u00e9partement \u00e0 Alger, la pr\u00e9sidente de l\u2019Institut du monde arabe (IMA), Mme Anne-Claire Legendre, en visite en Alg\u00e9rie \u00e0 l&rsquo;invitation de la ministre pour prendre part aux travaux de la premi\u00e8re \u00e9dition des \u00ab\u00a0Rencontres afro-m\u00e9diterran\u00e9ennes de la pens\u00e9e\u00a0\u00bb, organis\u00e9es sous le haut patronage du pr\u00e9sident de la R\u00e9publique, M. Abdelmadjid Tebboune, a indiqu\u00e9 un communiqu\u00e9 du minist\u00e8re de la Culture et des Arts. Lors de cette rencontre, les deux parties ont \u00e9voqu\u00e9 \u00ab\u00a0les axes de d\u00e9bat pr\u00e9vus dans le cadre de cette manifestation intellectuelle, et \u00e9chang\u00e9 les vues sur le r\u00f4le de ces rencontres dans le renforcement du dialogue culturel entre les espaces africain et m\u00e9diterran\u00e9en\u00a0\u00bb, ainsi que \u00ab\u00a0les perspectives de coordination entre le minist\u00e8re et l\u2019Institut dans les domaines de l\u2019\u00e9change des connaissances et de la coop\u00e9ration artistique, et ce au service des objectifs communs\u00a0\u00bb. La pr\u00e9sidente de l&rsquo;IMA qui exprim\u00e9 sa gratitude pour cette invitation, a mis l\u2019accent sur \u00ab\u00a0l\u2019importance de l\u2019initiative alg\u00e9rienne dans la cr\u00e9ation d\u2019espaces de d\u00e9bat intellectuel de haut niveau\u00a0\u00bb, exprimant \u00ab\u00a0l\u2019int\u00e9r\u00eat de l\u2019Institut \u00e0 suivre les conclusions de ces rencontres et \u00e0 contribuer \u00e0 leur mise en \u0153uvre\u00a0\u00bb. Les activit\u00e9s de la premi\u00e8re \u00e9dition des \u00ab\u00a0Rencontres afro-m\u00e9diterran\u00e9ennes de la pens\u00e9e\u00a0\u00bb, d\u00e9buteront mardi au \u00ab\u00a0Mausol\u00e9e royal de Maur\u00e9tanie\u00a0\u00bb \u00e0 Tipaza, tandis que les travaux se tiendront les 29 et 30 avril au Centre international de conf\u00e9rences (CIC) Abdelatif-Rahal \u00e0 Alger.<\/p>\n\n\n\n<p>APS<\/p>\n","protected":false},"excerpt":{"rendered":"<p>La ministre de la Culture et des Arts, Malika Bendouda a re\u00e7u, lundi au si\u00e8ge de son d\u00e9partement \u00e0 Alger,<\/p>\n","protected":false},"author":6,"featured_media":86620,"comment_status":"open","ping_status":"closed","sticky":false,"template":"","format":"standard","meta":{"colormag_page_container_layout":"default_layout","colormag_page_sidebar_layout":"default_layout","om_disable_all_campaigns":false,"_monsterinsights_skip_tracking":false,"_monsterinsights_sitenote_active":false,"_monsterinsights_sitenote_note":"","_monsterinsights_sitenote_category":0,"footnotes":"","_wpscppro_dont_share_socialmedia":false,"_wpscppro_custom_social_share_image":0,"_facebook_share_type":"default","_twitter_share_type":"default","_linkedin_share_type":"default","_pinterest_share_type":"default","_linkedin_share_type_page":"","_instagram_share_type":"default","_medium_share_type":"default","_threads_share_type":"default","_google_business_share_type":"default","_selected_social_profile":[],"_wpsp_enable_custom_social_template":false,"_wpsp_social_scheduling":{"enabled":false,"datetime":null,"platforms":[],"status":"template_only","dateOption":"today","timeOption":"now","customDays":"","customHours":"","customDate":"","customTime":"","schedulingType":"absolute"},"_wpsp_active_default_template":true},"categories":[36],"tags":[],"class_list":["post-86619","post","type-post","status-publish","format-standard","has-post-thumbnail","hentry","category-culture"],"aioseo_notices":[],"yoast_head":"<!-- This site is optimized with the Yoast SEO plugin v27.5 - https:\/\/yoast.com\/product\/yoast-seo-wordpress\/ -->\n<title>La ministre de la Culture et des Arts re\u00e7oit la pr\u00e9sidente de l&rsquo;IMA - La Sentinelle<\/title>\n<meta name=\"robots\" content=\"index, follow, max-snippet:-1, max-image-preview:large, max-video-preview:-1\" \/>\n<link rel=\"canonical\" href=\"https:\/\/lasentinelle.dz\/index.php\/2026\/04\/28\/la-ministre-de-la-culture-et-des-arts-recoit-la-presidente-de-lima\/\" \/>\n<meta property=\"og:locale\" content=\"fr_FR\" \/>\n<meta property=\"og:type\" content=\"article\" \/>\n<meta property=\"og:title\" content=\"La ministre de la Culture et des Arts re\u00e7oit la pr\u00e9sidente de l&rsquo;IMA - La Sentinelle\" \/>\n<meta property=\"og:description\" content=\"La ministre de la Culture et des Arts, Malika Bendouda a re\u00e7u, lundi au si\u00e8ge de son d\u00e9partement \u00e0 Alger,\" \/>\n<meta property=\"og:url\" content=\"https:\/\/lasentinelle.dz\/index.php\/2026\/04\/28\/la-ministre-de-la-culture-et-des-arts-recoit-la-presidente-de-lima\/\" \/>\n<meta property=\"og:site_name\" content=\"La Sentinelle\" \/>\n<meta property=\"article:publisher\" content=\"https:\/\/www.facebook.com\/La-Sentinelle-104059864394773\" \/>\n<meta property=\"article:published_time\" content=\"2026-04-28T19:21:06+00:00\" \/>\n<meta property=\"article:modified_time\" content=\"2026-04-28T19:21:09+00:00\" \/>\n<meta property=\"og:image\" content=\"https:\/\/lasentinelle.dz\/wp-content\/uploads\/2026\/04\/680536542_1271210048522564_463763283027159461_n.jpg\" \/>\n\t<meta property=\"og:image:width\" content=\"2048\" \/>\n\t<meta property=\"og:image:height\" content=\"1410\" \/>\n\t<meta property=\"og:image:type\" content=\"image\/jpeg\" \/>\n<meta name=\"author\" content=\"admin\" \/>\n<meta name=\"twitter:card\" content=\"summary_large_image\" \/>\n<meta name=\"twitter:label1\" content=\"\u00c9crit par\" \/>\n\t<meta name=\"twitter:data1\" content=\"admin\" \/>\n\t<meta name=\"twitter:label2\" content=\"Dur\u00e9e de lecture estim\u00e9e\" \/>\n\t<meta name=\"twitter:data2\" content=\"2 minutes\" \/>\n<script type=\"application\/ld+json\" class=\"yoast-schema-graph\">{\"@context\":\"https:\\\/\\\/schema.org\",\"@graph\":[{\"@type\":\"Article\",\"@id\":\"https:\\\/\\\/lasentinelle.dz\\\/index.php\\\/2026\\\/04\\\/28\\\/la-ministre-de-la-culture-et-des-arts-recoit-la-presidente-de-lima\\\/#article\",\"isPartOf\":{\"@id\":\"https:\\\/\\\/lasentinelle.dz\\\/index.php\\\/2026\\\/04\\\/28\\\/la-ministre-de-la-culture-et-des-arts-recoit-la-presidente-de-lima\\\/\"},\"author\":{\"name\":\"admin\",\"@id\":\"https:\\\/\\\/lasentinelle.dz\\\/#\\\/schema\\\/person\\\/729ee0024f24e0b8c5ec17232f8e8b41\"},\"headline\":\"La ministre de la Culture et des Arts re\u00e7oit la pr\u00e9sidente de l&rsquo;IMA\",\"datePublished\":\"2026-04-28T19:21:06+00:00\",\"dateModified\":\"2026-04-28T19:21:09+00:00\",\"mainEntityOfPage\":{\"@id\":\"https:\\\/\\\/lasentinelle.dz\\\/index.php\\\/2026\\\/04\\\/28\\\/la-ministre-de-la-culture-et-des-arts-recoit-la-presidente-de-lima\\\/\"},\"wordCount\":297,\"commentCount\":0,\"publisher\":{\"@id\":\"https:\\\/\\\/lasentinelle.dz\\\/#organization\"},\"image\":{\"@id\":\"https:\\\/\\\/lasentinelle.dz\\\/index.php\\\/2026\\\/04\\\/28\\\/la-ministre-de-la-culture-et-des-arts-recoit-la-presidente-de-lima\\\/#primaryimage\"},\"thumbnailUrl\":\"https:\\\/\\\/lasentinelle.dz\\\/wp-content\\\/uploads\\\/2026\\\/04\\\/680536542_1271210048522564_463763283027159461_n.jpg\",\"articleSection\":[\"Culture\"],\"inLanguage\":\"fr-FR\",\"potentialAction\":[{\"@type\":\"CommentAction\",\"name\":\"Comment\",\"target\":[\"https:\\\/\\\/lasentinelle.dz\\\/index.php\\\/2026\\\/04\\\/28\\\/la-ministre-de-la-culture-et-des-arts-recoit-la-presidente-de-lima\\\/#respond\"]}]},{\"@type\":\"WebPage\",\"@id\":\"https:\\\/\\\/lasentinelle.dz\\\/index.php\\\/2026\\\/04\\\/28\\\/la-ministre-de-la-culture-et-des-arts-recoit-la-presidente-de-lima\\\/\",\"url\":\"https:\\\/\\\/lasentinelle.dz\\\/index.php\\\/2026\\\/04\\\/28\\\/la-ministre-de-la-culture-et-des-arts-recoit-la-presidente-de-lima\\\/\",\"name\":\"La ministre de la Culture et des Arts re\u00e7oit la pr\u00e9sidente de l&rsquo;IMA - La Sentinelle\",\"isPartOf\":{\"@id\":\"https:\\\/\\\/lasentinelle.dz\\\/#website\"},\"primaryImageOfPage\":{\"@id\":\"https:\\\/\\\/lasentinelle.dz\\\/index.php\\\/2026\\\/04\\\/28\\\/la-ministre-de-la-culture-et-des-arts-recoit-la-presidente-de-lima\\\/#primaryimage\"},\"image\":{\"@id\":\"https:\\\/\\\/lasentinelle.dz\\\/index.php\\\/2026\\\/04\\\/28\\\/la-ministre-de-la-culture-et-des-arts-recoit-la-presidente-de-lima\\\/#primaryimage\"},\"thumbnailUrl\":\"https:\\\/\\\/lasentinelle.dz\\\/wp-content\\\/uploads\\\/2026\\\/04\\\/680536542_1271210048522564_463763283027159461_n.jpg\",\"datePublished\":\"2026-04-28T19:21:06+00:00\",\"dateModified\":\"2026-04-28T19:21:09+00:00\",\"breadcrumb\":{\"@id\":\"https:\\\/\\\/lasentinelle.dz\\\/index.php\\\/2026\\\/04\\\/28\\\/la-ministre-de-la-culture-et-des-arts-recoit-la-presidente-de-lima\\\/#breadcrumb\"},\"inLanguage\":\"fr-FR\",\"potentialAction\":[{\"@type\":\"ReadAction\",\"target\":[\"https:\\\/\\\/lasentinelle.dz\\\/index.php\\\/2026\\\/04\\\/28\\\/la-ministre-de-la-culture-et-des-arts-recoit-la-presidente-de-lima\\\/\"]}]},{\"@type\":\"ImageObject\",\"inLanguage\":\"fr-FR\",\"@id\":\"https:\\\/\\\/lasentinelle.dz\\\/index.php\\\/2026\\\/04\\\/28\\\/la-ministre-de-la-culture-et-des-arts-recoit-la-presidente-de-lima\\\/#primaryimage\",\"url\":\"https:\\\/\\\/lasentinelle.dz\\\/wp-content\\\/uploads\\\/2026\\\/04\\\/680536542_1271210048522564_463763283027159461_n.jpg\",\"contentUrl\":\"https:\\\/\\\/lasentinelle.dz\\\/wp-content\\\/uploads\\\/2026\\\/04\\\/680536542_1271210048522564_463763283027159461_n.jpg\",\"width\":2048,\"height\":1410},{\"@type\":\"BreadcrumbList\",\"@id\":\"https:\\\/\\\/lasentinelle.dz\\\/index.php\\\/2026\\\/04\\\/28\\\/la-ministre-de-la-culture-et-des-arts-recoit-la-presidente-de-lima\\\/#breadcrumb\",\"itemListElement\":[{\"@type\":\"ListItem\",\"position\":1,\"name\":\"Accueil\",\"item\":\"https:\\\/\\\/lasentinelle.dz\\\/\"},{\"@type\":\"ListItem\",\"position\":2,\"name\":\"La ministre de la Culture et des Arts re\u00e7oit la pr\u00e9sidente de l&rsquo;IMA\"}]},{\"@type\":\"WebSite\",\"@id\":\"https:\\\/\\\/lasentinelle.dz\\\/#website\",\"url\":\"https:\\\/\\\/lasentinelle.dz\\\/\",\"name\":\"La Sentinelle\",\"description\":\"Quotidien national d&#039;information\",\"publisher\":{\"@id\":\"https:\\\/\\\/lasentinelle.dz\\\/#organization\"},\"potentialAction\":[{\"@type\":\"SearchAction\",\"target\":{\"@type\":\"EntryPoint\",\"urlTemplate\":\"https:\\\/\\\/lasentinelle.dz\\\/?s={search_term_string}\"},\"query-input\":{\"@type\":\"PropertyValueSpecification\",\"valueRequired\":true,\"valueName\":\"search_term_string\"}}],\"inLanguage\":\"fr-FR\"},{\"@type\":\"Organization\",\"@id\":\"https:\\\/\\\/lasentinelle.dz\\\/#organization\",\"name\":\"Quotidien La Sentinelle\",\"url\":\"https:\\\/\\\/lasentinelle.dz\\\/\",\"logo\":{\"@type\":\"ImageObject\",\"inLanguage\":\"fr-FR\",\"@id\":\"https:\\\/\\\/lasentinelle.dz\\\/#\\\/schema\\\/logo\\\/image\\\/\",\"url\":\"https:\\\/\\\/lasentinelle.dz\\\/wp-content\\\/uploads\\\/2021\\\/09\\\/logo-sentinelleSLOGAN-1.png\",\"contentUrl\":\"https:\\\/\\\/lasentinelle.dz\\\/wp-content\\\/uploads\\\/2021\\\/09\\\/logo-sentinelleSLOGAN-1.png\",\"width\":615,\"height\":142,\"caption\":\"Quotidien La Sentinelle\"},\"image\":{\"@id\":\"https:\\\/\\\/lasentinelle.dz\\\/#\\\/schema\\\/logo\\\/image\\\/\"},\"sameAs\":[\"https:\\\/\\\/www.facebook.com\\\/La-Sentinelle-104059864394773\"]},{\"@type\":\"Person\",\"@id\":\"https:\\\/\\\/lasentinelle.dz\\\/#\\\/schema\\\/person\\\/729ee0024f24e0b8c5ec17232f8e8b41\",\"name\":\"admin\",\"image\":{\"@type\":\"ImageObject\",\"inLanguage\":\"fr-FR\",\"@id\":\"https:\\\/\\\/secure.gravatar.com\\\/avatar\\\/4c81fed838786e9b53f540bf46533e750f5d292099ae3b66cfc6fb1982e29df7?s=96&d=mm&r=g\",\"url\":\"https:\\\/\\\/secure.gravatar.com\\\/avatar\\\/4c81fed838786e9b53f540bf46533e750f5d292099ae3b66cfc6fb1982e29df7?s=96&d=mm&r=g\",\"contentUrl\":\"https:\\\/\\\/secure.gravatar.com\\\/avatar\\\/4c81fed838786e9b53f540bf46533e750f5d292099ae3b66cfc6fb1982e29df7?s=96&d=mm&r=g\",\"caption\":\"admin\"},\"description\":\"admin\",\"url\":\"https:\\\/\\\/lasentinelle.dz\\\/author\\\/admin\\\/\"}]}<\/script>\n<!-- \/ Yoast SEO plugin. -->","yoast_head_json":{"title":"La ministre de la Culture et des Arts re\u00e7oit la pr\u00e9sidente de l&rsquo;IMA - La Sentinelle","robots":{"index":"index","follow":"follow","max-snippet":"max-snippet:-1","max-image-preview":"max-image-preview:large","max-video-preview":"max-video-preview:-1"},"canonical":"https:\/\/lasentinelle.dz\/index.php\/2026\/04\/28\/la-ministre-de-la-culture-et-des-arts-recoit-la-presidente-de-lima\/","og_locale":"fr_FR","og_type":"article","og_title":"La ministre de la Culture et des Arts re\u00e7oit la pr\u00e9sidente de l&rsquo;IMA - La Sentinelle","og_description":"La ministre de la Culture et des Arts, Malika Bendouda a re\u00e7u, lundi au si\u00e8ge de son d\u00e9partement \u00e0 Alger,","og_url":"https:\/\/lasentinelle.dz\/index.php\/2026\/04\/28\/la-ministre-de-la-culture-et-des-arts-recoit-la-presidente-de-lima\/","og_site_name":"La Sentinelle","article_publisher":"https:\/\/www.facebook.com\/La-Sentinelle-104059864394773","article_published_time":"2026-04-28T19:21:06+00:00","article_modified_time":"2026-04-28T19:21:09+00:00","og_image":[{"width":2048,"height":1410,"url":"https:\/\/lasentinelle.dz\/wp-content\/uploads\/2026\/04\/680536542_1271210048522564_463763283027159461_n.jpg","type":"image\/jpeg"}],"author":"admin","twitter_card":"summary_large_image","twitter_misc":{"\u00c9crit par":"admin","Dur\u00e9e de lecture estim\u00e9e":"2 minutes"},"schema":{"@context":"https:\/\/schema.org","@graph":[{"@type":"Article","@id":"https:\/\/lasentinelle.dz\/index.php\/2026\/04\/28\/la-ministre-de-la-culture-et-des-arts-recoit-la-presidente-de-lima\/#article","isPartOf":{"@id":"https:\/\/lasentinelle.dz\/index.php\/2026\/04\/28\/la-ministre-de-la-culture-et-des-arts-recoit-la-presidente-de-lima\/"},"author":{"name":"admin","@id":"https:\/\/lasentinelle.dz\/#\/schema\/person\/729ee0024f24e0b8c5ec17232f8e8b41"},"headline":"La ministre de la Culture et des Arts re\u00e7oit la pr\u00e9sidente de l&rsquo;IMA","datePublished":"2026-04-28T19:21:06+00:00","dateModified":"2026-04-28T19:21:09+00:00","mainEntityOfPage":{"@id":"https:\/\/lasentinelle.dz\/index.php\/2026\/04\/28\/la-ministre-de-la-culture-et-des-arts-recoit-la-presidente-de-lima\/"},"wordCount":297,"commentCount":0,"publisher":{"@id":"https:\/\/lasentinelle.dz\/#organization"},"image":{"@id":"https:\/\/lasentinelle.dz\/index.php\/2026\/04\/28\/la-ministre-de-la-culture-et-des-arts-recoit-la-presidente-de-lima\/#primaryimage"},"thumbnailUrl":"https:\/\/lasentinelle.dz\/wp-content\/uploads\/2026\/04\/680536542_1271210048522564_463763283027159461_n.jpg","articleSection":["Culture"],"inLanguage":"fr-FR","potentialAction":[{"@type":"CommentAction","name":"Comment","target":["https:\/\/lasentinelle.dz\/index.php\/2026\/04\/28\/la-ministre-de-la-culture-et-des-arts-recoit-la-presidente-de-lima\/#respond"]}]},{"@type":"WebPage","@id":"https:\/\/lasentinelle.dz\/index.php\/2026\/04\/28\/la-ministre-de-la-culture-et-des-arts-recoit-la-presidente-de-lima\/","url":"https:\/\/lasentinelle.dz\/index.php\/2026\/04\/28\/la-ministre-de-la-culture-et-des-arts-recoit-la-presidente-de-lima\/","name":"La ministre de la Culture et des Arts re\u00e7oit la pr\u00e9sidente de l&rsquo;IMA - La Sentinelle","isPartOf":{"@id":"https:\/\/lasentinelle.dz\/#website"},"primaryImageOfPage":{"@id":"https:\/\/lasentinelle.dz\/index.php\/2026\/04\/28\/la-ministre-de-la-culture-et-des-arts-recoit-la-presidente-de-lima\/#primaryimage"},"image":{"@id":"https:\/\/lasentinelle.dz\/index.php\/2026\/04\/28\/la-ministre-de-la-culture-et-des-arts-recoit-la-presidente-de-lima\/#primaryimage"},"thumbnailUrl":"https:\/\/lasentinelle.dz\/wp-content\/uploads\/2026\/04\/680536542_1271210048522564_463763283027159461_n.jpg","datePublished":"2026-04-28T19:21:06+00:00","dateModified":"2026-04-28T19:21:09+00:00","breadcrumb":{"@id":"https:\/\/lasentinelle.dz\/index.php\/2026\/04\/28\/la-ministre-de-la-culture-et-des-arts-recoit-la-presidente-de-lima\/#breadcrumb"},"inLanguage":"fr-FR","potentialAction":[{"@type":"ReadAction","target":["https:\/\/lasentinelle.dz\/index.php\/2026\/04\/28\/la-ministre-de-la-culture-et-des-arts-recoit-la-presidente-de-lima\/"]}]},{"@type":"ImageObject","inLanguage":"fr-FR","@id":"https:\/\/lasentinelle.dz\/index.php\/2026\/04\/28\/la-ministre-de-la-culture-et-des-arts-recoit-la-presidente-de-lima\/#primaryimage","url":"https:\/\/lasentinelle.dz\/wp-content\/uploads\/2026\/04\/680536542_1271210048522564_463763283027159461_n.jpg","contentUrl":"https:\/\/lasentinelle.dz\/wp-content\/uploads\/2026\/04\/680536542_1271210048522564_463763283027159461_n.jpg","width":2048,"height":1410},{"@type":"BreadcrumbList","@id":"https:\/\/lasentinelle.dz\/index.php\/2026\/04\/28\/la-ministre-de-la-culture-et-des-arts-recoit-la-presidente-de-lima\/#breadcrumb","itemListElement":[{"@type":"ListItem","position":1,"name":"Accueil","item":"https:\/\/lasentinelle.dz\/"},{"@type":"ListItem","position":2,"name":"La ministre de la Culture et des Arts re\u00e7oit la pr\u00e9sidente de l&rsquo;IMA"}]},{"@type":"WebSite","@id":"https:\/\/lasentinelle.dz\/#website","url":"https:\/\/lasentinelle.dz\/","name":"La Sentinelle","description":"Quotidien national d&#039;information","publisher":{"@id":"https:\/\/lasentinelle.dz\/#organization"},"potentialAction":[{"@type":"SearchAction","target":{"@type":"EntryPoint","urlTemplate":"https:\/\/lasentinelle.dz\/?s={search_term_string}"},"query-input":{"@type":"PropertyValueSpecification","valueRequired":true,"valueName":"search_term_string"}}],"inLanguage":"fr-FR"},{"@type":"Organization","@id":"https:\/\/lasentinelle.dz\/#organization","name":"Quotidien La Sentinelle","url":"https:\/\/lasentinelle.dz\/","logo":{"@type":"ImageObject","inLanguage":"fr-FR","@id":"https:\/\/lasentinelle.dz\/#\/schema\/logo\/image\/","url":"https:\/\/lasentinelle.dz\/wp-content\/uploads\/2021\/09\/logo-sentinelleSLOGAN-1.png","contentUrl":"https:\/\/lasentinelle.dz\/wp-content\/uploads\/2021\/09\/logo-sentinelleSLOGAN-1.png","width":615,"height":142,"caption":"Quotidien La Sentinelle"},"image":{"@id":"https:\/\/lasentinelle.dz\/#\/schema\/logo\/image\/"},"sameAs":["https:\/\/www.facebook.com\/La-Sentinelle-104059864394773"]},{"@type":"Person","@id":"https:\/\/lasentinelle.dz\/#\/schema\/person\/729ee0024f24e0b8c5ec17232f8e8b41","name":"admin","image":{"@type":"ImageObject","inLanguage":"fr-FR","@id":"https:\/\/secure.gravatar.com\/avatar\/4c81fed838786e9b53f540bf46533e750f5d292099ae3b66cfc6fb1982e29df7?s=96&d=mm&r=g","url":"https:\/\/secure.gravatar.com\/avatar\/4c81fed838786e9b53f540bf46533e750f5d292099ae3b66cfc6fb1982e29df7?s=96&d=mm&r=g","contentUrl":"https:\/\/secure.gravatar.com\/avatar\/4c81fed838786e9b53f540bf46533e750f5d292099ae3b66cfc6fb1982e29df7?s=96&d=mm&r=g","caption":"admin"},"description":"admin","url":"https:\/\/lasentinelle.dz\/author\/admin\/"}]}},"_links":{"self":[{"href":"https:\/\/lasentinelle.dz\/index.php\/wp-json\/wp\/v2\/posts\/86619","targetHints":{"allow":["GET"]}}],"collection":[{"href":"https:\/\/lasentinelle.dz\/index.php\/wp-json\/wp\/v2\/posts"}],"about":[{"href":"https:\/\/lasentinelle.dz\/index.php\/wp-json\/wp\/v2\/types\/post"}],"author":[{"embeddable":true,"href":"https:\/\/lasentinelle.dz\/index.php\/wp-json\/wp\/v2\/users\/6"}],"replies":[{"embeddable":true,"href":"https:\/\/lasentinelle.dz\/index.php\/wp-json\/wp\/v2\/comments?post=86619"}],"version-history":[{"count":2,"href":"https:\/\/lasentinelle.dz\/index.php\/wp-json\/wp\/v2\/posts\/86619\/revisions"}],"predecessor-version":[{"id":86622,"href":"https:\/\/lasentinelle.dz\/index.php\/wp-json\/wp\/v2\/posts\/86619\/revisions\/86622"}],"wp:featuredmedia":[{"embeddable":true,"href":"https:\/\/lasentinelle.dz\/index.php\/wp-json\/wp\/v2\/media\/86620"}],"wp:attachment":[{"href":"https:\/\/lasentinelle.dz\/index.php\/wp-json\/wp\/v2\/media?parent=86619"}],"wp:term":[{"taxonomy":"category","embeddable":true,"href":"https:\/\/lasentinelle.dz\/index.php\/wp-json\/wp\/v2\/categories?post=86619"},{"taxonomy":"post_tag","embeddable":true,"href":"https:\/\/lasentinelle.dz\/index.php\/wp-json\/wp\/v2\/tags?post=86619"}],"curies":[{"name":"wp","href":"https:\/\/api.w.org\/{rel}","templated":true}]}}