{"id":86623,"date":"2026-04-28T20:21:50","date_gmt":"2026-04-28T19:21:50","guid":{"rendered":"https:\/\/lasentinelle.dz\/?p=86623"},"modified":"2026-04-28T20:21:53","modified_gmt":"2026-04-28T19:21:53","slug":"londa-signe-trois-conventions-sur-la-propriete-intellectuelle-proteger-la-creation-a-lere-du-numerique","status":"publish","type":"post","link":"https:\/\/lasentinelle.dz\/index.php\/2026\/04\/28\/londa-signe-trois-conventions-sur-la-propriete-intellectuelle-proteger-la-creation-a-lere-du-numerique\/","title":{"rendered":"L\u2019ONDA signe trois conventions sur la propri\u00e9t\u00e9 intellectuelle\u00a0: Prot\u00e9ger la cr\u00e9ation \u00e0 l\u2019\u00e8re du num\u00e9rique"},"content":{"rendered":"\n<p>La ministre Malika Bendouda a pr\u00e9sid\u00e9, lundi au Palais de la Culture Moufdi-Zakaria, la signature de trois conventions entre l&rsquo;ONDA et des institutions publiques et priv\u00e9es, donnant corps \u00e0 une ambition que les acteurs culturels attendaient depuis longtemps : faire de la protection des droits d&rsquo;auteur une r\u00e9alit\u00e9 concr\u00e8te, pas seulement un principe affich\u00e9.<\/p>\n\n\n\n<p>La date n&rsquo;est pas anodine. La Journ\u00e9e mondiale de la propri\u00e9t\u00e9 intellectuelle, c\u00e9l\u00e9br\u00e9e chaque 26 avril, servait de cadre \u00e0 la c\u00e9r\u00e9monie. Mais au-del\u00e0 du symbole, c&rsquo;est la port\u00e9e des engagements pris qui retient l&rsquo;attention. L&rsquo;Office national des droits d&rsquo;auteur et droits voisins (ONDA) a paraph\u00e9 trois accords bilat\u00e9raux : l&rsquo;un avec l&rsquo;institution des Archives nationales, repr\u00e9sent\u00e9e par son directeur g\u00e9n\u00e9ral Mohamed Boun\u00e2ama ; un autre avec l&rsquo;\u00c9cole nationale sup\u00e9rieure du journalisme et des sciences de l&rsquo;information, repr\u00e9sent\u00e9e par Khaled Lalaoui ; et un troisi\u00e8me avec la plateforme Dropzik, sp\u00e9cialis\u00e9e dans la distribution de musique num\u00e9rique. Trois secteurs, trois r\u00e9alit\u00e9s diff\u00e9rentes, un m\u00eame fil conducteur : encadrer juridiquement la cr\u00e9ation \u00e0 l&rsquo;\u00e8re du tout-num\u00e9rique. Malika Bendouda n&rsquo;a pas us\u00e9 de formules creuses pour l&rsquo;occasion. Devant un parterre d&rsquo;institutionnels et de professionnels de la culture, elle a rappel\u00e9 que la protection de la cr\u00e9ation \u00ab est plus qu&rsquo;une obligation juridique, mais un choix civilisationnel \u00bb. Elle a aussi insist\u00e9 sur le fait que pr\u00e9server les droits des cr\u00e9ateurs \u00ab demeure une responsabilit\u00e9 collective n\u00e9cessitant la mobilisation des institutions, des m\u00e9dias et de la soci\u00e9t\u00e9 civile \u00bb. Des mots qui sonnent comme un appel direct aux acteurs du secteur, souvent laiss\u00e9s seuls face au pillage num\u00e9rique.<\/p>\n\n\n\n<p>Du c\u00f4t\u00e9 de l&rsquo;ONDA, son directeur g\u00e9n\u00e9ral Samir Thaalbi a mis en avant une vision plus \u00e9conomique du dossier, soulignant que prot\u00e9ger la cr\u00e9ativit\u00e9 humaine est un \u00ab levier de d\u00e9veloppement durable \u00bb et que l&rsquo;innovation num\u00e9rique \u00ab joue un r\u00f4le cl\u00e9 dans le d\u00e9veloppement des soci\u00e9t\u00e9s \u00bb. Dans un pays o\u00f9 le piratage musical circule librement sur les plateformes et les cl\u00e9s USB des march\u00e9s informels, la convention avec Dropzik prend une r\u00e9sonance particuli\u00e8re. La distribution l\u00e9gale de musique en ligne reste encore marginale en Alg\u00e9rie ; cet accord pourrait contribuer \u00e0 changer la donne, au moins symboliquement.<\/p>\n\n\n\n<p>L&rsquo;autre temps fort de la journ\u00e9e, c&rsquo;est le lancement du label \u00ab Copyright Friendly \u00bb. Cette distinction institutionnelle a vocation \u00e0 r\u00e9compenser chaque ann\u00e9e les entreprises qui respectent ce que la ministre appelle \u00ab l&rsquo;authenticit\u00e9 cr\u00e9ative \u00bb et les droits d&rsquo;auteur et droits voisins. L&rsquo;id\u00e9e est simple : valoriser publiquement ceux qui jouent le jeu de la l\u00e9galit\u00e9, dans un environnement o\u00f9 l&rsquo;usage non autoris\u00e9 d&rsquo;\u0153uvres musicales, audiovisuelles ou litt\u00e9raires est encore banalis\u00e9. Un levier de r\u00e9putation plut\u00f4t que de sanction, ce qui constitue un pari inhabituel mais pas d\u00e9nu\u00e9 de pragmatisme.<\/p>\n\n\n\n<p>Ces trois conventions ne r\u00e8glent \u00e9videmment pas tout. Les d\u00e9fis restent immenses : faiblesse des m\u00e9canismes de contr\u00f4le, absence de culture du droit d&rsquo;auteur dans de larges pans de la soci\u00e9t\u00e9, \u00e9conomie informelle qui absorbe une part significative de la consommation culturelle. Mais elles posent des jalons. Associer des archives nationales, une \u00e9cole de journalisme et une plateforme de streaming dans un m\u00eame \u00e9lan juridique, c&rsquo;est reconna\u00eetre que la question de la propri\u00e9t\u00e9 intellectuelle traverse tous les secteurs de la vie culturelle, de la conservation du patrimoine jusqu&rsquo;\u00e0 la chanson qui tourne en boucle sur les t\u00e9l\u00e9phones.<\/p>\n\n\n\n<p>Mohand Seghir<\/p>\n","protected":false},"excerpt":{"rendered":"<p>La ministre Malika Bendouda a pr\u00e9sid\u00e9, lundi au Palais de la Culture Moufdi-Zakaria, la signature de trois conventions entre l&rsquo;ONDA<\/p>\n","protected":false},"author":6,"featured_media":86624,"comment_status":"open","ping_status":"closed","sticky":false,"template":"","format":"standard","meta":{"colormag_page_container_layout":"default_layout","colormag_page_sidebar_layout":"default_layout","om_disable_all_campaigns":false,"_monsterinsights_skip_tracking":false,"_monsterinsights_sitenote_active":false,"_monsterinsights_sitenote_note":"","_monsterinsights_sitenote_category":0,"footnotes":"","_wpscppro_dont_share_socialmedia":false,"_wpscppro_custom_social_share_image":0,"_facebook_share_type":"default","_twitter_share_type":"default","_linkedin_share_type":"default","_pinterest_share_type":"default","_linkedin_share_type_page":"","_instagram_share_type":"default","_medium_share_type":"default","_threads_share_type":"default","_google_business_share_type":"default","_selected_social_profile":[],"_wpsp_enable_custom_social_template":false,"_wpsp_social_scheduling":{"enabled":false,"datetime":null,"platforms":[],"status":"template_only","dateOption":"today","timeOption":"now","customDays":"","customHours":"","customDate":"","customTime":"","schedulingType":"absolute"},"_wpsp_active_default_template":true},"categories":[36],"tags":[],"class_list":["post-86623","post","type-post","status-publish","format-standard","has-post-thumbnail","hentry","category-culture"],"aioseo_notices":[],"yoast_head":"<!-- This site is optimized with the Yoast SEO plugin v27.5 - https:\/\/yoast.com\/product\/yoast-seo-wordpress\/ -->\n<title>L\u2019ONDA signe trois conventions sur la propri\u00e9t\u00e9 intellectuelle\u00a0: Prot\u00e9ger la cr\u00e9ation \u00e0 l\u2019\u00e8re du num\u00e9rique - La Sentinelle<\/title>\n<meta name=\"robots\" content=\"index, follow, max-snippet:-1, max-image-preview:large, max-video-preview:-1\" \/>\n<link rel=\"canonical\" href=\"https:\/\/lasentinelle.dz\/index.php\/2026\/04\/28\/londa-signe-trois-conventions-sur-la-propriete-intellectuelle-proteger-la-creation-a-lere-du-numerique\/\" \/>\n<meta property=\"og:locale\" content=\"fr_FR\" \/>\n<meta property=\"og:type\" content=\"article\" \/>\n<meta property=\"og:title\" content=\"L\u2019ONDA signe trois conventions sur la propri\u00e9t\u00e9 intellectuelle\u00a0: Prot\u00e9ger la cr\u00e9ation \u00e0 l\u2019\u00e8re du num\u00e9rique - La Sentinelle\" \/>\n<meta property=\"og:description\" content=\"La ministre Malika Bendouda a pr\u00e9sid\u00e9, lundi au Palais de la Culture Moufdi-Zakaria, la signature de trois conventions entre l&rsquo;ONDA\" \/>\n<meta property=\"og:url\" content=\"https:\/\/lasentinelle.dz\/index.php\/2026\/04\/28\/londa-signe-trois-conventions-sur-la-propriete-intellectuelle-proteger-la-creation-a-lere-du-numerique\/\" \/>\n<meta property=\"og:site_name\" content=\"La Sentinelle\" \/>\n<meta property=\"article:publisher\" content=\"https:\/\/www.facebook.com\/La-Sentinelle-104059864394773\" \/>\n<meta property=\"article:published_time\" content=\"2026-04-28T19:21:50+00:00\" \/>\n<meta property=\"article:modified_time\" content=\"2026-04-28T19:21:53+00:00\" \/>\n<meta property=\"og:image\" content=\"https:\/\/lasentinelle.dz\/wp-content\/uploads\/2026\/04\/ONDA.jpg\" \/>\n\t<meta property=\"og:image:width\" content=\"1080\" \/>\n\t<meta property=\"og:image:height\" content=\"720\" \/>\n\t<meta property=\"og:image:type\" content=\"image\/jpeg\" \/>\n<meta name=\"author\" content=\"admin\" \/>\n<meta name=\"twitter:card\" content=\"summary_large_image\" \/>\n<meta name=\"twitter:label1\" content=\"\u00c9crit par\" \/>\n\t<meta name=\"twitter:data1\" content=\"admin\" \/>\n\t<meta name=\"twitter:label2\" content=\"Dur\u00e9e de lecture estim\u00e9e\" \/>\n\t<meta name=\"twitter:data2\" content=\"3 minutes\" \/>\n<script type=\"application\/ld+json\" class=\"yoast-schema-graph\">{\"@context\":\"https:\\\/\\\/schema.org\",\"@graph\":[{\"@type\":\"Article\",\"@id\":\"https:\\\/\\\/lasentinelle.dz\\\/index.php\\\/2026\\\/04\\\/28\\\/londa-signe-trois-conventions-sur-la-propriete-intellectuelle-proteger-la-creation-a-lere-du-numerique\\\/#article\",\"isPartOf\":{\"@id\":\"https:\\\/\\\/lasentinelle.dz\\\/index.php\\\/2026\\\/04\\\/28\\\/londa-signe-trois-conventions-sur-la-propriete-intellectuelle-proteger-la-creation-a-lere-du-numerique\\\/\"},\"author\":{\"name\":\"admin\",\"@id\":\"https:\\\/\\\/lasentinelle.dz\\\/#\\\/schema\\\/person\\\/729ee0024f24e0b8c5ec17232f8e8b41\"},\"headline\":\"L\u2019ONDA signe trois conventions sur la propri\u00e9t\u00e9 intellectuelle\u00a0: Prot\u00e9ger la cr\u00e9ation \u00e0 l\u2019\u00e8re du num\u00e9rique\",\"datePublished\":\"2026-04-28T19:21:50+00:00\",\"dateModified\":\"2026-04-28T19:21:53+00:00\",\"mainEntityOfPage\":{\"@id\":\"https:\\\/\\\/lasentinelle.dz\\\/index.php\\\/2026\\\/04\\\/28\\\/londa-signe-trois-conventions-sur-la-propriete-intellectuelle-proteger-la-creation-a-lere-du-numerique\\\/\"},\"wordCount\":645,\"commentCount\":0,\"publisher\":{\"@id\":\"https:\\\/\\\/lasentinelle.dz\\\/#organization\"},\"image\":{\"@id\":\"https:\\\/\\\/lasentinelle.dz\\\/index.php\\\/2026\\\/04\\\/28\\\/londa-signe-trois-conventions-sur-la-propriete-intellectuelle-proteger-la-creation-a-lere-du-numerique\\\/#primaryimage\"},\"thumbnailUrl\":\"https:\\\/\\\/lasentinelle.dz\\\/wp-content\\\/uploads\\\/2026\\\/04\\\/ONDA.jpg\",\"articleSection\":[\"Culture\"],\"inLanguage\":\"fr-FR\",\"potentialAction\":[{\"@type\":\"CommentAction\",\"name\":\"Comment\",\"target\":[\"https:\\\/\\\/lasentinelle.dz\\\/index.php\\\/2026\\\/04\\\/28\\\/londa-signe-trois-conventions-sur-la-propriete-intellectuelle-proteger-la-creation-a-lere-du-numerique\\\/#respond\"]}]},{\"@type\":\"WebPage\",\"@id\":\"https:\\\/\\\/lasentinelle.dz\\\/index.php\\\/2026\\\/04\\\/28\\\/londa-signe-trois-conventions-sur-la-propriete-intellectuelle-proteger-la-creation-a-lere-du-numerique\\\/\",\"url\":\"https:\\\/\\\/lasentinelle.dz\\\/index.php\\\/2026\\\/04\\\/28\\\/londa-signe-trois-conventions-sur-la-propriete-intellectuelle-proteger-la-creation-a-lere-du-numerique\\\/\",\"name\":\"L\u2019ONDA signe trois conventions sur la propri\u00e9t\u00e9 intellectuelle\u00a0: Prot\u00e9ger la cr\u00e9ation \u00e0 l\u2019\u00e8re du num\u00e9rique - La Sentinelle\",\"isPartOf\":{\"@id\":\"https:\\\/\\\/lasentinelle.dz\\\/#website\"},\"primaryImageOfPage\":{\"@id\":\"https:\\\/\\\/lasentinelle.dz\\\/index.php\\\/2026\\\/04\\\/28\\\/londa-signe-trois-conventions-sur-la-propriete-intellectuelle-proteger-la-creation-a-lere-du-numerique\\\/#primaryimage\"},\"image\":{\"@id\":\"https:\\\/\\\/lasentinelle.dz\\\/index.php\\\/2026\\\/04\\\/28\\\/londa-signe-trois-conventions-sur-la-propriete-intellectuelle-proteger-la-creation-a-lere-du-numerique\\\/#primaryimage\"},\"thumbnailUrl\":\"https:\\\/\\\/lasentinelle.dz\\\/wp-content\\\/uploads\\\/2026\\\/04\\\/ONDA.jpg\",\"datePublished\":\"2026-04-28T19:21:50+00:00\",\"dateModified\":\"2026-04-28T19:21:53+00:00\",\"breadcrumb\":{\"@id\":\"https:\\\/\\\/lasentinelle.dz\\\/index.php\\\/2026\\\/04\\\/28\\\/londa-signe-trois-conventions-sur-la-propriete-intellectuelle-proteger-la-creation-a-lere-du-numerique\\\/#breadcrumb\"},\"inLanguage\":\"fr-FR\",\"potentialAction\":[{\"@type\":\"ReadAction\",\"target\":[\"https:\\\/\\\/lasentinelle.dz\\\/index.php\\\/2026\\\/04\\\/28\\\/londa-signe-trois-conventions-sur-la-propriete-intellectuelle-proteger-la-creation-a-lere-du-numerique\\\/\"]}]},{\"@type\":\"ImageObject\",\"inLanguage\":\"fr-FR\",\"@id\":\"https:\\\/\\\/lasentinelle.dz\\\/index.php\\\/2026\\\/04\\\/28\\\/londa-signe-trois-conventions-sur-la-propriete-intellectuelle-proteger-la-creation-a-lere-du-numerique\\\/#primaryimage\",\"url\":\"https:\\\/\\\/lasentinelle.dz\\\/wp-content\\\/uploads\\\/2026\\\/04\\\/ONDA.jpg\",\"contentUrl\":\"https:\\\/\\\/lasentinelle.dz\\\/wp-content\\\/uploads\\\/2026\\\/04\\\/ONDA.jpg\",\"width\":1080,\"height\":720},{\"@type\":\"BreadcrumbList\",\"@id\":\"https:\\\/\\\/lasentinelle.dz\\\/index.php\\\/2026\\\/04\\\/28\\\/londa-signe-trois-conventions-sur-la-propriete-intellectuelle-proteger-la-creation-a-lere-du-numerique\\\/#breadcrumb\",\"itemListElement\":[{\"@type\":\"ListItem\",\"position\":1,\"name\":\"Accueil\",\"item\":\"https:\\\/\\\/lasentinelle.dz\\\/\"},{\"@type\":\"ListItem\",\"position\":2,\"name\":\"L\u2019ONDA signe trois conventions sur la propri\u00e9t\u00e9 intellectuelle\u00a0: Prot\u00e9ger la cr\u00e9ation \u00e0 l\u2019\u00e8re du num\u00e9rique\"}]},{\"@type\":\"WebSite\",\"@id\":\"https:\\\/\\\/lasentinelle.dz\\\/#website\",\"url\":\"https:\\\/\\\/lasentinelle.dz\\\/\",\"name\":\"La Sentinelle\",\"description\":\"Quotidien national d&#039;information\",\"publisher\":{\"@id\":\"https:\\\/\\\/lasentinelle.dz\\\/#organization\"},\"potentialAction\":[{\"@type\":\"SearchAction\",\"target\":{\"@type\":\"EntryPoint\",\"urlTemplate\":\"https:\\\/\\\/lasentinelle.dz\\\/?s={search_term_string}\"},\"query-input\":{\"@type\":\"PropertyValueSpecification\",\"valueRequired\":true,\"valueName\":\"search_term_string\"}}],\"inLanguage\":\"fr-FR\"},{\"@type\":\"Organization\",\"@id\":\"https:\\\/\\\/lasentinelle.dz\\\/#organization\",\"name\":\"Quotidien La Sentinelle\",\"url\":\"https:\\\/\\\/lasentinelle.dz\\\/\",\"logo\":{\"@type\":\"ImageObject\",\"inLanguage\":\"fr-FR\",\"@id\":\"https:\\\/\\\/lasentinelle.dz\\\/#\\\/schema\\\/logo\\\/image\\\/\",\"url\":\"https:\\\/\\\/lasentinelle.dz\\\/wp-content\\\/uploads\\\/2021\\\/09\\\/logo-sentinelleSLOGAN-1.png\",\"contentUrl\":\"https:\\\/\\\/lasentinelle.dz\\\/wp-content\\\/uploads\\\/2021\\\/09\\\/logo-sentinelleSLOGAN-1.png\",\"width\":615,\"height\":142,\"caption\":\"Quotidien La Sentinelle\"},\"image\":{\"@id\":\"https:\\\/\\\/lasentinelle.dz\\\/#\\\/schema\\\/logo\\\/image\\\/\"},\"sameAs\":[\"https:\\\/\\\/www.facebook.com\\\/La-Sentinelle-104059864394773\"]},{\"@type\":\"Person\",\"@id\":\"https:\\\/\\\/lasentinelle.dz\\\/#\\\/schema\\\/person\\\/729ee0024f24e0b8c5ec17232f8e8b41\",\"name\":\"admin\",\"image\":{\"@type\":\"ImageObject\",\"inLanguage\":\"fr-FR\",\"@id\":\"https:\\\/\\\/secure.gravatar.com\\\/avatar\\\/4c81fed838786e9b53f540bf46533e750f5d292099ae3b66cfc6fb1982e29df7?s=96&d=mm&r=g\",\"url\":\"https:\\\/\\\/secure.gravatar.com\\\/avatar\\\/4c81fed838786e9b53f540bf46533e750f5d292099ae3b66cfc6fb1982e29df7?s=96&d=mm&r=g\",\"contentUrl\":\"https:\\\/\\\/secure.gravatar.com\\\/avatar\\\/4c81fed838786e9b53f540bf46533e750f5d292099ae3b66cfc6fb1982e29df7?s=96&d=mm&r=g\",\"caption\":\"admin\"},\"description\":\"admin\",\"url\":\"https:\\\/\\\/lasentinelle.dz\\\/author\\\/admin\\\/\"}]}<\/script>\n<!-- \/ Yoast SEO plugin. -->","yoast_head_json":{"title":"L\u2019ONDA signe trois conventions sur la propri\u00e9t\u00e9 intellectuelle\u00a0: Prot\u00e9ger la cr\u00e9ation \u00e0 l\u2019\u00e8re du num\u00e9rique - La Sentinelle","robots":{"index":"index","follow":"follow","max-snippet":"max-snippet:-1","max-image-preview":"max-image-preview:large","max-video-preview":"max-video-preview:-1"},"canonical":"https:\/\/lasentinelle.dz\/index.php\/2026\/04\/28\/londa-signe-trois-conventions-sur-la-propriete-intellectuelle-proteger-la-creation-a-lere-du-numerique\/","og_locale":"fr_FR","og_type":"article","og_title":"L\u2019ONDA signe trois conventions sur la propri\u00e9t\u00e9 intellectuelle\u00a0: Prot\u00e9ger la cr\u00e9ation \u00e0 l\u2019\u00e8re du num\u00e9rique - La Sentinelle","og_description":"La ministre Malika Bendouda a pr\u00e9sid\u00e9, lundi au Palais de la Culture Moufdi-Zakaria, la signature de trois conventions entre l&rsquo;ONDA","og_url":"https:\/\/lasentinelle.dz\/index.php\/2026\/04\/28\/londa-signe-trois-conventions-sur-la-propriete-intellectuelle-proteger-la-creation-a-lere-du-numerique\/","og_site_name":"La Sentinelle","article_publisher":"https:\/\/www.facebook.com\/La-Sentinelle-104059864394773","article_published_time":"2026-04-28T19:21:50+00:00","article_modified_time":"2026-04-28T19:21:53+00:00","og_image":[{"width":1080,"height":720,"url":"https:\/\/lasentinelle.dz\/wp-content\/uploads\/2026\/04\/ONDA.jpg","type":"image\/jpeg"}],"author":"admin","twitter_card":"summary_large_image","twitter_misc":{"\u00c9crit par":"admin","Dur\u00e9e de lecture estim\u00e9e":"3 minutes"},"schema":{"@context":"https:\/\/schema.org","@graph":[{"@type":"Article","@id":"https:\/\/lasentinelle.dz\/index.php\/2026\/04\/28\/londa-signe-trois-conventions-sur-la-propriete-intellectuelle-proteger-la-creation-a-lere-du-numerique\/#article","isPartOf":{"@id":"https:\/\/lasentinelle.dz\/index.php\/2026\/04\/28\/londa-signe-trois-conventions-sur-la-propriete-intellectuelle-proteger-la-creation-a-lere-du-numerique\/"},"author":{"name":"admin","@id":"https:\/\/lasentinelle.dz\/#\/schema\/person\/729ee0024f24e0b8c5ec17232f8e8b41"},"headline":"L\u2019ONDA signe trois conventions sur la propri\u00e9t\u00e9 intellectuelle\u00a0: Prot\u00e9ger la cr\u00e9ation \u00e0 l\u2019\u00e8re du num\u00e9rique","datePublished":"2026-04-28T19:21:50+00:00","dateModified":"2026-04-28T19:21:53+00:00","mainEntityOfPage":{"@id":"https:\/\/lasentinelle.dz\/index.php\/2026\/04\/28\/londa-signe-trois-conventions-sur-la-propriete-intellectuelle-proteger-la-creation-a-lere-du-numerique\/"},"wordCount":645,"commentCount":0,"publisher":{"@id":"https:\/\/lasentinelle.dz\/#organization"},"image":{"@id":"https:\/\/lasentinelle.dz\/index.php\/2026\/04\/28\/londa-signe-trois-conventions-sur-la-propriete-intellectuelle-proteger-la-creation-a-lere-du-numerique\/#primaryimage"},"thumbnailUrl":"https:\/\/lasentinelle.dz\/wp-content\/uploads\/2026\/04\/ONDA.jpg","articleSection":["Culture"],"inLanguage":"fr-FR","potentialAction":[{"@type":"CommentAction","name":"Comment","target":["https:\/\/lasentinelle.dz\/index.php\/2026\/04\/28\/londa-signe-trois-conventions-sur-la-propriete-intellectuelle-proteger-la-creation-a-lere-du-numerique\/#respond"]}]},{"@type":"WebPage","@id":"https:\/\/lasentinelle.dz\/index.php\/2026\/04\/28\/londa-signe-trois-conventions-sur-la-propriete-intellectuelle-proteger-la-creation-a-lere-du-numerique\/","url":"https:\/\/lasentinelle.dz\/index.php\/2026\/04\/28\/londa-signe-trois-conventions-sur-la-propriete-intellectuelle-proteger-la-creation-a-lere-du-numerique\/","name":"L\u2019ONDA signe trois conventions sur la propri\u00e9t\u00e9 intellectuelle\u00a0: Prot\u00e9ger la cr\u00e9ation \u00e0 l\u2019\u00e8re du num\u00e9rique - La Sentinelle","isPartOf":{"@id":"https:\/\/lasentinelle.dz\/#website"},"primaryImageOfPage":{"@id":"https:\/\/lasentinelle.dz\/index.php\/2026\/04\/28\/londa-signe-trois-conventions-sur-la-propriete-intellectuelle-proteger-la-creation-a-lere-du-numerique\/#primaryimage"},"image":{"@id":"https:\/\/lasentinelle.dz\/index.php\/2026\/04\/28\/londa-signe-trois-conventions-sur-la-propriete-intellectuelle-proteger-la-creation-a-lere-du-numerique\/#primaryimage"},"thumbnailUrl":"https:\/\/lasentinelle.dz\/wp-content\/uploads\/2026\/04\/ONDA.jpg","datePublished":"2026-04-28T19:21:50+00:00","dateModified":"2026-04-28T19:21:53+00:00","breadcrumb":{"@id":"https:\/\/lasentinelle.dz\/index.php\/2026\/04\/28\/londa-signe-trois-conventions-sur-la-propriete-intellectuelle-proteger-la-creation-a-lere-du-numerique\/#breadcrumb"},"inLanguage":"fr-FR","potentialAction":[{"@type":"ReadAction","target":["https:\/\/lasentinelle.dz\/index.php\/2026\/04\/28\/londa-signe-trois-conventions-sur-la-propriete-intellectuelle-proteger-la-creation-a-lere-du-numerique\/"]}]},{"@type":"ImageObject","inLanguage":"fr-FR","@id":"https:\/\/lasentinelle.dz\/index.php\/2026\/04\/28\/londa-signe-trois-conventions-sur-la-propriete-intellectuelle-proteger-la-creation-a-lere-du-numerique\/#primaryimage","url":"https:\/\/lasentinelle.dz\/wp-content\/uploads\/2026\/04\/ONDA.jpg","contentUrl":"https:\/\/lasentinelle.dz\/wp-content\/uploads\/2026\/04\/ONDA.jpg","width":1080,"height":720},{"@type":"BreadcrumbList","@id":"https:\/\/lasentinelle.dz\/index.php\/2026\/04\/28\/londa-signe-trois-conventions-sur-la-propriete-intellectuelle-proteger-la-creation-a-lere-du-numerique\/#breadcrumb","itemListElement":[{"@type":"ListItem","position":1,"name":"Accueil","item":"https:\/\/lasentinelle.dz\/"},{"@type":"ListItem","position":2,"name":"L\u2019ONDA signe trois conventions sur la propri\u00e9t\u00e9 intellectuelle\u00a0: Prot\u00e9ger la cr\u00e9ation \u00e0 l\u2019\u00e8re du num\u00e9rique"}]},{"@type":"WebSite","@id":"https:\/\/lasentinelle.dz\/#website","url":"https:\/\/lasentinelle.dz\/","name":"La Sentinelle","description":"Quotidien national d&#039;information","publisher":{"@id":"https:\/\/lasentinelle.dz\/#organization"},"potentialAction":[{"@type":"SearchAction","target":{"@type":"EntryPoint","urlTemplate":"https:\/\/lasentinelle.dz\/?s={search_term_string}"},"query-input":{"@type":"PropertyValueSpecification","valueRequired":true,"valueName":"search_term_string"}}],"inLanguage":"fr-FR"},{"@type":"Organization","@id":"https:\/\/lasentinelle.dz\/#organization","name":"Quotidien La Sentinelle","url":"https:\/\/lasentinelle.dz\/","logo":{"@type":"ImageObject","inLanguage":"fr-FR","@id":"https:\/\/lasentinelle.dz\/#\/schema\/logo\/image\/","url":"https:\/\/lasentinelle.dz\/wp-content\/uploads\/2021\/09\/logo-sentinelleSLOGAN-1.png","contentUrl":"https:\/\/lasentinelle.dz\/wp-content\/uploads\/2021\/09\/logo-sentinelleSLOGAN-1.png","width":615,"height":142,"caption":"Quotidien La Sentinelle"},"image":{"@id":"https:\/\/lasentinelle.dz\/#\/schema\/logo\/image\/"},"sameAs":["https:\/\/www.facebook.com\/La-Sentinelle-104059864394773"]},{"@type":"Person","@id":"https:\/\/lasentinelle.dz\/#\/schema\/person\/729ee0024f24e0b8c5ec17232f8e8b41","name":"admin","image":{"@type":"ImageObject","inLanguage":"fr-FR","@id":"https:\/\/secure.gravatar.com\/avatar\/4c81fed838786e9b53f540bf46533e750f5d292099ae3b66cfc6fb1982e29df7?s=96&d=mm&r=g","url":"https:\/\/secure.gravatar.com\/avatar\/4c81fed838786e9b53f540bf46533e750f5d292099ae3b66cfc6fb1982e29df7?s=96&d=mm&r=g","contentUrl":"https:\/\/secure.gravatar.com\/avatar\/4c81fed838786e9b53f540bf46533e750f5d292099ae3b66cfc6fb1982e29df7?s=96&d=mm&r=g","caption":"admin"},"description":"admin","url":"https:\/\/lasentinelle.dz\/author\/admin\/"}]}},"_links":{"self":[{"href":"https:\/\/lasentinelle.dz\/index.php\/wp-json\/wp\/v2\/posts\/86623","targetHints":{"allow":["GET"]}}],"collection":[{"href":"https:\/\/lasentinelle.dz\/index.php\/wp-json\/wp\/v2\/posts"}],"about":[{"href":"https:\/\/lasentinelle.dz\/index.php\/wp-json\/wp\/v2\/types\/post"}],"author":[{"embeddable":true,"href":"https:\/\/lasentinelle.dz\/index.php\/wp-json\/wp\/v2\/users\/6"}],"replies":[{"embeddable":true,"href":"https:\/\/lasentinelle.dz\/index.php\/wp-json\/wp\/v2\/comments?post=86623"}],"version-history":[{"count":1,"href":"https:\/\/lasentinelle.dz\/index.php\/wp-json\/wp\/v2\/posts\/86623\/revisions"}],"predecessor-version":[{"id":86625,"href":"https:\/\/lasentinelle.dz\/index.php\/wp-json\/wp\/v2\/posts\/86623\/revisions\/86625"}],"wp:featuredmedia":[{"embeddable":true,"href":"https:\/\/lasentinelle.dz\/index.php\/wp-json\/wp\/v2\/media\/86624"}],"wp:attachment":[{"href":"https:\/\/lasentinelle.dz\/index.php\/wp-json\/wp\/v2\/media?parent=86623"}],"wp:term":[{"taxonomy":"category","embeddable":true,"href":"https:\/\/lasentinelle.dz\/index.php\/wp-json\/wp\/v2\/categories?post=86623"},{"taxonomy":"post_tag","embeddable":true,"href":"https:\/\/lasentinelle.dz\/index.php\/wp-json\/wp\/v2\/tags?post=86623"}],"curies":[{"name":"wp","href":"https:\/\/api.w.org\/{rel}","templated":true}]}}