{"id":86626,"date":"2026-04-28T20:22:56","date_gmt":"2026-04-28T19:22:56","guid":{"rendered":"https:\/\/lasentinelle.dz\/?p=86626"},"modified":"2026-04-28T20:23:00","modified_gmt":"2026-04-28T19:23:00","slug":"rencontres-afro-mediterraneennes-un-rendez-vous-intellectuel-appele-a-devenir-annuel","status":"publish","type":"post","link":"https:\/\/lasentinelle.dz\/index.php\/2026\/04\/28\/rencontres-afro-mediterraneennes-un-rendez-vous-intellectuel-appele-a-devenir-annuel\/","title":{"rendered":"Rencontres afro-m\u00e9diterran\u00e9ennes\u00a0: Un rendez-vous intellectuel appel\u00e9 \u00e0 devenir annuel"},"content":{"rendered":"\n<p>C&rsquo;est au pied du Mausol\u00e9e royal de Maur\u00e9tanie, \u00e0 Tipaza, que se sont ouverts mardi les premi\u00e8res Rencontres afro-m\u00e9diterran\u00e9ennes de la pens\u00e9e. Le choix du lieu n&rsquo;est pas fortuit : ce site arch\u00e9ologique class\u00e9 au patrimoine mondial de l&rsquo;Unesco, baign\u00e9 par la M\u00e9diterran\u00e9e, incarne mieux que n&rsquo;importe quelle salle de conf\u00e9rence la profondeur historique d&rsquo;une Alg\u00e9rie carrefour de civilisations. Et au c\u0153ur des d\u00e9bats, une figure qui lui appartient pleinement : saint Augustin, le philosophe de Thagaste, n\u00e9 en Numidie au IVe si\u00e8cle. Abdelkader Djemaa, conseiller de la ministre de la Culture et des Arts, a annonc\u00e9 au matin du colloque sur la Cha\u00eene I de la Radio alg\u00e9rienne que ces rencontres ont vocation \u00e0 devenir \u00ab une manifestation intellectuelle p\u00e9riodique organis\u00e9e annuellement en Alg\u00e9rie \u00bb. L&rsquo;ambition est claire : faire du pays \u00ab un espace contemporain de dialogue intellectuel et civilisationnel \u00bb, selon ses propres mots, en r\u00e9unissant chercheurs et acad\u00e9miciens venus d&rsquo;Afrique et du bassin m\u00e9diterran\u00e9en, aux c\u00f4t\u00e9s de sp\u00e9cialistes de la pens\u00e9e augustinienne et de personnalit\u00e9s officielles de la r\u00e9gion. Le choix d&rsquo;Augustin pour cette \u00e9dition inaugurale s&rsquo;inscrit dans un contexte pr\u00e9cis. Djemaa rappelle que \u00ab la pens\u00e9e d&rsquo;Augustin et son h\u00e9ritage ont constitu\u00e9 un axe central \u00bb de la r\u00e9cente visite historique du pape en Alg\u00e9rie, faisant de ce colloque \u00ab un prolongement intellectuel \u00bb de cet \u00e9v\u00e9nement. Mais la d\u00e9marche est aussi, et peut-\u00eatre surtout, une r\u00e9appropriation. Car pendant des d\u00e9cennies, comme le reconna\u00eet Djemaa sans d\u00e9tour, \u00ab l&rsquo;Alg\u00e9rie officielle et culturelle a n\u00e9glig\u00e9 l&rsquo;\u00e9tude de la pens\u00e9e d&rsquo;Augustin et de son h\u00e9ritage, notamment avant le d\u00e9but du mill\u00e9naire actuel \u00bb.<\/p>\n\n\n\n<p>Les raisons de ce silence sont historiques. L&rsquo;\u00e9cole coloniale fran\u00e7aise avait instrumentalis\u00e9 le philosophe de Thagaste pour en faire une preuve de l&rsquo;appartenance de l&rsquo;Alg\u00e9rie \u00e0 la civilisation europ\u00e9enne. Cette r\u00e9cup\u00e9ration avait naturellement suscit\u00e9 une m\u00e9fiance durable chez les historiens et intellectuels alg\u00e9riens. S&rsquo;y ajoutait la comparaison syst\u00e9matique avec Donat, \u00e9v\u00eaque dissident qui refusait l&rsquo;autorit\u00e9 romaine et incarnait dans la m\u00e9moire collective les valeurs de r\u00e9sistance et de libert\u00e9 \u2014 l\u00e0 o\u00f9 Augustin apparaissait, trop vite, comme l\u2019oppos\u00e9. Une lecture qui a \u00ab conduit \u00e0 simplifier le parcours de ces personnalit\u00e9s et \u00e0 n\u00e9gliger une \u00e9tude objective de la pens\u00e9e augustinienne \u00bb, souligne Djemaa.<\/p>\n\n\n\n<p>L&rsquo;Alg\u00e9rie aborde aujourd&rsquo;hui ce patrimoine avec une autre maturit\u00e9. Djemaa affirme que la pens\u00e9e d&rsquo;Augustin \u00ab contient des valeurs humaines qui restent valables pour toutes les \u00e9poques \u00bb, au premier rang desquelles l&rsquo;\u00e9galit\u00e9 entre les hommes \u2014 non selon la race, la couleur ou le rang social, mais selon ce que chacun accomplit. Des valeurs que l&rsquo;Alg\u00e9rie entend d\u00e9sormais porter dans le dialogue entre les deux rives, en assumant pleinement qu&rsquo;Augustin est l&rsquo;un des siens : un enfant de cette terre, une voix universelle n\u00e9e ici.<\/p>\n\n\n\n<p>Mohand Seghir<\/p>\n","protected":false},"excerpt":{"rendered":"<p>C&rsquo;est au pied du Mausol\u00e9e royal de Maur\u00e9tanie, \u00e0 Tipaza, que se sont ouverts mardi les premi\u00e8res Rencontres afro-m\u00e9diterran\u00e9ennes de<\/p>\n","protected":false},"author":6,"featured_media":86344,"comment_status":"open","ping_status":"closed","sticky":false,"template":"","format":"standard","meta":{"colormag_page_container_layout":"default_layout","colormag_page_sidebar_layout":"default_layout","om_disable_all_campaigns":false,"_monsterinsights_skip_tracking":false,"_monsterinsights_sitenote_active":false,"_monsterinsights_sitenote_note":"","_monsterinsights_sitenote_category":0,"footnotes":"","_wpscppro_dont_share_socialmedia":false,"_wpscppro_custom_social_share_image":0,"_facebook_share_type":"default","_twitter_share_type":"default","_linkedin_share_type":"default","_pinterest_share_type":"default","_linkedin_share_type_page":"","_instagram_share_type":"default","_medium_share_type":"default","_threads_share_type":"default","_google_business_share_type":"default","_selected_social_profile":[],"_wpsp_enable_custom_social_template":false,"_wpsp_social_scheduling":{"enabled":false,"datetime":null,"platforms":[],"status":"template_only","dateOption":"today","timeOption":"now","customDays":"","customHours":"","customDate":"","customTime":"","schedulingType":"absolute"},"_wpsp_active_default_template":true},"categories":[36],"tags":[],"class_list":["post-86626","post","type-post","status-publish","format-standard","has-post-thumbnail","hentry","category-culture"],"aioseo_notices":[],"yoast_head":"<!-- This site is optimized with the Yoast SEO plugin v27.5 - https:\/\/yoast.com\/product\/yoast-seo-wordpress\/ -->\n<title>Rencontres afro-m\u00e9diterran\u00e9ennes\u00a0: Un rendez-vous intellectuel appel\u00e9 \u00e0 devenir annuel - La Sentinelle<\/title>\n<meta name=\"robots\" content=\"index, follow, max-snippet:-1, max-image-preview:large, max-video-preview:-1\" \/>\n<link rel=\"canonical\" href=\"https:\/\/lasentinelle.dz\/index.php\/2026\/04\/28\/rencontres-afro-mediterraneennes-un-rendez-vous-intellectuel-appele-a-devenir-annuel\/\" \/>\n<meta property=\"og:locale\" content=\"fr_FR\" \/>\n<meta property=\"og:type\" content=\"article\" \/>\n<meta property=\"og:title\" content=\"Rencontres afro-m\u00e9diterran\u00e9ennes\u00a0: Un rendez-vous intellectuel appel\u00e9 \u00e0 devenir annuel - La Sentinelle\" \/>\n<meta property=\"og:description\" content=\"C&rsquo;est au pied du Mausol\u00e9e royal de Maur\u00e9tanie, \u00e0 Tipaza, que se sont ouverts mardi les premi\u00e8res Rencontres afro-m\u00e9diterran\u00e9ennes de\" \/>\n<meta property=\"og:url\" content=\"https:\/\/lasentinelle.dz\/index.php\/2026\/04\/28\/rencontres-afro-mediterraneennes-un-rendez-vous-intellectuel-appele-a-devenir-annuel\/\" \/>\n<meta property=\"og:site_name\" content=\"La Sentinelle\" \/>\n<meta property=\"article:publisher\" content=\"https:\/\/www.facebook.com\/La-Sentinelle-104059864394773\" \/>\n<meta property=\"article:published_time\" content=\"2026-04-28T19:22:56+00:00\" \/>\n<meta property=\"article:modified_time\" content=\"2026-04-28T19:23:00+00:00\" \/>\n<meta property=\"og:image\" content=\"https:\/\/lasentinelle.dz\/wp-content\/uploads\/2026\/04\/affiche-3.jpg\" \/>\n\t<meta property=\"og:image:width\" content=\"1448\" \/>\n\t<meta property=\"og:image:height\" content=\"2048\" \/>\n\t<meta property=\"og:image:type\" content=\"image\/jpeg\" \/>\n<meta name=\"author\" content=\"admin\" \/>\n<meta name=\"twitter:card\" content=\"summary_large_image\" \/>\n<meta name=\"twitter:label1\" content=\"\u00c9crit par\" \/>\n\t<meta name=\"twitter:data1\" content=\"admin\" \/>\n\t<meta name=\"twitter:label2\" content=\"Dur\u00e9e de lecture estim\u00e9e\" \/>\n\t<meta name=\"twitter:data2\" content=\"3 minutes\" \/>\n<script type=\"application\/ld+json\" class=\"yoast-schema-graph\">{\"@context\":\"https:\\\/\\\/schema.org\",\"@graph\":[{\"@type\":\"Article\",\"@id\":\"https:\\\/\\\/lasentinelle.dz\\\/index.php\\\/2026\\\/04\\\/28\\\/rencontres-afro-mediterraneennes-un-rendez-vous-intellectuel-appele-a-devenir-annuel\\\/#article\",\"isPartOf\":{\"@id\":\"https:\\\/\\\/lasentinelle.dz\\\/index.php\\\/2026\\\/04\\\/28\\\/rencontres-afro-mediterraneennes-un-rendez-vous-intellectuel-appele-a-devenir-annuel\\\/\"},\"author\":{\"name\":\"admin\",\"@id\":\"https:\\\/\\\/lasentinelle.dz\\\/#\\\/schema\\\/person\\\/729ee0024f24e0b8c5ec17232f8e8b41\"},\"headline\":\"Rencontres afro-m\u00e9diterran\u00e9ennes\u00a0: Un rendez-vous intellectuel appel\u00e9 \u00e0 devenir annuel\",\"datePublished\":\"2026-04-28T19:22:56+00:00\",\"dateModified\":\"2026-04-28T19:23:00+00:00\",\"mainEntityOfPage\":{\"@id\":\"https:\\\/\\\/lasentinelle.dz\\\/index.php\\\/2026\\\/04\\\/28\\\/rencontres-afro-mediterraneennes-un-rendez-vous-intellectuel-appele-a-devenir-annuel\\\/\"},\"wordCount\":535,\"commentCount\":0,\"publisher\":{\"@id\":\"https:\\\/\\\/lasentinelle.dz\\\/#organization\"},\"image\":{\"@id\":\"https:\\\/\\\/lasentinelle.dz\\\/index.php\\\/2026\\\/04\\\/28\\\/rencontres-afro-mediterraneennes-un-rendez-vous-intellectuel-appele-a-devenir-annuel\\\/#primaryimage\"},\"thumbnailUrl\":\"https:\\\/\\\/lasentinelle.dz\\\/wp-content\\\/uploads\\\/2026\\\/04\\\/affiche-3.jpg\",\"articleSection\":[\"Culture\"],\"inLanguage\":\"fr-FR\",\"potentialAction\":[{\"@type\":\"CommentAction\",\"name\":\"Comment\",\"target\":[\"https:\\\/\\\/lasentinelle.dz\\\/index.php\\\/2026\\\/04\\\/28\\\/rencontres-afro-mediterraneennes-un-rendez-vous-intellectuel-appele-a-devenir-annuel\\\/#respond\"]}]},{\"@type\":\"WebPage\",\"@id\":\"https:\\\/\\\/lasentinelle.dz\\\/index.php\\\/2026\\\/04\\\/28\\\/rencontres-afro-mediterraneennes-un-rendez-vous-intellectuel-appele-a-devenir-annuel\\\/\",\"url\":\"https:\\\/\\\/lasentinelle.dz\\\/index.php\\\/2026\\\/04\\\/28\\\/rencontres-afro-mediterraneennes-un-rendez-vous-intellectuel-appele-a-devenir-annuel\\\/\",\"name\":\"Rencontres afro-m\u00e9diterran\u00e9ennes\u00a0: Un rendez-vous intellectuel appel\u00e9 \u00e0 devenir annuel - La Sentinelle\",\"isPartOf\":{\"@id\":\"https:\\\/\\\/lasentinelle.dz\\\/#website\"},\"primaryImageOfPage\":{\"@id\":\"https:\\\/\\\/lasentinelle.dz\\\/index.php\\\/2026\\\/04\\\/28\\\/rencontres-afro-mediterraneennes-un-rendez-vous-intellectuel-appele-a-devenir-annuel\\\/#primaryimage\"},\"image\":{\"@id\":\"https:\\\/\\\/lasentinelle.dz\\\/index.php\\\/2026\\\/04\\\/28\\\/rencontres-afro-mediterraneennes-un-rendez-vous-intellectuel-appele-a-devenir-annuel\\\/#primaryimage\"},\"thumbnailUrl\":\"https:\\\/\\\/lasentinelle.dz\\\/wp-content\\\/uploads\\\/2026\\\/04\\\/affiche-3.jpg\",\"datePublished\":\"2026-04-28T19:22:56+00:00\",\"dateModified\":\"2026-04-28T19:23:00+00:00\",\"breadcrumb\":{\"@id\":\"https:\\\/\\\/lasentinelle.dz\\\/index.php\\\/2026\\\/04\\\/28\\\/rencontres-afro-mediterraneennes-un-rendez-vous-intellectuel-appele-a-devenir-annuel\\\/#breadcrumb\"},\"inLanguage\":\"fr-FR\",\"potentialAction\":[{\"@type\":\"ReadAction\",\"target\":[\"https:\\\/\\\/lasentinelle.dz\\\/index.php\\\/2026\\\/04\\\/28\\\/rencontres-afro-mediterraneennes-un-rendez-vous-intellectuel-appele-a-devenir-annuel\\\/\"]}]},{\"@type\":\"ImageObject\",\"inLanguage\":\"fr-FR\",\"@id\":\"https:\\\/\\\/lasentinelle.dz\\\/index.php\\\/2026\\\/04\\\/28\\\/rencontres-afro-mediterraneennes-un-rendez-vous-intellectuel-appele-a-devenir-annuel\\\/#primaryimage\",\"url\":\"https:\\\/\\\/lasentinelle.dz\\\/wp-content\\\/uploads\\\/2026\\\/04\\\/affiche-3.jpg\",\"contentUrl\":\"https:\\\/\\\/lasentinelle.dz\\\/wp-content\\\/uploads\\\/2026\\\/04\\\/affiche-3.jpg\",\"width\":1448,\"height\":2048},{\"@type\":\"BreadcrumbList\",\"@id\":\"https:\\\/\\\/lasentinelle.dz\\\/index.php\\\/2026\\\/04\\\/28\\\/rencontres-afro-mediterraneennes-un-rendez-vous-intellectuel-appele-a-devenir-annuel\\\/#breadcrumb\",\"itemListElement\":[{\"@type\":\"ListItem\",\"position\":1,\"name\":\"Accueil\",\"item\":\"https:\\\/\\\/lasentinelle.dz\\\/\"},{\"@type\":\"ListItem\",\"position\":2,\"name\":\"Rencontres afro-m\u00e9diterran\u00e9ennes\u00a0: Un rendez-vous intellectuel appel\u00e9 \u00e0 devenir annuel\"}]},{\"@type\":\"WebSite\",\"@id\":\"https:\\\/\\\/lasentinelle.dz\\\/#website\",\"url\":\"https:\\\/\\\/lasentinelle.dz\\\/\",\"name\":\"La Sentinelle\",\"description\":\"Quotidien national d&#039;information\",\"publisher\":{\"@id\":\"https:\\\/\\\/lasentinelle.dz\\\/#organization\"},\"potentialAction\":[{\"@type\":\"SearchAction\",\"target\":{\"@type\":\"EntryPoint\",\"urlTemplate\":\"https:\\\/\\\/lasentinelle.dz\\\/?s={search_term_string}\"},\"query-input\":{\"@type\":\"PropertyValueSpecification\",\"valueRequired\":true,\"valueName\":\"search_term_string\"}}],\"inLanguage\":\"fr-FR\"},{\"@type\":\"Organization\",\"@id\":\"https:\\\/\\\/lasentinelle.dz\\\/#organization\",\"name\":\"Quotidien La Sentinelle\",\"url\":\"https:\\\/\\\/lasentinelle.dz\\\/\",\"logo\":{\"@type\":\"ImageObject\",\"inLanguage\":\"fr-FR\",\"@id\":\"https:\\\/\\\/lasentinelle.dz\\\/#\\\/schema\\\/logo\\\/image\\\/\",\"url\":\"https:\\\/\\\/lasentinelle.dz\\\/wp-content\\\/uploads\\\/2021\\\/09\\\/logo-sentinelleSLOGAN-1.png\",\"contentUrl\":\"https:\\\/\\\/lasentinelle.dz\\\/wp-content\\\/uploads\\\/2021\\\/09\\\/logo-sentinelleSLOGAN-1.png\",\"width\":615,\"height\":142,\"caption\":\"Quotidien La Sentinelle\"},\"image\":{\"@id\":\"https:\\\/\\\/lasentinelle.dz\\\/#\\\/schema\\\/logo\\\/image\\\/\"},\"sameAs\":[\"https:\\\/\\\/www.facebook.com\\\/La-Sentinelle-104059864394773\"]},{\"@type\":\"Person\",\"@id\":\"https:\\\/\\\/lasentinelle.dz\\\/#\\\/schema\\\/person\\\/729ee0024f24e0b8c5ec17232f8e8b41\",\"name\":\"admin\",\"image\":{\"@type\":\"ImageObject\",\"inLanguage\":\"fr-FR\",\"@id\":\"https:\\\/\\\/secure.gravatar.com\\\/avatar\\\/4c81fed838786e9b53f540bf46533e750f5d292099ae3b66cfc6fb1982e29df7?s=96&d=mm&r=g\",\"url\":\"https:\\\/\\\/secure.gravatar.com\\\/avatar\\\/4c81fed838786e9b53f540bf46533e750f5d292099ae3b66cfc6fb1982e29df7?s=96&d=mm&r=g\",\"contentUrl\":\"https:\\\/\\\/secure.gravatar.com\\\/avatar\\\/4c81fed838786e9b53f540bf46533e750f5d292099ae3b66cfc6fb1982e29df7?s=96&d=mm&r=g\",\"caption\":\"admin\"},\"description\":\"admin\",\"url\":\"https:\\\/\\\/lasentinelle.dz\\\/author\\\/admin\\\/\"}]}<\/script>\n<!-- \/ Yoast SEO plugin. -->","yoast_head_json":{"title":"Rencontres afro-m\u00e9diterran\u00e9ennes\u00a0: Un rendez-vous intellectuel appel\u00e9 \u00e0 devenir annuel - La Sentinelle","robots":{"index":"index","follow":"follow","max-snippet":"max-snippet:-1","max-image-preview":"max-image-preview:large","max-video-preview":"max-video-preview:-1"},"canonical":"https:\/\/lasentinelle.dz\/index.php\/2026\/04\/28\/rencontres-afro-mediterraneennes-un-rendez-vous-intellectuel-appele-a-devenir-annuel\/","og_locale":"fr_FR","og_type":"article","og_title":"Rencontres afro-m\u00e9diterran\u00e9ennes\u00a0: Un rendez-vous intellectuel appel\u00e9 \u00e0 devenir annuel - La Sentinelle","og_description":"C&rsquo;est au pied du Mausol\u00e9e royal de Maur\u00e9tanie, \u00e0 Tipaza, que se sont ouverts mardi les premi\u00e8res Rencontres afro-m\u00e9diterran\u00e9ennes de","og_url":"https:\/\/lasentinelle.dz\/index.php\/2026\/04\/28\/rencontres-afro-mediterraneennes-un-rendez-vous-intellectuel-appele-a-devenir-annuel\/","og_site_name":"La Sentinelle","article_publisher":"https:\/\/www.facebook.com\/La-Sentinelle-104059864394773","article_published_time":"2026-04-28T19:22:56+00:00","article_modified_time":"2026-04-28T19:23:00+00:00","og_image":[{"width":1448,"height":2048,"url":"https:\/\/lasentinelle.dz\/wp-content\/uploads\/2026\/04\/affiche-3.jpg","type":"image\/jpeg"}],"author":"admin","twitter_card":"summary_large_image","twitter_misc":{"\u00c9crit par":"admin","Dur\u00e9e de lecture estim\u00e9e":"3 minutes"},"schema":{"@context":"https:\/\/schema.org","@graph":[{"@type":"Article","@id":"https:\/\/lasentinelle.dz\/index.php\/2026\/04\/28\/rencontres-afro-mediterraneennes-un-rendez-vous-intellectuel-appele-a-devenir-annuel\/#article","isPartOf":{"@id":"https:\/\/lasentinelle.dz\/index.php\/2026\/04\/28\/rencontres-afro-mediterraneennes-un-rendez-vous-intellectuel-appele-a-devenir-annuel\/"},"author":{"name":"admin","@id":"https:\/\/lasentinelle.dz\/#\/schema\/person\/729ee0024f24e0b8c5ec17232f8e8b41"},"headline":"Rencontres afro-m\u00e9diterran\u00e9ennes\u00a0: Un rendez-vous intellectuel appel\u00e9 \u00e0 devenir annuel","datePublished":"2026-04-28T19:22:56+00:00","dateModified":"2026-04-28T19:23:00+00:00","mainEntityOfPage":{"@id":"https:\/\/lasentinelle.dz\/index.php\/2026\/04\/28\/rencontres-afro-mediterraneennes-un-rendez-vous-intellectuel-appele-a-devenir-annuel\/"},"wordCount":535,"commentCount":0,"publisher":{"@id":"https:\/\/lasentinelle.dz\/#organization"},"image":{"@id":"https:\/\/lasentinelle.dz\/index.php\/2026\/04\/28\/rencontres-afro-mediterraneennes-un-rendez-vous-intellectuel-appele-a-devenir-annuel\/#primaryimage"},"thumbnailUrl":"https:\/\/lasentinelle.dz\/wp-content\/uploads\/2026\/04\/affiche-3.jpg","articleSection":["Culture"],"inLanguage":"fr-FR","potentialAction":[{"@type":"CommentAction","name":"Comment","target":["https:\/\/lasentinelle.dz\/index.php\/2026\/04\/28\/rencontres-afro-mediterraneennes-un-rendez-vous-intellectuel-appele-a-devenir-annuel\/#respond"]}]},{"@type":"WebPage","@id":"https:\/\/lasentinelle.dz\/index.php\/2026\/04\/28\/rencontres-afro-mediterraneennes-un-rendez-vous-intellectuel-appele-a-devenir-annuel\/","url":"https:\/\/lasentinelle.dz\/index.php\/2026\/04\/28\/rencontres-afro-mediterraneennes-un-rendez-vous-intellectuel-appele-a-devenir-annuel\/","name":"Rencontres afro-m\u00e9diterran\u00e9ennes\u00a0: Un rendez-vous intellectuel appel\u00e9 \u00e0 devenir annuel - La Sentinelle","isPartOf":{"@id":"https:\/\/lasentinelle.dz\/#website"},"primaryImageOfPage":{"@id":"https:\/\/lasentinelle.dz\/index.php\/2026\/04\/28\/rencontres-afro-mediterraneennes-un-rendez-vous-intellectuel-appele-a-devenir-annuel\/#primaryimage"},"image":{"@id":"https:\/\/lasentinelle.dz\/index.php\/2026\/04\/28\/rencontres-afro-mediterraneennes-un-rendez-vous-intellectuel-appele-a-devenir-annuel\/#primaryimage"},"thumbnailUrl":"https:\/\/lasentinelle.dz\/wp-content\/uploads\/2026\/04\/affiche-3.jpg","datePublished":"2026-04-28T19:22:56+00:00","dateModified":"2026-04-28T19:23:00+00:00","breadcrumb":{"@id":"https:\/\/lasentinelle.dz\/index.php\/2026\/04\/28\/rencontres-afro-mediterraneennes-un-rendez-vous-intellectuel-appele-a-devenir-annuel\/#breadcrumb"},"inLanguage":"fr-FR","potentialAction":[{"@type":"ReadAction","target":["https:\/\/lasentinelle.dz\/index.php\/2026\/04\/28\/rencontres-afro-mediterraneennes-un-rendez-vous-intellectuel-appele-a-devenir-annuel\/"]}]},{"@type":"ImageObject","inLanguage":"fr-FR","@id":"https:\/\/lasentinelle.dz\/index.php\/2026\/04\/28\/rencontres-afro-mediterraneennes-un-rendez-vous-intellectuel-appele-a-devenir-annuel\/#primaryimage","url":"https:\/\/lasentinelle.dz\/wp-content\/uploads\/2026\/04\/affiche-3.jpg","contentUrl":"https:\/\/lasentinelle.dz\/wp-content\/uploads\/2026\/04\/affiche-3.jpg","width":1448,"height":2048},{"@type":"BreadcrumbList","@id":"https:\/\/lasentinelle.dz\/index.php\/2026\/04\/28\/rencontres-afro-mediterraneennes-un-rendez-vous-intellectuel-appele-a-devenir-annuel\/#breadcrumb","itemListElement":[{"@type":"ListItem","position":1,"name":"Accueil","item":"https:\/\/lasentinelle.dz\/"},{"@type":"ListItem","position":2,"name":"Rencontres afro-m\u00e9diterran\u00e9ennes\u00a0: Un rendez-vous intellectuel appel\u00e9 \u00e0 devenir annuel"}]},{"@type":"WebSite","@id":"https:\/\/lasentinelle.dz\/#website","url":"https:\/\/lasentinelle.dz\/","name":"La Sentinelle","description":"Quotidien national d&#039;information","publisher":{"@id":"https:\/\/lasentinelle.dz\/#organization"},"potentialAction":[{"@type":"SearchAction","target":{"@type":"EntryPoint","urlTemplate":"https:\/\/lasentinelle.dz\/?s={search_term_string}"},"query-input":{"@type":"PropertyValueSpecification","valueRequired":true,"valueName":"search_term_string"}}],"inLanguage":"fr-FR"},{"@type":"Organization","@id":"https:\/\/lasentinelle.dz\/#organization","name":"Quotidien La Sentinelle","url":"https:\/\/lasentinelle.dz\/","logo":{"@type":"ImageObject","inLanguage":"fr-FR","@id":"https:\/\/lasentinelle.dz\/#\/schema\/logo\/image\/","url":"https:\/\/lasentinelle.dz\/wp-content\/uploads\/2021\/09\/logo-sentinelleSLOGAN-1.png","contentUrl":"https:\/\/lasentinelle.dz\/wp-content\/uploads\/2021\/09\/logo-sentinelleSLOGAN-1.png","width":615,"height":142,"caption":"Quotidien La Sentinelle"},"image":{"@id":"https:\/\/lasentinelle.dz\/#\/schema\/logo\/image\/"},"sameAs":["https:\/\/www.facebook.com\/La-Sentinelle-104059864394773"]},{"@type":"Person","@id":"https:\/\/lasentinelle.dz\/#\/schema\/person\/729ee0024f24e0b8c5ec17232f8e8b41","name":"admin","image":{"@type":"ImageObject","inLanguage":"fr-FR","@id":"https:\/\/secure.gravatar.com\/avatar\/4c81fed838786e9b53f540bf46533e750f5d292099ae3b66cfc6fb1982e29df7?s=96&d=mm&r=g","url":"https:\/\/secure.gravatar.com\/avatar\/4c81fed838786e9b53f540bf46533e750f5d292099ae3b66cfc6fb1982e29df7?s=96&d=mm&r=g","contentUrl":"https:\/\/secure.gravatar.com\/avatar\/4c81fed838786e9b53f540bf46533e750f5d292099ae3b66cfc6fb1982e29df7?s=96&d=mm&r=g","caption":"admin"},"description":"admin","url":"https:\/\/lasentinelle.dz\/author\/admin\/"}]}},"_links":{"self":[{"href":"https:\/\/lasentinelle.dz\/index.php\/wp-json\/wp\/v2\/posts\/86626","targetHints":{"allow":["GET"]}}],"collection":[{"href":"https:\/\/lasentinelle.dz\/index.php\/wp-json\/wp\/v2\/posts"}],"about":[{"href":"https:\/\/lasentinelle.dz\/index.php\/wp-json\/wp\/v2\/types\/post"}],"author":[{"embeddable":true,"href":"https:\/\/lasentinelle.dz\/index.php\/wp-json\/wp\/v2\/users\/6"}],"replies":[{"embeddable":true,"href":"https:\/\/lasentinelle.dz\/index.php\/wp-json\/wp\/v2\/comments?post=86626"}],"version-history":[{"count":1,"href":"https:\/\/lasentinelle.dz\/index.php\/wp-json\/wp\/v2\/posts\/86626\/revisions"}],"predecessor-version":[{"id":86627,"href":"https:\/\/lasentinelle.dz\/index.php\/wp-json\/wp\/v2\/posts\/86626\/revisions\/86627"}],"wp:featuredmedia":[{"embeddable":true,"href":"https:\/\/lasentinelle.dz\/index.php\/wp-json\/wp\/v2\/media\/86344"}],"wp:attachment":[{"href":"https:\/\/lasentinelle.dz\/index.php\/wp-json\/wp\/v2\/media?parent=86626"}],"wp:term":[{"taxonomy":"category","embeddable":true,"href":"https:\/\/lasentinelle.dz\/index.php\/wp-json\/wp\/v2\/categories?post=86626"},{"taxonomy":"post_tag","embeddable":true,"href":"https:\/\/lasentinelle.dz\/index.php\/wp-json\/wp\/v2\/tags?post=86626"}],"curies":[{"name":"wp","href":"https:\/\/api.w.org\/{rel}","templated":true}]}}