{"id":86628,"date":"2026-04-28T20:24:05","date_gmt":"2026-04-28T19:24:05","guid":{"rendered":"https:\/\/lasentinelle.dz\/?p=86628"},"modified":"2026-04-28T20:24:08","modified_gmt":"2026-04-28T19:24:08","slug":"complexe-miloud-hadefi-pret-a-accueillir-le-tournoi-continental-de-natation-oran-aux-couleurs-de-lafrique","status":"publish","type":"post","link":"https:\/\/lasentinelle.dz\/index.php\/2026\/04\/28\/complexe-miloud-hadefi-pret-a-accueillir-le-tournoi-continental-de-natation-oran-aux-couleurs-de-lafrique\/","title":{"rendered":"Complexe \u00ab\u00a0Miloud-Hadefi\u00a0\u00bb pr\u00eat \u00e0 accueillir le tournoi continental de natation\u00a0: Oran aux couleurs de l&rsquo;Afrique"},"content":{"rendered":"\n<p>La piscine olympique du complexe \u00ab\u00a0Miloud-Hadefi\u00a0\u00bb sera, du 5 au 10 mai, le c\u0153ur battant de la natation africaine. &nbsp;La F\u00e9d\u00e9ration alg\u00e9rienne des sports aquatiques a confirm\u00e9 mardi que l&rsquo;infrastructure oranaise est pr\u00eate \u00e0 accueillir la 17e \u00e9dition du Championnat d&rsquo;Afrique de natation, qui r\u00e9unira cadets, seniors et masters sous le m\u00eame toit \u2014 une premi\u00e8re dans l&rsquo;histoire de la discipline sur le continent. 600 nageurs et nageuses attendus, 41 pays repr\u00e9sent\u00e9s. Les chiffres donnent la mesure de l&rsquo;\u00e9v\u00e9nement. Mais ce qui distingue vraiment cette \u00e9dition, c&rsquo;est sa densit\u00e9 in\u00e9dite : quatre comp\u00e9titions continentales se tiendront simultan\u00e9ment, avec les \u00e9preuves cadets et seniors, le championnat masters dans sa deuxi\u00e8me \u00e9dition, et la toute premi\u00e8re natation interzones. Jamais le programme n&rsquo;avait \u00e9t\u00e9 aussi charg\u00e9. Abdelhamid Tadjadit, directeur de l&rsquo;organisation sportive \u00e0 la f\u00e9d\u00e9ration, a tenu \u00e0 rassurer sur la logistique. \u00ab Toutes les dispositions ont \u00e9t\u00e9 prises afin de garantir les meilleures conditions aux participants ainsi qu&rsquo;aux repr\u00e9sentants des m\u00e9dias \u00bb, a-t-il d\u00e9clar\u00e9 \u00e0 l&rsquo;APS. Le responsable sait de quoi il parle : Oran avait d\u00e9j\u00e0 accueilli le championnat en 2018, et cette deuxi\u00e8me invitation continentale dit quelque chose de la confiance plac\u00e9e dans les installations alg\u00e9riennes. Le complexe \u00ab\u00a0Miloud-Hadefi\u00a0\u00bb dispose de deux bassins olympiques et d&rsquo;une piscine semi-olympique, pour une capacit\u00e9 de deux mille spectateurs. C&rsquo;est l&rsquo;outil qu&rsquo;il faut pour un \u00e9v\u00e9nement de cette taille. Les d\u00e9l\u00e9gations seront h\u00e9berg\u00e9es au village m\u00e9diterran\u00e9en, ce qui centralise l&rsquo;accueil et simplifie la gestion des flux \u2014 un d\u00e9tail qui compte quand on jongle avec quarante et une nations. L&rsquo;\u00e9v\u00e9nement est organis\u00e9 par la f\u00e9d\u00e9ration alg\u00e9rienne sous l&rsquo;\u00e9gide de la Conf\u00e9d\u00e9ration africaine de natation et avec le patronage du minist\u00e8re des Sports. Rendez-vous dans une semaine.<\/p>\n\n\n\n<p>M. D.<\/p>\n","protected":false},"excerpt":{"rendered":"<p>La piscine olympique du complexe \u00ab\u00a0Miloud-Hadefi\u00a0\u00bb sera, du 5 au 10 mai, le c\u0153ur battant de la natation africaine. &nbsp;La<\/p>\n","protected":false},"author":6,"featured_media":85945,"comment_status":"open","ping_status":"closed","sticky":false,"template":"","format":"standard","meta":{"colormag_page_container_layout":"default_layout","colormag_page_sidebar_layout":"default_layout","om_disable_all_campaigns":false,"_monsterinsights_skip_tracking":false,"_monsterinsights_sitenote_active":false,"_monsterinsights_sitenote_note":"","_monsterinsights_sitenote_category":0,"footnotes":"","_wpscppro_dont_share_socialmedia":false,"_wpscppro_custom_social_share_image":0,"_facebook_share_type":"default","_twitter_share_type":"default","_linkedin_share_type":"default","_pinterest_share_type":"default","_linkedin_share_type_page":"","_instagram_share_type":"default","_medium_share_type":"default","_threads_share_type":"default","_google_business_share_type":"default","_selected_social_profile":[],"_wpsp_enable_custom_social_template":false,"_wpsp_social_scheduling":{"enabled":false,"datetime":null,"platforms":[],"status":"template_only","dateOption":"today","timeOption":"now","customDays":"","customHours":"","customDate":"","customTime":"","schedulingType":"absolute"},"_wpsp_active_default_template":true},"categories":[33],"tags":[],"class_list":["post-86628","post","type-post","status-publish","format-standard","has-post-thumbnail","hentry","category-sports"],"aioseo_notices":[],"yoast_head":"<!-- This site is optimized with the Yoast SEO plugin v27.5 - https:\/\/yoast.com\/product\/yoast-seo-wordpress\/ -->\n<title>Complexe \u00ab\u00a0Miloud-Hadefi\u00a0\u00bb pr\u00eat \u00e0 accueillir le tournoi continental de natation\u00a0: Oran aux couleurs de l&rsquo;Afrique - La Sentinelle<\/title>\n<meta name=\"robots\" content=\"index, follow, max-snippet:-1, max-image-preview:large, max-video-preview:-1\" \/>\n<link rel=\"canonical\" href=\"https:\/\/lasentinelle.dz\/index.php\/2026\/04\/28\/complexe-miloud-hadefi-pret-a-accueillir-le-tournoi-continental-de-natation-oran-aux-couleurs-de-lafrique\/\" \/>\n<meta property=\"og:locale\" content=\"fr_FR\" \/>\n<meta property=\"og:type\" content=\"article\" \/>\n<meta property=\"og:title\" content=\"Complexe \u00ab\u00a0Miloud-Hadefi\u00a0\u00bb pr\u00eat \u00e0 accueillir le tournoi continental de natation\u00a0: Oran aux couleurs de l&rsquo;Afrique - La Sentinelle\" \/>\n<meta property=\"og:description\" content=\"La piscine olympique du complexe \u00ab\u00a0Miloud-Hadefi\u00a0\u00bb sera, du 5 au 10 mai, le c\u0153ur battant de la natation africaine. &nbsp;La\" \/>\n<meta property=\"og:url\" content=\"https:\/\/lasentinelle.dz\/index.php\/2026\/04\/28\/complexe-miloud-hadefi-pret-a-accueillir-le-tournoi-continental-de-natation-oran-aux-couleurs-de-lafrique\/\" \/>\n<meta property=\"og:site_name\" content=\"La Sentinelle\" \/>\n<meta property=\"article:publisher\" content=\"https:\/\/www.facebook.com\/La-Sentinelle-104059864394773\" \/>\n<meta property=\"article:published_time\" content=\"2026-04-28T19:24:05+00:00\" \/>\n<meta property=\"article:modified_time\" content=\"2026-04-28T19:24:08+00:00\" \/>\n<meta property=\"og:image\" content=\"https:\/\/lasentinelle.dz\/wp-content\/uploads\/2026\/04\/piscine.jpg\" \/>\n\t<meta property=\"og:image:width\" content=\"2046\" \/>\n\t<meta property=\"og:image:height\" content=\"1636\" \/>\n\t<meta property=\"og:image:type\" content=\"image\/jpeg\" \/>\n<meta name=\"author\" content=\"admin\" \/>\n<meta name=\"twitter:card\" content=\"summary_large_image\" \/>\n<meta name=\"twitter:label1\" content=\"\u00c9crit par\" \/>\n\t<meta name=\"twitter:data1\" content=\"admin\" \/>\n\t<meta name=\"twitter:label2\" content=\"Dur\u00e9e de lecture estim\u00e9e\" \/>\n\t<meta name=\"twitter:data2\" content=\"2 minutes\" \/>\n<script type=\"application\/ld+json\" class=\"yoast-schema-graph\">{\"@context\":\"https:\\\/\\\/schema.org\",\"@graph\":[{\"@type\":\"Article\",\"@id\":\"https:\\\/\\\/lasentinelle.dz\\\/index.php\\\/2026\\\/04\\\/28\\\/complexe-miloud-hadefi-pret-a-accueillir-le-tournoi-continental-de-natation-oran-aux-couleurs-de-lafrique\\\/#article\",\"isPartOf\":{\"@id\":\"https:\\\/\\\/lasentinelle.dz\\\/index.php\\\/2026\\\/04\\\/28\\\/complexe-miloud-hadefi-pret-a-accueillir-le-tournoi-continental-de-natation-oran-aux-couleurs-de-lafrique\\\/\"},\"author\":{\"name\":\"admin\",\"@id\":\"https:\\\/\\\/lasentinelle.dz\\\/#\\\/schema\\\/person\\\/729ee0024f24e0b8c5ec17232f8e8b41\"},\"headline\":\"Complexe \u00ab\u00a0Miloud-Hadefi\u00a0\u00bb pr\u00eat \u00e0 accueillir le tournoi continental de natation\u00a0: Oran aux couleurs de l&rsquo;Afrique\",\"datePublished\":\"2026-04-28T19:24:05+00:00\",\"dateModified\":\"2026-04-28T19:24:08+00:00\",\"mainEntityOfPage\":{\"@id\":\"https:\\\/\\\/lasentinelle.dz\\\/index.php\\\/2026\\\/04\\\/28\\\/complexe-miloud-hadefi-pret-a-accueillir-le-tournoi-continental-de-natation-oran-aux-couleurs-de-lafrique\\\/\"},\"wordCount\":343,\"commentCount\":0,\"publisher\":{\"@id\":\"https:\\\/\\\/lasentinelle.dz\\\/#organization\"},\"image\":{\"@id\":\"https:\\\/\\\/lasentinelle.dz\\\/index.php\\\/2026\\\/04\\\/28\\\/complexe-miloud-hadefi-pret-a-accueillir-le-tournoi-continental-de-natation-oran-aux-couleurs-de-lafrique\\\/#primaryimage\"},\"thumbnailUrl\":\"https:\\\/\\\/lasentinelle.dz\\\/wp-content\\\/uploads\\\/2026\\\/04\\\/piscine.jpg\",\"articleSection\":[\"Sports\"],\"inLanguage\":\"fr-FR\",\"potentialAction\":[{\"@type\":\"CommentAction\",\"name\":\"Comment\",\"target\":[\"https:\\\/\\\/lasentinelle.dz\\\/index.php\\\/2026\\\/04\\\/28\\\/complexe-miloud-hadefi-pret-a-accueillir-le-tournoi-continental-de-natation-oran-aux-couleurs-de-lafrique\\\/#respond\"]}]},{\"@type\":\"WebPage\",\"@id\":\"https:\\\/\\\/lasentinelle.dz\\\/index.php\\\/2026\\\/04\\\/28\\\/complexe-miloud-hadefi-pret-a-accueillir-le-tournoi-continental-de-natation-oran-aux-couleurs-de-lafrique\\\/\",\"url\":\"https:\\\/\\\/lasentinelle.dz\\\/index.php\\\/2026\\\/04\\\/28\\\/complexe-miloud-hadefi-pret-a-accueillir-le-tournoi-continental-de-natation-oran-aux-couleurs-de-lafrique\\\/\",\"name\":\"Complexe \u00ab\u00a0Miloud-Hadefi\u00a0\u00bb pr\u00eat \u00e0 accueillir le tournoi continental de natation\u00a0: Oran aux couleurs de l&rsquo;Afrique - La Sentinelle\",\"isPartOf\":{\"@id\":\"https:\\\/\\\/lasentinelle.dz\\\/#website\"},\"primaryImageOfPage\":{\"@id\":\"https:\\\/\\\/lasentinelle.dz\\\/index.php\\\/2026\\\/04\\\/28\\\/complexe-miloud-hadefi-pret-a-accueillir-le-tournoi-continental-de-natation-oran-aux-couleurs-de-lafrique\\\/#primaryimage\"},\"image\":{\"@id\":\"https:\\\/\\\/lasentinelle.dz\\\/index.php\\\/2026\\\/04\\\/28\\\/complexe-miloud-hadefi-pret-a-accueillir-le-tournoi-continental-de-natation-oran-aux-couleurs-de-lafrique\\\/#primaryimage\"},\"thumbnailUrl\":\"https:\\\/\\\/lasentinelle.dz\\\/wp-content\\\/uploads\\\/2026\\\/04\\\/piscine.jpg\",\"datePublished\":\"2026-04-28T19:24:05+00:00\",\"dateModified\":\"2026-04-28T19:24:08+00:00\",\"breadcrumb\":{\"@id\":\"https:\\\/\\\/lasentinelle.dz\\\/index.php\\\/2026\\\/04\\\/28\\\/complexe-miloud-hadefi-pret-a-accueillir-le-tournoi-continental-de-natation-oran-aux-couleurs-de-lafrique\\\/#breadcrumb\"},\"inLanguage\":\"fr-FR\",\"potentialAction\":[{\"@type\":\"ReadAction\",\"target\":[\"https:\\\/\\\/lasentinelle.dz\\\/index.php\\\/2026\\\/04\\\/28\\\/complexe-miloud-hadefi-pret-a-accueillir-le-tournoi-continental-de-natation-oran-aux-couleurs-de-lafrique\\\/\"]}]},{\"@type\":\"ImageObject\",\"inLanguage\":\"fr-FR\",\"@id\":\"https:\\\/\\\/lasentinelle.dz\\\/index.php\\\/2026\\\/04\\\/28\\\/complexe-miloud-hadefi-pret-a-accueillir-le-tournoi-continental-de-natation-oran-aux-couleurs-de-lafrique\\\/#primaryimage\",\"url\":\"https:\\\/\\\/lasentinelle.dz\\\/wp-content\\\/uploads\\\/2026\\\/04\\\/piscine.jpg\",\"contentUrl\":\"https:\\\/\\\/lasentinelle.dz\\\/wp-content\\\/uploads\\\/2026\\\/04\\\/piscine.jpg\",\"width\":2046,\"height\":1636},{\"@type\":\"BreadcrumbList\",\"@id\":\"https:\\\/\\\/lasentinelle.dz\\\/index.php\\\/2026\\\/04\\\/28\\\/complexe-miloud-hadefi-pret-a-accueillir-le-tournoi-continental-de-natation-oran-aux-couleurs-de-lafrique\\\/#breadcrumb\",\"itemListElement\":[{\"@type\":\"ListItem\",\"position\":1,\"name\":\"Accueil\",\"item\":\"https:\\\/\\\/lasentinelle.dz\\\/\"},{\"@type\":\"ListItem\",\"position\":2,\"name\":\"Complexe \u00ab\u00a0Miloud-Hadefi\u00a0\u00bb pr\u00eat \u00e0 accueillir le tournoi continental de natation\u00a0: Oran aux couleurs de l&rsquo;Afrique\"}]},{\"@type\":\"WebSite\",\"@id\":\"https:\\\/\\\/lasentinelle.dz\\\/#website\",\"url\":\"https:\\\/\\\/lasentinelle.dz\\\/\",\"name\":\"La Sentinelle\",\"description\":\"Quotidien national d&#039;information\",\"publisher\":{\"@id\":\"https:\\\/\\\/lasentinelle.dz\\\/#organization\"},\"potentialAction\":[{\"@type\":\"SearchAction\",\"target\":{\"@type\":\"EntryPoint\",\"urlTemplate\":\"https:\\\/\\\/lasentinelle.dz\\\/?s={search_term_string}\"},\"query-input\":{\"@type\":\"PropertyValueSpecification\",\"valueRequired\":true,\"valueName\":\"search_term_string\"}}],\"inLanguage\":\"fr-FR\"},{\"@type\":\"Organization\",\"@id\":\"https:\\\/\\\/lasentinelle.dz\\\/#organization\",\"name\":\"Quotidien La Sentinelle\",\"url\":\"https:\\\/\\\/lasentinelle.dz\\\/\",\"logo\":{\"@type\":\"ImageObject\",\"inLanguage\":\"fr-FR\",\"@id\":\"https:\\\/\\\/lasentinelle.dz\\\/#\\\/schema\\\/logo\\\/image\\\/\",\"url\":\"https:\\\/\\\/lasentinelle.dz\\\/wp-content\\\/uploads\\\/2021\\\/09\\\/logo-sentinelleSLOGAN-1.png\",\"contentUrl\":\"https:\\\/\\\/lasentinelle.dz\\\/wp-content\\\/uploads\\\/2021\\\/09\\\/logo-sentinelleSLOGAN-1.png\",\"width\":615,\"height\":142,\"caption\":\"Quotidien La Sentinelle\"},\"image\":{\"@id\":\"https:\\\/\\\/lasentinelle.dz\\\/#\\\/schema\\\/logo\\\/image\\\/\"},\"sameAs\":[\"https:\\\/\\\/www.facebook.com\\\/La-Sentinelle-104059864394773\"]},{\"@type\":\"Person\",\"@id\":\"https:\\\/\\\/lasentinelle.dz\\\/#\\\/schema\\\/person\\\/729ee0024f24e0b8c5ec17232f8e8b41\",\"name\":\"admin\",\"image\":{\"@type\":\"ImageObject\",\"inLanguage\":\"fr-FR\",\"@id\":\"https:\\\/\\\/secure.gravatar.com\\\/avatar\\\/4c81fed838786e9b53f540bf46533e750f5d292099ae3b66cfc6fb1982e29df7?s=96&d=mm&r=g\",\"url\":\"https:\\\/\\\/secure.gravatar.com\\\/avatar\\\/4c81fed838786e9b53f540bf46533e750f5d292099ae3b66cfc6fb1982e29df7?s=96&d=mm&r=g\",\"contentUrl\":\"https:\\\/\\\/secure.gravatar.com\\\/avatar\\\/4c81fed838786e9b53f540bf46533e750f5d292099ae3b66cfc6fb1982e29df7?s=96&d=mm&r=g\",\"caption\":\"admin\"},\"description\":\"admin\",\"url\":\"https:\\\/\\\/lasentinelle.dz\\\/author\\\/admin\\\/\"}]}<\/script>\n<!-- \/ Yoast SEO plugin. -->","yoast_head_json":{"title":"Complexe \u00ab\u00a0Miloud-Hadefi\u00a0\u00bb pr\u00eat \u00e0 accueillir le tournoi continental de natation\u00a0: Oran aux couleurs de l&rsquo;Afrique - La Sentinelle","robots":{"index":"index","follow":"follow","max-snippet":"max-snippet:-1","max-image-preview":"max-image-preview:large","max-video-preview":"max-video-preview:-1"},"canonical":"https:\/\/lasentinelle.dz\/index.php\/2026\/04\/28\/complexe-miloud-hadefi-pret-a-accueillir-le-tournoi-continental-de-natation-oran-aux-couleurs-de-lafrique\/","og_locale":"fr_FR","og_type":"article","og_title":"Complexe \u00ab\u00a0Miloud-Hadefi\u00a0\u00bb pr\u00eat \u00e0 accueillir le tournoi continental de natation\u00a0: Oran aux couleurs de l&rsquo;Afrique - La Sentinelle","og_description":"La piscine olympique du complexe \u00ab\u00a0Miloud-Hadefi\u00a0\u00bb sera, du 5 au 10 mai, le c\u0153ur battant de la natation africaine. &nbsp;La","og_url":"https:\/\/lasentinelle.dz\/index.php\/2026\/04\/28\/complexe-miloud-hadefi-pret-a-accueillir-le-tournoi-continental-de-natation-oran-aux-couleurs-de-lafrique\/","og_site_name":"La Sentinelle","article_publisher":"https:\/\/www.facebook.com\/La-Sentinelle-104059864394773","article_published_time":"2026-04-28T19:24:05+00:00","article_modified_time":"2026-04-28T19:24:08+00:00","og_image":[{"width":2046,"height":1636,"url":"https:\/\/lasentinelle.dz\/wp-content\/uploads\/2026\/04\/piscine.jpg","type":"image\/jpeg"}],"author":"admin","twitter_card":"summary_large_image","twitter_misc":{"\u00c9crit par":"admin","Dur\u00e9e de lecture estim\u00e9e":"2 minutes"},"schema":{"@context":"https:\/\/schema.org","@graph":[{"@type":"Article","@id":"https:\/\/lasentinelle.dz\/index.php\/2026\/04\/28\/complexe-miloud-hadefi-pret-a-accueillir-le-tournoi-continental-de-natation-oran-aux-couleurs-de-lafrique\/#article","isPartOf":{"@id":"https:\/\/lasentinelle.dz\/index.php\/2026\/04\/28\/complexe-miloud-hadefi-pret-a-accueillir-le-tournoi-continental-de-natation-oran-aux-couleurs-de-lafrique\/"},"author":{"name":"admin","@id":"https:\/\/lasentinelle.dz\/#\/schema\/person\/729ee0024f24e0b8c5ec17232f8e8b41"},"headline":"Complexe \u00ab\u00a0Miloud-Hadefi\u00a0\u00bb pr\u00eat \u00e0 accueillir le tournoi continental de natation\u00a0: Oran aux couleurs de l&rsquo;Afrique","datePublished":"2026-04-28T19:24:05+00:00","dateModified":"2026-04-28T19:24:08+00:00","mainEntityOfPage":{"@id":"https:\/\/lasentinelle.dz\/index.php\/2026\/04\/28\/complexe-miloud-hadefi-pret-a-accueillir-le-tournoi-continental-de-natation-oran-aux-couleurs-de-lafrique\/"},"wordCount":343,"commentCount":0,"publisher":{"@id":"https:\/\/lasentinelle.dz\/#organization"},"image":{"@id":"https:\/\/lasentinelle.dz\/index.php\/2026\/04\/28\/complexe-miloud-hadefi-pret-a-accueillir-le-tournoi-continental-de-natation-oran-aux-couleurs-de-lafrique\/#primaryimage"},"thumbnailUrl":"https:\/\/lasentinelle.dz\/wp-content\/uploads\/2026\/04\/piscine.jpg","articleSection":["Sports"],"inLanguage":"fr-FR","potentialAction":[{"@type":"CommentAction","name":"Comment","target":["https:\/\/lasentinelle.dz\/index.php\/2026\/04\/28\/complexe-miloud-hadefi-pret-a-accueillir-le-tournoi-continental-de-natation-oran-aux-couleurs-de-lafrique\/#respond"]}]},{"@type":"WebPage","@id":"https:\/\/lasentinelle.dz\/index.php\/2026\/04\/28\/complexe-miloud-hadefi-pret-a-accueillir-le-tournoi-continental-de-natation-oran-aux-couleurs-de-lafrique\/","url":"https:\/\/lasentinelle.dz\/index.php\/2026\/04\/28\/complexe-miloud-hadefi-pret-a-accueillir-le-tournoi-continental-de-natation-oran-aux-couleurs-de-lafrique\/","name":"Complexe \u00ab\u00a0Miloud-Hadefi\u00a0\u00bb pr\u00eat \u00e0 accueillir le tournoi continental de natation\u00a0: Oran aux couleurs de l&rsquo;Afrique - La Sentinelle","isPartOf":{"@id":"https:\/\/lasentinelle.dz\/#website"},"primaryImageOfPage":{"@id":"https:\/\/lasentinelle.dz\/index.php\/2026\/04\/28\/complexe-miloud-hadefi-pret-a-accueillir-le-tournoi-continental-de-natation-oran-aux-couleurs-de-lafrique\/#primaryimage"},"image":{"@id":"https:\/\/lasentinelle.dz\/index.php\/2026\/04\/28\/complexe-miloud-hadefi-pret-a-accueillir-le-tournoi-continental-de-natation-oran-aux-couleurs-de-lafrique\/#primaryimage"},"thumbnailUrl":"https:\/\/lasentinelle.dz\/wp-content\/uploads\/2026\/04\/piscine.jpg","datePublished":"2026-04-28T19:24:05+00:00","dateModified":"2026-04-28T19:24:08+00:00","breadcrumb":{"@id":"https:\/\/lasentinelle.dz\/index.php\/2026\/04\/28\/complexe-miloud-hadefi-pret-a-accueillir-le-tournoi-continental-de-natation-oran-aux-couleurs-de-lafrique\/#breadcrumb"},"inLanguage":"fr-FR","potentialAction":[{"@type":"ReadAction","target":["https:\/\/lasentinelle.dz\/index.php\/2026\/04\/28\/complexe-miloud-hadefi-pret-a-accueillir-le-tournoi-continental-de-natation-oran-aux-couleurs-de-lafrique\/"]}]},{"@type":"ImageObject","inLanguage":"fr-FR","@id":"https:\/\/lasentinelle.dz\/index.php\/2026\/04\/28\/complexe-miloud-hadefi-pret-a-accueillir-le-tournoi-continental-de-natation-oran-aux-couleurs-de-lafrique\/#primaryimage","url":"https:\/\/lasentinelle.dz\/wp-content\/uploads\/2026\/04\/piscine.jpg","contentUrl":"https:\/\/lasentinelle.dz\/wp-content\/uploads\/2026\/04\/piscine.jpg","width":2046,"height":1636},{"@type":"BreadcrumbList","@id":"https:\/\/lasentinelle.dz\/index.php\/2026\/04\/28\/complexe-miloud-hadefi-pret-a-accueillir-le-tournoi-continental-de-natation-oran-aux-couleurs-de-lafrique\/#breadcrumb","itemListElement":[{"@type":"ListItem","position":1,"name":"Accueil","item":"https:\/\/lasentinelle.dz\/"},{"@type":"ListItem","position":2,"name":"Complexe \u00ab\u00a0Miloud-Hadefi\u00a0\u00bb pr\u00eat \u00e0 accueillir le tournoi continental de natation\u00a0: Oran aux couleurs de l&rsquo;Afrique"}]},{"@type":"WebSite","@id":"https:\/\/lasentinelle.dz\/#website","url":"https:\/\/lasentinelle.dz\/","name":"La Sentinelle","description":"Quotidien national d&#039;information","publisher":{"@id":"https:\/\/lasentinelle.dz\/#organization"},"potentialAction":[{"@type":"SearchAction","target":{"@type":"EntryPoint","urlTemplate":"https:\/\/lasentinelle.dz\/?s={search_term_string}"},"query-input":{"@type":"PropertyValueSpecification","valueRequired":true,"valueName":"search_term_string"}}],"inLanguage":"fr-FR"},{"@type":"Organization","@id":"https:\/\/lasentinelle.dz\/#organization","name":"Quotidien La Sentinelle","url":"https:\/\/lasentinelle.dz\/","logo":{"@type":"ImageObject","inLanguage":"fr-FR","@id":"https:\/\/lasentinelle.dz\/#\/schema\/logo\/image\/","url":"https:\/\/lasentinelle.dz\/wp-content\/uploads\/2021\/09\/logo-sentinelleSLOGAN-1.png","contentUrl":"https:\/\/lasentinelle.dz\/wp-content\/uploads\/2021\/09\/logo-sentinelleSLOGAN-1.png","width":615,"height":142,"caption":"Quotidien La Sentinelle"},"image":{"@id":"https:\/\/lasentinelle.dz\/#\/schema\/logo\/image\/"},"sameAs":["https:\/\/www.facebook.com\/La-Sentinelle-104059864394773"]},{"@type":"Person","@id":"https:\/\/lasentinelle.dz\/#\/schema\/person\/729ee0024f24e0b8c5ec17232f8e8b41","name":"admin","image":{"@type":"ImageObject","inLanguage":"fr-FR","@id":"https:\/\/secure.gravatar.com\/avatar\/4c81fed838786e9b53f540bf46533e750f5d292099ae3b66cfc6fb1982e29df7?s=96&d=mm&r=g","url":"https:\/\/secure.gravatar.com\/avatar\/4c81fed838786e9b53f540bf46533e750f5d292099ae3b66cfc6fb1982e29df7?s=96&d=mm&r=g","contentUrl":"https:\/\/secure.gravatar.com\/avatar\/4c81fed838786e9b53f540bf46533e750f5d292099ae3b66cfc6fb1982e29df7?s=96&d=mm&r=g","caption":"admin"},"description":"admin","url":"https:\/\/lasentinelle.dz\/author\/admin\/"}]}},"_links":{"self":[{"href":"https:\/\/lasentinelle.dz\/index.php\/wp-json\/wp\/v2\/posts\/86628","targetHints":{"allow":["GET"]}}],"collection":[{"href":"https:\/\/lasentinelle.dz\/index.php\/wp-json\/wp\/v2\/posts"}],"about":[{"href":"https:\/\/lasentinelle.dz\/index.php\/wp-json\/wp\/v2\/types\/post"}],"author":[{"embeddable":true,"href":"https:\/\/lasentinelle.dz\/index.php\/wp-json\/wp\/v2\/users\/6"}],"replies":[{"embeddable":true,"href":"https:\/\/lasentinelle.dz\/index.php\/wp-json\/wp\/v2\/comments?post=86628"}],"version-history":[{"count":2,"href":"https:\/\/lasentinelle.dz\/index.php\/wp-json\/wp\/v2\/posts\/86628\/revisions"}],"predecessor-version":[{"id":86630,"href":"https:\/\/lasentinelle.dz\/index.php\/wp-json\/wp\/v2\/posts\/86628\/revisions\/86630"}],"wp:featuredmedia":[{"embeddable":true,"href":"https:\/\/lasentinelle.dz\/index.php\/wp-json\/wp\/v2\/media\/85945"}],"wp:attachment":[{"href":"https:\/\/lasentinelle.dz\/index.php\/wp-json\/wp\/v2\/media?parent=86628"}],"wp:term":[{"taxonomy":"category","embeddable":true,"href":"https:\/\/lasentinelle.dz\/index.php\/wp-json\/wp\/v2\/categories?post=86628"},{"taxonomy":"post_tag","embeddable":true,"href":"https:\/\/lasentinelle.dz\/index.php\/wp-json\/wp\/v2\/tags?post=86628"}],"curies":[{"name":"wp","href":"https:\/\/api.w.org\/{rel}","templated":true}]}}