{"id":86639,"date":"2026-04-28T20:26:57","date_gmt":"2026-04-28T19:26:57","guid":{"rendered":"https:\/\/lasentinelle.dz\/?p=86639"},"modified":"2026-04-28T20:27:00","modified_gmt":"2026-04-28T19:27:00","slug":"can-u17-les-fennecs-sinclinent-deux-fois-face-a-legypte-en-preparation","status":"publish","type":"post","link":"https:\/\/lasentinelle.dz\/index.php\/2026\/04\/28\/can-u17-les-fennecs-sinclinent-deux-fois-face-a-legypte-en-preparation\/","title":{"rendered":"CAN U17 : Les Fennecs s&rsquo;inclinent deux fois face \u00e0 l&rsquo;\u00c9gypte en pr\u00e9paration"},"content":{"rendered":"\n<p>Deux matchs, deux d\u00e9faites. Les U17 alg\u00e9riens ont boucl\u00e9 leur double confrontation amicale au Caire sur un bilan n\u00e9gatif, s&rsquo;inclinant 0-1 vendredi puis 0-2 lundi face \u00e0 leurs homologues \u00e9gyptiens. Des r\u00e9sultats qui font tache sur le papier, mais qui s&rsquo;inscrivent dans un calendrier de pr\u00e9paration assum\u00e9 avant la CAN U17, dont le coup d&rsquo;envoi approche. Lundi, les Pharaons cadets ont \u00e9t\u00e9 les plus tranchants. Amir Abou El-Izz a ouvert le score d\u00e8s la 8e minute, profitant d&rsquo;un d\u00e9but de match alg\u00e9rien h\u00e9sitant. La pause n&rsquo;a rien r\u00e9gl\u00e9. Les cadets verts ont tent\u00e9 de peser sur le second acte sans trouver la faille, et c&rsquo;est finalement Khaled Mokhtar qui a cors\u00e9 l&rsquo;addition dans le temps additionnel (90&rsquo;+1), transformant ce qui aurait pu rester une courte d\u00e9faite en une sentence un peu plus s\u00e9v\u00e8re. Vendredi, le sc\u00e9nario avait \u00e9t\u00e9 similaire dans la forme : un seul but \u00e9gyptien, sign\u00e9 Adem Youcef \u00e0 la 85e minute, avait suffi pour clore le premier test en faveur des h\u00f4tes.<\/p>\n\n\n\n<p>Ces deux revers m\u00e9ritent d&rsquo;\u00eatre mis en perspective. L&rsquo;Alg\u00e9rie U17 n&rsquo;arrive pas dans cette phase de pr\u00e9paration avec le statut de figurante. Les cadets ont d\u00e9croch\u00e9 leur ticket pour la CAN en terminant deuxi\u00e8mes du tournoi UNAF disput\u00e9 r\u00e9cemment \u00e0 Benghazi, en Libye \u2014 un r\u00e9sultat qui leur a valu leur qualification dans une comp\u00e9tition nord-africaine toujours disput\u00e9e. Affronter l&rsquo;\u00c9gypte, l&rsquo;une des nations les mieux structur\u00e9es du continent sur cette cat\u00e9gorie d&rsquo;\u00e2ge, sur son propre terrain et dans ce format de double confrontation, relevait d&rsquo;un choix d\u00e9lib\u00e9r\u00e9 : hausser le niveau de pr\u00e9paration, quitte \u00e0 encaisser.<\/p>\n\n\n\n<p>L&rsquo;enjeu de la CAN qui s&rsquo;annonce est pourtant consid\u00e9rable. La comp\u00e9tition ne sera pas un simple tournoi continental : les huit quarts-de-finalistes d\u00e9crocheront automatiquement leur billet pour la Coupe du monde U17 2026. Autrement dit, chaque match \u00e9liminatoire aura une double valeur, africaine et mondiale. Pour des gamins de 16 et 17 ans, la pression sera in\u00e9dite. C&rsquo;est pr\u00e9cis\u00e9ment pour \u00e7a que ces semaines de pr\u00e9paration, m\u00eame marqu\u00e9es par des d\u00e9faites, ont leur utilit\u00e9 : tester les rotations, identifier les failles d\u00e9fensives, trouver un \u00e9quilibre collectif avant que les coups ne comptent vraiment.<\/p>\n\n\n\n<p>Deux buts encaiss\u00e9s sur corners ou transitions, une charni\u00e8re mise en difficult\u00e9 dans les derni\u00e8res minutes \u2014 les techniciens alg\u00e9riens ont du travail d&rsquo;analyse devant eux. Mais l&rsquo;\u00e9quipe est qualifi\u00e9e, le groupe est en place, et le calendrier de pr\u00e9paration suit son cours.<\/p>\n\n\n\n<p>M.D.<\/p>\n","protected":false},"excerpt":{"rendered":"<p>Deux matchs, deux d\u00e9faites. Les U17 alg\u00e9riens ont boucl\u00e9 leur double confrontation amicale au Caire sur un bilan n\u00e9gatif, s&rsquo;inclinant<\/p>\n","protected":false},"author":6,"featured_media":84189,"comment_status":"open","ping_status":"closed","sticky":false,"template":"","format":"standard","meta":{"colormag_page_container_layout":"default_layout","colormag_page_sidebar_layout":"default_layout","om_disable_all_campaigns":false,"_monsterinsights_skip_tracking":false,"_monsterinsights_sitenote_active":false,"_monsterinsights_sitenote_note":"","_monsterinsights_sitenote_category":0,"footnotes":"","_wpscppro_dont_share_socialmedia":false,"_wpscppro_custom_social_share_image":0,"_facebook_share_type":"default","_twitter_share_type":"default","_linkedin_share_type":"default","_pinterest_share_type":"default","_linkedin_share_type_page":"","_instagram_share_type":"default","_medium_share_type":"default","_threads_share_type":"default","_google_business_share_type":"default","_selected_social_profile":[],"_wpsp_enable_custom_social_template":false,"_wpsp_social_scheduling":{"enabled":false,"datetime":null,"platforms":[],"status":"template_only","dateOption":"today","timeOption":"now","customDays":"","customHours":"","customDate":"","customTime":"","schedulingType":"absolute"},"_wpsp_active_default_template":true},"categories":[33],"tags":[],"class_list":["post-86639","post","type-post","status-publish","format-standard","has-post-thumbnail","hentry","category-sports"],"aioseo_notices":[],"yoast_head":"<!-- This site is optimized with the Yoast SEO plugin v27.5 - https:\/\/yoast.com\/product\/yoast-seo-wordpress\/ -->\n<title>CAN U17 : Les Fennecs s&rsquo;inclinent deux fois face \u00e0 l&rsquo;\u00c9gypte en pr\u00e9paration - La Sentinelle<\/title>\n<meta name=\"robots\" content=\"index, follow, max-snippet:-1, max-image-preview:large, max-video-preview:-1\" \/>\n<link rel=\"canonical\" href=\"https:\/\/lasentinelle.dz\/index.php\/2026\/04\/28\/can-u17-les-fennecs-sinclinent-deux-fois-face-a-legypte-en-preparation\/\" \/>\n<meta property=\"og:locale\" content=\"fr_FR\" \/>\n<meta property=\"og:type\" content=\"article\" \/>\n<meta property=\"og:title\" content=\"CAN U17 : Les Fennecs s&rsquo;inclinent deux fois face \u00e0 l&rsquo;\u00c9gypte en pr\u00e9paration - La Sentinelle\" \/>\n<meta property=\"og:description\" content=\"Deux matchs, deux d\u00e9faites. Les U17 alg\u00e9riens ont boucl\u00e9 leur double confrontation amicale au Caire sur un bilan n\u00e9gatif, s&rsquo;inclinant\" \/>\n<meta property=\"og:url\" content=\"https:\/\/lasentinelle.dz\/index.php\/2026\/04\/28\/can-u17-les-fennecs-sinclinent-deux-fois-face-a-legypte-en-preparation\/\" \/>\n<meta property=\"og:site_name\" content=\"La Sentinelle\" \/>\n<meta property=\"article:publisher\" content=\"https:\/\/www.facebook.com\/La-Sentinelle-104059864394773\" \/>\n<meta property=\"article:published_time\" content=\"2026-04-28T19:26:57+00:00\" \/>\n<meta property=\"article:modified_time\" content=\"2026-04-28T19:27:00+00:00\" \/>\n<meta property=\"og:image\" content=\"https:\/\/lasentinelle.dz\/wp-content\/uploads\/2026\/03\/U17-1.jpg\" \/>\n\t<meta property=\"og:image:width\" content=\"2069\" \/>\n\t<meta property=\"og:image:height\" content=\"1350\" \/>\n\t<meta property=\"og:image:type\" content=\"image\/jpeg\" \/>\n<meta name=\"author\" content=\"admin\" \/>\n<meta name=\"twitter:card\" content=\"summary_large_image\" \/>\n<meta name=\"twitter:label1\" content=\"\u00c9crit par\" \/>\n\t<meta name=\"twitter:data1\" content=\"admin\" \/>\n\t<meta name=\"twitter:label2\" content=\"Dur\u00e9e de lecture estim\u00e9e\" \/>\n\t<meta name=\"twitter:data2\" content=\"3 minutes\" \/>\n<script type=\"application\/ld+json\" class=\"yoast-schema-graph\">{\"@context\":\"https:\\\/\\\/schema.org\",\"@graph\":[{\"@type\":\"Article\",\"@id\":\"https:\\\/\\\/lasentinelle.dz\\\/index.php\\\/2026\\\/04\\\/28\\\/can-u17-les-fennecs-sinclinent-deux-fois-face-a-legypte-en-preparation\\\/#article\",\"isPartOf\":{\"@id\":\"https:\\\/\\\/lasentinelle.dz\\\/index.php\\\/2026\\\/04\\\/28\\\/can-u17-les-fennecs-sinclinent-deux-fois-face-a-legypte-en-preparation\\\/\"},\"author\":{\"name\":\"admin\",\"@id\":\"https:\\\/\\\/lasentinelle.dz\\\/#\\\/schema\\\/person\\\/729ee0024f24e0b8c5ec17232f8e8b41\"},\"headline\":\"CAN U17 : Les Fennecs s&rsquo;inclinent deux fois face \u00e0 l&rsquo;\u00c9gypte en pr\u00e9paration\",\"datePublished\":\"2026-04-28T19:26:57+00:00\",\"dateModified\":\"2026-04-28T19:27:00+00:00\",\"mainEntityOfPage\":{\"@id\":\"https:\\\/\\\/lasentinelle.dz\\\/index.php\\\/2026\\\/04\\\/28\\\/can-u17-les-fennecs-sinclinent-deux-fois-face-a-legypte-en-preparation\\\/\"},\"wordCount\":466,\"commentCount\":0,\"publisher\":{\"@id\":\"https:\\\/\\\/lasentinelle.dz\\\/#organization\"},\"image\":{\"@id\":\"https:\\\/\\\/lasentinelle.dz\\\/index.php\\\/2026\\\/04\\\/28\\\/can-u17-les-fennecs-sinclinent-deux-fois-face-a-legypte-en-preparation\\\/#primaryimage\"},\"thumbnailUrl\":\"https:\\\/\\\/lasentinelle.dz\\\/wp-content\\\/uploads\\\/2026\\\/03\\\/U17-1.jpg\",\"articleSection\":[\"Sports\"],\"inLanguage\":\"fr-FR\",\"potentialAction\":[{\"@type\":\"CommentAction\",\"name\":\"Comment\",\"target\":[\"https:\\\/\\\/lasentinelle.dz\\\/index.php\\\/2026\\\/04\\\/28\\\/can-u17-les-fennecs-sinclinent-deux-fois-face-a-legypte-en-preparation\\\/#respond\"]}]},{\"@type\":\"WebPage\",\"@id\":\"https:\\\/\\\/lasentinelle.dz\\\/index.php\\\/2026\\\/04\\\/28\\\/can-u17-les-fennecs-sinclinent-deux-fois-face-a-legypte-en-preparation\\\/\",\"url\":\"https:\\\/\\\/lasentinelle.dz\\\/index.php\\\/2026\\\/04\\\/28\\\/can-u17-les-fennecs-sinclinent-deux-fois-face-a-legypte-en-preparation\\\/\",\"name\":\"CAN U17 : Les Fennecs s&rsquo;inclinent deux fois face \u00e0 l&rsquo;\u00c9gypte en pr\u00e9paration - La Sentinelle\",\"isPartOf\":{\"@id\":\"https:\\\/\\\/lasentinelle.dz\\\/#website\"},\"primaryImageOfPage\":{\"@id\":\"https:\\\/\\\/lasentinelle.dz\\\/index.php\\\/2026\\\/04\\\/28\\\/can-u17-les-fennecs-sinclinent-deux-fois-face-a-legypte-en-preparation\\\/#primaryimage\"},\"image\":{\"@id\":\"https:\\\/\\\/lasentinelle.dz\\\/index.php\\\/2026\\\/04\\\/28\\\/can-u17-les-fennecs-sinclinent-deux-fois-face-a-legypte-en-preparation\\\/#primaryimage\"},\"thumbnailUrl\":\"https:\\\/\\\/lasentinelle.dz\\\/wp-content\\\/uploads\\\/2026\\\/03\\\/U17-1.jpg\",\"datePublished\":\"2026-04-28T19:26:57+00:00\",\"dateModified\":\"2026-04-28T19:27:00+00:00\",\"breadcrumb\":{\"@id\":\"https:\\\/\\\/lasentinelle.dz\\\/index.php\\\/2026\\\/04\\\/28\\\/can-u17-les-fennecs-sinclinent-deux-fois-face-a-legypte-en-preparation\\\/#breadcrumb\"},\"inLanguage\":\"fr-FR\",\"potentialAction\":[{\"@type\":\"ReadAction\",\"target\":[\"https:\\\/\\\/lasentinelle.dz\\\/index.php\\\/2026\\\/04\\\/28\\\/can-u17-les-fennecs-sinclinent-deux-fois-face-a-legypte-en-preparation\\\/\"]}]},{\"@type\":\"ImageObject\",\"inLanguage\":\"fr-FR\",\"@id\":\"https:\\\/\\\/lasentinelle.dz\\\/index.php\\\/2026\\\/04\\\/28\\\/can-u17-les-fennecs-sinclinent-deux-fois-face-a-legypte-en-preparation\\\/#primaryimage\",\"url\":\"https:\\\/\\\/lasentinelle.dz\\\/wp-content\\\/uploads\\\/2026\\\/03\\\/U17-1.jpg\",\"contentUrl\":\"https:\\\/\\\/lasentinelle.dz\\\/wp-content\\\/uploads\\\/2026\\\/03\\\/U17-1.jpg\",\"width\":2069,\"height\":1350},{\"@type\":\"BreadcrumbList\",\"@id\":\"https:\\\/\\\/lasentinelle.dz\\\/index.php\\\/2026\\\/04\\\/28\\\/can-u17-les-fennecs-sinclinent-deux-fois-face-a-legypte-en-preparation\\\/#breadcrumb\",\"itemListElement\":[{\"@type\":\"ListItem\",\"position\":1,\"name\":\"Accueil\",\"item\":\"https:\\\/\\\/lasentinelle.dz\\\/\"},{\"@type\":\"ListItem\",\"position\":2,\"name\":\"CAN U17 : Les Fennecs s&rsquo;inclinent deux fois face \u00e0 l&rsquo;\u00c9gypte en pr\u00e9paration\"}]},{\"@type\":\"WebSite\",\"@id\":\"https:\\\/\\\/lasentinelle.dz\\\/#website\",\"url\":\"https:\\\/\\\/lasentinelle.dz\\\/\",\"name\":\"La Sentinelle\",\"description\":\"Quotidien national d&#039;information\",\"publisher\":{\"@id\":\"https:\\\/\\\/lasentinelle.dz\\\/#organization\"},\"potentialAction\":[{\"@type\":\"SearchAction\",\"target\":{\"@type\":\"EntryPoint\",\"urlTemplate\":\"https:\\\/\\\/lasentinelle.dz\\\/?s={search_term_string}\"},\"query-input\":{\"@type\":\"PropertyValueSpecification\",\"valueRequired\":true,\"valueName\":\"search_term_string\"}}],\"inLanguage\":\"fr-FR\"},{\"@type\":\"Organization\",\"@id\":\"https:\\\/\\\/lasentinelle.dz\\\/#organization\",\"name\":\"Quotidien La Sentinelle\",\"url\":\"https:\\\/\\\/lasentinelle.dz\\\/\",\"logo\":{\"@type\":\"ImageObject\",\"inLanguage\":\"fr-FR\",\"@id\":\"https:\\\/\\\/lasentinelle.dz\\\/#\\\/schema\\\/logo\\\/image\\\/\",\"url\":\"https:\\\/\\\/lasentinelle.dz\\\/wp-content\\\/uploads\\\/2021\\\/09\\\/logo-sentinelleSLOGAN-1.png\",\"contentUrl\":\"https:\\\/\\\/lasentinelle.dz\\\/wp-content\\\/uploads\\\/2021\\\/09\\\/logo-sentinelleSLOGAN-1.png\",\"width\":615,\"height\":142,\"caption\":\"Quotidien La Sentinelle\"},\"image\":{\"@id\":\"https:\\\/\\\/lasentinelle.dz\\\/#\\\/schema\\\/logo\\\/image\\\/\"},\"sameAs\":[\"https:\\\/\\\/www.facebook.com\\\/La-Sentinelle-104059864394773\"]},{\"@type\":\"Person\",\"@id\":\"https:\\\/\\\/lasentinelle.dz\\\/#\\\/schema\\\/person\\\/729ee0024f24e0b8c5ec17232f8e8b41\",\"name\":\"admin\",\"image\":{\"@type\":\"ImageObject\",\"inLanguage\":\"fr-FR\",\"@id\":\"https:\\\/\\\/secure.gravatar.com\\\/avatar\\\/4c81fed838786e9b53f540bf46533e750f5d292099ae3b66cfc6fb1982e29df7?s=96&d=mm&r=g\",\"url\":\"https:\\\/\\\/secure.gravatar.com\\\/avatar\\\/4c81fed838786e9b53f540bf46533e750f5d292099ae3b66cfc6fb1982e29df7?s=96&d=mm&r=g\",\"contentUrl\":\"https:\\\/\\\/secure.gravatar.com\\\/avatar\\\/4c81fed838786e9b53f540bf46533e750f5d292099ae3b66cfc6fb1982e29df7?s=96&d=mm&r=g\",\"caption\":\"admin\"},\"description\":\"admin\",\"url\":\"https:\\\/\\\/lasentinelle.dz\\\/author\\\/admin\\\/\"}]}<\/script>\n<!-- \/ Yoast SEO plugin. -->","yoast_head_json":{"title":"CAN U17 : Les Fennecs s&rsquo;inclinent deux fois face \u00e0 l&rsquo;\u00c9gypte en pr\u00e9paration - La Sentinelle","robots":{"index":"index","follow":"follow","max-snippet":"max-snippet:-1","max-image-preview":"max-image-preview:large","max-video-preview":"max-video-preview:-1"},"canonical":"https:\/\/lasentinelle.dz\/index.php\/2026\/04\/28\/can-u17-les-fennecs-sinclinent-deux-fois-face-a-legypte-en-preparation\/","og_locale":"fr_FR","og_type":"article","og_title":"CAN U17 : Les Fennecs s&rsquo;inclinent deux fois face \u00e0 l&rsquo;\u00c9gypte en pr\u00e9paration - La Sentinelle","og_description":"Deux matchs, deux d\u00e9faites. Les U17 alg\u00e9riens ont boucl\u00e9 leur double confrontation amicale au Caire sur un bilan n\u00e9gatif, s&rsquo;inclinant","og_url":"https:\/\/lasentinelle.dz\/index.php\/2026\/04\/28\/can-u17-les-fennecs-sinclinent-deux-fois-face-a-legypte-en-preparation\/","og_site_name":"La Sentinelle","article_publisher":"https:\/\/www.facebook.com\/La-Sentinelle-104059864394773","article_published_time":"2026-04-28T19:26:57+00:00","article_modified_time":"2026-04-28T19:27:00+00:00","og_image":[{"width":2069,"height":1350,"url":"https:\/\/lasentinelle.dz\/wp-content\/uploads\/2026\/03\/U17-1.jpg","type":"image\/jpeg"}],"author":"admin","twitter_card":"summary_large_image","twitter_misc":{"\u00c9crit par":"admin","Dur\u00e9e de lecture estim\u00e9e":"3 minutes"},"schema":{"@context":"https:\/\/schema.org","@graph":[{"@type":"Article","@id":"https:\/\/lasentinelle.dz\/index.php\/2026\/04\/28\/can-u17-les-fennecs-sinclinent-deux-fois-face-a-legypte-en-preparation\/#article","isPartOf":{"@id":"https:\/\/lasentinelle.dz\/index.php\/2026\/04\/28\/can-u17-les-fennecs-sinclinent-deux-fois-face-a-legypte-en-preparation\/"},"author":{"name":"admin","@id":"https:\/\/lasentinelle.dz\/#\/schema\/person\/729ee0024f24e0b8c5ec17232f8e8b41"},"headline":"CAN U17 : Les Fennecs s&rsquo;inclinent deux fois face \u00e0 l&rsquo;\u00c9gypte en pr\u00e9paration","datePublished":"2026-04-28T19:26:57+00:00","dateModified":"2026-04-28T19:27:00+00:00","mainEntityOfPage":{"@id":"https:\/\/lasentinelle.dz\/index.php\/2026\/04\/28\/can-u17-les-fennecs-sinclinent-deux-fois-face-a-legypte-en-preparation\/"},"wordCount":466,"commentCount":0,"publisher":{"@id":"https:\/\/lasentinelle.dz\/#organization"},"image":{"@id":"https:\/\/lasentinelle.dz\/index.php\/2026\/04\/28\/can-u17-les-fennecs-sinclinent-deux-fois-face-a-legypte-en-preparation\/#primaryimage"},"thumbnailUrl":"https:\/\/lasentinelle.dz\/wp-content\/uploads\/2026\/03\/U17-1.jpg","articleSection":["Sports"],"inLanguage":"fr-FR","potentialAction":[{"@type":"CommentAction","name":"Comment","target":["https:\/\/lasentinelle.dz\/index.php\/2026\/04\/28\/can-u17-les-fennecs-sinclinent-deux-fois-face-a-legypte-en-preparation\/#respond"]}]},{"@type":"WebPage","@id":"https:\/\/lasentinelle.dz\/index.php\/2026\/04\/28\/can-u17-les-fennecs-sinclinent-deux-fois-face-a-legypte-en-preparation\/","url":"https:\/\/lasentinelle.dz\/index.php\/2026\/04\/28\/can-u17-les-fennecs-sinclinent-deux-fois-face-a-legypte-en-preparation\/","name":"CAN U17 : Les Fennecs s&rsquo;inclinent deux fois face \u00e0 l&rsquo;\u00c9gypte en pr\u00e9paration - La Sentinelle","isPartOf":{"@id":"https:\/\/lasentinelle.dz\/#website"},"primaryImageOfPage":{"@id":"https:\/\/lasentinelle.dz\/index.php\/2026\/04\/28\/can-u17-les-fennecs-sinclinent-deux-fois-face-a-legypte-en-preparation\/#primaryimage"},"image":{"@id":"https:\/\/lasentinelle.dz\/index.php\/2026\/04\/28\/can-u17-les-fennecs-sinclinent-deux-fois-face-a-legypte-en-preparation\/#primaryimage"},"thumbnailUrl":"https:\/\/lasentinelle.dz\/wp-content\/uploads\/2026\/03\/U17-1.jpg","datePublished":"2026-04-28T19:26:57+00:00","dateModified":"2026-04-28T19:27:00+00:00","breadcrumb":{"@id":"https:\/\/lasentinelle.dz\/index.php\/2026\/04\/28\/can-u17-les-fennecs-sinclinent-deux-fois-face-a-legypte-en-preparation\/#breadcrumb"},"inLanguage":"fr-FR","potentialAction":[{"@type":"ReadAction","target":["https:\/\/lasentinelle.dz\/index.php\/2026\/04\/28\/can-u17-les-fennecs-sinclinent-deux-fois-face-a-legypte-en-preparation\/"]}]},{"@type":"ImageObject","inLanguage":"fr-FR","@id":"https:\/\/lasentinelle.dz\/index.php\/2026\/04\/28\/can-u17-les-fennecs-sinclinent-deux-fois-face-a-legypte-en-preparation\/#primaryimage","url":"https:\/\/lasentinelle.dz\/wp-content\/uploads\/2026\/03\/U17-1.jpg","contentUrl":"https:\/\/lasentinelle.dz\/wp-content\/uploads\/2026\/03\/U17-1.jpg","width":2069,"height":1350},{"@type":"BreadcrumbList","@id":"https:\/\/lasentinelle.dz\/index.php\/2026\/04\/28\/can-u17-les-fennecs-sinclinent-deux-fois-face-a-legypte-en-preparation\/#breadcrumb","itemListElement":[{"@type":"ListItem","position":1,"name":"Accueil","item":"https:\/\/lasentinelle.dz\/"},{"@type":"ListItem","position":2,"name":"CAN U17 : Les Fennecs s&rsquo;inclinent deux fois face \u00e0 l&rsquo;\u00c9gypte en pr\u00e9paration"}]},{"@type":"WebSite","@id":"https:\/\/lasentinelle.dz\/#website","url":"https:\/\/lasentinelle.dz\/","name":"La Sentinelle","description":"Quotidien national d&#039;information","publisher":{"@id":"https:\/\/lasentinelle.dz\/#organization"},"potentialAction":[{"@type":"SearchAction","target":{"@type":"EntryPoint","urlTemplate":"https:\/\/lasentinelle.dz\/?s={search_term_string}"},"query-input":{"@type":"PropertyValueSpecification","valueRequired":true,"valueName":"search_term_string"}}],"inLanguage":"fr-FR"},{"@type":"Organization","@id":"https:\/\/lasentinelle.dz\/#organization","name":"Quotidien La Sentinelle","url":"https:\/\/lasentinelle.dz\/","logo":{"@type":"ImageObject","inLanguage":"fr-FR","@id":"https:\/\/lasentinelle.dz\/#\/schema\/logo\/image\/","url":"https:\/\/lasentinelle.dz\/wp-content\/uploads\/2021\/09\/logo-sentinelleSLOGAN-1.png","contentUrl":"https:\/\/lasentinelle.dz\/wp-content\/uploads\/2021\/09\/logo-sentinelleSLOGAN-1.png","width":615,"height":142,"caption":"Quotidien La Sentinelle"},"image":{"@id":"https:\/\/lasentinelle.dz\/#\/schema\/logo\/image\/"},"sameAs":["https:\/\/www.facebook.com\/La-Sentinelle-104059864394773"]},{"@type":"Person","@id":"https:\/\/lasentinelle.dz\/#\/schema\/person\/729ee0024f24e0b8c5ec17232f8e8b41","name":"admin","image":{"@type":"ImageObject","inLanguage":"fr-FR","@id":"https:\/\/secure.gravatar.com\/avatar\/4c81fed838786e9b53f540bf46533e750f5d292099ae3b66cfc6fb1982e29df7?s=96&d=mm&r=g","url":"https:\/\/secure.gravatar.com\/avatar\/4c81fed838786e9b53f540bf46533e750f5d292099ae3b66cfc6fb1982e29df7?s=96&d=mm&r=g","contentUrl":"https:\/\/secure.gravatar.com\/avatar\/4c81fed838786e9b53f540bf46533e750f5d292099ae3b66cfc6fb1982e29df7?s=96&d=mm&r=g","caption":"admin"},"description":"admin","url":"https:\/\/lasentinelle.dz\/author\/admin\/"}]}},"_links":{"self":[{"href":"https:\/\/lasentinelle.dz\/index.php\/wp-json\/wp\/v2\/posts\/86639","targetHints":{"allow":["GET"]}}],"collection":[{"href":"https:\/\/lasentinelle.dz\/index.php\/wp-json\/wp\/v2\/posts"}],"about":[{"href":"https:\/\/lasentinelle.dz\/index.php\/wp-json\/wp\/v2\/types\/post"}],"author":[{"embeddable":true,"href":"https:\/\/lasentinelle.dz\/index.php\/wp-json\/wp\/v2\/users\/6"}],"replies":[{"embeddable":true,"href":"https:\/\/lasentinelle.dz\/index.php\/wp-json\/wp\/v2\/comments?post=86639"}],"version-history":[{"count":2,"href":"https:\/\/lasentinelle.dz\/index.php\/wp-json\/wp\/v2\/posts\/86639\/revisions"}],"predecessor-version":[{"id":86641,"href":"https:\/\/lasentinelle.dz\/index.php\/wp-json\/wp\/v2\/posts\/86639\/revisions\/86641"}],"wp:featuredmedia":[{"embeddable":true,"href":"https:\/\/lasentinelle.dz\/index.php\/wp-json\/wp\/v2\/media\/84189"}],"wp:attachment":[{"href":"https:\/\/lasentinelle.dz\/index.php\/wp-json\/wp\/v2\/media?parent=86639"}],"wp:term":[{"taxonomy":"category","embeddable":true,"href":"https:\/\/lasentinelle.dz\/index.php\/wp-json\/wp\/v2\/categories?post=86639"},{"taxonomy":"post_tag","embeddable":true,"href":"https:\/\/lasentinelle.dz\/index.php\/wp-json\/wp\/v2\/tags?post=86639"}],"curies":[{"name":"wp","href":"https:\/\/api.w.org\/{rel}","templated":true}]}}