{"id":86642,"date":"2026-04-28T20:27:42","date_gmt":"2026-04-28T19:27:42","guid":{"rendered":"https:\/\/lasentinelle.dz\/?p=86642"},"modified":"2026-04-28T20:27:45","modified_gmt":"2026-04-28T19:27:45","slug":"equipe-nationale-fracture-de-la-machoire-pour-luca-zidane-le-mondial-en-peril","status":"publish","type":"post","link":"https:\/\/lasentinelle.dz\/index.php\/2026\/04\/28\/equipe-nationale-fracture-de-la-machoire-pour-luca-zidane-le-mondial-en-peril\/","title":{"rendered":"\u00c9quipe nationale\u00a0: Fracture de la m\u00e2choire pour Luca Zidane, le Mondial en p\u00e9ril"},"content":{"rendered":"\n<p>\u00c0 45 jours du coup d&rsquo;envoi de la Coupe du monde 2026, l&rsquo;Alg\u00e9rie tremble pour son gardien num\u00e9ro un.<\/p>\n\n\n\n<p>Luca Zidane, portier de Granada CF, souffre d&rsquo;une double fracture de la m\u00e2choire et du menton apr\u00e8s un choc violent subi dimanche lors du match contre Almeria en championnat d&rsquo;Espagne. Une blessure qui tombe au pire moment et qui place le staff de Vladimir Petkovic devant une \u00e9quation redoutable : qui gardera les buts des Fennecs au Mondial ?<\/p>\n\n\n\n<p>Tout s&rsquo;est jou\u00e9 en fin de partie, sur un corner. Luca Zidane, aux prises avec un adversaire dans sa surface, re\u00e7oit un choc \u00e0 la t\u00eate et s&rsquo;effondre. \u00c9vacu\u00e9 imm\u00e9diatement vers un h\u00f4pital de Grenade, il pr\u00e9sente des signes de commotion c\u00e9r\u00e9brale, des vertiges et des saignements. Les examens pratiqu\u00e9s dans la soir\u00e9e confirment ce que l&rsquo;on redoutait. Dans un communiqu\u00e9 publi\u00e9 lundi, le club andalou est formel : \u00ab Les examens m\u00e9dicaux pratiqu\u00e9s sur Luca Zidane, suite \u00e0 la commotion c\u00e9r\u00e9brale subie lors du dernier match contre l&rsquo;UD Almer\u00eda, r\u00e9v\u00e8lent que le gardien de but souffre \u00e9galement d&rsquo;une fracture de la m\u00e2choire et du menton. Le joueur, en concertation avec le staff m\u00e9dical du club, d\u00e9cidera dans les prochaines heures du traitement \u00e0 suivre pour soigner sa blessure. \u00bb Deux options sont sur la table : un protocole conservateur ou une intervention chirurgicale. Mais dans les deux cas, le verdict m\u00e9dical est le m\u00eame. Une fracture de ce type n\u00e9cessite en g\u00e9n\u00e9ral jusqu&rsquo;\u00e0 deux mois de consolidation osseuse. Le calendrier est sans appel : l&rsquo;Alg\u00e9rie entre en lice au Mondial dans moins de sept semaines. Sauf miracle m\u00e9dical, Luca Zidane ne sera pas l\u00e0.<\/p>\n\n\n\n<p>Ce qui rend ce coup dur encore plus douloureux, c&rsquo;est le timing. R\u00e9cemment naturalis\u00e9 alg\u00e9rien, le fils de Zinedine Zidane avait progressivement conquis sa place de titulaire dans les cages des Verts. Lors de la derni\u00e8re Coupe d&rsquo;Afrique des Nations, il avait affich\u00e9 des garanties s\u00e9rieuses \u00e0 un poste qui manquait de stabilit\u00e9 depuis la retraite de Ra\u00efs M&rsquo;Bolhi. \u00c0 27 ans, il attendait ce Mondial comme une cons\u00e9cration personnelle. C&rsquo;\u00e9tait sa premi\u00e8re grande comp\u00e9tition plan\u00e9taire sous les couleurs nationales. Elle pourrait lui passer sous le nez sans qu&rsquo;il n&rsquo;ait pu y toucher.<\/p>\n\n\n\n<p>Ce qui inqui\u00e8te davantage encore la F\u00e9d\u00e9ration alg\u00e9rienne de football, c&rsquo;est l&rsquo;\u00e9tat g\u00e9n\u00e9ral de la hi\u00e9rarchie des gardiens. Derri\u00e8re Zidane, les solutions manquent cruellement. Melvil Mastil, convoqu\u00e9 lors du dernier rassemblement, s&rsquo;est bless\u00e9 en Suisse et n&rsquo;est pas disponible. Anthony Mandrea est lui aussi indisponible pour le Mondial. En quelques semaines, trois portiers appel\u00e9s \u00e0 d\u00e9fendre la cage alg\u00e9rienne se retrouvent hors course. Une situation in\u00e9dite et pr\u00e9occupante pour Petkovic, qui devra d\u00e9sormais revoir enti\u00e8rement sa feuille de route au poste le plus sensible de l&rsquo;\u00e9quipe.<\/p>\n\n\n\n<p>La question qui obs\u00e8de les supporters alg\u00e9riens est simple : qui peut prendre le relais ? Le s\u00e9lectionneur va devoir explorer des pistes inattendues, peut-\u00eatre rappeler des joueurs \u00e9cart\u00e9s ou se tourner vers des profils moins exp\u00e9riment\u00e9s \u00e0 ce niveau. Le temps presse. La liste alg\u00e9rienne pour le Mondial doit \u00eatre d\u00e9pos\u00e9e dans les semaines qui viennent, et l&rsquo;incertitude autour du but des Verts n&rsquo;est pas le meilleur pr\u00e9lude \u00e0 une comp\u00e9tition de cette envergure. Pour Luca Zidane, l&rsquo;heure n&rsquo;est pas \u00e0 la strat\u00e9gie sportive mais \u00e0 une d\u00e9cision m\u00e9dicale urgente. Op\u00e9ration ou traitement conservateur, chaque option a ses risques et ses d\u00e9lais. Ce qui est certain, c&rsquo;est que le temps joue contre lui. Et que si le Mondial commence sans lui, ce sera une blessure dans la blessure.<\/p>\n\n\n\n<p>Moncef Dahleb<\/p>\n","protected":false},"excerpt":{"rendered":"<p>\u00c0 45 jours du coup d&rsquo;envoi de la Coupe du monde 2026, l&rsquo;Alg\u00e9rie tremble pour son gardien num\u00e9ro un. Luca<\/p>\n","protected":false},"author":6,"featured_media":86643,"comment_status":"open","ping_status":"closed","sticky":false,"template":"","format":"standard","meta":{"colormag_page_container_layout":"default_layout","colormag_page_sidebar_layout":"default_layout","om_disable_all_campaigns":false,"_monsterinsights_skip_tracking":false,"_monsterinsights_sitenote_active":false,"_monsterinsights_sitenote_note":"","_monsterinsights_sitenote_category":0,"footnotes":"","_wpscppro_dont_share_socialmedia":false,"_wpscppro_custom_social_share_image":0,"_facebook_share_type":"default","_twitter_share_type":"default","_linkedin_share_type":"default","_pinterest_share_type":"default","_linkedin_share_type_page":"","_instagram_share_type":"default","_medium_share_type":"default","_threads_share_type":"default","_google_business_share_type":"default","_selected_social_profile":[],"_wpsp_enable_custom_social_template":false,"_wpsp_social_scheduling":{"enabled":false,"datetime":null,"platforms":[],"status":"template_only","dateOption":"today","timeOption":"now","customDays":"","customHours":"","customDate":"","customTime":"","schedulingType":"absolute"},"_wpsp_active_default_template":true},"categories":[52,33],"tags":[],"class_list":["post-86642","post","type-post","status-publish","format-standard","has-post-thumbnail","hentry","category-a-la-une","category-sports"],"aioseo_notices":[],"yoast_head":"<!-- This site is optimized with the Yoast SEO plugin v27.5 - https:\/\/yoast.com\/product\/yoast-seo-wordpress\/ -->\n<title>\u00c9quipe nationale\u00a0: Fracture de la m\u00e2choire pour Luca Zidane, le Mondial en p\u00e9ril - La Sentinelle<\/title>\n<meta name=\"robots\" content=\"index, follow, max-snippet:-1, max-image-preview:large, max-video-preview:-1\" \/>\n<link rel=\"canonical\" href=\"https:\/\/lasentinelle.dz\/index.php\/2026\/04\/28\/equipe-nationale-fracture-de-la-machoire-pour-luca-zidane-le-mondial-en-peril\/\" \/>\n<meta property=\"og:locale\" content=\"fr_FR\" \/>\n<meta property=\"og:type\" content=\"article\" \/>\n<meta property=\"og:title\" content=\"\u00c9quipe nationale\u00a0: Fracture de la m\u00e2choire pour Luca Zidane, le Mondial en p\u00e9ril - La Sentinelle\" \/>\n<meta property=\"og:description\" content=\"\u00c0 45 jours du coup d&rsquo;envoi de la Coupe du monde 2026, l&rsquo;Alg\u00e9rie tremble pour son gardien num\u00e9ro un. Luca\" \/>\n<meta property=\"og:url\" content=\"https:\/\/lasentinelle.dz\/index.php\/2026\/04\/28\/equipe-nationale-fracture-de-la-machoire-pour-luca-zidane-le-mondial-en-peril\/\" \/>\n<meta property=\"og:site_name\" content=\"La Sentinelle\" \/>\n<meta property=\"article:publisher\" content=\"https:\/\/www.facebook.com\/La-Sentinelle-104059864394773\" \/>\n<meta property=\"article:published_time\" content=\"2026-04-28T19:27:42+00:00\" \/>\n<meta property=\"article:modified_time\" content=\"2026-04-28T19:27:45+00:00\" \/>\n<meta property=\"og:image\" content=\"https:\/\/lasentinelle.dz\/wp-content\/uploads\/2026\/04\/Luca-zidane.webp\" \/>\n\t<meta property=\"og:image:width\" content=\"1280\" \/>\n\t<meta property=\"og:image:height\" content=\"670\" \/>\n\t<meta property=\"og:image:type\" content=\"image\/webp\" \/>\n<meta name=\"author\" content=\"admin\" \/>\n<meta name=\"twitter:card\" content=\"summary_large_image\" \/>\n<meta name=\"twitter:label1\" content=\"\u00c9crit par\" \/>\n\t<meta name=\"twitter:data1\" content=\"admin\" \/>\n\t<meta name=\"twitter:label2\" content=\"Dur\u00e9e de lecture estim\u00e9e\" \/>\n\t<meta name=\"twitter:data2\" content=\"4 minutes\" \/>\n<script type=\"application\/ld+json\" class=\"yoast-schema-graph\">{\"@context\":\"https:\\\/\\\/schema.org\",\"@graph\":[{\"@type\":\"Article\",\"@id\":\"https:\\\/\\\/lasentinelle.dz\\\/index.php\\\/2026\\\/04\\\/28\\\/equipe-nationale-fracture-de-la-machoire-pour-luca-zidane-le-mondial-en-peril\\\/#article\",\"isPartOf\":{\"@id\":\"https:\\\/\\\/lasentinelle.dz\\\/index.php\\\/2026\\\/04\\\/28\\\/equipe-nationale-fracture-de-la-machoire-pour-luca-zidane-le-mondial-en-peril\\\/\"},\"author\":{\"name\":\"admin\",\"@id\":\"https:\\\/\\\/lasentinelle.dz\\\/#\\\/schema\\\/person\\\/729ee0024f24e0b8c5ec17232f8e8b41\"},\"headline\":\"\u00c9quipe nationale\u00a0: Fracture de la m\u00e2choire pour Luca Zidane, le Mondial en p\u00e9ril\",\"datePublished\":\"2026-04-28T19:27:42+00:00\",\"dateModified\":\"2026-04-28T19:27:45+00:00\",\"mainEntityOfPage\":{\"@id\":\"https:\\\/\\\/lasentinelle.dz\\\/index.php\\\/2026\\\/04\\\/28\\\/equipe-nationale-fracture-de-la-machoire-pour-luca-zidane-le-mondial-en-peril\\\/\"},\"wordCount\":672,\"commentCount\":0,\"publisher\":{\"@id\":\"https:\\\/\\\/lasentinelle.dz\\\/#organization\"},\"image\":{\"@id\":\"https:\\\/\\\/lasentinelle.dz\\\/index.php\\\/2026\\\/04\\\/28\\\/equipe-nationale-fracture-de-la-machoire-pour-luca-zidane-le-mondial-en-peril\\\/#primaryimage\"},\"thumbnailUrl\":\"https:\\\/\\\/lasentinelle.dz\\\/wp-content\\\/uploads\\\/2026\\\/04\\\/Luca-zidane.webp\",\"articleSection\":[\"\u00c0 la Une\",\"Sports\"],\"inLanguage\":\"fr-FR\",\"potentialAction\":[{\"@type\":\"CommentAction\",\"name\":\"Comment\",\"target\":[\"https:\\\/\\\/lasentinelle.dz\\\/index.php\\\/2026\\\/04\\\/28\\\/equipe-nationale-fracture-de-la-machoire-pour-luca-zidane-le-mondial-en-peril\\\/#respond\"]}]},{\"@type\":\"WebPage\",\"@id\":\"https:\\\/\\\/lasentinelle.dz\\\/index.php\\\/2026\\\/04\\\/28\\\/equipe-nationale-fracture-de-la-machoire-pour-luca-zidane-le-mondial-en-peril\\\/\",\"url\":\"https:\\\/\\\/lasentinelle.dz\\\/index.php\\\/2026\\\/04\\\/28\\\/equipe-nationale-fracture-de-la-machoire-pour-luca-zidane-le-mondial-en-peril\\\/\",\"name\":\"\u00c9quipe nationale\u00a0: Fracture de la m\u00e2choire pour Luca Zidane, le Mondial en p\u00e9ril - La Sentinelle\",\"isPartOf\":{\"@id\":\"https:\\\/\\\/lasentinelle.dz\\\/#website\"},\"primaryImageOfPage\":{\"@id\":\"https:\\\/\\\/lasentinelle.dz\\\/index.php\\\/2026\\\/04\\\/28\\\/equipe-nationale-fracture-de-la-machoire-pour-luca-zidane-le-mondial-en-peril\\\/#primaryimage\"},\"image\":{\"@id\":\"https:\\\/\\\/lasentinelle.dz\\\/index.php\\\/2026\\\/04\\\/28\\\/equipe-nationale-fracture-de-la-machoire-pour-luca-zidane-le-mondial-en-peril\\\/#primaryimage\"},\"thumbnailUrl\":\"https:\\\/\\\/lasentinelle.dz\\\/wp-content\\\/uploads\\\/2026\\\/04\\\/Luca-zidane.webp\",\"datePublished\":\"2026-04-28T19:27:42+00:00\",\"dateModified\":\"2026-04-28T19:27:45+00:00\",\"breadcrumb\":{\"@id\":\"https:\\\/\\\/lasentinelle.dz\\\/index.php\\\/2026\\\/04\\\/28\\\/equipe-nationale-fracture-de-la-machoire-pour-luca-zidane-le-mondial-en-peril\\\/#breadcrumb\"},\"inLanguage\":\"fr-FR\",\"potentialAction\":[{\"@type\":\"ReadAction\",\"target\":[\"https:\\\/\\\/lasentinelle.dz\\\/index.php\\\/2026\\\/04\\\/28\\\/equipe-nationale-fracture-de-la-machoire-pour-luca-zidane-le-mondial-en-peril\\\/\"]}]},{\"@type\":\"ImageObject\",\"inLanguage\":\"fr-FR\",\"@id\":\"https:\\\/\\\/lasentinelle.dz\\\/index.php\\\/2026\\\/04\\\/28\\\/equipe-nationale-fracture-de-la-machoire-pour-luca-zidane-le-mondial-en-peril\\\/#primaryimage\",\"url\":\"https:\\\/\\\/lasentinelle.dz\\\/wp-content\\\/uploads\\\/2026\\\/04\\\/Luca-zidane.webp\",\"contentUrl\":\"https:\\\/\\\/lasentinelle.dz\\\/wp-content\\\/uploads\\\/2026\\\/04\\\/Luca-zidane.webp\",\"width\":1280,\"height\":670},{\"@type\":\"BreadcrumbList\",\"@id\":\"https:\\\/\\\/lasentinelle.dz\\\/index.php\\\/2026\\\/04\\\/28\\\/equipe-nationale-fracture-de-la-machoire-pour-luca-zidane-le-mondial-en-peril\\\/#breadcrumb\",\"itemListElement\":[{\"@type\":\"ListItem\",\"position\":1,\"name\":\"Accueil\",\"item\":\"https:\\\/\\\/lasentinelle.dz\\\/\"},{\"@type\":\"ListItem\",\"position\":2,\"name\":\"\u00c9quipe nationale\u00a0: Fracture de la m\u00e2choire pour Luca Zidane, le Mondial en p\u00e9ril\"}]},{\"@type\":\"WebSite\",\"@id\":\"https:\\\/\\\/lasentinelle.dz\\\/#website\",\"url\":\"https:\\\/\\\/lasentinelle.dz\\\/\",\"name\":\"La Sentinelle\",\"description\":\"Quotidien national d&#039;information\",\"publisher\":{\"@id\":\"https:\\\/\\\/lasentinelle.dz\\\/#organization\"},\"potentialAction\":[{\"@type\":\"SearchAction\",\"target\":{\"@type\":\"EntryPoint\",\"urlTemplate\":\"https:\\\/\\\/lasentinelle.dz\\\/?s={search_term_string}\"},\"query-input\":{\"@type\":\"PropertyValueSpecification\",\"valueRequired\":true,\"valueName\":\"search_term_string\"}}],\"inLanguage\":\"fr-FR\"},{\"@type\":\"Organization\",\"@id\":\"https:\\\/\\\/lasentinelle.dz\\\/#organization\",\"name\":\"Quotidien La Sentinelle\",\"url\":\"https:\\\/\\\/lasentinelle.dz\\\/\",\"logo\":{\"@type\":\"ImageObject\",\"inLanguage\":\"fr-FR\",\"@id\":\"https:\\\/\\\/lasentinelle.dz\\\/#\\\/schema\\\/logo\\\/image\\\/\",\"url\":\"https:\\\/\\\/lasentinelle.dz\\\/wp-content\\\/uploads\\\/2021\\\/09\\\/logo-sentinelleSLOGAN-1.png\",\"contentUrl\":\"https:\\\/\\\/lasentinelle.dz\\\/wp-content\\\/uploads\\\/2021\\\/09\\\/logo-sentinelleSLOGAN-1.png\",\"width\":615,\"height\":142,\"caption\":\"Quotidien La Sentinelle\"},\"image\":{\"@id\":\"https:\\\/\\\/lasentinelle.dz\\\/#\\\/schema\\\/logo\\\/image\\\/\"},\"sameAs\":[\"https:\\\/\\\/www.facebook.com\\\/La-Sentinelle-104059864394773\"]},{\"@type\":\"Person\",\"@id\":\"https:\\\/\\\/lasentinelle.dz\\\/#\\\/schema\\\/person\\\/729ee0024f24e0b8c5ec17232f8e8b41\",\"name\":\"admin\",\"image\":{\"@type\":\"ImageObject\",\"inLanguage\":\"fr-FR\",\"@id\":\"https:\\\/\\\/secure.gravatar.com\\\/avatar\\\/4c81fed838786e9b53f540bf46533e750f5d292099ae3b66cfc6fb1982e29df7?s=96&d=mm&r=g\",\"url\":\"https:\\\/\\\/secure.gravatar.com\\\/avatar\\\/4c81fed838786e9b53f540bf46533e750f5d292099ae3b66cfc6fb1982e29df7?s=96&d=mm&r=g\",\"contentUrl\":\"https:\\\/\\\/secure.gravatar.com\\\/avatar\\\/4c81fed838786e9b53f540bf46533e750f5d292099ae3b66cfc6fb1982e29df7?s=96&d=mm&r=g\",\"caption\":\"admin\"},\"description\":\"admin\",\"url\":\"https:\\\/\\\/lasentinelle.dz\\\/author\\\/admin\\\/\"}]}<\/script>\n<!-- \/ Yoast SEO plugin. -->","yoast_head_json":{"title":"\u00c9quipe nationale\u00a0: Fracture de la m\u00e2choire pour Luca Zidane, le Mondial en p\u00e9ril - La Sentinelle","robots":{"index":"index","follow":"follow","max-snippet":"max-snippet:-1","max-image-preview":"max-image-preview:large","max-video-preview":"max-video-preview:-1"},"canonical":"https:\/\/lasentinelle.dz\/index.php\/2026\/04\/28\/equipe-nationale-fracture-de-la-machoire-pour-luca-zidane-le-mondial-en-peril\/","og_locale":"fr_FR","og_type":"article","og_title":"\u00c9quipe nationale\u00a0: Fracture de la m\u00e2choire pour Luca Zidane, le Mondial en p\u00e9ril - La Sentinelle","og_description":"\u00c0 45 jours du coup d&rsquo;envoi de la Coupe du monde 2026, l&rsquo;Alg\u00e9rie tremble pour son gardien num\u00e9ro un. Luca","og_url":"https:\/\/lasentinelle.dz\/index.php\/2026\/04\/28\/equipe-nationale-fracture-de-la-machoire-pour-luca-zidane-le-mondial-en-peril\/","og_site_name":"La Sentinelle","article_publisher":"https:\/\/www.facebook.com\/La-Sentinelle-104059864394773","article_published_time":"2026-04-28T19:27:42+00:00","article_modified_time":"2026-04-28T19:27:45+00:00","og_image":[{"width":1280,"height":670,"url":"https:\/\/lasentinelle.dz\/wp-content\/uploads\/2026\/04\/Luca-zidane.webp","type":"image\/webp"}],"author":"admin","twitter_card":"summary_large_image","twitter_misc":{"\u00c9crit par":"admin","Dur\u00e9e de lecture estim\u00e9e":"4 minutes"},"schema":{"@context":"https:\/\/schema.org","@graph":[{"@type":"Article","@id":"https:\/\/lasentinelle.dz\/index.php\/2026\/04\/28\/equipe-nationale-fracture-de-la-machoire-pour-luca-zidane-le-mondial-en-peril\/#article","isPartOf":{"@id":"https:\/\/lasentinelle.dz\/index.php\/2026\/04\/28\/equipe-nationale-fracture-de-la-machoire-pour-luca-zidane-le-mondial-en-peril\/"},"author":{"name":"admin","@id":"https:\/\/lasentinelle.dz\/#\/schema\/person\/729ee0024f24e0b8c5ec17232f8e8b41"},"headline":"\u00c9quipe nationale\u00a0: Fracture de la m\u00e2choire pour Luca Zidane, le Mondial en p\u00e9ril","datePublished":"2026-04-28T19:27:42+00:00","dateModified":"2026-04-28T19:27:45+00:00","mainEntityOfPage":{"@id":"https:\/\/lasentinelle.dz\/index.php\/2026\/04\/28\/equipe-nationale-fracture-de-la-machoire-pour-luca-zidane-le-mondial-en-peril\/"},"wordCount":672,"commentCount":0,"publisher":{"@id":"https:\/\/lasentinelle.dz\/#organization"},"image":{"@id":"https:\/\/lasentinelle.dz\/index.php\/2026\/04\/28\/equipe-nationale-fracture-de-la-machoire-pour-luca-zidane-le-mondial-en-peril\/#primaryimage"},"thumbnailUrl":"https:\/\/lasentinelle.dz\/wp-content\/uploads\/2026\/04\/Luca-zidane.webp","articleSection":["\u00c0 la Une","Sports"],"inLanguage":"fr-FR","potentialAction":[{"@type":"CommentAction","name":"Comment","target":["https:\/\/lasentinelle.dz\/index.php\/2026\/04\/28\/equipe-nationale-fracture-de-la-machoire-pour-luca-zidane-le-mondial-en-peril\/#respond"]}]},{"@type":"WebPage","@id":"https:\/\/lasentinelle.dz\/index.php\/2026\/04\/28\/equipe-nationale-fracture-de-la-machoire-pour-luca-zidane-le-mondial-en-peril\/","url":"https:\/\/lasentinelle.dz\/index.php\/2026\/04\/28\/equipe-nationale-fracture-de-la-machoire-pour-luca-zidane-le-mondial-en-peril\/","name":"\u00c9quipe nationale\u00a0: Fracture de la m\u00e2choire pour Luca Zidane, le Mondial en p\u00e9ril - La Sentinelle","isPartOf":{"@id":"https:\/\/lasentinelle.dz\/#website"},"primaryImageOfPage":{"@id":"https:\/\/lasentinelle.dz\/index.php\/2026\/04\/28\/equipe-nationale-fracture-de-la-machoire-pour-luca-zidane-le-mondial-en-peril\/#primaryimage"},"image":{"@id":"https:\/\/lasentinelle.dz\/index.php\/2026\/04\/28\/equipe-nationale-fracture-de-la-machoire-pour-luca-zidane-le-mondial-en-peril\/#primaryimage"},"thumbnailUrl":"https:\/\/lasentinelle.dz\/wp-content\/uploads\/2026\/04\/Luca-zidane.webp","datePublished":"2026-04-28T19:27:42+00:00","dateModified":"2026-04-28T19:27:45+00:00","breadcrumb":{"@id":"https:\/\/lasentinelle.dz\/index.php\/2026\/04\/28\/equipe-nationale-fracture-de-la-machoire-pour-luca-zidane-le-mondial-en-peril\/#breadcrumb"},"inLanguage":"fr-FR","potentialAction":[{"@type":"ReadAction","target":["https:\/\/lasentinelle.dz\/index.php\/2026\/04\/28\/equipe-nationale-fracture-de-la-machoire-pour-luca-zidane-le-mondial-en-peril\/"]}]},{"@type":"ImageObject","inLanguage":"fr-FR","@id":"https:\/\/lasentinelle.dz\/index.php\/2026\/04\/28\/equipe-nationale-fracture-de-la-machoire-pour-luca-zidane-le-mondial-en-peril\/#primaryimage","url":"https:\/\/lasentinelle.dz\/wp-content\/uploads\/2026\/04\/Luca-zidane.webp","contentUrl":"https:\/\/lasentinelle.dz\/wp-content\/uploads\/2026\/04\/Luca-zidane.webp","width":1280,"height":670},{"@type":"BreadcrumbList","@id":"https:\/\/lasentinelle.dz\/index.php\/2026\/04\/28\/equipe-nationale-fracture-de-la-machoire-pour-luca-zidane-le-mondial-en-peril\/#breadcrumb","itemListElement":[{"@type":"ListItem","position":1,"name":"Accueil","item":"https:\/\/lasentinelle.dz\/"},{"@type":"ListItem","position":2,"name":"\u00c9quipe nationale\u00a0: Fracture de la m\u00e2choire pour Luca Zidane, le Mondial en p\u00e9ril"}]},{"@type":"WebSite","@id":"https:\/\/lasentinelle.dz\/#website","url":"https:\/\/lasentinelle.dz\/","name":"La Sentinelle","description":"Quotidien national d&#039;information","publisher":{"@id":"https:\/\/lasentinelle.dz\/#organization"},"potentialAction":[{"@type":"SearchAction","target":{"@type":"EntryPoint","urlTemplate":"https:\/\/lasentinelle.dz\/?s={search_term_string}"},"query-input":{"@type":"PropertyValueSpecification","valueRequired":true,"valueName":"search_term_string"}}],"inLanguage":"fr-FR"},{"@type":"Organization","@id":"https:\/\/lasentinelle.dz\/#organization","name":"Quotidien La Sentinelle","url":"https:\/\/lasentinelle.dz\/","logo":{"@type":"ImageObject","inLanguage":"fr-FR","@id":"https:\/\/lasentinelle.dz\/#\/schema\/logo\/image\/","url":"https:\/\/lasentinelle.dz\/wp-content\/uploads\/2021\/09\/logo-sentinelleSLOGAN-1.png","contentUrl":"https:\/\/lasentinelle.dz\/wp-content\/uploads\/2021\/09\/logo-sentinelleSLOGAN-1.png","width":615,"height":142,"caption":"Quotidien La Sentinelle"},"image":{"@id":"https:\/\/lasentinelle.dz\/#\/schema\/logo\/image\/"},"sameAs":["https:\/\/www.facebook.com\/La-Sentinelle-104059864394773"]},{"@type":"Person","@id":"https:\/\/lasentinelle.dz\/#\/schema\/person\/729ee0024f24e0b8c5ec17232f8e8b41","name":"admin","image":{"@type":"ImageObject","inLanguage":"fr-FR","@id":"https:\/\/secure.gravatar.com\/avatar\/4c81fed838786e9b53f540bf46533e750f5d292099ae3b66cfc6fb1982e29df7?s=96&d=mm&r=g","url":"https:\/\/secure.gravatar.com\/avatar\/4c81fed838786e9b53f540bf46533e750f5d292099ae3b66cfc6fb1982e29df7?s=96&d=mm&r=g","contentUrl":"https:\/\/secure.gravatar.com\/avatar\/4c81fed838786e9b53f540bf46533e750f5d292099ae3b66cfc6fb1982e29df7?s=96&d=mm&r=g","caption":"admin"},"description":"admin","url":"https:\/\/lasentinelle.dz\/author\/admin\/"}]}},"_links":{"self":[{"href":"https:\/\/lasentinelle.dz\/index.php\/wp-json\/wp\/v2\/posts\/86642","targetHints":{"allow":["GET"]}}],"collection":[{"href":"https:\/\/lasentinelle.dz\/index.php\/wp-json\/wp\/v2\/posts"}],"about":[{"href":"https:\/\/lasentinelle.dz\/index.php\/wp-json\/wp\/v2\/types\/post"}],"author":[{"embeddable":true,"href":"https:\/\/lasentinelle.dz\/index.php\/wp-json\/wp\/v2\/users\/6"}],"replies":[{"embeddable":true,"href":"https:\/\/lasentinelle.dz\/index.php\/wp-json\/wp\/v2\/comments?post=86642"}],"version-history":[{"count":1,"href":"https:\/\/lasentinelle.dz\/index.php\/wp-json\/wp\/v2\/posts\/86642\/revisions"}],"predecessor-version":[{"id":86644,"href":"https:\/\/lasentinelle.dz\/index.php\/wp-json\/wp\/v2\/posts\/86642\/revisions\/86644"}],"wp:featuredmedia":[{"embeddable":true,"href":"https:\/\/lasentinelle.dz\/index.php\/wp-json\/wp\/v2\/media\/86643"}],"wp:attachment":[{"href":"https:\/\/lasentinelle.dz\/index.php\/wp-json\/wp\/v2\/media?parent=86642"}],"wp:term":[{"taxonomy":"category","embeddable":true,"href":"https:\/\/lasentinelle.dz\/index.php\/wp-json\/wp\/v2\/categories?post=86642"},{"taxonomy":"post_tag","embeddable":true,"href":"https:\/\/lasentinelle.dz\/index.php\/wp-json\/wp\/v2\/tags?post=86642"}],"curies":[{"name":"wp","href":"https:\/\/api.w.org\/{rel}","templated":true}]}}