{"id":86645,"date":"2026-04-28T20:29:45","date_gmt":"2026-04-28T19:29:45","guid":{"rendered":"https:\/\/lasentinelle.dz\/?p=86645"},"modified":"2026-04-28T20:29:47","modified_gmt":"2026-04-28T19:29:47","slug":"soudan-lonu-alerte-sur-la-situation-des-enfants-premieres-victimes-du-conflit","status":"publish","type":"post","link":"https:\/\/lasentinelle.dz\/index.php\/2026\/04\/28\/soudan-lonu-alerte-sur-la-situation-des-enfants-premieres-victimes-du-conflit\/","title":{"rendered":"Soudan\u00a0: L&rsquo;ONU alerte sur la situation des enfants, \u00ab\u00a0premi\u00e8res victimes\u00a0\u00bb du conflit"},"content":{"rendered":"\n<p>Des millions d&rsquo;enfants sont en proie \u00e0 la pauvret\u00e9 et \u00e0 la violence au Soudan, en particulier dans la r\u00e9gion du Darfour, a alert\u00e9 l&rsquo;Unicef mardi, regrettant que l&rsquo;attention internationale ne soit pas \u00e0 la hauteur de celle mobilis\u00e9e il y a 20 ans. Alors que le conflit au Soudan entre dans sa quatri\u00e8me ann\u00e9e, \u00ab\u00a0les enfants sont les premi\u00e8res victimes de cette crise\u00a0\u00bb, a d\u00e9clar\u00e9 devant la presse \u00e0 Gen\u00e8ve Sheldon Yett, repr\u00e9sentant du Fonds des Nations unies pour l&rsquo;enfance (Unicef) au Soudan. Vingt ans apr\u00e8s la crise du Darfour, \u00ab\u00a0des millions d&rsquo;enfants subissent une violence extr\u00eame, la faim et le d\u00e9placement. Mais cette fois, la crise est plus profonde et l&rsquo;attention internationale est loin d&rsquo;\u00eatre \u00e0 la hauteur de leurs souffrances\u00a0\u00bb, a-t-il poursuivi depuis Port-Soudan. M. Yett a \u00e9tabli un parall\u00e8le entre la situation actuelle et le premier rapport \u00ab\u00a0SOS Enfants\u00a0\u00bb de l&rsquo;Unicef sur le Darfour publi\u00e9 en 2005, lorsque l&rsquo;indignation mondiale avait suscit\u00e9 une vaste mobilisation humanitaire. \u00ab\u00a0Aujourd&rsquo;hui, le Darfour et le Soudan sont compl\u00e8tement oubli\u00e9s, malgr\u00e9 l&rsquo;ampleur de la crise et la complexit\u00e9 bien plus grande de la situation \u00e0 l&rsquo;\u00e9poque\u00a0\u00bb, a regrett\u00e9 M. Yett. Selon l&rsquo;Unicef, quelque 33 millions de personnes au Soudan ont besoin d&rsquo;une aide humanitaire, dont plus de la moiti\u00e9 sont des enfants. L&rsquo;organisation a alert\u00e9 en particulier sur \u00ab\u00a0la situation catastrophique\u00a0\u00bb au Darfour, o\u00f9 5 millions d&rsquo;enfants \u00ab\u00a0sont confront\u00e9s \u00e0 une extr\u00eame pauvret\u00e9\u00a0\u00bb. \u00ab\u00a0Des maisons ont \u00e9t\u00e9 incendi\u00e9es, des \u00e9coles et des centres de sant\u00e9 endommag\u00e9s ou d\u00e9truits. Des familles ont \u00e9t\u00e9 contraintes de fuir\u00a0\u00bb. Sur place, \u00ab\u00a0les enfants sont tu\u00e9s, mutil\u00e9s, d\u00e9racin\u00e9s de leurs foyers et plong\u00e9s dans la famine, la maladie et les traumatismes\u00a0\u00bb, a \u00e9num\u00e9r\u00e9 M. Yett. Assi\u00e9g\u00e9e pendant un an et demi avant d&rsquo;\u00eatre prise en octobre 2025 par les Forces de soutien rapide (FSR), la ville d&rsquo;El-Facher (Etat du Darfour-Nord) a \u00e9t\u00e9 le th\u00e9\u00e2tre de nombreuses violences. \u00ab\u00a0Depuis avril 2024, plus de 1.500 violations graves des droits de l&rsquo;enfant ont \u00e9t\u00e9 recens\u00e9es\u00a0\u00bb dans cette ville, selon Sheldon Yett, dont \u00ab\u00a0le meurtre ou la mutilation de plus de 1.300 enfants (&#8230;) ainsi que des violences sexuelles, des enl\u00e8vements, et des recrutements\u00a0\u00bb forc\u00e9s. Depuis le d\u00e9but du conflit, les Nations unies ont comptabilis\u00e9 plus de 5.700 violations graves commises contre des enfants \u00e0 travers le pays, parmi lesquels plus de 4.300 meurtres ou mutilations, ajoute l&rsquo;Unicef. Et au cours des trois premiers mois de cette ann\u00e9e, au moins 160 enfants auraient \u00e9t\u00e9 tu\u00e9s et 85 bless\u00e9s, ajoute l&rsquo;organisation. \u00ab\u00a0Nous ne pouvons pas laisser l&rsquo;histoire se r\u00e9p\u00e9ter. Les enfants du Darfour ont besoin de protection et d&rsquo;un acc\u00e8s humanitaire durable. Les parties au conflit doivent mettre fin \u00e0 cette guerre brutale\u00a0\u00bb, a exhort\u00e9 dans un communiqu\u00e9 Catherine Russell, directrice g\u00e9n\u00e9rale de l&rsquo;Unicef. L&rsquo;organisation onusienne a d\u00e9plor\u00e9 mardi que son appel humanitaire annuel pour le Soudan n&rsquo;est actuellement financ\u00e9 qu&rsquo;\u00e0 hauteur de 16%, ce qui, selon l&rsquo;organisation, \u00ab\u00a0met en p\u00e9ril les services vitaux destin\u00e9s \u00e0 des millions d&rsquo;enfants\u00a0\u00bb. L&rsquo;Unicef exhorte ainsi les donateurs \u00ab\u00a0\u00e0 fournir un financement flexible et pluriannuel afin de maintenir les programmes vitaux et de venir en aide aux enfants\u00a0\u00bb.<\/p>\n\n\n\n<p>APS<\/p>\n","protected":false},"excerpt":{"rendered":"<p>Des millions d&rsquo;enfants sont en proie \u00e0 la pauvret\u00e9 et \u00e0 la violence au Soudan, en particulier dans la r\u00e9gion<\/p>\n","protected":false},"author":6,"featured_media":72411,"comment_status":"open","ping_status":"closed","sticky":false,"template":"","format":"standard","meta":{"colormag_page_container_layout":"default_layout","colormag_page_sidebar_layout":"default_layout","om_disable_all_campaigns":false,"_monsterinsights_skip_tracking":false,"_monsterinsights_sitenote_active":false,"_monsterinsights_sitenote_note":"","_monsterinsights_sitenote_category":0,"footnotes":"","_wpscppro_dont_share_socialmedia":false,"_wpscppro_custom_social_share_image":0,"_facebook_share_type":"default","_twitter_share_type":"default","_linkedin_share_type":"default","_pinterest_share_type":"default","_linkedin_share_type_page":"","_instagram_share_type":"default","_medium_share_type":"default","_threads_share_type":"default","_google_business_share_type":"default","_selected_social_profile":[],"_wpsp_enable_custom_social_template":false,"_wpsp_social_scheduling":{"enabled":false,"datetime":null,"platforms":[],"status":"template_only","dateOption":"today","timeOption":"now","customDays":"","customHours":"","customDate":"","customTime":"","schedulingType":"absolute"},"_wpsp_active_default_template":true},"categories":[37],"tags":[],"class_list":["post-86645","post","type-post","status-publish","format-standard","has-post-thumbnail","hentry","category-monde"],"aioseo_notices":[],"yoast_head":"<!-- This site is optimized with the Yoast SEO plugin v27.5 - https:\/\/yoast.com\/product\/yoast-seo-wordpress\/ -->\n<title>Soudan\u00a0: L&rsquo;ONU alerte sur la situation des enfants, \u00ab\u00a0premi\u00e8res victimes\u00a0\u00bb du conflit - La Sentinelle<\/title>\n<meta name=\"robots\" content=\"index, follow, max-snippet:-1, max-image-preview:large, max-video-preview:-1\" \/>\n<link rel=\"canonical\" href=\"https:\/\/lasentinelle.dz\/index.php\/2026\/04\/28\/soudan-lonu-alerte-sur-la-situation-des-enfants-premieres-victimes-du-conflit\/\" \/>\n<meta property=\"og:locale\" content=\"fr_FR\" \/>\n<meta property=\"og:type\" content=\"article\" \/>\n<meta property=\"og:title\" content=\"Soudan\u00a0: L&rsquo;ONU alerte sur la situation des enfants, \u00ab\u00a0premi\u00e8res victimes\u00a0\u00bb du conflit - La Sentinelle\" \/>\n<meta property=\"og:description\" content=\"Des millions d&rsquo;enfants sont en proie \u00e0 la pauvret\u00e9 et \u00e0 la violence au Soudan, en particulier dans la r\u00e9gion\" \/>\n<meta property=\"og:url\" content=\"https:\/\/lasentinelle.dz\/index.php\/2026\/04\/28\/soudan-lonu-alerte-sur-la-situation-des-enfants-premieres-victimes-du-conflit\/\" \/>\n<meta property=\"og:site_name\" content=\"La Sentinelle\" \/>\n<meta property=\"article:publisher\" content=\"https:\/\/www.facebook.com\/La-Sentinelle-104059864394773\" \/>\n<meta property=\"article:published_time\" content=\"2026-04-28T19:29:45+00:00\" \/>\n<meta property=\"article:modified_time\" content=\"2026-04-28T19:29:47+00:00\" \/>\n<meta property=\"og:image\" content=\"https:\/\/lasentinelle.dz\/wp-content\/uploads\/2025\/08\/soudan.jpg\" \/>\n\t<meta property=\"og:image:width\" content=\"1200\" \/>\n\t<meta property=\"og:image:height\" content=\"675\" \/>\n\t<meta property=\"og:image:type\" content=\"image\/jpeg\" \/>\n<meta name=\"author\" content=\"admin\" \/>\n<meta name=\"twitter:card\" content=\"summary_large_image\" \/>\n<meta name=\"twitter:label1\" content=\"\u00c9crit par\" \/>\n\t<meta name=\"twitter:data1\" content=\"admin\" \/>\n\t<meta name=\"twitter:label2\" content=\"Dur\u00e9e de lecture estim\u00e9e\" \/>\n\t<meta name=\"twitter:data2\" content=\"3 minutes\" \/>\n<script type=\"application\/ld+json\" class=\"yoast-schema-graph\">{\"@context\":\"https:\\\/\\\/schema.org\",\"@graph\":[{\"@type\":\"Article\",\"@id\":\"https:\\\/\\\/lasentinelle.dz\\\/index.php\\\/2026\\\/04\\\/28\\\/soudan-lonu-alerte-sur-la-situation-des-enfants-premieres-victimes-du-conflit\\\/#article\",\"isPartOf\":{\"@id\":\"https:\\\/\\\/lasentinelle.dz\\\/index.php\\\/2026\\\/04\\\/28\\\/soudan-lonu-alerte-sur-la-situation-des-enfants-premieres-victimes-du-conflit\\\/\"},\"author\":{\"name\":\"admin\",\"@id\":\"https:\\\/\\\/lasentinelle.dz\\\/#\\\/schema\\\/person\\\/729ee0024f24e0b8c5ec17232f8e8b41\"},\"headline\":\"Soudan\u00a0: L&rsquo;ONU alerte sur la situation des enfants, \u00ab\u00a0premi\u00e8res victimes\u00a0\u00bb du conflit\",\"datePublished\":\"2026-04-28T19:29:45+00:00\",\"dateModified\":\"2026-04-28T19:29:47+00:00\",\"mainEntityOfPage\":{\"@id\":\"https:\\\/\\\/lasentinelle.dz\\\/index.php\\\/2026\\\/04\\\/28\\\/soudan-lonu-alerte-sur-la-situation-des-enfants-premieres-victimes-du-conflit\\\/\"},\"wordCount\":576,\"commentCount\":0,\"publisher\":{\"@id\":\"https:\\\/\\\/lasentinelle.dz\\\/#organization\"},\"image\":{\"@id\":\"https:\\\/\\\/lasentinelle.dz\\\/index.php\\\/2026\\\/04\\\/28\\\/soudan-lonu-alerte-sur-la-situation-des-enfants-premieres-victimes-du-conflit\\\/#primaryimage\"},\"thumbnailUrl\":\"https:\\\/\\\/lasentinelle.dz\\\/wp-content\\\/uploads\\\/2025\\\/08\\\/soudan.jpg\",\"articleSection\":[\"Monde\"],\"inLanguage\":\"fr-FR\",\"potentialAction\":[{\"@type\":\"CommentAction\",\"name\":\"Comment\",\"target\":[\"https:\\\/\\\/lasentinelle.dz\\\/index.php\\\/2026\\\/04\\\/28\\\/soudan-lonu-alerte-sur-la-situation-des-enfants-premieres-victimes-du-conflit\\\/#respond\"]}]},{\"@type\":\"WebPage\",\"@id\":\"https:\\\/\\\/lasentinelle.dz\\\/index.php\\\/2026\\\/04\\\/28\\\/soudan-lonu-alerte-sur-la-situation-des-enfants-premieres-victimes-du-conflit\\\/\",\"url\":\"https:\\\/\\\/lasentinelle.dz\\\/index.php\\\/2026\\\/04\\\/28\\\/soudan-lonu-alerte-sur-la-situation-des-enfants-premieres-victimes-du-conflit\\\/\",\"name\":\"Soudan\u00a0: L&rsquo;ONU alerte sur la situation des enfants, \u00ab\u00a0premi\u00e8res victimes\u00a0\u00bb du conflit - La Sentinelle\",\"isPartOf\":{\"@id\":\"https:\\\/\\\/lasentinelle.dz\\\/#website\"},\"primaryImageOfPage\":{\"@id\":\"https:\\\/\\\/lasentinelle.dz\\\/index.php\\\/2026\\\/04\\\/28\\\/soudan-lonu-alerte-sur-la-situation-des-enfants-premieres-victimes-du-conflit\\\/#primaryimage\"},\"image\":{\"@id\":\"https:\\\/\\\/lasentinelle.dz\\\/index.php\\\/2026\\\/04\\\/28\\\/soudan-lonu-alerte-sur-la-situation-des-enfants-premieres-victimes-du-conflit\\\/#primaryimage\"},\"thumbnailUrl\":\"https:\\\/\\\/lasentinelle.dz\\\/wp-content\\\/uploads\\\/2025\\\/08\\\/soudan.jpg\",\"datePublished\":\"2026-04-28T19:29:45+00:00\",\"dateModified\":\"2026-04-28T19:29:47+00:00\",\"breadcrumb\":{\"@id\":\"https:\\\/\\\/lasentinelle.dz\\\/index.php\\\/2026\\\/04\\\/28\\\/soudan-lonu-alerte-sur-la-situation-des-enfants-premieres-victimes-du-conflit\\\/#breadcrumb\"},\"inLanguage\":\"fr-FR\",\"potentialAction\":[{\"@type\":\"ReadAction\",\"target\":[\"https:\\\/\\\/lasentinelle.dz\\\/index.php\\\/2026\\\/04\\\/28\\\/soudan-lonu-alerte-sur-la-situation-des-enfants-premieres-victimes-du-conflit\\\/\"]}]},{\"@type\":\"ImageObject\",\"inLanguage\":\"fr-FR\",\"@id\":\"https:\\\/\\\/lasentinelle.dz\\\/index.php\\\/2026\\\/04\\\/28\\\/soudan-lonu-alerte-sur-la-situation-des-enfants-premieres-victimes-du-conflit\\\/#primaryimage\",\"url\":\"https:\\\/\\\/lasentinelle.dz\\\/wp-content\\\/uploads\\\/2025\\\/08\\\/soudan.jpg\",\"contentUrl\":\"https:\\\/\\\/lasentinelle.dz\\\/wp-content\\\/uploads\\\/2025\\\/08\\\/soudan.jpg\",\"width\":1200,\"height\":675},{\"@type\":\"BreadcrumbList\",\"@id\":\"https:\\\/\\\/lasentinelle.dz\\\/index.php\\\/2026\\\/04\\\/28\\\/soudan-lonu-alerte-sur-la-situation-des-enfants-premieres-victimes-du-conflit\\\/#breadcrumb\",\"itemListElement\":[{\"@type\":\"ListItem\",\"position\":1,\"name\":\"Accueil\",\"item\":\"https:\\\/\\\/lasentinelle.dz\\\/\"},{\"@type\":\"ListItem\",\"position\":2,\"name\":\"Soudan\u00a0: L&rsquo;ONU alerte sur la situation des enfants, \u00ab\u00a0premi\u00e8res victimes\u00a0\u00bb du conflit\"}]},{\"@type\":\"WebSite\",\"@id\":\"https:\\\/\\\/lasentinelle.dz\\\/#website\",\"url\":\"https:\\\/\\\/lasentinelle.dz\\\/\",\"name\":\"La Sentinelle\",\"description\":\"Quotidien national d&#039;information\",\"publisher\":{\"@id\":\"https:\\\/\\\/lasentinelle.dz\\\/#organization\"},\"potentialAction\":[{\"@type\":\"SearchAction\",\"target\":{\"@type\":\"EntryPoint\",\"urlTemplate\":\"https:\\\/\\\/lasentinelle.dz\\\/?s={search_term_string}\"},\"query-input\":{\"@type\":\"PropertyValueSpecification\",\"valueRequired\":true,\"valueName\":\"search_term_string\"}}],\"inLanguage\":\"fr-FR\"},{\"@type\":\"Organization\",\"@id\":\"https:\\\/\\\/lasentinelle.dz\\\/#organization\",\"name\":\"Quotidien La Sentinelle\",\"url\":\"https:\\\/\\\/lasentinelle.dz\\\/\",\"logo\":{\"@type\":\"ImageObject\",\"inLanguage\":\"fr-FR\",\"@id\":\"https:\\\/\\\/lasentinelle.dz\\\/#\\\/schema\\\/logo\\\/image\\\/\",\"url\":\"https:\\\/\\\/lasentinelle.dz\\\/wp-content\\\/uploads\\\/2021\\\/09\\\/logo-sentinelleSLOGAN-1.png\",\"contentUrl\":\"https:\\\/\\\/lasentinelle.dz\\\/wp-content\\\/uploads\\\/2021\\\/09\\\/logo-sentinelleSLOGAN-1.png\",\"width\":615,\"height\":142,\"caption\":\"Quotidien La Sentinelle\"},\"image\":{\"@id\":\"https:\\\/\\\/lasentinelle.dz\\\/#\\\/schema\\\/logo\\\/image\\\/\"},\"sameAs\":[\"https:\\\/\\\/www.facebook.com\\\/La-Sentinelle-104059864394773\"]},{\"@type\":\"Person\",\"@id\":\"https:\\\/\\\/lasentinelle.dz\\\/#\\\/schema\\\/person\\\/729ee0024f24e0b8c5ec17232f8e8b41\",\"name\":\"admin\",\"image\":{\"@type\":\"ImageObject\",\"inLanguage\":\"fr-FR\",\"@id\":\"https:\\\/\\\/secure.gravatar.com\\\/avatar\\\/4c81fed838786e9b53f540bf46533e750f5d292099ae3b66cfc6fb1982e29df7?s=96&d=mm&r=g\",\"url\":\"https:\\\/\\\/secure.gravatar.com\\\/avatar\\\/4c81fed838786e9b53f540bf46533e750f5d292099ae3b66cfc6fb1982e29df7?s=96&d=mm&r=g\",\"contentUrl\":\"https:\\\/\\\/secure.gravatar.com\\\/avatar\\\/4c81fed838786e9b53f540bf46533e750f5d292099ae3b66cfc6fb1982e29df7?s=96&d=mm&r=g\",\"caption\":\"admin\"},\"description\":\"admin\",\"url\":\"https:\\\/\\\/lasentinelle.dz\\\/author\\\/admin\\\/\"}]}<\/script>\n<!-- \/ Yoast SEO plugin. -->","yoast_head_json":{"title":"Soudan\u00a0: L&rsquo;ONU alerte sur la situation des enfants, \u00ab\u00a0premi\u00e8res victimes\u00a0\u00bb du conflit - La Sentinelle","robots":{"index":"index","follow":"follow","max-snippet":"max-snippet:-1","max-image-preview":"max-image-preview:large","max-video-preview":"max-video-preview:-1"},"canonical":"https:\/\/lasentinelle.dz\/index.php\/2026\/04\/28\/soudan-lonu-alerte-sur-la-situation-des-enfants-premieres-victimes-du-conflit\/","og_locale":"fr_FR","og_type":"article","og_title":"Soudan\u00a0: L&rsquo;ONU alerte sur la situation des enfants, \u00ab\u00a0premi\u00e8res victimes\u00a0\u00bb du conflit - La Sentinelle","og_description":"Des millions d&rsquo;enfants sont en proie \u00e0 la pauvret\u00e9 et \u00e0 la violence au Soudan, en particulier dans la r\u00e9gion","og_url":"https:\/\/lasentinelle.dz\/index.php\/2026\/04\/28\/soudan-lonu-alerte-sur-la-situation-des-enfants-premieres-victimes-du-conflit\/","og_site_name":"La Sentinelle","article_publisher":"https:\/\/www.facebook.com\/La-Sentinelle-104059864394773","article_published_time":"2026-04-28T19:29:45+00:00","article_modified_time":"2026-04-28T19:29:47+00:00","og_image":[{"width":1200,"height":675,"url":"https:\/\/lasentinelle.dz\/wp-content\/uploads\/2025\/08\/soudan.jpg","type":"image\/jpeg"}],"author":"admin","twitter_card":"summary_large_image","twitter_misc":{"\u00c9crit par":"admin","Dur\u00e9e de lecture estim\u00e9e":"3 minutes"},"schema":{"@context":"https:\/\/schema.org","@graph":[{"@type":"Article","@id":"https:\/\/lasentinelle.dz\/index.php\/2026\/04\/28\/soudan-lonu-alerte-sur-la-situation-des-enfants-premieres-victimes-du-conflit\/#article","isPartOf":{"@id":"https:\/\/lasentinelle.dz\/index.php\/2026\/04\/28\/soudan-lonu-alerte-sur-la-situation-des-enfants-premieres-victimes-du-conflit\/"},"author":{"name":"admin","@id":"https:\/\/lasentinelle.dz\/#\/schema\/person\/729ee0024f24e0b8c5ec17232f8e8b41"},"headline":"Soudan\u00a0: L&rsquo;ONU alerte sur la situation des enfants, \u00ab\u00a0premi\u00e8res victimes\u00a0\u00bb du conflit","datePublished":"2026-04-28T19:29:45+00:00","dateModified":"2026-04-28T19:29:47+00:00","mainEntityOfPage":{"@id":"https:\/\/lasentinelle.dz\/index.php\/2026\/04\/28\/soudan-lonu-alerte-sur-la-situation-des-enfants-premieres-victimes-du-conflit\/"},"wordCount":576,"commentCount":0,"publisher":{"@id":"https:\/\/lasentinelle.dz\/#organization"},"image":{"@id":"https:\/\/lasentinelle.dz\/index.php\/2026\/04\/28\/soudan-lonu-alerte-sur-la-situation-des-enfants-premieres-victimes-du-conflit\/#primaryimage"},"thumbnailUrl":"https:\/\/lasentinelle.dz\/wp-content\/uploads\/2025\/08\/soudan.jpg","articleSection":["Monde"],"inLanguage":"fr-FR","potentialAction":[{"@type":"CommentAction","name":"Comment","target":["https:\/\/lasentinelle.dz\/index.php\/2026\/04\/28\/soudan-lonu-alerte-sur-la-situation-des-enfants-premieres-victimes-du-conflit\/#respond"]}]},{"@type":"WebPage","@id":"https:\/\/lasentinelle.dz\/index.php\/2026\/04\/28\/soudan-lonu-alerte-sur-la-situation-des-enfants-premieres-victimes-du-conflit\/","url":"https:\/\/lasentinelle.dz\/index.php\/2026\/04\/28\/soudan-lonu-alerte-sur-la-situation-des-enfants-premieres-victimes-du-conflit\/","name":"Soudan\u00a0: L&rsquo;ONU alerte sur la situation des enfants, \u00ab\u00a0premi\u00e8res victimes\u00a0\u00bb du conflit - La Sentinelle","isPartOf":{"@id":"https:\/\/lasentinelle.dz\/#website"},"primaryImageOfPage":{"@id":"https:\/\/lasentinelle.dz\/index.php\/2026\/04\/28\/soudan-lonu-alerte-sur-la-situation-des-enfants-premieres-victimes-du-conflit\/#primaryimage"},"image":{"@id":"https:\/\/lasentinelle.dz\/index.php\/2026\/04\/28\/soudan-lonu-alerte-sur-la-situation-des-enfants-premieres-victimes-du-conflit\/#primaryimage"},"thumbnailUrl":"https:\/\/lasentinelle.dz\/wp-content\/uploads\/2025\/08\/soudan.jpg","datePublished":"2026-04-28T19:29:45+00:00","dateModified":"2026-04-28T19:29:47+00:00","breadcrumb":{"@id":"https:\/\/lasentinelle.dz\/index.php\/2026\/04\/28\/soudan-lonu-alerte-sur-la-situation-des-enfants-premieres-victimes-du-conflit\/#breadcrumb"},"inLanguage":"fr-FR","potentialAction":[{"@type":"ReadAction","target":["https:\/\/lasentinelle.dz\/index.php\/2026\/04\/28\/soudan-lonu-alerte-sur-la-situation-des-enfants-premieres-victimes-du-conflit\/"]}]},{"@type":"ImageObject","inLanguage":"fr-FR","@id":"https:\/\/lasentinelle.dz\/index.php\/2026\/04\/28\/soudan-lonu-alerte-sur-la-situation-des-enfants-premieres-victimes-du-conflit\/#primaryimage","url":"https:\/\/lasentinelle.dz\/wp-content\/uploads\/2025\/08\/soudan.jpg","contentUrl":"https:\/\/lasentinelle.dz\/wp-content\/uploads\/2025\/08\/soudan.jpg","width":1200,"height":675},{"@type":"BreadcrumbList","@id":"https:\/\/lasentinelle.dz\/index.php\/2026\/04\/28\/soudan-lonu-alerte-sur-la-situation-des-enfants-premieres-victimes-du-conflit\/#breadcrumb","itemListElement":[{"@type":"ListItem","position":1,"name":"Accueil","item":"https:\/\/lasentinelle.dz\/"},{"@type":"ListItem","position":2,"name":"Soudan\u00a0: L&rsquo;ONU alerte sur la situation des enfants, \u00ab\u00a0premi\u00e8res victimes\u00a0\u00bb du conflit"}]},{"@type":"WebSite","@id":"https:\/\/lasentinelle.dz\/#website","url":"https:\/\/lasentinelle.dz\/","name":"La Sentinelle","description":"Quotidien national d&#039;information","publisher":{"@id":"https:\/\/lasentinelle.dz\/#organization"},"potentialAction":[{"@type":"SearchAction","target":{"@type":"EntryPoint","urlTemplate":"https:\/\/lasentinelle.dz\/?s={search_term_string}"},"query-input":{"@type":"PropertyValueSpecification","valueRequired":true,"valueName":"search_term_string"}}],"inLanguage":"fr-FR"},{"@type":"Organization","@id":"https:\/\/lasentinelle.dz\/#organization","name":"Quotidien La Sentinelle","url":"https:\/\/lasentinelle.dz\/","logo":{"@type":"ImageObject","inLanguage":"fr-FR","@id":"https:\/\/lasentinelle.dz\/#\/schema\/logo\/image\/","url":"https:\/\/lasentinelle.dz\/wp-content\/uploads\/2021\/09\/logo-sentinelleSLOGAN-1.png","contentUrl":"https:\/\/lasentinelle.dz\/wp-content\/uploads\/2021\/09\/logo-sentinelleSLOGAN-1.png","width":615,"height":142,"caption":"Quotidien La Sentinelle"},"image":{"@id":"https:\/\/lasentinelle.dz\/#\/schema\/logo\/image\/"},"sameAs":["https:\/\/www.facebook.com\/La-Sentinelle-104059864394773"]},{"@type":"Person","@id":"https:\/\/lasentinelle.dz\/#\/schema\/person\/729ee0024f24e0b8c5ec17232f8e8b41","name":"admin","image":{"@type":"ImageObject","inLanguage":"fr-FR","@id":"https:\/\/secure.gravatar.com\/avatar\/4c81fed838786e9b53f540bf46533e750f5d292099ae3b66cfc6fb1982e29df7?s=96&d=mm&r=g","url":"https:\/\/secure.gravatar.com\/avatar\/4c81fed838786e9b53f540bf46533e750f5d292099ae3b66cfc6fb1982e29df7?s=96&d=mm&r=g","contentUrl":"https:\/\/secure.gravatar.com\/avatar\/4c81fed838786e9b53f540bf46533e750f5d292099ae3b66cfc6fb1982e29df7?s=96&d=mm&r=g","caption":"admin"},"description":"admin","url":"https:\/\/lasentinelle.dz\/author\/admin\/"}]}},"_links":{"self":[{"href":"https:\/\/lasentinelle.dz\/index.php\/wp-json\/wp\/v2\/posts\/86645","targetHints":{"allow":["GET"]}}],"collection":[{"href":"https:\/\/lasentinelle.dz\/index.php\/wp-json\/wp\/v2\/posts"}],"about":[{"href":"https:\/\/lasentinelle.dz\/index.php\/wp-json\/wp\/v2\/types\/post"}],"author":[{"embeddable":true,"href":"https:\/\/lasentinelle.dz\/index.php\/wp-json\/wp\/v2\/users\/6"}],"replies":[{"embeddable":true,"href":"https:\/\/lasentinelle.dz\/index.php\/wp-json\/wp\/v2\/comments?post=86645"}],"version-history":[{"count":2,"href":"https:\/\/lasentinelle.dz\/index.php\/wp-json\/wp\/v2\/posts\/86645\/revisions"}],"predecessor-version":[{"id":86647,"href":"https:\/\/lasentinelle.dz\/index.php\/wp-json\/wp\/v2\/posts\/86645\/revisions\/86647"}],"wp:featuredmedia":[{"embeddable":true,"href":"https:\/\/lasentinelle.dz\/index.php\/wp-json\/wp\/v2\/media\/72411"}],"wp:attachment":[{"href":"https:\/\/lasentinelle.dz\/index.php\/wp-json\/wp\/v2\/media?parent=86645"}],"wp:term":[{"taxonomy":"category","embeddable":true,"href":"https:\/\/lasentinelle.dz\/index.php\/wp-json\/wp\/v2\/categories?post=86645"},{"taxonomy":"post_tag","embeddable":true,"href":"https:\/\/lasentinelle.dz\/index.php\/wp-json\/wp\/v2\/tags?post=86645"}],"curies":[{"name":"wp","href":"https:\/\/api.w.org\/{rel}","templated":true}]}}