{"id":86653,"date":"2026-04-28T20:31:58","date_gmt":"2026-04-28T19:31:58","guid":{"rendered":"https:\/\/lasentinelle.dz\/?p=86653"},"modified":"2026-04-28T20:32:00","modified_gmt":"2026-04-28T19:32:00","slug":"liban-sud-lonu-denonce-les-destructions-israeliennes","status":"publish","type":"post","link":"https:\/\/lasentinelle.dz\/index.php\/2026\/04\/28\/liban-sud-lonu-denonce-les-destructions-israeliennes\/","title":{"rendered":"Liban-Sud\u00a0: L&rsquo;ONU d\u00e9nonce les destructions isra\u00e9liennes"},"content":{"rendered":"\n<p>Le Haut-Commissariat des Nations unies aux droits de l&rsquo;homme a d\u00e9nonc\u00e9 les d\u00e9molitions syst\u00e9matiques de villages dans le sud du Liban par les forces d\u2019occupation isra\u00e9liennes, les qualifiant de destructions \u00ab sans aucune justification \u00bb au regard du droit international humanitaire. Mazen Shaqoura, repr\u00e9sentant de l&rsquo;institution pour le Moyen-Orient et l&rsquo;Afrique du Nord, a pass\u00e9 en revue ces violations dans le cadre du bilan de la derni\u00e8re guerre men\u00e9e par l\u2019entit\u00e9 sioniste contre le Liban. Ces d\u00e9clarations interviennent dans un contexte de tensions persistantes malgr\u00e9 la tr\u00eave en vigueur. Un cessez-le-feu de dix jours avait \u00e9t\u00e9 instaur\u00e9 le 17 avril, avant d&rsquo;\u00eatre prolong\u00e9 de trois semaines suppl\u00e9mentaires \u00e0 l&rsquo;issue d&rsquo;un second cycle de discussions \u00e0 Washington, annonc\u00e9 jeudi par le pr\u00e9sident am\u00e9ricain Donald Trump. Mais sur le terrain, les accrochages ne se sont pas interrompus.<\/p>\n\n\n\n<p>Lundi, le porte-parole de l&rsquo;ONU St\u00e9phane Dujarric a indiqu\u00e9 lors d&rsquo;une conf\u00e9rence de presse que les Casques bleus de la FINUL avaient recens\u00e9 299 incidents de tirs provenant du sud de la Ligne bleue, soit \u00ab l&rsquo;un des niveaux les plus \u00e9lev\u00e9s depuis la cessation des hostilit\u00e9s \u00bb. Dujarric a pr\u00e9cis\u00e9 qu&rsquo;aucune roquette n&rsquo;avait \u00e9t\u00e9 d\u00e9tect\u00e9e en direction du nord vers le sud, et que la FINUL avait observ\u00e9 l&rsquo;interception d&rsquo;un projectile par les forces d\u2019occupation isra\u00e9liennes. Des affrontements entre ces m\u00eames forces et le Hezbollah ont \u00e9galement \u00e9t\u00e9 signal\u00e9s par les contingents onusiens. \u00ab Nous continuons d&rsquo;appeler toutes les parties \u00e0 faire preuve de retenue et \u00e0 respecter la cessation des hostilit\u00e9s convenue \u00bb, a ajout\u00e9 le porte-parole.<\/p>\n\n\n\n<p>Mardi, les frappes se sont poursuivies. Selon l&rsquo;Agence nationale libanaise d&rsquo;information, trois raids a\u00e9riens ont vis\u00e9 la localit\u00e9 de Zoutar el-Charqiyeh dans le caza de Nabatieh, tandis que des personnes sont port\u00e9es disparues apr\u00e8s une frappe sur le village de Haris dans le caza de Bint Jbeil. Des frappes ont \u00e9galement touch\u00e9 la localit\u00e9 de Jbal el-Batm dans le caza de Tyr, pendant que les forces d\u2019occupation isra\u00e9liennes ouvraient le feu avec des mitrailleuses lourdes sur la ville de Bint Jbeil. Le bilan humain s&rsquo;alourdit. Les autorit\u00e9s libanaises ont annonc\u00e9 mardi que les frappes isra\u00e9liennes men\u00e9es depuis le 2 mars ont caus\u00e9 la mort de 2 534 personnes et fait 7 863 bless\u00e9s. Dans la seule nuit de lundi, quatre personnes ont \u00e9t\u00e9 tu\u00e9es et 51 autres bless\u00e9es, dont trois enfants, selon le minist\u00e8re libanais de la Sant\u00e9. L&rsquo;Unit\u00e9 de gestion des risques de catastrophes indique par ailleurs que le nombre de d\u00e9plac\u00e9s dans les centres d&rsquo;h\u00e9bergement d\u00e9passe les 120 000 personnes, r\u00e9parties dans quelque 31 000 familles.<\/p>\n\n\n\n<p>L.S.<\/p>\n","protected":false},"excerpt":{"rendered":"<p>Le Haut-Commissariat des Nations unies aux droits de l&rsquo;homme a d\u00e9nonc\u00e9 les d\u00e9molitions syst\u00e9matiques de villages dans le sud du<\/p>\n","protected":false},"author":6,"featured_media":85297,"comment_status":"open","ping_status":"closed","sticky":false,"template":"","format":"standard","meta":{"colormag_page_container_layout":"default_layout","colormag_page_sidebar_layout":"default_layout","om_disable_all_campaigns":false,"_monsterinsights_skip_tracking":false,"_monsterinsights_sitenote_active":false,"_monsterinsights_sitenote_note":"","_monsterinsights_sitenote_category":0,"footnotes":"","_wpscppro_dont_share_socialmedia":false,"_wpscppro_custom_social_share_image":0,"_facebook_share_type":"default","_twitter_share_type":"default","_linkedin_share_type":"default","_pinterest_share_type":"default","_linkedin_share_type_page":"","_instagram_share_type":"default","_medium_share_type":"default","_threads_share_type":"default","_google_business_share_type":"default","_selected_social_profile":[],"_wpsp_enable_custom_social_template":false,"_wpsp_social_scheduling":{"enabled":false,"datetime":null,"platforms":[],"status":"template_only","dateOption":"today","timeOption":"now","customDays":"","customHours":"","customDate":"","customTime":"","schedulingType":"absolute"},"_wpsp_active_default_template":true},"categories":[37],"tags":[],"class_list":["post-86653","post","type-post","status-publish","format-standard","has-post-thumbnail","hentry","category-monde"],"aioseo_notices":[],"yoast_head":"<!-- This site is optimized with the Yoast SEO plugin v27.4 - https:\/\/yoast.com\/product\/yoast-seo-wordpress\/ -->\n<title>Liban-Sud\u00a0: L&rsquo;ONU d\u00e9nonce les destructions isra\u00e9liennes - La Sentinelle<\/title>\n<meta name=\"robots\" content=\"index, follow, max-snippet:-1, max-image-preview:large, max-video-preview:-1\" \/>\n<link rel=\"canonical\" href=\"https:\/\/lasentinelle.dz\/index.php\/2026\/04\/28\/liban-sud-lonu-denonce-les-destructions-israeliennes\/\" \/>\n<meta property=\"og:locale\" content=\"fr_FR\" \/>\n<meta property=\"og:type\" content=\"article\" \/>\n<meta property=\"og:title\" content=\"Liban-Sud\u00a0: L&rsquo;ONU d\u00e9nonce les destructions isra\u00e9liennes - La Sentinelle\" \/>\n<meta property=\"og:description\" content=\"Le Haut-Commissariat des Nations unies aux droits de l&rsquo;homme a d\u00e9nonc\u00e9 les d\u00e9molitions syst\u00e9matiques de villages dans le sud du\" \/>\n<meta property=\"og:url\" content=\"https:\/\/lasentinelle.dz\/index.php\/2026\/04\/28\/liban-sud-lonu-denonce-les-destructions-israeliennes\/\" \/>\n<meta property=\"og:site_name\" content=\"La Sentinelle\" \/>\n<meta property=\"article:publisher\" content=\"https:\/\/www.facebook.com\/La-Sentinelle-104059864394773\" \/>\n<meta property=\"article:published_time\" content=\"2026-04-28T19:31:58+00:00\" \/>\n<meta property=\"article:modified_time\" content=\"2026-04-28T19:32:00+00:00\" \/>\n<meta property=\"og:image\" content=\"https:\/\/lasentinelle.dz\/wp-content\/uploads\/2026\/04\/Liban.jpg\" \/>\n\t<meta property=\"og:image:width\" content=\"734\" \/>\n\t<meta property=\"og:image:height\" content=\"489\" \/>\n\t<meta property=\"og:image:type\" content=\"image\/jpeg\" \/>\n<meta name=\"author\" content=\"admin\" \/>\n<meta name=\"twitter:card\" content=\"summary_large_image\" \/>\n<meta name=\"twitter:label1\" content=\"\u00c9crit par\" \/>\n\t<meta name=\"twitter:data1\" content=\"admin\" \/>\n\t<meta name=\"twitter:label2\" content=\"Dur\u00e9e de lecture estim\u00e9e\" \/>\n\t<meta name=\"twitter:data2\" content=\"3 minutes\" \/>\n<script type=\"application\/ld+json\" class=\"yoast-schema-graph\">{\"@context\":\"https:\\\/\\\/schema.org\",\"@graph\":[{\"@type\":\"Article\",\"@id\":\"https:\\\/\\\/lasentinelle.dz\\\/index.php\\\/2026\\\/04\\\/28\\\/liban-sud-lonu-denonce-les-destructions-israeliennes\\\/#article\",\"isPartOf\":{\"@id\":\"https:\\\/\\\/lasentinelle.dz\\\/index.php\\\/2026\\\/04\\\/28\\\/liban-sud-lonu-denonce-les-destructions-israeliennes\\\/\"},\"author\":{\"name\":\"admin\",\"@id\":\"https:\\\/\\\/lasentinelle.dz\\\/#\\\/schema\\\/person\\\/729ee0024f24e0b8c5ec17232f8e8b41\"},\"headline\":\"Liban-Sud\u00a0: L&rsquo;ONU d\u00e9nonce les destructions isra\u00e9liennes\",\"datePublished\":\"2026-04-28T19:31:58+00:00\",\"dateModified\":\"2026-04-28T19:32:00+00:00\",\"mainEntityOfPage\":{\"@id\":\"https:\\\/\\\/lasentinelle.dz\\\/index.php\\\/2026\\\/04\\\/28\\\/liban-sud-lonu-denonce-les-destructions-israeliennes\\\/\"},\"wordCount\":474,\"commentCount\":0,\"publisher\":{\"@id\":\"https:\\\/\\\/lasentinelle.dz\\\/#organization\"},\"image\":{\"@id\":\"https:\\\/\\\/lasentinelle.dz\\\/index.php\\\/2026\\\/04\\\/28\\\/liban-sud-lonu-denonce-les-destructions-israeliennes\\\/#primaryimage\"},\"thumbnailUrl\":\"https:\\\/\\\/lasentinelle.dz\\\/wp-content\\\/uploads\\\/2026\\\/04\\\/Liban.jpg\",\"articleSection\":[\"Monde\"],\"inLanguage\":\"fr-FR\",\"potentialAction\":[{\"@type\":\"CommentAction\",\"name\":\"Comment\",\"target\":[\"https:\\\/\\\/lasentinelle.dz\\\/index.php\\\/2026\\\/04\\\/28\\\/liban-sud-lonu-denonce-les-destructions-israeliennes\\\/#respond\"]}]},{\"@type\":\"WebPage\",\"@id\":\"https:\\\/\\\/lasentinelle.dz\\\/index.php\\\/2026\\\/04\\\/28\\\/liban-sud-lonu-denonce-les-destructions-israeliennes\\\/\",\"url\":\"https:\\\/\\\/lasentinelle.dz\\\/index.php\\\/2026\\\/04\\\/28\\\/liban-sud-lonu-denonce-les-destructions-israeliennes\\\/\",\"name\":\"Liban-Sud\u00a0: L&rsquo;ONU d\u00e9nonce les destructions isra\u00e9liennes - La Sentinelle\",\"isPartOf\":{\"@id\":\"https:\\\/\\\/lasentinelle.dz\\\/#website\"},\"primaryImageOfPage\":{\"@id\":\"https:\\\/\\\/lasentinelle.dz\\\/index.php\\\/2026\\\/04\\\/28\\\/liban-sud-lonu-denonce-les-destructions-israeliennes\\\/#primaryimage\"},\"image\":{\"@id\":\"https:\\\/\\\/lasentinelle.dz\\\/index.php\\\/2026\\\/04\\\/28\\\/liban-sud-lonu-denonce-les-destructions-israeliennes\\\/#primaryimage\"},\"thumbnailUrl\":\"https:\\\/\\\/lasentinelle.dz\\\/wp-content\\\/uploads\\\/2026\\\/04\\\/Liban.jpg\",\"datePublished\":\"2026-04-28T19:31:58+00:00\",\"dateModified\":\"2026-04-28T19:32:00+00:00\",\"breadcrumb\":{\"@id\":\"https:\\\/\\\/lasentinelle.dz\\\/index.php\\\/2026\\\/04\\\/28\\\/liban-sud-lonu-denonce-les-destructions-israeliennes\\\/#breadcrumb\"},\"inLanguage\":\"fr-FR\",\"potentialAction\":[{\"@type\":\"ReadAction\",\"target\":[\"https:\\\/\\\/lasentinelle.dz\\\/index.php\\\/2026\\\/04\\\/28\\\/liban-sud-lonu-denonce-les-destructions-israeliennes\\\/\"]}]},{\"@type\":\"ImageObject\",\"inLanguage\":\"fr-FR\",\"@id\":\"https:\\\/\\\/lasentinelle.dz\\\/index.php\\\/2026\\\/04\\\/28\\\/liban-sud-lonu-denonce-les-destructions-israeliennes\\\/#primaryimage\",\"url\":\"https:\\\/\\\/lasentinelle.dz\\\/wp-content\\\/uploads\\\/2026\\\/04\\\/Liban.jpg\",\"contentUrl\":\"https:\\\/\\\/lasentinelle.dz\\\/wp-content\\\/uploads\\\/2026\\\/04\\\/Liban.jpg\",\"width\":734,\"height\":489},{\"@type\":\"BreadcrumbList\",\"@id\":\"https:\\\/\\\/lasentinelle.dz\\\/index.php\\\/2026\\\/04\\\/28\\\/liban-sud-lonu-denonce-les-destructions-israeliennes\\\/#breadcrumb\",\"itemListElement\":[{\"@type\":\"ListItem\",\"position\":1,\"name\":\"Accueil\",\"item\":\"https:\\\/\\\/lasentinelle.dz\\\/\"},{\"@type\":\"ListItem\",\"position\":2,\"name\":\"Liban-Sud\u00a0: L&rsquo;ONU d\u00e9nonce les destructions isra\u00e9liennes\"}]},{\"@type\":\"WebSite\",\"@id\":\"https:\\\/\\\/lasentinelle.dz\\\/#website\",\"url\":\"https:\\\/\\\/lasentinelle.dz\\\/\",\"name\":\"La Sentinelle\",\"description\":\"Quotidien national d&#039;information\",\"publisher\":{\"@id\":\"https:\\\/\\\/lasentinelle.dz\\\/#organization\"},\"potentialAction\":[{\"@type\":\"SearchAction\",\"target\":{\"@type\":\"EntryPoint\",\"urlTemplate\":\"https:\\\/\\\/lasentinelle.dz\\\/?s={search_term_string}\"},\"query-input\":{\"@type\":\"PropertyValueSpecification\",\"valueRequired\":true,\"valueName\":\"search_term_string\"}}],\"inLanguage\":\"fr-FR\"},{\"@type\":\"Organization\",\"@id\":\"https:\\\/\\\/lasentinelle.dz\\\/#organization\",\"name\":\"Quotidien La Sentinelle\",\"url\":\"https:\\\/\\\/lasentinelle.dz\\\/\",\"logo\":{\"@type\":\"ImageObject\",\"inLanguage\":\"fr-FR\",\"@id\":\"https:\\\/\\\/lasentinelle.dz\\\/#\\\/schema\\\/logo\\\/image\\\/\",\"url\":\"https:\\\/\\\/lasentinelle.dz\\\/wp-content\\\/uploads\\\/2021\\\/09\\\/logo-sentinelleSLOGAN-1.png\",\"contentUrl\":\"https:\\\/\\\/lasentinelle.dz\\\/wp-content\\\/uploads\\\/2021\\\/09\\\/logo-sentinelleSLOGAN-1.png\",\"width\":615,\"height\":142,\"caption\":\"Quotidien La Sentinelle\"},\"image\":{\"@id\":\"https:\\\/\\\/lasentinelle.dz\\\/#\\\/schema\\\/logo\\\/image\\\/\"},\"sameAs\":[\"https:\\\/\\\/www.facebook.com\\\/La-Sentinelle-104059864394773\"]},{\"@type\":\"Person\",\"@id\":\"https:\\\/\\\/lasentinelle.dz\\\/#\\\/schema\\\/person\\\/729ee0024f24e0b8c5ec17232f8e8b41\",\"name\":\"admin\",\"image\":{\"@type\":\"ImageObject\",\"inLanguage\":\"fr-FR\",\"@id\":\"https:\\\/\\\/secure.gravatar.com\\\/avatar\\\/4c81fed838786e9b53f540bf46533e750f5d292099ae3b66cfc6fb1982e29df7?s=96&d=mm&r=g\",\"url\":\"https:\\\/\\\/secure.gravatar.com\\\/avatar\\\/4c81fed838786e9b53f540bf46533e750f5d292099ae3b66cfc6fb1982e29df7?s=96&d=mm&r=g\",\"contentUrl\":\"https:\\\/\\\/secure.gravatar.com\\\/avatar\\\/4c81fed838786e9b53f540bf46533e750f5d292099ae3b66cfc6fb1982e29df7?s=96&d=mm&r=g\",\"caption\":\"admin\"},\"description\":\"admin\",\"url\":\"https:\\\/\\\/lasentinelle.dz\\\/author\\\/admin\\\/\"}]}<\/script>\n<!-- \/ Yoast SEO plugin. -->","yoast_head_json":{"title":"Liban-Sud\u00a0: L&rsquo;ONU d\u00e9nonce les destructions isra\u00e9liennes - La Sentinelle","robots":{"index":"index","follow":"follow","max-snippet":"max-snippet:-1","max-image-preview":"max-image-preview:large","max-video-preview":"max-video-preview:-1"},"canonical":"https:\/\/lasentinelle.dz\/index.php\/2026\/04\/28\/liban-sud-lonu-denonce-les-destructions-israeliennes\/","og_locale":"fr_FR","og_type":"article","og_title":"Liban-Sud\u00a0: L&rsquo;ONU d\u00e9nonce les destructions isra\u00e9liennes - La Sentinelle","og_description":"Le Haut-Commissariat des Nations unies aux droits de l&rsquo;homme a d\u00e9nonc\u00e9 les d\u00e9molitions syst\u00e9matiques de villages dans le sud du","og_url":"https:\/\/lasentinelle.dz\/index.php\/2026\/04\/28\/liban-sud-lonu-denonce-les-destructions-israeliennes\/","og_site_name":"La Sentinelle","article_publisher":"https:\/\/www.facebook.com\/La-Sentinelle-104059864394773","article_published_time":"2026-04-28T19:31:58+00:00","article_modified_time":"2026-04-28T19:32:00+00:00","og_image":[{"width":734,"height":489,"url":"https:\/\/lasentinelle.dz\/wp-content\/uploads\/2026\/04\/Liban.jpg","type":"image\/jpeg"}],"author":"admin","twitter_card":"summary_large_image","twitter_misc":{"\u00c9crit par":"admin","Dur\u00e9e de lecture estim\u00e9e":"3 minutes"},"schema":{"@context":"https:\/\/schema.org","@graph":[{"@type":"Article","@id":"https:\/\/lasentinelle.dz\/index.php\/2026\/04\/28\/liban-sud-lonu-denonce-les-destructions-israeliennes\/#article","isPartOf":{"@id":"https:\/\/lasentinelle.dz\/index.php\/2026\/04\/28\/liban-sud-lonu-denonce-les-destructions-israeliennes\/"},"author":{"name":"admin","@id":"https:\/\/lasentinelle.dz\/#\/schema\/person\/729ee0024f24e0b8c5ec17232f8e8b41"},"headline":"Liban-Sud\u00a0: L&rsquo;ONU d\u00e9nonce les destructions isra\u00e9liennes","datePublished":"2026-04-28T19:31:58+00:00","dateModified":"2026-04-28T19:32:00+00:00","mainEntityOfPage":{"@id":"https:\/\/lasentinelle.dz\/index.php\/2026\/04\/28\/liban-sud-lonu-denonce-les-destructions-israeliennes\/"},"wordCount":474,"commentCount":0,"publisher":{"@id":"https:\/\/lasentinelle.dz\/#organization"},"image":{"@id":"https:\/\/lasentinelle.dz\/index.php\/2026\/04\/28\/liban-sud-lonu-denonce-les-destructions-israeliennes\/#primaryimage"},"thumbnailUrl":"https:\/\/lasentinelle.dz\/wp-content\/uploads\/2026\/04\/Liban.jpg","articleSection":["Monde"],"inLanguage":"fr-FR","potentialAction":[{"@type":"CommentAction","name":"Comment","target":["https:\/\/lasentinelle.dz\/index.php\/2026\/04\/28\/liban-sud-lonu-denonce-les-destructions-israeliennes\/#respond"]}]},{"@type":"WebPage","@id":"https:\/\/lasentinelle.dz\/index.php\/2026\/04\/28\/liban-sud-lonu-denonce-les-destructions-israeliennes\/","url":"https:\/\/lasentinelle.dz\/index.php\/2026\/04\/28\/liban-sud-lonu-denonce-les-destructions-israeliennes\/","name":"Liban-Sud\u00a0: L&rsquo;ONU d\u00e9nonce les destructions isra\u00e9liennes - La Sentinelle","isPartOf":{"@id":"https:\/\/lasentinelle.dz\/#website"},"primaryImageOfPage":{"@id":"https:\/\/lasentinelle.dz\/index.php\/2026\/04\/28\/liban-sud-lonu-denonce-les-destructions-israeliennes\/#primaryimage"},"image":{"@id":"https:\/\/lasentinelle.dz\/index.php\/2026\/04\/28\/liban-sud-lonu-denonce-les-destructions-israeliennes\/#primaryimage"},"thumbnailUrl":"https:\/\/lasentinelle.dz\/wp-content\/uploads\/2026\/04\/Liban.jpg","datePublished":"2026-04-28T19:31:58+00:00","dateModified":"2026-04-28T19:32:00+00:00","breadcrumb":{"@id":"https:\/\/lasentinelle.dz\/index.php\/2026\/04\/28\/liban-sud-lonu-denonce-les-destructions-israeliennes\/#breadcrumb"},"inLanguage":"fr-FR","potentialAction":[{"@type":"ReadAction","target":["https:\/\/lasentinelle.dz\/index.php\/2026\/04\/28\/liban-sud-lonu-denonce-les-destructions-israeliennes\/"]}]},{"@type":"ImageObject","inLanguage":"fr-FR","@id":"https:\/\/lasentinelle.dz\/index.php\/2026\/04\/28\/liban-sud-lonu-denonce-les-destructions-israeliennes\/#primaryimage","url":"https:\/\/lasentinelle.dz\/wp-content\/uploads\/2026\/04\/Liban.jpg","contentUrl":"https:\/\/lasentinelle.dz\/wp-content\/uploads\/2026\/04\/Liban.jpg","width":734,"height":489},{"@type":"BreadcrumbList","@id":"https:\/\/lasentinelle.dz\/index.php\/2026\/04\/28\/liban-sud-lonu-denonce-les-destructions-israeliennes\/#breadcrumb","itemListElement":[{"@type":"ListItem","position":1,"name":"Accueil","item":"https:\/\/lasentinelle.dz\/"},{"@type":"ListItem","position":2,"name":"Liban-Sud\u00a0: L&rsquo;ONU d\u00e9nonce les destructions isra\u00e9liennes"}]},{"@type":"WebSite","@id":"https:\/\/lasentinelle.dz\/#website","url":"https:\/\/lasentinelle.dz\/","name":"La Sentinelle","description":"Quotidien national d&#039;information","publisher":{"@id":"https:\/\/lasentinelle.dz\/#organization"},"potentialAction":[{"@type":"SearchAction","target":{"@type":"EntryPoint","urlTemplate":"https:\/\/lasentinelle.dz\/?s={search_term_string}"},"query-input":{"@type":"PropertyValueSpecification","valueRequired":true,"valueName":"search_term_string"}}],"inLanguage":"fr-FR"},{"@type":"Organization","@id":"https:\/\/lasentinelle.dz\/#organization","name":"Quotidien La Sentinelle","url":"https:\/\/lasentinelle.dz\/","logo":{"@type":"ImageObject","inLanguage":"fr-FR","@id":"https:\/\/lasentinelle.dz\/#\/schema\/logo\/image\/","url":"https:\/\/lasentinelle.dz\/wp-content\/uploads\/2021\/09\/logo-sentinelleSLOGAN-1.png","contentUrl":"https:\/\/lasentinelle.dz\/wp-content\/uploads\/2021\/09\/logo-sentinelleSLOGAN-1.png","width":615,"height":142,"caption":"Quotidien La Sentinelle"},"image":{"@id":"https:\/\/lasentinelle.dz\/#\/schema\/logo\/image\/"},"sameAs":["https:\/\/www.facebook.com\/La-Sentinelle-104059864394773"]},{"@type":"Person","@id":"https:\/\/lasentinelle.dz\/#\/schema\/person\/729ee0024f24e0b8c5ec17232f8e8b41","name":"admin","image":{"@type":"ImageObject","inLanguage":"fr-FR","@id":"https:\/\/secure.gravatar.com\/avatar\/4c81fed838786e9b53f540bf46533e750f5d292099ae3b66cfc6fb1982e29df7?s=96&d=mm&r=g","url":"https:\/\/secure.gravatar.com\/avatar\/4c81fed838786e9b53f540bf46533e750f5d292099ae3b66cfc6fb1982e29df7?s=96&d=mm&r=g","contentUrl":"https:\/\/secure.gravatar.com\/avatar\/4c81fed838786e9b53f540bf46533e750f5d292099ae3b66cfc6fb1982e29df7?s=96&d=mm&r=g","caption":"admin"},"description":"admin","url":"https:\/\/lasentinelle.dz\/author\/admin\/"}]}},"_links":{"self":[{"href":"https:\/\/lasentinelle.dz\/index.php\/wp-json\/wp\/v2\/posts\/86653","targetHints":{"allow":["GET"]}}],"collection":[{"href":"https:\/\/lasentinelle.dz\/index.php\/wp-json\/wp\/v2\/posts"}],"about":[{"href":"https:\/\/lasentinelle.dz\/index.php\/wp-json\/wp\/v2\/types\/post"}],"author":[{"embeddable":true,"href":"https:\/\/lasentinelle.dz\/index.php\/wp-json\/wp\/v2\/users\/6"}],"replies":[{"embeddable":true,"href":"https:\/\/lasentinelle.dz\/index.php\/wp-json\/wp\/v2\/comments?post=86653"}],"version-history":[{"count":2,"href":"https:\/\/lasentinelle.dz\/index.php\/wp-json\/wp\/v2\/posts\/86653\/revisions"}],"predecessor-version":[{"id":86655,"href":"https:\/\/lasentinelle.dz\/index.php\/wp-json\/wp\/v2\/posts\/86653\/revisions\/86655"}],"wp:featuredmedia":[{"embeddable":true,"href":"https:\/\/lasentinelle.dz\/index.php\/wp-json\/wp\/v2\/media\/85297"}],"wp:attachment":[{"href":"https:\/\/lasentinelle.dz\/index.php\/wp-json\/wp\/v2\/media?parent=86653"}],"wp:term":[{"taxonomy":"category","embeddable":true,"href":"https:\/\/lasentinelle.dz\/index.php\/wp-json\/wp\/v2\/categories?post=86653"},{"taxonomy":"post_tag","embeddable":true,"href":"https:\/\/lasentinelle.dz\/index.php\/wp-json\/wp\/v2\/tags?post=86653"}],"curies":[{"name":"wp","href":"https:\/\/api.w.org\/{rel}","templated":true}]}}