{"id":86656,"date":"2026-04-28T20:32:48","date_gmt":"2026-04-28T19:32:48","guid":{"rendered":"https:\/\/lasentinelle.dz\/?p=86656"},"modified":"2026-04-28T20:32:50","modified_gmt":"2026-04-28T19:32:50","slug":"guerre-au-moyen-orient-un-gel-diplomatique-qui-inquiete","status":"publish","type":"post","link":"https:\/\/lasentinelle.dz\/index.php\/2026\/04\/28\/guerre-au-moyen-orient-un-gel-diplomatique-qui-inquiete\/","title":{"rendered":"Guerre au Moyen-Orient\u00a0: Un gel diplomatique qui inqui\u00e8te"},"content":{"rendered":"\n<p>Deux mois apr\u00e8s le d\u00e9clenchement des hostilit\u00e9s entre les \u00c9tats-Unis et l&rsquo;Iran, le d\u00e9troit d&rsquo;Ormuz reste le n\u0153ud gordien d&rsquo;une crise qui d\u00e9passe largement le Moyen-Orient. &nbsp;<\/p>\n\n\n\n<p>Mardi, alors qu&rsquo;une nouvelle proposition iranienne \u00e9tait transmise \u00e0 Washington via les m\u00e9diateurs pakistanais, les march\u00e9s p\u00e9troliers s&#8217;emballaient, le Brent franchissant le seuil des 110 dollars le baril, et les capitales du monde entier attendaient de savoir si ce couloir maritime \u2014 par lequel transite environ 20 % du p\u00e9trole mondial \u2014 allait enfin retrouver une circulation normale. La journ\u00e9e a \u00e9t\u00e9 marqu\u00e9e par une s\u00e9rie de d\u00e9clarations contradictoires qui illustrent la complexit\u00e9 des tractations en cours. Le porte-parole du minist\u00e8re iranien de la D\u00e9fense, Reza Talaei-Nik, a pos\u00e9 le ton d\u00e8s le matin : \u00ab Les \u00c9tats-Unis ne sont plus en position de dicter leur politique \u00e0 des nations ind\u00e9pendantes \u00bb, a-t-il d\u00e9clar\u00e9, cit\u00e9 par la t\u00e9l\u00e9vision d&rsquo;\u00c9tat iranienne. Washington doit renoncer \u00e0 ses \u00ab exigences ill\u00e9gales et irrationnelles \u00bb, a-t-il ajout\u00e9, avant d&rsquo;annoncer que l&rsquo;Iran est \u00ab pr\u00eat \u00e0 partager ses capacit\u00e9s de d\u00e9fense militaire avec des pays ind\u00e9pendants, particuli\u00e8rement les \u00c9tats membres de l&rsquo;Organisation de coop\u00e9ration de Shanghai \u00bb. Ces d\u00e9clarations intervenaient en marge d&rsquo;une r\u00e9union des ministres de la D\u00e9fense de l&rsquo;OCS au Kirghizstan, o\u00f9 Talaei-Nik a pr\u00e9cis\u00e9 que T\u00e9h\u00e9ran est dispos\u00e9 \u00e0 faire part aux membres de l&rsquo;organisation de \u00ab son exp\u00e9rience dans la d\u00e9faite des \u00c9tats-Unis \u00bb.<\/p>\n\n\n\n<p>\u00c0 Washington, la r\u00e9ponse a \u00e9t\u00e9 prudente. La porte-parole de la Maison Blanche, Karoline Leavitt, a confirm\u00e9 qu&rsquo;une nouvelle proposition iranienne est \u00ab en cours d&rsquo;examen \u00bb. Le secr\u00e9taire d&rsquo;\u00c9tat Marco Rubio, tout en refusant de \u00ab n\u00e9gocier par voie de presse \u00bb, a reconnu que l&rsquo;offre \u00ab est meilleure que ce que nous pensions qu&rsquo;ils nous proposeraient \u00bb. Mais il a maintenu la ligne rouge am\u00e9ricaine : \u00ab Nous devons faire en sorte que tout accord conclu les emp\u00eache d\u00e9finitivement d&rsquo;avoir \u00e0 tout moment l&rsquo;arme nucl\u00e9aire \u00e0 leur port\u00e9e. \u00bb Quelques heures plus tard, un repr\u00e9sentant am\u00e9ricain a temp\u00e9r\u00e9 tout optimisme : Donald Trump \u00ab n&rsquo;aime pas la proposition \u00bb, a-t-il indiqu\u00e9, pr\u00e9cisant qu&rsquo;elle ne r\u00e9pondait pas \u00e0 la question du programme nucl\u00e9aire iranien. Sur Truth Social, le pr\u00e9sident am\u00e9ricain avait pourtant \u00e9crit plus t\u00f4t que l&rsquo;Iran souhaite une ouverture du d\u00e9troit \u00ab d\u00e8s que possible \u00bb et se trouve dans un \u00ab \u00e9tat de crise \u00bb.<\/p>\n\n\n\n<p>Sur le terrain maritime, un premier signal encourageant : selon le cabinet sp\u00e9cialis\u00e9 Kpler, un navire enti\u00e8rement charg\u00e9 en gaz naturel liqu\u00e9fi\u00e9 a franchi le d\u00e9troit d&rsquo;Ormuz mardi \u2014 une premi\u00e8re depuis la quasi-fermeture du bras de mer provoqu\u00e9e par le conflit. Le secr\u00e9taire \u00e0 l&rsquo;\u00c9nergie am\u00e9ricain, Chris Wright, en a tir\u00e9 une conclusion pragmatique depuis un sommet \u00e0 Dubrovnik : \u00ab Il n&rsquo;est pas n\u00e9cessaire de retirer toutes les mines pos\u00e9es dans le d\u00e9troit pour que les navires puissent \u00e0 nouveau emprunter ce passage. Il faut juste un passage. \u00bb La r\u00e9ouverture pourrait donc se faire \u00ab rapidement \u00bb, selon lui.<\/p>\n\n\n\n<p>La dimension r\u00e9gionale du dossier s&rsquo;est affirm\u00e9e avec la tenue d&rsquo;une r\u00e9union extraordinaire du Conseil de coop\u00e9ration du Golfe \u00e0 Djedda, en Arabie saoudite \u2014 la premi\u00e8re rencontre physique des dirigeants de l&rsquo;organisation depuis le d\u00e9but du conflit. L&rsquo;\u00e9mir du Qatar, le roi de Bahre\u00efn, le chef de la diplomatie \u00e9mirati et le prince h\u00e9ritier du Kowe\u00eft ont \u00e9t\u00e9 accueillis par Mohammed Ben Salman. \u00c0 Doha, le porte-parole du minist\u00e8re qatari des Affaires \u00e9trang\u00e8res, Majed Al-Ansari, a mis en garde contre un \u00ab conflit gel\u00e9 \u00bb dans le Golfe qui se raviverait \u00ab \u00e0 chaque pr\u00e9texte politique \u00bb. \u00ab Nous tenons \u00e0 voir cette guerre se terminer de mani\u00e8re durable, en tenant compte de l&rsquo;ensemble de nos pr\u00e9occupations dans la r\u00e9gion et au-del\u00e0 \u00bb, a-t-il d\u00e9clar\u00e9.<\/p>\n\n\n\n<p>La port\u00e9e \u00e9conomique de la crise est d\u00e9sormais mondiale. La Banque centrale europ\u00e9enne a signal\u00e9 que les anticipations d&rsquo;inflation en zone euro ont bondi de 2,5 % \u00e0 4 % entre f\u00e9vrier et mars, selon une enqu\u00eate r\u00e9alis\u00e9e durant les premi\u00e8res semaines du conflit. En Asie-Pacifique, la ministre australienne des Affaires \u00e9trang\u00e8res, Penny Wong, a estim\u00e9 que la quasi-fermeture du d\u00e9troit d&rsquo;Ormuz avait eu un \u00ab impact disproportionn\u00e9 \u00bb sur sa r\u00e9gion, dont la d\u00e9pendance aux hydrocarbures du Golfe est structurelle.<\/p>\n\n\n\n<p>La mission iranienne aupr\u00e8s de l&rsquo;ONU a, de son c\u00f4t\u00e9, publi\u00e9 sur X une mise en demeure sans ambigu\u00eft\u00e9 : \u00ab Toute perturbation du transport maritime dans le golfe Persique et le d\u00e9troit d&rsquo;Ormuz, ainsi que ses cons\u00e9quences, incombent aux \u00c9tats-Unis, dont les actions ill\u00e9gales mettent en danger la navigation internationale. \u00bb Elle a appel\u00e9 \u00e0 \u00ab une cessation durable et d\u00e9finitive des agressions contre l&rsquo;Iran \u00bb. Le secr\u00e9taire g\u00e9n\u00e9ral de l&rsquo;ONU, Antonio Guterres, a r\u00e9pondu sur le m\u00eame r\u00e9seau : \u00ab La force du droit doit toujours pr\u00e9valoir sur le droit de la force. \u00bb Trois semaines de cessez-le-feu, des discussions au Pakistan qui pi\u00e9tinent, des propositions qui circulent sans aboutir. Le d\u00e9troit d&rsquo;Ormuz reste soumis \u00e0 un double blocus. Et le baril monte.<\/p>\n\n\n\n<p><em>Lyes Sa\u00efdi<\/em><\/p>\n","protected":false},"excerpt":{"rendered":"<p>Deux mois apr\u00e8s le d\u00e9clenchement des hostilit\u00e9s entre les \u00c9tats-Unis et l&rsquo;Iran, le d\u00e9troit d&rsquo;Ormuz reste le n\u0153ud gordien d&rsquo;une<\/p>\n","protected":false},"author":6,"featured_media":85931,"comment_status":"open","ping_status":"closed","sticky":false,"template":"","format":"standard","meta":{"colormag_page_container_layout":"default_layout","colormag_page_sidebar_layout":"default_layout","om_disable_all_campaigns":false,"_monsterinsights_skip_tracking":false,"_monsterinsights_sitenote_active":false,"_monsterinsights_sitenote_note":"","_monsterinsights_sitenote_category":0,"footnotes":"","_wpscppro_dont_share_socialmedia":false,"_wpscppro_custom_social_share_image":0,"_facebook_share_type":"default","_twitter_share_type":"default","_linkedin_share_type":"default","_pinterest_share_type":"default","_linkedin_share_type_page":"","_instagram_share_type":"default","_medium_share_type":"default","_threads_share_type":"default","_google_business_share_type":"default","_selected_social_profile":[],"_wpsp_enable_custom_social_template":false,"_wpsp_social_scheduling":{"enabled":false,"datetime":null,"platforms":[],"status":"template_only","dateOption":"today","timeOption":"now","customDays":"","customHours":"","customDate":"","customTime":"","schedulingType":"absolute"},"_wpsp_active_default_template":true},"categories":[52,37],"tags":[],"class_list":["post-86656","post","type-post","status-publish","format-standard","has-post-thumbnail","hentry","category-a-la-une","category-monde"],"aioseo_notices":[],"yoast_head":"<!-- This site is optimized with the Yoast SEO plugin v27.4 - https:\/\/yoast.com\/product\/yoast-seo-wordpress\/ -->\n<title>Guerre au Moyen-Orient\u00a0: Un gel diplomatique qui inqui\u00e8te - La Sentinelle<\/title>\n<meta name=\"robots\" content=\"index, follow, max-snippet:-1, max-image-preview:large, max-video-preview:-1\" \/>\n<link rel=\"canonical\" href=\"https:\/\/lasentinelle.dz\/index.php\/2026\/04\/28\/guerre-au-moyen-orient-un-gel-diplomatique-qui-inquiete\/\" \/>\n<meta property=\"og:locale\" content=\"fr_FR\" \/>\n<meta property=\"og:type\" content=\"article\" \/>\n<meta property=\"og:title\" content=\"Guerre au Moyen-Orient\u00a0: Un gel diplomatique qui inqui\u00e8te - La Sentinelle\" \/>\n<meta property=\"og:description\" content=\"Deux mois apr\u00e8s le d\u00e9clenchement des hostilit\u00e9s entre les \u00c9tats-Unis et l&rsquo;Iran, le d\u00e9troit d&rsquo;Ormuz reste le n\u0153ud gordien d&rsquo;une\" \/>\n<meta property=\"og:url\" content=\"https:\/\/lasentinelle.dz\/index.php\/2026\/04\/28\/guerre-au-moyen-orient-un-gel-diplomatique-qui-inquiete\/\" \/>\n<meta property=\"og:site_name\" content=\"La Sentinelle\" \/>\n<meta property=\"article:publisher\" content=\"https:\/\/www.facebook.com\/La-Sentinelle-104059864394773\" \/>\n<meta property=\"article:published_time\" content=\"2026-04-28T19:32:48+00:00\" \/>\n<meta property=\"article:modified_time\" content=\"2026-04-28T19:32:50+00:00\" \/>\n<meta property=\"og:image\" content=\"https:\/\/lasentinelle.dz\/wp-content\/uploads\/2026\/04\/discussions-islamabad.webp\" \/>\n\t<meta property=\"og:image:width\" content=\"800\" \/>\n\t<meta property=\"og:image:height\" content=\"574\" \/>\n\t<meta property=\"og:image:type\" content=\"image\/webp\" \/>\n<meta name=\"author\" content=\"admin\" \/>\n<meta name=\"twitter:card\" content=\"summary_large_image\" \/>\n<meta name=\"twitter:label1\" content=\"\u00c9crit par\" \/>\n\t<meta name=\"twitter:data1\" content=\"admin\" \/>\n\t<meta name=\"twitter:label2\" content=\"Dur\u00e9e de lecture estim\u00e9e\" \/>\n\t<meta name=\"twitter:data2\" content=\"5 minutes\" \/>\n<script type=\"application\/ld+json\" class=\"yoast-schema-graph\">{\"@context\":\"https:\\\/\\\/schema.org\",\"@graph\":[{\"@type\":\"Article\",\"@id\":\"https:\\\/\\\/lasentinelle.dz\\\/index.php\\\/2026\\\/04\\\/28\\\/guerre-au-moyen-orient-un-gel-diplomatique-qui-inquiete\\\/#article\",\"isPartOf\":{\"@id\":\"https:\\\/\\\/lasentinelle.dz\\\/index.php\\\/2026\\\/04\\\/28\\\/guerre-au-moyen-orient-un-gel-diplomatique-qui-inquiete\\\/\"},\"author\":{\"name\":\"admin\",\"@id\":\"https:\\\/\\\/lasentinelle.dz\\\/#\\\/schema\\\/person\\\/729ee0024f24e0b8c5ec17232f8e8b41\"},\"headline\":\"Guerre au Moyen-Orient\u00a0: Un gel diplomatique qui inqui\u00e8te\",\"datePublished\":\"2026-04-28T19:32:48+00:00\",\"dateModified\":\"2026-04-28T19:32:50+00:00\",\"mainEntityOfPage\":{\"@id\":\"https:\\\/\\\/lasentinelle.dz\\\/index.php\\\/2026\\\/04\\\/28\\\/guerre-au-moyen-orient-un-gel-diplomatique-qui-inquiete\\\/\"},\"wordCount\":905,\"commentCount\":0,\"publisher\":{\"@id\":\"https:\\\/\\\/lasentinelle.dz\\\/#organization\"},\"image\":{\"@id\":\"https:\\\/\\\/lasentinelle.dz\\\/index.php\\\/2026\\\/04\\\/28\\\/guerre-au-moyen-orient-un-gel-diplomatique-qui-inquiete\\\/#primaryimage\"},\"thumbnailUrl\":\"https:\\\/\\\/lasentinelle.dz\\\/wp-content\\\/uploads\\\/2026\\\/04\\\/discussions-islamabad.webp\",\"articleSection\":[\"\u00c0 la Une\",\"Monde\"],\"inLanguage\":\"fr-FR\",\"potentialAction\":[{\"@type\":\"CommentAction\",\"name\":\"Comment\",\"target\":[\"https:\\\/\\\/lasentinelle.dz\\\/index.php\\\/2026\\\/04\\\/28\\\/guerre-au-moyen-orient-un-gel-diplomatique-qui-inquiete\\\/#respond\"]}]},{\"@type\":\"WebPage\",\"@id\":\"https:\\\/\\\/lasentinelle.dz\\\/index.php\\\/2026\\\/04\\\/28\\\/guerre-au-moyen-orient-un-gel-diplomatique-qui-inquiete\\\/\",\"url\":\"https:\\\/\\\/lasentinelle.dz\\\/index.php\\\/2026\\\/04\\\/28\\\/guerre-au-moyen-orient-un-gel-diplomatique-qui-inquiete\\\/\",\"name\":\"Guerre au Moyen-Orient\u00a0: Un gel diplomatique qui inqui\u00e8te - La Sentinelle\",\"isPartOf\":{\"@id\":\"https:\\\/\\\/lasentinelle.dz\\\/#website\"},\"primaryImageOfPage\":{\"@id\":\"https:\\\/\\\/lasentinelle.dz\\\/index.php\\\/2026\\\/04\\\/28\\\/guerre-au-moyen-orient-un-gel-diplomatique-qui-inquiete\\\/#primaryimage\"},\"image\":{\"@id\":\"https:\\\/\\\/lasentinelle.dz\\\/index.php\\\/2026\\\/04\\\/28\\\/guerre-au-moyen-orient-un-gel-diplomatique-qui-inquiete\\\/#primaryimage\"},\"thumbnailUrl\":\"https:\\\/\\\/lasentinelle.dz\\\/wp-content\\\/uploads\\\/2026\\\/04\\\/discussions-islamabad.webp\",\"datePublished\":\"2026-04-28T19:32:48+00:00\",\"dateModified\":\"2026-04-28T19:32:50+00:00\",\"breadcrumb\":{\"@id\":\"https:\\\/\\\/lasentinelle.dz\\\/index.php\\\/2026\\\/04\\\/28\\\/guerre-au-moyen-orient-un-gel-diplomatique-qui-inquiete\\\/#breadcrumb\"},\"inLanguage\":\"fr-FR\",\"potentialAction\":[{\"@type\":\"ReadAction\",\"target\":[\"https:\\\/\\\/lasentinelle.dz\\\/index.php\\\/2026\\\/04\\\/28\\\/guerre-au-moyen-orient-un-gel-diplomatique-qui-inquiete\\\/\"]}]},{\"@type\":\"ImageObject\",\"inLanguage\":\"fr-FR\",\"@id\":\"https:\\\/\\\/lasentinelle.dz\\\/index.php\\\/2026\\\/04\\\/28\\\/guerre-au-moyen-orient-un-gel-diplomatique-qui-inquiete\\\/#primaryimage\",\"url\":\"https:\\\/\\\/lasentinelle.dz\\\/wp-content\\\/uploads\\\/2026\\\/04\\\/discussions-islamabad.webp\",\"contentUrl\":\"https:\\\/\\\/lasentinelle.dz\\\/wp-content\\\/uploads\\\/2026\\\/04\\\/discussions-islamabad.webp\",\"width\":800,\"height\":574},{\"@type\":\"BreadcrumbList\",\"@id\":\"https:\\\/\\\/lasentinelle.dz\\\/index.php\\\/2026\\\/04\\\/28\\\/guerre-au-moyen-orient-un-gel-diplomatique-qui-inquiete\\\/#breadcrumb\",\"itemListElement\":[{\"@type\":\"ListItem\",\"position\":1,\"name\":\"Accueil\",\"item\":\"https:\\\/\\\/lasentinelle.dz\\\/\"},{\"@type\":\"ListItem\",\"position\":2,\"name\":\"Guerre au Moyen-Orient\u00a0: Un gel diplomatique qui inqui\u00e8te\"}]},{\"@type\":\"WebSite\",\"@id\":\"https:\\\/\\\/lasentinelle.dz\\\/#website\",\"url\":\"https:\\\/\\\/lasentinelle.dz\\\/\",\"name\":\"La Sentinelle\",\"description\":\"Quotidien national d&#039;information\",\"publisher\":{\"@id\":\"https:\\\/\\\/lasentinelle.dz\\\/#organization\"},\"potentialAction\":[{\"@type\":\"SearchAction\",\"target\":{\"@type\":\"EntryPoint\",\"urlTemplate\":\"https:\\\/\\\/lasentinelle.dz\\\/?s={search_term_string}\"},\"query-input\":{\"@type\":\"PropertyValueSpecification\",\"valueRequired\":true,\"valueName\":\"search_term_string\"}}],\"inLanguage\":\"fr-FR\"},{\"@type\":\"Organization\",\"@id\":\"https:\\\/\\\/lasentinelle.dz\\\/#organization\",\"name\":\"Quotidien La Sentinelle\",\"url\":\"https:\\\/\\\/lasentinelle.dz\\\/\",\"logo\":{\"@type\":\"ImageObject\",\"inLanguage\":\"fr-FR\",\"@id\":\"https:\\\/\\\/lasentinelle.dz\\\/#\\\/schema\\\/logo\\\/image\\\/\",\"url\":\"https:\\\/\\\/lasentinelle.dz\\\/wp-content\\\/uploads\\\/2021\\\/09\\\/logo-sentinelleSLOGAN-1.png\",\"contentUrl\":\"https:\\\/\\\/lasentinelle.dz\\\/wp-content\\\/uploads\\\/2021\\\/09\\\/logo-sentinelleSLOGAN-1.png\",\"width\":615,\"height\":142,\"caption\":\"Quotidien La Sentinelle\"},\"image\":{\"@id\":\"https:\\\/\\\/lasentinelle.dz\\\/#\\\/schema\\\/logo\\\/image\\\/\"},\"sameAs\":[\"https:\\\/\\\/www.facebook.com\\\/La-Sentinelle-104059864394773\"]},{\"@type\":\"Person\",\"@id\":\"https:\\\/\\\/lasentinelle.dz\\\/#\\\/schema\\\/person\\\/729ee0024f24e0b8c5ec17232f8e8b41\",\"name\":\"admin\",\"image\":{\"@type\":\"ImageObject\",\"inLanguage\":\"fr-FR\",\"@id\":\"https:\\\/\\\/secure.gravatar.com\\\/avatar\\\/4c81fed838786e9b53f540bf46533e750f5d292099ae3b66cfc6fb1982e29df7?s=96&d=mm&r=g\",\"url\":\"https:\\\/\\\/secure.gravatar.com\\\/avatar\\\/4c81fed838786e9b53f540bf46533e750f5d292099ae3b66cfc6fb1982e29df7?s=96&d=mm&r=g\",\"contentUrl\":\"https:\\\/\\\/secure.gravatar.com\\\/avatar\\\/4c81fed838786e9b53f540bf46533e750f5d292099ae3b66cfc6fb1982e29df7?s=96&d=mm&r=g\",\"caption\":\"admin\"},\"description\":\"admin\",\"url\":\"https:\\\/\\\/lasentinelle.dz\\\/author\\\/admin\\\/\"}]}<\/script>\n<!-- \/ Yoast SEO plugin. -->","yoast_head_json":{"title":"Guerre au Moyen-Orient\u00a0: Un gel diplomatique qui inqui\u00e8te - La Sentinelle","robots":{"index":"index","follow":"follow","max-snippet":"max-snippet:-1","max-image-preview":"max-image-preview:large","max-video-preview":"max-video-preview:-1"},"canonical":"https:\/\/lasentinelle.dz\/index.php\/2026\/04\/28\/guerre-au-moyen-orient-un-gel-diplomatique-qui-inquiete\/","og_locale":"fr_FR","og_type":"article","og_title":"Guerre au Moyen-Orient\u00a0: Un gel diplomatique qui inqui\u00e8te - La Sentinelle","og_description":"Deux mois apr\u00e8s le d\u00e9clenchement des hostilit\u00e9s entre les \u00c9tats-Unis et l&rsquo;Iran, le d\u00e9troit d&rsquo;Ormuz reste le n\u0153ud gordien d&rsquo;une","og_url":"https:\/\/lasentinelle.dz\/index.php\/2026\/04\/28\/guerre-au-moyen-orient-un-gel-diplomatique-qui-inquiete\/","og_site_name":"La Sentinelle","article_publisher":"https:\/\/www.facebook.com\/La-Sentinelle-104059864394773","article_published_time":"2026-04-28T19:32:48+00:00","article_modified_time":"2026-04-28T19:32:50+00:00","og_image":[{"width":800,"height":574,"url":"https:\/\/lasentinelle.dz\/wp-content\/uploads\/2026\/04\/discussions-islamabad.webp","type":"image\/webp"}],"author":"admin","twitter_card":"summary_large_image","twitter_misc":{"\u00c9crit par":"admin","Dur\u00e9e de lecture estim\u00e9e":"5 minutes"},"schema":{"@context":"https:\/\/schema.org","@graph":[{"@type":"Article","@id":"https:\/\/lasentinelle.dz\/index.php\/2026\/04\/28\/guerre-au-moyen-orient-un-gel-diplomatique-qui-inquiete\/#article","isPartOf":{"@id":"https:\/\/lasentinelle.dz\/index.php\/2026\/04\/28\/guerre-au-moyen-orient-un-gel-diplomatique-qui-inquiete\/"},"author":{"name":"admin","@id":"https:\/\/lasentinelle.dz\/#\/schema\/person\/729ee0024f24e0b8c5ec17232f8e8b41"},"headline":"Guerre au Moyen-Orient\u00a0: Un gel diplomatique qui inqui\u00e8te","datePublished":"2026-04-28T19:32:48+00:00","dateModified":"2026-04-28T19:32:50+00:00","mainEntityOfPage":{"@id":"https:\/\/lasentinelle.dz\/index.php\/2026\/04\/28\/guerre-au-moyen-orient-un-gel-diplomatique-qui-inquiete\/"},"wordCount":905,"commentCount":0,"publisher":{"@id":"https:\/\/lasentinelle.dz\/#organization"},"image":{"@id":"https:\/\/lasentinelle.dz\/index.php\/2026\/04\/28\/guerre-au-moyen-orient-un-gel-diplomatique-qui-inquiete\/#primaryimage"},"thumbnailUrl":"https:\/\/lasentinelle.dz\/wp-content\/uploads\/2026\/04\/discussions-islamabad.webp","articleSection":["\u00c0 la Une","Monde"],"inLanguage":"fr-FR","potentialAction":[{"@type":"CommentAction","name":"Comment","target":["https:\/\/lasentinelle.dz\/index.php\/2026\/04\/28\/guerre-au-moyen-orient-un-gel-diplomatique-qui-inquiete\/#respond"]}]},{"@type":"WebPage","@id":"https:\/\/lasentinelle.dz\/index.php\/2026\/04\/28\/guerre-au-moyen-orient-un-gel-diplomatique-qui-inquiete\/","url":"https:\/\/lasentinelle.dz\/index.php\/2026\/04\/28\/guerre-au-moyen-orient-un-gel-diplomatique-qui-inquiete\/","name":"Guerre au Moyen-Orient\u00a0: Un gel diplomatique qui inqui\u00e8te - La Sentinelle","isPartOf":{"@id":"https:\/\/lasentinelle.dz\/#website"},"primaryImageOfPage":{"@id":"https:\/\/lasentinelle.dz\/index.php\/2026\/04\/28\/guerre-au-moyen-orient-un-gel-diplomatique-qui-inquiete\/#primaryimage"},"image":{"@id":"https:\/\/lasentinelle.dz\/index.php\/2026\/04\/28\/guerre-au-moyen-orient-un-gel-diplomatique-qui-inquiete\/#primaryimage"},"thumbnailUrl":"https:\/\/lasentinelle.dz\/wp-content\/uploads\/2026\/04\/discussions-islamabad.webp","datePublished":"2026-04-28T19:32:48+00:00","dateModified":"2026-04-28T19:32:50+00:00","breadcrumb":{"@id":"https:\/\/lasentinelle.dz\/index.php\/2026\/04\/28\/guerre-au-moyen-orient-un-gel-diplomatique-qui-inquiete\/#breadcrumb"},"inLanguage":"fr-FR","potentialAction":[{"@type":"ReadAction","target":["https:\/\/lasentinelle.dz\/index.php\/2026\/04\/28\/guerre-au-moyen-orient-un-gel-diplomatique-qui-inquiete\/"]}]},{"@type":"ImageObject","inLanguage":"fr-FR","@id":"https:\/\/lasentinelle.dz\/index.php\/2026\/04\/28\/guerre-au-moyen-orient-un-gel-diplomatique-qui-inquiete\/#primaryimage","url":"https:\/\/lasentinelle.dz\/wp-content\/uploads\/2026\/04\/discussions-islamabad.webp","contentUrl":"https:\/\/lasentinelle.dz\/wp-content\/uploads\/2026\/04\/discussions-islamabad.webp","width":800,"height":574},{"@type":"BreadcrumbList","@id":"https:\/\/lasentinelle.dz\/index.php\/2026\/04\/28\/guerre-au-moyen-orient-un-gel-diplomatique-qui-inquiete\/#breadcrumb","itemListElement":[{"@type":"ListItem","position":1,"name":"Accueil","item":"https:\/\/lasentinelle.dz\/"},{"@type":"ListItem","position":2,"name":"Guerre au Moyen-Orient\u00a0: Un gel diplomatique qui inqui\u00e8te"}]},{"@type":"WebSite","@id":"https:\/\/lasentinelle.dz\/#website","url":"https:\/\/lasentinelle.dz\/","name":"La Sentinelle","description":"Quotidien national d&#039;information","publisher":{"@id":"https:\/\/lasentinelle.dz\/#organization"},"potentialAction":[{"@type":"SearchAction","target":{"@type":"EntryPoint","urlTemplate":"https:\/\/lasentinelle.dz\/?s={search_term_string}"},"query-input":{"@type":"PropertyValueSpecification","valueRequired":true,"valueName":"search_term_string"}}],"inLanguage":"fr-FR"},{"@type":"Organization","@id":"https:\/\/lasentinelle.dz\/#organization","name":"Quotidien La Sentinelle","url":"https:\/\/lasentinelle.dz\/","logo":{"@type":"ImageObject","inLanguage":"fr-FR","@id":"https:\/\/lasentinelle.dz\/#\/schema\/logo\/image\/","url":"https:\/\/lasentinelle.dz\/wp-content\/uploads\/2021\/09\/logo-sentinelleSLOGAN-1.png","contentUrl":"https:\/\/lasentinelle.dz\/wp-content\/uploads\/2021\/09\/logo-sentinelleSLOGAN-1.png","width":615,"height":142,"caption":"Quotidien La Sentinelle"},"image":{"@id":"https:\/\/lasentinelle.dz\/#\/schema\/logo\/image\/"},"sameAs":["https:\/\/www.facebook.com\/La-Sentinelle-104059864394773"]},{"@type":"Person","@id":"https:\/\/lasentinelle.dz\/#\/schema\/person\/729ee0024f24e0b8c5ec17232f8e8b41","name":"admin","image":{"@type":"ImageObject","inLanguage":"fr-FR","@id":"https:\/\/secure.gravatar.com\/avatar\/4c81fed838786e9b53f540bf46533e750f5d292099ae3b66cfc6fb1982e29df7?s=96&d=mm&r=g","url":"https:\/\/secure.gravatar.com\/avatar\/4c81fed838786e9b53f540bf46533e750f5d292099ae3b66cfc6fb1982e29df7?s=96&d=mm&r=g","contentUrl":"https:\/\/secure.gravatar.com\/avatar\/4c81fed838786e9b53f540bf46533e750f5d292099ae3b66cfc6fb1982e29df7?s=96&d=mm&r=g","caption":"admin"},"description":"admin","url":"https:\/\/lasentinelle.dz\/author\/admin\/"}]}},"_links":{"self":[{"href":"https:\/\/lasentinelle.dz\/index.php\/wp-json\/wp\/v2\/posts\/86656","targetHints":{"allow":["GET"]}}],"collection":[{"href":"https:\/\/lasentinelle.dz\/index.php\/wp-json\/wp\/v2\/posts"}],"about":[{"href":"https:\/\/lasentinelle.dz\/index.php\/wp-json\/wp\/v2\/types\/post"}],"author":[{"embeddable":true,"href":"https:\/\/lasentinelle.dz\/index.php\/wp-json\/wp\/v2\/users\/6"}],"replies":[{"embeddable":true,"href":"https:\/\/lasentinelle.dz\/index.php\/wp-json\/wp\/v2\/comments?post=86656"}],"version-history":[{"count":1,"href":"https:\/\/lasentinelle.dz\/index.php\/wp-json\/wp\/v2\/posts\/86656\/revisions"}],"predecessor-version":[{"id":86657,"href":"https:\/\/lasentinelle.dz\/index.php\/wp-json\/wp\/v2\/posts\/86656\/revisions\/86657"}],"wp:featuredmedia":[{"embeddable":true,"href":"https:\/\/lasentinelle.dz\/index.php\/wp-json\/wp\/v2\/media\/85931"}],"wp:attachment":[{"href":"https:\/\/lasentinelle.dz\/index.php\/wp-json\/wp\/v2\/media?parent=86656"}],"wp:term":[{"taxonomy":"category","embeddable":true,"href":"https:\/\/lasentinelle.dz\/index.php\/wp-json\/wp\/v2\/categories?post=86656"},{"taxonomy":"post_tag","embeddable":true,"href":"https:\/\/lasentinelle.dz\/index.php\/wp-json\/wp\/v2\/tags?post=86656"}],"curies":[{"name":"wp","href":"https:\/\/api.w.org\/{rel}","templated":true}]}}