{"id":86658,"date":"2026-04-28T20:34:08","date_gmt":"2026-04-28T19:34:08","guid":{"rendered":"https:\/\/lasentinelle.dz\/?p=86658"},"modified":"2026-04-28T20:34:10","modified_gmt":"2026-04-28T19:34:10","slug":"face-aux-impacts-geostrategiques-et-economiques-quelle-strategie-dadaptation-pour-lalgerie","status":"publish","type":"post","link":"https:\/\/lasentinelle.dz\/index.php\/2026\/04\/28\/face-aux-impacts-geostrategiques-et-economiques-quelle-strategie-dadaptation-pour-lalgerie\/","title":{"rendered":"Face aux impacts g\u00e9ostrat\u00e9giques et \u00e9conomiques\u00a0: Quelle strat\u00e9gie d&rsquo;adaptation pour l&rsquo;Alg\u00e9rie ?"},"content":{"rendered":"\n<p>Par Abderrahmane Mebtoul<\/p>\n\n\n\n<p>Professeur des universit\u00e9s, expert international, docteur d&rsquo;\u00c9tat 1974 en management strat\u00e9gique.<\/p>\n\n\n\n<p>Les politiques socio-\u00e9conomiques et les syst\u00e8mes de d\u00e9fense et de s\u00e9curit\u00e9 ont profond\u00e9ment chang\u00e9, rendant obsol\u00e8tes certaines politiques \u00e9conomiques du pass\u00e9 et certains segments militaires, comme le montre clairement l&rsquo;actuel conflit \u00c9tats-Unis\u2013Isra\u00ebl\u2013Iran.<\/p>\n\n\n\n<p>Dans le domaine militaire et s\u00e9curitaire, le G\u00e9n\u00e9ral d&rsquo;Arm\u00e9e, ministre d\u00e9l\u00e9gu\u00e9 aupr\u00e8s du ministre de la D\u00e9fense nationale et Chef d&rsquo;\u00c9tat-major de l&rsquo;ANP, a pr\u00e9sid\u00e9, le 16 avril 2026, au Cercle national de l&rsquo;Arm\u00e9e \u00e0 B\u00e9ni-Messous, en premi\u00e8re R\u00e9gion militaire, l&rsquo;ouverture des travaux d&rsquo;un s\u00e9minaire organis\u00e9 par la Direction g\u00e9n\u00e9rale de la documentation et de la s\u00e9curit\u00e9 ext\u00e9rieure, sous le th\u00e8me \u00ab Les menaces ext\u00e9rieures \u00e0 l&rsquo;ombre des mutations g\u00e9opolitiques et technologiques : d\u00e9fis s\u00e9curitaires et enjeux strat\u00e9giques \u00bb. Il y a trac\u00e9 les strat\u00e9gies d&rsquo;adaptation de l&rsquo;Alg\u00e9rie face aux nouvelles mutations que traverse le monde, s&rsquo;adressant tant au gouvernement qu&rsquo;\u00e0 l&rsquo;institution militaire et s\u00e9curitaire du pays, en pr\u00e9sence du directeur de cabinet de la pr\u00e9sidence de la R\u00e9publique, du chef du gouvernement, de la majorit\u00e9 des ministres et des responsables militaires. Car les politiques socio-\u00e9conomiques et les syst\u00e8mes de d\u00e9fense et de s\u00e9curit\u00e9 ont profond\u00e9ment chang\u00e9, rendant obsol\u00e8tes certaines politiques \u00e9conomiques du pass\u00e9 et certains segments militaires, comme le montre clairement l&rsquo;actuel conflit \u00c9tats-Unis\u2013Isra\u00ebl\u2013Iran. Le probl\u00e8me pos\u00e9 est donc le suivant : quelles sont les nouvelles menaces ext\u00e9rieures auxquelles est confront\u00e9e l&rsquo;Alg\u00e9rie face aux mutations g\u00e9opolitiques et technologiques qui ont cr\u00e9\u00e9 de nouvelles donn\u00e9es sur les \u00c9tats, leurs politiques et leurs \u00e9conomies ? Des menaces majeures sont apparues, imposant des d\u00e9fis s\u00e9curitaires et cr\u00e9ant des enjeux strat\u00e9giques dans les domaines du cyberespace, de l&rsquo;intelligence artificielle et de la gestion des donn\u00e9es, o\u00f9 la ma\u00eetrise de la recherche-d\u00e9veloppement et la production de connaissances repr\u00e9sentent d\u00e9sormais un facteur essentiel pour d\u00e9terminer les \u00e9quilibres de forces et d&rsquo;influences dans les relations internationales. Aussi, le contr\u00f4le des outils d&rsquo;anticipation et l&rsquo;\u00e9laboration de sc\u00e9narios pr\u00e9visibles sont des cl\u00e9s importantes pour la prise de d\u00e9cisions strat\u00e9giques et s\u00e9curitaires, et pour l&rsquo;am\u00e9lioration des niveaux de maturit\u00e9 des politiques publiques de l&rsquo;\u00c9tat, qui doit renforcer la veille strat\u00e9gique \u00e0 travers l&rsquo;adoption d&rsquo;approches proactives face aux diff\u00e9rents d\u00e9fis, garantissant \u00e0 l&rsquo;Alg\u00e9rie de rester un partenaire international cr\u00e9dible et un acteur actif dans son espace g\u00e9o-s\u00e9curitaire.<\/p>\n\n\n\n<p>Dans le domaine \u00e9conomique, intimement li\u00e9 au facteur s\u00e9curitaire \u2014 il existe en effet un lien dialectique entre s\u00e9curit\u00e9 et d\u00e9veloppement \u2014, force est de reconna\u00eetre que le syst\u00e8me alg\u00e9rien est de nature publique et fortement d\u00e9pendant de la rente des hydrocarbures, qui irrigue directement et indirectement la majorit\u00e9 des secteurs et assure un minimum de coh\u00e9sion sociale. La Banque mondiale, en termes de PIB courant, classe dans ses pr\u00e9visions de 2026 l&rsquo;Alg\u00e9rie en quatri\u00e8me position en Afrique, avec un PIB de 285 milliards de dollars, derri\u00e8re l&rsquo;Afrique du Sud, l&rsquo;\u00c9gypte et le Nigeria. Le FMI vient l\u00e9g\u00e8rement de r\u00e9viser son taux de croissance pr\u00e9vu \u00e0 3,6 %, tandis que le gouvernement retient un montant diff\u00e9rent dans ses pr\u00e9visions contenues dans la loi de finances, \u00e0 324 milliards de dollars, soit un \u00e9cart de 39 milliards de dollars, avec une croissance \u00e9conomique estim\u00e9e \u00e0 4,3 % \u2014 les deux sc\u00e9narios donnant toutefois environ 300 milliards de dollars en 2028. Les exportations hors hydrocarbures demeurent marginales, \u00e9valu\u00e9es fin 2025 entre 4,5 et 5 milliards de dollars, mais sur ces montants, selon les statistiques officielles des douanes, 67 % sont des d\u00e9riv\u00e9s d&rsquo;hydrocarbures inclus dans la rubrique \u00ab hors hydrocarbures \u00bb. Aussi convient-il d&rsquo;\u00eatre attentif \u00e0 certaines d\u00e9sinformations : en avril 2026, des responsables du minist\u00e8re du Commerce ext\u00e9rieur \u2014 repris par l&rsquo;APS \u2014 ont cit\u00e9 des centaines de produits destin\u00e9s \u00e0 l&rsquo;exportation vers plus d&rsquo;une dizaine de pays. Mais l&rsquo;important n&rsquo;est pas le nombre, pour ne pas induire en erreur l&rsquo;opinion publique nationale \u2014 car les \u00e9trangers connaissent parfaitement la situation \u2014, et il convient de mentionner le montant en dollars ainsi que les produits nobles \u00e0 forte valeur ajout\u00e9e, sans oublier les importations de services en devises, fluctuant entre 5 et 6 milliards de dollars entre 2024 et 2025. Hors d\u00e9riv\u00e9s d&rsquo;hydrocarbures, les produits ferreux et semi-ferreux ainsi que le ciment ne d\u00e9passent pas 1 milliard de dollars sur un montant global des exportations en valeur fluctuant, entre 2024 et 2025, entre 45 et 50 milliards de dollars, soit 2 %.<\/p>\n\n\n\n<p><strong>3.<\/strong> Comme strat\u00e9gie d&rsquo;adaptation, il faudra \u00eatre attentif aux normes internationales qui interdisent tout dumping \u00e0 l&rsquo;exportation, notamment les prix plafonn\u00e9s du gaz \u2014 environ 20 % du prix international \u2014 accord\u00e9s \u00e0 certaines unit\u00e9s, ce qui a conduit r\u00e9cemment les \u00c9tats-Unis, en mars 2026, \u00e0 imposer un taux de 72,94 % correspondant \u00e0 des droits antidumping. Il en sera de m\u00eame pour l&rsquo;Europe qui, selon la Banque d&rsquo;Alg\u00e9rie, repr\u00e9sente environ 80 % des recettes en devises du pays, en incluant la Turquie et la Grande-Bretagne ; l&rsquo;impact de la taxe carbone europ\u00e9enne sur les exportations alg\u00e9riennes devra \u00e9galement \u00eatre pris en compte. Il faudra par ailleurs \u00eatre r\u00e9aliste : l&rsquo;Afrique est l&rsquo;un des march\u00e9s les plus difficiles \u00e0 p\u00e9n\u00e9trer pour les entreprises alg\u00e9riennes, qui doivent \u00eatre comp\u00e9titives en termes de co\u00fbts et de qualit\u00e9, loin de tout dumping. En dehors de l&rsquo;\u00e9mergence de nouveaux pays p\u00e9troliers et gaziers africains \u2014 dont la Mauritanie et le S\u00e9n\u00e9gal (\u00eele de la Tortue) \u2014 s&rsquo;ajoutant aux poids lourds anciens comme le Nigeria, le Mozambique (premier et deuxi\u00e8me r\u00e9servoirs de gaz en Afrique) et la Libye (premier r\u00e9servoir de p\u00e9trole en Afrique), la concurrence est \u00e2pre : Chine, Europe, Russie, pays \u00e9mergents, et d\u00e9sormais la future strat\u00e9gie des \u00c9tats-Unis. La Zone de libre-\u00e9change continentale africaine (ZLECAf), \u00e0 laquelle a adh\u00e9r\u00e9 l&rsquo;Alg\u00e9rie, est un projet majeur visant \u00e0 cr\u00e9er un march\u00e9 unique de 1,5 milliard de personnes, regroupant 55 pays africains avec un PIB combin\u00e9 d&rsquo;environ 3 400 milliards de dollars ; elle vise principalement \u00e0 booster le commerce intra-africain en supprimant progressivement 90 % des droits de douane et en r\u00e9duisant les barri\u00e8res non tarifaires sur une p\u00e9riode de 5 \u00e0 15 ans, dans le cadre des principes fondamentaux de l&rsquo;Organisation mondiale du commerce. Sans oublier qu&rsquo;en juillet 2025, l&rsquo;Union europ\u00e9enne a officiellement enclench\u00e9 une proc\u00e9dure d&rsquo;arbitrage contre l&rsquo;Alg\u00e9rie : selon la Commission europ\u00e9enne, en incluant les exportations d&rsquo;hydrocarbures, l&rsquo;Europe accuse un d\u00e9ficit commercial entre 2024 et 2025 sup\u00e9rieur \u00e0 20 milliards de dollars, au profit notamment de la Chine. La visite prochaine \u00e0 Alger de la commissaire europ\u00e9enne charg\u00e9e de la M\u00e9diterran\u00e9e, Dubravka \u0160uica, pourra-t-elle aplanir les divergences relatives \u00e0 l&rsquo;Accord d&rsquo;association Alg\u00e9rie\u2013Europe, qui demeure en suspens ?<\/p>\n\n\n\n<p><strong>En conclusion<\/strong>, d&rsquo;o\u00f9 l&rsquo;importance, pour le gouvernement \u2014 comme l&rsquo;a not\u00e9 le ministre d\u00e9l\u00e9gu\u00e9 et Chef d&rsquo;\u00c9tat-major de l&rsquo;ANP, repris dans la revue <em>Djeich<\/em> \u2014, des strat\u00e9gies d&rsquo;adaptation \u00e0 ce monde nouveau. Ce th\u00e8me, que j&rsquo;ai d\u00e9velopp\u00e9 lors de conf\u00e9rences devant les officiers de l&rsquo;\u00c9cole sup\u00e9rieure de guerre, de l&rsquo;\u00c9tat-major de la Gendarmerie nationale, \u00e0 l&rsquo;Institut militaire de documentation et de prospective, et devant les cadres de la S\u00fbret\u00e9 nationale (DGSN), ainsi que lors de conf\u00e9rences internationales au sein d&rsquo;instituts de g\u00e9ostrat\u00e9gie, m\u00e9rite d&rsquo;\u00eatre pr\u00e9cis\u00e9 davantage. C&rsquo;est en tenant compte de ces profonds bouleversements que je pr\u00e9conise depuis de longues ann\u00e9es aux pouvoirs publics alg\u00e9riens la cr\u00e9ation d&rsquo;un minist\u00e8re d&rsquo;\u00c9tat charg\u00e9 de la planification, regroupant les meilleures comp\u00e9tences sous l&rsquo;autorit\u00e9 directe du pr\u00e9sident de la R\u00e9publique, car on ne peut naviguer \u00e0 vue sans risquer une marginalisation du pays. Je consid\u00e8re pour ma part que, outre la moralit\u00e9 sans faille des dirigeants, la d\u00e9mocratisation \u2014 tenant compte de notre riche anthropologie culturelle \u2014, les m\u00e9diations politiques et sociales cr\u00e9dibles correspondant aux aspirations de la soci\u00e9t\u00e9, et notamment la participation de la femme \u00e0 la gestion de la cit\u00e9, sont des facteurs d\u00e9terminants de la consolidation de la s\u00e9curit\u00e9 et de la stabilit\u00e9 sociale et \u00e9conomique.<\/p>\n\n\n\n<p>A.M.<\/p>\n","protected":false},"excerpt":{"rendered":"<p>Par Abderrahmane Mebtoul Professeur des universit\u00e9s, expert international, docteur d&rsquo;\u00c9tat 1974 en management strat\u00e9gique. Les politiques socio-\u00e9conomiques et les syst\u00e8mes<\/p>\n","protected":false},"author":6,"featured_media":7876,"comment_status":"open","ping_status":"closed","sticky":false,"template":"","format":"standard","meta":{"colormag_page_container_layout":"default_layout","colormag_page_sidebar_layout":"default_layout","om_disable_all_campaigns":false,"_monsterinsights_skip_tracking":false,"_monsterinsights_sitenote_active":false,"_monsterinsights_sitenote_note":"","_monsterinsights_sitenote_category":0,"footnotes":"","_wpscppro_dont_share_socialmedia":false,"_wpscppro_custom_social_share_image":0,"_facebook_share_type":"default","_twitter_share_type":"default","_linkedin_share_type":"default","_pinterest_share_type":"default","_linkedin_share_type_page":"","_instagram_share_type":"default","_medium_share_type":"default","_threads_share_type":"default","_google_business_share_type":"default","_selected_social_profile":[],"_wpsp_enable_custom_social_template":false,"_wpsp_social_scheduling":{"enabled":false,"datetime":null,"platforms":[],"status":"template_only","dateOption":"today","timeOption":"now","customDays":"","customHours":"","customDate":"","customTime":"","schedulingType":"absolute"},"_wpsp_active_default_template":true},"categories":[56,38],"tags":[],"class_list":["post-86658","post","type-post","status-publish","format-standard","has-post-thumbnail","hentry","category-contribution","category-debats"],"aioseo_notices":[],"yoast_head":"<!-- This site is optimized with the Yoast SEO plugin v27.4 - https:\/\/yoast.com\/product\/yoast-seo-wordpress\/ -->\n<title>Face aux impacts g\u00e9ostrat\u00e9giques et \u00e9conomiques\u00a0: Quelle strat\u00e9gie d&rsquo;adaptation pour l&rsquo;Alg\u00e9rie ? - La Sentinelle<\/title>\n<meta name=\"robots\" content=\"index, follow, max-snippet:-1, max-image-preview:large, max-video-preview:-1\" \/>\n<link rel=\"canonical\" href=\"https:\/\/lasentinelle.dz\/index.php\/2026\/04\/28\/face-aux-impacts-geostrategiques-et-economiques-quelle-strategie-dadaptation-pour-lalgerie\/\" \/>\n<meta property=\"og:locale\" content=\"fr_FR\" \/>\n<meta property=\"og:type\" content=\"article\" \/>\n<meta property=\"og:title\" content=\"Face aux impacts g\u00e9ostrat\u00e9giques et \u00e9conomiques\u00a0: Quelle strat\u00e9gie d&rsquo;adaptation pour l&rsquo;Alg\u00e9rie ? - La Sentinelle\" \/>\n<meta property=\"og:description\" content=\"Par Abderrahmane Mebtoul Professeur des universit\u00e9s, expert international, docteur d&rsquo;\u00c9tat 1974 en management strat\u00e9gique. Les politiques socio-\u00e9conomiques et les syst\u00e8mes\" \/>\n<meta property=\"og:url\" content=\"https:\/\/lasentinelle.dz\/index.php\/2026\/04\/28\/face-aux-impacts-geostrategiques-et-economiques-quelle-strategie-dadaptation-pour-lalgerie\/\" \/>\n<meta property=\"og:site_name\" content=\"La Sentinelle\" \/>\n<meta property=\"article:publisher\" content=\"https:\/\/www.facebook.com\/La-Sentinelle-104059864394773\" \/>\n<meta property=\"article:published_time\" content=\"2026-04-28T19:34:08+00:00\" \/>\n<meta property=\"article:modified_time\" content=\"2026-04-28T19:34:10+00:00\" \/>\n<meta property=\"og:image\" content=\"https:\/\/lasentinelle.dz\/wp-content\/uploads\/2021\/09\/contribution.png\" \/>\n\t<meta property=\"og:image:width\" content=\"1600\" \/>\n\t<meta property=\"og:image:height\" content=\"900\" \/>\n\t<meta property=\"og:image:type\" content=\"image\/png\" \/>\n<meta name=\"author\" content=\"admin\" \/>\n<meta name=\"twitter:card\" content=\"summary_large_image\" \/>\n<meta name=\"twitter:label1\" content=\"\u00c9crit par\" \/>\n\t<meta name=\"twitter:data1\" content=\"admin\" \/>\n\t<meta name=\"twitter:label2\" content=\"Dur\u00e9e de lecture estim\u00e9e\" \/>\n\t<meta name=\"twitter:data2\" content=\"7 minutes\" \/>\n<script type=\"application\/ld+json\" class=\"yoast-schema-graph\">{\"@context\":\"https:\\\/\\\/schema.org\",\"@graph\":[{\"@type\":\"Article\",\"@id\":\"https:\\\/\\\/lasentinelle.dz\\\/index.php\\\/2026\\\/04\\\/28\\\/face-aux-impacts-geostrategiques-et-economiques-quelle-strategie-dadaptation-pour-lalgerie\\\/#article\",\"isPartOf\":{\"@id\":\"https:\\\/\\\/lasentinelle.dz\\\/index.php\\\/2026\\\/04\\\/28\\\/face-aux-impacts-geostrategiques-et-economiques-quelle-strategie-dadaptation-pour-lalgerie\\\/\"},\"author\":{\"name\":\"admin\",\"@id\":\"https:\\\/\\\/lasentinelle.dz\\\/#\\\/schema\\\/person\\\/729ee0024f24e0b8c5ec17232f8e8b41\"},\"headline\":\"Face aux impacts g\u00e9ostrat\u00e9giques et \u00e9conomiques\u00a0: Quelle strat\u00e9gie d&rsquo;adaptation pour l&rsquo;Alg\u00e9rie ?\",\"datePublished\":\"2026-04-28T19:34:08+00:00\",\"dateModified\":\"2026-04-28T19:34:10+00:00\",\"mainEntityOfPage\":{\"@id\":\"https:\\\/\\\/lasentinelle.dz\\\/index.php\\\/2026\\\/04\\\/28\\\/face-aux-impacts-geostrategiques-et-economiques-quelle-strategie-dadaptation-pour-lalgerie\\\/\"},\"wordCount\":1458,\"commentCount\":0,\"publisher\":{\"@id\":\"https:\\\/\\\/lasentinelle.dz\\\/#organization\"},\"image\":{\"@id\":\"https:\\\/\\\/lasentinelle.dz\\\/index.php\\\/2026\\\/04\\\/28\\\/face-aux-impacts-geostrategiques-et-economiques-quelle-strategie-dadaptation-pour-lalgerie\\\/#primaryimage\"},\"thumbnailUrl\":\"https:\\\/\\\/lasentinelle.dz\\\/wp-content\\\/uploads\\\/2021\\\/09\\\/contribution.png\",\"articleSection\":[\"Contribution\",\"D\u00e9bats\"],\"inLanguage\":\"fr-FR\",\"potentialAction\":[{\"@type\":\"CommentAction\",\"name\":\"Comment\",\"target\":[\"https:\\\/\\\/lasentinelle.dz\\\/index.php\\\/2026\\\/04\\\/28\\\/face-aux-impacts-geostrategiques-et-economiques-quelle-strategie-dadaptation-pour-lalgerie\\\/#respond\"]}]},{\"@type\":\"WebPage\",\"@id\":\"https:\\\/\\\/lasentinelle.dz\\\/index.php\\\/2026\\\/04\\\/28\\\/face-aux-impacts-geostrategiques-et-economiques-quelle-strategie-dadaptation-pour-lalgerie\\\/\",\"url\":\"https:\\\/\\\/lasentinelle.dz\\\/index.php\\\/2026\\\/04\\\/28\\\/face-aux-impacts-geostrategiques-et-economiques-quelle-strategie-dadaptation-pour-lalgerie\\\/\",\"name\":\"Face aux impacts g\u00e9ostrat\u00e9giques et \u00e9conomiques\u00a0: Quelle strat\u00e9gie d&rsquo;adaptation pour l&rsquo;Alg\u00e9rie ? - La Sentinelle\",\"isPartOf\":{\"@id\":\"https:\\\/\\\/lasentinelle.dz\\\/#website\"},\"primaryImageOfPage\":{\"@id\":\"https:\\\/\\\/lasentinelle.dz\\\/index.php\\\/2026\\\/04\\\/28\\\/face-aux-impacts-geostrategiques-et-economiques-quelle-strategie-dadaptation-pour-lalgerie\\\/#primaryimage\"},\"image\":{\"@id\":\"https:\\\/\\\/lasentinelle.dz\\\/index.php\\\/2026\\\/04\\\/28\\\/face-aux-impacts-geostrategiques-et-economiques-quelle-strategie-dadaptation-pour-lalgerie\\\/#primaryimage\"},\"thumbnailUrl\":\"https:\\\/\\\/lasentinelle.dz\\\/wp-content\\\/uploads\\\/2021\\\/09\\\/contribution.png\",\"datePublished\":\"2026-04-28T19:34:08+00:00\",\"dateModified\":\"2026-04-28T19:34:10+00:00\",\"breadcrumb\":{\"@id\":\"https:\\\/\\\/lasentinelle.dz\\\/index.php\\\/2026\\\/04\\\/28\\\/face-aux-impacts-geostrategiques-et-economiques-quelle-strategie-dadaptation-pour-lalgerie\\\/#breadcrumb\"},\"inLanguage\":\"fr-FR\",\"potentialAction\":[{\"@type\":\"ReadAction\",\"target\":[\"https:\\\/\\\/lasentinelle.dz\\\/index.php\\\/2026\\\/04\\\/28\\\/face-aux-impacts-geostrategiques-et-economiques-quelle-strategie-dadaptation-pour-lalgerie\\\/\"]}]},{\"@type\":\"ImageObject\",\"inLanguage\":\"fr-FR\",\"@id\":\"https:\\\/\\\/lasentinelle.dz\\\/index.php\\\/2026\\\/04\\\/28\\\/face-aux-impacts-geostrategiques-et-economiques-quelle-strategie-dadaptation-pour-lalgerie\\\/#primaryimage\",\"url\":\"https:\\\/\\\/lasentinelle.dz\\\/wp-content\\\/uploads\\\/2021\\\/09\\\/contribution.png\",\"contentUrl\":\"https:\\\/\\\/lasentinelle.dz\\\/wp-content\\\/uploads\\\/2021\\\/09\\\/contribution.png\",\"width\":1600,\"height\":900},{\"@type\":\"BreadcrumbList\",\"@id\":\"https:\\\/\\\/lasentinelle.dz\\\/index.php\\\/2026\\\/04\\\/28\\\/face-aux-impacts-geostrategiques-et-economiques-quelle-strategie-dadaptation-pour-lalgerie\\\/#breadcrumb\",\"itemListElement\":[{\"@type\":\"ListItem\",\"position\":1,\"name\":\"Accueil\",\"item\":\"https:\\\/\\\/lasentinelle.dz\\\/\"},{\"@type\":\"ListItem\",\"position\":2,\"name\":\"Face aux impacts g\u00e9ostrat\u00e9giques et \u00e9conomiques\u00a0: Quelle strat\u00e9gie d&rsquo;adaptation pour l&rsquo;Alg\u00e9rie ?\"}]},{\"@type\":\"WebSite\",\"@id\":\"https:\\\/\\\/lasentinelle.dz\\\/#website\",\"url\":\"https:\\\/\\\/lasentinelle.dz\\\/\",\"name\":\"La Sentinelle\",\"description\":\"Quotidien national d&#039;information\",\"publisher\":{\"@id\":\"https:\\\/\\\/lasentinelle.dz\\\/#organization\"},\"potentialAction\":[{\"@type\":\"SearchAction\",\"target\":{\"@type\":\"EntryPoint\",\"urlTemplate\":\"https:\\\/\\\/lasentinelle.dz\\\/?s={search_term_string}\"},\"query-input\":{\"@type\":\"PropertyValueSpecification\",\"valueRequired\":true,\"valueName\":\"search_term_string\"}}],\"inLanguage\":\"fr-FR\"},{\"@type\":\"Organization\",\"@id\":\"https:\\\/\\\/lasentinelle.dz\\\/#organization\",\"name\":\"Quotidien La Sentinelle\",\"url\":\"https:\\\/\\\/lasentinelle.dz\\\/\",\"logo\":{\"@type\":\"ImageObject\",\"inLanguage\":\"fr-FR\",\"@id\":\"https:\\\/\\\/lasentinelle.dz\\\/#\\\/schema\\\/logo\\\/image\\\/\",\"url\":\"https:\\\/\\\/lasentinelle.dz\\\/wp-content\\\/uploads\\\/2021\\\/09\\\/logo-sentinelleSLOGAN-1.png\",\"contentUrl\":\"https:\\\/\\\/lasentinelle.dz\\\/wp-content\\\/uploads\\\/2021\\\/09\\\/logo-sentinelleSLOGAN-1.png\",\"width\":615,\"height\":142,\"caption\":\"Quotidien La Sentinelle\"},\"image\":{\"@id\":\"https:\\\/\\\/lasentinelle.dz\\\/#\\\/schema\\\/logo\\\/image\\\/\"},\"sameAs\":[\"https:\\\/\\\/www.facebook.com\\\/La-Sentinelle-104059864394773\"]},{\"@type\":\"Person\",\"@id\":\"https:\\\/\\\/lasentinelle.dz\\\/#\\\/schema\\\/person\\\/729ee0024f24e0b8c5ec17232f8e8b41\",\"name\":\"admin\",\"image\":{\"@type\":\"ImageObject\",\"inLanguage\":\"fr-FR\",\"@id\":\"https:\\\/\\\/secure.gravatar.com\\\/avatar\\\/4c81fed838786e9b53f540bf46533e750f5d292099ae3b66cfc6fb1982e29df7?s=96&d=mm&r=g\",\"url\":\"https:\\\/\\\/secure.gravatar.com\\\/avatar\\\/4c81fed838786e9b53f540bf46533e750f5d292099ae3b66cfc6fb1982e29df7?s=96&d=mm&r=g\",\"contentUrl\":\"https:\\\/\\\/secure.gravatar.com\\\/avatar\\\/4c81fed838786e9b53f540bf46533e750f5d292099ae3b66cfc6fb1982e29df7?s=96&d=mm&r=g\",\"caption\":\"admin\"},\"description\":\"admin\",\"url\":\"https:\\\/\\\/lasentinelle.dz\\\/author\\\/admin\\\/\"}]}<\/script>\n<!-- \/ Yoast SEO plugin. -->","yoast_head_json":{"title":"Face aux impacts g\u00e9ostrat\u00e9giques et \u00e9conomiques\u00a0: Quelle strat\u00e9gie d&rsquo;adaptation pour l&rsquo;Alg\u00e9rie ? - La Sentinelle","robots":{"index":"index","follow":"follow","max-snippet":"max-snippet:-1","max-image-preview":"max-image-preview:large","max-video-preview":"max-video-preview:-1"},"canonical":"https:\/\/lasentinelle.dz\/index.php\/2026\/04\/28\/face-aux-impacts-geostrategiques-et-economiques-quelle-strategie-dadaptation-pour-lalgerie\/","og_locale":"fr_FR","og_type":"article","og_title":"Face aux impacts g\u00e9ostrat\u00e9giques et \u00e9conomiques\u00a0: Quelle strat\u00e9gie d&rsquo;adaptation pour l&rsquo;Alg\u00e9rie ? - La Sentinelle","og_description":"Par Abderrahmane Mebtoul Professeur des universit\u00e9s, expert international, docteur d&rsquo;\u00c9tat 1974 en management strat\u00e9gique. Les politiques socio-\u00e9conomiques et les syst\u00e8mes","og_url":"https:\/\/lasentinelle.dz\/index.php\/2026\/04\/28\/face-aux-impacts-geostrategiques-et-economiques-quelle-strategie-dadaptation-pour-lalgerie\/","og_site_name":"La Sentinelle","article_publisher":"https:\/\/www.facebook.com\/La-Sentinelle-104059864394773","article_published_time":"2026-04-28T19:34:08+00:00","article_modified_time":"2026-04-28T19:34:10+00:00","og_image":[{"width":1600,"height":900,"url":"https:\/\/lasentinelle.dz\/wp-content\/uploads\/2021\/09\/contribution.png","type":"image\/png"}],"author":"admin","twitter_card":"summary_large_image","twitter_misc":{"\u00c9crit par":"admin","Dur\u00e9e de lecture estim\u00e9e":"7 minutes"},"schema":{"@context":"https:\/\/schema.org","@graph":[{"@type":"Article","@id":"https:\/\/lasentinelle.dz\/index.php\/2026\/04\/28\/face-aux-impacts-geostrategiques-et-economiques-quelle-strategie-dadaptation-pour-lalgerie\/#article","isPartOf":{"@id":"https:\/\/lasentinelle.dz\/index.php\/2026\/04\/28\/face-aux-impacts-geostrategiques-et-economiques-quelle-strategie-dadaptation-pour-lalgerie\/"},"author":{"name":"admin","@id":"https:\/\/lasentinelle.dz\/#\/schema\/person\/729ee0024f24e0b8c5ec17232f8e8b41"},"headline":"Face aux impacts g\u00e9ostrat\u00e9giques et \u00e9conomiques\u00a0: Quelle strat\u00e9gie d&rsquo;adaptation pour l&rsquo;Alg\u00e9rie ?","datePublished":"2026-04-28T19:34:08+00:00","dateModified":"2026-04-28T19:34:10+00:00","mainEntityOfPage":{"@id":"https:\/\/lasentinelle.dz\/index.php\/2026\/04\/28\/face-aux-impacts-geostrategiques-et-economiques-quelle-strategie-dadaptation-pour-lalgerie\/"},"wordCount":1458,"commentCount":0,"publisher":{"@id":"https:\/\/lasentinelle.dz\/#organization"},"image":{"@id":"https:\/\/lasentinelle.dz\/index.php\/2026\/04\/28\/face-aux-impacts-geostrategiques-et-economiques-quelle-strategie-dadaptation-pour-lalgerie\/#primaryimage"},"thumbnailUrl":"https:\/\/lasentinelle.dz\/wp-content\/uploads\/2021\/09\/contribution.png","articleSection":["Contribution","D\u00e9bats"],"inLanguage":"fr-FR","potentialAction":[{"@type":"CommentAction","name":"Comment","target":["https:\/\/lasentinelle.dz\/index.php\/2026\/04\/28\/face-aux-impacts-geostrategiques-et-economiques-quelle-strategie-dadaptation-pour-lalgerie\/#respond"]}]},{"@type":"WebPage","@id":"https:\/\/lasentinelle.dz\/index.php\/2026\/04\/28\/face-aux-impacts-geostrategiques-et-economiques-quelle-strategie-dadaptation-pour-lalgerie\/","url":"https:\/\/lasentinelle.dz\/index.php\/2026\/04\/28\/face-aux-impacts-geostrategiques-et-economiques-quelle-strategie-dadaptation-pour-lalgerie\/","name":"Face aux impacts g\u00e9ostrat\u00e9giques et \u00e9conomiques\u00a0: Quelle strat\u00e9gie d&rsquo;adaptation pour l&rsquo;Alg\u00e9rie ? - La Sentinelle","isPartOf":{"@id":"https:\/\/lasentinelle.dz\/#website"},"primaryImageOfPage":{"@id":"https:\/\/lasentinelle.dz\/index.php\/2026\/04\/28\/face-aux-impacts-geostrategiques-et-economiques-quelle-strategie-dadaptation-pour-lalgerie\/#primaryimage"},"image":{"@id":"https:\/\/lasentinelle.dz\/index.php\/2026\/04\/28\/face-aux-impacts-geostrategiques-et-economiques-quelle-strategie-dadaptation-pour-lalgerie\/#primaryimage"},"thumbnailUrl":"https:\/\/lasentinelle.dz\/wp-content\/uploads\/2021\/09\/contribution.png","datePublished":"2026-04-28T19:34:08+00:00","dateModified":"2026-04-28T19:34:10+00:00","breadcrumb":{"@id":"https:\/\/lasentinelle.dz\/index.php\/2026\/04\/28\/face-aux-impacts-geostrategiques-et-economiques-quelle-strategie-dadaptation-pour-lalgerie\/#breadcrumb"},"inLanguage":"fr-FR","potentialAction":[{"@type":"ReadAction","target":["https:\/\/lasentinelle.dz\/index.php\/2026\/04\/28\/face-aux-impacts-geostrategiques-et-economiques-quelle-strategie-dadaptation-pour-lalgerie\/"]}]},{"@type":"ImageObject","inLanguage":"fr-FR","@id":"https:\/\/lasentinelle.dz\/index.php\/2026\/04\/28\/face-aux-impacts-geostrategiques-et-economiques-quelle-strategie-dadaptation-pour-lalgerie\/#primaryimage","url":"https:\/\/lasentinelle.dz\/wp-content\/uploads\/2021\/09\/contribution.png","contentUrl":"https:\/\/lasentinelle.dz\/wp-content\/uploads\/2021\/09\/contribution.png","width":1600,"height":900},{"@type":"BreadcrumbList","@id":"https:\/\/lasentinelle.dz\/index.php\/2026\/04\/28\/face-aux-impacts-geostrategiques-et-economiques-quelle-strategie-dadaptation-pour-lalgerie\/#breadcrumb","itemListElement":[{"@type":"ListItem","position":1,"name":"Accueil","item":"https:\/\/lasentinelle.dz\/"},{"@type":"ListItem","position":2,"name":"Face aux impacts g\u00e9ostrat\u00e9giques et \u00e9conomiques\u00a0: Quelle strat\u00e9gie d&rsquo;adaptation pour l&rsquo;Alg\u00e9rie ?"}]},{"@type":"WebSite","@id":"https:\/\/lasentinelle.dz\/#website","url":"https:\/\/lasentinelle.dz\/","name":"La Sentinelle","description":"Quotidien national d&#039;information","publisher":{"@id":"https:\/\/lasentinelle.dz\/#organization"},"potentialAction":[{"@type":"SearchAction","target":{"@type":"EntryPoint","urlTemplate":"https:\/\/lasentinelle.dz\/?s={search_term_string}"},"query-input":{"@type":"PropertyValueSpecification","valueRequired":true,"valueName":"search_term_string"}}],"inLanguage":"fr-FR"},{"@type":"Organization","@id":"https:\/\/lasentinelle.dz\/#organization","name":"Quotidien La Sentinelle","url":"https:\/\/lasentinelle.dz\/","logo":{"@type":"ImageObject","inLanguage":"fr-FR","@id":"https:\/\/lasentinelle.dz\/#\/schema\/logo\/image\/","url":"https:\/\/lasentinelle.dz\/wp-content\/uploads\/2021\/09\/logo-sentinelleSLOGAN-1.png","contentUrl":"https:\/\/lasentinelle.dz\/wp-content\/uploads\/2021\/09\/logo-sentinelleSLOGAN-1.png","width":615,"height":142,"caption":"Quotidien La Sentinelle"},"image":{"@id":"https:\/\/lasentinelle.dz\/#\/schema\/logo\/image\/"},"sameAs":["https:\/\/www.facebook.com\/La-Sentinelle-104059864394773"]},{"@type":"Person","@id":"https:\/\/lasentinelle.dz\/#\/schema\/person\/729ee0024f24e0b8c5ec17232f8e8b41","name":"admin","image":{"@type":"ImageObject","inLanguage":"fr-FR","@id":"https:\/\/secure.gravatar.com\/avatar\/4c81fed838786e9b53f540bf46533e750f5d292099ae3b66cfc6fb1982e29df7?s=96&d=mm&r=g","url":"https:\/\/secure.gravatar.com\/avatar\/4c81fed838786e9b53f540bf46533e750f5d292099ae3b66cfc6fb1982e29df7?s=96&d=mm&r=g","contentUrl":"https:\/\/secure.gravatar.com\/avatar\/4c81fed838786e9b53f540bf46533e750f5d292099ae3b66cfc6fb1982e29df7?s=96&d=mm&r=g","caption":"admin"},"description":"admin","url":"https:\/\/lasentinelle.dz\/author\/admin\/"}]}},"_links":{"self":[{"href":"https:\/\/lasentinelle.dz\/index.php\/wp-json\/wp\/v2\/posts\/86658","targetHints":{"allow":["GET"]}}],"collection":[{"href":"https:\/\/lasentinelle.dz\/index.php\/wp-json\/wp\/v2\/posts"}],"about":[{"href":"https:\/\/lasentinelle.dz\/index.php\/wp-json\/wp\/v2\/types\/post"}],"author":[{"embeddable":true,"href":"https:\/\/lasentinelle.dz\/index.php\/wp-json\/wp\/v2\/users\/6"}],"replies":[{"embeddable":true,"href":"https:\/\/lasentinelle.dz\/index.php\/wp-json\/wp\/v2\/comments?post=86658"}],"version-history":[{"count":2,"href":"https:\/\/lasentinelle.dz\/index.php\/wp-json\/wp\/v2\/posts\/86658\/revisions"}],"predecessor-version":[{"id":86660,"href":"https:\/\/lasentinelle.dz\/index.php\/wp-json\/wp\/v2\/posts\/86658\/revisions\/86660"}],"wp:featuredmedia":[{"embeddable":true,"href":"https:\/\/lasentinelle.dz\/index.php\/wp-json\/wp\/v2\/media\/7876"}],"wp:attachment":[{"href":"https:\/\/lasentinelle.dz\/index.php\/wp-json\/wp\/v2\/media?parent=86658"}],"wp:term":[{"taxonomy":"category","embeddable":true,"href":"https:\/\/lasentinelle.dz\/index.php\/wp-json\/wp\/v2\/categories?post=86658"},{"taxonomy":"post_tag","embeddable":true,"href":"https:\/\/lasentinelle.dz\/index.php\/wp-json\/wp\/v2\/tags?post=86658"}],"curies":[{"name":"wp","href":"https:\/\/api.w.org\/{rel}","templated":true}]}}