{"id":86664,"date":"2026-04-28T20:35:54","date_gmt":"2026-04-28T19:35:54","guid":{"rendered":"https:\/\/lasentinelle.dz\/?p=86664"},"modified":"2026-04-28T20:35:57","modified_gmt":"2026-04-28T19:35:57","slug":"production-de-la-tomate-industrielle-a-guelma-une-filiere-en-recul-malgre-son-importance-economique","status":"publish","type":"post","link":"https:\/\/lasentinelle.dz\/index.php\/2026\/04\/28\/production-de-la-tomate-industrielle-a-guelma-une-filiere-en-recul-malgre-son-importance-economique\/","title":{"rendered":"Production de la tomate industrielle \u00e0 Guelma\u00a0: Une fili\u00e8re en recul malgr\u00e9 son importance \u00e9conomique"},"content":{"rendered":"\n<p>La campagne de culture de la tomate industrielle dans la wilaya de Guelma accuse cette ann\u00e9e un recul significatif : les superficies cultiv\u00e9es ont chut\u00e9 de 3 460 \u00e0 1 635 hectares par rapport \u00e0 la saison pr\u00e9c\u00e9dente, et le nombre de producteurs est pass\u00e9 de 373 \u00e0 102. Malgr\u00e9 des rendements qui restent jug\u00e9s acceptables, cette fili\u00e8re cl\u00e9 de l&rsquo;agriculture de transformation se heurte \u00e0 des contraintes structurelles persistantes qui compromettent sa durabilit\u00e9. Selon des informations recueillies aupr\u00e8s de la Direction des services agricoles (DSA) de Guelma, les producteurs ont consacr\u00e9 1 635 hectares \u00e0 la tomate industrielle cette saison, pour une production pr\u00e9visionnelle estim\u00e9e \u00e0 1,308 million de quintaux, soit un rendement moyen d&rsquo;environ 800 quintaux \u00e0 l&rsquo;hectare. Ces chiffres contrastent nettement avec ceux de la campagne pr\u00e9c\u00e9dente, o\u00f9 3 460 hectares avaient \u00e9t\u00e9 mis en culture pour une production de 2,561 millions de quintaux, dont une grande partie avait \u00e9t\u00e9 livr\u00e9e aux unit\u00e9s de transformation locales.<\/p>\n\n\n\n<p>Ce recul des superficies s&rsquo;accompagne d&rsquo;un d\u00e9sengagement massif des producteurs, dont le nombre a \u00e9t\u00e9 divis\u00e9 par pr\u00e8s de quatre en une seule saison, passant de 373 \u00e0 seulement 102. Cette d\u00e9sertion s&rsquo;explique principalement par les exigences techniques et financi\u00e8res propres \u00e0 cette culture, qui requiert une irrigation ma\u00eetris\u00e9e, un suivi agronomique rigoureux et des investissements importants que de nombreux exploitants ne sont pas en mesure d&rsquo;assurer. La question de l&rsquo;eau est au c\u0153ur du probl\u00e8me. Dans un contexte de pression hydrique li\u00e9e \u00e0 la faiblesse des r\u00e9serves du barrage de Bouhemdane, les autorit\u00e9s avaient pourtant mobilis\u00e9, la saison derni\u00e8re, un quota de 4 millions de m\u00e8tres cubes d&rsquo;eau pour soutenir cette fili\u00e8re. Un effort r\u00e9el, mais insuffisant pour enrayer le recul du nombre de producteurs face \u00e0 l&rsquo;incertitude sur la disponibilit\u00e9 de la ressource.<\/p>\n\n\n\n<p>Ces difficult\u00e9s conjoncturelles ne doivent pas occulter le poids strat\u00e9gique de la tomate industrielle dans l&rsquo;\u00e9conomie nationale. Elle constitue la principale mati\u00e8re premi\u00e8re de l&rsquo;industrie agroalimentaire de transformation \u2014 concentr\u00e9 de tomate, double concentr\u00e9, sauces et conserves \u2014 un secteur qui contribue \u00e0 r\u00e9duire la d\u00e9pendance aux importations et \u00e0 valoriser la production agricole locale. La fili\u00e8re joue \u00e9galement un r\u00f4le important dans la stabilisation des prix sur le march\u00e9 int\u00e9rieur et dans le maintien de la s\u00e9curit\u00e9 alimentaire.<\/p>\n\n\n\n<p>Plusieurs r\u00e9gions sont historiquement ancr\u00e9es dans cette production : El Tarf, Annaba, Guelma et Skikda \u00e0 l&rsquo;Est, mais aussi des p\u00f4les agricoles majeurs comme Relizane, Mascara et Chlef \u00e0 l&rsquo;Ouest. Ces territoires disposent d&rsquo;unit\u00e9s de transformation structur\u00e9es et d&rsquo;un savoir-faire agricole consolid\u00e9, qui font de la tomate industrielle un v\u00e9ritable pilier de l&rsquo;agriculture industrielle nationale. Pour soutenir cette fili\u00e8re, les pouvoirs publics maintiennent plusieurs m\u00e9canismes d&rsquo;appui : des primes \u00e0 la production fix\u00e9es \u00e0 4 dinars par kilogramme livr\u00e9 aux usines et \u00e0 1,5 dinar pour les conserveries, des cr\u00e9dits bancaires \u00e0 taux bonifi\u00e9s et un encadrement technique r\u00e9gulier destin\u00e9 \u00e0 am\u00e9liorer les pratiques culturales et \u00e0 optimiser les rendements. L&rsquo;adoption progressive de l&rsquo;irrigation goutte-\u00e0-goutte a par ailleurs permis d&rsquo;am\u00e9liorer l&rsquo;efficience de l&rsquo;eau et la productivit\u00e9 des exploitations.<\/p>\n\n\n\n<p>Malgr\u00e9 le bilan en demi-teinte de cette saison, les responsables de la DSA restent optimistes quant \u00e0 la campagne en cours, dont la r\u00e9colte est attendue au d\u00e9but du mois de juillet. Les pr\u00e9cipitations enregistr\u00e9es ces derniers mois pourraient en effet contribuer \u00e0 am\u00e9liorer les rendements \u00e0 l&rsquo;hectare et \u00e0 att\u00e9nuer partiellement l&rsquo;effet de la baisse des superficies.<\/p>\n\n\n\n<p>Au-del\u00e0 des al\u00e9as de cette campagne, la tomate industrielle demeure un maillon indispensable de la souverainet\u00e9 alimentaire et du d\u00e9veloppement agro-industriel alg\u00e9rien. Sa relance durable passera par la s\u00e9curisation des ressources hydriques, la modernisation des pratiques et la restauration de l&rsquo;attractivit\u00e9 \u00e9conomique de la fili\u00e8re pour les producteurs.<\/p>\n\n\n\n<p><em>Sofia C.<\/em><\/p>\n","protected":false},"excerpt":{"rendered":"<p>La campagne de culture de la tomate industrielle dans la wilaya de Guelma accuse cette ann\u00e9e un recul significatif :<\/p>\n","protected":false},"author":6,"featured_media":85979,"comment_status":"open","ping_status":"closed","sticky":false,"template":"","format":"standard","meta":{"colormag_page_container_layout":"default_layout","colormag_page_sidebar_layout":"default_layout","om_disable_all_campaigns":false,"_monsterinsights_skip_tracking":false,"_monsterinsights_sitenote_active":false,"_monsterinsights_sitenote_note":"","_monsterinsights_sitenote_category":0,"footnotes":"","_wpscppro_dont_share_socialmedia":false,"_wpscppro_custom_social_share_image":0,"_facebook_share_type":"default","_twitter_share_type":"default","_linkedin_share_type":"default","_pinterest_share_type":"default","_linkedin_share_type_page":"","_instagram_share_type":"default","_medium_share_type":"default","_threads_share_type":"default","_google_business_share_type":"default","_selected_social_profile":[],"_wpsp_enable_custom_social_template":false,"_wpsp_social_scheduling":{"enabled":false,"datetime":null,"platforms":[],"status":"template_only","dateOption":"today","timeOption":"now","customDays":"","customHours":"","customDate":"","customTime":"","schedulingType":"absolute"},"_wpsp_active_default_template":true},"categories":[31],"tags":[],"class_list":["post-86664","post","type-post","status-publish","format-standard","has-post-thumbnail","hentry","category-regions"],"aioseo_notices":[],"yoast_head":"<!-- This site is optimized with the Yoast SEO plugin v27.5 - https:\/\/yoast.com\/product\/yoast-seo-wordpress\/ -->\n<title>Production de la tomate industrielle \u00e0 Guelma\u00a0: Une fili\u00e8re en recul malgr\u00e9 son importance \u00e9conomique - La Sentinelle<\/title>\n<meta name=\"robots\" content=\"index, follow, max-snippet:-1, max-image-preview:large, max-video-preview:-1\" \/>\n<link rel=\"canonical\" href=\"https:\/\/lasentinelle.dz\/index.php\/2026\/04\/28\/production-de-la-tomate-industrielle-a-guelma-une-filiere-en-recul-malgre-son-importance-economique\/\" \/>\n<meta property=\"og:locale\" content=\"fr_FR\" \/>\n<meta property=\"og:type\" content=\"article\" \/>\n<meta property=\"og:title\" content=\"Production de la tomate industrielle \u00e0 Guelma\u00a0: Une fili\u00e8re en recul malgr\u00e9 son importance \u00e9conomique - La Sentinelle\" \/>\n<meta property=\"og:description\" content=\"La campagne de culture de la tomate industrielle dans la wilaya de Guelma accuse cette ann\u00e9e un recul significatif :\" \/>\n<meta property=\"og:url\" content=\"https:\/\/lasentinelle.dz\/index.php\/2026\/04\/28\/production-de-la-tomate-industrielle-a-guelma-une-filiere-en-recul-malgre-son-importance-economique\/\" \/>\n<meta property=\"og:site_name\" content=\"La Sentinelle\" \/>\n<meta property=\"article:publisher\" content=\"https:\/\/www.facebook.com\/La-Sentinelle-104059864394773\" \/>\n<meta property=\"article:published_time\" content=\"2026-04-28T19:35:54+00:00\" \/>\n<meta property=\"article:modified_time\" content=\"2026-04-28T19:35:57+00:00\" \/>\n<meta property=\"og:image\" content=\"https:\/\/lasentinelle.dz\/wp-content\/uploads\/2026\/04\/tomate-industrielle.png\" \/>\n\t<meta property=\"og:image:width\" content=\"920\" \/>\n\t<meta property=\"og:image:height\" content=\"480\" \/>\n\t<meta property=\"og:image:type\" content=\"image\/png\" \/>\n<meta name=\"author\" content=\"admin\" \/>\n<meta name=\"twitter:card\" content=\"summary_large_image\" \/>\n<meta name=\"twitter:label1\" content=\"\u00c9crit par\" \/>\n\t<meta name=\"twitter:data1\" content=\"admin\" \/>\n\t<meta name=\"twitter:label2\" content=\"Dur\u00e9e de lecture estim\u00e9e\" \/>\n\t<meta name=\"twitter:data2\" content=\"4 minutes\" \/>\n<script type=\"application\/ld+json\" class=\"yoast-schema-graph\">{\"@context\":\"https:\\\/\\\/schema.org\",\"@graph\":[{\"@type\":\"Article\",\"@id\":\"https:\\\/\\\/lasentinelle.dz\\\/index.php\\\/2026\\\/04\\\/28\\\/production-de-la-tomate-industrielle-a-guelma-une-filiere-en-recul-malgre-son-importance-economique\\\/#article\",\"isPartOf\":{\"@id\":\"https:\\\/\\\/lasentinelle.dz\\\/index.php\\\/2026\\\/04\\\/28\\\/production-de-la-tomate-industrielle-a-guelma-une-filiere-en-recul-malgre-son-importance-economique\\\/\"},\"author\":{\"name\":\"admin\",\"@id\":\"https:\\\/\\\/lasentinelle.dz\\\/#\\\/schema\\\/person\\\/729ee0024f24e0b8c5ec17232f8e8b41\"},\"headline\":\"Production de la tomate industrielle \u00e0 Guelma\u00a0: Une fili\u00e8re en recul malgr\u00e9 son importance \u00e9conomique\",\"datePublished\":\"2026-04-28T19:35:54+00:00\",\"dateModified\":\"2026-04-28T19:35:57+00:00\",\"mainEntityOfPage\":{\"@id\":\"https:\\\/\\\/lasentinelle.dz\\\/index.php\\\/2026\\\/04\\\/28\\\/production-de-la-tomate-industrielle-a-guelma-une-filiere-en-recul-malgre-son-importance-economique\\\/\"},\"wordCount\":666,\"commentCount\":0,\"publisher\":{\"@id\":\"https:\\\/\\\/lasentinelle.dz\\\/#organization\"},\"image\":{\"@id\":\"https:\\\/\\\/lasentinelle.dz\\\/index.php\\\/2026\\\/04\\\/28\\\/production-de-la-tomate-industrielle-a-guelma-une-filiere-en-recul-malgre-son-importance-economique\\\/#primaryimage\"},\"thumbnailUrl\":\"https:\\\/\\\/lasentinelle.dz\\\/wp-content\\\/uploads\\\/2026\\\/04\\\/tomate-industrielle.png\",\"articleSection\":[\"R\u00e9gions\"],\"inLanguage\":\"fr-FR\",\"potentialAction\":[{\"@type\":\"CommentAction\",\"name\":\"Comment\",\"target\":[\"https:\\\/\\\/lasentinelle.dz\\\/index.php\\\/2026\\\/04\\\/28\\\/production-de-la-tomate-industrielle-a-guelma-une-filiere-en-recul-malgre-son-importance-economique\\\/#respond\"]}]},{\"@type\":\"WebPage\",\"@id\":\"https:\\\/\\\/lasentinelle.dz\\\/index.php\\\/2026\\\/04\\\/28\\\/production-de-la-tomate-industrielle-a-guelma-une-filiere-en-recul-malgre-son-importance-economique\\\/\",\"url\":\"https:\\\/\\\/lasentinelle.dz\\\/index.php\\\/2026\\\/04\\\/28\\\/production-de-la-tomate-industrielle-a-guelma-une-filiere-en-recul-malgre-son-importance-economique\\\/\",\"name\":\"Production de la tomate industrielle \u00e0 Guelma\u00a0: Une fili\u00e8re en recul malgr\u00e9 son importance \u00e9conomique - La Sentinelle\",\"isPartOf\":{\"@id\":\"https:\\\/\\\/lasentinelle.dz\\\/#website\"},\"primaryImageOfPage\":{\"@id\":\"https:\\\/\\\/lasentinelle.dz\\\/index.php\\\/2026\\\/04\\\/28\\\/production-de-la-tomate-industrielle-a-guelma-une-filiere-en-recul-malgre-son-importance-economique\\\/#primaryimage\"},\"image\":{\"@id\":\"https:\\\/\\\/lasentinelle.dz\\\/index.php\\\/2026\\\/04\\\/28\\\/production-de-la-tomate-industrielle-a-guelma-une-filiere-en-recul-malgre-son-importance-economique\\\/#primaryimage\"},\"thumbnailUrl\":\"https:\\\/\\\/lasentinelle.dz\\\/wp-content\\\/uploads\\\/2026\\\/04\\\/tomate-industrielle.png\",\"datePublished\":\"2026-04-28T19:35:54+00:00\",\"dateModified\":\"2026-04-28T19:35:57+00:00\",\"breadcrumb\":{\"@id\":\"https:\\\/\\\/lasentinelle.dz\\\/index.php\\\/2026\\\/04\\\/28\\\/production-de-la-tomate-industrielle-a-guelma-une-filiere-en-recul-malgre-son-importance-economique\\\/#breadcrumb\"},\"inLanguage\":\"fr-FR\",\"potentialAction\":[{\"@type\":\"ReadAction\",\"target\":[\"https:\\\/\\\/lasentinelle.dz\\\/index.php\\\/2026\\\/04\\\/28\\\/production-de-la-tomate-industrielle-a-guelma-une-filiere-en-recul-malgre-son-importance-economique\\\/\"]}]},{\"@type\":\"ImageObject\",\"inLanguage\":\"fr-FR\",\"@id\":\"https:\\\/\\\/lasentinelle.dz\\\/index.php\\\/2026\\\/04\\\/28\\\/production-de-la-tomate-industrielle-a-guelma-une-filiere-en-recul-malgre-son-importance-economique\\\/#primaryimage\",\"url\":\"https:\\\/\\\/lasentinelle.dz\\\/wp-content\\\/uploads\\\/2026\\\/04\\\/tomate-industrielle.png\",\"contentUrl\":\"https:\\\/\\\/lasentinelle.dz\\\/wp-content\\\/uploads\\\/2026\\\/04\\\/tomate-industrielle.png\",\"width\":920,\"height\":480},{\"@type\":\"BreadcrumbList\",\"@id\":\"https:\\\/\\\/lasentinelle.dz\\\/index.php\\\/2026\\\/04\\\/28\\\/production-de-la-tomate-industrielle-a-guelma-une-filiere-en-recul-malgre-son-importance-economique\\\/#breadcrumb\",\"itemListElement\":[{\"@type\":\"ListItem\",\"position\":1,\"name\":\"Accueil\",\"item\":\"https:\\\/\\\/lasentinelle.dz\\\/\"},{\"@type\":\"ListItem\",\"position\":2,\"name\":\"Production de la tomate industrielle \u00e0 Guelma\u00a0: Une fili\u00e8re en recul malgr\u00e9 son importance \u00e9conomique\"}]},{\"@type\":\"WebSite\",\"@id\":\"https:\\\/\\\/lasentinelle.dz\\\/#website\",\"url\":\"https:\\\/\\\/lasentinelle.dz\\\/\",\"name\":\"La Sentinelle\",\"description\":\"Quotidien national d&#039;information\",\"publisher\":{\"@id\":\"https:\\\/\\\/lasentinelle.dz\\\/#organization\"},\"potentialAction\":[{\"@type\":\"SearchAction\",\"target\":{\"@type\":\"EntryPoint\",\"urlTemplate\":\"https:\\\/\\\/lasentinelle.dz\\\/?s={search_term_string}\"},\"query-input\":{\"@type\":\"PropertyValueSpecification\",\"valueRequired\":true,\"valueName\":\"search_term_string\"}}],\"inLanguage\":\"fr-FR\"},{\"@type\":\"Organization\",\"@id\":\"https:\\\/\\\/lasentinelle.dz\\\/#organization\",\"name\":\"Quotidien La Sentinelle\",\"url\":\"https:\\\/\\\/lasentinelle.dz\\\/\",\"logo\":{\"@type\":\"ImageObject\",\"inLanguage\":\"fr-FR\",\"@id\":\"https:\\\/\\\/lasentinelle.dz\\\/#\\\/schema\\\/logo\\\/image\\\/\",\"url\":\"https:\\\/\\\/lasentinelle.dz\\\/wp-content\\\/uploads\\\/2021\\\/09\\\/logo-sentinelleSLOGAN-1.png\",\"contentUrl\":\"https:\\\/\\\/lasentinelle.dz\\\/wp-content\\\/uploads\\\/2021\\\/09\\\/logo-sentinelleSLOGAN-1.png\",\"width\":615,\"height\":142,\"caption\":\"Quotidien La Sentinelle\"},\"image\":{\"@id\":\"https:\\\/\\\/lasentinelle.dz\\\/#\\\/schema\\\/logo\\\/image\\\/\"},\"sameAs\":[\"https:\\\/\\\/www.facebook.com\\\/La-Sentinelle-104059864394773\"]},{\"@type\":\"Person\",\"@id\":\"https:\\\/\\\/lasentinelle.dz\\\/#\\\/schema\\\/person\\\/729ee0024f24e0b8c5ec17232f8e8b41\",\"name\":\"admin\",\"image\":{\"@type\":\"ImageObject\",\"inLanguage\":\"fr-FR\",\"@id\":\"https:\\\/\\\/secure.gravatar.com\\\/avatar\\\/4c81fed838786e9b53f540bf46533e750f5d292099ae3b66cfc6fb1982e29df7?s=96&d=mm&r=g\",\"url\":\"https:\\\/\\\/secure.gravatar.com\\\/avatar\\\/4c81fed838786e9b53f540bf46533e750f5d292099ae3b66cfc6fb1982e29df7?s=96&d=mm&r=g\",\"contentUrl\":\"https:\\\/\\\/secure.gravatar.com\\\/avatar\\\/4c81fed838786e9b53f540bf46533e750f5d292099ae3b66cfc6fb1982e29df7?s=96&d=mm&r=g\",\"caption\":\"admin\"},\"description\":\"admin\",\"url\":\"https:\\\/\\\/lasentinelle.dz\\\/author\\\/admin\\\/\"}]}<\/script>\n<!-- \/ Yoast SEO plugin. -->","yoast_head_json":{"title":"Production de la tomate industrielle \u00e0 Guelma\u00a0: Une fili\u00e8re en recul malgr\u00e9 son importance \u00e9conomique - La Sentinelle","robots":{"index":"index","follow":"follow","max-snippet":"max-snippet:-1","max-image-preview":"max-image-preview:large","max-video-preview":"max-video-preview:-1"},"canonical":"https:\/\/lasentinelle.dz\/index.php\/2026\/04\/28\/production-de-la-tomate-industrielle-a-guelma-une-filiere-en-recul-malgre-son-importance-economique\/","og_locale":"fr_FR","og_type":"article","og_title":"Production de la tomate industrielle \u00e0 Guelma\u00a0: Une fili\u00e8re en recul malgr\u00e9 son importance \u00e9conomique - La Sentinelle","og_description":"La campagne de culture de la tomate industrielle dans la wilaya de Guelma accuse cette ann\u00e9e un recul significatif :","og_url":"https:\/\/lasentinelle.dz\/index.php\/2026\/04\/28\/production-de-la-tomate-industrielle-a-guelma-une-filiere-en-recul-malgre-son-importance-economique\/","og_site_name":"La Sentinelle","article_publisher":"https:\/\/www.facebook.com\/La-Sentinelle-104059864394773","article_published_time":"2026-04-28T19:35:54+00:00","article_modified_time":"2026-04-28T19:35:57+00:00","og_image":[{"width":920,"height":480,"url":"https:\/\/lasentinelle.dz\/wp-content\/uploads\/2026\/04\/tomate-industrielle.png","type":"image\/png"}],"author":"admin","twitter_card":"summary_large_image","twitter_misc":{"\u00c9crit par":"admin","Dur\u00e9e de lecture estim\u00e9e":"4 minutes"},"schema":{"@context":"https:\/\/schema.org","@graph":[{"@type":"Article","@id":"https:\/\/lasentinelle.dz\/index.php\/2026\/04\/28\/production-de-la-tomate-industrielle-a-guelma-une-filiere-en-recul-malgre-son-importance-economique\/#article","isPartOf":{"@id":"https:\/\/lasentinelle.dz\/index.php\/2026\/04\/28\/production-de-la-tomate-industrielle-a-guelma-une-filiere-en-recul-malgre-son-importance-economique\/"},"author":{"name":"admin","@id":"https:\/\/lasentinelle.dz\/#\/schema\/person\/729ee0024f24e0b8c5ec17232f8e8b41"},"headline":"Production de la tomate industrielle \u00e0 Guelma\u00a0: Une fili\u00e8re en recul malgr\u00e9 son importance \u00e9conomique","datePublished":"2026-04-28T19:35:54+00:00","dateModified":"2026-04-28T19:35:57+00:00","mainEntityOfPage":{"@id":"https:\/\/lasentinelle.dz\/index.php\/2026\/04\/28\/production-de-la-tomate-industrielle-a-guelma-une-filiere-en-recul-malgre-son-importance-economique\/"},"wordCount":666,"commentCount":0,"publisher":{"@id":"https:\/\/lasentinelle.dz\/#organization"},"image":{"@id":"https:\/\/lasentinelle.dz\/index.php\/2026\/04\/28\/production-de-la-tomate-industrielle-a-guelma-une-filiere-en-recul-malgre-son-importance-economique\/#primaryimage"},"thumbnailUrl":"https:\/\/lasentinelle.dz\/wp-content\/uploads\/2026\/04\/tomate-industrielle.png","articleSection":["R\u00e9gions"],"inLanguage":"fr-FR","potentialAction":[{"@type":"CommentAction","name":"Comment","target":["https:\/\/lasentinelle.dz\/index.php\/2026\/04\/28\/production-de-la-tomate-industrielle-a-guelma-une-filiere-en-recul-malgre-son-importance-economique\/#respond"]}]},{"@type":"WebPage","@id":"https:\/\/lasentinelle.dz\/index.php\/2026\/04\/28\/production-de-la-tomate-industrielle-a-guelma-une-filiere-en-recul-malgre-son-importance-economique\/","url":"https:\/\/lasentinelle.dz\/index.php\/2026\/04\/28\/production-de-la-tomate-industrielle-a-guelma-une-filiere-en-recul-malgre-son-importance-economique\/","name":"Production de la tomate industrielle \u00e0 Guelma\u00a0: Une fili\u00e8re en recul malgr\u00e9 son importance \u00e9conomique - La Sentinelle","isPartOf":{"@id":"https:\/\/lasentinelle.dz\/#website"},"primaryImageOfPage":{"@id":"https:\/\/lasentinelle.dz\/index.php\/2026\/04\/28\/production-de-la-tomate-industrielle-a-guelma-une-filiere-en-recul-malgre-son-importance-economique\/#primaryimage"},"image":{"@id":"https:\/\/lasentinelle.dz\/index.php\/2026\/04\/28\/production-de-la-tomate-industrielle-a-guelma-une-filiere-en-recul-malgre-son-importance-economique\/#primaryimage"},"thumbnailUrl":"https:\/\/lasentinelle.dz\/wp-content\/uploads\/2026\/04\/tomate-industrielle.png","datePublished":"2026-04-28T19:35:54+00:00","dateModified":"2026-04-28T19:35:57+00:00","breadcrumb":{"@id":"https:\/\/lasentinelle.dz\/index.php\/2026\/04\/28\/production-de-la-tomate-industrielle-a-guelma-une-filiere-en-recul-malgre-son-importance-economique\/#breadcrumb"},"inLanguage":"fr-FR","potentialAction":[{"@type":"ReadAction","target":["https:\/\/lasentinelle.dz\/index.php\/2026\/04\/28\/production-de-la-tomate-industrielle-a-guelma-une-filiere-en-recul-malgre-son-importance-economique\/"]}]},{"@type":"ImageObject","inLanguage":"fr-FR","@id":"https:\/\/lasentinelle.dz\/index.php\/2026\/04\/28\/production-de-la-tomate-industrielle-a-guelma-une-filiere-en-recul-malgre-son-importance-economique\/#primaryimage","url":"https:\/\/lasentinelle.dz\/wp-content\/uploads\/2026\/04\/tomate-industrielle.png","contentUrl":"https:\/\/lasentinelle.dz\/wp-content\/uploads\/2026\/04\/tomate-industrielle.png","width":920,"height":480},{"@type":"BreadcrumbList","@id":"https:\/\/lasentinelle.dz\/index.php\/2026\/04\/28\/production-de-la-tomate-industrielle-a-guelma-une-filiere-en-recul-malgre-son-importance-economique\/#breadcrumb","itemListElement":[{"@type":"ListItem","position":1,"name":"Accueil","item":"https:\/\/lasentinelle.dz\/"},{"@type":"ListItem","position":2,"name":"Production de la tomate industrielle \u00e0 Guelma\u00a0: Une fili\u00e8re en recul malgr\u00e9 son importance \u00e9conomique"}]},{"@type":"WebSite","@id":"https:\/\/lasentinelle.dz\/#website","url":"https:\/\/lasentinelle.dz\/","name":"La Sentinelle","description":"Quotidien national d&#039;information","publisher":{"@id":"https:\/\/lasentinelle.dz\/#organization"},"potentialAction":[{"@type":"SearchAction","target":{"@type":"EntryPoint","urlTemplate":"https:\/\/lasentinelle.dz\/?s={search_term_string}"},"query-input":{"@type":"PropertyValueSpecification","valueRequired":true,"valueName":"search_term_string"}}],"inLanguage":"fr-FR"},{"@type":"Organization","@id":"https:\/\/lasentinelle.dz\/#organization","name":"Quotidien La Sentinelle","url":"https:\/\/lasentinelle.dz\/","logo":{"@type":"ImageObject","inLanguage":"fr-FR","@id":"https:\/\/lasentinelle.dz\/#\/schema\/logo\/image\/","url":"https:\/\/lasentinelle.dz\/wp-content\/uploads\/2021\/09\/logo-sentinelleSLOGAN-1.png","contentUrl":"https:\/\/lasentinelle.dz\/wp-content\/uploads\/2021\/09\/logo-sentinelleSLOGAN-1.png","width":615,"height":142,"caption":"Quotidien La Sentinelle"},"image":{"@id":"https:\/\/lasentinelle.dz\/#\/schema\/logo\/image\/"},"sameAs":["https:\/\/www.facebook.com\/La-Sentinelle-104059864394773"]},{"@type":"Person","@id":"https:\/\/lasentinelle.dz\/#\/schema\/person\/729ee0024f24e0b8c5ec17232f8e8b41","name":"admin","image":{"@type":"ImageObject","inLanguage":"fr-FR","@id":"https:\/\/secure.gravatar.com\/avatar\/4c81fed838786e9b53f540bf46533e750f5d292099ae3b66cfc6fb1982e29df7?s=96&d=mm&r=g","url":"https:\/\/secure.gravatar.com\/avatar\/4c81fed838786e9b53f540bf46533e750f5d292099ae3b66cfc6fb1982e29df7?s=96&d=mm&r=g","contentUrl":"https:\/\/secure.gravatar.com\/avatar\/4c81fed838786e9b53f540bf46533e750f5d292099ae3b66cfc6fb1982e29df7?s=96&d=mm&r=g","caption":"admin"},"description":"admin","url":"https:\/\/lasentinelle.dz\/author\/admin\/"}]}},"_links":{"self":[{"href":"https:\/\/lasentinelle.dz\/index.php\/wp-json\/wp\/v2\/posts\/86664","targetHints":{"allow":["GET"]}}],"collection":[{"href":"https:\/\/lasentinelle.dz\/index.php\/wp-json\/wp\/v2\/posts"}],"about":[{"href":"https:\/\/lasentinelle.dz\/index.php\/wp-json\/wp\/v2\/types\/post"}],"author":[{"embeddable":true,"href":"https:\/\/lasentinelle.dz\/index.php\/wp-json\/wp\/v2\/users\/6"}],"replies":[{"embeddable":true,"href":"https:\/\/lasentinelle.dz\/index.php\/wp-json\/wp\/v2\/comments?post=86664"}],"version-history":[{"count":1,"href":"https:\/\/lasentinelle.dz\/index.php\/wp-json\/wp\/v2\/posts\/86664\/revisions"}],"predecessor-version":[{"id":86665,"href":"https:\/\/lasentinelle.dz\/index.php\/wp-json\/wp\/v2\/posts\/86664\/revisions\/86665"}],"wp:featuredmedia":[{"embeddable":true,"href":"https:\/\/lasentinelle.dz\/index.php\/wp-json\/wp\/v2\/media\/85979"}],"wp:attachment":[{"href":"https:\/\/lasentinelle.dz\/index.php\/wp-json\/wp\/v2\/media?parent=86664"}],"wp:term":[{"taxonomy":"category","embeddable":true,"href":"https:\/\/lasentinelle.dz\/index.php\/wp-json\/wp\/v2\/categories?post=86664"},{"taxonomy":"post_tag","embeddable":true,"href":"https:\/\/lasentinelle.dz\/index.php\/wp-json\/wp\/v2\/tags?post=86664"}],"curies":[{"name":"wp","href":"https:\/\/api.w.org\/{rel}","templated":true}]}}