{"id":86666,"date":"2026-04-28T20:36:50","date_gmt":"2026-04-28T19:36:50","guid":{"rendered":"https:\/\/lasentinelle.dz\/?p=86666"},"modified":"2026-04-28T20:36:54","modified_gmt":"2026-04-28T19:36:54","slug":"lancement-de-la-campagne-moisson-battage-a-biskra-une-recolte-prometteuse-dans-le-sud","status":"publish","type":"post","link":"https:\/\/lasentinelle.dz\/index.php\/2026\/04\/28\/lancement-de-la-campagne-moisson-battage-a-biskra-une-recolte-prometteuse-dans-le-sud\/","title":{"rendered":"Lancement de la campagne moisson-battage \u00e0 Biskra\u00a0: Une r\u00e9colte prometteuse dans le Sud"},"content":{"rendered":"\n<p>La wilaya de Biskra a lanc\u00e9 officiellement sa campagne de moisson-battage, en d\u00e9butant par la r\u00e9gion de T\u00e9nouma, dans la commune d&rsquo;El Feidh, da\u00efra de Zeribet El Oued. Port\u00e9e par des pr\u00e9cipitations exceptionnelles cette saison et une mobilisation logistique d&rsquo;envergure, la r\u00e9colte s&rsquo;annonce abondante sur quelque 30 000 hectares emblav\u00e9s en bl\u00e9 dur, bl\u00e9 tendre, orge et avoine.<\/p>\n\n\n\n<p>C&rsquo;est la Direction des services agricoles (DSA) de Biskra qui a donn\u00e9 le coup d&rsquo;envoi des op\u00e9rations, en effectuant une sortie de terrain pour superviser les premi\u00e8res coupes et v\u00e9rifier le bon fonctionnement de la collecte du bl\u00e9 dans les centres de stockage. Les responsables ont notamment inspect\u00e9 le centre de collecte de Zeribet El Oued, point n\u00e9vralgique pour la r\u00e9ception des r\u00e9coltes dans l&rsquo;Est de la wilaya. Cette d\u00e9marche s&rsquo;inscrit dans un dispositif d&rsquo;accompagnement des agriculteurs et de suivi d&rsquo;une production jug\u00e9e strat\u00e9gique pour la s\u00e9curit\u00e9 alimentaire nationale. Les pr\u00e9visions sont particuli\u00e8rement optimistes cette ann\u00e9e. La pluviom\u00e9trie favorable enregistr\u00e9e durant la saison devrait se traduire par des rendements en hausse, tant en quantit\u00e9 qu&rsquo;en qualit\u00e9. Sur les 30 000 hectares emblav\u00e9s, les zones de Zeribet El Oued et de Sidi Okba concentrent \u00e0 elles seules 20 000 hectares, tandis que les 10 000 hectares restants se r\u00e9partissent entre les r\u00e9gions d&rsquo;Ourlel et de Loutaya.<\/p>\n\n\n\n<p>La r\u00e9ussite de cette campagne repose sur une organisation minutieuse mise en place d\u00e8s le d\u00e9but de la saison. Une commission technique regroupant l&rsquo;ensemble des partenaires du secteur a assur\u00e9 un suivi hebdomadaire sur le terrain, en contact direct avec les producteurs. En parall\u00e8le, une cellule op\u00e9rationnelle charg\u00e9e du suivi post-semis a \u00e9t\u00e9 activ\u00e9e en coordination avec le minist\u00e8re de l&rsquo;Agriculture, du D\u00e9veloppement rural et de la P\u00eache. Une commission de wilaya d\u00e9di\u00e9e \u00e0 la campagne a \u00e9galement \u00e9t\u00e9 constitu\u00e9e, r\u00e9unissant les instituts techniques, la Chambre d&rsquo;agriculture, l&rsquo;Union des agriculteurs et la Coop\u00e9rative des c\u00e9r\u00e9ales et des l\u00e9gumes secs (CCLS). Cette derni\u00e8re a re\u00e7u pour instruction de faciliter l&rsquo;accueil des r\u00e9coltes dans les centres de stockage.<\/p>\n\n\n\n<p>Sur le plan logistique, les moyens mobilis\u00e9s sont cons\u00e9quents. La CCLS a mis \u00e0 disposition 11 moissonneuses-batteuses, dont deux affect\u00e9es sp\u00e9cifiquement \u00e0 la r\u00e9gion Est (Zeribet El Oued et Sidi Okba), auxquelles s&rsquo;ajoutent 19 machines appartenant \u00e0 des op\u00e9rateurs priv\u00e9s et trois \u00e9quipements suppl\u00e9mentaires d\u00e9di\u00e9s au pressage et au ramassage. D&rsquo;autres engins devraient renforcer le dispositif en provenance de wilayas voisines, Biskra figurant parmi les premi\u00e8res r\u00e9gions du pays \u00e0 entamer la r\u00e9colte c\u00e9r\u00e9ali\u00e8re.<\/p>\n\n\n\n<p>Cette mont\u00e9e en puissance de la c\u00e9r\u00e9aliculture s&rsquo;inscrit dans une transformation plus profonde du paysage agricole de Biskra. Longtemps associ\u00e9e \u00e0 la phoeniciculture et \u00e0 la production de dattes, la wilaya conna\u00eet depuis plusieurs ann\u00e9es une diversification progressive de son agriculture. La c\u00e9r\u00e9aliculture y progresse r\u00e9guli\u00e8rement, soutenue par des programmes publics d&rsquo;extension des surfaces irrigu\u00e9es, l&rsquo;introduction de techniques modernes et un encadrement technique renforc\u00e9. L&rsquo;objectif affich\u00e9 est de faire du Sud alg\u00e9rien un p\u00f4le compl\u00e9mentaire dans la production nationale de c\u00e9r\u00e9ales, traditionnellement concentr\u00e9e dans les r\u00e9gions du Nord. Dans une perspective \u00e0 moyen terme, les autorit\u00e9s agricoles de la wilaya ambitionnent d&rsquo;\u00e9largir encore les superficies cultiv\u00e9es pour accro\u00eetre la contribution de Biskra au stock strat\u00e9gique national. Cette dynamique s&rsquo;appuie sur la mise en service de huit centres de stockage de proximit\u00e9, ce qui am\u00e9liore les capacit\u00e9s de conservation et de gestion des r\u00e9coltes sur l&rsquo;ensemble du territoire de la wilaya. Le soutien aux agriculteurs demeure un axe central de cette strat\u00e9gie. Des dispositifs d&rsquo;aide financi\u00e8re, technique et logistique sont maintenus : acc\u00e8s \u00e0 l&rsquo;\u00e9lectricit\u00e9, semences s\u00e9lectionn\u00e9es, engrais et mat\u00e9riel agricole. Une attention particuli\u00e8re est accord\u00e9e aux jeunes, de plus en plus nombreux \u00e0 s&rsquo;orienter vers la c\u00e9r\u00e9aliculture, encourag\u00e9s par des mesures incitatives et un accompagnement adapt\u00e9 \u00e0 leurs besoins.<\/p>\n\n\n\n<p>Avec une campagne qui d\u00e9marre dans des conditions favorables, Biskra confirme son virage agricole. Au-del\u00e0 des palmeraies, la c\u00e9r\u00e9aliculture s&rsquo;impose d\u00e9sormais comme un pilier \u00e0 part enti\u00e8re de l&rsquo;\u00e9conomie de la wilaya et un levier concret au service de la souverainet\u00e9 alimentaire nationale.<\/p>\n\n\n\n<p>Sofia Chahine<\/p>\n","protected":false},"excerpt":{"rendered":"<p>La wilaya de Biskra a lanc\u00e9 officiellement sa campagne de moisson-battage, en d\u00e9butant par la r\u00e9gion de T\u00e9nouma, dans la<\/p>\n","protected":false},"author":6,"featured_media":83017,"comment_status":"open","ping_status":"closed","sticky":false,"template":"","format":"standard","meta":{"colormag_page_container_layout":"default_layout","colormag_page_sidebar_layout":"default_layout","om_disable_all_campaigns":false,"_monsterinsights_skip_tracking":false,"_monsterinsights_sitenote_active":false,"_monsterinsights_sitenote_note":"","_monsterinsights_sitenote_category":0,"footnotes":"","_wpscppro_dont_share_socialmedia":false,"_wpscppro_custom_social_share_image":0,"_facebook_share_type":"default","_twitter_share_type":"default","_linkedin_share_type":"default","_pinterest_share_type":"default","_linkedin_share_type_page":"","_instagram_share_type":"default","_medium_share_type":"default","_threads_share_type":"default","_google_business_share_type":"default","_selected_social_profile":[],"_wpsp_enable_custom_social_template":false,"_wpsp_social_scheduling":{"enabled":false,"datetime":null,"platforms":[],"status":"template_only","dateOption":"today","timeOption":"now","customDays":"","customHours":"","customDate":"","customTime":"","schedulingType":"absolute"},"_wpsp_active_default_template":true},"categories":[31],"tags":[],"class_list":["post-86666","post","type-post","status-publish","format-standard","has-post-thumbnail","hentry","category-regions"],"aioseo_notices":[],"yoast_head":"<!-- This site is optimized with the Yoast SEO plugin v27.4 - https:\/\/yoast.com\/product\/yoast-seo-wordpress\/ -->\n<title>Lancement de la campagne moisson-battage \u00e0 Biskra\u00a0: Une r\u00e9colte prometteuse dans le Sud - La Sentinelle<\/title>\n<meta name=\"robots\" content=\"index, follow, max-snippet:-1, max-image-preview:large, max-video-preview:-1\" \/>\n<link rel=\"canonical\" href=\"https:\/\/lasentinelle.dz\/index.php\/2026\/04\/28\/lancement-de-la-campagne-moisson-battage-a-biskra-une-recolte-prometteuse-dans-le-sud\/\" \/>\n<meta property=\"og:locale\" content=\"fr_FR\" \/>\n<meta property=\"og:type\" content=\"article\" \/>\n<meta property=\"og:title\" content=\"Lancement de la campagne moisson-battage \u00e0 Biskra\u00a0: Une r\u00e9colte prometteuse dans le Sud - La Sentinelle\" \/>\n<meta property=\"og:description\" content=\"La wilaya de Biskra a lanc\u00e9 officiellement sa campagne de moisson-battage, en d\u00e9butant par la r\u00e9gion de T\u00e9nouma, dans la\" \/>\n<meta property=\"og:url\" content=\"https:\/\/lasentinelle.dz\/index.php\/2026\/04\/28\/lancement-de-la-campagne-moisson-battage-a-biskra-une-recolte-prometteuse-dans-le-sud\/\" \/>\n<meta property=\"og:site_name\" content=\"La Sentinelle\" \/>\n<meta property=\"article:publisher\" content=\"https:\/\/www.facebook.com\/La-Sentinelle-104059864394773\" \/>\n<meta property=\"article:published_time\" content=\"2026-04-28T19:36:50+00:00\" \/>\n<meta property=\"article:modified_time\" content=\"2026-04-28T19:36:54+00:00\" \/>\n<meta property=\"og:image\" content=\"https:\/\/lasentinelle.dz\/wp-content\/uploads\/2026\/03\/cerealiculture.jpg\" \/>\n\t<meta property=\"og:image:width\" content=\"958\" \/>\n\t<meta property=\"og:image:height\" content=\"718\" \/>\n\t<meta property=\"og:image:type\" content=\"image\/jpeg\" \/>\n<meta name=\"author\" content=\"admin\" \/>\n<meta name=\"twitter:card\" content=\"summary_large_image\" \/>\n<meta name=\"twitter:label1\" content=\"\u00c9crit par\" \/>\n\t<meta name=\"twitter:data1\" content=\"admin\" \/>\n\t<meta name=\"twitter:label2\" content=\"Dur\u00e9e de lecture estim\u00e9e\" \/>\n\t<meta name=\"twitter:data2\" content=\"4 minutes\" \/>\n<script type=\"application\/ld+json\" class=\"yoast-schema-graph\">{\"@context\":\"https:\\\/\\\/schema.org\",\"@graph\":[{\"@type\":\"Article\",\"@id\":\"https:\\\/\\\/lasentinelle.dz\\\/index.php\\\/2026\\\/04\\\/28\\\/lancement-de-la-campagne-moisson-battage-a-biskra-une-recolte-prometteuse-dans-le-sud\\\/#article\",\"isPartOf\":{\"@id\":\"https:\\\/\\\/lasentinelle.dz\\\/index.php\\\/2026\\\/04\\\/28\\\/lancement-de-la-campagne-moisson-battage-a-biskra-une-recolte-prometteuse-dans-le-sud\\\/\"},\"author\":{\"name\":\"admin\",\"@id\":\"https:\\\/\\\/lasentinelle.dz\\\/#\\\/schema\\\/person\\\/729ee0024f24e0b8c5ec17232f8e8b41\"},\"headline\":\"Lancement de la campagne moisson-battage \u00e0 Biskra\u00a0: Une r\u00e9colte prometteuse dans le Sud\",\"datePublished\":\"2026-04-28T19:36:50+00:00\",\"dateModified\":\"2026-04-28T19:36:54+00:00\",\"mainEntityOfPage\":{\"@id\":\"https:\\\/\\\/lasentinelle.dz\\\/index.php\\\/2026\\\/04\\\/28\\\/lancement-de-la-campagne-moisson-battage-a-biskra-une-recolte-prometteuse-dans-le-sud\\\/\"},\"wordCount\":780,\"commentCount\":0,\"publisher\":{\"@id\":\"https:\\\/\\\/lasentinelle.dz\\\/#organization\"},\"image\":{\"@id\":\"https:\\\/\\\/lasentinelle.dz\\\/index.php\\\/2026\\\/04\\\/28\\\/lancement-de-la-campagne-moisson-battage-a-biskra-une-recolte-prometteuse-dans-le-sud\\\/#primaryimage\"},\"thumbnailUrl\":\"https:\\\/\\\/lasentinelle.dz\\\/wp-content\\\/uploads\\\/2026\\\/03\\\/cerealiculture.jpg\",\"articleSection\":[\"R\u00e9gions\"],\"inLanguage\":\"fr-FR\",\"potentialAction\":[{\"@type\":\"CommentAction\",\"name\":\"Comment\",\"target\":[\"https:\\\/\\\/lasentinelle.dz\\\/index.php\\\/2026\\\/04\\\/28\\\/lancement-de-la-campagne-moisson-battage-a-biskra-une-recolte-prometteuse-dans-le-sud\\\/#respond\"]}]},{\"@type\":\"WebPage\",\"@id\":\"https:\\\/\\\/lasentinelle.dz\\\/index.php\\\/2026\\\/04\\\/28\\\/lancement-de-la-campagne-moisson-battage-a-biskra-une-recolte-prometteuse-dans-le-sud\\\/\",\"url\":\"https:\\\/\\\/lasentinelle.dz\\\/index.php\\\/2026\\\/04\\\/28\\\/lancement-de-la-campagne-moisson-battage-a-biskra-une-recolte-prometteuse-dans-le-sud\\\/\",\"name\":\"Lancement de la campagne moisson-battage \u00e0 Biskra\u00a0: Une r\u00e9colte prometteuse dans le Sud - La Sentinelle\",\"isPartOf\":{\"@id\":\"https:\\\/\\\/lasentinelle.dz\\\/#website\"},\"primaryImageOfPage\":{\"@id\":\"https:\\\/\\\/lasentinelle.dz\\\/index.php\\\/2026\\\/04\\\/28\\\/lancement-de-la-campagne-moisson-battage-a-biskra-une-recolte-prometteuse-dans-le-sud\\\/#primaryimage\"},\"image\":{\"@id\":\"https:\\\/\\\/lasentinelle.dz\\\/index.php\\\/2026\\\/04\\\/28\\\/lancement-de-la-campagne-moisson-battage-a-biskra-une-recolte-prometteuse-dans-le-sud\\\/#primaryimage\"},\"thumbnailUrl\":\"https:\\\/\\\/lasentinelle.dz\\\/wp-content\\\/uploads\\\/2026\\\/03\\\/cerealiculture.jpg\",\"datePublished\":\"2026-04-28T19:36:50+00:00\",\"dateModified\":\"2026-04-28T19:36:54+00:00\",\"breadcrumb\":{\"@id\":\"https:\\\/\\\/lasentinelle.dz\\\/index.php\\\/2026\\\/04\\\/28\\\/lancement-de-la-campagne-moisson-battage-a-biskra-une-recolte-prometteuse-dans-le-sud\\\/#breadcrumb\"},\"inLanguage\":\"fr-FR\",\"potentialAction\":[{\"@type\":\"ReadAction\",\"target\":[\"https:\\\/\\\/lasentinelle.dz\\\/index.php\\\/2026\\\/04\\\/28\\\/lancement-de-la-campagne-moisson-battage-a-biskra-une-recolte-prometteuse-dans-le-sud\\\/\"]}]},{\"@type\":\"ImageObject\",\"inLanguage\":\"fr-FR\",\"@id\":\"https:\\\/\\\/lasentinelle.dz\\\/index.php\\\/2026\\\/04\\\/28\\\/lancement-de-la-campagne-moisson-battage-a-biskra-une-recolte-prometteuse-dans-le-sud\\\/#primaryimage\",\"url\":\"https:\\\/\\\/lasentinelle.dz\\\/wp-content\\\/uploads\\\/2026\\\/03\\\/cerealiculture.jpg\",\"contentUrl\":\"https:\\\/\\\/lasentinelle.dz\\\/wp-content\\\/uploads\\\/2026\\\/03\\\/cerealiculture.jpg\",\"width\":958,\"height\":718},{\"@type\":\"BreadcrumbList\",\"@id\":\"https:\\\/\\\/lasentinelle.dz\\\/index.php\\\/2026\\\/04\\\/28\\\/lancement-de-la-campagne-moisson-battage-a-biskra-une-recolte-prometteuse-dans-le-sud\\\/#breadcrumb\",\"itemListElement\":[{\"@type\":\"ListItem\",\"position\":1,\"name\":\"Accueil\",\"item\":\"https:\\\/\\\/lasentinelle.dz\\\/\"},{\"@type\":\"ListItem\",\"position\":2,\"name\":\"Lancement de la campagne moisson-battage \u00e0 Biskra\u00a0: Une r\u00e9colte prometteuse dans le Sud\"}]},{\"@type\":\"WebSite\",\"@id\":\"https:\\\/\\\/lasentinelle.dz\\\/#website\",\"url\":\"https:\\\/\\\/lasentinelle.dz\\\/\",\"name\":\"La Sentinelle\",\"description\":\"Quotidien national d&#039;information\",\"publisher\":{\"@id\":\"https:\\\/\\\/lasentinelle.dz\\\/#organization\"},\"potentialAction\":[{\"@type\":\"SearchAction\",\"target\":{\"@type\":\"EntryPoint\",\"urlTemplate\":\"https:\\\/\\\/lasentinelle.dz\\\/?s={search_term_string}\"},\"query-input\":{\"@type\":\"PropertyValueSpecification\",\"valueRequired\":true,\"valueName\":\"search_term_string\"}}],\"inLanguage\":\"fr-FR\"},{\"@type\":\"Organization\",\"@id\":\"https:\\\/\\\/lasentinelle.dz\\\/#organization\",\"name\":\"Quotidien La Sentinelle\",\"url\":\"https:\\\/\\\/lasentinelle.dz\\\/\",\"logo\":{\"@type\":\"ImageObject\",\"inLanguage\":\"fr-FR\",\"@id\":\"https:\\\/\\\/lasentinelle.dz\\\/#\\\/schema\\\/logo\\\/image\\\/\",\"url\":\"https:\\\/\\\/lasentinelle.dz\\\/wp-content\\\/uploads\\\/2021\\\/09\\\/logo-sentinelleSLOGAN-1.png\",\"contentUrl\":\"https:\\\/\\\/lasentinelle.dz\\\/wp-content\\\/uploads\\\/2021\\\/09\\\/logo-sentinelleSLOGAN-1.png\",\"width\":615,\"height\":142,\"caption\":\"Quotidien La Sentinelle\"},\"image\":{\"@id\":\"https:\\\/\\\/lasentinelle.dz\\\/#\\\/schema\\\/logo\\\/image\\\/\"},\"sameAs\":[\"https:\\\/\\\/www.facebook.com\\\/La-Sentinelle-104059864394773\"]},{\"@type\":\"Person\",\"@id\":\"https:\\\/\\\/lasentinelle.dz\\\/#\\\/schema\\\/person\\\/729ee0024f24e0b8c5ec17232f8e8b41\",\"name\":\"admin\",\"image\":{\"@type\":\"ImageObject\",\"inLanguage\":\"fr-FR\",\"@id\":\"https:\\\/\\\/secure.gravatar.com\\\/avatar\\\/4c81fed838786e9b53f540bf46533e750f5d292099ae3b66cfc6fb1982e29df7?s=96&d=mm&r=g\",\"url\":\"https:\\\/\\\/secure.gravatar.com\\\/avatar\\\/4c81fed838786e9b53f540bf46533e750f5d292099ae3b66cfc6fb1982e29df7?s=96&d=mm&r=g\",\"contentUrl\":\"https:\\\/\\\/secure.gravatar.com\\\/avatar\\\/4c81fed838786e9b53f540bf46533e750f5d292099ae3b66cfc6fb1982e29df7?s=96&d=mm&r=g\",\"caption\":\"admin\"},\"description\":\"admin\",\"url\":\"https:\\\/\\\/lasentinelle.dz\\\/author\\\/admin\\\/\"}]}<\/script>\n<!-- \/ Yoast SEO plugin. -->","yoast_head_json":{"title":"Lancement de la campagne moisson-battage \u00e0 Biskra\u00a0: Une r\u00e9colte prometteuse dans le Sud - La Sentinelle","robots":{"index":"index","follow":"follow","max-snippet":"max-snippet:-1","max-image-preview":"max-image-preview:large","max-video-preview":"max-video-preview:-1"},"canonical":"https:\/\/lasentinelle.dz\/index.php\/2026\/04\/28\/lancement-de-la-campagne-moisson-battage-a-biskra-une-recolte-prometteuse-dans-le-sud\/","og_locale":"fr_FR","og_type":"article","og_title":"Lancement de la campagne moisson-battage \u00e0 Biskra\u00a0: Une r\u00e9colte prometteuse dans le Sud - La Sentinelle","og_description":"La wilaya de Biskra a lanc\u00e9 officiellement sa campagne de moisson-battage, en d\u00e9butant par la r\u00e9gion de T\u00e9nouma, dans la","og_url":"https:\/\/lasentinelle.dz\/index.php\/2026\/04\/28\/lancement-de-la-campagne-moisson-battage-a-biskra-une-recolte-prometteuse-dans-le-sud\/","og_site_name":"La Sentinelle","article_publisher":"https:\/\/www.facebook.com\/La-Sentinelle-104059864394773","article_published_time":"2026-04-28T19:36:50+00:00","article_modified_time":"2026-04-28T19:36:54+00:00","og_image":[{"width":958,"height":718,"url":"https:\/\/lasentinelle.dz\/wp-content\/uploads\/2026\/03\/cerealiculture.jpg","type":"image\/jpeg"}],"author":"admin","twitter_card":"summary_large_image","twitter_misc":{"\u00c9crit par":"admin","Dur\u00e9e de lecture estim\u00e9e":"4 minutes"},"schema":{"@context":"https:\/\/schema.org","@graph":[{"@type":"Article","@id":"https:\/\/lasentinelle.dz\/index.php\/2026\/04\/28\/lancement-de-la-campagne-moisson-battage-a-biskra-une-recolte-prometteuse-dans-le-sud\/#article","isPartOf":{"@id":"https:\/\/lasentinelle.dz\/index.php\/2026\/04\/28\/lancement-de-la-campagne-moisson-battage-a-biskra-une-recolte-prometteuse-dans-le-sud\/"},"author":{"name":"admin","@id":"https:\/\/lasentinelle.dz\/#\/schema\/person\/729ee0024f24e0b8c5ec17232f8e8b41"},"headline":"Lancement de la campagne moisson-battage \u00e0 Biskra\u00a0: Une r\u00e9colte prometteuse dans le Sud","datePublished":"2026-04-28T19:36:50+00:00","dateModified":"2026-04-28T19:36:54+00:00","mainEntityOfPage":{"@id":"https:\/\/lasentinelle.dz\/index.php\/2026\/04\/28\/lancement-de-la-campagne-moisson-battage-a-biskra-une-recolte-prometteuse-dans-le-sud\/"},"wordCount":780,"commentCount":0,"publisher":{"@id":"https:\/\/lasentinelle.dz\/#organization"},"image":{"@id":"https:\/\/lasentinelle.dz\/index.php\/2026\/04\/28\/lancement-de-la-campagne-moisson-battage-a-biskra-une-recolte-prometteuse-dans-le-sud\/#primaryimage"},"thumbnailUrl":"https:\/\/lasentinelle.dz\/wp-content\/uploads\/2026\/03\/cerealiculture.jpg","articleSection":["R\u00e9gions"],"inLanguage":"fr-FR","potentialAction":[{"@type":"CommentAction","name":"Comment","target":["https:\/\/lasentinelle.dz\/index.php\/2026\/04\/28\/lancement-de-la-campagne-moisson-battage-a-biskra-une-recolte-prometteuse-dans-le-sud\/#respond"]}]},{"@type":"WebPage","@id":"https:\/\/lasentinelle.dz\/index.php\/2026\/04\/28\/lancement-de-la-campagne-moisson-battage-a-biskra-une-recolte-prometteuse-dans-le-sud\/","url":"https:\/\/lasentinelle.dz\/index.php\/2026\/04\/28\/lancement-de-la-campagne-moisson-battage-a-biskra-une-recolte-prometteuse-dans-le-sud\/","name":"Lancement de la campagne moisson-battage \u00e0 Biskra\u00a0: Une r\u00e9colte prometteuse dans le Sud - La Sentinelle","isPartOf":{"@id":"https:\/\/lasentinelle.dz\/#website"},"primaryImageOfPage":{"@id":"https:\/\/lasentinelle.dz\/index.php\/2026\/04\/28\/lancement-de-la-campagne-moisson-battage-a-biskra-une-recolte-prometteuse-dans-le-sud\/#primaryimage"},"image":{"@id":"https:\/\/lasentinelle.dz\/index.php\/2026\/04\/28\/lancement-de-la-campagne-moisson-battage-a-biskra-une-recolte-prometteuse-dans-le-sud\/#primaryimage"},"thumbnailUrl":"https:\/\/lasentinelle.dz\/wp-content\/uploads\/2026\/03\/cerealiculture.jpg","datePublished":"2026-04-28T19:36:50+00:00","dateModified":"2026-04-28T19:36:54+00:00","breadcrumb":{"@id":"https:\/\/lasentinelle.dz\/index.php\/2026\/04\/28\/lancement-de-la-campagne-moisson-battage-a-biskra-une-recolte-prometteuse-dans-le-sud\/#breadcrumb"},"inLanguage":"fr-FR","potentialAction":[{"@type":"ReadAction","target":["https:\/\/lasentinelle.dz\/index.php\/2026\/04\/28\/lancement-de-la-campagne-moisson-battage-a-biskra-une-recolte-prometteuse-dans-le-sud\/"]}]},{"@type":"ImageObject","inLanguage":"fr-FR","@id":"https:\/\/lasentinelle.dz\/index.php\/2026\/04\/28\/lancement-de-la-campagne-moisson-battage-a-biskra-une-recolte-prometteuse-dans-le-sud\/#primaryimage","url":"https:\/\/lasentinelle.dz\/wp-content\/uploads\/2026\/03\/cerealiculture.jpg","contentUrl":"https:\/\/lasentinelle.dz\/wp-content\/uploads\/2026\/03\/cerealiculture.jpg","width":958,"height":718},{"@type":"BreadcrumbList","@id":"https:\/\/lasentinelle.dz\/index.php\/2026\/04\/28\/lancement-de-la-campagne-moisson-battage-a-biskra-une-recolte-prometteuse-dans-le-sud\/#breadcrumb","itemListElement":[{"@type":"ListItem","position":1,"name":"Accueil","item":"https:\/\/lasentinelle.dz\/"},{"@type":"ListItem","position":2,"name":"Lancement de la campagne moisson-battage \u00e0 Biskra\u00a0: Une r\u00e9colte prometteuse dans le Sud"}]},{"@type":"WebSite","@id":"https:\/\/lasentinelle.dz\/#website","url":"https:\/\/lasentinelle.dz\/","name":"La Sentinelle","description":"Quotidien national d&#039;information","publisher":{"@id":"https:\/\/lasentinelle.dz\/#organization"},"potentialAction":[{"@type":"SearchAction","target":{"@type":"EntryPoint","urlTemplate":"https:\/\/lasentinelle.dz\/?s={search_term_string}"},"query-input":{"@type":"PropertyValueSpecification","valueRequired":true,"valueName":"search_term_string"}}],"inLanguage":"fr-FR"},{"@type":"Organization","@id":"https:\/\/lasentinelle.dz\/#organization","name":"Quotidien La Sentinelle","url":"https:\/\/lasentinelle.dz\/","logo":{"@type":"ImageObject","inLanguage":"fr-FR","@id":"https:\/\/lasentinelle.dz\/#\/schema\/logo\/image\/","url":"https:\/\/lasentinelle.dz\/wp-content\/uploads\/2021\/09\/logo-sentinelleSLOGAN-1.png","contentUrl":"https:\/\/lasentinelle.dz\/wp-content\/uploads\/2021\/09\/logo-sentinelleSLOGAN-1.png","width":615,"height":142,"caption":"Quotidien La Sentinelle"},"image":{"@id":"https:\/\/lasentinelle.dz\/#\/schema\/logo\/image\/"},"sameAs":["https:\/\/www.facebook.com\/La-Sentinelle-104059864394773"]},{"@type":"Person","@id":"https:\/\/lasentinelle.dz\/#\/schema\/person\/729ee0024f24e0b8c5ec17232f8e8b41","name":"admin","image":{"@type":"ImageObject","inLanguage":"fr-FR","@id":"https:\/\/secure.gravatar.com\/avatar\/4c81fed838786e9b53f540bf46533e750f5d292099ae3b66cfc6fb1982e29df7?s=96&d=mm&r=g","url":"https:\/\/secure.gravatar.com\/avatar\/4c81fed838786e9b53f540bf46533e750f5d292099ae3b66cfc6fb1982e29df7?s=96&d=mm&r=g","contentUrl":"https:\/\/secure.gravatar.com\/avatar\/4c81fed838786e9b53f540bf46533e750f5d292099ae3b66cfc6fb1982e29df7?s=96&d=mm&r=g","caption":"admin"},"description":"admin","url":"https:\/\/lasentinelle.dz\/author\/admin\/"}]}},"_links":{"self":[{"href":"https:\/\/lasentinelle.dz\/index.php\/wp-json\/wp\/v2\/posts\/86666","targetHints":{"allow":["GET"]}}],"collection":[{"href":"https:\/\/lasentinelle.dz\/index.php\/wp-json\/wp\/v2\/posts"}],"about":[{"href":"https:\/\/lasentinelle.dz\/index.php\/wp-json\/wp\/v2\/types\/post"}],"author":[{"embeddable":true,"href":"https:\/\/lasentinelle.dz\/index.php\/wp-json\/wp\/v2\/users\/6"}],"replies":[{"embeddable":true,"href":"https:\/\/lasentinelle.dz\/index.php\/wp-json\/wp\/v2\/comments?post=86666"}],"version-history":[{"count":1,"href":"https:\/\/lasentinelle.dz\/index.php\/wp-json\/wp\/v2\/posts\/86666\/revisions"}],"predecessor-version":[{"id":86667,"href":"https:\/\/lasentinelle.dz\/index.php\/wp-json\/wp\/v2\/posts\/86666\/revisions\/86667"}],"wp:featuredmedia":[{"embeddable":true,"href":"https:\/\/lasentinelle.dz\/index.php\/wp-json\/wp\/v2\/media\/83017"}],"wp:attachment":[{"href":"https:\/\/lasentinelle.dz\/index.php\/wp-json\/wp\/v2\/media?parent=86666"}],"wp:term":[{"taxonomy":"category","embeddable":true,"href":"https:\/\/lasentinelle.dz\/index.php\/wp-json\/wp\/v2\/categories?post=86666"},{"taxonomy":"post_tag","embeddable":true,"href":"https:\/\/lasentinelle.dz\/index.php\/wp-json\/wp\/v2\/tags?post=86666"}],"curies":[{"name":"wp","href":"https:\/\/api.w.org\/{rel}","templated":true}]}}