{"id":86668,"date":"2026-04-28T20:38:56","date_gmt":"2026-04-28T19:38:56","guid":{"rendered":"https:\/\/lasentinelle.dz\/?p=86668"},"modified":"2026-04-28T20:38:59","modified_gmt":"2026-04-28T19:38:59","slug":"electricite-la-realisation-dune-centrale-de-14-milliard-de-dollars-lancee","status":"publish","type":"post","link":"https:\/\/lasentinelle.dz\/index.php\/2026\/04\/28\/electricite-la-realisation-dune-centrale-de-14-milliard-de-dollars-lancee\/","title":{"rendered":"\u00c9lectricit\u00e9\u00a0: La r\u00e9alisation d\u2019une centrale de 1,4 milliard de dollars lanc\u00e9e"},"content":{"rendered":"\n<p>Le coup d&rsquo;envoi a \u00e9t\u00e9 donn\u00e9 lundi. Dans la zone d&rsquo;Argoub El Asfar, commune d&rsquo;El Aouinet, wilaya de T\u00e9bessa, le ministre de l&rsquo;\u00c9nergie et des \u00c9nergies renouvelables, Mourad Adjal, a lanc\u00e9 officiellement les travaux d&rsquo;une centrale \u00e9lectrique de 1 406 MW \u2014 la deuxi\u00e8me plus grande du pays. Co\u00fbt de l&rsquo;op\u00e9ration : 184 milliards de dinars, soit environ 1,4 milliard de dollars. Le chantier, \u00e9tal\u00e9 sur 40 hectares, est confi\u00e9 \u00e0 Sonelgaz-Production de l&rsquo;\u00e9lectricit\u00e9 en partenariat avec le groupe chinois CNEEC. D\u00e9lai d&rsquo;ex\u00e9cution : 48 mois. Le projet devrait g\u00e9n\u00e9rer 1 500 emplois pendant les travaux, puis 500 postes permanents en phase d&rsquo;exploitation. La technologie retenue est le cycle combin\u00e9 \u2014 gaz naturel et vapeur. Le principe : les turbines \u00e0 gaz produisent de l&rsquo;\u00e9lectricit\u00e9, puis leur chaleur r\u00e9siduelle alimente des turbines \u00e0 vapeur pour en produire davantage \u00e0 partir du m\u00eame combustible. R\u00e9sultat attendu : une \u00e9conomie de 30 % sur la consommation de carburant. Devant la presse, le ministre a \u00e9t\u00e9 direct : la centrale \u00ab est d&rsquo;une importance capitale pour le syst\u00e8me \u00e9lectrique national, \u00e9tant la deuxi\u00e8me plus grande centrale en termes de capacit\u00e9 au niveau national \u00bb. L&rsquo;objectif, a-t-il pr\u00e9cis\u00e9, est \u00ab d&rsquo;op\u00e9rer un saut qualitatif dans le secteur de l&rsquo;\u00e9nergie afin de r\u00e9pondre \u00e0 la demande croissante, s\u00e9curiser le r\u00e9seau national et accompagner la dynamique de d\u00e9veloppement global \u00bb. T\u00e9bessa sera la premi\u00e8re servie \u00e0 la mise en service de l&rsquo;ouvrage, mais plusieurs autres wilayas du pays b\u00e9n\u00e9ficieront de sa production. Et la dimension r\u00e9gionale ne s&rsquo;arr\u00eate pas l\u00e0. \u00ab \u00c9tant donn\u00e9 que T\u00e9bessa est une wilaya frontali\u00e8re, nous ambitionnons, \u00e0 l&rsquo;avenir, d&rsquo;exporter cette \u00e9nergie \u00e9lectrique \u00bb, a d\u00e9clar\u00e9 Adjal, en pr\u00e9cisant que la gestion de la centrale sera assur\u00e9e par des comp\u00e9tences alg\u00e9riennes.<\/p>\n\n\n\n<p>La wilaya affiche d\u00e9j\u00e0 un taux de couverture en \u00e9lectricit\u00e9 de pr\u00e8s de 99 %. Celui du gaz d\u00e9passe les 77 %, et plusieurs projets programm\u00e9s pour 2026 devraient le porter \u00e0 80 %. Des installations de panneaux solaires sont \u00e9galement pr\u00e9vues pour les habitations isol\u00e9es, hors r\u00e9seau.<\/p>\n\n\n\n<p><em>Malik Meziane<\/em><\/p>\n","protected":false},"excerpt":{"rendered":"<p>Le coup d&rsquo;envoi a \u00e9t\u00e9 donn\u00e9 lundi. Dans la zone d&rsquo;Argoub El Asfar, commune d&rsquo;El Aouinet, wilaya de T\u00e9bessa, le<\/p>\n","protected":false},"author":6,"featured_media":86669,"comment_status":"open","ping_status":"closed","sticky":false,"template":"","format":"standard","meta":{"colormag_page_container_layout":"default_layout","colormag_page_sidebar_layout":"default_layout","om_disable_all_campaigns":false,"_monsterinsights_skip_tracking":false,"_monsterinsights_sitenote_active":false,"_monsterinsights_sitenote_note":"","_monsterinsights_sitenote_category":0,"footnotes":"","_wpscppro_dont_share_socialmedia":false,"_wpscppro_custom_social_share_image":0,"_facebook_share_type":"default","_twitter_share_type":"default","_linkedin_share_type":"default","_pinterest_share_type":"default","_linkedin_share_type_page":"","_instagram_share_type":"default","_medium_share_type":"default","_threads_share_type":"default","_google_business_share_type":"default","_selected_social_profile":[],"_wpsp_enable_custom_social_template":false,"_wpsp_social_scheduling":{"enabled":false,"datetime":null,"platforms":[],"status":"template_only","dateOption":"today","timeOption":"now","customDays":"","customHours":"","customDate":"","customTime":"","schedulingType":"absolute"},"_wpsp_active_default_template":true},"categories":[29],"tags":[],"class_list":["post-86668","post","type-post","status-publish","format-standard","has-post-thumbnail","hentry","category-economie"],"aioseo_notices":[],"yoast_head":"<!-- This site is optimized with the Yoast SEO plugin v27.4 - https:\/\/yoast.com\/product\/yoast-seo-wordpress\/ -->\n<title>\u00c9lectricit\u00e9\u00a0: La r\u00e9alisation d\u2019une centrale de 1,4 milliard de dollars lanc\u00e9e - La Sentinelle<\/title>\n<meta name=\"robots\" content=\"index, follow, max-snippet:-1, max-image-preview:large, max-video-preview:-1\" \/>\n<link rel=\"canonical\" href=\"https:\/\/lasentinelle.dz\/index.php\/2026\/04\/28\/electricite-la-realisation-dune-centrale-de-14-milliard-de-dollars-lancee\/\" \/>\n<meta property=\"og:locale\" content=\"fr_FR\" \/>\n<meta property=\"og:type\" content=\"article\" \/>\n<meta property=\"og:title\" content=\"\u00c9lectricit\u00e9\u00a0: La r\u00e9alisation d\u2019une centrale de 1,4 milliard de dollars lanc\u00e9e - La Sentinelle\" \/>\n<meta property=\"og:description\" content=\"Le coup d&rsquo;envoi a \u00e9t\u00e9 donn\u00e9 lundi. Dans la zone d&rsquo;Argoub El Asfar, commune d&rsquo;El Aouinet, wilaya de T\u00e9bessa, le\" \/>\n<meta property=\"og:url\" content=\"https:\/\/lasentinelle.dz\/index.php\/2026\/04\/28\/electricite-la-realisation-dune-centrale-de-14-milliard-de-dollars-lancee\/\" \/>\n<meta property=\"og:site_name\" content=\"La Sentinelle\" \/>\n<meta property=\"article:publisher\" content=\"https:\/\/www.facebook.com\/La-Sentinelle-104059864394773\" \/>\n<meta property=\"article:published_time\" content=\"2026-04-28T19:38:56+00:00\" \/>\n<meta property=\"article:modified_time\" content=\"2026-04-28T19:38:59+00:00\" \/>\n<meta property=\"og:image\" content=\"https:\/\/lasentinelle.dz\/wp-content\/uploads\/2026\/04\/681250481_122136480003043354_8035341114085188530_n.jpg\" \/>\n\t<meta property=\"og:image:width\" content=\"2048\" \/>\n\t<meta property=\"og:image:height\" content=\"1366\" \/>\n\t<meta property=\"og:image:type\" content=\"image\/jpeg\" \/>\n<meta name=\"author\" content=\"admin\" \/>\n<meta name=\"twitter:card\" content=\"summary_large_image\" \/>\n<meta name=\"twitter:label1\" content=\"\u00c9crit par\" \/>\n\t<meta name=\"twitter:data1\" content=\"admin\" \/>\n\t<meta name=\"twitter:label2\" content=\"Dur\u00e9e de lecture estim\u00e9e\" \/>\n\t<meta name=\"twitter:data2\" content=\"2 minutes\" \/>\n<script type=\"application\/ld+json\" class=\"yoast-schema-graph\">{\"@context\":\"https:\\\/\\\/schema.org\",\"@graph\":[{\"@type\":\"Article\",\"@id\":\"https:\\\/\\\/lasentinelle.dz\\\/index.php\\\/2026\\\/04\\\/28\\\/electricite-la-realisation-dune-centrale-de-14-milliard-de-dollars-lancee\\\/#article\",\"isPartOf\":{\"@id\":\"https:\\\/\\\/lasentinelle.dz\\\/index.php\\\/2026\\\/04\\\/28\\\/electricite-la-realisation-dune-centrale-de-14-milliard-de-dollars-lancee\\\/\"},\"author\":{\"name\":\"admin\",\"@id\":\"https:\\\/\\\/lasentinelle.dz\\\/#\\\/schema\\\/person\\\/729ee0024f24e0b8c5ec17232f8e8b41\"},\"headline\":\"\u00c9lectricit\u00e9\u00a0: La r\u00e9alisation d\u2019une centrale de 1,4 milliard de dollars lanc\u00e9e\",\"datePublished\":\"2026-04-28T19:38:56+00:00\",\"dateModified\":\"2026-04-28T19:38:59+00:00\",\"mainEntityOfPage\":{\"@id\":\"https:\\\/\\\/lasentinelle.dz\\\/index.php\\\/2026\\\/04\\\/28\\\/electricite-la-realisation-dune-centrale-de-14-milliard-de-dollars-lancee\\\/\"},\"wordCount\":370,\"commentCount\":0,\"publisher\":{\"@id\":\"https:\\\/\\\/lasentinelle.dz\\\/#organization\"},\"image\":{\"@id\":\"https:\\\/\\\/lasentinelle.dz\\\/index.php\\\/2026\\\/04\\\/28\\\/electricite-la-realisation-dune-centrale-de-14-milliard-de-dollars-lancee\\\/#primaryimage\"},\"thumbnailUrl\":\"https:\\\/\\\/lasentinelle.dz\\\/wp-content\\\/uploads\\\/2026\\\/04\\\/681250481_122136480003043354_8035341114085188530_n.jpg\",\"articleSection\":[\"\u00c9conomie\"],\"inLanguage\":\"fr-FR\",\"potentialAction\":[{\"@type\":\"CommentAction\",\"name\":\"Comment\",\"target\":[\"https:\\\/\\\/lasentinelle.dz\\\/index.php\\\/2026\\\/04\\\/28\\\/electricite-la-realisation-dune-centrale-de-14-milliard-de-dollars-lancee\\\/#respond\"]}]},{\"@type\":\"WebPage\",\"@id\":\"https:\\\/\\\/lasentinelle.dz\\\/index.php\\\/2026\\\/04\\\/28\\\/electricite-la-realisation-dune-centrale-de-14-milliard-de-dollars-lancee\\\/\",\"url\":\"https:\\\/\\\/lasentinelle.dz\\\/index.php\\\/2026\\\/04\\\/28\\\/electricite-la-realisation-dune-centrale-de-14-milliard-de-dollars-lancee\\\/\",\"name\":\"\u00c9lectricit\u00e9\u00a0: La r\u00e9alisation d\u2019une centrale de 1,4 milliard de dollars lanc\u00e9e - La Sentinelle\",\"isPartOf\":{\"@id\":\"https:\\\/\\\/lasentinelle.dz\\\/#website\"},\"primaryImageOfPage\":{\"@id\":\"https:\\\/\\\/lasentinelle.dz\\\/index.php\\\/2026\\\/04\\\/28\\\/electricite-la-realisation-dune-centrale-de-14-milliard-de-dollars-lancee\\\/#primaryimage\"},\"image\":{\"@id\":\"https:\\\/\\\/lasentinelle.dz\\\/index.php\\\/2026\\\/04\\\/28\\\/electricite-la-realisation-dune-centrale-de-14-milliard-de-dollars-lancee\\\/#primaryimage\"},\"thumbnailUrl\":\"https:\\\/\\\/lasentinelle.dz\\\/wp-content\\\/uploads\\\/2026\\\/04\\\/681250481_122136480003043354_8035341114085188530_n.jpg\",\"datePublished\":\"2026-04-28T19:38:56+00:00\",\"dateModified\":\"2026-04-28T19:38:59+00:00\",\"breadcrumb\":{\"@id\":\"https:\\\/\\\/lasentinelle.dz\\\/index.php\\\/2026\\\/04\\\/28\\\/electricite-la-realisation-dune-centrale-de-14-milliard-de-dollars-lancee\\\/#breadcrumb\"},\"inLanguage\":\"fr-FR\",\"potentialAction\":[{\"@type\":\"ReadAction\",\"target\":[\"https:\\\/\\\/lasentinelle.dz\\\/index.php\\\/2026\\\/04\\\/28\\\/electricite-la-realisation-dune-centrale-de-14-milliard-de-dollars-lancee\\\/\"]}]},{\"@type\":\"ImageObject\",\"inLanguage\":\"fr-FR\",\"@id\":\"https:\\\/\\\/lasentinelle.dz\\\/index.php\\\/2026\\\/04\\\/28\\\/electricite-la-realisation-dune-centrale-de-14-milliard-de-dollars-lancee\\\/#primaryimage\",\"url\":\"https:\\\/\\\/lasentinelle.dz\\\/wp-content\\\/uploads\\\/2026\\\/04\\\/681250481_122136480003043354_8035341114085188530_n.jpg\",\"contentUrl\":\"https:\\\/\\\/lasentinelle.dz\\\/wp-content\\\/uploads\\\/2026\\\/04\\\/681250481_122136480003043354_8035341114085188530_n.jpg\",\"width\":2048,\"height\":1366},{\"@type\":\"BreadcrumbList\",\"@id\":\"https:\\\/\\\/lasentinelle.dz\\\/index.php\\\/2026\\\/04\\\/28\\\/electricite-la-realisation-dune-centrale-de-14-milliard-de-dollars-lancee\\\/#breadcrumb\",\"itemListElement\":[{\"@type\":\"ListItem\",\"position\":1,\"name\":\"Accueil\",\"item\":\"https:\\\/\\\/lasentinelle.dz\\\/\"},{\"@type\":\"ListItem\",\"position\":2,\"name\":\"\u00c9lectricit\u00e9\u00a0: La r\u00e9alisation d\u2019une centrale de 1,4 milliard de dollars lanc\u00e9e\"}]},{\"@type\":\"WebSite\",\"@id\":\"https:\\\/\\\/lasentinelle.dz\\\/#website\",\"url\":\"https:\\\/\\\/lasentinelle.dz\\\/\",\"name\":\"La Sentinelle\",\"description\":\"Quotidien national d&#039;information\",\"publisher\":{\"@id\":\"https:\\\/\\\/lasentinelle.dz\\\/#organization\"},\"potentialAction\":[{\"@type\":\"SearchAction\",\"target\":{\"@type\":\"EntryPoint\",\"urlTemplate\":\"https:\\\/\\\/lasentinelle.dz\\\/?s={search_term_string}\"},\"query-input\":{\"@type\":\"PropertyValueSpecification\",\"valueRequired\":true,\"valueName\":\"search_term_string\"}}],\"inLanguage\":\"fr-FR\"},{\"@type\":\"Organization\",\"@id\":\"https:\\\/\\\/lasentinelle.dz\\\/#organization\",\"name\":\"Quotidien La Sentinelle\",\"url\":\"https:\\\/\\\/lasentinelle.dz\\\/\",\"logo\":{\"@type\":\"ImageObject\",\"inLanguage\":\"fr-FR\",\"@id\":\"https:\\\/\\\/lasentinelle.dz\\\/#\\\/schema\\\/logo\\\/image\\\/\",\"url\":\"https:\\\/\\\/lasentinelle.dz\\\/wp-content\\\/uploads\\\/2021\\\/09\\\/logo-sentinelleSLOGAN-1.png\",\"contentUrl\":\"https:\\\/\\\/lasentinelle.dz\\\/wp-content\\\/uploads\\\/2021\\\/09\\\/logo-sentinelleSLOGAN-1.png\",\"width\":615,\"height\":142,\"caption\":\"Quotidien La Sentinelle\"},\"image\":{\"@id\":\"https:\\\/\\\/lasentinelle.dz\\\/#\\\/schema\\\/logo\\\/image\\\/\"},\"sameAs\":[\"https:\\\/\\\/www.facebook.com\\\/La-Sentinelle-104059864394773\"]},{\"@type\":\"Person\",\"@id\":\"https:\\\/\\\/lasentinelle.dz\\\/#\\\/schema\\\/person\\\/729ee0024f24e0b8c5ec17232f8e8b41\",\"name\":\"admin\",\"image\":{\"@type\":\"ImageObject\",\"inLanguage\":\"fr-FR\",\"@id\":\"https:\\\/\\\/secure.gravatar.com\\\/avatar\\\/4c81fed838786e9b53f540bf46533e750f5d292099ae3b66cfc6fb1982e29df7?s=96&d=mm&r=g\",\"url\":\"https:\\\/\\\/secure.gravatar.com\\\/avatar\\\/4c81fed838786e9b53f540bf46533e750f5d292099ae3b66cfc6fb1982e29df7?s=96&d=mm&r=g\",\"contentUrl\":\"https:\\\/\\\/secure.gravatar.com\\\/avatar\\\/4c81fed838786e9b53f540bf46533e750f5d292099ae3b66cfc6fb1982e29df7?s=96&d=mm&r=g\",\"caption\":\"admin\"},\"description\":\"admin\",\"url\":\"https:\\\/\\\/lasentinelle.dz\\\/author\\\/admin\\\/\"}]}<\/script>\n<!-- \/ Yoast SEO plugin. -->","yoast_head_json":{"title":"\u00c9lectricit\u00e9\u00a0: La r\u00e9alisation d\u2019une centrale de 1,4 milliard de dollars lanc\u00e9e - La Sentinelle","robots":{"index":"index","follow":"follow","max-snippet":"max-snippet:-1","max-image-preview":"max-image-preview:large","max-video-preview":"max-video-preview:-1"},"canonical":"https:\/\/lasentinelle.dz\/index.php\/2026\/04\/28\/electricite-la-realisation-dune-centrale-de-14-milliard-de-dollars-lancee\/","og_locale":"fr_FR","og_type":"article","og_title":"\u00c9lectricit\u00e9\u00a0: La r\u00e9alisation d\u2019une centrale de 1,4 milliard de dollars lanc\u00e9e - La Sentinelle","og_description":"Le coup d&rsquo;envoi a \u00e9t\u00e9 donn\u00e9 lundi. Dans la zone d&rsquo;Argoub El Asfar, commune d&rsquo;El Aouinet, wilaya de T\u00e9bessa, le","og_url":"https:\/\/lasentinelle.dz\/index.php\/2026\/04\/28\/electricite-la-realisation-dune-centrale-de-14-milliard-de-dollars-lancee\/","og_site_name":"La Sentinelle","article_publisher":"https:\/\/www.facebook.com\/La-Sentinelle-104059864394773","article_published_time":"2026-04-28T19:38:56+00:00","article_modified_time":"2026-04-28T19:38:59+00:00","og_image":[{"width":2048,"height":1366,"url":"https:\/\/lasentinelle.dz\/wp-content\/uploads\/2026\/04\/681250481_122136480003043354_8035341114085188530_n.jpg","type":"image\/jpeg"}],"author":"admin","twitter_card":"summary_large_image","twitter_misc":{"\u00c9crit par":"admin","Dur\u00e9e de lecture estim\u00e9e":"2 minutes"},"schema":{"@context":"https:\/\/schema.org","@graph":[{"@type":"Article","@id":"https:\/\/lasentinelle.dz\/index.php\/2026\/04\/28\/electricite-la-realisation-dune-centrale-de-14-milliard-de-dollars-lancee\/#article","isPartOf":{"@id":"https:\/\/lasentinelle.dz\/index.php\/2026\/04\/28\/electricite-la-realisation-dune-centrale-de-14-milliard-de-dollars-lancee\/"},"author":{"name":"admin","@id":"https:\/\/lasentinelle.dz\/#\/schema\/person\/729ee0024f24e0b8c5ec17232f8e8b41"},"headline":"\u00c9lectricit\u00e9\u00a0: La r\u00e9alisation d\u2019une centrale de 1,4 milliard de dollars lanc\u00e9e","datePublished":"2026-04-28T19:38:56+00:00","dateModified":"2026-04-28T19:38:59+00:00","mainEntityOfPage":{"@id":"https:\/\/lasentinelle.dz\/index.php\/2026\/04\/28\/electricite-la-realisation-dune-centrale-de-14-milliard-de-dollars-lancee\/"},"wordCount":370,"commentCount":0,"publisher":{"@id":"https:\/\/lasentinelle.dz\/#organization"},"image":{"@id":"https:\/\/lasentinelle.dz\/index.php\/2026\/04\/28\/electricite-la-realisation-dune-centrale-de-14-milliard-de-dollars-lancee\/#primaryimage"},"thumbnailUrl":"https:\/\/lasentinelle.dz\/wp-content\/uploads\/2026\/04\/681250481_122136480003043354_8035341114085188530_n.jpg","articleSection":["\u00c9conomie"],"inLanguage":"fr-FR","potentialAction":[{"@type":"CommentAction","name":"Comment","target":["https:\/\/lasentinelle.dz\/index.php\/2026\/04\/28\/electricite-la-realisation-dune-centrale-de-14-milliard-de-dollars-lancee\/#respond"]}]},{"@type":"WebPage","@id":"https:\/\/lasentinelle.dz\/index.php\/2026\/04\/28\/electricite-la-realisation-dune-centrale-de-14-milliard-de-dollars-lancee\/","url":"https:\/\/lasentinelle.dz\/index.php\/2026\/04\/28\/electricite-la-realisation-dune-centrale-de-14-milliard-de-dollars-lancee\/","name":"\u00c9lectricit\u00e9\u00a0: La r\u00e9alisation d\u2019une centrale de 1,4 milliard de dollars lanc\u00e9e - La Sentinelle","isPartOf":{"@id":"https:\/\/lasentinelle.dz\/#website"},"primaryImageOfPage":{"@id":"https:\/\/lasentinelle.dz\/index.php\/2026\/04\/28\/electricite-la-realisation-dune-centrale-de-14-milliard-de-dollars-lancee\/#primaryimage"},"image":{"@id":"https:\/\/lasentinelle.dz\/index.php\/2026\/04\/28\/electricite-la-realisation-dune-centrale-de-14-milliard-de-dollars-lancee\/#primaryimage"},"thumbnailUrl":"https:\/\/lasentinelle.dz\/wp-content\/uploads\/2026\/04\/681250481_122136480003043354_8035341114085188530_n.jpg","datePublished":"2026-04-28T19:38:56+00:00","dateModified":"2026-04-28T19:38:59+00:00","breadcrumb":{"@id":"https:\/\/lasentinelle.dz\/index.php\/2026\/04\/28\/electricite-la-realisation-dune-centrale-de-14-milliard-de-dollars-lancee\/#breadcrumb"},"inLanguage":"fr-FR","potentialAction":[{"@type":"ReadAction","target":["https:\/\/lasentinelle.dz\/index.php\/2026\/04\/28\/electricite-la-realisation-dune-centrale-de-14-milliard-de-dollars-lancee\/"]}]},{"@type":"ImageObject","inLanguage":"fr-FR","@id":"https:\/\/lasentinelle.dz\/index.php\/2026\/04\/28\/electricite-la-realisation-dune-centrale-de-14-milliard-de-dollars-lancee\/#primaryimage","url":"https:\/\/lasentinelle.dz\/wp-content\/uploads\/2026\/04\/681250481_122136480003043354_8035341114085188530_n.jpg","contentUrl":"https:\/\/lasentinelle.dz\/wp-content\/uploads\/2026\/04\/681250481_122136480003043354_8035341114085188530_n.jpg","width":2048,"height":1366},{"@type":"BreadcrumbList","@id":"https:\/\/lasentinelle.dz\/index.php\/2026\/04\/28\/electricite-la-realisation-dune-centrale-de-14-milliard-de-dollars-lancee\/#breadcrumb","itemListElement":[{"@type":"ListItem","position":1,"name":"Accueil","item":"https:\/\/lasentinelle.dz\/"},{"@type":"ListItem","position":2,"name":"\u00c9lectricit\u00e9\u00a0: La r\u00e9alisation d\u2019une centrale de 1,4 milliard de dollars lanc\u00e9e"}]},{"@type":"WebSite","@id":"https:\/\/lasentinelle.dz\/#website","url":"https:\/\/lasentinelle.dz\/","name":"La Sentinelle","description":"Quotidien national d&#039;information","publisher":{"@id":"https:\/\/lasentinelle.dz\/#organization"},"potentialAction":[{"@type":"SearchAction","target":{"@type":"EntryPoint","urlTemplate":"https:\/\/lasentinelle.dz\/?s={search_term_string}"},"query-input":{"@type":"PropertyValueSpecification","valueRequired":true,"valueName":"search_term_string"}}],"inLanguage":"fr-FR"},{"@type":"Organization","@id":"https:\/\/lasentinelle.dz\/#organization","name":"Quotidien La Sentinelle","url":"https:\/\/lasentinelle.dz\/","logo":{"@type":"ImageObject","inLanguage":"fr-FR","@id":"https:\/\/lasentinelle.dz\/#\/schema\/logo\/image\/","url":"https:\/\/lasentinelle.dz\/wp-content\/uploads\/2021\/09\/logo-sentinelleSLOGAN-1.png","contentUrl":"https:\/\/lasentinelle.dz\/wp-content\/uploads\/2021\/09\/logo-sentinelleSLOGAN-1.png","width":615,"height":142,"caption":"Quotidien La Sentinelle"},"image":{"@id":"https:\/\/lasentinelle.dz\/#\/schema\/logo\/image\/"},"sameAs":["https:\/\/www.facebook.com\/La-Sentinelle-104059864394773"]},{"@type":"Person","@id":"https:\/\/lasentinelle.dz\/#\/schema\/person\/729ee0024f24e0b8c5ec17232f8e8b41","name":"admin","image":{"@type":"ImageObject","inLanguage":"fr-FR","@id":"https:\/\/secure.gravatar.com\/avatar\/4c81fed838786e9b53f540bf46533e750f5d292099ae3b66cfc6fb1982e29df7?s=96&d=mm&r=g","url":"https:\/\/secure.gravatar.com\/avatar\/4c81fed838786e9b53f540bf46533e750f5d292099ae3b66cfc6fb1982e29df7?s=96&d=mm&r=g","contentUrl":"https:\/\/secure.gravatar.com\/avatar\/4c81fed838786e9b53f540bf46533e750f5d292099ae3b66cfc6fb1982e29df7?s=96&d=mm&r=g","caption":"admin"},"description":"admin","url":"https:\/\/lasentinelle.dz\/author\/admin\/"}]}},"_links":{"self":[{"href":"https:\/\/lasentinelle.dz\/index.php\/wp-json\/wp\/v2\/posts\/86668","targetHints":{"allow":["GET"]}}],"collection":[{"href":"https:\/\/lasentinelle.dz\/index.php\/wp-json\/wp\/v2\/posts"}],"about":[{"href":"https:\/\/lasentinelle.dz\/index.php\/wp-json\/wp\/v2\/types\/post"}],"author":[{"embeddable":true,"href":"https:\/\/lasentinelle.dz\/index.php\/wp-json\/wp\/v2\/users\/6"}],"replies":[{"embeddable":true,"href":"https:\/\/lasentinelle.dz\/index.php\/wp-json\/wp\/v2\/comments?post=86668"}],"version-history":[{"count":1,"href":"https:\/\/lasentinelle.dz\/index.php\/wp-json\/wp\/v2\/posts\/86668\/revisions"}],"predecessor-version":[{"id":86670,"href":"https:\/\/lasentinelle.dz\/index.php\/wp-json\/wp\/v2\/posts\/86668\/revisions\/86670"}],"wp:featuredmedia":[{"embeddable":true,"href":"https:\/\/lasentinelle.dz\/index.php\/wp-json\/wp\/v2\/media\/86669"}],"wp:attachment":[{"href":"https:\/\/lasentinelle.dz\/index.php\/wp-json\/wp\/v2\/media?parent=86668"}],"wp:term":[{"taxonomy":"category","embeddable":true,"href":"https:\/\/lasentinelle.dz\/index.php\/wp-json\/wp\/v2\/categories?post=86668"},{"taxonomy":"post_tag","embeddable":true,"href":"https:\/\/lasentinelle.dz\/index.php\/wp-json\/wp\/v2\/tags?post=86668"}],"curies":[{"name":"wp","href":"https:\/\/api.w.org\/{rel}","templated":true}]}}