{"id":86674,"date":"2026-04-28T20:41:51","date_gmt":"2026-04-28T19:41:51","guid":{"rendered":"https:\/\/lasentinelle.dz\/?p=86674"},"modified":"2026-04-28T20:41:54","modified_gmt":"2026-04-28T19:41:54","slug":"57e-foire-internationale-dalger-lespagne-en-invitee-dhonneur","status":"publish","type":"post","link":"https:\/\/lasentinelle.dz\/index.php\/2026\/04\/28\/57e-foire-internationale-dalger-lespagne-en-invitee-dhonneur\/","title":{"rendered":"57e Foire internationale d&rsquo;Alger\u00a0: L&rsquo;Espagne en invit\u00e9e d&rsquo;honneur"},"content":{"rendered":"\n<p>Le Palais des expositions d&rsquo;Alger ouvrira ses portes du 22 au 27 juin prochain pour la 57e \u00e9dition de la Foire internationale d&rsquo;Alger (FIA), plac\u00e9e sous le haut patronage du pr\u00e9sident de la R\u00e9publique, Abdelmadjid Tebboune. L&rsquo;organisation est assur\u00e9e par Algeria Exhibitions, filiale du groupe SAFEX. Pour cette \u00e9dition 2026, c&rsquo;est l&rsquo;Espagne qui occupera la place d&rsquo;invit\u00e9e d&rsquo;honneur. Algeria Exhibitions y voit le reflet \u00abde la dynamique positive que connaissent les relations alg\u00e9ro-espagnoles ces derniers temps\u00bb et entend en faire une opportunit\u00e9 pour \u00abrenforcer la coop\u00e9ration bilat\u00e9rale et explorer de nouvelles perspectives de partenariat entre les entreprises alg\u00e9riennes et espagnoles dans plusieurs secteurs strat\u00e9giques\u00bb. Le choix de Madrid n&rsquo;est pas anodin : depuis 2022, les deux pays ont renou\u00e9 des liens \u00e9conomiques plus \u00e9troits, et la FIA vient formaliser cet \u00e9lan sur le terrain des affaires. L&rsquo;\u00e9dition se d\u00e9ploiera sur l&rsquo;ensemble des pavillons du Palais des expositions mais franchira aussi, pour la premi\u00e8re fois, les portes du Pavillon Palestine. Algeria Exhibitions qualifie cet \u00e9difice \u00abd&rsquo;architecture moderne\u00bb qui constitue \u00abun saut qualitatif dans l&rsquo;organisation des foires et des grands \u00e9v\u00e9nements \u00e9conomiques, gr\u00e2ce \u00e0 ses vastes espaces d&rsquo;exposition et \u00e0 ses \u00e9quipements de pointe r\u00e9pondant aux standards internationaux\u00bb. En clair, Alger veut s&rsquo;imposer comme une destination cr\u00e9dible pour les grands rendez-vous \u00e9conomiques du continent. La FIA couvre un spectre sectoriel large : industries agroalimentaires, \u00e9lectrom\u00e9nager, m\u00e9canique, sid\u00e9rurgie, industries manufacturi\u00e8res, travaux publics, b\u00e2timent et services. Des espaces de vente seront \u00e9galement ouverts pour permettre aux exposants de commercialiser leurs produits directement sur place. En marge des stands, des conf\u00e9rences anim\u00e9es par des experts porteront sur le d\u00e9veloppement industriel national, l&rsquo;investissement et la promotion des exportations hors hydrocarbures \u2014 un axe sur lequel les autorit\u00e9s alg\u00e9riennes insistent depuis plusieurs ann\u00e9es.<\/p>\n\n\n\n<p>L&rsquo;\u00e9dition pr\u00e9c\u00e9dente donne la mesure de ce que repr\u00e9sente d\u00e9sormais cette foire. En juin 2025, la 56e FIA \u2014 tenue sous le slogan \u00abPour une coop\u00e9ration mutuelle et durable\u00bb \u2014 avait rassembl\u00e9 684 entreprises, dont 539 alg\u00e9riennes et 145 \u00e9trang\u00e8res venues de 31 pays, avec Oman comme invit\u00e9 d&rsquo;honneur. Un record de participation qui place la barre haut pour 2026.<\/p>\n\n\n\n<p>Samir Benisid<\/p>\n","protected":false},"excerpt":{"rendered":"<p>Le Palais des expositions d&rsquo;Alger ouvrira ses portes du 22 au 27 juin prochain pour la 57e \u00e9dition de la<\/p>\n","protected":false},"author":6,"featured_media":53585,"comment_status":"open","ping_status":"closed","sticky":false,"template":"","format":"standard","meta":{"colormag_page_container_layout":"default_layout","colormag_page_sidebar_layout":"default_layout","om_disable_all_campaigns":false,"_monsterinsights_skip_tracking":false,"_monsterinsights_sitenote_active":false,"_monsterinsights_sitenote_note":"","_monsterinsights_sitenote_category":0,"footnotes":"","_wpscppro_dont_share_socialmedia":false,"_wpscppro_custom_social_share_image":0,"_facebook_share_type":"default","_twitter_share_type":"default","_linkedin_share_type":"default","_pinterest_share_type":"default","_linkedin_share_type_page":"","_instagram_share_type":"default","_medium_share_type":"default","_threads_share_type":"default","_google_business_share_type":"default","_selected_social_profile":[],"_wpsp_enable_custom_social_template":false,"_wpsp_social_scheduling":{"enabled":false,"datetime":null,"platforms":[],"status":"template_only","dateOption":"today","timeOption":"now","customDays":"","customHours":"","customDate":"","customTime":"","schedulingType":"absolute"},"_wpsp_active_default_template":true},"categories":[29],"tags":[],"class_list":["post-86674","post","type-post","status-publish","format-standard","has-post-thumbnail","hentry","category-economie"],"aioseo_notices":[],"yoast_head":"<!-- This site is optimized with the Yoast SEO plugin v27.4 - https:\/\/yoast.com\/product\/yoast-seo-wordpress\/ -->\n<title>57e Foire internationale d&rsquo;Alger\u00a0: L&rsquo;Espagne en invit\u00e9e d&rsquo;honneur - La Sentinelle<\/title>\n<meta name=\"robots\" content=\"index, follow, max-snippet:-1, max-image-preview:large, max-video-preview:-1\" \/>\n<link rel=\"canonical\" href=\"https:\/\/lasentinelle.dz\/index.php\/2026\/04\/28\/57e-foire-internationale-dalger-lespagne-en-invitee-dhonneur\/\" \/>\n<meta property=\"og:locale\" content=\"fr_FR\" \/>\n<meta property=\"og:type\" content=\"article\" \/>\n<meta property=\"og:title\" content=\"57e Foire internationale d&rsquo;Alger\u00a0: L&rsquo;Espagne en invit\u00e9e d&rsquo;honneur - La Sentinelle\" \/>\n<meta property=\"og:description\" content=\"Le Palais des expositions d&rsquo;Alger ouvrira ses portes du 22 au 27 juin prochain pour la 57e \u00e9dition de la\" \/>\n<meta property=\"og:url\" content=\"https:\/\/lasentinelle.dz\/index.php\/2026\/04\/28\/57e-foire-internationale-dalger-lespagne-en-invitee-dhonneur\/\" \/>\n<meta property=\"og:site_name\" content=\"La Sentinelle\" \/>\n<meta property=\"article:publisher\" content=\"https:\/\/www.facebook.com\/La-Sentinelle-104059864394773\" \/>\n<meta property=\"article:published_time\" content=\"2026-04-28T19:41:51+00:00\" \/>\n<meta property=\"article:modified_time\" content=\"2026-04-28T19:41:54+00:00\" \/>\n<meta property=\"og:image\" content=\"https:\/\/lasentinelle.dz\/wp-content\/uploads\/2024\/06\/Foire.jpeg\" \/>\n\t<meta property=\"og:image:width\" content=\"745\" \/>\n\t<meta property=\"og:image:height\" content=\"470\" \/>\n\t<meta property=\"og:image:type\" content=\"image\/jpeg\" \/>\n<meta name=\"author\" content=\"admin\" \/>\n<meta name=\"twitter:card\" content=\"summary_large_image\" \/>\n<meta name=\"twitter:label1\" content=\"\u00c9crit par\" \/>\n\t<meta name=\"twitter:data1\" content=\"admin\" \/>\n\t<meta name=\"twitter:label2\" content=\"Dur\u00e9e de lecture estim\u00e9e\" \/>\n\t<meta name=\"twitter:data2\" content=\"2 minutes\" \/>\n<script type=\"application\/ld+json\" class=\"yoast-schema-graph\">{\"@context\":\"https:\\\/\\\/schema.org\",\"@graph\":[{\"@type\":\"Article\",\"@id\":\"https:\\\/\\\/lasentinelle.dz\\\/index.php\\\/2026\\\/04\\\/28\\\/57e-foire-internationale-dalger-lespagne-en-invitee-dhonneur\\\/#article\",\"isPartOf\":{\"@id\":\"https:\\\/\\\/lasentinelle.dz\\\/index.php\\\/2026\\\/04\\\/28\\\/57e-foire-internationale-dalger-lespagne-en-invitee-dhonneur\\\/\"},\"author\":{\"name\":\"admin\",\"@id\":\"https:\\\/\\\/lasentinelle.dz\\\/#\\\/schema\\\/person\\\/729ee0024f24e0b8c5ec17232f8e8b41\"},\"headline\":\"57e Foire internationale d&rsquo;Alger\u00a0: L&rsquo;Espagne en invit\u00e9e d&rsquo;honneur\",\"datePublished\":\"2026-04-28T19:41:51+00:00\",\"dateModified\":\"2026-04-28T19:41:54+00:00\",\"mainEntityOfPage\":{\"@id\":\"https:\\\/\\\/lasentinelle.dz\\\/index.php\\\/2026\\\/04\\\/28\\\/57e-foire-internationale-dalger-lespagne-en-invitee-dhonneur\\\/\"},\"wordCount\":397,\"commentCount\":0,\"publisher\":{\"@id\":\"https:\\\/\\\/lasentinelle.dz\\\/#organization\"},\"image\":{\"@id\":\"https:\\\/\\\/lasentinelle.dz\\\/index.php\\\/2026\\\/04\\\/28\\\/57e-foire-internationale-dalger-lespagne-en-invitee-dhonneur\\\/#primaryimage\"},\"thumbnailUrl\":\"https:\\\/\\\/lasentinelle.dz\\\/wp-content\\\/uploads\\\/2024\\\/06\\\/Foire.jpeg\",\"articleSection\":[\"\u00c9conomie\"],\"inLanguage\":\"fr-FR\",\"potentialAction\":[{\"@type\":\"CommentAction\",\"name\":\"Comment\",\"target\":[\"https:\\\/\\\/lasentinelle.dz\\\/index.php\\\/2026\\\/04\\\/28\\\/57e-foire-internationale-dalger-lespagne-en-invitee-dhonneur\\\/#respond\"]}]},{\"@type\":\"WebPage\",\"@id\":\"https:\\\/\\\/lasentinelle.dz\\\/index.php\\\/2026\\\/04\\\/28\\\/57e-foire-internationale-dalger-lespagne-en-invitee-dhonneur\\\/\",\"url\":\"https:\\\/\\\/lasentinelle.dz\\\/index.php\\\/2026\\\/04\\\/28\\\/57e-foire-internationale-dalger-lespagne-en-invitee-dhonneur\\\/\",\"name\":\"57e Foire internationale d&rsquo;Alger\u00a0: L&rsquo;Espagne en invit\u00e9e d&rsquo;honneur - La Sentinelle\",\"isPartOf\":{\"@id\":\"https:\\\/\\\/lasentinelle.dz\\\/#website\"},\"primaryImageOfPage\":{\"@id\":\"https:\\\/\\\/lasentinelle.dz\\\/index.php\\\/2026\\\/04\\\/28\\\/57e-foire-internationale-dalger-lespagne-en-invitee-dhonneur\\\/#primaryimage\"},\"image\":{\"@id\":\"https:\\\/\\\/lasentinelle.dz\\\/index.php\\\/2026\\\/04\\\/28\\\/57e-foire-internationale-dalger-lespagne-en-invitee-dhonneur\\\/#primaryimage\"},\"thumbnailUrl\":\"https:\\\/\\\/lasentinelle.dz\\\/wp-content\\\/uploads\\\/2024\\\/06\\\/Foire.jpeg\",\"datePublished\":\"2026-04-28T19:41:51+00:00\",\"dateModified\":\"2026-04-28T19:41:54+00:00\",\"breadcrumb\":{\"@id\":\"https:\\\/\\\/lasentinelle.dz\\\/index.php\\\/2026\\\/04\\\/28\\\/57e-foire-internationale-dalger-lespagne-en-invitee-dhonneur\\\/#breadcrumb\"},\"inLanguage\":\"fr-FR\",\"potentialAction\":[{\"@type\":\"ReadAction\",\"target\":[\"https:\\\/\\\/lasentinelle.dz\\\/index.php\\\/2026\\\/04\\\/28\\\/57e-foire-internationale-dalger-lespagne-en-invitee-dhonneur\\\/\"]}]},{\"@type\":\"ImageObject\",\"inLanguage\":\"fr-FR\",\"@id\":\"https:\\\/\\\/lasentinelle.dz\\\/index.php\\\/2026\\\/04\\\/28\\\/57e-foire-internationale-dalger-lespagne-en-invitee-dhonneur\\\/#primaryimage\",\"url\":\"https:\\\/\\\/lasentinelle.dz\\\/wp-content\\\/uploads\\\/2024\\\/06\\\/Foire.jpeg\",\"contentUrl\":\"https:\\\/\\\/lasentinelle.dz\\\/wp-content\\\/uploads\\\/2024\\\/06\\\/Foire.jpeg\",\"width\":745,\"height\":470},{\"@type\":\"BreadcrumbList\",\"@id\":\"https:\\\/\\\/lasentinelle.dz\\\/index.php\\\/2026\\\/04\\\/28\\\/57e-foire-internationale-dalger-lespagne-en-invitee-dhonneur\\\/#breadcrumb\",\"itemListElement\":[{\"@type\":\"ListItem\",\"position\":1,\"name\":\"Accueil\",\"item\":\"https:\\\/\\\/lasentinelle.dz\\\/\"},{\"@type\":\"ListItem\",\"position\":2,\"name\":\"57e Foire internationale d&rsquo;Alger\u00a0: L&rsquo;Espagne en invit\u00e9e d&rsquo;honneur\"}]},{\"@type\":\"WebSite\",\"@id\":\"https:\\\/\\\/lasentinelle.dz\\\/#website\",\"url\":\"https:\\\/\\\/lasentinelle.dz\\\/\",\"name\":\"La Sentinelle\",\"description\":\"Quotidien national d&#039;information\",\"publisher\":{\"@id\":\"https:\\\/\\\/lasentinelle.dz\\\/#organization\"},\"potentialAction\":[{\"@type\":\"SearchAction\",\"target\":{\"@type\":\"EntryPoint\",\"urlTemplate\":\"https:\\\/\\\/lasentinelle.dz\\\/?s={search_term_string}\"},\"query-input\":{\"@type\":\"PropertyValueSpecification\",\"valueRequired\":true,\"valueName\":\"search_term_string\"}}],\"inLanguage\":\"fr-FR\"},{\"@type\":\"Organization\",\"@id\":\"https:\\\/\\\/lasentinelle.dz\\\/#organization\",\"name\":\"Quotidien La Sentinelle\",\"url\":\"https:\\\/\\\/lasentinelle.dz\\\/\",\"logo\":{\"@type\":\"ImageObject\",\"inLanguage\":\"fr-FR\",\"@id\":\"https:\\\/\\\/lasentinelle.dz\\\/#\\\/schema\\\/logo\\\/image\\\/\",\"url\":\"https:\\\/\\\/lasentinelle.dz\\\/wp-content\\\/uploads\\\/2021\\\/09\\\/logo-sentinelleSLOGAN-1.png\",\"contentUrl\":\"https:\\\/\\\/lasentinelle.dz\\\/wp-content\\\/uploads\\\/2021\\\/09\\\/logo-sentinelleSLOGAN-1.png\",\"width\":615,\"height\":142,\"caption\":\"Quotidien La Sentinelle\"},\"image\":{\"@id\":\"https:\\\/\\\/lasentinelle.dz\\\/#\\\/schema\\\/logo\\\/image\\\/\"},\"sameAs\":[\"https:\\\/\\\/www.facebook.com\\\/La-Sentinelle-104059864394773\"]},{\"@type\":\"Person\",\"@id\":\"https:\\\/\\\/lasentinelle.dz\\\/#\\\/schema\\\/person\\\/729ee0024f24e0b8c5ec17232f8e8b41\",\"name\":\"admin\",\"image\":{\"@type\":\"ImageObject\",\"inLanguage\":\"fr-FR\",\"@id\":\"https:\\\/\\\/secure.gravatar.com\\\/avatar\\\/4c81fed838786e9b53f540bf46533e750f5d292099ae3b66cfc6fb1982e29df7?s=96&d=mm&r=g\",\"url\":\"https:\\\/\\\/secure.gravatar.com\\\/avatar\\\/4c81fed838786e9b53f540bf46533e750f5d292099ae3b66cfc6fb1982e29df7?s=96&d=mm&r=g\",\"contentUrl\":\"https:\\\/\\\/secure.gravatar.com\\\/avatar\\\/4c81fed838786e9b53f540bf46533e750f5d292099ae3b66cfc6fb1982e29df7?s=96&d=mm&r=g\",\"caption\":\"admin\"},\"description\":\"admin\",\"url\":\"https:\\\/\\\/lasentinelle.dz\\\/author\\\/admin\\\/\"}]}<\/script>\n<!-- \/ Yoast SEO plugin. -->","yoast_head_json":{"title":"57e Foire internationale d&rsquo;Alger\u00a0: L&rsquo;Espagne en invit\u00e9e d&rsquo;honneur - La Sentinelle","robots":{"index":"index","follow":"follow","max-snippet":"max-snippet:-1","max-image-preview":"max-image-preview:large","max-video-preview":"max-video-preview:-1"},"canonical":"https:\/\/lasentinelle.dz\/index.php\/2026\/04\/28\/57e-foire-internationale-dalger-lespagne-en-invitee-dhonneur\/","og_locale":"fr_FR","og_type":"article","og_title":"57e Foire internationale d&rsquo;Alger\u00a0: L&rsquo;Espagne en invit\u00e9e d&rsquo;honneur - La Sentinelle","og_description":"Le Palais des expositions d&rsquo;Alger ouvrira ses portes du 22 au 27 juin prochain pour la 57e \u00e9dition de la","og_url":"https:\/\/lasentinelle.dz\/index.php\/2026\/04\/28\/57e-foire-internationale-dalger-lespagne-en-invitee-dhonneur\/","og_site_name":"La Sentinelle","article_publisher":"https:\/\/www.facebook.com\/La-Sentinelle-104059864394773","article_published_time":"2026-04-28T19:41:51+00:00","article_modified_time":"2026-04-28T19:41:54+00:00","og_image":[{"width":745,"height":470,"url":"https:\/\/lasentinelle.dz\/wp-content\/uploads\/2024\/06\/Foire.jpeg","type":"image\/jpeg"}],"author":"admin","twitter_card":"summary_large_image","twitter_misc":{"\u00c9crit par":"admin","Dur\u00e9e de lecture estim\u00e9e":"2 minutes"},"schema":{"@context":"https:\/\/schema.org","@graph":[{"@type":"Article","@id":"https:\/\/lasentinelle.dz\/index.php\/2026\/04\/28\/57e-foire-internationale-dalger-lespagne-en-invitee-dhonneur\/#article","isPartOf":{"@id":"https:\/\/lasentinelle.dz\/index.php\/2026\/04\/28\/57e-foire-internationale-dalger-lespagne-en-invitee-dhonneur\/"},"author":{"name":"admin","@id":"https:\/\/lasentinelle.dz\/#\/schema\/person\/729ee0024f24e0b8c5ec17232f8e8b41"},"headline":"57e Foire internationale d&rsquo;Alger\u00a0: L&rsquo;Espagne en invit\u00e9e d&rsquo;honneur","datePublished":"2026-04-28T19:41:51+00:00","dateModified":"2026-04-28T19:41:54+00:00","mainEntityOfPage":{"@id":"https:\/\/lasentinelle.dz\/index.php\/2026\/04\/28\/57e-foire-internationale-dalger-lespagne-en-invitee-dhonneur\/"},"wordCount":397,"commentCount":0,"publisher":{"@id":"https:\/\/lasentinelle.dz\/#organization"},"image":{"@id":"https:\/\/lasentinelle.dz\/index.php\/2026\/04\/28\/57e-foire-internationale-dalger-lespagne-en-invitee-dhonneur\/#primaryimage"},"thumbnailUrl":"https:\/\/lasentinelle.dz\/wp-content\/uploads\/2024\/06\/Foire.jpeg","articleSection":["\u00c9conomie"],"inLanguage":"fr-FR","potentialAction":[{"@type":"CommentAction","name":"Comment","target":["https:\/\/lasentinelle.dz\/index.php\/2026\/04\/28\/57e-foire-internationale-dalger-lespagne-en-invitee-dhonneur\/#respond"]}]},{"@type":"WebPage","@id":"https:\/\/lasentinelle.dz\/index.php\/2026\/04\/28\/57e-foire-internationale-dalger-lespagne-en-invitee-dhonneur\/","url":"https:\/\/lasentinelle.dz\/index.php\/2026\/04\/28\/57e-foire-internationale-dalger-lespagne-en-invitee-dhonneur\/","name":"57e Foire internationale d&rsquo;Alger\u00a0: L&rsquo;Espagne en invit\u00e9e d&rsquo;honneur - La Sentinelle","isPartOf":{"@id":"https:\/\/lasentinelle.dz\/#website"},"primaryImageOfPage":{"@id":"https:\/\/lasentinelle.dz\/index.php\/2026\/04\/28\/57e-foire-internationale-dalger-lespagne-en-invitee-dhonneur\/#primaryimage"},"image":{"@id":"https:\/\/lasentinelle.dz\/index.php\/2026\/04\/28\/57e-foire-internationale-dalger-lespagne-en-invitee-dhonneur\/#primaryimage"},"thumbnailUrl":"https:\/\/lasentinelle.dz\/wp-content\/uploads\/2024\/06\/Foire.jpeg","datePublished":"2026-04-28T19:41:51+00:00","dateModified":"2026-04-28T19:41:54+00:00","breadcrumb":{"@id":"https:\/\/lasentinelle.dz\/index.php\/2026\/04\/28\/57e-foire-internationale-dalger-lespagne-en-invitee-dhonneur\/#breadcrumb"},"inLanguage":"fr-FR","potentialAction":[{"@type":"ReadAction","target":["https:\/\/lasentinelle.dz\/index.php\/2026\/04\/28\/57e-foire-internationale-dalger-lespagne-en-invitee-dhonneur\/"]}]},{"@type":"ImageObject","inLanguage":"fr-FR","@id":"https:\/\/lasentinelle.dz\/index.php\/2026\/04\/28\/57e-foire-internationale-dalger-lespagne-en-invitee-dhonneur\/#primaryimage","url":"https:\/\/lasentinelle.dz\/wp-content\/uploads\/2024\/06\/Foire.jpeg","contentUrl":"https:\/\/lasentinelle.dz\/wp-content\/uploads\/2024\/06\/Foire.jpeg","width":745,"height":470},{"@type":"BreadcrumbList","@id":"https:\/\/lasentinelle.dz\/index.php\/2026\/04\/28\/57e-foire-internationale-dalger-lespagne-en-invitee-dhonneur\/#breadcrumb","itemListElement":[{"@type":"ListItem","position":1,"name":"Accueil","item":"https:\/\/lasentinelle.dz\/"},{"@type":"ListItem","position":2,"name":"57e Foire internationale d&rsquo;Alger\u00a0: L&rsquo;Espagne en invit\u00e9e d&rsquo;honneur"}]},{"@type":"WebSite","@id":"https:\/\/lasentinelle.dz\/#website","url":"https:\/\/lasentinelle.dz\/","name":"La Sentinelle","description":"Quotidien national d&#039;information","publisher":{"@id":"https:\/\/lasentinelle.dz\/#organization"},"potentialAction":[{"@type":"SearchAction","target":{"@type":"EntryPoint","urlTemplate":"https:\/\/lasentinelle.dz\/?s={search_term_string}"},"query-input":{"@type":"PropertyValueSpecification","valueRequired":true,"valueName":"search_term_string"}}],"inLanguage":"fr-FR"},{"@type":"Organization","@id":"https:\/\/lasentinelle.dz\/#organization","name":"Quotidien La Sentinelle","url":"https:\/\/lasentinelle.dz\/","logo":{"@type":"ImageObject","inLanguage":"fr-FR","@id":"https:\/\/lasentinelle.dz\/#\/schema\/logo\/image\/","url":"https:\/\/lasentinelle.dz\/wp-content\/uploads\/2021\/09\/logo-sentinelleSLOGAN-1.png","contentUrl":"https:\/\/lasentinelle.dz\/wp-content\/uploads\/2021\/09\/logo-sentinelleSLOGAN-1.png","width":615,"height":142,"caption":"Quotidien La Sentinelle"},"image":{"@id":"https:\/\/lasentinelle.dz\/#\/schema\/logo\/image\/"},"sameAs":["https:\/\/www.facebook.com\/La-Sentinelle-104059864394773"]},{"@type":"Person","@id":"https:\/\/lasentinelle.dz\/#\/schema\/person\/729ee0024f24e0b8c5ec17232f8e8b41","name":"admin","image":{"@type":"ImageObject","inLanguage":"fr-FR","@id":"https:\/\/secure.gravatar.com\/avatar\/4c81fed838786e9b53f540bf46533e750f5d292099ae3b66cfc6fb1982e29df7?s=96&d=mm&r=g","url":"https:\/\/secure.gravatar.com\/avatar\/4c81fed838786e9b53f540bf46533e750f5d292099ae3b66cfc6fb1982e29df7?s=96&d=mm&r=g","contentUrl":"https:\/\/secure.gravatar.com\/avatar\/4c81fed838786e9b53f540bf46533e750f5d292099ae3b66cfc6fb1982e29df7?s=96&d=mm&r=g","caption":"admin"},"description":"admin","url":"https:\/\/lasentinelle.dz\/author\/admin\/"}]}},"_links":{"self":[{"href":"https:\/\/lasentinelle.dz\/index.php\/wp-json\/wp\/v2\/posts\/86674","targetHints":{"allow":["GET"]}}],"collection":[{"href":"https:\/\/lasentinelle.dz\/index.php\/wp-json\/wp\/v2\/posts"}],"about":[{"href":"https:\/\/lasentinelle.dz\/index.php\/wp-json\/wp\/v2\/types\/post"}],"author":[{"embeddable":true,"href":"https:\/\/lasentinelle.dz\/index.php\/wp-json\/wp\/v2\/users\/6"}],"replies":[{"embeddable":true,"href":"https:\/\/lasentinelle.dz\/index.php\/wp-json\/wp\/v2\/comments?post=86674"}],"version-history":[{"count":2,"href":"https:\/\/lasentinelle.dz\/index.php\/wp-json\/wp\/v2\/posts\/86674\/revisions"}],"predecessor-version":[{"id":86676,"href":"https:\/\/lasentinelle.dz\/index.php\/wp-json\/wp\/v2\/posts\/86674\/revisions\/86676"}],"wp:featuredmedia":[{"embeddable":true,"href":"https:\/\/lasentinelle.dz\/index.php\/wp-json\/wp\/v2\/media\/53585"}],"wp:attachment":[{"href":"https:\/\/lasentinelle.dz\/index.php\/wp-json\/wp\/v2\/media?parent=86674"}],"wp:term":[{"taxonomy":"category","embeddable":true,"href":"https:\/\/lasentinelle.dz\/index.php\/wp-json\/wp\/v2\/categories?post=86674"},{"taxonomy":"post_tag","embeddable":true,"href":"https:\/\/lasentinelle.dz\/index.php\/wp-json\/wp\/v2\/tags?post=86674"}],"curies":[{"name":"wp","href":"https:\/\/api.w.org\/{rel}","templated":true}]}}