{"id":86677,"date":"2026-04-28T20:42:29","date_gmt":"2026-04-28T19:42:29","guid":{"rendered":"https:\/\/lasentinelle.dz\/?p=86677"},"modified":"2026-04-28T20:42:33","modified_gmt":"2026-04-28T19:42:33","slug":"commerce-abdellatif-defend-un-projet-de-loi-pour-en-finir-avec-le-marche-a-laveugle","status":"publish","type":"post","link":"https:\/\/lasentinelle.dz\/index.php\/2026\/04\/28\/commerce-abdellatif-defend-un-projet-de-loi-pour-en-finir-avec-le-marche-a-laveugle\/","title":{"rendered":"Commerce\u00a0: Abdellatif d\u00e9fend un projet de loi pour en finir avec le march\u00e9 \u00e0 l&rsquo;aveugle"},"content":{"rendered":"\n<p>Lundi soir \u00e0 l&rsquo;Assembl\u00e9e populaire nationale, la ministre du Commerce int\u00e9rieur et de la R\u00e9gulation du march\u00e9 national, Amel Abdellatif, a d\u00e9fendu pied \u00e0 pied le projet de loi modifiant la loi n\u00b004-08 relative aux conditions d&rsquo;exercice des activit\u00e9s commerciales. Face aux d\u00e9put\u00e9s r\u00e9unis en s\u00e9ance pl\u00e9ni\u00e8re sous la pr\u00e9sidence de Mohamed Nini, vice-pr\u00e9sident de l&rsquo;APN, elle a assum\u00e9 l&rsquo;ambition du texte sans faux-semblant : selon elle, il constituera un \u00ab apport significatif \u00bb au processus de modernisation du cadre juridique du secteur commercial. Le projet, dans sa conception, repose sur un postulat simple mais longtemps n\u00e9glig\u00e9 : on ne peut pas r\u00e9guler ce qu&rsquo;on ne voit pas. La ministre l&rsquo;a formul\u00e9 \u00e0 sa mani\u00e8re, affirmant que \u00ab la r\u00e9gulation du march\u00e9 n&rsquo;est plus une simple intervention conjoncturelle, mais est devenue un processus strat\u00e9gique fond\u00e9 sur l&rsquo;exploitation de donn\u00e9es pr\u00e9cises, d&rsquo;informations fiables et actualis\u00e9es \u00bb. Autrement dit, fini le pilotage \u00e0 vue. Le nouveau texte entend doter les pouvoirs publics d&rsquo;un syst\u00e8me d&rsquo;information capable d&rsquo;\u00ab analyser les tendances, d&rsquo;anticiper les dysfonctionnements et d&rsquo;orienter la d\u00e9cision publique sur des bases objectives et rigoureuses \u00bb, selon ses propres termes, dans le cadre d&rsquo;une coordination renforc\u00e9e entre les diff\u00e9rents secteurs. Ce n&rsquo;est pas qu&rsquo;une question de technologie. Abdellatif a insist\u00e9 sur ce que le projet a vocation \u00e0 produire en termes de confiance : \u00ab renforcer l&rsquo;efficacit\u00e9 \u00e9conomique et instaurer la confiance entre les diff\u00e9rents acteurs, en ancrant la transparence comme m\u00e9canisme fondamental permettant une identification pr\u00e9cise des op\u00e9rateurs \u00e9conomiques \u00bb. La formule est administrative, le fond est politique \u2014 il s&rsquo;agit de savoir enfin qui fait quoi sur le march\u00e9 national, et d&rsquo;en tirer des cons\u00e9quences concr\u00e8tes sur la r\u00e9gulation.<\/p>\n\n\n\n<p>Sur la num\u00e9risation du registre du commerce, dossier qui a manifestement agit\u00e9 les rangs de l&rsquo;Assembl\u00e9e, la ministre a rappel\u00e9 que le chantier est en cours depuis plusieurs ann\u00e9es. Le nouveau texte vient le consolider en instaurant \u00ab un syst\u00e8me juridique et r\u00e9glementaire int\u00e9gr\u00e9 permettant l&rsquo;enregistrement \u00e9lectronique et la simplification des proc\u00e9dures de cr\u00e9ation d&rsquo;entreprises via le portail num\u00e9rique \u00bb. R\u00e9sultat attendu : moins de d\u00e9lais, moins de paperasse, et une administration qui, pour une fois, s&rsquo;adapte au rythme de l&rsquo;\u00e9conomie plut\u00f4t que l&rsquo;inverse. La ministre a rattach\u00e9 cette dynamique aux \u00ab hautes orientations du pr\u00e9sident de la R\u00e9publique \u00bb, soulignant que la num\u00e9risation a engendr\u00e9 \u00ab une transformation qualitative concr\u00e8te des m\u00e9thodes de gestion publique \u00bb.<\/p>\n\n\n\n<p>Reste le dossier le plus \u00e9pineux : l&rsquo;\u00e9conomie informelle. Sur ce point, Abdellatif a refus\u00e9 les positions tranch\u00e9es. Elle a d\u00e9fendu \u00ab une approche progressive et \u00e9quilibr\u00e9e \u00bb, combinant des mesures incitatives \u2014 dont celles pr\u00e9vues par la loi de finances 2026 sur le r\u00e8glement fiscal \u2014 et des actions de terrain pour \u00e9largir la base de l&rsquo;int\u00e9gration formelle. Pas de grand soir, donc, mais une strat\u00e9gie par \u00e9tapes qui parie sur l&rsquo;accompagnement plut\u00f4t que sur la contrainte.<\/p>\n\n\n\n<p>Sur le contr\u00f4le du march\u00e9, enfin, elle a plaid\u00e9 pour que les \u00e9quipes mixtes d&rsquo;inspection sachent concilier protection du consommateur et accompagnement des op\u00e9rateurs \u2014 un \u00e9quilibre d\u00e9licat que les commer\u00e7ants alg\u00e9riens attendent de voir se concr\u00e9tiser dans les faits bien plus que dans les textes.<\/p>\n\n\n\n<p>Chokri Hafed<\/p>\n","protected":false},"excerpt":{"rendered":"<p>Lundi soir \u00e0 l&rsquo;Assembl\u00e9e populaire nationale, la ministre du Commerce int\u00e9rieur et de la R\u00e9gulation du march\u00e9 national, Amel Abdellatif,<\/p>\n","protected":false},"author":6,"featured_media":86599,"comment_status":"open","ping_status":"closed","sticky":false,"template":"","format":"standard","meta":{"colormag_page_container_layout":"default_layout","colormag_page_sidebar_layout":"default_layout","om_disable_all_campaigns":false,"_monsterinsights_skip_tracking":false,"_monsterinsights_sitenote_active":false,"_monsterinsights_sitenote_note":"","_monsterinsights_sitenote_category":0,"footnotes":"","_wpscppro_dont_share_socialmedia":false,"_wpscppro_custom_social_share_image":0,"_facebook_share_type":"default","_twitter_share_type":"default","_linkedin_share_type":"default","_pinterest_share_type":"default","_linkedin_share_type_page":"","_instagram_share_type":"default","_medium_share_type":"default","_threads_share_type":"default","_google_business_share_type":"default","_selected_social_profile":[],"_wpsp_enable_custom_social_template":false,"_wpsp_social_scheduling":{"enabled":false,"datetime":null,"platforms":[],"status":"template_only","dateOption":"today","timeOption":"now","customDays":"","customHours":"","customDate":"","customTime":"","schedulingType":"absolute"},"_wpsp_active_default_template":true},"categories":[29],"tags":[],"class_list":["post-86677","post","type-post","status-publish","format-standard","has-post-thumbnail","hentry","category-economie"],"aioseo_notices":[],"yoast_head":"<!-- This site is optimized with the Yoast SEO plugin v27.4 - https:\/\/yoast.com\/product\/yoast-seo-wordpress\/ -->\n<title>Commerce\u00a0: Abdellatif d\u00e9fend un projet de loi pour en finir avec le march\u00e9 \u00e0 l&rsquo;aveugle - La Sentinelle<\/title>\n<meta name=\"robots\" content=\"index, follow, max-snippet:-1, max-image-preview:large, max-video-preview:-1\" \/>\n<link rel=\"canonical\" href=\"https:\/\/lasentinelle.dz\/index.php\/2026\/04\/28\/commerce-abdellatif-defend-un-projet-de-loi-pour-en-finir-avec-le-marche-a-laveugle\/\" \/>\n<meta property=\"og:locale\" content=\"fr_FR\" \/>\n<meta property=\"og:type\" content=\"article\" \/>\n<meta property=\"og:title\" content=\"Commerce\u00a0: Abdellatif d\u00e9fend un projet de loi pour en finir avec le march\u00e9 \u00e0 l&rsquo;aveugle - La Sentinelle\" \/>\n<meta property=\"og:description\" content=\"Lundi soir \u00e0 l&rsquo;Assembl\u00e9e populaire nationale, la ministre du Commerce int\u00e9rieur et de la R\u00e9gulation du march\u00e9 national, Amel Abdellatif,\" \/>\n<meta property=\"og:url\" content=\"https:\/\/lasentinelle.dz\/index.php\/2026\/04\/28\/commerce-abdellatif-defend-un-projet-de-loi-pour-en-finir-avec-le-marche-a-laveugle\/\" \/>\n<meta property=\"og:site_name\" content=\"La Sentinelle\" \/>\n<meta property=\"article:publisher\" content=\"https:\/\/www.facebook.com\/La-Sentinelle-104059864394773\" \/>\n<meta property=\"article:published_time\" content=\"2026-04-28T19:42:29+00:00\" \/>\n<meta property=\"article:modified_time\" content=\"2026-04-28T19:42:33+00:00\" \/>\n<meta property=\"og:image\" content=\"https:\/\/lasentinelle.dz\/wp-content\/uploads\/2026\/04\/682308407_1433175635516994_8219280761186819491_n.jpg\" \/>\n\t<meta property=\"og:image:width\" content=\"2048\" \/>\n\t<meta property=\"og:image:height\" content=\"1365\" \/>\n\t<meta property=\"og:image:type\" content=\"image\/jpeg\" \/>\n<meta name=\"author\" content=\"admin\" \/>\n<meta name=\"twitter:card\" content=\"summary_large_image\" \/>\n<meta name=\"twitter:label1\" content=\"\u00c9crit par\" \/>\n\t<meta name=\"twitter:data1\" content=\"admin\" \/>\n\t<meta name=\"twitter:label2\" content=\"Dur\u00e9e de lecture estim\u00e9e\" \/>\n\t<meta name=\"twitter:data2\" content=\"3 minutes\" \/>\n<script type=\"application\/ld+json\" class=\"yoast-schema-graph\">{\"@context\":\"https:\\\/\\\/schema.org\",\"@graph\":[{\"@type\":\"Article\",\"@id\":\"https:\\\/\\\/lasentinelle.dz\\\/index.php\\\/2026\\\/04\\\/28\\\/commerce-abdellatif-defend-un-projet-de-loi-pour-en-finir-avec-le-marche-a-laveugle\\\/#article\",\"isPartOf\":{\"@id\":\"https:\\\/\\\/lasentinelle.dz\\\/index.php\\\/2026\\\/04\\\/28\\\/commerce-abdellatif-defend-un-projet-de-loi-pour-en-finir-avec-le-marche-a-laveugle\\\/\"},\"author\":{\"name\":\"admin\",\"@id\":\"https:\\\/\\\/lasentinelle.dz\\\/#\\\/schema\\\/person\\\/729ee0024f24e0b8c5ec17232f8e8b41\"},\"headline\":\"Commerce\u00a0: Abdellatif d\u00e9fend un projet de loi pour en finir avec le march\u00e9 \u00e0 l&rsquo;aveugle\",\"datePublished\":\"2026-04-28T19:42:29+00:00\",\"dateModified\":\"2026-04-28T19:42:33+00:00\",\"mainEntityOfPage\":{\"@id\":\"https:\\\/\\\/lasentinelle.dz\\\/index.php\\\/2026\\\/04\\\/28\\\/commerce-abdellatif-defend-un-projet-de-loi-pour-en-finir-avec-le-marche-a-laveugle\\\/\"},\"wordCount\":601,\"commentCount\":0,\"publisher\":{\"@id\":\"https:\\\/\\\/lasentinelle.dz\\\/#organization\"},\"image\":{\"@id\":\"https:\\\/\\\/lasentinelle.dz\\\/index.php\\\/2026\\\/04\\\/28\\\/commerce-abdellatif-defend-un-projet-de-loi-pour-en-finir-avec-le-marche-a-laveugle\\\/#primaryimage\"},\"thumbnailUrl\":\"https:\\\/\\\/lasentinelle.dz\\\/wp-content\\\/uploads\\\/2026\\\/04\\\/682308407_1433175635516994_8219280761186819491_n.jpg\",\"articleSection\":[\"\u00c9conomie\"],\"inLanguage\":\"fr-FR\",\"potentialAction\":[{\"@type\":\"CommentAction\",\"name\":\"Comment\",\"target\":[\"https:\\\/\\\/lasentinelle.dz\\\/index.php\\\/2026\\\/04\\\/28\\\/commerce-abdellatif-defend-un-projet-de-loi-pour-en-finir-avec-le-marche-a-laveugle\\\/#respond\"]}]},{\"@type\":\"WebPage\",\"@id\":\"https:\\\/\\\/lasentinelle.dz\\\/index.php\\\/2026\\\/04\\\/28\\\/commerce-abdellatif-defend-un-projet-de-loi-pour-en-finir-avec-le-marche-a-laveugle\\\/\",\"url\":\"https:\\\/\\\/lasentinelle.dz\\\/index.php\\\/2026\\\/04\\\/28\\\/commerce-abdellatif-defend-un-projet-de-loi-pour-en-finir-avec-le-marche-a-laveugle\\\/\",\"name\":\"Commerce\u00a0: Abdellatif d\u00e9fend un projet de loi pour en finir avec le march\u00e9 \u00e0 l&rsquo;aveugle - La Sentinelle\",\"isPartOf\":{\"@id\":\"https:\\\/\\\/lasentinelle.dz\\\/#website\"},\"primaryImageOfPage\":{\"@id\":\"https:\\\/\\\/lasentinelle.dz\\\/index.php\\\/2026\\\/04\\\/28\\\/commerce-abdellatif-defend-un-projet-de-loi-pour-en-finir-avec-le-marche-a-laveugle\\\/#primaryimage\"},\"image\":{\"@id\":\"https:\\\/\\\/lasentinelle.dz\\\/index.php\\\/2026\\\/04\\\/28\\\/commerce-abdellatif-defend-un-projet-de-loi-pour-en-finir-avec-le-marche-a-laveugle\\\/#primaryimage\"},\"thumbnailUrl\":\"https:\\\/\\\/lasentinelle.dz\\\/wp-content\\\/uploads\\\/2026\\\/04\\\/682308407_1433175635516994_8219280761186819491_n.jpg\",\"datePublished\":\"2026-04-28T19:42:29+00:00\",\"dateModified\":\"2026-04-28T19:42:33+00:00\",\"breadcrumb\":{\"@id\":\"https:\\\/\\\/lasentinelle.dz\\\/index.php\\\/2026\\\/04\\\/28\\\/commerce-abdellatif-defend-un-projet-de-loi-pour-en-finir-avec-le-marche-a-laveugle\\\/#breadcrumb\"},\"inLanguage\":\"fr-FR\",\"potentialAction\":[{\"@type\":\"ReadAction\",\"target\":[\"https:\\\/\\\/lasentinelle.dz\\\/index.php\\\/2026\\\/04\\\/28\\\/commerce-abdellatif-defend-un-projet-de-loi-pour-en-finir-avec-le-marche-a-laveugle\\\/\"]}]},{\"@type\":\"ImageObject\",\"inLanguage\":\"fr-FR\",\"@id\":\"https:\\\/\\\/lasentinelle.dz\\\/index.php\\\/2026\\\/04\\\/28\\\/commerce-abdellatif-defend-un-projet-de-loi-pour-en-finir-avec-le-marche-a-laveugle\\\/#primaryimage\",\"url\":\"https:\\\/\\\/lasentinelle.dz\\\/wp-content\\\/uploads\\\/2026\\\/04\\\/682308407_1433175635516994_8219280761186819491_n.jpg\",\"contentUrl\":\"https:\\\/\\\/lasentinelle.dz\\\/wp-content\\\/uploads\\\/2026\\\/04\\\/682308407_1433175635516994_8219280761186819491_n.jpg\",\"width\":2048,\"height\":1365},{\"@type\":\"BreadcrumbList\",\"@id\":\"https:\\\/\\\/lasentinelle.dz\\\/index.php\\\/2026\\\/04\\\/28\\\/commerce-abdellatif-defend-un-projet-de-loi-pour-en-finir-avec-le-marche-a-laveugle\\\/#breadcrumb\",\"itemListElement\":[{\"@type\":\"ListItem\",\"position\":1,\"name\":\"Accueil\",\"item\":\"https:\\\/\\\/lasentinelle.dz\\\/\"},{\"@type\":\"ListItem\",\"position\":2,\"name\":\"Commerce\u00a0: Abdellatif d\u00e9fend un projet de loi pour en finir avec le march\u00e9 \u00e0 l&rsquo;aveugle\"}]},{\"@type\":\"WebSite\",\"@id\":\"https:\\\/\\\/lasentinelle.dz\\\/#website\",\"url\":\"https:\\\/\\\/lasentinelle.dz\\\/\",\"name\":\"La Sentinelle\",\"description\":\"Quotidien national d&#039;information\",\"publisher\":{\"@id\":\"https:\\\/\\\/lasentinelle.dz\\\/#organization\"},\"potentialAction\":[{\"@type\":\"SearchAction\",\"target\":{\"@type\":\"EntryPoint\",\"urlTemplate\":\"https:\\\/\\\/lasentinelle.dz\\\/?s={search_term_string}\"},\"query-input\":{\"@type\":\"PropertyValueSpecification\",\"valueRequired\":true,\"valueName\":\"search_term_string\"}}],\"inLanguage\":\"fr-FR\"},{\"@type\":\"Organization\",\"@id\":\"https:\\\/\\\/lasentinelle.dz\\\/#organization\",\"name\":\"Quotidien La Sentinelle\",\"url\":\"https:\\\/\\\/lasentinelle.dz\\\/\",\"logo\":{\"@type\":\"ImageObject\",\"inLanguage\":\"fr-FR\",\"@id\":\"https:\\\/\\\/lasentinelle.dz\\\/#\\\/schema\\\/logo\\\/image\\\/\",\"url\":\"https:\\\/\\\/lasentinelle.dz\\\/wp-content\\\/uploads\\\/2021\\\/09\\\/logo-sentinelleSLOGAN-1.png\",\"contentUrl\":\"https:\\\/\\\/lasentinelle.dz\\\/wp-content\\\/uploads\\\/2021\\\/09\\\/logo-sentinelleSLOGAN-1.png\",\"width\":615,\"height\":142,\"caption\":\"Quotidien La Sentinelle\"},\"image\":{\"@id\":\"https:\\\/\\\/lasentinelle.dz\\\/#\\\/schema\\\/logo\\\/image\\\/\"},\"sameAs\":[\"https:\\\/\\\/www.facebook.com\\\/La-Sentinelle-104059864394773\"]},{\"@type\":\"Person\",\"@id\":\"https:\\\/\\\/lasentinelle.dz\\\/#\\\/schema\\\/person\\\/729ee0024f24e0b8c5ec17232f8e8b41\",\"name\":\"admin\",\"image\":{\"@type\":\"ImageObject\",\"inLanguage\":\"fr-FR\",\"@id\":\"https:\\\/\\\/secure.gravatar.com\\\/avatar\\\/4c81fed838786e9b53f540bf46533e750f5d292099ae3b66cfc6fb1982e29df7?s=96&d=mm&r=g\",\"url\":\"https:\\\/\\\/secure.gravatar.com\\\/avatar\\\/4c81fed838786e9b53f540bf46533e750f5d292099ae3b66cfc6fb1982e29df7?s=96&d=mm&r=g\",\"contentUrl\":\"https:\\\/\\\/secure.gravatar.com\\\/avatar\\\/4c81fed838786e9b53f540bf46533e750f5d292099ae3b66cfc6fb1982e29df7?s=96&d=mm&r=g\",\"caption\":\"admin\"},\"description\":\"admin\",\"url\":\"https:\\\/\\\/lasentinelle.dz\\\/author\\\/admin\\\/\"}]}<\/script>\n<!-- \/ Yoast SEO plugin. -->","yoast_head_json":{"title":"Commerce\u00a0: Abdellatif d\u00e9fend un projet de loi pour en finir avec le march\u00e9 \u00e0 l&rsquo;aveugle - La Sentinelle","robots":{"index":"index","follow":"follow","max-snippet":"max-snippet:-1","max-image-preview":"max-image-preview:large","max-video-preview":"max-video-preview:-1"},"canonical":"https:\/\/lasentinelle.dz\/index.php\/2026\/04\/28\/commerce-abdellatif-defend-un-projet-de-loi-pour-en-finir-avec-le-marche-a-laveugle\/","og_locale":"fr_FR","og_type":"article","og_title":"Commerce\u00a0: Abdellatif d\u00e9fend un projet de loi pour en finir avec le march\u00e9 \u00e0 l&rsquo;aveugle - La Sentinelle","og_description":"Lundi soir \u00e0 l&rsquo;Assembl\u00e9e populaire nationale, la ministre du Commerce int\u00e9rieur et de la R\u00e9gulation du march\u00e9 national, Amel Abdellatif,","og_url":"https:\/\/lasentinelle.dz\/index.php\/2026\/04\/28\/commerce-abdellatif-defend-un-projet-de-loi-pour-en-finir-avec-le-marche-a-laveugle\/","og_site_name":"La Sentinelle","article_publisher":"https:\/\/www.facebook.com\/La-Sentinelle-104059864394773","article_published_time":"2026-04-28T19:42:29+00:00","article_modified_time":"2026-04-28T19:42:33+00:00","og_image":[{"width":2048,"height":1365,"url":"https:\/\/lasentinelle.dz\/wp-content\/uploads\/2026\/04\/682308407_1433175635516994_8219280761186819491_n.jpg","type":"image\/jpeg"}],"author":"admin","twitter_card":"summary_large_image","twitter_misc":{"\u00c9crit par":"admin","Dur\u00e9e de lecture estim\u00e9e":"3 minutes"},"schema":{"@context":"https:\/\/schema.org","@graph":[{"@type":"Article","@id":"https:\/\/lasentinelle.dz\/index.php\/2026\/04\/28\/commerce-abdellatif-defend-un-projet-de-loi-pour-en-finir-avec-le-marche-a-laveugle\/#article","isPartOf":{"@id":"https:\/\/lasentinelle.dz\/index.php\/2026\/04\/28\/commerce-abdellatif-defend-un-projet-de-loi-pour-en-finir-avec-le-marche-a-laveugle\/"},"author":{"name":"admin","@id":"https:\/\/lasentinelle.dz\/#\/schema\/person\/729ee0024f24e0b8c5ec17232f8e8b41"},"headline":"Commerce\u00a0: Abdellatif d\u00e9fend un projet de loi pour en finir avec le march\u00e9 \u00e0 l&rsquo;aveugle","datePublished":"2026-04-28T19:42:29+00:00","dateModified":"2026-04-28T19:42:33+00:00","mainEntityOfPage":{"@id":"https:\/\/lasentinelle.dz\/index.php\/2026\/04\/28\/commerce-abdellatif-defend-un-projet-de-loi-pour-en-finir-avec-le-marche-a-laveugle\/"},"wordCount":601,"commentCount":0,"publisher":{"@id":"https:\/\/lasentinelle.dz\/#organization"},"image":{"@id":"https:\/\/lasentinelle.dz\/index.php\/2026\/04\/28\/commerce-abdellatif-defend-un-projet-de-loi-pour-en-finir-avec-le-marche-a-laveugle\/#primaryimage"},"thumbnailUrl":"https:\/\/lasentinelle.dz\/wp-content\/uploads\/2026\/04\/682308407_1433175635516994_8219280761186819491_n.jpg","articleSection":["\u00c9conomie"],"inLanguage":"fr-FR","potentialAction":[{"@type":"CommentAction","name":"Comment","target":["https:\/\/lasentinelle.dz\/index.php\/2026\/04\/28\/commerce-abdellatif-defend-un-projet-de-loi-pour-en-finir-avec-le-marche-a-laveugle\/#respond"]}]},{"@type":"WebPage","@id":"https:\/\/lasentinelle.dz\/index.php\/2026\/04\/28\/commerce-abdellatif-defend-un-projet-de-loi-pour-en-finir-avec-le-marche-a-laveugle\/","url":"https:\/\/lasentinelle.dz\/index.php\/2026\/04\/28\/commerce-abdellatif-defend-un-projet-de-loi-pour-en-finir-avec-le-marche-a-laveugle\/","name":"Commerce\u00a0: Abdellatif d\u00e9fend un projet de loi pour en finir avec le march\u00e9 \u00e0 l&rsquo;aveugle - La Sentinelle","isPartOf":{"@id":"https:\/\/lasentinelle.dz\/#website"},"primaryImageOfPage":{"@id":"https:\/\/lasentinelle.dz\/index.php\/2026\/04\/28\/commerce-abdellatif-defend-un-projet-de-loi-pour-en-finir-avec-le-marche-a-laveugle\/#primaryimage"},"image":{"@id":"https:\/\/lasentinelle.dz\/index.php\/2026\/04\/28\/commerce-abdellatif-defend-un-projet-de-loi-pour-en-finir-avec-le-marche-a-laveugle\/#primaryimage"},"thumbnailUrl":"https:\/\/lasentinelle.dz\/wp-content\/uploads\/2026\/04\/682308407_1433175635516994_8219280761186819491_n.jpg","datePublished":"2026-04-28T19:42:29+00:00","dateModified":"2026-04-28T19:42:33+00:00","breadcrumb":{"@id":"https:\/\/lasentinelle.dz\/index.php\/2026\/04\/28\/commerce-abdellatif-defend-un-projet-de-loi-pour-en-finir-avec-le-marche-a-laveugle\/#breadcrumb"},"inLanguage":"fr-FR","potentialAction":[{"@type":"ReadAction","target":["https:\/\/lasentinelle.dz\/index.php\/2026\/04\/28\/commerce-abdellatif-defend-un-projet-de-loi-pour-en-finir-avec-le-marche-a-laveugle\/"]}]},{"@type":"ImageObject","inLanguage":"fr-FR","@id":"https:\/\/lasentinelle.dz\/index.php\/2026\/04\/28\/commerce-abdellatif-defend-un-projet-de-loi-pour-en-finir-avec-le-marche-a-laveugle\/#primaryimage","url":"https:\/\/lasentinelle.dz\/wp-content\/uploads\/2026\/04\/682308407_1433175635516994_8219280761186819491_n.jpg","contentUrl":"https:\/\/lasentinelle.dz\/wp-content\/uploads\/2026\/04\/682308407_1433175635516994_8219280761186819491_n.jpg","width":2048,"height":1365},{"@type":"BreadcrumbList","@id":"https:\/\/lasentinelle.dz\/index.php\/2026\/04\/28\/commerce-abdellatif-defend-un-projet-de-loi-pour-en-finir-avec-le-marche-a-laveugle\/#breadcrumb","itemListElement":[{"@type":"ListItem","position":1,"name":"Accueil","item":"https:\/\/lasentinelle.dz\/"},{"@type":"ListItem","position":2,"name":"Commerce\u00a0: Abdellatif d\u00e9fend un projet de loi pour en finir avec le march\u00e9 \u00e0 l&rsquo;aveugle"}]},{"@type":"WebSite","@id":"https:\/\/lasentinelle.dz\/#website","url":"https:\/\/lasentinelle.dz\/","name":"La Sentinelle","description":"Quotidien national d&#039;information","publisher":{"@id":"https:\/\/lasentinelle.dz\/#organization"},"potentialAction":[{"@type":"SearchAction","target":{"@type":"EntryPoint","urlTemplate":"https:\/\/lasentinelle.dz\/?s={search_term_string}"},"query-input":{"@type":"PropertyValueSpecification","valueRequired":true,"valueName":"search_term_string"}}],"inLanguage":"fr-FR"},{"@type":"Organization","@id":"https:\/\/lasentinelle.dz\/#organization","name":"Quotidien La Sentinelle","url":"https:\/\/lasentinelle.dz\/","logo":{"@type":"ImageObject","inLanguage":"fr-FR","@id":"https:\/\/lasentinelle.dz\/#\/schema\/logo\/image\/","url":"https:\/\/lasentinelle.dz\/wp-content\/uploads\/2021\/09\/logo-sentinelleSLOGAN-1.png","contentUrl":"https:\/\/lasentinelle.dz\/wp-content\/uploads\/2021\/09\/logo-sentinelleSLOGAN-1.png","width":615,"height":142,"caption":"Quotidien La Sentinelle"},"image":{"@id":"https:\/\/lasentinelle.dz\/#\/schema\/logo\/image\/"},"sameAs":["https:\/\/www.facebook.com\/La-Sentinelle-104059864394773"]},{"@type":"Person","@id":"https:\/\/lasentinelle.dz\/#\/schema\/person\/729ee0024f24e0b8c5ec17232f8e8b41","name":"admin","image":{"@type":"ImageObject","inLanguage":"fr-FR","@id":"https:\/\/secure.gravatar.com\/avatar\/4c81fed838786e9b53f540bf46533e750f5d292099ae3b66cfc6fb1982e29df7?s=96&d=mm&r=g","url":"https:\/\/secure.gravatar.com\/avatar\/4c81fed838786e9b53f540bf46533e750f5d292099ae3b66cfc6fb1982e29df7?s=96&d=mm&r=g","contentUrl":"https:\/\/secure.gravatar.com\/avatar\/4c81fed838786e9b53f540bf46533e750f5d292099ae3b66cfc6fb1982e29df7?s=96&d=mm&r=g","caption":"admin"},"description":"admin","url":"https:\/\/lasentinelle.dz\/author\/admin\/"}]}},"_links":{"self":[{"href":"https:\/\/lasentinelle.dz\/index.php\/wp-json\/wp\/v2\/posts\/86677","targetHints":{"allow":["GET"]}}],"collection":[{"href":"https:\/\/lasentinelle.dz\/index.php\/wp-json\/wp\/v2\/posts"}],"about":[{"href":"https:\/\/lasentinelle.dz\/index.php\/wp-json\/wp\/v2\/types\/post"}],"author":[{"embeddable":true,"href":"https:\/\/lasentinelle.dz\/index.php\/wp-json\/wp\/v2\/users\/6"}],"replies":[{"embeddable":true,"href":"https:\/\/lasentinelle.dz\/index.php\/wp-json\/wp\/v2\/comments?post=86677"}],"version-history":[{"count":2,"href":"https:\/\/lasentinelle.dz\/index.php\/wp-json\/wp\/v2\/posts\/86677\/revisions"}],"predecessor-version":[{"id":86679,"href":"https:\/\/lasentinelle.dz\/index.php\/wp-json\/wp\/v2\/posts\/86677\/revisions\/86679"}],"wp:featuredmedia":[{"embeddable":true,"href":"https:\/\/lasentinelle.dz\/index.php\/wp-json\/wp\/v2\/media\/86599"}],"wp:attachment":[{"href":"https:\/\/lasentinelle.dz\/index.php\/wp-json\/wp\/v2\/media?parent=86677"}],"wp:term":[{"taxonomy":"category","embeddable":true,"href":"https:\/\/lasentinelle.dz\/index.php\/wp-json\/wp\/v2\/categories?post=86677"},{"taxonomy":"post_tag","embeddable":true,"href":"https:\/\/lasentinelle.dz\/index.php\/wp-json\/wp\/v2\/tags?post=86677"}],"curies":[{"name":"wp","href":"https:\/\/api.w.org\/{rel}","templated":true}]}}