{"id":86694,"date":"2026-04-28T20:48:09","date_gmt":"2026-04-28T19:48:09","guid":{"rendered":"https:\/\/lasentinelle.dz\/?p=86694"},"modified":"2026-04-28T20:48:12","modified_gmt":"2026-04-28T19:48:12","slug":"sante-au-travail-une-nouvelle-approche-assise-sur-le-bien-etre-psychologique-des-travailleurs","status":"publish","type":"post","link":"https:\/\/lasentinelle.dz\/index.php\/2026\/04\/28\/sante-au-travail-une-nouvelle-approche-assise-sur-le-bien-etre-psychologique-des-travailleurs\/","title":{"rendered":"Sant\u00e9 au travail\u00a0: Une nouvelle approche assise sur le bien-\u00eatre psychologique des travailleurs"},"content":{"rendered":"\n<p>La salle du Centre familial de Ben Aknoun n&rsquo;avait pas la froideur des c\u00e9r\u00e9monies protocolaires habituelles. Pour la 28<sup>e<\/sup> \u00e9dition de la Journ\u00e9e mondiale de la s\u00e9curit\u00e9 et de la sant\u00e9 au travail, deux ministres, des parlementaires, des syndicalistes et des repr\u00e9sentants d&rsquo;organisations internationales se sont retrouv\u00e9s autour d&rsquo;un th\u00e8me que l&rsquo;OIT a choisi avec soin cette ann\u00e9e : \u00ab Veillons \u00e0 ce que les lieux de travail soient sains sur le plan psychosocial \u00bb. Un intitul\u00e9 qui dit quelque chose de l&rsquo;\u00e9poque. Abdedhak Sa\u00efhi, ministre du Travail, de l&rsquo;Emploi et de la S\u00e9curit\u00e9 sociale, a pr\u00e9sid\u00e9 la c\u00e9r\u00e9monie aux c\u00f4t\u00e9s du professeur Mohamed Seddik A\u00eft Moueddane, ministre de la Sant\u00e9. Dans son allocution, Sa\u00efhi a replac\u00e9 d&#8217;embl\u00e9e ce choix th\u00e9matique dans une logique de rupture avec les approches traditionnelles de la pr\u00e9vention. \u00ab Ce slogan traduit une mutation qualitative dans la mani\u00e8re d&rsquo;appr\u00e9hender les risques professionnels \u00bb, a-t-il d\u00e9clar\u00e9, soulignant que les pressions psychologiques et sociales au travail ont \u00ab un impact direct sur la sant\u00e9 du travailleur, sur ses performances et sur sa stabilit\u00e9 professionnelle \u00bb. On ne parle plus seulement de casques et d&rsquo;\u00e9chafaudages ; on parle de charge mentale, de harc\u00e8lement, d&rsquo;\u00e9puisement. Le ministre a tenu \u00e0 inscrire cette orientation dans le cadre de l&rsquo;action pr\u00e9sidentielle. Le chef de l&rsquo;\u00c9tat, a-t-il rappel\u00e9, accorde \u00ab une attention particuli\u00e8re \u00e0 la sant\u00e9 et au bien-\u00eatre du travailleur, consid\u00e9r\u00e9e comme une priorit\u00e9 nationale et un pilier des politiques publiques \u00bb. Une formulation institutionnelle, certes, mais qui correspond \u00e0 un glissement r\u00e9el dans les politiques sociales alg\u00e9riennes, o\u00f9 la dimension psychosociale du travail commence \u00e0 trouver sa place dans les textes et les dispositifs. Sur le plan des r\u00e9sultats concrets, Sa\u00efhi a \u00e9grain\u00e9 des chiffres qui donnent une id\u00e9e de l&rsquo;ampleur de l&rsquo;activit\u00e9 d\u00e9ploy\u00e9e par les services comp\u00e9tents. Plus de 269 000 interventions de contr\u00f4le ont \u00e9t\u00e9 men\u00e9es, pr\u00e8s de 5 000 enqu\u00eates ouvertes \u00e0 la suite d&rsquo;accidents du travail ou de maladies professionnelles, et plus de 135 000 recommandations techniques \u00e9mises. \u00c0 cela s&rsquo;ajoutent 303 \u00e9tudes et plans techniques de pr\u00e9vention, plus de 24 000 travailleurs form\u00e9s ou sensibilis\u00e9s, et quelque 87 000 examens m\u00e9dicaux r\u00e9alis\u00e9s dans le cadre de la m\u00e9decine du travail. Des volumes qui t\u00e9moignent d&rsquo;une administration active, m\u00eame si l&rsquo;efficacit\u00e9 de terrain reste difficile \u00e0 mesurer de l&rsquo;ext\u00e9rieur. L&rsquo;Alg\u00e9rie a \u00e9galement marqu\u00e9 des points sur la sc\u00e8ne internationale. Le ministre a signal\u00e9 que le pays figure parmi les huit \u00c9tats s\u00e9lectionn\u00e9s pour participer \u00e0 une r\u00e9union d&rsquo;experts \u00e0 Gen\u00e8ve sur la s\u00e9curit\u00e9 et la sant\u00e9 au travail face aux ph\u00e9nom\u00e8nes m\u00e9t\u00e9orologiques extr\u00eames. Une reconnaissance qui prend sens dans le contexte du changement climatique, o\u00f9 les vagues de chaleur, les inondations et les temp\u00eates de sable deviennent des variables que les employeurs et les pouvoirs publics ne peuvent plus ignorer. \u00ab Cette s\u00e9lection refl\u00e8te la place qu&rsquo;occupe l&rsquo;exp\u00e9rience nationale en mati\u00e8re de pr\u00e9vention \u00bb, a soulign\u00e9 Sa\u00efhi. Du c\u00f4t\u00e9 du minist\u00e8re de la Sant\u00e9, le professeur A\u00eft Moueddane a \u00e9voqu\u00e9 les travaux en cours pour moderniser le cadre r\u00e9glementaire de la sant\u00e9 professionnelle, et annonc\u00e9 l&rsquo;\u00e9laboration d&rsquo;un plan national strat\u00e9gique couvrant la p\u00e9riode 2026-2030. Ce document, con\u00e7u selon une approche intersectorielle, vise \u00e0 articuler pr\u00e9vention, suivi m\u00e9dical et mise \u00e0 jour des textes juridiques. Une d\u00e9marche de long terme, dans un domaine o\u00f9 les r\u00e9sultats ne se mesurent souvent qu&rsquo;en d\u00e9cennies.<\/p>\n\n\n\n<p>La journ\u00e9e s&rsquo;est conclue par la signature de conventions de coop\u00e9ration entre plusieurs organismes nationaux, en pr\u00e9sence des partenaires \u00e9conomiques et sociaux. Une s\u00e9quence qui, au-del\u00e0 du symbole, illustre l&rsquo;ambition affich\u00e9e par les autorit\u00e9s : faire de la pr\u00e9vention non plus une obligation r\u00e9glementaire \u00e0 remplir sur le papier, mais une culture partag\u00e9e \u00e0 l&rsquo;int\u00e9rieur des entreprises. Le chemin reste long. Mais la direction, au moins, semble clarifi\u00e9e.<\/p>\n\n\n\n<p><em>Lyna Larbi<\/em><\/p>\n","protected":false},"excerpt":{"rendered":"<p>La salle du Centre familial de Ben Aknoun n&rsquo;avait pas la froideur des c\u00e9r\u00e9monies protocolaires habituelles. Pour la 28e \u00e9dition<\/p>\n","protected":false},"author":6,"featured_media":79799,"comment_status":"open","ping_status":"closed","sticky":false,"template":"","format":"standard","meta":{"colormag_page_container_layout":"default_layout","colormag_page_sidebar_layout":"default_layout","om_disable_all_campaigns":false,"_monsterinsights_skip_tracking":false,"_monsterinsights_sitenote_active":false,"_monsterinsights_sitenote_note":"","_monsterinsights_sitenote_category":0,"footnotes":"","_wpscppro_dont_share_socialmedia":false,"_wpscppro_custom_social_share_image":0,"_facebook_share_type":"default","_twitter_share_type":"default","_linkedin_share_type":"default","_pinterest_share_type":"default","_linkedin_share_type_page":"","_instagram_share_type":"default","_medium_share_type":"default","_threads_share_type":"default","_google_business_share_type":"default","_selected_social_profile":[],"_wpsp_enable_custom_social_template":false,"_wpsp_social_scheduling":{"enabled":false,"datetime":null,"platforms":[],"status":"template_only","dateOption":"today","timeOption":"now","customDays":"","customHours":"","customDate":"","customTime":"","schedulingType":"absolute"},"_wpsp_active_default_template":true},"categories":[27],"tags":[],"class_list":["post-86694","post","type-post","status-publish","format-standard","has-post-thumbnail","hentry","category-actualite"],"aioseo_notices":[],"yoast_head":"<!-- This site is optimized with the Yoast SEO plugin v27.4 - https:\/\/yoast.com\/product\/yoast-seo-wordpress\/ -->\n<title>Sant\u00e9 au travail\u00a0: Une nouvelle approche assise sur le bien-\u00eatre psychologique des travailleurs - La Sentinelle<\/title>\n<meta name=\"robots\" content=\"index, follow, max-snippet:-1, max-image-preview:large, max-video-preview:-1\" \/>\n<link rel=\"canonical\" href=\"https:\/\/lasentinelle.dz\/index.php\/2026\/04\/28\/sante-au-travail-une-nouvelle-approche-assise-sur-le-bien-etre-psychologique-des-travailleurs\/\" \/>\n<meta property=\"og:locale\" content=\"fr_FR\" \/>\n<meta property=\"og:type\" content=\"article\" \/>\n<meta property=\"og:title\" content=\"Sant\u00e9 au travail\u00a0: Une nouvelle approche assise sur le bien-\u00eatre psychologique des travailleurs - La Sentinelle\" \/>\n<meta property=\"og:description\" content=\"La salle du Centre familial de Ben Aknoun n&rsquo;avait pas la froideur des c\u00e9r\u00e9monies protocolaires habituelles. Pour la 28e \u00e9dition\" \/>\n<meta property=\"og:url\" content=\"https:\/\/lasentinelle.dz\/index.php\/2026\/04\/28\/sante-au-travail-une-nouvelle-approche-assise-sur-le-bien-etre-psychologique-des-travailleurs\/\" \/>\n<meta property=\"og:site_name\" content=\"La Sentinelle\" \/>\n<meta property=\"article:publisher\" content=\"https:\/\/www.facebook.com\/La-Sentinelle-104059864394773\" \/>\n<meta property=\"article:published_time\" content=\"2026-04-28T19:48:09+00:00\" \/>\n<meta property=\"article:modified_time\" content=\"2026-04-28T19:48:12+00:00\" \/>\n<meta property=\"og:image\" content=\"https:\/\/lasentinelle.dz\/wp-content\/uploads\/2026\/01\/saihi.webp\" \/>\n\t<meta property=\"og:image:width\" content=\"1280\" \/>\n\t<meta property=\"og:image:height\" content=\"960\" \/>\n\t<meta property=\"og:image:type\" content=\"image\/webp\" \/>\n<meta name=\"author\" content=\"admin\" \/>\n<meta name=\"twitter:card\" content=\"summary_large_image\" \/>\n<meta name=\"twitter:label1\" content=\"\u00c9crit par\" \/>\n\t<meta name=\"twitter:data1\" content=\"admin\" \/>\n\t<meta name=\"twitter:label2\" content=\"Dur\u00e9e de lecture estim\u00e9e\" \/>\n\t<meta name=\"twitter:data2\" content=\"4 minutes\" \/>\n<script type=\"application\/ld+json\" class=\"yoast-schema-graph\">{\"@context\":\"https:\\\/\\\/schema.org\",\"@graph\":[{\"@type\":\"Article\",\"@id\":\"https:\\\/\\\/lasentinelle.dz\\\/index.php\\\/2026\\\/04\\\/28\\\/sante-au-travail-une-nouvelle-approche-assise-sur-le-bien-etre-psychologique-des-travailleurs\\\/#article\",\"isPartOf\":{\"@id\":\"https:\\\/\\\/lasentinelle.dz\\\/index.php\\\/2026\\\/04\\\/28\\\/sante-au-travail-une-nouvelle-approche-assise-sur-le-bien-etre-psychologique-des-travailleurs\\\/\"},\"author\":{\"name\":\"admin\",\"@id\":\"https:\\\/\\\/lasentinelle.dz\\\/#\\\/schema\\\/person\\\/729ee0024f24e0b8c5ec17232f8e8b41\"},\"headline\":\"Sant\u00e9 au travail\u00a0: Une nouvelle approche assise sur le bien-\u00eatre psychologique des travailleurs\",\"datePublished\":\"2026-04-28T19:48:09+00:00\",\"dateModified\":\"2026-04-28T19:48:12+00:00\",\"mainEntityOfPage\":{\"@id\":\"https:\\\/\\\/lasentinelle.dz\\\/index.php\\\/2026\\\/04\\\/28\\\/sante-au-travail-une-nouvelle-approche-assise-sur-le-bien-etre-psychologique-des-travailleurs\\\/\"},\"wordCount\":723,\"commentCount\":0,\"publisher\":{\"@id\":\"https:\\\/\\\/lasentinelle.dz\\\/#organization\"},\"image\":{\"@id\":\"https:\\\/\\\/lasentinelle.dz\\\/index.php\\\/2026\\\/04\\\/28\\\/sante-au-travail-une-nouvelle-approche-assise-sur-le-bien-etre-psychologique-des-travailleurs\\\/#primaryimage\"},\"thumbnailUrl\":\"https:\\\/\\\/lasentinelle.dz\\\/wp-content\\\/uploads\\\/2026\\\/01\\\/saihi.webp\",\"articleSection\":[\"Actualit\u00e9\"],\"inLanguage\":\"fr-FR\",\"potentialAction\":[{\"@type\":\"CommentAction\",\"name\":\"Comment\",\"target\":[\"https:\\\/\\\/lasentinelle.dz\\\/index.php\\\/2026\\\/04\\\/28\\\/sante-au-travail-une-nouvelle-approche-assise-sur-le-bien-etre-psychologique-des-travailleurs\\\/#respond\"]}]},{\"@type\":\"WebPage\",\"@id\":\"https:\\\/\\\/lasentinelle.dz\\\/index.php\\\/2026\\\/04\\\/28\\\/sante-au-travail-une-nouvelle-approche-assise-sur-le-bien-etre-psychologique-des-travailleurs\\\/\",\"url\":\"https:\\\/\\\/lasentinelle.dz\\\/index.php\\\/2026\\\/04\\\/28\\\/sante-au-travail-une-nouvelle-approche-assise-sur-le-bien-etre-psychologique-des-travailleurs\\\/\",\"name\":\"Sant\u00e9 au travail\u00a0: Une nouvelle approche assise sur le bien-\u00eatre psychologique des travailleurs - La Sentinelle\",\"isPartOf\":{\"@id\":\"https:\\\/\\\/lasentinelle.dz\\\/#website\"},\"primaryImageOfPage\":{\"@id\":\"https:\\\/\\\/lasentinelle.dz\\\/index.php\\\/2026\\\/04\\\/28\\\/sante-au-travail-une-nouvelle-approche-assise-sur-le-bien-etre-psychologique-des-travailleurs\\\/#primaryimage\"},\"image\":{\"@id\":\"https:\\\/\\\/lasentinelle.dz\\\/index.php\\\/2026\\\/04\\\/28\\\/sante-au-travail-une-nouvelle-approche-assise-sur-le-bien-etre-psychologique-des-travailleurs\\\/#primaryimage\"},\"thumbnailUrl\":\"https:\\\/\\\/lasentinelle.dz\\\/wp-content\\\/uploads\\\/2026\\\/01\\\/saihi.webp\",\"datePublished\":\"2026-04-28T19:48:09+00:00\",\"dateModified\":\"2026-04-28T19:48:12+00:00\",\"breadcrumb\":{\"@id\":\"https:\\\/\\\/lasentinelle.dz\\\/index.php\\\/2026\\\/04\\\/28\\\/sante-au-travail-une-nouvelle-approche-assise-sur-le-bien-etre-psychologique-des-travailleurs\\\/#breadcrumb\"},\"inLanguage\":\"fr-FR\",\"potentialAction\":[{\"@type\":\"ReadAction\",\"target\":[\"https:\\\/\\\/lasentinelle.dz\\\/index.php\\\/2026\\\/04\\\/28\\\/sante-au-travail-une-nouvelle-approche-assise-sur-le-bien-etre-psychologique-des-travailleurs\\\/\"]}]},{\"@type\":\"ImageObject\",\"inLanguage\":\"fr-FR\",\"@id\":\"https:\\\/\\\/lasentinelle.dz\\\/index.php\\\/2026\\\/04\\\/28\\\/sante-au-travail-une-nouvelle-approche-assise-sur-le-bien-etre-psychologique-des-travailleurs\\\/#primaryimage\",\"url\":\"https:\\\/\\\/lasentinelle.dz\\\/wp-content\\\/uploads\\\/2026\\\/01\\\/saihi.webp\",\"contentUrl\":\"https:\\\/\\\/lasentinelle.dz\\\/wp-content\\\/uploads\\\/2026\\\/01\\\/saihi.webp\",\"width\":1280,\"height\":960},{\"@type\":\"BreadcrumbList\",\"@id\":\"https:\\\/\\\/lasentinelle.dz\\\/index.php\\\/2026\\\/04\\\/28\\\/sante-au-travail-une-nouvelle-approche-assise-sur-le-bien-etre-psychologique-des-travailleurs\\\/#breadcrumb\",\"itemListElement\":[{\"@type\":\"ListItem\",\"position\":1,\"name\":\"Accueil\",\"item\":\"https:\\\/\\\/lasentinelle.dz\\\/\"},{\"@type\":\"ListItem\",\"position\":2,\"name\":\"Sant\u00e9 au travail\u00a0: Une nouvelle approche assise sur le bien-\u00eatre psychologique des travailleurs\"}]},{\"@type\":\"WebSite\",\"@id\":\"https:\\\/\\\/lasentinelle.dz\\\/#website\",\"url\":\"https:\\\/\\\/lasentinelle.dz\\\/\",\"name\":\"La Sentinelle\",\"description\":\"Quotidien national d&#039;information\",\"publisher\":{\"@id\":\"https:\\\/\\\/lasentinelle.dz\\\/#organization\"},\"potentialAction\":[{\"@type\":\"SearchAction\",\"target\":{\"@type\":\"EntryPoint\",\"urlTemplate\":\"https:\\\/\\\/lasentinelle.dz\\\/?s={search_term_string}\"},\"query-input\":{\"@type\":\"PropertyValueSpecification\",\"valueRequired\":true,\"valueName\":\"search_term_string\"}}],\"inLanguage\":\"fr-FR\"},{\"@type\":\"Organization\",\"@id\":\"https:\\\/\\\/lasentinelle.dz\\\/#organization\",\"name\":\"Quotidien La Sentinelle\",\"url\":\"https:\\\/\\\/lasentinelle.dz\\\/\",\"logo\":{\"@type\":\"ImageObject\",\"inLanguage\":\"fr-FR\",\"@id\":\"https:\\\/\\\/lasentinelle.dz\\\/#\\\/schema\\\/logo\\\/image\\\/\",\"url\":\"https:\\\/\\\/lasentinelle.dz\\\/wp-content\\\/uploads\\\/2021\\\/09\\\/logo-sentinelleSLOGAN-1.png\",\"contentUrl\":\"https:\\\/\\\/lasentinelle.dz\\\/wp-content\\\/uploads\\\/2021\\\/09\\\/logo-sentinelleSLOGAN-1.png\",\"width\":615,\"height\":142,\"caption\":\"Quotidien La Sentinelle\"},\"image\":{\"@id\":\"https:\\\/\\\/lasentinelle.dz\\\/#\\\/schema\\\/logo\\\/image\\\/\"},\"sameAs\":[\"https:\\\/\\\/www.facebook.com\\\/La-Sentinelle-104059864394773\"]},{\"@type\":\"Person\",\"@id\":\"https:\\\/\\\/lasentinelle.dz\\\/#\\\/schema\\\/person\\\/729ee0024f24e0b8c5ec17232f8e8b41\",\"name\":\"admin\",\"image\":{\"@type\":\"ImageObject\",\"inLanguage\":\"fr-FR\",\"@id\":\"https:\\\/\\\/secure.gravatar.com\\\/avatar\\\/4c81fed838786e9b53f540bf46533e750f5d292099ae3b66cfc6fb1982e29df7?s=96&d=mm&r=g\",\"url\":\"https:\\\/\\\/secure.gravatar.com\\\/avatar\\\/4c81fed838786e9b53f540bf46533e750f5d292099ae3b66cfc6fb1982e29df7?s=96&d=mm&r=g\",\"contentUrl\":\"https:\\\/\\\/secure.gravatar.com\\\/avatar\\\/4c81fed838786e9b53f540bf46533e750f5d292099ae3b66cfc6fb1982e29df7?s=96&d=mm&r=g\",\"caption\":\"admin\"},\"description\":\"admin\",\"url\":\"https:\\\/\\\/lasentinelle.dz\\\/author\\\/admin\\\/\"}]}<\/script>\n<!-- \/ Yoast SEO plugin. -->","yoast_head_json":{"title":"Sant\u00e9 au travail\u00a0: Une nouvelle approche assise sur le bien-\u00eatre psychologique des travailleurs - La Sentinelle","robots":{"index":"index","follow":"follow","max-snippet":"max-snippet:-1","max-image-preview":"max-image-preview:large","max-video-preview":"max-video-preview:-1"},"canonical":"https:\/\/lasentinelle.dz\/index.php\/2026\/04\/28\/sante-au-travail-une-nouvelle-approche-assise-sur-le-bien-etre-psychologique-des-travailleurs\/","og_locale":"fr_FR","og_type":"article","og_title":"Sant\u00e9 au travail\u00a0: Une nouvelle approche assise sur le bien-\u00eatre psychologique des travailleurs - La Sentinelle","og_description":"La salle du Centre familial de Ben Aknoun n&rsquo;avait pas la froideur des c\u00e9r\u00e9monies protocolaires habituelles. Pour la 28e \u00e9dition","og_url":"https:\/\/lasentinelle.dz\/index.php\/2026\/04\/28\/sante-au-travail-une-nouvelle-approche-assise-sur-le-bien-etre-psychologique-des-travailleurs\/","og_site_name":"La Sentinelle","article_publisher":"https:\/\/www.facebook.com\/La-Sentinelle-104059864394773","article_published_time":"2026-04-28T19:48:09+00:00","article_modified_time":"2026-04-28T19:48:12+00:00","og_image":[{"width":1280,"height":960,"url":"https:\/\/lasentinelle.dz\/wp-content\/uploads\/2026\/01\/saihi.webp","type":"image\/webp"}],"author":"admin","twitter_card":"summary_large_image","twitter_misc":{"\u00c9crit par":"admin","Dur\u00e9e de lecture estim\u00e9e":"4 minutes"},"schema":{"@context":"https:\/\/schema.org","@graph":[{"@type":"Article","@id":"https:\/\/lasentinelle.dz\/index.php\/2026\/04\/28\/sante-au-travail-une-nouvelle-approche-assise-sur-le-bien-etre-psychologique-des-travailleurs\/#article","isPartOf":{"@id":"https:\/\/lasentinelle.dz\/index.php\/2026\/04\/28\/sante-au-travail-une-nouvelle-approche-assise-sur-le-bien-etre-psychologique-des-travailleurs\/"},"author":{"name":"admin","@id":"https:\/\/lasentinelle.dz\/#\/schema\/person\/729ee0024f24e0b8c5ec17232f8e8b41"},"headline":"Sant\u00e9 au travail\u00a0: Une nouvelle approche assise sur le bien-\u00eatre psychologique des travailleurs","datePublished":"2026-04-28T19:48:09+00:00","dateModified":"2026-04-28T19:48:12+00:00","mainEntityOfPage":{"@id":"https:\/\/lasentinelle.dz\/index.php\/2026\/04\/28\/sante-au-travail-une-nouvelle-approche-assise-sur-le-bien-etre-psychologique-des-travailleurs\/"},"wordCount":723,"commentCount":0,"publisher":{"@id":"https:\/\/lasentinelle.dz\/#organization"},"image":{"@id":"https:\/\/lasentinelle.dz\/index.php\/2026\/04\/28\/sante-au-travail-une-nouvelle-approche-assise-sur-le-bien-etre-psychologique-des-travailleurs\/#primaryimage"},"thumbnailUrl":"https:\/\/lasentinelle.dz\/wp-content\/uploads\/2026\/01\/saihi.webp","articleSection":["Actualit\u00e9"],"inLanguage":"fr-FR","potentialAction":[{"@type":"CommentAction","name":"Comment","target":["https:\/\/lasentinelle.dz\/index.php\/2026\/04\/28\/sante-au-travail-une-nouvelle-approche-assise-sur-le-bien-etre-psychologique-des-travailleurs\/#respond"]}]},{"@type":"WebPage","@id":"https:\/\/lasentinelle.dz\/index.php\/2026\/04\/28\/sante-au-travail-une-nouvelle-approche-assise-sur-le-bien-etre-psychologique-des-travailleurs\/","url":"https:\/\/lasentinelle.dz\/index.php\/2026\/04\/28\/sante-au-travail-une-nouvelle-approche-assise-sur-le-bien-etre-psychologique-des-travailleurs\/","name":"Sant\u00e9 au travail\u00a0: Une nouvelle approche assise sur le bien-\u00eatre psychologique des travailleurs - La Sentinelle","isPartOf":{"@id":"https:\/\/lasentinelle.dz\/#website"},"primaryImageOfPage":{"@id":"https:\/\/lasentinelle.dz\/index.php\/2026\/04\/28\/sante-au-travail-une-nouvelle-approche-assise-sur-le-bien-etre-psychologique-des-travailleurs\/#primaryimage"},"image":{"@id":"https:\/\/lasentinelle.dz\/index.php\/2026\/04\/28\/sante-au-travail-une-nouvelle-approche-assise-sur-le-bien-etre-psychologique-des-travailleurs\/#primaryimage"},"thumbnailUrl":"https:\/\/lasentinelle.dz\/wp-content\/uploads\/2026\/01\/saihi.webp","datePublished":"2026-04-28T19:48:09+00:00","dateModified":"2026-04-28T19:48:12+00:00","breadcrumb":{"@id":"https:\/\/lasentinelle.dz\/index.php\/2026\/04\/28\/sante-au-travail-une-nouvelle-approche-assise-sur-le-bien-etre-psychologique-des-travailleurs\/#breadcrumb"},"inLanguage":"fr-FR","potentialAction":[{"@type":"ReadAction","target":["https:\/\/lasentinelle.dz\/index.php\/2026\/04\/28\/sante-au-travail-une-nouvelle-approche-assise-sur-le-bien-etre-psychologique-des-travailleurs\/"]}]},{"@type":"ImageObject","inLanguage":"fr-FR","@id":"https:\/\/lasentinelle.dz\/index.php\/2026\/04\/28\/sante-au-travail-une-nouvelle-approche-assise-sur-le-bien-etre-psychologique-des-travailleurs\/#primaryimage","url":"https:\/\/lasentinelle.dz\/wp-content\/uploads\/2026\/01\/saihi.webp","contentUrl":"https:\/\/lasentinelle.dz\/wp-content\/uploads\/2026\/01\/saihi.webp","width":1280,"height":960},{"@type":"BreadcrumbList","@id":"https:\/\/lasentinelle.dz\/index.php\/2026\/04\/28\/sante-au-travail-une-nouvelle-approche-assise-sur-le-bien-etre-psychologique-des-travailleurs\/#breadcrumb","itemListElement":[{"@type":"ListItem","position":1,"name":"Accueil","item":"https:\/\/lasentinelle.dz\/"},{"@type":"ListItem","position":2,"name":"Sant\u00e9 au travail\u00a0: Une nouvelle approche assise sur le bien-\u00eatre psychologique des travailleurs"}]},{"@type":"WebSite","@id":"https:\/\/lasentinelle.dz\/#website","url":"https:\/\/lasentinelle.dz\/","name":"La Sentinelle","description":"Quotidien national d&#039;information","publisher":{"@id":"https:\/\/lasentinelle.dz\/#organization"},"potentialAction":[{"@type":"SearchAction","target":{"@type":"EntryPoint","urlTemplate":"https:\/\/lasentinelle.dz\/?s={search_term_string}"},"query-input":{"@type":"PropertyValueSpecification","valueRequired":true,"valueName":"search_term_string"}}],"inLanguage":"fr-FR"},{"@type":"Organization","@id":"https:\/\/lasentinelle.dz\/#organization","name":"Quotidien La Sentinelle","url":"https:\/\/lasentinelle.dz\/","logo":{"@type":"ImageObject","inLanguage":"fr-FR","@id":"https:\/\/lasentinelle.dz\/#\/schema\/logo\/image\/","url":"https:\/\/lasentinelle.dz\/wp-content\/uploads\/2021\/09\/logo-sentinelleSLOGAN-1.png","contentUrl":"https:\/\/lasentinelle.dz\/wp-content\/uploads\/2021\/09\/logo-sentinelleSLOGAN-1.png","width":615,"height":142,"caption":"Quotidien La Sentinelle"},"image":{"@id":"https:\/\/lasentinelle.dz\/#\/schema\/logo\/image\/"},"sameAs":["https:\/\/www.facebook.com\/La-Sentinelle-104059864394773"]},{"@type":"Person","@id":"https:\/\/lasentinelle.dz\/#\/schema\/person\/729ee0024f24e0b8c5ec17232f8e8b41","name":"admin","image":{"@type":"ImageObject","inLanguage":"fr-FR","@id":"https:\/\/secure.gravatar.com\/avatar\/4c81fed838786e9b53f540bf46533e750f5d292099ae3b66cfc6fb1982e29df7?s=96&d=mm&r=g","url":"https:\/\/secure.gravatar.com\/avatar\/4c81fed838786e9b53f540bf46533e750f5d292099ae3b66cfc6fb1982e29df7?s=96&d=mm&r=g","contentUrl":"https:\/\/secure.gravatar.com\/avatar\/4c81fed838786e9b53f540bf46533e750f5d292099ae3b66cfc6fb1982e29df7?s=96&d=mm&r=g","caption":"admin"},"description":"admin","url":"https:\/\/lasentinelle.dz\/author\/admin\/"}]}},"_links":{"self":[{"href":"https:\/\/lasentinelle.dz\/index.php\/wp-json\/wp\/v2\/posts\/86694","targetHints":{"allow":["GET"]}}],"collection":[{"href":"https:\/\/lasentinelle.dz\/index.php\/wp-json\/wp\/v2\/posts"}],"about":[{"href":"https:\/\/lasentinelle.dz\/index.php\/wp-json\/wp\/v2\/types\/post"}],"author":[{"embeddable":true,"href":"https:\/\/lasentinelle.dz\/index.php\/wp-json\/wp\/v2\/users\/6"}],"replies":[{"embeddable":true,"href":"https:\/\/lasentinelle.dz\/index.php\/wp-json\/wp\/v2\/comments?post=86694"}],"version-history":[{"count":1,"href":"https:\/\/lasentinelle.dz\/index.php\/wp-json\/wp\/v2\/posts\/86694\/revisions"}],"predecessor-version":[{"id":86695,"href":"https:\/\/lasentinelle.dz\/index.php\/wp-json\/wp\/v2\/posts\/86694\/revisions\/86695"}],"wp:featuredmedia":[{"embeddable":true,"href":"https:\/\/lasentinelle.dz\/index.php\/wp-json\/wp\/v2\/media\/79799"}],"wp:attachment":[{"href":"https:\/\/lasentinelle.dz\/index.php\/wp-json\/wp\/v2\/media?parent=86694"}],"wp:term":[{"taxonomy":"category","embeddable":true,"href":"https:\/\/lasentinelle.dz\/index.php\/wp-json\/wp\/v2\/categories?post=86694"},{"taxonomy":"post_tag","embeddable":true,"href":"https:\/\/lasentinelle.dz\/index.php\/wp-json\/wp\/v2\/tags?post=86694"}],"curies":[{"name":"wp","href":"https:\/\/api.w.org\/{rel}","templated":true}]}}