{"id":86696,"date":"2026-04-28T20:49:43","date_gmt":"2026-04-28T19:49:43","guid":{"rendered":"https:\/\/lasentinelle.dz\/?p=86696"},"modified":"2026-04-28T20:49:46","modified_gmt":"2026-04-28T19:49:46","slug":"lalgerie-reaffirme-son-engagement-en-faveur-de-lagenda-2030-des-odd-vers-un-avenir-durable-inclusif-et-innovant","status":"publish","type":"post","link":"https:\/\/lasentinelle.dz\/index.php\/2026\/04\/28\/lalgerie-reaffirme-son-engagement-en-faveur-de-lagenda-2030-des-odd-vers-un-avenir-durable-inclusif-et-innovant\/","title":{"rendered":"L&rsquo;Alg\u00e9rie r\u00e9affirme son engagement en faveur de l&rsquo;Agenda 2030 des ODD\u00a0: \u00ab\u00a0Vers un avenir durable, inclusif et innovant\u00a0\u00bb"},"content":{"rendered":"\n<p>L&rsquo;Alg\u00e9rie a progressivement int\u00e9gr\u00e9 ses 17 objectifs dans ses politiques publiques, en mettant en place des m\u00e9canismes institutionnels de coordination et de suivi, et en mobilisant diff\u00e9rents secteurs autour de cette feuille de route.<\/p>\n\n\n\n<p>Un atelier consultatif consacr\u00e9 \u00e0 l&rsquo;\u00e9laboration de son deuxi\u00e8me rapport national volontaire sur les objectifs de d\u00e9veloppement durable, que l\u2019Alg\u00e9rie pr\u00e9sentera en juillet 2026 devant le Forum politique de haut niveau des Nations unies \u00e0 New York, a \u00e9t\u00e9 tenu mardi \u00e0 Alger. Copr\u00e9sid\u00e9e par le secr\u00e9taire d&rsquo;\u00c9tat charg\u00e9 de la Communaut\u00e9 nationale \u00e0 l&rsquo;\u00e9tranger, Sofiane Chaib, et le pr\u00e9sident du Conseil national \u00e9conomique, social et environnemental (CNESE), Mohamed Boukhari, la rencontre a r\u00e9uni des repr\u00e9sentants des agences onusiennes, de plusieurs minist\u00e8res, des deux chambres du Parlement ainsi que de la soci\u00e9t\u00e9 civile et du milieu acad\u00e9mique.<\/p>\n\n\n\n<p>Le ton de la journ\u00e9e a \u00e9t\u00e9 donn\u00e9 d&#8217;embl\u00e9e par Mohamed Boukhari. Dans son allocution d&rsquo;ouverture, il a reconnu sans d\u00e9tour le contexte difficile dans lequel s&rsquo;inscrit cet exercice : \u00ab Les ann\u00e9es entre 2019 et 2026 n&rsquo;ont pas \u00e9t\u00e9 des ann\u00e9es ordinaires. Le monde a travers\u00e9 la pand\u00e9mie de Covid-19, des transformations g\u00e9opolitiques profondes et des pressions croissantes sur le processus de d\u00e9veloppement durable partout dans le monde. \u00bb Mais, a-t-il pr\u00e9cis\u00e9, ces turbulences n&rsquo;ont pas infl\u00e9chi la trajectoire alg\u00e9rienne : \u00ab Malgr\u00e9 ces d\u00e9fis, l&rsquo;Alg\u00e9rie a choisi de poursuivre ses engagements envers l&rsquo;Agenda 2030, et m\u00eame de les approfondir. \u00bb<\/p>\n\n\n\n<p>Ce n&rsquo;est pas une posture de fa\u00e7ade. Depuis l&rsquo;adoption de l&rsquo;Agenda 2030 en 2015, l&rsquo;Alg\u00e9rie a progressivement int\u00e9gr\u00e9 ses 17 objectifs dans ses politiques publiques, en mettant en place des m\u00e9canismes institutionnels de coordination et de suivi, et en mobilisant diff\u00e9rents secteurs autour de cette feuille de route. Le point d&rsquo;orgue de ce processus reste la constitutionnalisation des principes du d\u00e9veloppement durable lors de la r\u00e9vision de la loi fondamentale en 2020, que Boukhari a pr\u00e9sent\u00e9e comme \u00ab l&rsquo;expression d&rsquo;une volont\u00e9 politique ferme, fond\u00e9e sur l&rsquo;action et l&rsquo;efficacit\u00e9 \u00bb.<\/p>\n\n\n\n<p>Le premier rapport national volontaire, pr\u00e9sent\u00e9 en 2019, avait constitu\u00e9 une \u00e9tape de r\u00e9f\u00e9rence. Celui de 2026, intitul\u00e9 \u00ab L&rsquo;Alg\u00e9rie vers un avenir durable, inclusif et innovant \u00bb, se veut davantage qu&rsquo;un bilan comptable. C&rsquo;est du moins ainsi que l&rsquo;a d\u00e9fini Boukhari, pour qui ce document \u00ab n&rsquo;est pas un simple exercice technique, mais un processus participatif authentique qui int\u00e8gre les voix de toutes les composantes de la soci\u00e9t\u00e9 \u00bb. Devant les repr\u00e9sentants de la soci\u00e9t\u00e9 civile, du monde universitaire et des instances consultatives nationales pr\u00e9sents dans la salle, il a \u00e9t\u00e9 direct : \u00ab Vos contributions sont d&rsquo;une importance capitale. Elles conf\u00e8rent \u00e0 ce rapport une maturit\u00e9 citoyenne, parce que vous portez des regards de terrain et des perceptions qui refl\u00e8tent les pr\u00e9occupations r\u00e9elles des Alg\u00e9riens. \u00bb<\/p>\n\n\n\n<p>La dimension diplomatique du rapport n&rsquo;a pas non plus \u00e9t\u00e9 \u00e9lud\u00e9e. Sofiane Chaib a rappel\u00e9 que ce document remplit une double fonction : il permet d&rsquo;\u00e9valuer les avanc\u00e9es internes en mati\u00e8re de d\u00e9veloppement, mais il est aussi \u00ab un m\u00e9canisme diplomatique strat\u00e9gique \u00bb qui positionne l&rsquo;Alg\u00e9rie sur la sc\u00e8ne internationale. Pour le secr\u00e9taire d&rsquo;\u00c9tat, le rapport doit servir \u00e0 \u00ab r\u00e9affirmer les positions constantes de l&rsquo;Alg\u00e9rie appelant \u00e0 la r\u00e9forme de la gouvernance mondiale, au renforcement de l&rsquo;\u00e9quit\u00e9 internationale et \u00e0 l&rsquo;acc\u00e8s des pays en d\u00e9veloppement aux financements, aux technologies et aux capacit\u00e9s dont ils ont besoin \u00bb. Une mani\u00e8re de rappeler que l&rsquo;Alg\u00e9rie n&rsquo;entend pas seulement rendre des comptes, mais aussi peser dans les d\u00e9bats globaux sur les conditions d&rsquo;un d\u00e9veloppement juste.<\/p>\n\n\n\n<p><strong>Maturit\u00e9 institutionnelle et d\u00e9mocratique<\/strong><\/p>\n\n\n\n<p>La repr\u00e9sentante r\u00e9sidente du Programme des Nations unies pour le d\u00e9veloppement (PNUD) en Alg\u00e9rie, Natasha Van Rijn, a salu\u00e9 la d\u00e9marche. \u00c0 ses yeux, l&rsquo;\u00e9laboration de ce rapport \u00ab n&rsquo;est pas une simple formalit\u00e9, mais traduit une maturit\u00e9 institutionnelle et d\u00e9mocratique \u00bb. Elle a \u00e9galement mis en avant les efforts du pays pour diversifier son \u00e9conomie et avancer sur la transition \u00e9nerg\u00e9tique, en s&rsquo;appuyant sur ses potentiels en \u00e9nergies renouvelables, tout en tenant compte des exigences climatiques. Et d&rsquo;ajouter que le r\u00f4le de l&rsquo;Alg\u00e9rie sur le continent africain \u00ab ne se mesure pas uniquement \u00e0 sa taille ou \u00e0 la solidit\u00e9 de ses institutions, mais se manifeste par une vision claire d&rsquo;un \u00c9tat qui assume ses responsabilit\u00e9s envers ses citoyens et s&rsquo;ouvre \u00e0 l&rsquo;\u00e9valuation internationale \u00bb. Sur le plan m\u00e9thodologique, le directeur g\u00e9n\u00e9ral de l&rsquo;Office national des statistiques (ONS), Kamel Oukaci, a insist\u00e9 sur le fait que la rencontre incarne concr\u00e8tement \u00ab l&rsquo;approche participative et globale adopt\u00e9e par l&rsquo;Alg\u00e9rie pour \u00e9valuer ses politiques publiques et mesurer les progr\u00e8s accomplis \u00bb. L&rsquo;atelier, organis\u00e9 par le CNESE en partenariat avec le minist\u00e8re des Affaires \u00e9trang\u00e8res, s&rsquo;est articul\u00e9 autour de deux sous-ateliers th\u00e9matiques \u2014 \u00e9conomique et social \u2014 destin\u00e9s \u00e0 alimenter le rapport en recommandations pratiques et en analyses acad\u00e9miques, pour que le document final soit ancr\u00e9 autant dans la r\u00e9alit\u00e9 du terrain que dans la rigueur scientifique. Le rapport sera soumis en juillet 2026 au Forum politique de haut niveau, instance onusienne qui examine chaque ann\u00e9e les progr\u00e8s des \u00c9tats membres dans la mise en \u0153uvre de l&rsquo;Agenda 2030. Pour l&rsquo;Alg\u00e9rie, il s&rsquo;agit d&rsquo;une \u00e9ch\u00e9ance \u00e0 la fois technique et politique \u2014 l&rsquo;occasion de montrer que, derri\u00e8re les engagements proclam\u00e9s, il y a un suivi r\u00e9el, des chiffres v\u00e9rifiables, et une volont\u00e9 de s&rsquo;exposer au regard international.<\/p>\n\n\n\n<p>Samir Benisid<\/p>\n","protected":false},"excerpt":{"rendered":"<p>L&rsquo;Alg\u00e9rie a progressivement int\u00e9gr\u00e9 ses 17 objectifs dans ses politiques publiques, en mettant en place des m\u00e9canismes institutionnels de coordination<\/p>\n","protected":false},"author":6,"featured_media":86697,"comment_status":"open","ping_status":"closed","sticky":false,"template":"","format":"standard","meta":{"colormag_page_container_layout":"default_layout","colormag_page_sidebar_layout":"default_layout","om_disable_all_campaigns":false,"_monsterinsights_skip_tracking":false,"_monsterinsights_sitenote_active":false,"_monsterinsights_sitenote_note":"","_monsterinsights_sitenote_category":0,"footnotes":"","_wpscppro_dont_share_socialmedia":false,"_wpscppro_custom_social_share_image":0,"_facebook_share_type":"default","_twitter_share_type":"default","_linkedin_share_type":"default","_pinterest_share_type":"default","_linkedin_share_type_page":"","_instagram_share_type":"default","_medium_share_type":"default","_threads_share_type":"default","_google_business_share_type":"default","_selected_social_profile":[],"_wpsp_enable_custom_social_template":false,"_wpsp_social_scheduling":{"enabled":false,"datetime":null,"platforms":[],"status":"template_only","dateOption":"today","timeOption":"now","customDays":"","customHours":"","customDate":"","customTime":"","schedulingType":"absolute"},"_wpsp_active_default_template":true},"categories":[27],"tags":[],"class_list":["post-86696","post","type-post","status-publish","format-standard","has-post-thumbnail","hentry","category-actualite"],"aioseo_notices":[],"yoast_head":"<!-- This site is optimized with the Yoast SEO plugin v27.4 - https:\/\/yoast.com\/product\/yoast-seo-wordpress\/ -->\n<title>L&rsquo;Alg\u00e9rie r\u00e9affirme son engagement en faveur de l&rsquo;Agenda 2030 des ODD\u00a0: \u00ab\u00a0Vers un avenir durable, inclusif et innovant\u00a0\u00bb - La Sentinelle<\/title>\n<meta name=\"robots\" content=\"index, follow, max-snippet:-1, max-image-preview:large, max-video-preview:-1\" \/>\n<link rel=\"canonical\" href=\"https:\/\/lasentinelle.dz\/index.php\/2026\/04\/28\/lalgerie-reaffirme-son-engagement-en-faveur-de-lagenda-2030-des-odd-vers-un-avenir-durable-inclusif-et-innovant\/\" \/>\n<meta property=\"og:locale\" content=\"fr_FR\" \/>\n<meta property=\"og:type\" content=\"article\" \/>\n<meta property=\"og:title\" content=\"L&rsquo;Alg\u00e9rie r\u00e9affirme son engagement en faveur de l&rsquo;Agenda 2030 des ODD\u00a0: \u00ab\u00a0Vers un avenir durable, inclusif et innovant\u00a0\u00bb - La Sentinelle\" \/>\n<meta property=\"og:description\" content=\"L&rsquo;Alg\u00e9rie a progressivement int\u00e9gr\u00e9 ses 17 objectifs dans ses politiques publiques, en mettant en place des m\u00e9canismes institutionnels de coordination\" \/>\n<meta property=\"og:url\" content=\"https:\/\/lasentinelle.dz\/index.php\/2026\/04\/28\/lalgerie-reaffirme-son-engagement-en-faveur-de-lagenda-2030-des-odd-vers-un-avenir-durable-inclusif-et-innovant\/\" \/>\n<meta property=\"og:site_name\" content=\"La Sentinelle\" \/>\n<meta property=\"article:publisher\" content=\"https:\/\/www.facebook.com\/La-Sentinelle-104059864394773\" \/>\n<meta property=\"article:published_time\" content=\"2026-04-28T19:49:43+00:00\" \/>\n<meta property=\"article:modified_time\" content=\"2026-04-28T19:49:46+00:00\" \/>\n<meta property=\"og:image\" content=\"https:\/\/lasentinelle.dz\/wp-content\/uploads\/2026\/04\/boukhari.jpg\" \/>\n\t<meta property=\"og:image:width\" content=\"2048\" \/>\n\t<meta property=\"og:image:height\" content=\"1365\" \/>\n\t<meta property=\"og:image:type\" content=\"image\/jpeg\" \/>\n<meta name=\"author\" content=\"admin\" \/>\n<meta name=\"twitter:card\" content=\"summary_large_image\" \/>\n<meta name=\"twitter:label1\" content=\"\u00c9crit par\" \/>\n\t<meta name=\"twitter:data1\" content=\"admin\" \/>\n\t<meta name=\"twitter:label2\" content=\"Dur\u00e9e de lecture estim\u00e9e\" \/>\n\t<meta name=\"twitter:data2\" content=\"5 minutes\" \/>\n<script type=\"application\/ld+json\" class=\"yoast-schema-graph\">{\"@context\":\"https:\\\/\\\/schema.org\",\"@graph\":[{\"@type\":\"Article\",\"@id\":\"https:\\\/\\\/lasentinelle.dz\\\/index.php\\\/2026\\\/04\\\/28\\\/lalgerie-reaffirme-son-engagement-en-faveur-de-lagenda-2030-des-odd-vers-un-avenir-durable-inclusif-et-innovant\\\/#article\",\"isPartOf\":{\"@id\":\"https:\\\/\\\/lasentinelle.dz\\\/index.php\\\/2026\\\/04\\\/28\\\/lalgerie-reaffirme-son-engagement-en-faveur-de-lagenda-2030-des-odd-vers-un-avenir-durable-inclusif-et-innovant\\\/\"},\"author\":{\"name\":\"admin\",\"@id\":\"https:\\\/\\\/lasentinelle.dz\\\/#\\\/schema\\\/person\\\/729ee0024f24e0b8c5ec17232f8e8b41\"},\"headline\":\"L&rsquo;Alg\u00e9rie r\u00e9affirme son engagement en faveur de l&rsquo;Agenda 2030 des ODD\u00a0: \u00ab\u00a0Vers un avenir durable, inclusif et innovant\u00a0\u00bb\",\"datePublished\":\"2026-04-28T19:49:43+00:00\",\"dateModified\":\"2026-04-28T19:49:46+00:00\",\"mainEntityOfPage\":{\"@id\":\"https:\\\/\\\/lasentinelle.dz\\\/index.php\\\/2026\\\/04\\\/28\\\/lalgerie-reaffirme-son-engagement-en-faveur-de-lagenda-2030-des-odd-vers-un-avenir-durable-inclusif-et-innovant\\\/\"},\"wordCount\":1004,\"commentCount\":0,\"publisher\":{\"@id\":\"https:\\\/\\\/lasentinelle.dz\\\/#organization\"},\"image\":{\"@id\":\"https:\\\/\\\/lasentinelle.dz\\\/index.php\\\/2026\\\/04\\\/28\\\/lalgerie-reaffirme-son-engagement-en-faveur-de-lagenda-2030-des-odd-vers-un-avenir-durable-inclusif-et-innovant\\\/#primaryimage\"},\"thumbnailUrl\":\"https:\\\/\\\/lasentinelle.dz\\\/wp-content\\\/uploads\\\/2026\\\/04\\\/boukhari.jpg\",\"articleSection\":[\"Actualit\u00e9\"],\"inLanguage\":\"fr-FR\",\"potentialAction\":[{\"@type\":\"CommentAction\",\"name\":\"Comment\",\"target\":[\"https:\\\/\\\/lasentinelle.dz\\\/index.php\\\/2026\\\/04\\\/28\\\/lalgerie-reaffirme-son-engagement-en-faveur-de-lagenda-2030-des-odd-vers-un-avenir-durable-inclusif-et-innovant\\\/#respond\"]}]},{\"@type\":\"WebPage\",\"@id\":\"https:\\\/\\\/lasentinelle.dz\\\/index.php\\\/2026\\\/04\\\/28\\\/lalgerie-reaffirme-son-engagement-en-faveur-de-lagenda-2030-des-odd-vers-un-avenir-durable-inclusif-et-innovant\\\/\",\"url\":\"https:\\\/\\\/lasentinelle.dz\\\/index.php\\\/2026\\\/04\\\/28\\\/lalgerie-reaffirme-son-engagement-en-faveur-de-lagenda-2030-des-odd-vers-un-avenir-durable-inclusif-et-innovant\\\/\",\"name\":\"L&rsquo;Alg\u00e9rie r\u00e9affirme son engagement en faveur de l&rsquo;Agenda 2030 des ODD\u00a0: \u00ab\u00a0Vers un avenir durable, inclusif et innovant\u00a0\u00bb - La Sentinelle\",\"isPartOf\":{\"@id\":\"https:\\\/\\\/lasentinelle.dz\\\/#website\"},\"primaryImageOfPage\":{\"@id\":\"https:\\\/\\\/lasentinelle.dz\\\/index.php\\\/2026\\\/04\\\/28\\\/lalgerie-reaffirme-son-engagement-en-faveur-de-lagenda-2030-des-odd-vers-un-avenir-durable-inclusif-et-innovant\\\/#primaryimage\"},\"image\":{\"@id\":\"https:\\\/\\\/lasentinelle.dz\\\/index.php\\\/2026\\\/04\\\/28\\\/lalgerie-reaffirme-son-engagement-en-faveur-de-lagenda-2030-des-odd-vers-un-avenir-durable-inclusif-et-innovant\\\/#primaryimage\"},\"thumbnailUrl\":\"https:\\\/\\\/lasentinelle.dz\\\/wp-content\\\/uploads\\\/2026\\\/04\\\/boukhari.jpg\",\"datePublished\":\"2026-04-28T19:49:43+00:00\",\"dateModified\":\"2026-04-28T19:49:46+00:00\",\"breadcrumb\":{\"@id\":\"https:\\\/\\\/lasentinelle.dz\\\/index.php\\\/2026\\\/04\\\/28\\\/lalgerie-reaffirme-son-engagement-en-faveur-de-lagenda-2030-des-odd-vers-un-avenir-durable-inclusif-et-innovant\\\/#breadcrumb\"},\"inLanguage\":\"fr-FR\",\"potentialAction\":[{\"@type\":\"ReadAction\",\"target\":[\"https:\\\/\\\/lasentinelle.dz\\\/index.php\\\/2026\\\/04\\\/28\\\/lalgerie-reaffirme-son-engagement-en-faveur-de-lagenda-2030-des-odd-vers-un-avenir-durable-inclusif-et-innovant\\\/\"]}]},{\"@type\":\"ImageObject\",\"inLanguage\":\"fr-FR\",\"@id\":\"https:\\\/\\\/lasentinelle.dz\\\/index.php\\\/2026\\\/04\\\/28\\\/lalgerie-reaffirme-son-engagement-en-faveur-de-lagenda-2030-des-odd-vers-un-avenir-durable-inclusif-et-innovant\\\/#primaryimage\",\"url\":\"https:\\\/\\\/lasentinelle.dz\\\/wp-content\\\/uploads\\\/2026\\\/04\\\/boukhari.jpg\",\"contentUrl\":\"https:\\\/\\\/lasentinelle.dz\\\/wp-content\\\/uploads\\\/2026\\\/04\\\/boukhari.jpg\",\"width\":2048,\"height\":1365},{\"@type\":\"BreadcrumbList\",\"@id\":\"https:\\\/\\\/lasentinelle.dz\\\/index.php\\\/2026\\\/04\\\/28\\\/lalgerie-reaffirme-son-engagement-en-faveur-de-lagenda-2030-des-odd-vers-un-avenir-durable-inclusif-et-innovant\\\/#breadcrumb\",\"itemListElement\":[{\"@type\":\"ListItem\",\"position\":1,\"name\":\"Accueil\",\"item\":\"https:\\\/\\\/lasentinelle.dz\\\/\"},{\"@type\":\"ListItem\",\"position\":2,\"name\":\"L&rsquo;Alg\u00e9rie r\u00e9affirme son engagement en faveur de l&rsquo;Agenda 2030 des ODD\u00a0: \u00ab\u00a0Vers un avenir durable, inclusif et innovant\u00a0\u00bb\"}]},{\"@type\":\"WebSite\",\"@id\":\"https:\\\/\\\/lasentinelle.dz\\\/#website\",\"url\":\"https:\\\/\\\/lasentinelle.dz\\\/\",\"name\":\"La Sentinelle\",\"description\":\"Quotidien national d&#039;information\",\"publisher\":{\"@id\":\"https:\\\/\\\/lasentinelle.dz\\\/#organization\"},\"potentialAction\":[{\"@type\":\"SearchAction\",\"target\":{\"@type\":\"EntryPoint\",\"urlTemplate\":\"https:\\\/\\\/lasentinelle.dz\\\/?s={search_term_string}\"},\"query-input\":{\"@type\":\"PropertyValueSpecification\",\"valueRequired\":true,\"valueName\":\"search_term_string\"}}],\"inLanguage\":\"fr-FR\"},{\"@type\":\"Organization\",\"@id\":\"https:\\\/\\\/lasentinelle.dz\\\/#organization\",\"name\":\"Quotidien La Sentinelle\",\"url\":\"https:\\\/\\\/lasentinelle.dz\\\/\",\"logo\":{\"@type\":\"ImageObject\",\"inLanguage\":\"fr-FR\",\"@id\":\"https:\\\/\\\/lasentinelle.dz\\\/#\\\/schema\\\/logo\\\/image\\\/\",\"url\":\"https:\\\/\\\/lasentinelle.dz\\\/wp-content\\\/uploads\\\/2021\\\/09\\\/logo-sentinelleSLOGAN-1.png\",\"contentUrl\":\"https:\\\/\\\/lasentinelle.dz\\\/wp-content\\\/uploads\\\/2021\\\/09\\\/logo-sentinelleSLOGAN-1.png\",\"width\":615,\"height\":142,\"caption\":\"Quotidien La Sentinelle\"},\"image\":{\"@id\":\"https:\\\/\\\/lasentinelle.dz\\\/#\\\/schema\\\/logo\\\/image\\\/\"},\"sameAs\":[\"https:\\\/\\\/www.facebook.com\\\/La-Sentinelle-104059864394773\"]},{\"@type\":\"Person\",\"@id\":\"https:\\\/\\\/lasentinelle.dz\\\/#\\\/schema\\\/person\\\/729ee0024f24e0b8c5ec17232f8e8b41\",\"name\":\"admin\",\"image\":{\"@type\":\"ImageObject\",\"inLanguage\":\"fr-FR\",\"@id\":\"https:\\\/\\\/secure.gravatar.com\\\/avatar\\\/4c81fed838786e9b53f540bf46533e750f5d292099ae3b66cfc6fb1982e29df7?s=96&d=mm&r=g\",\"url\":\"https:\\\/\\\/secure.gravatar.com\\\/avatar\\\/4c81fed838786e9b53f540bf46533e750f5d292099ae3b66cfc6fb1982e29df7?s=96&d=mm&r=g\",\"contentUrl\":\"https:\\\/\\\/secure.gravatar.com\\\/avatar\\\/4c81fed838786e9b53f540bf46533e750f5d292099ae3b66cfc6fb1982e29df7?s=96&d=mm&r=g\",\"caption\":\"admin\"},\"description\":\"admin\",\"url\":\"https:\\\/\\\/lasentinelle.dz\\\/author\\\/admin\\\/\"}]}<\/script>\n<!-- \/ Yoast SEO plugin. -->","yoast_head_json":{"title":"L&rsquo;Alg\u00e9rie r\u00e9affirme son engagement en faveur de l&rsquo;Agenda 2030 des ODD\u00a0: \u00ab\u00a0Vers un avenir durable, inclusif et innovant\u00a0\u00bb - La Sentinelle","robots":{"index":"index","follow":"follow","max-snippet":"max-snippet:-1","max-image-preview":"max-image-preview:large","max-video-preview":"max-video-preview:-1"},"canonical":"https:\/\/lasentinelle.dz\/index.php\/2026\/04\/28\/lalgerie-reaffirme-son-engagement-en-faveur-de-lagenda-2030-des-odd-vers-un-avenir-durable-inclusif-et-innovant\/","og_locale":"fr_FR","og_type":"article","og_title":"L&rsquo;Alg\u00e9rie r\u00e9affirme son engagement en faveur de l&rsquo;Agenda 2030 des ODD\u00a0: \u00ab\u00a0Vers un avenir durable, inclusif et innovant\u00a0\u00bb - La Sentinelle","og_description":"L&rsquo;Alg\u00e9rie a progressivement int\u00e9gr\u00e9 ses 17 objectifs dans ses politiques publiques, en mettant en place des m\u00e9canismes institutionnels de coordination","og_url":"https:\/\/lasentinelle.dz\/index.php\/2026\/04\/28\/lalgerie-reaffirme-son-engagement-en-faveur-de-lagenda-2030-des-odd-vers-un-avenir-durable-inclusif-et-innovant\/","og_site_name":"La Sentinelle","article_publisher":"https:\/\/www.facebook.com\/La-Sentinelle-104059864394773","article_published_time":"2026-04-28T19:49:43+00:00","article_modified_time":"2026-04-28T19:49:46+00:00","og_image":[{"width":2048,"height":1365,"url":"https:\/\/lasentinelle.dz\/wp-content\/uploads\/2026\/04\/boukhari.jpg","type":"image\/jpeg"}],"author":"admin","twitter_card":"summary_large_image","twitter_misc":{"\u00c9crit par":"admin","Dur\u00e9e de lecture estim\u00e9e":"5 minutes"},"schema":{"@context":"https:\/\/schema.org","@graph":[{"@type":"Article","@id":"https:\/\/lasentinelle.dz\/index.php\/2026\/04\/28\/lalgerie-reaffirme-son-engagement-en-faveur-de-lagenda-2030-des-odd-vers-un-avenir-durable-inclusif-et-innovant\/#article","isPartOf":{"@id":"https:\/\/lasentinelle.dz\/index.php\/2026\/04\/28\/lalgerie-reaffirme-son-engagement-en-faveur-de-lagenda-2030-des-odd-vers-un-avenir-durable-inclusif-et-innovant\/"},"author":{"name":"admin","@id":"https:\/\/lasentinelle.dz\/#\/schema\/person\/729ee0024f24e0b8c5ec17232f8e8b41"},"headline":"L&rsquo;Alg\u00e9rie r\u00e9affirme son engagement en faveur de l&rsquo;Agenda 2030 des ODD\u00a0: \u00ab\u00a0Vers un avenir durable, inclusif et innovant\u00a0\u00bb","datePublished":"2026-04-28T19:49:43+00:00","dateModified":"2026-04-28T19:49:46+00:00","mainEntityOfPage":{"@id":"https:\/\/lasentinelle.dz\/index.php\/2026\/04\/28\/lalgerie-reaffirme-son-engagement-en-faveur-de-lagenda-2030-des-odd-vers-un-avenir-durable-inclusif-et-innovant\/"},"wordCount":1004,"commentCount":0,"publisher":{"@id":"https:\/\/lasentinelle.dz\/#organization"},"image":{"@id":"https:\/\/lasentinelle.dz\/index.php\/2026\/04\/28\/lalgerie-reaffirme-son-engagement-en-faveur-de-lagenda-2030-des-odd-vers-un-avenir-durable-inclusif-et-innovant\/#primaryimage"},"thumbnailUrl":"https:\/\/lasentinelle.dz\/wp-content\/uploads\/2026\/04\/boukhari.jpg","articleSection":["Actualit\u00e9"],"inLanguage":"fr-FR","potentialAction":[{"@type":"CommentAction","name":"Comment","target":["https:\/\/lasentinelle.dz\/index.php\/2026\/04\/28\/lalgerie-reaffirme-son-engagement-en-faveur-de-lagenda-2030-des-odd-vers-un-avenir-durable-inclusif-et-innovant\/#respond"]}]},{"@type":"WebPage","@id":"https:\/\/lasentinelle.dz\/index.php\/2026\/04\/28\/lalgerie-reaffirme-son-engagement-en-faveur-de-lagenda-2030-des-odd-vers-un-avenir-durable-inclusif-et-innovant\/","url":"https:\/\/lasentinelle.dz\/index.php\/2026\/04\/28\/lalgerie-reaffirme-son-engagement-en-faveur-de-lagenda-2030-des-odd-vers-un-avenir-durable-inclusif-et-innovant\/","name":"L&rsquo;Alg\u00e9rie r\u00e9affirme son engagement en faveur de l&rsquo;Agenda 2030 des ODD\u00a0: \u00ab\u00a0Vers un avenir durable, inclusif et innovant\u00a0\u00bb - La Sentinelle","isPartOf":{"@id":"https:\/\/lasentinelle.dz\/#website"},"primaryImageOfPage":{"@id":"https:\/\/lasentinelle.dz\/index.php\/2026\/04\/28\/lalgerie-reaffirme-son-engagement-en-faveur-de-lagenda-2030-des-odd-vers-un-avenir-durable-inclusif-et-innovant\/#primaryimage"},"image":{"@id":"https:\/\/lasentinelle.dz\/index.php\/2026\/04\/28\/lalgerie-reaffirme-son-engagement-en-faveur-de-lagenda-2030-des-odd-vers-un-avenir-durable-inclusif-et-innovant\/#primaryimage"},"thumbnailUrl":"https:\/\/lasentinelle.dz\/wp-content\/uploads\/2026\/04\/boukhari.jpg","datePublished":"2026-04-28T19:49:43+00:00","dateModified":"2026-04-28T19:49:46+00:00","breadcrumb":{"@id":"https:\/\/lasentinelle.dz\/index.php\/2026\/04\/28\/lalgerie-reaffirme-son-engagement-en-faveur-de-lagenda-2030-des-odd-vers-un-avenir-durable-inclusif-et-innovant\/#breadcrumb"},"inLanguage":"fr-FR","potentialAction":[{"@type":"ReadAction","target":["https:\/\/lasentinelle.dz\/index.php\/2026\/04\/28\/lalgerie-reaffirme-son-engagement-en-faveur-de-lagenda-2030-des-odd-vers-un-avenir-durable-inclusif-et-innovant\/"]}]},{"@type":"ImageObject","inLanguage":"fr-FR","@id":"https:\/\/lasentinelle.dz\/index.php\/2026\/04\/28\/lalgerie-reaffirme-son-engagement-en-faveur-de-lagenda-2030-des-odd-vers-un-avenir-durable-inclusif-et-innovant\/#primaryimage","url":"https:\/\/lasentinelle.dz\/wp-content\/uploads\/2026\/04\/boukhari.jpg","contentUrl":"https:\/\/lasentinelle.dz\/wp-content\/uploads\/2026\/04\/boukhari.jpg","width":2048,"height":1365},{"@type":"BreadcrumbList","@id":"https:\/\/lasentinelle.dz\/index.php\/2026\/04\/28\/lalgerie-reaffirme-son-engagement-en-faveur-de-lagenda-2030-des-odd-vers-un-avenir-durable-inclusif-et-innovant\/#breadcrumb","itemListElement":[{"@type":"ListItem","position":1,"name":"Accueil","item":"https:\/\/lasentinelle.dz\/"},{"@type":"ListItem","position":2,"name":"L&rsquo;Alg\u00e9rie r\u00e9affirme son engagement en faveur de l&rsquo;Agenda 2030 des ODD\u00a0: \u00ab\u00a0Vers un avenir durable, inclusif et innovant\u00a0\u00bb"}]},{"@type":"WebSite","@id":"https:\/\/lasentinelle.dz\/#website","url":"https:\/\/lasentinelle.dz\/","name":"La Sentinelle","description":"Quotidien national d&#039;information","publisher":{"@id":"https:\/\/lasentinelle.dz\/#organization"},"potentialAction":[{"@type":"SearchAction","target":{"@type":"EntryPoint","urlTemplate":"https:\/\/lasentinelle.dz\/?s={search_term_string}"},"query-input":{"@type":"PropertyValueSpecification","valueRequired":true,"valueName":"search_term_string"}}],"inLanguage":"fr-FR"},{"@type":"Organization","@id":"https:\/\/lasentinelle.dz\/#organization","name":"Quotidien La Sentinelle","url":"https:\/\/lasentinelle.dz\/","logo":{"@type":"ImageObject","inLanguage":"fr-FR","@id":"https:\/\/lasentinelle.dz\/#\/schema\/logo\/image\/","url":"https:\/\/lasentinelle.dz\/wp-content\/uploads\/2021\/09\/logo-sentinelleSLOGAN-1.png","contentUrl":"https:\/\/lasentinelle.dz\/wp-content\/uploads\/2021\/09\/logo-sentinelleSLOGAN-1.png","width":615,"height":142,"caption":"Quotidien La Sentinelle"},"image":{"@id":"https:\/\/lasentinelle.dz\/#\/schema\/logo\/image\/"},"sameAs":["https:\/\/www.facebook.com\/La-Sentinelle-104059864394773"]},{"@type":"Person","@id":"https:\/\/lasentinelle.dz\/#\/schema\/person\/729ee0024f24e0b8c5ec17232f8e8b41","name":"admin","image":{"@type":"ImageObject","inLanguage":"fr-FR","@id":"https:\/\/secure.gravatar.com\/avatar\/4c81fed838786e9b53f540bf46533e750f5d292099ae3b66cfc6fb1982e29df7?s=96&d=mm&r=g","url":"https:\/\/secure.gravatar.com\/avatar\/4c81fed838786e9b53f540bf46533e750f5d292099ae3b66cfc6fb1982e29df7?s=96&d=mm&r=g","contentUrl":"https:\/\/secure.gravatar.com\/avatar\/4c81fed838786e9b53f540bf46533e750f5d292099ae3b66cfc6fb1982e29df7?s=96&d=mm&r=g","caption":"admin"},"description":"admin","url":"https:\/\/lasentinelle.dz\/author\/admin\/"}]}},"_links":{"self":[{"href":"https:\/\/lasentinelle.dz\/index.php\/wp-json\/wp\/v2\/posts\/86696","targetHints":{"allow":["GET"]}}],"collection":[{"href":"https:\/\/lasentinelle.dz\/index.php\/wp-json\/wp\/v2\/posts"}],"about":[{"href":"https:\/\/lasentinelle.dz\/index.php\/wp-json\/wp\/v2\/types\/post"}],"author":[{"embeddable":true,"href":"https:\/\/lasentinelle.dz\/index.php\/wp-json\/wp\/v2\/users\/6"}],"replies":[{"embeddable":true,"href":"https:\/\/lasentinelle.dz\/index.php\/wp-json\/wp\/v2\/comments?post=86696"}],"version-history":[{"count":2,"href":"https:\/\/lasentinelle.dz\/index.php\/wp-json\/wp\/v2\/posts\/86696\/revisions"}],"predecessor-version":[{"id":86699,"href":"https:\/\/lasentinelle.dz\/index.php\/wp-json\/wp\/v2\/posts\/86696\/revisions\/86699"}],"wp:featuredmedia":[{"embeddable":true,"href":"https:\/\/lasentinelle.dz\/index.php\/wp-json\/wp\/v2\/media\/86697"}],"wp:attachment":[{"href":"https:\/\/lasentinelle.dz\/index.php\/wp-json\/wp\/v2\/media?parent=86696"}],"wp:term":[{"taxonomy":"category","embeddable":true,"href":"https:\/\/lasentinelle.dz\/index.php\/wp-json\/wp\/v2\/categories?post=86696"},{"taxonomy":"post_tag","embeddable":true,"href":"https:\/\/lasentinelle.dz\/index.php\/wp-json\/wp\/v2\/tags?post=86696"}],"curies":[{"name":"wp","href":"https:\/\/api.w.org\/{rel}","templated":true}]}}