{"id":86703,"date":"2026-04-28T20:51:54","date_gmt":"2026-04-28T19:51:54","guid":{"rendered":"https:\/\/lasentinelle.dz\/?p=86703"},"modified":"2026-04-28T20:51:57","modified_gmt":"2026-04-28T19:51:57","slug":"cooperation-algero-russe-le-representant-special-de-poutine-a-alger-pour-elargir-le-partenariat","status":"publish","type":"post","link":"https:\/\/lasentinelle.dz\/index.php\/2026\/04\/28\/cooperation-algero-russe-le-representant-special-de-poutine-a-alger-pour-elargir-le-partenariat\/","title":{"rendered":"Coop\u00e9ration alg\u00e9ro-russe\u00a0: Le repr\u00e9sentant sp\u00e9cial de Poutine \u00e0 Alger pour \u00e9largir le partenariat"},"content":{"rendered":"\n<p>Igor Levitin n&rsquo;est pas venu en touriste. Le conseiller et repr\u00e9sentant sp\u00e9cial du pr\u00e9sident russe pour la coop\u00e9ration internationale dans les transports a d\u00e9barqu\u00e9 mardi \u00e0 Alger \u00e0 la t\u00eate d&rsquo;une d\u00e9l\u00e9gation de haut niveau comprenant le pr\u00e9sident du Conseil d&rsquo;affaires alg\u00e9ro-russe, un conseiller au cabinet de la pr\u00e9sidence de la F\u00e9d\u00e9ration de Russie et le directeur g\u00e9n\u00e9ral adjoint d&rsquo;un groupe russe sp\u00e9cialis\u00e9 dans le transport et la logistique. En une seule journ\u00e9e, il a encha\u00een\u00e9 les rendez-vous minist\u00e9riels, signe que la visite relevait d&rsquo;une d\u00e9marche concert\u00e9e et non d&rsquo;une simple prise de contact. C&rsquo;est le ministre de l&rsquo;Int\u00e9rieur, des Collectivit\u00e9s locales et des Transports, Sa\u00efd Sayoud, qui a ouvert le bal. La rencontre, tenue en pr\u00e9sence de l&rsquo;ambassadeur de Russie \u00e0 Alger, Alexey Solomatine, et de cadres centraux du minist\u00e8re, a permis aux deux parties de faire le tour de l&rsquo;\u00e9tat et des perspectives de la coop\u00e9ration bilat\u00e9rale dans le secteur. Selon le communiqu\u00e9 du minist\u00e8re, \u00ab l&rsquo;accent a \u00e9t\u00e9 mis sur l&rsquo;importance du renforcement des relations de partenariat, notamment dans les domaines maritime, a\u00e9rien et ferroviaire, afin de r\u00e9pondre \u00e0 la dynamique \u00e9conomique que connaissent les deux pays \u00bb. Sayoud a saisi l&rsquo;occasion pour mettre en avant les atouts alg\u00e9riens. Sur le maritime d&rsquo;abord, il a \u00e9voqu\u00e9 \u00ab les potentialit\u00e9s consid\u00e9rables dont dispose l&rsquo;Alg\u00e9rie en mati\u00e8re de transport maritime \u00bb, soulignant que les infrastructures portuaires font l&rsquo;objet \u00ab d&rsquo;une activit\u00e9 accrue et d&rsquo;un processus de modernisation globale \u00bb. Sur le ferroviaire, le ministre a cit\u00e9 plusieurs chantiers d&rsquo;envergure. La ligne Tindouf-B\u00e9char-Oran, la ligne mini\u00e8re Est, et surtout le projet de liaison Alger-Tamanrasset, pr\u00e9sent\u00e9 dans le communiqu\u00e9 comme s&rsquo;inscrivant \u00ab dans le cadre d&rsquo;une vision globale visant \u00e0 relier les diff\u00e9rentes r\u00e9gions du pays et \u00e0 promouvoir le d\u00e9veloppement \u00e9conomique \u00bb. Ce dernier projet, dont l&rsquo;ambition est de connecter le nord du pays au Grand Sud \u00e0 travers des milliers de kilom\u00e8tres de voies ferr\u00e9es, reste l&rsquo;un des chantiers les plus structurants du programme national d&rsquo;infrastructures. Le transport a\u00e9rien n&rsquo;a pas \u00e9t\u00e9 laiss\u00e9 de c\u00f4t\u00e9. Les deux parties ont examin\u00e9 \u00ab les opportunit\u00e9s de d\u00e9veloppement de la coop\u00e9ration et l&rsquo;intensification de la coordination pour renforcer la connectivit\u00e9 a\u00e9rienne et l&rsquo;\u00e9change d&rsquo;expertises \u00bb. Enfin, sur le volet logistique, la discussion a port\u00e9 sur \u00ab la num\u00e9risation des op\u00e9rations de traitement des marchandises et l&rsquo;optimisation des cha\u00eenes d&rsquo;approvisionnement \u00bb, deux domaines o\u00f9 la Russie a d\u00e9velopp\u00e9 une expertise propre depuis que les sanctions occidentales l&rsquo;ont contrainte \u00e0 r\u00e9organiser en profondeur ses flux commerciaux.<\/p>\n\n\n\n<p>Dans la foul\u00e9e, Levitin s&rsquo;est rendu au minist\u00e8re du Commerce ext\u00e9rieur et de la Promotion des exportations, o\u00f9 le ministre Kamel Rezig l&rsquo;a re\u00e7u avec la m\u00eame d\u00e9l\u00e9gation. La rencontre a constitu\u00e9, selon le communiqu\u00e9 du minist\u00e8re, \u00ab une opportunit\u00e9 pour passer en revue l&rsquo;\u00e9tat et les perspectives des relations de coop\u00e9ration \u00e9conomique et commerciale entre l&rsquo;Alg\u00e9rie et la Russie \u00bb, les deux parties ayant \u00ab soulign\u00e9 l&rsquo;importance de renforcer le partenariat bilat\u00e9ral \u00bb. Les discussions ont \u00e9galement port\u00e9 sur \u00ab les voies de d\u00e9veloppement de la coop\u00e9ration dans le domaine du transport et des services logistiques, notamment en ce qui concerne les op\u00e9rations d&rsquo;exportation, de mani\u00e8re \u00e0 ouvrir de nouvelles perspectives aux op\u00e9rateurs \u00e9conomiques \u00bb. Ce dernier point m\u00e9rite attention. L&rsquo;Alg\u00e9rie cherche \u00e0 diversifier ses exportations hors hydrocarbures, et la Russie, r\u00e9orient\u00e9e vers les march\u00e9s du Sud depuis 2022, repr\u00e9sente un d\u00e9bouch\u00e9 que les op\u00e9rateurs alg\u00e9riens commencent \u00e0 regarder avec plus d&rsquo;int\u00e9r\u00eat. La question des corridors logistiques et des liaisons directes entre les deux pays est donc moins abstraite qu&rsquo;il n&rsquo;y para\u00eet. La visite de Levitin, dense et cibl\u00e9e, sugg\u00e8re que les deux parties entendent passer, \u00e0 br\u00e8ve \u00e9ch\u00e9ance, des d\u00e9clarations d&rsquo;intention aux accords op\u00e9rationnels.<\/p>\n\n\n\n<p>Hocine Fadheli<\/p>\n","protected":false},"excerpt":{"rendered":"<p>Igor Levitin n&rsquo;est pas venu en touriste. Le conseiller et repr\u00e9sentant sp\u00e9cial du pr\u00e9sident russe pour la coop\u00e9ration internationale dans<\/p>\n","protected":false},"author":6,"featured_media":86704,"comment_status":"open","ping_status":"closed","sticky":false,"template":"","format":"standard","meta":{"colormag_page_container_layout":"default_layout","colormag_page_sidebar_layout":"default_layout","om_disable_all_campaigns":false,"_monsterinsights_skip_tracking":false,"_monsterinsights_sitenote_active":false,"_monsterinsights_sitenote_note":"","_monsterinsights_sitenote_category":0,"footnotes":"","_wpscppro_dont_share_socialmedia":false,"_wpscppro_custom_social_share_image":0,"_facebook_share_type":"default","_twitter_share_type":"default","_linkedin_share_type":"default","_pinterest_share_type":"default","_linkedin_share_type_page":"","_instagram_share_type":"default","_medium_share_type":"default","_threads_share_type":"default","_google_business_share_type":"default","_selected_social_profile":[],"_wpsp_enable_custom_social_template":false,"_wpsp_social_scheduling":{"enabled":false,"datetime":null,"platforms":[],"status":"template_only","dateOption":"today","timeOption":"now","customDays":"","customHours":"","customDate":"","customTime":"","schedulingType":"absolute"},"_wpsp_active_default_template":true},"categories":[27],"tags":[],"class_list":["post-86703","post","type-post","status-publish","format-standard","has-post-thumbnail","hentry","category-actualite"],"aioseo_notices":[],"yoast_head":"<!-- This site is optimized with the Yoast SEO plugin v27.4 - https:\/\/yoast.com\/product\/yoast-seo-wordpress\/ -->\n<title>Coop\u00e9ration alg\u00e9ro-russe\u00a0: Le repr\u00e9sentant sp\u00e9cial de Poutine \u00e0 Alger pour \u00e9largir le partenariat - La Sentinelle<\/title>\n<meta name=\"robots\" content=\"index, follow, max-snippet:-1, max-image-preview:large, max-video-preview:-1\" \/>\n<link rel=\"canonical\" href=\"https:\/\/lasentinelle.dz\/index.php\/2026\/04\/28\/cooperation-algero-russe-le-representant-special-de-poutine-a-alger-pour-elargir-le-partenariat\/\" \/>\n<meta property=\"og:locale\" content=\"fr_FR\" \/>\n<meta property=\"og:type\" content=\"article\" \/>\n<meta property=\"og:title\" content=\"Coop\u00e9ration alg\u00e9ro-russe\u00a0: Le repr\u00e9sentant sp\u00e9cial de Poutine \u00e0 Alger pour \u00e9largir le partenariat - La Sentinelle\" \/>\n<meta property=\"og:description\" content=\"Igor Levitin n&rsquo;est pas venu en touriste. Le conseiller et repr\u00e9sentant sp\u00e9cial du pr\u00e9sident russe pour la coop\u00e9ration internationale dans\" \/>\n<meta property=\"og:url\" content=\"https:\/\/lasentinelle.dz\/index.php\/2026\/04\/28\/cooperation-algero-russe-le-representant-special-de-poutine-a-alger-pour-elargir-le-partenariat\/\" \/>\n<meta property=\"og:site_name\" content=\"La Sentinelle\" \/>\n<meta property=\"article:publisher\" content=\"https:\/\/www.facebook.com\/La-Sentinelle-104059864394773\" \/>\n<meta property=\"article:published_time\" content=\"2026-04-28T19:51:54+00:00\" \/>\n<meta property=\"article:modified_time\" content=\"2026-04-28T19:51:57+00:00\" \/>\n<meta property=\"og:image\" content=\"https:\/\/lasentinelle.dz\/wp-content\/uploads\/2026\/04\/679994095_1447225487447497_719523642421839355_n.jpg\" \/>\n\t<meta property=\"og:image:width\" content=\"2048\" \/>\n\t<meta property=\"og:image:height\" content=\"1364\" \/>\n\t<meta property=\"og:image:type\" content=\"image\/jpeg\" \/>\n<meta name=\"author\" content=\"admin\" \/>\n<meta name=\"twitter:card\" content=\"summary_large_image\" \/>\n<meta name=\"twitter:label1\" content=\"\u00c9crit par\" \/>\n\t<meta name=\"twitter:data1\" content=\"admin\" \/>\n\t<meta name=\"twitter:label2\" content=\"Dur\u00e9e de lecture estim\u00e9e\" \/>\n\t<meta name=\"twitter:data2\" content=\"4 minutes\" \/>\n<script type=\"application\/ld+json\" class=\"yoast-schema-graph\">{\"@context\":\"https:\\\/\\\/schema.org\",\"@graph\":[{\"@type\":\"Article\",\"@id\":\"https:\\\/\\\/lasentinelle.dz\\\/index.php\\\/2026\\\/04\\\/28\\\/cooperation-algero-russe-le-representant-special-de-poutine-a-alger-pour-elargir-le-partenariat\\\/#article\",\"isPartOf\":{\"@id\":\"https:\\\/\\\/lasentinelle.dz\\\/index.php\\\/2026\\\/04\\\/28\\\/cooperation-algero-russe-le-representant-special-de-poutine-a-alger-pour-elargir-le-partenariat\\\/\"},\"author\":{\"name\":\"admin\",\"@id\":\"https:\\\/\\\/lasentinelle.dz\\\/#\\\/schema\\\/person\\\/729ee0024f24e0b8c5ec17232f8e8b41\"},\"headline\":\"Coop\u00e9ration alg\u00e9ro-russe\u00a0: Le repr\u00e9sentant sp\u00e9cial de Poutine \u00e0 Alger pour \u00e9largir le partenariat\",\"datePublished\":\"2026-04-28T19:51:54+00:00\",\"dateModified\":\"2026-04-28T19:51:57+00:00\",\"mainEntityOfPage\":{\"@id\":\"https:\\\/\\\/lasentinelle.dz\\\/index.php\\\/2026\\\/04\\\/28\\\/cooperation-algero-russe-le-representant-special-de-poutine-a-alger-pour-elargir-le-partenariat\\\/\"},\"wordCount\":726,\"commentCount\":0,\"publisher\":{\"@id\":\"https:\\\/\\\/lasentinelle.dz\\\/#organization\"},\"image\":{\"@id\":\"https:\\\/\\\/lasentinelle.dz\\\/index.php\\\/2026\\\/04\\\/28\\\/cooperation-algero-russe-le-representant-special-de-poutine-a-alger-pour-elargir-le-partenariat\\\/#primaryimage\"},\"thumbnailUrl\":\"https:\\\/\\\/lasentinelle.dz\\\/wp-content\\\/uploads\\\/2026\\\/04\\\/679994095_1447225487447497_719523642421839355_n.jpg\",\"articleSection\":[\"Actualit\u00e9\"],\"inLanguage\":\"fr-FR\",\"potentialAction\":[{\"@type\":\"CommentAction\",\"name\":\"Comment\",\"target\":[\"https:\\\/\\\/lasentinelle.dz\\\/index.php\\\/2026\\\/04\\\/28\\\/cooperation-algero-russe-le-representant-special-de-poutine-a-alger-pour-elargir-le-partenariat\\\/#respond\"]}]},{\"@type\":\"WebPage\",\"@id\":\"https:\\\/\\\/lasentinelle.dz\\\/index.php\\\/2026\\\/04\\\/28\\\/cooperation-algero-russe-le-representant-special-de-poutine-a-alger-pour-elargir-le-partenariat\\\/\",\"url\":\"https:\\\/\\\/lasentinelle.dz\\\/index.php\\\/2026\\\/04\\\/28\\\/cooperation-algero-russe-le-representant-special-de-poutine-a-alger-pour-elargir-le-partenariat\\\/\",\"name\":\"Coop\u00e9ration alg\u00e9ro-russe\u00a0: Le repr\u00e9sentant sp\u00e9cial de Poutine \u00e0 Alger pour \u00e9largir le partenariat - La Sentinelle\",\"isPartOf\":{\"@id\":\"https:\\\/\\\/lasentinelle.dz\\\/#website\"},\"primaryImageOfPage\":{\"@id\":\"https:\\\/\\\/lasentinelle.dz\\\/index.php\\\/2026\\\/04\\\/28\\\/cooperation-algero-russe-le-representant-special-de-poutine-a-alger-pour-elargir-le-partenariat\\\/#primaryimage\"},\"image\":{\"@id\":\"https:\\\/\\\/lasentinelle.dz\\\/index.php\\\/2026\\\/04\\\/28\\\/cooperation-algero-russe-le-representant-special-de-poutine-a-alger-pour-elargir-le-partenariat\\\/#primaryimage\"},\"thumbnailUrl\":\"https:\\\/\\\/lasentinelle.dz\\\/wp-content\\\/uploads\\\/2026\\\/04\\\/679994095_1447225487447497_719523642421839355_n.jpg\",\"datePublished\":\"2026-04-28T19:51:54+00:00\",\"dateModified\":\"2026-04-28T19:51:57+00:00\",\"breadcrumb\":{\"@id\":\"https:\\\/\\\/lasentinelle.dz\\\/index.php\\\/2026\\\/04\\\/28\\\/cooperation-algero-russe-le-representant-special-de-poutine-a-alger-pour-elargir-le-partenariat\\\/#breadcrumb\"},\"inLanguage\":\"fr-FR\",\"potentialAction\":[{\"@type\":\"ReadAction\",\"target\":[\"https:\\\/\\\/lasentinelle.dz\\\/index.php\\\/2026\\\/04\\\/28\\\/cooperation-algero-russe-le-representant-special-de-poutine-a-alger-pour-elargir-le-partenariat\\\/\"]}]},{\"@type\":\"ImageObject\",\"inLanguage\":\"fr-FR\",\"@id\":\"https:\\\/\\\/lasentinelle.dz\\\/index.php\\\/2026\\\/04\\\/28\\\/cooperation-algero-russe-le-representant-special-de-poutine-a-alger-pour-elargir-le-partenariat\\\/#primaryimage\",\"url\":\"https:\\\/\\\/lasentinelle.dz\\\/wp-content\\\/uploads\\\/2026\\\/04\\\/679994095_1447225487447497_719523642421839355_n.jpg\",\"contentUrl\":\"https:\\\/\\\/lasentinelle.dz\\\/wp-content\\\/uploads\\\/2026\\\/04\\\/679994095_1447225487447497_719523642421839355_n.jpg\",\"width\":2048,\"height\":1364},{\"@type\":\"BreadcrumbList\",\"@id\":\"https:\\\/\\\/lasentinelle.dz\\\/index.php\\\/2026\\\/04\\\/28\\\/cooperation-algero-russe-le-representant-special-de-poutine-a-alger-pour-elargir-le-partenariat\\\/#breadcrumb\",\"itemListElement\":[{\"@type\":\"ListItem\",\"position\":1,\"name\":\"Accueil\",\"item\":\"https:\\\/\\\/lasentinelle.dz\\\/\"},{\"@type\":\"ListItem\",\"position\":2,\"name\":\"Coop\u00e9ration alg\u00e9ro-russe\u00a0: Le repr\u00e9sentant sp\u00e9cial de Poutine \u00e0 Alger pour \u00e9largir le partenariat\"}]},{\"@type\":\"WebSite\",\"@id\":\"https:\\\/\\\/lasentinelle.dz\\\/#website\",\"url\":\"https:\\\/\\\/lasentinelle.dz\\\/\",\"name\":\"La Sentinelle\",\"description\":\"Quotidien national d&#039;information\",\"publisher\":{\"@id\":\"https:\\\/\\\/lasentinelle.dz\\\/#organization\"},\"potentialAction\":[{\"@type\":\"SearchAction\",\"target\":{\"@type\":\"EntryPoint\",\"urlTemplate\":\"https:\\\/\\\/lasentinelle.dz\\\/?s={search_term_string}\"},\"query-input\":{\"@type\":\"PropertyValueSpecification\",\"valueRequired\":true,\"valueName\":\"search_term_string\"}}],\"inLanguage\":\"fr-FR\"},{\"@type\":\"Organization\",\"@id\":\"https:\\\/\\\/lasentinelle.dz\\\/#organization\",\"name\":\"Quotidien La Sentinelle\",\"url\":\"https:\\\/\\\/lasentinelle.dz\\\/\",\"logo\":{\"@type\":\"ImageObject\",\"inLanguage\":\"fr-FR\",\"@id\":\"https:\\\/\\\/lasentinelle.dz\\\/#\\\/schema\\\/logo\\\/image\\\/\",\"url\":\"https:\\\/\\\/lasentinelle.dz\\\/wp-content\\\/uploads\\\/2021\\\/09\\\/logo-sentinelleSLOGAN-1.png\",\"contentUrl\":\"https:\\\/\\\/lasentinelle.dz\\\/wp-content\\\/uploads\\\/2021\\\/09\\\/logo-sentinelleSLOGAN-1.png\",\"width\":615,\"height\":142,\"caption\":\"Quotidien La Sentinelle\"},\"image\":{\"@id\":\"https:\\\/\\\/lasentinelle.dz\\\/#\\\/schema\\\/logo\\\/image\\\/\"},\"sameAs\":[\"https:\\\/\\\/www.facebook.com\\\/La-Sentinelle-104059864394773\"]},{\"@type\":\"Person\",\"@id\":\"https:\\\/\\\/lasentinelle.dz\\\/#\\\/schema\\\/person\\\/729ee0024f24e0b8c5ec17232f8e8b41\",\"name\":\"admin\",\"image\":{\"@type\":\"ImageObject\",\"inLanguage\":\"fr-FR\",\"@id\":\"https:\\\/\\\/secure.gravatar.com\\\/avatar\\\/4c81fed838786e9b53f540bf46533e750f5d292099ae3b66cfc6fb1982e29df7?s=96&d=mm&r=g\",\"url\":\"https:\\\/\\\/secure.gravatar.com\\\/avatar\\\/4c81fed838786e9b53f540bf46533e750f5d292099ae3b66cfc6fb1982e29df7?s=96&d=mm&r=g\",\"contentUrl\":\"https:\\\/\\\/secure.gravatar.com\\\/avatar\\\/4c81fed838786e9b53f540bf46533e750f5d292099ae3b66cfc6fb1982e29df7?s=96&d=mm&r=g\",\"caption\":\"admin\"},\"description\":\"admin\",\"url\":\"https:\\\/\\\/lasentinelle.dz\\\/author\\\/admin\\\/\"}]}<\/script>\n<!-- \/ Yoast SEO plugin. -->","yoast_head_json":{"title":"Coop\u00e9ration alg\u00e9ro-russe\u00a0: Le repr\u00e9sentant sp\u00e9cial de Poutine \u00e0 Alger pour \u00e9largir le partenariat - La Sentinelle","robots":{"index":"index","follow":"follow","max-snippet":"max-snippet:-1","max-image-preview":"max-image-preview:large","max-video-preview":"max-video-preview:-1"},"canonical":"https:\/\/lasentinelle.dz\/index.php\/2026\/04\/28\/cooperation-algero-russe-le-representant-special-de-poutine-a-alger-pour-elargir-le-partenariat\/","og_locale":"fr_FR","og_type":"article","og_title":"Coop\u00e9ration alg\u00e9ro-russe\u00a0: Le repr\u00e9sentant sp\u00e9cial de Poutine \u00e0 Alger pour \u00e9largir le partenariat - La Sentinelle","og_description":"Igor Levitin n&rsquo;est pas venu en touriste. Le conseiller et repr\u00e9sentant sp\u00e9cial du pr\u00e9sident russe pour la coop\u00e9ration internationale dans","og_url":"https:\/\/lasentinelle.dz\/index.php\/2026\/04\/28\/cooperation-algero-russe-le-representant-special-de-poutine-a-alger-pour-elargir-le-partenariat\/","og_site_name":"La Sentinelle","article_publisher":"https:\/\/www.facebook.com\/La-Sentinelle-104059864394773","article_published_time":"2026-04-28T19:51:54+00:00","article_modified_time":"2026-04-28T19:51:57+00:00","og_image":[{"width":2048,"height":1364,"url":"https:\/\/lasentinelle.dz\/wp-content\/uploads\/2026\/04\/679994095_1447225487447497_719523642421839355_n.jpg","type":"image\/jpeg"}],"author":"admin","twitter_card":"summary_large_image","twitter_misc":{"\u00c9crit par":"admin","Dur\u00e9e de lecture estim\u00e9e":"4 minutes"},"schema":{"@context":"https:\/\/schema.org","@graph":[{"@type":"Article","@id":"https:\/\/lasentinelle.dz\/index.php\/2026\/04\/28\/cooperation-algero-russe-le-representant-special-de-poutine-a-alger-pour-elargir-le-partenariat\/#article","isPartOf":{"@id":"https:\/\/lasentinelle.dz\/index.php\/2026\/04\/28\/cooperation-algero-russe-le-representant-special-de-poutine-a-alger-pour-elargir-le-partenariat\/"},"author":{"name":"admin","@id":"https:\/\/lasentinelle.dz\/#\/schema\/person\/729ee0024f24e0b8c5ec17232f8e8b41"},"headline":"Coop\u00e9ration alg\u00e9ro-russe\u00a0: Le repr\u00e9sentant sp\u00e9cial de Poutine \u00e0 Alger pour \u00e9largir le partenariat","datePublished":"2026-04-28T19:51:54+00:00","dateModified":"2026-04-28T19:51:57+00:00","mainEntityOfPage":{"@id":"https:\/\/lasentinelle.dz\/index.php\/2026\/04\/28\/cooperation-algero-russe-le-representant-special-de-poutine-a-alger-pour-elargir-le-partenariat\/"},"wordCount":726,"commentCount":0,"publisher":{"@id":"https:\/\/lasentinelle.dz\/#organization"},"image":{"@id":"https:\/\/lasentinelle.dz\/index.php\/2026\/04\/28\/cooperation-algero-russe-le-representant-special-de-poutine-a-alger-pour-elargir-le-partenariat\/#primaryimage"},"thumbnailUrl":"https:\/\/lasentinelle.dz\/wp-content\/uploads\/2026\/04\/679994095_1447225487447497_719523642421839355_n.jpg","articleSection":["Actualit\u00e9"],"inLanguage":"fr-FR","potentialAction":[{"@type":"CommentAction","name":"Comment","target":["https:\/\/lasentinelle.dz\/index.php\/2026\/04\/28\/cooperation-algero-russe-le-representant-special-de-poutine-a-alger-pour-elargir-le-partenariat\/#respond"]}]},{"@type":"WebPage","@id":"https:\/\/lasentinelle.dz\/index.php\/2026\/04\/28\/cooperation-algero-russe-le-representant-special-de-poutine-a-alger-pour-elargir-le-partenariat\/","url":"https:\/\/lasentinelle.dz\/index.php\/2026\/04\/28\/cooperation-algero-russe-le-representant-special-de-poutine-a-alger-pour-elargir-le-partenariat\/","name":"Coop\u00e9ration alg\u00e9ro-russe\u00a0: Le repr\u00e9sentant sp\u00e9cial de Poutine \u00e0 Alger pour \u00e9largir le partenariat - La Sentinelle","isPartOf":{"@id":"https:\/\/lasentinelle.dz\/#website"},"primaryImageOfPage":{"@id":"https:\/\/lasentinelle.dz\/index.php\/2026\/04\/28\/cooperation-algero-russe-le-representant-special-de-poutine-a-alger-pour-elargir-le-partenariat\/#primaryimage"},"image":{"@id":"https:\/\/lasentinelle.dz\/index.php\/2026\/04\/28\/cooperation-algero-russe-le-representant-special-de-poutine-a-alger-pour-elargir-le-partenariat\/#primaryimage"},"thumbnailUrl":"https:\/\/lasentinelle.dz\/wp-content\/uploads\/2026\/04\/679994095_1447225487447497_719523642421839355_n.jpg","datePublished":"2026-04-28T19:51:54+00:00","dateModified":"2026-04-28T19:51:57+00:00","breadcrumb":{"@id":"https:\/\/lasentinelle.dz\/index.php\/2026\/04\/28\/cooperation-algero-russe-le-representant-special-de-poutine-a-alger-pour-elargir-le-partenariat\/#breadcrumb"},"inLanguage":"fr-FR","potentialAction":[{"@type":"ReadAction","target":["https:\/\/lasentinelle.dz\/index.php\/2026\/04\/28\/cooperation-algero-russe-le-representant-special-de-poutine-a-alger-pour-elargir-le-partenariat\/"]}]},{"@type":"ImageObject","inLanguage":"fr-FR","@id":"https:\/\/lasentinelle.dz\/index.php\/2026\/04\/28\/cooperation-algero-russe-le-representant-special-de-poutine-a-alger-pour-elargir-le-partenariat\/#primaryimage","url":"https:\/\/lasentinelle.dz\/wp-content\/uploads\/2026\/04\/679994095_1447225487447497_719523642421839355_n.jpg","contentUrl":"https:\/\/lasentinelle.dz\/wp-content\/uploads\/2026\/04\/679994095_1447225487447497_719523642421839355_n.jpg","width":2048,"height":1364},{"@type":"BreadcrumbList","@id":"https:\/\/lasentinelle.dz\/index.php\/2026\/04\/28\/cooperation-algero-russe-le-representant-special-de-poutine-a-alger-pour-elargir-le-partenariat\/#breadcrumb","itemListElement":[{"@type":"ListItem","position":1,"name":"Accueil","item":"https:\/\/lasentinelle.dz\/"},{"@type":"ListItem","position":2,"name":"Coop\u00e9ration alg\u00e9ro-russe\u00a0: Le repr\u00e9sentant sp\u00e9cial de Poutine \u00e0 Alger pour \u00e9largir le partenariat"}]},{"@type":"WebSite","@id":"https:\/\/lasentinelle.dz\/#website","url":"https:\/\/lasentinelle.dz\/","name":"La Sentinelle","description":"Quotidien national d&#039;information","publisher":{"@id":"https:\/\/lasentinelle.dz\/#organization"},"potentialAction":[{"@type":"SearchAction","target":{"@type":"EntryPoint","urlTemplate":"https:\/\/lasentinelle.dz\/?s={search_term_string}"},"query-input":{"@type":"PropertyValueSpecification","valueRequired":true,"valueName":"search_term_string"}}],"inLanguage":"fr-FR"},{"@type":"Organization","@id":"https:\/\/lasentinelle.dz\/#organization","name":"Quotidien La Sentinelle","url":"https:\/\/lasentinelle.dz\/","logo":{"@type":"ImageObject","inLanguage":"fr-FR","@id":"https:\/\/lasentinelle.dz\/#\/schema\/logo\/image\/","url":"https:\/\/lasentinelle.dz\/wp-content\/uploads\/2021\/09\/logo-sentinelleSLOGAN-1.png","contentUrl":"https:\/\/lasentinelle.dz\/wp-content\/uploads\/2021\/09\/logo-sentinelleSLOGAN-1.png","width":615,"height":142,"caption":"Quotidien La Sentinelle"},"image":{"@id":"https:\/\/lasentinelle.dz\/#\/schema\/logo\/image\/"},"sameAs":["https:\/\/www.facebook.com\/La-Sentinelle-104059864394773"]},{"@type":"Person","@id":"https:\/\/lasentinelle.dz\/#\/schema\/person\/729ee0024f24e0b8c5ec17232f8e8b41","name":"admin","image":{"@type":"ImageObject","inLanguage":"fr-FR","@id":"https:\/\/secure.gravatar.com\/avatar\/4c81fed838786e9b53f540bf46533e750f5d292099ae3b66cfc6fb1982e29df7?s=96&d=mm&r=g","url":"https:\/\/secure.gravatar.com\/avatar\/4c81fed838786e9b53f540bf46533e750f5d292099ae3b66cfc6fb1982e29df7?s=96&d=mm&r=g","contentUrl":"https:\/\/secure.gravatar.com\/avatar\/4c81fed838786e9b53f540bf46533e750f5d292099ae3b66cfc6fb1982e29df7?s=96&d=mm&r=g","caption":"admin"},"description":"admin","url":"https:\/\/lasentinelle.dz\/author\/admin\/"}]}},"_links":{"self":[{"href":"https:\/\/lasentinelle.dz\/index.php\/wp-json\/wp\/v2\/posts\/86703","targetHints":{"allow":["GET"]}}],"collection":[{"href":"https:\/\/lasentinelle.dz\/index.php\/wp-json\/wp\/v2\/posts"}],"about":[{"href":"https:\/\/lasentinelle.dz\/index.php\/wp-json\/wp\/v2\/types\/post"}],"author":[{"embeddable":true,"href":"https:\/\/lasentinelle.dz\/index.php\/wp-json\/wp\/v2\/users\/6"}],"replies":[{"embeddable":true,"href":"https:\/\/lasentinelle.dz\/index.php\/wp-json\/wp\/v2\/comments?post=86703"}],"version-history":[{"count":1,"href":"https:\/\/lasentinelle.dz\/index.php\/wp-json\/wp\/v2\/posts\/86703\/revisions"}],"predecessor-version":[{"id":86705,"href":"https:\/\/lasentinelle.dz\/index.php\/wp-json\/wp\/v2\/posts\/86703\/revisions\/86705"}],"wp:featuredmedia":[{"embeddable":true,"href":"https:\/\/lasentinelle.dz\/index.php\/wp-json\/wp\/v2\/media\/86704"}],"wp:attachment":[{"href":"https:\/\/lasentinelle.dz\/index.php\/wp-json\/wp\/v2\/media?parent=86703"}],"wp:term":[{"taxonomy":"category","embeddable":true,"href":"https:\/\/lasentinelle.dz\/index.php\/wp-json\/wp\/v2\/categories?post=86703"},{"taxonomy":"post_tag","embeddable":true,"href":"https:\/\/lasentinelle.dz\/index.php\/wp-json\/wp\/v2\/tags?post=86703"}],"curies":[{"name":"wp","href":"https:\/\/api.w.org\/{rel}","templated":true}]}}