{"id":86720,"date":"2026-04-29T18:25:54","date_gmt":"2026-04-29T17:25:54","guid":{"rendered":"https:\/\/lasentinelle.dz\/?p=86720"},"modified":"2026-05-01T18:26:44","modified_gmt":"2026-05-01T17:26:44","slug":"guerre-au-moyen-orient-plus-de-32-millions-de-personnes-menacees-de-pauvrete","status":"publish","type":"post","link":"https:\/\/lasentinelle.dz\/index.php\/2026\/04\/29\/guerre-au-moyen-orient-plus-de-32-millions-de-personnes-menacees-de-pauvrete\/","title":{"rendered":"Guerre au Moyen-Orient\u00a0: Plus de 32 millions de personnes menac\u00e9es de pauvret\u00e9"},"content":{"rendered":"\n<p>Soixante et un jours apr\u00e8s le d\u00e9clenchement des hostilit\u00e9s, la guerre que les \u00c9tats-Unis et l\u2019entit\u00e9 sioniste ont lanc\u00e9e contre l&rsquo;Iran le 28 f\u00e9vrier continue de produire ses effets bien au-del\u00e0 des th\u00e9\u00e2tres de combat. Ce sont les populations les plus vuln\u00e9rables de la plan\u00e8te qui en paient le prix, et les chiffres que livre le Programme des Nations unies pour le d\u00e9veloppement sont sans appel : m\u00eame si les armes s&rsquo;\u00e9taient tues d\u00e8s la sixi\u00e8me semaine du conflit, 32 millions de personnes r\u00e9parties dans 160 pays auraient bascul\u00e9 dans la pr\u00e9carit\u00e9. Le conflit continue. Le compteur tourne. C&rsquo;est en marge du G7 d\u00e9veloppement r\u00e9uni \u00e0 Paris qu&rsquo;Alexander De Croo, administrateur du PNUD et ancien Premier ministre belge, a livr\u00e9 cette estimation \u00e0 l&rsquo;AFP. \u00ab Nous avons fait une \u00e9tude apr\u00e8s six semaines de guerre et notre estimation \u00e9tait que, m\u00eame si la guerre s&rsquo;arr\u00eatait \u00e0 ce moment-l\u00e0, une population de 32 millions sera pouss\u00e9e dans la pr\u00e9carit\u00e9 dans 160 pays \u00bb, a-t-il d\u00e9clar\u00e9. Le m\u00e9canisme est connu mais sa brutalit\u00e9 ne diminue pas : la flamb\u00e9e des prix de l&rsquo;\u00e9nergie cons\u00e9cutive aux tensions dans le Golfe se r\u00e9percute en cascade sur le co\u00fbt des denr\u00e9es alimentaires, le prix des engrais, la capacit\u00e9 des travailleurs expatri\u00e9s \u00e0 envoyer des devises \u00e0 leurs familles rest\u00e9es au pays. Ce sont l&rsquo;Afrique subsaharienne, le Bangladesh, le Cambodge et les petits \u00c9tats insulaires en d\u00e9veloppement qui absorbent les chocs les plus violents. De Croo a \u00e9voqu\u00e9, avec une formule qui r\u00e9sume assez bien l&rsquo;absurdit\u00e9 comptable de la situation, le co\u00fbt de la pr\u00e9vention face au co\u00fbt de la guerre : \u00ab Vous pouvez dire que 6 milliards de dollars c&rsquo;est beaucoup, mais le co\u00fbt de la guerre \u00e9tait de 9 milliards par semaine. \u00bb Les 6 milliards qu&rsquo;il appelle de ses v\u0153ux \u2014 sous forme de transferts directs aux m\u00e9nages les plus expos\u00e9s aux hausses de l&rsquo;\u00e9nergie et de l&rsquo;alimentation \u2014 sont actuellement en discussion au FMI et \u00e0 la Banque mondiale. Rien n&rsquo;est acquis. Pendant ce temps, \u00ab pour la premi\u00e8re fois l&rsquo;ann\u00e9e pass\u00e9e, la mortalit\u00e9 infantile a augment\u00e9 21 ans de d\u00e9croissance, parce qu&rsquo;il y a eu moins de vaccinations \u00bb, a-t-il constat\u00e9. Ce recul, il le met en lien direct avec la chute historique de l&rsquo;aide publique au d\u00e9veloppement, qui a recul\u00e9 de 23,1 % en un an sous l&rsquo;effet des coupes budg\u00e9taires des principaux pays donateurs, \u00c9tats-Unis en t\u00eate. \u00ab C&rsquo;est le d\u00e9veloppement en marche arri\u00e8re \u00bb, a-t-il r\u00e9sum\u00e9. \u00ab Cela prend des d\u00e9cennies pour construire des soci\u00e9t\u00e9s stables. \u00c7a prend une guerre de quelques semaines pour d\u00e9truire \u00e7a. \u00bb<\/p>\n\n\n\n<p><strong>Trump menace<\/strong><\/p>\n\n\n\n<p>Sur le plan diplomatique, la situation reste bloqu\u00e9e et les signaux envoy\u00e9s depuis Washington ne laissent gu\u00e8re de place \u00e0 l&rsquo;optimisme. Donald Trump a publi\u00e9 mercredi sur sa plateforme Truth Social un message \u00e0 destination de T\u00e9h\u00e9ran dont le ton tranche avec celui d&rsquo;une chancellerie engag\u00e9e dans une n\u00e9gociation s\u00e9rieuse : \u00ab L&rsquo;Iran n&rsquo;arrive pas \u00e0 se ressaisir. Ils ne savent pas comment signer un accord non nucl\u00e9aire. Ils feraient mieux de devenir intelligents rapidement. \u00bb Le message \u00e9tait illustr\u00e9 d&rsquo;une image montrant le pr\u00e9sident am\u00e9ricain en costume sombre et lunettes de soleil, tenant une arme \u00e0 feu sur fond d&rsquo;explosions. La veille, en pr\u00e9sence du roi Charles III, Trump avait affirm\u00e9 que les \u00c9tats-Unis avaient \u00ab vaincu militairement \u00bb l&rsquo;Iran, ajoutant que Washington ne laisserait jamais T\u00e9h\u00e9ran \u00ab poss\u00e9der une arme nucl\u00e9aire \u00bb.<\/p>\n\n\n\n<p>Le calendrier des n\u00e9gociations rend compte, lui aussi, de la profondeur des obstacles. Un cessez-le-feu avait \u00e9t\u00e9 annonc\u00e9 le 8 avril sous m\u00e9diation pakistanaise, ouvrant la voie \u00e0 des pourparlers \u00e0 Islamabad les 11 et 12 avril. Ces discussions n&rsquo;ont d\u00e9bouch\u00e9 sur rien. La tr\u00eave a \u00e9t\u00e9 prolong\u00e9e \u00e0 la demande d&rsquo;Islamabad dans l&rsquo;attente d&rsquo;une contre-proposition iranienne. Lundi, Trump avait signal\u00e9 qu&rsquo;il n&rsquo;\u00e9tait pas pr\u00eat \u00e0 accepter le plan avanc\u00e9 par T\u00e9h\u00e9ran, qui proposait la r\u00e9ouverture du d\u00e9troit d&rsquo;Ormuz tout en renvoyant \u00e0 une date ind\u00e9termin\u00e9e les discussions sur le dossier nucl\u00e9aire. Ce d\u00e9troit, par lequel transitait environ 20 % du p\u00e9trole mondial avant le 28 f\u00e9vrier, reste ferm\u00e9. Sa fermeture a m\u00e9caniquement redirig\u00e9 une partie du trafic maritime vers le canal de Panama, dont le gouvernement panam\u00e9en a tenu, mardi, \u00e0 r\u00e9affirmer la \u00ab neutralit\u00e9 \u00bb et la n\u00e9cessit\u00e9 de \u00ab pr\u00e9server \u00bb les voies de transit face \u00e0 la d\u00e9sorganisation des routes maritimes dans le Golfe.<\/p>\n\n\n\n<p>L.S.<\/p>\n","protected":false},"excerpt":{"rendered":"<p>Soixante et un jours apr\u00e8s le d\u00e9clenchement des hostilit\u00e9s, la guerre que les \u00c9tats-Unis et l\u2019entit\u00e9 sioniste ont lanc\u00e9e contre<\/p>\n","protected":false},"author":6,"featured_media":85658,"comment_status":"open","ping_status":"closed","sticky":false,"template":"","format":"standard","meta":{"colormag_page_container_layout":"default_layout","colormag_page_sidebar_layout":"default_layout","om_disable_all_campaigns":false,"_monsterinsights_skip_tracking":false,"_monsterinsights_sitenote_active":false,"_monsterinsights_sitenote_note":"","_monsterinsights_sitenote_category":0,"footnotes":"","_wpscppro_dont_share_socialmedia":false,"_wpscppro_custom_social_share_image":0,"_facebook_share_type":"default","_twitter_share_type":"default","_linkedin_share_type":"default","_pinterest_share_type":"default","_linkedin_share_type_page":"","_instagram_share_type":"default","_medium_share_type":"default","_threads_share_type":"default","_google_business_share_type":"default","_selected_social_profile":[],"_wpsp_enable_custom_social_template":false,"_wpsp_social_scheduling":{"enabled":false,"datetime":null,"platforms":[],"status":"template_only","dateOption":"today","timeOption":"now","customDays":"","customHours":"","customDate":"","customTime":"","schedulingType":"absolute"},"_wpsp_active_default_template":true},"categories":[37],"tags":[],"class_list":["post-86720","post","type-post","status-publish","format-standard","has-post-thumbnail","hentry","category-monde"],"aioseo_notices":[],"yoast_head":"<!-- This site is optimized with the Yoast SEO plugin v27.5 - https:\/\/yoast.com\/product\/yoast-seo-wordpress\/ -->\n<title>Guerre au Moyen-Orient\u00a0: Plus de 32 millions de personnes menac\u00e9es de pauvret\u00e9 - La Sentinelle<\/title>\n<meta name=\"robots\" content=\"index, follow, max-snippet:-1, max-image-preview:large, max-video-preview:-1\" \/>\n<link rel=\"canonical\" href=\"https:\/\/lasentinelle.dz\/index.php\/2026\/04\/29\/guerre-au-moyen-orient-plus-de-32-millions-de-personnes-menacees-de-pauvrete\/\" \/>\n<meta property=\"og:locale\" content=\"fr_FR\" \/>\n<meta property=\"og:type\" content=\"article\" \/>\n<meta property=\"og:title\" content=\"Guerre au Moyen-Orient\u00a0: Plus de 32 millions de personnes menac\u00e9es de pauvret\u00e9 - La Sentinelle\" \/>\n<meta property=\"og:description\" content=\"Soixante et un jours apr\u00e8s le d\u00e9clenchement des hostilit\u00e9s, la guerre que les \u00c9tats-Unis et l\u2019entit\u00e9 sioniste ont lanc\u00e9e contre\" \/>\n<meta property=\"og:url\" content=\"https:\/\/lasentinelle.dz\/index.php\/2026\/04\/29\/guerre-au-moyen-orient-plus-de-32-millions-de-personnes-menacees-de-pauvrete\/\" \/>\n<meta property=\"og:site_name\" content=\"La Sentinelle\" \/>\n<meta property=\"article:publisher\" content=\"https:\/\/www.facebook.com\/La-Sentinelle-104059864394773\" \/>\n<meta property=\"article:published_time\" content=\"2026-04-29T17:25:54+00:00\" \/>\n<meta property=\"article:modified_time\" content=\"2026-05-01T17:26:44+00:00\" \/>\n<meta property=\"og:image\" content=\"https:\/\/lasentinelle.dz\/wp-content\/uploads\/2026\/04\/economie-guerre-iran-1024x687.png\" \/>\n\t<meta property=\"og:image:width\" content=\"1024\" \/>\n\t<meta property=\"og:image:height\" content=\"687\" \/>\n\t<meta property=\"og:image:type\" content=\"image\/png\" \/>\n<meta name=\"author\" content=\"admin\" \/>\n<meta name=\"twitter:card\" content=\"summary_large_image\" \/>\n<meta name=\"twitter:label1\" content=\"\u00c9crit par\" \/>\n\t<meta name=\"twitter:data1\" content=\"admin\" \/>\n\t<meta name=\"twitter:label2\" content=\"Dur\u00e9e de lecture estim\u00e9e\" \/>\n\t<meta name=\"twitter:data2\" content=\"4 minutes\" \/>\n<script type=\"application\/ld+json\" class=\"yoast-schema-graph\">{\"@context\":\"https:\\\/\\\/schema.org\",\"@graph\":[{\"@type\":\"Article\",\"@id\":\"https:\\\/\\\/lasentinelle.dz\\\/index.php\\\/2026\\\/04\\\/29\\\/guerre-au-moyen-orient-plus-de-32-millions-de-personnes-menacees-de-pauvrete\\\/#article\",\"isPartOf\":{\"@id\":\"https:\\\/\\\/lasentinelle.dz\\\/index.php\\\/2026\\\/04\\\/29\\\/guerre-au-moyen-orient-plus-de-32-millions-de-personnes-menacees-de-pauvrete\\\/\"},\"author\":{\"name\":\"admin\",\"@id\":\"https:\\\/\\\/lasentinelle.dz\\\/#\\\/schema\\\/person\\\/729ee0024f24e0b8c5ec17232f8e8b41\"},\"headline\":\"Guerre au Moyen-Orient\u00a0: Plus de 32 millions de personnes menac\u00e9es de pauvret\u00e9\",\"datePublished\":\"2026-04-29T17:25:54+00:00\",\"dateModified\":\"2026-05-01T17:26:44+00:00\",\"mainEntityOfPage\":{\"@id\":\"https:\\\/\\\/lasentinelle.dz\\\/index.php\\\/2026\\\/04\\\/29\\\/guerre-au-moyen-orient-plus-de-32-millions-de-personnes-menacees-de-pauvrete\\\/\"},\"wordCount\":803,\"commentCount\":0,\"publisher\":{\"@id\":\"https:\\\/\\\/lasentinelle.dz\\\/#organization\"},\"image\":{\"@id\":\"https:\\\/\\\/lasentinelle.dz\\\/index.php\\\/2026\\\/04\\\/29\\\/guerre-au-moyen-orient-plus-de-32-millions-de-personnes-menacees-de-pauvrete\\\/#primaryimage\"},\"thumbnailUrl\":\"https:\\\/\\\/lasentinelle.dz\\\/wp-content\\\/uploads\\\/2026\\\/04\\\/economie-guerre-iran.png\",\"articleSection\":[\"Monde\"],\"inLanguage\":\"fr-FR\",\"potentialAction\":[{\"@type\":\"CommentAction\",\"name\":\"Comment\",\"target\":[\"https:\\\/\\\/lasentinelle.dz\\\/index.php\\\/2026\\\/04\\\/29\\\/guerre-au-moyen-orient-plus-de-32-millions-de-personnes-menacees-de-pauvrete\\\/#respond\"]}]},{\"@type\":\"WebPage\",\"@id\":\"https:\\\/\\\/lasentinelle.dz\\\/index.php\\\/2026\\\/04\\\/29\\\/guerre-au-moyen-orient-plus-de-32-millions-de-personnes-menacees-de-pauvrete\\\/\",\"url\":\"https:\\\/\\\/lasentinelle.dz\\\/index.php\\\/2026\\\/04\\\/29\\\/guerre-au-moyen-orient-plus-de-32-millions-de-personnes-menacees-de-pauvrete\\\/\",\"name\":\"Guerre au Moyen-Orient\u00a0: Plus de 32 millions de personnes menac\u00e9es de pauvret\u00e9 - La Sentinelle\",\"isPartOf\":{\"@id\":\"https:\\\/\\\/lasentinelle.dz\\\/#website\"},\"primaryImageOfPage\":{\"@id\":\"https:\\\/\\\/lasentinelle.dz\\\/index.php\\\/2026\\\/04\\\/29\\\/guerre-au-moyen-orient-plus-de-32-millions-de-personnes-menacees-de-pauvrete\\\/#primaryimage\"},\"image\":{\"@id\":\"https:\\\/\\\/lasentinelle.dz\\\/index.php\\\/2026\\\/04\\\/29\\\/guerre-au-moyen-orient-plus-de-32-millions-de-personnes-menacees-de-pauvrete\\\/#primaryimage\"},\"thumbnailUrl\":\"https:\\\/\\\/lasentinelle.dz\\\/wp-content\\\/uploads\\\/2026\\\/04\\\/economie-guerre-iran.png\",\"datePublished\":\"2026-04-29T17:25:54+00:00\",\"dateModified\":\"2026-05-01T17:26:44+00:00\",\"breadcrumb\":{\"@id\":\"https:\\\/\\\/lasentinelle.dz\\\/index.php\\\/2026\\\/04\\\/29\\\/guerre-au-moyen-orient-plus-de-32-millions-de-personnes-menacees-de-pauvrete\\\/#breadcrumb\"},\"inLanguage\":\"fr-FR\",\"potentialAction\":[{\"@type\":\"ReadAction\",\"target\":[\"https:\\\/\\\/lasentinelle.dz\\\/index.php\\\/2026\\\/04\\\/29\\\/guerre-au-moyen-orient-plus-de-32-millions-de-personnes-menacees-de-pauvrete\\\/\"]}]},{\"@type\":\"ImageObject\",\"inLanguage\":\"fr-FR\",\"@id\":\"https:\\\/\\\/lasentinelle.dz\\\/index.php\\\/2026\\\/04\\\/29\\\/guerre-au-moyen-orient-plus-de-32-millions-de-personnes-menacees-de-pauvrete\\\/#primaryimage\",\"url\":\"https:\\\/\\\/lasentinelle.dz\\\/wp-content\\\/uploads\\\/2026\\\/04\\\/economie-guerre-iran.png\",\"contentUrl\":\"https:\\\/\\\/lasentinelle.dz\\\/wp-content\\\/uploads\\\/2026\\\/04\\\/economie-guerre-iran.png\",\"width\":1786,\"height\":1198},{\"@type\":\"BreadcrumbList\",\"@id\":\"https:\\\/\\\/lasentinelle.dz\\\/index.php\\\/2026\\\/04\\\/29\\\/guerre-au-moyen-orient-plus-de-32-millions-de-personnes-menacees-de-pauvrete\\\/#breadcrumb\",\"itemListElement\":[{\"@type\":\"ListItem\",\"position\":1,\"name\":\"Accueil\",\"item\":\"https:\\\/\\\/lasentinelle.dz\\\/\"},{\"@type\":\"ListItem\",\"position\":2,\"name\":\"Guerre au Moyen-Orient\u00a0: Plus de 32 millions de personnes menac\u00e9es de pauvret\u00e9\"}]},{\"@type\":\"WebSite\",\"@id\":\"https:\\\/\\\/lasentinelle.dz\\\/#website\",\"url\":\"https:\\\/\\\/lasentinelle.dz\\\/\",\"name\":\"La Sentinelle\",\"description\":\"Quotidien national d&#039;information\",\"publisher\":{\"@id\":\"https:\\\/\\\/lasentinelle.dz\\\/#organization\"},\"potentialAction\":[{\"@type\":\"SearchAction\",\"target\":{\"@type\":\"EntryPoint\",\"urlTemplate\":\"https:\\\/\\\/lasentinelle.dz\\\/?s={search_term_string}\"},\"query-input\":{\"@type\":\"PropertyValueSpecification\",\"valueRequired\":true,\"valueName\":\"search_term_string\"}}],\"inLanguage\":\"fr-FR\"},{\"@type\":\"Organization\",\"@id\":\"https:\\\/\\\/lasentinelle.dz\\\/#organization\",\"name\":\"Quotidien La Sentinelle\",\"url\":\"https:\\\/\\\/lasentinelle.dz\\\/\",\"logo\":{\"@type\":\"ImageObject\",\"inLanguage\":\"fr-FR\",\"@id\":\"https:\\\/\\\/lasentinelle.dz\\\/#\\\/schema\\\/logo\\\/image\\\/\",\"url\":\"https:\\\/\\\/lasentinelle.dz\\\/wp-content\\\/uploads\\\/2021\\\/09\\\/logo-sentinelleSLOGAN-1.png\",\"contentUrl\":\"https:\\\/\\\/lasentinelle.dz\\\/wp-content\\\/uploads\\\/2021\\\/09\\\/logo-sentinelleSLOGAN-1.png\",\"width\":615,\"height\":142,\"caption\":\"Quotidien La Sentinelle\"},\"image\":{\"@id\":\"https:\\\/\\\/lasentinelle.dz\\\/#\\\/schema\\\/logo\\\/image\\\/\"},\"sameAs\":[\"https:\\\/\\\/www.facebook.com\\\/La-Sentinelle-104059864394773\"]},{\"@type\":\"Person\",\"@id\":\"https:\\\/\\\/lasentinelle.dz\\\/#\\\/schema\\\/person\\\/729ee0024f24e0b8c5ec17232f8e8b41\",\"name\":\"admin\",\"image\":{\"@type\":\"ImageObject\",\"inLanguage\":\"fr-FR\",\"@id\":\"https:\\\/\\\/secure.gravatar.com\\\/avatar\\\/4c81fed838786e9b53f540bf46533e750f5d292099ae3b66cfc6fb1982e29df7?s=96&d=mm&r=g\",\"url\":\"https:\\\/\\\/secure.gravatar.com\\\/avatar\\\/4c81fed838786e9b53f540bf46533e750f5d292099ae3b66cfc6fb1982e29df7?s=96&d=mm&r=g\",\"contentUrl\":\"https:\\\/\\\/secure.gravatar.com\\\/avatar\\\/4c81fed838786e9b53f540bf46533e750f5d292099ae3b66cfc6fb1982e29df7?s=96&d=mm&r=g\",\"caption\":\"admin\"},\"description\":\"admin\",\"url\":\"https:\\\/\\\/lasentinelle.dz\\\/author\\\/admin\\\/\"}]}<\/script>\n<!-- \/ Yoast SEO plugin. -->","yoast_head_json":{"title":"Guerre au Moyen-Orient\u00a0: Plus de 32 millions de personnes menac\u00e9es de pauvret\u00e9 - La Sentinelle","robots":{"index":"index","follow":"follow","max-snippet":"max-snippet:-1","max-image-preview":"max-image-preview:large","max-video-preview":"max-video-preview:-1"},"canonical":"https:\/\/lasentinelle.dz\/index.php\/2026\/04\/29\/guerre-au-moyen-orient-plus-de-32-millions-de-personnes-menacees-de-pauvrete\/","og_locale":"fr_FR","og_type":"article","og_title":"Guerre au Moyen-Orient\u00a0: Plus de 32 millions de personnes menac\u00e9es de pauvret\u00e9 - La Sentinelle","og_description":"Soixante et un jours apr\u00e8s le d\u00e9clenchement des hostilit\u00e9s, la guerre que les \u00c9tats-Unis et l\u2019entit\u00e9 sioniste ont lanc\u00e9e contre","og_url":"https:\/\/lasentinelle.dz\/index.php\/2026\/04\/29\/guerre-au-moyen-orient-plus-de-32-millions-de-personnes-menacees-de-pauvrete\/","og_site_name":"La Sentinelle","article_publisher":"https:\/\/www.facebook.com\/La-Sentinelle-104059864394773","article_published_time":"2026-04-29T17:25:54+00:00","article_modified_time":"2026-05-01T17:26:44+00:00","og_image":[{"width":1024,"height":687,"url":"https:\/\/lasentinelle.dz\/wp-content\/uploads\/2026\/04\/economie-guerre-iran-1024x687.png","type":"image\/png"}],"author":"admin","twitter_card":"summary_large_image","twitter_misc":{"\u00c9crit par":"admin","Dur\u00e9e de lecture estim\u00e9e":"4 minutes"},"schema":{"@context":"https:\/\/schema.org","@graph":[{"@type":"Article","@id":"https:\/\/lasentinelle.dz\/index.php\/2026\/04\/29\/guerre-au-moyen-orient-plus-de-32-millions-de-personnes-menacees-de-pauvrete\/#article","isPartOf":{"@id":"https:\/\/lasentinelle.dz\/index.php\/2026\/04\/29\/guerre-au-moyen-orient-plus-de-32-millions-de-personnes-menacees-de-pauvrete\/"},"author":{"name":"admin","@id":"https:\/\/lasentinelle.dz\/#\/schema\/person\/729ee0024f24e0b8c5ec17232f8e8b41"},"headline":"Guerre au Moyen-Orient\u00a0: Plus de 32 millions de personnes menac\u00e9es de pauvret\u00e9","datePublished":"2026-04-29T17:25:54+00:00","dateModified":"2026-05-01T17:26:44+00:00","mainEntityOfPage":{"@id":"https:\/\/lasentinelle.dz\/index.php\/2026\/04\/29\/guerre-au-moyen-orient-plus-de-32-millions-de-personnes-menacees-de-pauvrete\/"},"wordCount":803,"commentCount":0,"publisher":{"@id":"https:\/\/lasentinelle.dz\/#organization"},"image":{"@id":"https:\/\/lasentinelle.dz\/index.php\/2026\/04\/29\/guerre-au-moyen-orient-plus-de-32-millions-de-personnes-menacees-de-pauvrete\/#primaryimage"},"thumbnailUrl":"https:\/\/lasentinelle.dz\/wp-content\/uploads\/2026\/04\/economie-guerre-iran.png","articleSection":["Monde"],"inLanguage":"fr-FR","potentialAction":[{"@type":"CommentAction","name":"Comment","target":["https:\/\/lasentinelle.dz\/index.php\/2026\/04\/29\/guerre-au-moyen-orient-plus-de-32-millions-de-personnes-menacees-de-pauvrete\/#respond"]}]},{"@type":"WebPage","@id":"https:\/\/lasentinelle.dz\/index.php\/2026\/04\/29\/guerre-au-moyen-orient-plus-de-32-millions-de-personnes-menacees-de-pauvrete\/","url":"https:\/\/lasentinelle.dz\/index.php\/2026\/04\/29\/guerre-au-moyen-orient-plus-de-32-millions-de-personnes-menacees-de-pauvrete\/","name":"Guerre au Moyen-Orient\u00a0: Plus de 32 millions de personnes menac\u00e9es de pauvret\u00e9 - La Sentinelle","isPartOf":{"@id":"https:\/\/lasentinelle.dz\/#website"},"primaryImageOfPage":{"@id":"https:\/\/lasentinelle.dz\/index.php\/2026\/04\/29\/guerre-au-moyen-orient-plus-de-32-millions-de-personnes-menacees-de-pauvrete\/#primaryimage"},"image":{"@id":"https:\/\/lasentinelle.dz\/index.php\/2026\/04\/29\/guerre-au-moyen-orient-plus-de-32-millions-de-personnes-menacees-de-pauvrete\/#primaryimage"},"thumbnailUrl":"https:\/\/lasentinelle.dz\/wp-content\/uploads\/2026\/04\/economie-guerre-iran.png","datePublished":"2026-04-29T17:25:54+00:00","dateModified":"2026-05-01T17:26:44+00:00","breadcrumb":{"@id":"https:\/\/lasentinelle.dz\/index.php\/2026\/04\/29\/guerre-au-moyen-orient-plus-de-32-millions-de-personnes-menacees-de-pauvrete\/#breadcrumb"},"inLanguage":"fr-FR","potentialAction":[{"@type":"ReadAction","target":["https:\/\/lasentinelle.dz\/index.php\/2026\/04\/29\/guerre-au-moyen-orient-plus-de-32-millions-de-personnes-menacees-de-pauvrete\/"]}]},{"@type":"ImageObject","inLanguage":"fr-FR","@id":"https:\/\/lasentinelle.dz\/index.php\/2026\/04\/29\/guerre-au-moyen-orient-plus-de-32-millions-de-personnes-menacees-de-pauvrete\/#primaryimage","url":"https:\/\/lasentinelle.dz\/wp-content\/uploads\/2026\/04\/economie-guerre-iran.png","contentUrl":"https:\/\/lasentinelle.dz\/wp-content\/uploads\/2026\/04\/economie-guerre-iran.png","width":1786,"height":1198},{"@type":"BreadcrumbList","@id":"https:\/\/lasentinelle.dz\/index.php\/2026\/04\/29\/guerre-au-moyen-orient-plus-de-32-millions-de-personnes-menacees-de-pauvrete\/#breadcrumb","itemListElement":[{"@type":"ListItem","position":1,"name":"Accueil","item":"https:\/\/lasentinelle.dz\/"},{"@type":"ListItem","position":2,"name":"Guerre au Moyen-Orient\u00a0: Plus de 32 millions de personnes menac\u00e9es de pauvret\u00e9"}]},{"@type":"WebSite","@id":"https:\/\/lasentinelle.dz\/#website","url":"https:\/\/lasentinelle.dz\/","name":"La Sentinelle","description":"Quotidien national d&#039;information","publisher":{"@id":"https:\/\/lasentinelle.dz\/#organization"},"potentialAction":[{"@type":"SearchAction","target":{"@type":"EntryPoint","urlTemplate":"https:\/\/lasentinelle.dz\/?s={search_term_string}"},"query-input":{"@type":"PropertyValueSpecification","valueRequired":true,"valueName":"search_term_string"}}],"inLanguage":"fr-FR"},{"@type":"Organization","@id":"https:\/\/lasentinelle.dz\/#organization","name":"Quotidien La Sentinelle","url":"https:\/\/lasentinelle.dz\/","logo":{"@type":"ImageObject","inLanguage":"fr-FR","@id":"https:\/\/lasentinelle.dz\/#\/schema\/logo\/image\/","url":"https:\/\/lasentinelle.dz\/wp-content\/uploads\/2021\/09\/logo-sentinelleSLOGAN-1.png","contentUrl":"https:\/\/lasentinelle.dz\/wp-content\/uploads\/2021\/09\/logo-sentinelleSLOGAN-1.png","width":615,"height":142,"caption":"Quotidien La Sentinelle"},"image":{"@id":"https:\/\/lasentinelle.dz\/#\/schema\/logo\/image\/"},"sameAs":["https:\/\/www.facebook.com\/La-Sentinelle-104059864394773"]},{"@type":"Person","@id":"https:\/\/lasentinelle.dz\/#\/schema\/person\/729ee0024f24e0b8c5ec17232f8e8b41","name":"admin","image":{"@type":"ImageObject","inLanguage":"fr-FR","@id":"https:\/\/secure.gravatar.com\/avatar\/4c81fed838786e9b53f540bf46533e750f5d292099ae3b66cfc6fb1982e29df7?s=96&d=mm&r=g","url":"https:\/\/secure.gravatar.com\/avatar\/4c81fed838786e9b53f540bf46533e750f5d292099ae3b66cfc6fb1982e29df7?s=96&d=mm&r=g","contentUrl":"https:\/\/secure.gravatar.com\/avatar\/4c81fed838786e9b53f540bf46533e750f5d292099ae3b66cfc6fb1982e29df7?s=96&d=mm&r=g","caption":"admin"},"description":"admin","url":"https:\/\/lasentinelle.dz\/author\/admin\/"}]}},"_links":{"self":[{"href":"https:\/\/lasentinelle.dz\/index.php\/wp-json\/wp\/v2\/posts\/86720","targetHints":{"allow":["GET"]}}],"collection":[{"href":"https:\/\/lasentinelle.dz\/index.php\/wp-json\/wp\/v2\/posts"}],"about":[{"href":"https:\/\/lasentinelle.dz\/index.php\/wp-json\/wp\/v2\/types\/post"}],"author":[{"embeddable":true,"href":"https:\/\/lasentinelle.dz\/index.php\/wp-json\/wp\/v2\/users\/6"}],"replies":[{"embeddable":true,"href":"https:\/\/lasentinelle.dz\/index.php\/wp-json\/wp\/v2\/comments?post=86720"}],"version-history":[{"count":1,"href":"https:\/\/lasentinelle.dz\/index.php\/wp-json\/wp\/v2\/posts\/86720\/revisions"}],"predecessor-version":[{"id":86721,"href":"https:\/\/lasentinelle.dz\/index.php\/wp-json\/wp\/v2\/posts\/86720\/revisions\/86721"}],"wp:featuredmedia":[{"embeddable":true,"href":"https:\/\/lasentinelle.dz\/index.php\/wp-json\/wp\/v2\/media\/85658"}],"wp:attachment":[{"href":"https:\/\/lasentinelle.dz\/index.php\/wp-json\/wp\/v2\/media?parent=86720"}],"wp:term":[{"taxonomy":"category","embeddable":true,"href":"https:\/\/lasentinelle.dz\/index.php\/wp-json\/wp\/v2\/categories?post=86720"},{"taxonomy":"post_tag","embeddable":true,"href":"https:\/\/lasentinelle.dz\/index.php\/wp-json\/wp\/v2\/tags?post=86720"}],"curies":[{"name":"wp","href":"https:\/\/api.w.org\/{rel}","templated":true}]}}