{"id":86722,"date":"2026-04-29T18:27:12","date_gmt":"2026-04-29T17:27:12","guid":{"rendered":"https:\/\/lasentinelle.dz\/?p=86722"},"modified":"2026-05-01T18:28:17","modified_gmt":"2026-05-01T17:28:17","slug":"sahara-occidental-un-juriste-espagnol-demonte-les-manoeuvres-marocaines","status":"publish","type":"post","link":"https:\/\/lasentinelle.dz\/index.php\/2026\/04\/29\/sahara-occidental-un-juriste-espagnol-demonte-les-manoeuvres-marocaines\/","title":{"rendered":"Sahara occidental\u00a0: Un juriste espagnol d\u00e9monte les man\u0153uvres marocaines"},"content":{"rendered":"\n<p>Le professeur Carlos Ruiz Miguel, sp\u00e9cialiste de droit constitutionnel et directeur du Centre d&rsquo;\u00e9tudes sur le Sahara occidental en Espagne a diss\u00e9qu\u00e9 mercredi les ressorts juridiques, politiques et \u00e9conomiques d&rsquo;un conflit que la communaut\u00e9 internationale refuse toujours d&rsquo;affronter franchement. Il est d\u2019abord revenu sur la conf\u00e9rence, coorganis\u00e9e par l&rsquo;universit\u00e9 locale de Tindouf et celle de Tifariti \u00e0 l\u2019occasion du cinquantenaire de la proclamation de la RASD. \u00ab C&rsquo;\u00e9tait une conf\u00e9rence de deux jours avec un tr\u00e8s haut niveau de pr\u00e9sentation. Le programme \u00e9tait tr\u00e8s bien dessin\u00e9 et l&rsquo;organisation toute enti\u00e8re a \u00e9t\u00e9 tr\u00e8s bonne \u00bb, a-t-il relev\u00e9. Sur le fond du dossier, Ruiz Miguel n&rsquo;a pas m\u00e9nag\u00e9 ses mots. Les derni\u00e8res propositions marocaines dans le cadre des n\u00e9gociations onusiennes sont, selon lui, \u00ab une provocation \u00bb et marquent \u00ab un recul par rapport aux propositions ant\u00e9rieures \u00bb. La raison est simple : elles continuent de poser l&rsquo;int\u00e9gration au Maroc comme point de d\u00e9part de toute discussion, alors que le droit international en fait, au mieux, une conclusion possible parmi d&rsquo;autres. \u00ab Le droit \u00e0 l&rsquo;autod\u00e9termination, c&rsquo;est le droit \u00e0 l&rsquo;autod\u00e9termination du peuple du Sahara occidental, pas du peuple marocain \u00bb, a-t-il rappel\u00e9, avec une nettet\u00e9 qui tranche dans un d\u00e9bat souvent noy\u00e9 sous les euph\u00e9mismes diplomatiques. \u00ab La base des discussions au sein des Nations unies reste inchang\u00e9e, centr\u00e9e sur ce droit fondamental \u00bb, a-t-il insist\u00e9, rejetant toute tentative de d\u00e9placer ce principe vers un pseudo-cadre souverainiste marocain comme \u00ab une d\u00e9viation juridique et politique \u00bb. Dans ces conditions, il exprime un scepticisme net quant \u00e0 l&rsquo;issue des n\u00e9gociations : \u00ab les conditions actuelles ne permettent pas d&rsquo;aboutir \u00e0 une solution conforme au droit international \u00bb.<\/p>\n\n\n\n<p>Mais c&rsquo;est sur la question des influences occultes que l&rsquo;universitaire a \u00e9t\u00e9 le plus direct. Il d\u00e9crit un syst\u00e8me rod\u00e9, o\u00f9 le Makhzen utilise la corruption non comme un d\u00e9rapage, mais comme un outil de politique \u00e9trang\u00e8re. \u00ab On a des preuves d\u00e9j\u00e0 de la corruption d&rsquo;un d\u00e9put\u00e9 europ\u00e9en par l&rsquo;ambassadeur marocain \u00bb, affirme-t-il, en r\u00e9f\u00e9rence aux scandales qui ont secou\u00e9 le Parlement europ\u00e9en ces derni\u00e8res ann\u00e9es. Ces pratiques, pr\u00e9cise-t-il, \u00ab ne se limitent pas \u00e0 des transactions financi\u00e8res, mais incluent \u00e9galement des formes de pression et de chantage \u00bb visant des responsables politiques en Espagne, en France et en Belgique, dans le but d&rsquo;infl\u00e9chir leurs positions sur le Sahara occidental. L&rsquo;influence marocaine s&rsquo;\u00e9tend selon lui bien au-del\u00e0 des couloirs parlementaires : elle repose sur un syst\u00e8me d&rsquo;\u00e9changes o\u00f9 la coop\u00e9ration s\u00e9curitaire et migratoire fonctionne comme monnaie d&rsquo;\u00e9change pour obtenir des avantages \u00e9conomiques aupr\u00e8s de Bruxelles. \u00ab Ces liens d\u00e9passent le cadre diplomatique classique \u00bb, dit-il, et les justifications avanc\u00e9es ne r\u00e9sistent pas \u00e0 l&rsquo;examen : \u00ab les b\u00e9n\u00e9fices sont largement asym\u00e9triques \u00bb.<\/p>\n\n\n\n<p>Sur le terrain \u00e9conomique, Ruiz Miguel pointe les effets concrets des accords commerciaux entre le Maroc et l&rsquo;Union europ\u00e9enne. Des secteurs comme l&rsquo;automobile et le textile b\u00e9n\u00e9ficient de d\u00e9localisations qui permettent aux entreprises europ\u00e9ennes de produire \u00e0 moindre co\u00fbt tout en r\u00e9exportant vers le march\u00e9 unique. R\u00e9sultat : \u00ab dans plusieurs domaines industriels, on met en \u0153uvre une politique contraire aux int\u00e9r\u00eats \u00e9conomiques europ\u00e9ens \u00bb eux-m\u00eames. Une contradiction que peu de responsables europ\u00e9ens acceptent de nommer publiquement, et que le professeur relie directement aux pressions politiques \u00e9voqu\u00e9es plus haut.<\/p>\n\n\n\n<p>La conclusion est s\u00e9v\u00e8re. Pour Carlos Ruiz Miguel, \u00ab le syst\u00e8me international est d\u00e9faillant \u00bb face au dossier sahraoui. La communaut\u00e9 internationale accumule les r\u00e9solutions, notamment au Conseil de s\u00e9curit\u00e9, sans jamais les faire respecter. Ce n&rsquo;est pas de l&rsquo;impuissance, selon lui : c&rsquo;est le reflet de \u00ab rapports de force et de complicit\u00e9s qui permettent \u00e0 certains acteurs d&rsquo;\u00e9chapper aux obligations du droit international \u00bb.<\/p>\n\n\n\n<p>L.S.<\/p>\n","protected":false},"excerpt":{"rendered":"<p>Le professeur Carlos Ruiz Miguel, sp\u00e9cialiste de droit constitutionnel et directeur du Centre d&rsquo;\u00e9tudes sur le Sahara occidental en Espagne<\/p>\n","protected":false},"author":6,"featured_media":57408,"comment_status":"open","ping_status":"closed","sticky":false,"template":"","format":"standard","meta":{"colormag_page_container_layout":"default_layout","colormag_page_sidebar_layout":"default_layout","om_disable_all_campaigns":false,"_monsterinsights_skip_tracking":false,"_monsterinsights_sitenote_active":false,"_monsterinsights_sitenote_note":"","_monsterinsights_sitenote_category":0,"footnotes":"","_wpscppro_dont_share_socialmedia":false,"_wpscppro_custom_social_share_image":0,"_facebook_share_type":"default","_twitter_share_type":"default","_linkedin_share_type":"default","_pinterest_share_type":"default","_linkedin_share_type_page":"","_instagram_share_type":"default","_medium_share_type":"default","_threads_share_type":"default","_google_business_share_type":"default","_selected_social_profile":[],"_wpsp_enable_custom_social_template":false,"_wpsp_social_scheduling":{"enabled":false,"datetime":null,"platforms":[],"status":"template_only","dateOption":"today","timeOption":"now","customDays":"","customHours":"","customDate":"","customTime":"","schedulingType":"absolute"},"_wpsp_active_default_template":true},"categories":[37],"tags":[],"class_list":["post-86722","post","type-post","status-publish","format-standard","has-post-thumbnail","hentry","category-monde"],"aioseo_notices":[],"yoast_head":"<!-- This site is optimized with the Yoast SEO plugin v27.5 - https:\/\/yoast.com\/product\/yoast-seo-wordpress\/ -->\n<title>Sahara occidental\u00a0: Un juriste espagnol d\u00e9monte les man\u0153uvres marocaines - La Sentinelle<\/title>\n<meta name=\"robots\" content=\"index, follow, max-snippet:-1, max-image-preview:large, max-video-preview:-1\" \/>\n<link rel=\"canonical\" href=\"https:\/\/lasentinelle.dz\/index.php\/2026\/04\/29\/sahara-occidental-un-juriste-espagnol-demonte-les-manoeuvres-marocaines\/\" \/>\n<meta property=\"og:locale\" content=\"fr_FR\" \/>\n<meta property=\"og:type\" content=\"article\" \/>\n<meta property=\"og:title\" content=\"Sahara occidental\u00a0: Un juriste espagnol d\u00e9monte les man\u0153uvres marocaines - La Sentinelle\" \/>\n<meta property=\"og:description\" content=\"Le professeur Carlos Ruiz Miguel, sp\u00e9cialiste de droit constitutionnel et directeur du Centre d&rsquo;\u00e9tudes sur le Sahara occidental en Espagne\" \/>\n<meta property=\"og:url\" content=\"https:\/\/lasentinelle.dz\/index.php\/2026\/04\/29\/sahara-occidental-un-juriste-espagnol-demonte-les-manoeuvres-marocaines\/\" \/>\n<meta property=\"og:site_name\" content=\"La Sentinelle\" \/>\n<meta property=\"article:publisher\" content=\"https:\/\/www.facebook.com\/La-Sentinelle-104059864394773\" \/>\n<meta property=\"article:published_time\" content=\"2026-04-29T17:27:12+00:00\" \/>\n<meta property=\"article:modified_time\" content=\"2026-05-01T17:28:17+00:00\" \/>\n<meta property=\"og:image\" content=\"https:\/\/lasentinelle.dz\/wp-content\/uploads\/2024\/09\/sahara-occidental.jpg\" \/>\n\t<meta property=\"og:image:width\" content=\"580\" \/>\n\t<meta property=\"og:image:height\" content=\"350\" \/>\n\t<meta property=\"og:image:type\" content=\"image\/jpeg\" \/>\n<meta name=\"author\" content=\"admin\" \/>\n<meta name=\"twitter:card\" content=\"summary_large_image\" \/>\n<meta name=\"twitter:label1\" content=\"\u00c9crit par\" \/>\n\t<meta name=\"twitter:data1\" content=\"admin\" \/>\n\t<meta name=\"twitter:label2\" content=\"Dur\u00e9e de lecture estim\u00e9e\" \/>\n\t<meta name=\"twitter:data2\" content=\"4 minutes\" \/>\n<script type=\"application\/ld+json\" class=\"yoast-schema-graph\">{\"@context\":\"https:\\\/\\\/schema.org\",\"@graph\":[{\"@type\":\"Article\",\"@id\":\"https:\\\/\\\/lasentinelle.dz\\\/index.php\\\/2026\\\/04\\\/29\\\/sahara-occidental-un-juriste-espagnol-demonte-les-manoeuvres-marocaines\\\/#article\",\"isPartOf\":{\"@id\":\"https:\\\/\\\/lasentinelle.dz\\\/index.php\\\/2026\\\/04\\\/29\\\/sahara-occidental-un-juriste-espagnol-demonte-les-manoeuvres-marocaines\\\/\"},\"author\":{\"name\":\"admin\",\"@id\":\"https:\\\/\\\/lasentinelle.dz\\\/#\\\/schema\\\/person\\\/729ee0024f24e0b8c5ec17232f8e8b41\"},\"headline\":\"Sahara occidental\u00a0: Un juriste espagnol d\u00e9monte les man\u0153uvres marocaines\",\"datePublished\":\"2026-04-29T17:27:12+00:00\",\"dateModified\":\"2026-05-01T17:28:17+00:00\",\"mainEntityOfPage\":{\"@id\":\"https:\\\/\\\/lasentinelle.dz\\\/index.php\\\/2026\\\/04\\\/29\\\/sahara-occidental-un-juriste-espagnol-demonte-les-manoeuvres-marocaines\\\/\"},\"wordCount\":677,\"commentCount\":0,\"publisher\":{\"@id\":\"https:\\\/\\\/lasentinelle.dz\\\/#organization\"},\"image\":{\"@id\":\"https:\\\/\\\/lasentinelle.dz\\\/index.php\\\/2026\\\/04\\\/29\\\/sahara-occidental-un-juriste-espagnol-demonte-les-manoeuvres-marocaines\\\/#primaryimage\"},\"thumbnailUrl\":\"https:\\\/\\\/lasentinelle.dz\\\/wp-content\\\/uploads\\\/2024\\\/09\\\/sahara-occidental.jpg\",\"articleSection\":[\"Monde\"],\"inLanguage\":\"fr-FR\",\"potentialAction\":[{\"@type\":\"CommentAction\",\"name\":\"Comment\",\"target\":[\"https:\\\/\\\/lasentinelle.dz\\\/index.php\\\/2026\\\/04\\\/29\\\/sahara-occidental-un-juriste-espagnol-demonte-les-manoeuvres-marocaines\\\/#respond\"]}]},{\"@type\":\"WebPage\",\"@id\":\"https:\\\/\\\/lasentinelle.dz\\\/index.php\\\/2026\\\/04\\\/29\\\/sahara-occidental-un-juriste-espagnol-demonte-les-manoeuvres-marocaines\\\/\",\"url\":\"https:\\\/\\\/lasentinelle.dz\\\/index.php\\\/2026\\\/04\\\/29\\\/sahara-occidental-un-juriste-espagnol-demonte-les-manoeuvres-marocaines\\\/\",\"name\":\"Sahara occidental\u00a0: Un juriste espagnol d\u00e9monte les man\u0153uvres marocaines - La Sentinelle\",\"isPartOf\":{\"@id\":\"https:\\\/\\\/lasentinelle.dz\\\/#website\"},\"primaryImageOfPage\":{\"@id\":\"https:\\\/\\\/lasentinelle.dz\\\/index.php\\\/2026\\\/04\\\/29\\\/sahara-occidental-un-juriste-espagnol-demonte-les-manoeuvres-marocaines\\\/#primaryimage\"},\"image\":{\"@id\":\"https:\\\/\\\/lasentinelle.dz\\\/index.php\\\/2026\\\/04\\\/29\\\/sahara-occidental-un-juriste-espagnol-demonte-les-manoeuvres-marocaines\\\/#primaryimage\"},\"thumbnailUrl\":\"https:\\\/\\\/lasentinelle.dz\\\/wp-content\\\/uploads\\\/2024\\\/09\\\/sahara-occidental.jpg\",\"datePublished\":\"2026-04-29T17:27:12+00:00\",\"dateModified\":\"2026-05-01T17:28:17+00:00\",\"breadcrumb\":{\"@id\":\"https:\\\/\\\/lasentinelle.dz\\\/index.php\\\/2026\\\/04\\\/29\\\/sahara-occidental-un-juriste-espagnol-demonte-les-manoeuvres-marocaines\\\/#breadcrumb\"},\"inLanguage\":\"fr-FR\",\"potentialAction\":[{\"@type\":\"ReadAction\",\"target\":[\"https:\\\/\\\/lasentinelle.dz\\\/index.php\\\/2026\\\/04\\\/29\\\/sahara-occidental-un-juriste-espagnol-demonte-les-manoeuvres-marocaines\\\/\"]}]},{\"@type\":\"ImageObject\",\"inLanguage\":\"fr-FR\",\"@id\":\"https:\\\/\\\/lasentinelle.dz\\\/index.php\\\/2026\\\/04\\\/29\\\/sahara-occidental-un-juriste-espagnol-demonte-les-manoeuvres-marocaines\\\/#primaryimage\",\"url\":\"https:\\\/\\\/lasentinelle.dz\\\/wp-content\\\/uploads\\\/2024\\\/09\\\/sahara-occidental.jpg\",\"contentUrl\":\"https:\\\/\\\/lasentinelle.dz\\\/wp-content\\\/uploads\\\/2024\\\/09\\\/sahara-occidental.jpg\",\"width\":580,\"height\":350},{\"@type\":\"BreadcrumbList\",\"@id\":\"https:\\\/\\\/lasentinelle.dz\\\/index.php\\\/2026\\\/04\\\/29\\\/sahara-occidental-un-juriste-espagnol-demonte-les-manoeuvres-marocaines\\\/#breadcrumb\",\"itemListElement\":[{\"@type\":\"ListItem\",\"position\":1,\"name\":\"Accueil\",\"item\":\"https:\\\/\\\/lasentinelle.dz\\\/\"},{\"@type\":\"ListItem\",\"position\":2,\"name\":\"Sahara occidental\u00a0: Un juriste espagnol d\u00e9monte les man\u0153uvres marocaines\"}]},{\"@type\":\"WebSite\",\"@id\":\"https:\\\/\\\/lasentinelle.dz\\\/#website\",\"url\":\"https:\\\/\\\/lasentinelle.dz\\\/\",\"name\":\"La Sentinelle\",\"description\":\"Quotidien national d&#039;information\",\"publisher\":{\"@id\":\"https:\\\/\\\/lasentinelle.dz\\\/#organization\"},\"potentialAction\":[{\"@type\":\"SearchAction\",\"target\":{\"@type\":\"EntryPoint\",\"urlTemplate\":\"https:\\\/\\\/lasentinelle.dz\\\/?s={search_term_string}\"},\"query-input\":{\"@type\":\"PropertyValueSpecification\",\"valueRequired\":true,\"valueName\":\"search_term_string\"}}],\"inLanguage\":\"fr-FR\"},{\"@type\":\"Organization\",\"@id\":\"https:\\\/\\\/lasentinelle.dz\\\/#organization\",\"name\":\"Quotidien La Sentinelle\",\"url\":\"https:\\\/\\\/lasentinelle.dz\\\/\",\"logo\":{\"@type\":\"ImageObject\",\"inLanguage\":\"fr-FR\",\"@id\":\"https:\\\/\\\/lasentinelle.dz\\\/#\\\/schema\\\/logo\\\/image\\\/\",\"url\":\"https:\\\/\\\/lasentinelle.dz\\\/wp-content\\\/uploads\\\/2021\\\/09\\\/logo-sentinelleSLOGAN-1.png\",\"contentUrl\":\"https:\\\/\\\/lasentinelle.dz\\\/wp-content\\\/uploads\\\/2021\\\/09\\\/logo-sentinelleSLOGAN-1.png\",\"width\":615,\"height\":142,\"caption\":\"Quotidien La Sentinelle\"},\"image\":{\"@id\":\"https:\\\/\\\/lasentinelle.dz\\\/#\\\/schema\\\/logo\\\/image\\\/\"},\"sameAs\":[\"https:\\\/\\\/www.facebook.com\\\/La-Sentinelle-104059864394773\"]},{\"@type\":\"Person\",\"@id\":\"https:\\\/\\\/lasentinelle.dz\\\/#\\\/schema\\\/person\\\/729ee0024f24e0b8c5ec17232f8e8b41\",\"name\":\"admin\",\"image\":{\"@type\":\"ImageObject\",\"inLanguage\":\"fr-FR\",\"@id\":\"https:\\\/\\\/secure.gravatar.com\\\/avatar\\\/4c81fed838786e9b53f540bf46533e750f5d292099ae3b66cfc6fb1982e29df7?s=96&d=mm&r=g\",\"url\":\"https:\\\/\\\/secure.gravatar.com\\\/avatar\\\/4c81fed838786e9b53f540bf46533e750f5d292099ae3b66cfc6fb1982e29df7?s=96&d=mm&r=g\",\"contentUrl\":\"https:\\\/\\\/secure.gravatar.com\\\/avatar\\\/4c81fed838786e9b53f540bf46533e750f5d292099ae3b66cfc6fb1982e29df7?s=96&d=mm&r=g\",\"caption\":\"admin\"},\"description\":\"admin\",\"url\":\"https:\\\/\\\/lasentinelle.dz\\\/author\\\/admin\\\/\"}]}<\/script>\n<!-- \/ Yoast SEO plugin. -->","yoast_head_json":{"title":"Sahara occidental\u00a0: Un juriste espagnol d\u00e9monte les man\u0153uvres marocaines - La Sentinelle","robots":{"index":"index","follow":"follow","max-snippet":"max-snippet:-1","max-image-preview":"max-image-preview:large","max-video-preview":"max-video-preview:-1"},"canonical":"https:\/\/lasentinelle.dz\/index.php\/2026\/04\/29\/sahara-occidental-un-juriste-espagnol-demonte-les-manoeuvres-marocaines\/","og_locale":"fr_FR","og_type":"article","og_title":"Sahara occidental\u00a0: Un juriste espagnol d\u00e9monte les man\u0153uvres marocaines - La Sentinelle","og_description":"Le professeur Carlos Ruiz Miguel, sp\u00e9cialiste de droit constitutionnel et directeur du Centre d&rsquo;\u00e9tudes sur le Sahara occidental en Espagne","og_url":"https:\/\/lasentinelle.dz\/index.php\/2026\/04\/29\/sahara-occidental-un-juriste-espagnol-demonte-les-manoeuvres-marocaines\/","og_site_name":"La Sentinelle","article_publisher":"https:\/\/www.facebook.com\/La-Sentinelle-104059864394773","article_published_time":"2026-04-29T17:27:12+00:00","article_modified_time":"2026-05-01T17:28:17+00:00","og_image":[{"width":580,"height":350,"url":"https:\/\/lasentinelle.dz\/wp-content\/uploads\/2024\/09\/sahara-occidental.jpg","type":"image\/jpeg"}],"author":"admin","twitter_card":"summary_large_image","twitter_misc":{"\u00c9crit par":"admin","Dur\u00e9e de lecture estim\u00e9e":"4 minutes"},"schema":{"@context":"https:\/\/schema.org","@graph":[{"@type":"Article","@id":"https:\/\/lasentinelle.dz\/index.php\/2026\/04\/29\/sahara-occidental-un-juriste-espagnol-demonte-les-manoeuvres-marocaines\/#article","isPartOf":{"@id":"https:\/\/lasentinelle.dz\/index.php\/2026\/04\/29\/sahara-occidental-un-juriste-espagnol-demonte-les-manoeuvres-marocaines\/"},"author":{"name":"admin","@id":"https:\/\/lasentinelle.dz\/#\/schema\/person\/729ee0024f24e0b8c5ec17232f8e8b41"},"headline":"Sahara occidental\u00a0: Un juriste espagnol d\u00e9monte les man\u0153uvres marocaines","datePublished":"2026-04-29T17:27:12+00:00","dateModified":"2026-05-01T17:28:17+00:00","mainEntityOfPage":{"@id":"https:\/\/lasentinelle.dz\/index.php\/2026\/04\/29\/sahara-occidental-un-juriste-espagnol-demonte-les-manoeuvres-marocaines\/"},"wordCount":677,"commentCount":0,"publisher":{"@id":"https:\/\/lasentinelle.dz\/#organization"},"image":{"@id":"https:\/\/lasentinelle.dz\/index.php\/2026\/04\/29\/sahara-occidental-un-juriste-espagnol-demonte-les-manoeuvres-marocaines\/#primaryimage"},"thumbnailUrl":"https:\/\/lasentinelle.dz\/wp-content\/uploads\/2024\/09\/sahara-occidental.jpg","articleSection":["Monde"],"inLanguage":"fr-FR","potentialAction":[{"@type":"CommentAction","name":"Comment","target":["https:\/\/lasentinelle.dz\/index.php\/2026\/04\/29\/sahara-occidental-un-juriste-espagnol-demonte-les-manoeuvres-marocaines\/#respond"]}]},{"@type":"WebPage","@id":"https:\/\/lasentinelle.dz\/index.php\/2026\/04\/29\/sahara-occidental-un-juriste-espagnol-demonte-les-manoeuvres-marocaines\/","url":"https:\/\/lasentinelle.dz\/index.php\/2026\/04\/29\/sahara-occidental-un-juriste-espagnol-demonte-les-manoeuvres-marocaines\/","name":"Sahara occidental\u00a0: Un juriste espagnol d\u00e9monte les man\u0153uvres marocaines - La Sentinelle","isPartOf":{"@id":"https:\/\/lasentinelle.dz\/#website"},"primaryImageOfPage":{"@id":"https:\/\/lasentinelle.dz\/index.php\/2026\/04\/29\/sahara-occidental-un-juriste-espagnol-demonte-les-manoeuvres-marocaines\/#primaryimage"},"image":{"@id":"https:\/\/lasentinelle.dz\/index.php\/2026\/04\/29\/sahara-occidental-un-juriste-espagnol-demonte-les-manoeuvres-marocaines\/#primaryimage"},"thumbnailUrl":"https:\/\/lasentinelle.dz\/wp-content\/uploads\/2024\/09\/sahara-occidental.jpg","datePublished":"2026-04-29T17:27:12+00:00","dateModified":"2026-05-01T17:28:17+00:00","breadcrumb":{"@id":"https:\/\/lasentinelle.dz\/index.php\/2026\/04\/29\/sahara-occidental-un-juriste-espagnol-demonte-les-manoeuvres-marocaines\/#breadcrumb"},"inLanguage":"fr-FR","potentialAction":[{"@type":"ReadAction","target":["https:\/\/lasentinelle.dz\/index.php\/2026\/04\/29\/sahara-occidental-un-juriste-espagnol-demonte-les-manoeuvres-marocaines\/"]}]},{"@type":"ImageObject","inLanguage":"fr-FR","@id":"https:\/\/lasentinelle.dz\/index.php\/2026\/04\/29\/sahara-occidental-un-juriste-espagnol-demonte-les-manoeuvres-marocaines\/#primaryimage","url":"https:\/\/lasentinelle.dz\/wp-content\/uploads\/2024\/09\/sahara-occidental.jpg","contentUrl":"https:\/\/lasentinelle.dz\/wp-content\/uploads\/2024\/09\/sahara-occidental.jpg","width":580,"height":350},{"@type":"BreadcrumbList","@id":"https:\/\/lasentinelle.dz\/index.php\/2026\/04\/29\/sahara-occidental-un-juriste-espagnol-demonte-les-manoeuvres-marocaines\/#breadcrumb","itemListElement":[{"@type":"ListItem","position":1,"name":"Accueil","item":"https:\/\/lasentinelle.dz\/"},{"@type":"ListItem","position":2,"name":"Sahara occidental\u00a0: Un juriste espagnol d\u00e9monte les man\u0153uvres marocaines"}]},{"@type":"WebSite","@id":"https:\/\/lasentinelle.dz\/#website","url":"https:\/\/lasentinelle.dz\/","name":"La Sentinelle","description":"Quotidien national d&#039;information","publisher":{"@id":"https:\/\/lasentinelle.dz\/#organization"},"potentialAction":[{"@type":"SearchAction","target":{"@type":"EntryPoint","urlTemplate":"https:\/\/lasentinelle.dz\/?s={search_term_string}"},"query-input":{"@type":"PropertyValueSpecification","valueRequired":true,"valueName":"search_term_string"}}],"inLanguage":"fr-FR"},{"@type":"Organization","@id":"https:\/\/lasentinelle.dz\/#organization","name":"Quotidien La Sentinelle","url":"https:\/\/lasentinelle.dz\/","logo":{"@type":"ImageObject","inLanguage":"fr-FR","@id":"https:\/\/lasentinelle.dz\/#\/schema\/logo\/image\/","url":"https:\/\/lasentinelle.dz\/wp-content\/uploads\/2021\/09\/logo-sentinelleSLOGAN-1.png","contentUrl":"https:\/\/lasentinelle.dz\/wp-content\/uploads\/2021\/09\/logo-sentinelleSLOGAN-1.png","width":615,"height":142,"caption":"Quotidien La Sentinelle"},"image":{"@id":"https:\/\/lasentinelle.dz\/#\/schema\/logo\/image\/"},"sameAs":["https:\/\/www.facebook.com\/La-Sentinelle-104059864394773"]},{"@type":"Person","@id":"https:\/\/lasentinelle.dz\/#\/schema\/person\/729ee0024f24e0b8c5ec17232f8e8b41","name":"admin","image":{"@type":"ImageObject","inLanguage":"fr-FR","@id":"https:\/\/secure.gravatar.com\/avatar\/4c81fed838786e9b53f540bf46533e750f5d292099ae3b66cfc6fb1982e29df7?s=96&d=mm&r=g","url":"https:\/\/secure.gravatar.com\/avatar\/4c81fed838786e9b53f540bf46533e750f5d292099ae3b66cfc6fb1982e29df7?s=96&d=mm&r=g","contentUrl":"https:\/\/secure.gravatar.com\/avatar\/4c81fed838786e9b53f540bf46533e750f5d292099ae3b66cfc6fb1982e29df7?s=96&d=mm&r=g","caption":"admin"},"description":"admin","url":"https:\/\/lasentinelle.dz\/author\/admin\/"}]}},"_links":{"self":[{"href":"https:\/\/lasentinelle.dz\/index.php\/wp-json\/wp\/v2\/posts\/86722","targetHints":{"allow":["GET"]}}],"collection":[{"href":"https:\/\/lasentinelle.dz\/index.php\/wp-json\/wp\/v2\/posts"}],"about":[{"href":"https:\/\/lasentinelle.dz\/index.php\/wp-json\/wp\/v2\/types\/post"}],"author":[{"embeddable":true,"href":"https:\/\/lasentinelle.dz\/index.php\/wp-json\/wp\/v2\/users\/6"}],"replies":[{"embeddable":true,"href":"https:\/\/lasentinelle.dz\/index.php\/wp-json\/wp\/v2\/comments?post=86722"}],"version-history":[{"count":1,"href":"https:\/\/lasentinelle.dz\/index.php\/wp-json\/wp\/v2\/posts\/86722\/revisions"}],"predecessor-version":[{"id":86723,"href":"https:\/\/lasentinelle.dz\/index.php\/wp-json\/wp\/v2\/posts\/86722\/revisions\/86723"}],"wp:featuredmedia":[{"embeddable":true,"href":"https:\/\/lasentinelle.dz\/index.php\/wp-json\/wp\/v2\/media\/57408"}],"wp:attachment":[{"href":"https:\/\/lasentinelle.dz\/index.php\/wp-json\/wp\/v2\/media?parent=86722"}],"wp:term":[{"taxonomy":"category","embeddable":true,"href":"https:\/\/lasentinelle.dz\/index.php\/wp-json\/wp\/v2\/categories?post=86722"},{"taxonomy":"post_tag","embeddable":true,"href":"https:\/\/lasentinelle.dz\/index.php\/wp-json\/wp\/v2\/tags?post=86722"}],"curies":[{"name":"wp","href":"https:\/\/api.w.org\/{rel}","templated":true}]}}