{"id":86724,"date":"2026-04-29T18:28:48","date_gmt":"2026-04-29T17:28:48","guid":{"rendered":"https:\/\/lasentinelle.dz\/?p=86724"},"modified":"2026-05-01T18:30:54","modified_gmt":"2026-05-01T17:30:54","slug":"la-colere-monte-face-a-limplantation-coloniale-au-maroc","status":"publish","type":"post","link":"https:\/\/lasentinelle.dz\/index.php\/2026\/04\/29\/la-colere-monte-face-a-limplantation-coloniale-au-maroc\/","title":{"rendered":"La col\u00e8re monte face \u00e0 l\u2019implantation coloniale au Maroc\u00a0!"},"content":{"rendered":"\n<p>Le Maroc ne parle plus seulement de normalisation. Il la subit, dans ses rues, ses mosqu\u00e9es et ses actes notari\u00e9s. Depuis plusieurs semaines, une s\u00e9rie de scandales cons\u00e9cutifs \u2014 accords institutionnels avec des entit\u00e9s isra\u00e9liennes, d\u00e9molitions de quartiers populaires, rites juda\u00efques dans des espaces historiques islamiques \u2014 alimente une col\u00e8re qui monte des parlementaires aux associations, des experts aux simples habitants de Rabat et Casablanca. Face \u00e0 cette avalanche, une question s&rsquo;impose avec une acuit\u00e9 croissante : le Makhzen a-t-il encore le contr\u00f4le de ce qu&rsquo;il a lui-m\u00eame d\u00e9clench\u00e9, ou a-t-il c\u00e9d\u00e9 sa souverainet\u00e9 sans retour possible ?<\/p>\n\n\n\n<p>Le premier signe visible de ce basculement est pass\u00e9 presque inaper\u00e7u dans les chancelleries, mais a fait l&rsquo;effet d&rsquo;une d\u00e9flagration dans les milieux professionnels marocains. L&rsquo;Ordre des notaires du Maroc a sign\u00e9 une convention avec une institution isra\u00e9lienne portant sur les syst\u00e8mes juridiques en vigueur dans le royaume et la mise \u00e0 disposition d&rsquo;informations pr\u00e9cises sur le droit de propri\u00e9t\u00e9. Des rapports m\u00e9diatiques locaux ont r\u00e9v\u00e9l\u00e9 que cet accord permettrait concr\u00e8tement aux ressortissants isra\u00e9liens de \u00ab l\u00e9galiser \u00bb l&rsquo;acquisition de biens immobiliers \u00e0 des prix symboliques, tout en acc\u00e9l\u00e9rant leurs investissements dans les grandes m\u00e9tropoles du pays. Plusieurs experts ont aussit\u00f4t mis en garde contre l&rsquo;instrumentalisation d&rsquo;une profession historiquement garante de la souverainet\u00e9 fonci\u00e8re. Selon eux, l&rsquo;accord ouvre la voie \u00e0 un \u00ab accaparement immobilier \u00bb organis\u00e9, notamment dans des zones strat\u00e9giques comme Rabat et Casablanca, en facilitant l&rsquo;acquisition de terrains et de propri\u00e9t\u00e9s dans le cadre d&rsquo;un projet plus large d&rsquo;implantation isra\u00e9lienne au Maroc. Les opposants \u00e0 la normalisation sont cat\u00e9goriques sur ce point. Une convention liant des professionnels du droit marocains \u00e0 des institutions d&rsquo;une entit\u00e9 qui viole quotidiennement le droit international en Palestine ne peut \u00eatre pr\u00e9sent\u00e9e comme un simple accord technique de coop\u00e9ration. C&rsquo;est une contradiction dans les termes, et beaucoup de juristes marocains le disent maintenant ouvertement.<\/p>\n\n\n\n<p><strong>Les bulldozers \u00e0 l\u2019\u0153uvre<\/strong><\/p>\n\n\n\n<p>Ce volet institutionnel ne constitue pourtant que l&rsquo;une des faces du ph\u00e9nom\u00e8ne. Sur le terrain, dans des quartiers entiers de Casablanca et de Rabat, les bulldozers sont \u00e0 l&rsquo;\u0153uvre depuis plusieurs semaines. Des maisons sont ras\u00e9es, des commerces d\u00e9truits, des familles jet\u00e9es \u00e0 la rue sans relogement ni indemnisation. Un parlementaire marocain a d\u00e9nonc\u00e9 publiquement le \u00ab pillage \u00bb syst\u00e9matique de terres domaniales par une mafia fonci\u00e8re agissant avec la b\u00e9n\u00e9diction des autorit\u00e9s. Selon lui, ces r\u00e9seaux utilisent des titres de propri\u00e9t\u00e9 falsifi\u00e9s, des actes nuls ou irr\u00e9guliers, ainsi que des servitudes immobili\u00e8res fictives pour s&rsquo;approprier des parcelles appartenant \u00e0 l&rsquo;\u00c9tat. Les terrains ainsi lib\u00e9r\u00e9s, selon plusieurs observateurs, sont destin\u00e9s \u00e0 des personnalit\u00e9s proches du pouvoir \u2014 hommes d&rsquo;affaires, acteurs politiques \u2014 et, de plus en plus explicitement, \u00e0 l&rsquo;installation de colons isra\u00e9liens.<\/p>\n\n\n\n<p>Une d\u00e9put\u00e9e marocaine a \u00e9t\u00e9 plus loin encore dans son analyse, d\u00e9crivant ce qui se passe \u00e0 Rabat et Casablanca comme un \u00ab d\u00e9peuplement \u00bb d\u00e9lib\u00e9r\u00e9 des deux capitales administrative et \u00e9conomique du pays. Elle a parl\u00e9, sans d\u00e9tour, d&rsquo;un \u00ab plan diabolique \u00bb d&rsquo;implantation coloniale visant \u00e0 effacer l&rsquo;identit\u00e9 marocaine : destruction de rep\u00e8res patrimoniaux, d\u00e9molition de mosqu\u00e9es, scolarit\u00e9 interrompue de force. Cette m\u00eame parlementaire a \u00e9tabli un lien direct entre la nouvelle loi r\u00e9organisant la profession notariale et ces transformations territoriales profondes, d\u00e9non\u00e7ant le m\u00e9pris affich\u00e9 envers les revendications l\u00e9gitimes d&rsquo;un corps professionnel qui a, historiquement, jou\u00e9 un r\u00f4le central dans la pr\u00e9servation des titres fonciers contre les app\u00e9tits coloniaux. Sa conclusion est sans ambigu\u00eft\u00e9 : les accords de coop\u00e9ration sign\u00e9s entre des ordres professionnels marocains et des institutions isra\u00e9liennes tracent le contour d&rsquo;une nouvelle forme de colonisation immobili\u00e8re, une colonisation par les actes et les registres plut\u00f4t que par les armes.<\/p>\n\n\n\n<p>C&rsquo;est dans ce contexte que plusieurs organisations marocaines de lutte contre la normalisation ont hauss\u00e9 le ton avec une vigueur in\u00e9dite. Le Groupe de travail national pour la Palestine, qui f\u00e9d\u00e8re de nombreuses associations, a mis en garde dans un communiqu\u00e9 contre \u00ab l&rsquo;acc\u00e9l\u00e9ration du rythme de la normalisation makhz\u00e9nienne-sioniste \u00bb, affirmant que \u00ab les sionistes n&rsquo;ont aucune limite dans leurs crimes et leurs ambitions au Maroc et dans toute la r\u00e9gion \u00bb, avant d&rsquo;ajouter que \u00ab nous n&rsquo;avons pas d&rsquo;autre choix que de renverser la normalisation et de prot\u00e9ger le royaume d&rsquo;une entit\u00e9 agressive qui incarne le mal absolu. \u00bb<\/p>\n\n\n\n<p>La m\u00eame organisation a exprim\u00e9 son indignation face \u00e0 une sc\u00e8ne qui a largement circul\u00e9 sur les r\u00e9seaux sociaux : des ressortissants isra\u00e9liens rassembl\u00e9s devant la porte de Bab Doukkala \u00e0 Marrakech, pratiquant des rites \u00e0 voix haute dans un style \u00e9voquant les c\u00e9r\u00e9monies au pied du mur des Lamentations \u00e0 El Qods occu\u00e9pe. L&rsquo;organisation a condamn\u00e9 cette \u00ab provocation d\u00e9lib\u00e9r\u00e9e \u00bb ciblant des lieux saints de l&rsquo;islam, non plus seulement en Palestine mais d\u00e9sormais sur le sol marocain, et a mis en cause la passivit\u00e9 des autorit\u00e9s du Makhzen face \u00e0 ce qu&rsquo;elle a qualifi\u00e9 d&rsquo;atteinte \u00e0 la souverainet\u00e9 nationale. L&rsquo;Observatoire marocain contre la normalisation a, lui, choisi des mots encore plus durs. Dans un communiqu\u00e9, il a d\u00e9clar\u00e9 que les Isra\u00e9liens \u00e9taient pass\u00e9s \u00e0 \u00ab la vitesse sup\u00e9rieure dans l&rsquo;occupation du Maroc \u00bb, pr\u00e9cisant que \u00ab ce qui se passe aujourd&rsquo;hui n&rsquo;est plus une simple infiltration culturelle ou m\u00e9diatique, mais un projet int\u00e9gral visant \u00e0 remodeler la conscience, le symbole et l&rsquo;espace, en pr\u00e9paration de transformations plus profondes qui touchent au c\u0153ur m\u00eame du pays. \u00bb L&rsquo;Observatoire a \u00e9tabli un parall\u00e8le explicite avec ce qui s&rsquo;est produit en Palestine : \u00ab Quand les symboles d&rsquo;un pays sont pris pour cibles, que les significations sont r\u00e9\u00e9crites et que l&rsquo;espace symbolique est redessin\u00e9, nous sommes face \u00e0 un processus qui d\u00e9passe la politique pour toucher \u00e0 l&rsquo;existentiel. \u00bb<\/p>\n\n\n\n<p>Le professeur d&rsquo;universit\u00e9 Yahya El Yahyaoui a lui aussi pris position dans un article que beaucoup ont lu comme un cri d&rsquo;alarme. Selon lui, \u00ab le Maroc est en grand danger, pris en \u00e9tau entre les sionistes de l&rsquo;int\u00e9rieur et ceux de l&rsquo;ext\u00e9rieur. \u00bb Il soutient que les scandales de normalisation qui s&rsquo;accumulent \u00ab ne sont pas des \u00e9v\u00e9nements fortuits, mais un comportement d\u00e9lib\u00e9r\u00e9, r\u00e9fl\u00e9chi et organis\u00e9 \u00bb, et que tout ce processus a \u00ab commenc\u00e9 avec l&rsquo;accord de normalisation avec l&rsquo;entit\u00e9 sioniste et ne s&rsquo;arr\u00eatera pas avec ce qui s&rsquo;est pass\u00e9 \u00e0 Marrakech. \u00bb<\/p>\n\n\n\n<p>Juristes, parlementaires, universitaires, militants le m\u00eame mouvement : une colonisation qui ne d\u00e9file pas sous des drapeaux mais qui avance par les textes de loi, les conventions professionnelles, les actes notari\u00e9s et les d\u00e9molitions nocturnes. Et tous pointent la m\u00eame rupture : un Makhzen qui a choisi son camp et qui, en choisissant, s&rsquo;est \u00e9loign\u00e9 d&rsquo;une rue marocaine dont personne ne peut plus ignorer la col\u00e8re.<\/p>\n\n\n\n<p>Lyes Sa\u00efdi<\/p>\n","protected":false},"excerpt":{"rendered":"<p>Le Maroc ne parle plus seulement de normalisation. Il la subit, dans ses rues, ses mosqu\u00e9es et ses actes notari\u00e9s.<\/p>\n","protected":false},"author":6,"featured_media":86725,"comment_status":"open","ping_status":"closed","sticky":false,"template":"","format":"standard","meta":{"colormag_page_container_layout":"default_layout","colormag_page_sidebar_layout":"default_layout","om_disable_all_campaigns":false,"_monsterinsights_skip_tracking":false,"_monsterinsights_sitenote_active":false,"_monsterinsights_sitenote_note":"","_monsterinsights_sitenote_category":0,"footnotes":"","_wpscppro_dont_share_socialmedia":false,"_wpscppro_custom_social_share_image":0,"_facebook_share_type":"default","_twitter_share_type":"default","_linkedin_share_type":"default","_pinterest_share_type":"default","_linkedin_share_type_page":"","_instagram_share_type":"default","_medium_share_type":"default","_threads_share_type":"default","_google_business_share_type":"default","_selected_social_profile":[],"_wpsp_enable_custom_social_template":false,"_wpsp_social_scheduling":{"enabled":false,"datetime":null,"platforms":[],"status":"template_only","dateOption":"today","timeOption":"now","customDays":"","customHours":"","customDate":"","customTime":"","schedulingType":"absolute"},"_wpsp_active_default_template":true},"categories":[52,37],"tags":[],"class_list":["post-86724","post","type-post","status-publish","format-standard","has-post-thumbnail","hentry","category-a-la-une","category-monde"],"aioseo_notices":[],"yoast_head":"<!-- This site is optimized with the Yoast SEO plugin v27.5 - https:\/\/yoast.com\/product\/yoast-seo-wordpress\/ -->\n<title>La col\u00e8re monte face \u00e0 l\u2019implantation coloniale au Maroc\u00a0! - La Sentinelle<\/title>\n<meta name=\"robots\" content=\"index, follow, max-snippet:-1, max-image-preview:large, max-video-preview:-1\" \/>\n<link rel=\"canonical\" href=\"https:\/\/lasentinelle.dz\/index.php\/2026\/04\/29\/la-colere-monte-face-a-limplantation-coloniale-au-maroc\/\" \/>\n<meta property=\"og:locale\" content=\"fr_FR\" \/>\n<meta property=\"og:type\" content=\"article\" \/>\n<meta property=\"og:title\" content=\"La col\u00e8re monte face \u00e0 l\u2019implantation coloniale au Maroc\u00a0! - La Sentinelle\" \/>\n<meta property=\"og:description\" content=\"Le Maroc ne parle plus seulement de normalisation. Il la subit, dans ses rues, ses mosqu\u00e9es et ses actes notari\u00e9s.\" \/>\n<meta property=\"og:url\" content=\"https:\/\/lasentinelle.dz\/index.php\/2026\/04\/29\/la-colere-monte-face-a-limplantation-coloniale-au-maroc\/\" \/>\n<meta property=\"og:site_name\" content=\"La Sentinelle\" \/>\n<meta property=\"article:publisher\" content=\"https:\/\/www.facebook.com\/La-Sentinelle-104059864394773\" \/>\n<meta property=\"article:published_time\" content=\"2026-04-29T17:28:48+00:00\" \/>\n<meta property=\"article:modified_time\" content=\"2026-05-01T17:30:54+00:00\" \/>\n<meta property=\"og:image\" content=\"https:\/\/lasentinelle.dz\/wp-content\/uploads\/2026\/05\/marrakech.png\" \/>\n\t<meta property=\"og:image:width\" content=\"793\" \/>\n\t<meta property=\"og:image:height\" content=\"408\" \/>\n\t<meta property=\"og:image:type\" content=\"image\/png\" \/>\n<meta name=\"author\" content=\"admin\" \/>\n<meta name=\"twitter:card\" content=\"summary_large_image\" \/>\n<meta name=\"twitter:label1\" content=\"\u00c9crit par\" \/>\n\t<meta name=\"twitter:data1\" content=\"admin\" \/>\n\t<meta name=\"twitter:label2\" content=\"Dur\u00e9e de lecture estim\u00e9e\" \/>\n\t<meta name=\"twitter:data2\" content=\"6 minutes\" \/>\n<script type=\"application\/ld+json\" class=\"yoast-schema-graph\">{\"@context\":\"https:\\\/\\\/schema.org\",\"@graph\":[{\"@type\":\"Article\",\"@id\":\"https:\\\/\\\/lasentinelle.dz\\\/index.php\\\/2026\\\/04\\\/29\\\/la-colere-monte-face-a-limplantation-coloniale-au-maroc\\\/#article\",\"isPartOf\":{\"@id\":\"https:\\\/\\\/lasentinelle.dz\\\/index.php\\\/2026\\\/04\\\/29\\\/la-colere-monte-face-a-limplantation-coloniale-au-maroc\\\/\"},\"author\":{\"name\":\"admin\",\"@id\":\"https:\\\/\\\/lasentinelle.dz\\\/#\\\/schema\\\/person\\\/729ee0024f24e0b8c5ec17232f8e8b41\"},\"headline\":\"La col\u00e8re monte face \u00e0 l\u2019implantation coloniale au Maroc\u00a0!\",\"datePublished\":\"2026-04-29T17:28:48+00:00\",\"dateModified\":\"2026-05-01T17:30:54+00:00\",\"mainEntityOfPage\":{\"@id\":\"https:\\\/\\\/lasentinelle.dz\\\/index.php\\\/2026\\\/04\\\/29\\\/la-colere-monte-face-a-limplantation-coloniale-au-maroc\\\/\"},\"wordCount\":1228,\"commentCount\":0,\"publisher\":{\"@id\":\"https:\\\/\\\/lasentinelle.dz\\\/#organization\"},\"image\":{\"@id\":\"https:\\\/\\\/lasentinelle.dz\\\/index.php\\\/2026\\\/04\\\/29\\\/la-colere-monte-face-a-limplantation-coloniale-au-maroc\\\/#primaryimage\"},\"thumbnailUrl\":\"https:\\\/\\\/lasentinelle.dz\\\/wp-content\\\/uploads\\\/2026\\\/05\\\/marrakech.png\",\"articleSection\":[\"\u00c0 la Une\",\"Monde\"],\"inLanguage\":\"fr-FR\",\"potentialAction\":[{\"@type\":\"CommentAction\",\"name\":\"Comment\",\"target\":[\"https:\\\/\\\/lasentinelle.dz\\\/index.php\\\/2026\\\/04\\\/29\\\/la-colere-monte-face-a-limplantation-coloniale-au-maroc\\\/#respond\"]}]},{\"@type\":\"WebPage\",\"@id\":\"https:\\\/\\\/lasentinelle.dz\\\/index.php\\\/2026\\\/04\\\/29\\\/la-colere-monte-face-a-limplantation-coloniale-au-maroc\\\/\",\"url\":\"https:\\\/\\\/lasentinelle.dz\\\/index.php\\\/2026\\\/04\\\/29\\\/la-colere-monte-face-a-limplantation-coloniale-au-maroc\\\/\",\"name\":\"La col\u00e8re monte face \u00e0 l\u2019implantation coloniale au Maroc\u00a0! - La Sentinelle\",\"isPartOf\":{\"@id\":\"https:\\\/\\\/lasentinelle.dz\\\/#website\"},\"primaryImageOfPage\":{\"@id\":\"https:\\\/\\\/lasentinelle.dz\\\/index.php\\\/2026\\\/04\\\/29\\\/la-colere-monte-face-a-limplantation-coloniale-au-maroc\\\/#primaryimage\"},\"image\":{\"@id\":\"https:\\\/\\\/lasentinelle.dz\\\/index.php\\\/2026\\\/04\\\/29\\\/la-colere-monte-face-a-limplantation-coloniale-au-maroc\\\/#primaryimage\"},\"thumbnailUrl\":\"https:\\\/\\\/lasentinelle.dz\\\/wp-content\\\/uploads\\\/2026\\\/05\\\/marrakech.png\",\"datePublished\":\"2026-04-29T17:28:48+00:00\",\"dateModified\":\"2026-05-01T17:30:54+00:00\",\"breadcrumb\":{\"@id\":\"https:\\\/\\\/lasentinelle.dz\\\/index.php\\\/2026\\\/04\\\/29\\\/la-colere-monte-face-a-limplantation-coloniale-au-maroc\\\/#breadcrumb\"},\"inLanguage\":\"fr-FR\",\"potentialAction\":[{\"@type\":\"ReadAction\",\"target\":[\"https:\\\/\\\/lasentinelle.dz\\\/index.php\\\/2026\\\/04\\\/29\\\/la-colere-monte-face-a-limplantation-coloniale-au-maroc\\\/\"]}]},{\"@type\":\"ImageObject\",\"inLanguage\":\"fr-FR\",\"@id\":\"https:\\\/\\\/lasentinelle.dz\\\/index.php\\\/2026\\\/04\\\/29\\\/la-colere-monte-face-a-limplantation-coloniale-au-maroc\\\/#primaryimage\",\"url\":\"https:\\\/\\\/lasentinelle.dz\\\/wp-content\\\/uploads\\\/2026\\\/05\\\/marrakech.png\",\"contentUrl\":\"https:\\\/\\\/lasentinelle.dz\\\/wp-content\\\/uploads\\\/2026\\\/05\\\/marrakech.png\",\"width\":793,\"height\":408},{\"@type\":\"BreadcrumbList\",\"@id\":\"https:\\\/\\\/lasentinelle.dz\\\/index.php\\\/2026\\\/04\\\/29\\\/la-colere-monte-face-a-limplantation-coloniale-au-maroc\\\/#breadcrumb\",\"itemListElement\":[{\"@type\":\"ListItem\",\"position\":1,\"name\":\"Accueil\",\"item\":\"https:\\\/\\\/lasentinelle.dz\\\/\"},{\"@type\":\"ListItem\",\"position\":2,\"name\":\"La col\u00e8re monte face \u00e0 l\u2019implantation coloniale au Maroc\u00a0!\"}]},{\"@type\":\"WebSite\",\"@id\":\"https:\\\/\\\/lasentinelle.dz\\\/#website\",\"url\":\"https:\\\/\\\/lasentinelle.dz\\\/\",\"name\":\"La Sentinelle\",\"description\":\"Quotidien national d&#039;information\",\"publisher\":{\"@id\":\"https:\\\/\\\/lasentinelle.dz\\\/#organization\"},\"potentialAction\":[{\"@type\":\"SearchAction\",\"target\":{\"@type\":\"EntryPoint\",\"urlTemplate\":\"https:\\\/\\\/lasentinelle.dz\\\/?s={search_term_string}\"},\"query-input\":{\"@type\":\"PropertyValueSpecification\",\"valueRequired\":true,\"valueName\":\"search_term_string\"}}],\"inLanguage\":\"fr-FR\"},{\"@type\":\"Organization\",\"@id\":\"https:\\\/\\\/lasentinelle.dz\\\/#organization\",\"name\":\"Quotidien La Sentinelle\",\"url\":\"https:\\\/\\\/lasentinelle.dz\\\/\",\"logo\":{\"@type\":\"ImageObject\",\"inLanguage\":\"fr-FR\",\"@id\":\"https:\\\/\\\/lasentinelle.dz\\\/#\\\/schema\\\/logo\\\/image\\\/\",\"url\":\"https:\\\/\\\/lasentinelle.dz\\\/wp-content\\\/uploads\\\/2021\\\/09\\\/logo-sentinelleSLOGAN-1.png\",\"contentUrl\":\"https:\\\/\\\/lasentinelle.dz\\\/wp-content\\\/uploads\\\/2021\\\/09\\\/logo-sentinelleSLOGAN-1.png\",\"width\":615,\"height\":142,\"caption\":\"Quotidien La Sentinelle\"},\"image\":{\"@id\":\"https:\\\/\\\/lasentinelle.dz\\\/#\\\/schema\\\/logo\\\/image\\\/\"},\"sameAs\":[\"https:\\\/\\\/www.facebook.com\\\/La-Sentinelle-104059864394773\"]},{\"@type\":\"Person\",\"@id\":\"https:\\\/\\\/lasentinelle.dz\\\/#\\\/schema\\\/person\\\/729ee0024f24e0b8c5ec17232f8e8b41\",\"name\":\"admin\",\"image\":{\"@type\":\"ImageObject\",\"inLanguage\":\"fr-FR\",\"@id\":\"https:\\\/\\\/secure.gravatar.com\\\/avatar\\\/4c81fed838786e9b53f540bf46533e750f5d292099ae3b66cfc6fb1982e29df7?s=96&d=mm&r=g\",\"url\":\"https:\\\/\\\/secure.gravatar.com\\\/avatar\\\/4c81fed838786e9b53f540bf46533e750f5d292099ae3b66cfc6fb1982e29df7?s=96&d=mm&r=g\",\"contentUrl\":\"https:\\\/\\\/secure.gravatar.com\\\/avatar\\\/4c81fed838786e9b53f540bf46533e750f5d292099ae3b66cfc6fb1982e29df7?s=96&d=mm&r=g\",\"caption\":\"admin\"},\"description\":\"admin\",\"url\":\"https:\\\/\\\/lasentinelle.dz\\\/author\\\/admin\\\/\"}]}<\/script>\n<!-- \/ Yoast SEO plugin. -->","yoast_head_json":{"title":"La col\u00e8re monte face \u00e0 l\u2019implantation coloniale au Maroc\u00a0! - La Sentinelle","robots":{"index":"index","follow":"follow","max-snippet":"max-snippet:-1","max-image-preview":"max-image-preview:large","max-video-preview":"max-video-preview:-1"},"canonical":"https:\/\/lasentinelle.dz\/index.php\/2026\/04\/29\/la-colere-monte-face-a-limplantation-coloniale-au-maroc\/","og_locale":"fr_FR","og_type":"article","og_title":"La col\u00e8re monte face \u00e0 l\u2019implantation coloniale au Maroc\u00a0! - La Sentinelle","og_description":"Le Maroc ne parle plus seulement de normalisation. Il la subit, dans ses rues, ses mosqu\u00e9es et ses actes notari\u00e9s.","og_url":"https:\/\/lasentinelle.dz\/index.php\/2026\/04\/29\/la-colere-monte-face-a-limplantation-coloniale-au-maroc\/","og_site_name":"La Sentinelle","article_publisher":"https:\/\/www.facebook.com\/La-Sentinelle-104059864394773","article_published_time":"2026-04-29T17:28:48+00:00","article_modified_time":"2026-05-01T17:30:54+00:00","og_image":[{"width":793,"height":408,"url":"https:\/\/lasentinelle.dz\/wp-content\/uploads\/2026\/05\/marrakech.png","type":"image\/png"}],"author":"admin","twitter_card":"summary_large_image","twitter_misc":{"\u00c9crit par":"admin","Dur\u00e9e de lecture estim\u00e9e":"6 minutes"},"schema":{"@context":"https:\/\/schema.org","@graph":[{"@type":"Article","@id":"https:\/\/lasentinelle.dz\/index.php\/2026\/04\/29\/la-colere-monte-face-a-limplantation-coloniale-au-maroc\/#article","isPartOf":{"@id":"https:\/\/lasentinelle.dz\/index.php\/2026\/04\/29\/la-colere-monte-face-a-limplantation-coloniale-au-maroc\/"},"author":{"name":"admin","@id":"https:\/\/lasentinelle.dz\/#\/schema\/person\/729ee0024f24e0b8c5ec17232f8e8b41"},"headline":"La col\u00e8re monte face \u00e0 l\u2019implantation coloniale au Maroc\u00a0!","datePublished":"2026-04-29T17:28:48+00:00","dateModified":"2026-05-01T17:30:54+00:00","mainEntityOfPage":{"@id":"https:\/\/lasentinelle.dz\/index.php\/2026\/04\/29\/la-colere-monte-face-a-limplantation-coloniale-au-maroc\/"},"wordCount":1228,"commentCount":0,"publisher":{"@id":"https:\/\/lasentinelle.dz\/#organization"},"image":{"@id":"https:\/\/lasentinelle.dz\/index.php\/2026\/04\/29\/la-colere-monte-face-a-limplantation-coloniale-au-maroc\/#primaryimage"},"thumbnailUrl":"https:\/\/lasentinelle.dz\/wp-content\/uploads\/2026\/05\/marrakech.png","articleSection":["\u00c0 la Une","Monde"],"inLanguage":"fr-FR","potentialAction":[{"@type":"CommentAction","name":"Comment","target":["https:\/\/lasentinelle.dz\/index.php\/2026\/04\/29\/la-colere-monte-face-a-limplantation-coloniale-au-maroc\/#respond"]}]},{"@type":"WebPage","@id":"https:\/\/lasentinelle.dz\/index.php\/2026\/04\/29\/la-colere-monte-face-a-limplantation-coloniale-au-maroc\/","url":"https:\/\/lasentinelle.dz\/index.php\/2026\/04\/29\/la-colere-monte-face-a-limplantation-coloniale-au-maroc\/","name":"La col\u00e8re monte face \u00e0 l\u2019implantation coloniale au Maroc\u00a0! - La Sentinelle","isPartOf":{"@id":"https:\/\/lasentinelle.dz\/#website"},"primaryImageOfPage":{"@id":"https:\/\/lasentinelle.dz\/index.php\/2026\/04\/29\/la-colere-monte-face-a-limplantation-coloniale-au-maroc\/#primaryimage"},"image":{"@id":"https:\/\/lasentinelle.dz\/index.php\/2026\/04\/29\/la-colere-monte-face-a-limplantation-coloniale-au-maroc\/#primaryimage"},"thumbnailUrl":"https:\/\/lasentinelle.dz\/wp-content\/uploads\/2026\/05\/marrakech.png","datePublished":"2026-04-29T17:28:48+00:00","dateModified":"2026-05-01T17:30:54+00:00","breadcrumb":{"@id":"https:\/\/lasentinelle.dz\/index.php\/2026\/04\/29\/la-colere-monte-face-a-limplantation-coloniale-au-maroc\/#breadcrumb"},"inLanguage":"fr-FR","potentialAction":[{"@type":"ReadAction","target":["https:\/\/lasentinelle.dz\/index.php\/2026\/04\/29\/la-colere-monte-face-a-limplantation-coloniale-au-maroc\/"]}]},{"@type":"ImageObject","inLanguage":"fr-FR","@id":"https:\/\/lasentinelle.dz\/index.php\/2026\/04\/29\/la-colere-monte-face-a-limplantation-coloniale-au-maroc\/#primaryimage","url":"https:\/\/lasentinelle.dz\/wp-content\/uploads\/2026\/05\/marrakech.png","contentUrl":"https:\/\/lasentinelle.dz\/wp-content\/uploads\/2026\/05\/marrakech.png","width":793,"height":408},{"@type":"BreadcrumbList","@id":"https:\/\/lasentinelle.dz\/index.php\/2026\/04\/29\/la-colere-monte-face-a-limplantation-coloniale-au-maroc\/#breadcrumb","itemListElement":[{"@type":"ListItem","position":1,"name":"Accueil","item":"https:\/\/lasentinelle.dz\/"},{"@type":"ListItem","position":2,"name":"La col\u00e8re monte face \u00e0 l\u2019implantation coloniale au Maroc\u00a0!"}]},{"@type":"WebSite","@id":"https:\/\/lasentinelle.dz\/#website","url":"https:\/\/lasentinelle.dz\/","name":"La Sentinelle","description":"Quotidien national d&#039;information","publisher":{"@id":"https:\/\/lasentinelle.dz\/#organization"},"potentialAction":[{"@type":"SearchAction","target":{"@type":"EntryPoint","urlTemplate":"https:\/\/lasentinelle.dz\/?s={search_term_string}"},"query-input":{"@type":"PropertyValueSpecification","valueRequired":true,"valueName":"search_term_string"}}],"inLanguage":"fr-FR"},{"@type":"Organization","@id":"https:\/\/lasentinelle.dz\/#organization","name":"Quotidien La Sentinelle","url":"https:\/\/lasentinelle.dz\/","logo":{"@type":"ImageObject","inLanguage":"fr-FR","@id":"https:\/\/lasentinelle.dz\/#\/schema\/logo\/image\/","url":"https:\/\/lasentinelle.dz\/wp-content\/uploads\/2021\/09\/logo-sentinelleSLOGAN-1.png","contentUrl":"https:\/\/lasentinelle.dz\/wp-content\/uploads\/2021\/09\/logo-sentinelleSLOGAN-1.png","width":615,"height":142,"caption":"Quotidien La Sentinelle"},"image":{"@id":"https:\/\/lasentinelle.dz\/#\/schema\/logo\/image\/"},"sameAs":["https:\/\/www.facebook.com\/La-Sentinelle-104059864394773"]},{"@type":"Person","@id":"https:\/\/lasentinelle.dz\/#\/schema\/person\/729ee0024f24e0b8c5ec17232f8e8b41","name":"admin","image":{"@type":"ImageObject","inLanguage":"fr-FR","@id":"https:\/\/secure.gravatar.com\/avatar\/4c81fed838786e9b53f540bf46533e750f5d292099ae3b66cfc6fb1982e29df7?s=96&d=mm&r=g","url":"https:\/\/secure.gravatar.com\/avatar\/4c81fed838786e9b53f540bf46533e750f5d292099ae3b66cfc6fb1982e29df7?s=96&d=mm&r=g","contentUrl":"https:\/\/secure.gravatar.com\/avatar\/4c81fed838786e9b53f540bf46533e750f5d292099ae3b66cfc6fb1982e29df7?s=96&d=mm&r=g","caption":"admin"},"description":"admin","url":"https:\/\/lasentinelle.dz\/author\/admin\/"}]}},"_links":{"self":[{"href":"https:\/\/lasentinelle.dz\/index.php\/wp-json\/wp\/v2\/posts\/86724","targetHints":{"allow":["GET"]}}],"collection":[{"href":"https:\/\/lasentinelle.dz\/index.php\/wp-json\/wp\/v2\/posts"}],"about":[{"href":"https:\/\/lasentinelle.dz\/index.php\/wp-json\/wp\/v2\/types\/post"}],"author":[{"embeddable":true,"href":"https:\/\/lasentinelle.dz\/index.php\/wp-json\/wp\/v2\/users\/6"}],"replies":[{"embeddable":true,"href":"https:\/\/lasentinelle.dz\/index.php\/wp-json\/wp\/v2\/comments?post=86724"}],"version-history":[{"count":1,"href":"https:\/\/lasentinelle.dz\/index.php\/wp-json\/wp\/v2\/posts\/86724\/revisions"}],"predecessor-version":[{"id":86726,"href":"https:\/\/lasentinelle.dz\/index.php\/wp-json\/wp\/v2\/posts\/86724\/revisions\/86726"}],"wp:featuredmedia":[{"embeddable":true,"href":"https:\/\/lasentinelle.dz\/index.php\/wp-json\/wp\/v2\/media\/86725"}],"wp:attachment":[{"href":"https:\/\/lasentinelle.dz\/index.php\/wp-json\/wp\/v2\/media?parent=86724"}],"wp:term":[{"taxonomy":"category","embeddable":true,"href":"https:\/\/lasentinelle.dz\/index.php\/wp-json\/wp\/v2\/categories?post=86724"},{"taxonomy":"post_tag","embeddable":true,"href":"https:\/\/lasentinelle.dz\/index.php\/wp-json\/wp\/v2\/tags?post=86724"}],"curies":[{"name":"wp","href":"https:\/\/api.w.org\/{rel}","templated":true}]}}