{"id":86727,"date":"2026-04-29T18:31:02","date_gmt":"2026-04-29T17:31:02","guid":{"rendered":"https:\/\/lasentinelle.dz\/?p=86727"},"modified":"2026-05-01T18:32:43","modified_gmt":"2026-05-01T17:32:43","slug":"le-fisahara-ouvre-sa-19e-edition-sous-le-signe-du-retour-a-la-terre","status":"publish","type":"post","link":"https:\/\/lasentinelle.dz\/index.php\/2026\/04\/29\/le-fisahara-ouvre-sa-19e-edition-sous-le-signe-du-retour-a-la-terre\/","title":{"rendered":"Le FiSahara ouvre sa 19e \u00e9dition\u00a0: Sous le signe du retour \u00e0 la terre"},"content":{"rendered":"\n<p>C&rsquo;est dans les camps de r\u00e9fugi\u00e9s sahraouis de la wilaya d&rsquo;Aousserd qu&rsquo;a retenti, mardi soir, le coup d&rsquo;envoi de la 19e \u00e9dition du Festival international du cin\u00e9ma au Sahara occidental, le FiSahara. Sous le slogan \u00ab En marche vers notre terre \u00bb, plus de 288 participants venus de 24 pays ont converg\u00e9 pour faire du cin\u00e9ma un acte de r\u00e9sistance culturelle et un geste de solidarit\u00e9 internationale. La c\u00e9r\u00e9monie d&rsquo;ouverture a \u00e9t\u00e9 pr\u00e9sid\u00e9e par Brahim Ghali, pr\u00e9sident de la R\u00e9publique sahraouie et secr\u00e9taire g\u00e9n\u00e9ral du Front Polisario, accompagn\u00e9 du Premier ministre Bouchraya Hammoudi Bayoun et de plusieurs membres du gouvernement sahraoui. La pr\u00e9sence \u00e0 leurs c\u00f4t\u00e9s de d\u00e9l\u00e9gations de 24 nationalit\u00e9s a conf\u00e9r\u00e9 \u00e0 cette \u00e9dition une dimension politique et symbolique que le slogan choisi r\u00e9sume \u00e0 lui seul : un peuple qui refuse que son combat disparaisse des \u00e9crans du monde.<\/p>\n\n\n\n<p>Le festival, qui se prolonge jusqu&rsquo;au 3 mai, propose un programme construit autour de plusieurs axes. Les projections de films \u2014 sign\u00e9s par des cin\u00e9astes sahraouis aussi bien qu&rsquo;\u00e9trangers \u2014 constituent le c\u0153ur du dispositif, auxquelles s&rsquo;ajoutent des ateliers de formation, des conf\u00e9rences sur le cin\u00e9ma et les droits de l&rsquo;homme, ainsi que des expositions artistiques. En parall\u00e8le se tient le Festival r\u00e9gional de la culture et des arts populaires, qui ancre la manifestation dans les traditions vivantes des camps. Une rencontre d&rsquo;information a par ailleurs r\u00e9uni les d\u00e9l\u00e9gations participantes d\u00e8s l&rsquo;ouverture pour leur pr\u00e9senter le programme et ses principaux axes.<\/p>\n\n\n\n<p>Ce rendez-vous annuel, n\u00e9 il y a pr\u00e8s de deux d\u00e9cennies, reste l&rsquo;un des rares festivals au monde \u00e0 se tenir dans un camp de r\u00e9fugi\u00e9s. Son existence m\u00eame est un pied de nez \u00e0 l&rsquo;oubli.<\/p>\n\n\n\n<p>M.S.<\/p>\n","protected":false},"excerpt":{"rendered":"<p>C&rsquo;est dans les camps de r\u00e9fugi\u00e9s sahraouis de la wilaya d&rsquo;Aousserd qu&rsquo;a retenti, mardi soir, le coup d&rsquo;envoi de la<\/p>\n","protected":false},"author":6,"featured_media":86728,"comment_status":"open","ping_status":"closed","sticky":false,"template":"","format":"standard","meta":{"colormag_page_container_layout":"default_layout","colormag_page_sidebar_layout":"default_layout","om_disable_all_campaigns":false,"_monsterinsights_skip_tracking":false,"_monsterinsights_sitenote_active":false,"_monsterinsights_sitenote_note":"","_monsterinsights_sitenote_category":0,"footnotes":"","_wpscppro_dont_share_socialmedia":false,"_wpscppro_custom_social_share_image":0,"_facebook_share_type":"default","_twitter_share_type":"default","_linkedin_share_type":"default","_pinterest_share_type":"default","_linkedin_share_type_page":"","_instagram_share_type":"default","_medium_share_type":"default","_threads_share_type":"default","_google_business_share_type":"default","_selected_social_profile":[],"_wpsp_enable_custom_social_template":false,"_wpsp_social_scheduling":{"enabled":false,"datetime":null,"platforms":[],"status":"template_only","dateOption":"today","timeOption":"now","customDays":"","customHours":"","customDate":"","customTime":"","schedulingType":"absolute"},"_wpsp_active_default_template":true},"categories":[36],"tags":[],"class_list":["post-86727","post","type-post","status-publish","format-standard","has-post-thumbnail","hentry","category-culture"],"aioseo_notices":[],"yoast_head":"<!-- This site is optimized with the Yoast SEO plugin v27.5 - https:\/\/yoast.com\/product\/yoast-seo-wordpress\/ -->\n<title>Le FiSahara ouvre sa 19e \u00e9dition\u00a0: Sous le signe du retour \u00e0 la terre - La Sentinelle<\/title>\n<meta name=\"robots\" content=\"index, follow, max-snippet:-1, max-image-preview:large, max-video-preview:-1\" \/>\n<link rel=\"canonical\" href=\"https:\/\/lasentinelle.dz\/index.php\/2026\/04\/29\/le-fisahara-ouvre-sa-19e-edition-sous-le-signe-du-retour-a-la-terre\/\" \/>\n<meta property=\"og:locale\" content=\"fr_FR\" \/>\n<meta property=\"og:type\" content=\"article\" \/>\n<meta property=\"og:title\" content=\"Le FiSahara ouvre sa 19e \u00e9dition\u00a0: Sous le signe du retour \u00e0 la terre - La Sentinelle\" \/>\n<meta property=\"og:description\" content=\"C&rsquo;est dans les camps de r\u00e9fugi\u00e9s sahraouis de la wilaya d&rsquo;Aousserd qu&rsquo;a retenti, mardi soir, le coup d&rsquo;envoi de la\" \/>\n<meta property=\"og:url\" content=\"https:\/\/lasentinelle.dz\/index.php\/2026\/04\/29\/le-fisahara-ouvre-sa-19e-edition-sous-le-signe-du-retour-a-la-terre\/\" \/>\n<meta property=\"og:site_name\" content=\"La Sentinelle\" \/>\n<meta property=\"article:publisher\" content=\"https:\/\/www.facebook.com\/La-Sentinelle-104059864394773\" \/>\n<meta property=\"article:published_time\" content=\"2026-04-29T17:31:02+00:00\" \/>\n<meta property=\"article:modified_time\" content=\"2026-05-01T17:32:43+00:00\" \/>\n<meta property=\"og:image\" content=\"https:\/\/lasentinelle.dz\/wp-content\/uploads\/2026\/05\/fishsahara.jpg\" \/>\n\t<meta property=\"og:image:width\" content=\"580\" \/>\n\t<meta property=\"og:image:height\" content=\"350\" \/>\n\t<meta property=\"og:image:type\" content=\"image\/jpeg\" \/>\n<meta name=\"author\" content=\"admin\" \/>\n<meta name=\"twitter:card\" content=\"summary_large_image\" \/>\n<meta name=\"twitter:label1\" content=\"\u00c9crit par\" \/>\n\t<meta name=\"twitter:data1\" content=\"admin\" \/>\n\t<meta name=\"twitter:label2\" content=\"Dur\u00e9e de lecture estim\u00e9e\" \/>\n\t<meta name=\"twitter:data2\" content=\"2 minutes\" \/>\n<script type=\"application\/ld+json\" class=\"yoast-schema-graph\">{\"@context\":\"https:\\\/\\\/schema.org\",\"@graph\":[{\"@type\":\"Article\",\"@id\":\"https:\\\/\\\/lasentinelle.dz\\\/index.php\\\/2026\\\/04\\\/29\\\/le-fisahara-ouvre-sa-19e-edition-sous-le-signe-du-retour-a-la-terre\\\/#article\",\"isPartOf\":{\"@id\":\"https:\\\/\\\/lasentinelle.dz\\\/index.php\\\/2026\\\/04\\\/29\\\/le-fisahara-ouvre-sa-19e-edition-sous-le-signe-du-retour-a-la-terre\\\/\"},\"author\":{\"name\":\"admin\",\"@id\":\"https:\\\/\\\/lasentinelle.dz\\\/#\\\/schema\\\/person\\\/729ee0024f24e0b8c5ec17232f8e8b41\"},\"headline\":\"Le FiSahara ouvre sa 19e \u00e9dition\u00a0: Sous le signe du retour \u00e0 la terre\",\"datePublished\":\"2026-04-29T17:31:02+00:00\",\"dateModified\":\"2026-05-01T17:32:43+00:00\",\"mainEntityOfPage\":{\"@id\":\"https:\\\/\\\/lasentinelle.dz\\\/index.php\\\/2026\\\/04\\\/29\\\/le-fisahara-ouvre-sa-19e-edition-sous-le-signe-du-retour-a-la-terre\\\/\"},\"wordCount\":332,\"commentCount\":0,\"publisher\":{\"@id\":\"https:\\\/\\\/lasentinelle.dz\\\/#organization\"},\"image\":{\"@id\":\"https:\\\/\\\/lasentinelle.dz\\\/index.php\\\/2026\\\/04\\\/29\\\/le-fisahara-ouvre-sa-19e-edition-sous-le-signe-du-retour-a-la-terre\\\/#primaryimage\"},\"thumbnailUrl\":\"https:\\\/\\\/lasentinelle.dz\\\/wp-content\\\/uploads\\\/2026\\\/05\\\/fishsahara.jpg\",\"articleSection\":[\"Culture\"],\"inLanguage\":\"fr-FR\",\"potentialAction\":[{\"@type\":\"CommentAction\",\"name\":\"Comment\",\"target\":[\"https:\\\/\\\/lasentinelle.dz\\\/index.php\\\/2026\\\/04\\\/29\\\/le-fisahara-ouvre-sa-19e-edition-sous-le-signe-du-retour-a-la-terre\\\/#respond\"]}]},{\"@type\":\"WebPage\",\"@id\":\"https:\\\/\\\/lasentinelle.dz\\\/index.php\\\/2026\\\/04\\\/29\\\/le-fisahara-ouvre-sa-19e-edition-sous-le-signe-du-retour-a-la-terre\\\/\",\"url\":\"https:\\\/\\\/lasentinelle.dz\\\/index.php\\\/2026\\\/04\\\/29\\\/le-fisahara-ouvre-sa-19e-edition-sous-le-signe-du-retour-a-la-terre\\\/\",\"name\":\"Le FiSahara ouvre sa 19e \u00e9dition\u00a0: Sous le signe du retour \u00e0 la terre - La Sentinelle\",\"isPartOf\":{\"@id\":\"https:\\\/\\\/lasentinelle.dz\\\/#website\"},\"primaryImageOfPage\":{\"@id\":\"https:\\\/\\\/lasentinelle.dz\\\/index.php\\\/2026\\\/04\\\/29\\\/le-fisahara-ouvre-sa-19e-edition-sous-le-signe-du-retour-a-la-terre\\\/#primaryimage\"},\"image\":{\"@id\":\"https:\\\/\\\/lasentinelle.dz\\\/index.php\\\/2026\\\/04\\\/29\\\/le-fisahara-ouvre-sa-19e-edition-sous-le-signe-du-retour-a-la-terre\\\/#primaryimage\"},\"thumbnailUrl\":\"https:\\\/\\\/lasentinelle.dz\\\/wp-content\\\/uploads\\\/2026\\\/05\\\/fishsahara.jpg\",\"datePublished\":\"2026-04-29T17:31:02+00:00\",\"dateModified\":\"2026-05-01T17:32:43+00:00\",\"breadcrumb\":{\"@id\":\"https:\\\/\\\/lasentinelle.dz\\\/index.php\\\/2026\\\/04\\\/29\\\/le-fisahara-ouvre-sa-19e-edition-sous-le-signe-du-retour-a-la-terre\\\/#breadcrumb\"},\"inLanguage\":\"fr-FR\",\"potentialAction\":[{\"@type\":\"ReadAction\",\"target\":[\"https:\\\/\\\/lasentinelle.dz\\\/index.php\\\/2026\\\/04\\\/29\\\/le-fisahara-ouvre-sa-19e-edition-sous-le-signe-du-retour-a-la-terre\\\/\"]}]},{\"@type\":\"ImageObject\",\"inLanguage\":\"fr-FR\",\"@id\":\"https:\\\/\\\/lasentinelle.dz\\\/index.php\\\/2026\\\/04\\\/29\\\/le-fisahara-ouvre-sa-19e-edition-sous-le-signe-du-retour-a-la-terre\\\/#primaryimage\",\"url\":\"https:\\\/\\\/lasentinelle.dz\\\/wp-content\\\/uploads\\\/2026\\\/05\\\/fishsahara.jpg\",\"contentUrl\":\"https:\\\/\\\/lasentinelle.dz\\\/wp-content\\\/uploads\\\/2026\\\/05\\\/fishsahara.jpg\",\"width\":580,\"height\":350},{\"@type\":\"BreadcrumbList\",\"@id\":\"https:\\\/\\\/lasentinelle.dz\\\/index.php\\\/2026\\\/04\\\/29\\\/le-fisahara-ouvre-sa-19e-edition-sous-le-signe-du-retour-a-la-terre\\\/#breadcrumb\",\"itemListElement\":[{\"@type\":\"ListItem\",\"position\":1,\"name\":\"Accueil\",\"item\":\"https:\\\/\\\/lasentinelle.dz\\\/\"},{\"@type\":\"ListItem\",\"position\":2,\"name\":\"Le FiSahara ouvre sa 19e \u00e9dition\u00a0: Sous le signe du retour \u00e0 la terre\"}]},{\"@type\":\"WebSite\",\"@id\":\"https:\\\/\\\/lasentinelle.dz\\\/#website\",\"url\":\"https:\\\/\\\/lasentinelle.dz\\\/\",\"name\":\"La Sentinelle\",\"description\":\"Quotidien national d&#039;information\",\"publisher\":{\"@id\":\"https:\\\/\\\/lasentinelle.dz\\\/#organization\"},\"potentialAction\":[{\"@type\":\"SearchAction\",\"target\":{\"@type\":\"EntryPoint\",\"urlTemplate\":\"https:\\\/\\\/lasentinelle.dz\\\/?s={search_term_string}\"},\"query-input\":{\"@type\":\"PropertyValueSpecification\",\"valueRequired\":true,\"valueName\":\"search_term_string\"}}],\"inLanguage\":\"fr-FR\"},{\"@type\":\"Organization\",\"@id\":\"https:\\\/\\\/lasentinelle.dz\\\/#organization\",\"name\":\"Quotidien La Sentinelle\",\"url\":\"https:\\\/\\\/lasentinelle.dz\\\/\",\"logo\":{\"@type\":\"ImageObject\",\"inLanguage\":\"fr-FR\",\"@id\":\"https:\\\/\\\/lasentinelle.dz\\\/#\\\/schema\\\/logo\\\/image\\\/\",\"url\":\"https:\\\/\\\/lasentinelle.dz\\\/wp-content\\\/uploads\\\/2021\\\/09\\\/logo-sentinelleSLOGAN-1.png\",\"contentUrl\":\"https:\\\/\\\/lasentinelle.dz\\\/wp-content\\\/uploads\\\/2021\\\/09\\\/logo-sentinelleSLOGAN-1.png\",\"width\":615,\"height\":142,\"caption\":\"Quotidien La Sentinelle\"},\"image\":{\"@id\":\"https:\\\/\\\/lasentinelle.dz\\\/#\\\/schema\\\/logo\\\/image\\\/\"},\"sameAs\":[\"https:\\\/\\\/www.facebook.com\\\/La-Sentinelle-104059864394773\"]},{\"@type\":\"Person\",\"@id\":\"https:\\\/\\\/lasentinelle.dz\\\/#\\\/schema\\\/person\\\/729ee0024f24e0b8c5ec17232f8e8b41\",\"name\":\"admin\",\"image\":{\"@type\":\"ImageObject\",\"inLanguage\":\"fr-FR\",\"@id\":\"https:\\\/\\\/secure.gravatar.com\\\/avatar\\\/4c81fed838786e9b53f540bf46533e750f5d292099ae3b66cfc6fb1982e29df7?s=96&d=mm&r=g\",\"url\":\"https:\\\/\\\/secure.gravatar.com\\\/avatar\\\/4c81fed838786e9b53f540bf46533e750f5d292099ae3b66cfc6fb1982e29df7?s=96&d=mm&r=g\",\"contentUrl\":\"https:\\\/\\\/secure.gravatar.com\\\/avatar\\\/4c81fed838786e9b53f540bf46533e750f5d292099ae3b66cfc6fb1982e29df7?s=96&d=mm&r=g\",\"caption\":\"admin\"},\"description\":\"admin\",\"url\":\"https:\\\/\\\/lasentinelle.dz\\\/author\\\/admin\\\/\"}]}<\/script>\n<!-- \/ Yoast SEO plugin. -->","yoast_head_json":{"title":"Le FiSahara ouvre sa 19e \u00e9dition\u00a0: Sous le signe du retour \u00e0 la terre - La Sentinelle","robots":{"index":"index","follow":"follow","max-snippet":"max-snippet:-1","max-image-preview":"max-image-preview:large","max-video-preview":"max-video-preview:-1"},"canonical":"https:\/\/lasentinelle.dz\/index.php\/2026\/04\/29\/le-fisahara-ouvre-sa-19e-edition-sous-le-signe-du-retour-a-la-terre\/","og_locale":"fr_FR","og_type":"article","og_title":"Le FiSahara ouvre sa 19e \u00e9dition\u00a0: Sous le signe du retour \u00e0 la terre - La Sentinelle","og_description":"C&rsquo;est dans les camps de r\u00e9fugi\u00e9s sahraouis de la wilaya d&rsquo;Aousserd qu&rsquo;a retenti, mardi soir, le coup d&rsquo;envoi de la","og_url":"https:\/\/lasentinelle.dz\/index.php\/2026\/04\/29\/le-fisahara-ouvre-sa-19e-edition-sous-le-signe-du-retour-a-la-terre\/","og_site_name":"La Sentinelle","article_publisher":"https:\/\/www.facebook.com\/La-Sentinelle-104059864394773","article_published_time":"2026-04-29T17:31:02+00:00","article_modified_time":"2026-05-01T17:32:43+00:00","og_image":[{"width":580,"height":350,"url":"https:\/\/lasentinelle.dz\/wp-content\/uploads\/2026\/05\/fishsahara.jpg","type":"image\/jpeg"}],"author":"admin","twitter_card":"summary_large_image","twitter_misc":{"\u00c9crit par":"admin","Dur\u00e9e de lecture estim\u00e9e":"2 minutes"},"schema":{"@context":"https:\/\/schema.org","@graph":[{"@type":"Article","@id":"https:\/\/lasentinelle.dz\/index.php\/2026\/04\/29\/le-fisahara-ouvre-sa-19e-edition-sous-le-signe-du-retour-a-la-terre\/#article","isPartOf":{"@id":"https:\/\/lasentinelle.dz\/index.php\/2026\/04\/29\/le-fisahara-ouvre-sa-19e-edition-sous-le-signe-du-retour-a-la-terre\/"},"author":{"name":"admin","@id":"https:\/\/lasentinelle.dz\/#\/schema\/person\/729ee0024f24e0b8c5ec17232f8e8b41"},"headline":"Le FiSahara ouvre sa 19e \u00e9dition\u00a0: Sous le signe du retour \u00e0 la terre","datePublished":"2026-04-29T17:31:02+00:00","dateModified":"2026-05-01T17:32:43+00:00","mainEntityOfPage":{"@id":"https:\/\/lasentinelle.dz\/index.php\/2026\/04\/29\/le-fisahara-ouvre-sa-19e-edition-sous-le-signe-du-retour-a-la-terre\/"},"wordCount":332,"commentCount":0,"publisher":{"@id":"https:\/\/lasentinelle.dz\/#organization"},"image":{"@id":"https:\/\/lasentinelle.dz\/index.php\/2026\/04\/29\/le-fisahara-ouvre-sa-19e-edition-sous-le-signe-du-retour-a-la-terre\/#primaryimage"},"thumbnailUrl":"https:\/\/lasentinelle.dz\/wp-content\/uploads\/2026\/05\/fishsahara.jpg","articleSection":["Culture"],"inLanguage":"fr-FR","potentialAction":[{"@type":"CommentAction","name":"Comment","target":["https:\/\/lasentinelle.dz\/index.php\/2026\/04\/29\/le-fisahara-ouvre-sa-19e-edition-sous-le-signe-du-retour-a-la-terre\/#respond"]}]},{"@type":"WebPage","@id":"https:\/\/lasentinelle.dz\/index.php\/2026\/04\/29\/le-fisahara-ouvre-sa-19e-edition-sous-le-signe-du-retour-a-la-terre\/","url":"https:\/\/lasentinelle.dz\/index.php\/2026\/04\/29\/le-fisahara-ouvre-sa-19e-edition-sous-le-signe-du-retour-a-la-terre\/","name":"Le FiSahara ouvre sa 19e \u00e9dition\u00a0: Sous le signe du retour \u00e0 la terre - La Sentinelle","isPartOf":{"@id":"https:\/\/lasentinelle.dz\/#website"},"primaryImageOfPage":{"@id":"https:\/\/lasentinelle.dz\/index.php\/2026\/04\/29\/le-fisahara-ouvre-sa-19e-edition-sous-le-signe-du-retour-a-la-terre\/#primaryimage"},"image":{"@id":"https:\/\/lasentinelle.dz\/index.php\/2026\/04\/29\/le-fisahara-ouvre-sa-19e-edition-sous-le-signe-du-retour-a-la-terre\/#primaryimage"},"thumbnailUrl":"https:\/\/lasentinelle.dz\/wp-content\/uploads\/2026\/05\/fishsahara.jpg","datePublished":"2026-04-29T17:31:02+00:00","dateModified":"2026-05-01T17:32:43+00:00","breadcrumb":{"@id":"https:\/\/lasentinelle.dz\/index.php\/2026\/04\/29\/le-fisahara-ouvre-sa-19e-edition-sous-le-signe-du-retour-a-la-terre\/#breadcrumb"},"inLanguage":"fr-FR","potentialAction":[{"@type":"ReadAction","target":["https:\/\/lasentinelle.dz\/index.php\/2026\/04\/29\/le-fisahara-ouvre-sa-19e-edition-sous-le-signe-du-retour-a-la-terre\/"]}]},{"@type":"ImageObject","inLanguage":"fr-FR","@id":"https:\/\/lasentinelle.dz\/index.php\/2026\/04\/29\/le-fisahara-ouvre-sa-19e-edition-sous-le-signe-du-retour-a-la-terre\/#primaryimage","url":"https:\/\/lasentinelle.dz\/wp-content\/uploads\/2026\/05\/fishsahara.jpg","contentUrl":"https:\/\/lasentinelle.dz\/wp-content\/uploads\/2026\/05\/fishsahara.jpg","width":580,"height":350},{"@type":"BreadcrumbList","@id":"https:\/\/lasentinelle.dz\/index.php\/2026\/04\/29\/le-fisahara-ouvre-sa-19e-edition-sous-le-signe-du-retour-a-la-terre\/#breadcrumb","itemListElement":[{"@type":"ListItem","position":1,"name":"Accueil","item":"https:\/\/lasentinelle.dz\/"},{"@type":"ListItem","position":2,"name":"Le FiSahara ouvre sa 19e \u00e9dition\u00a0: Sous le signe du retour \u00e0 la terre"}]},{"@type":"WebSite","@id":"https:\/\/lasentinelle.dz\/#website","url":"https:\/\/lasentinelle.dz\/","name":"La Sentinelle","description":"Quotidien national d&#039;information","publisher":{"@id":"https:\/\/lasentinelle.dz\/#organization"},"potentialAction":[{"@type":"SearchAction","target":{"@type":"EntryPoint","urlTemplate":"https:\/\/lasentinelle.dz\/?s={search_term_string}"},"query-input":{"@type":"PropertyValueSpecification","valueRequired":true,"valueName":"search_term_string"}}],"inLanguage":"fr-FR"},{"@type":"Organization","@id":"https:\/\/lasentinelle.dz\/#organization","name":"Quotidien La Sentinelle","url":"https:\/\/lasentinelle.dz\/","logo":{"@type":"ImageObject","inLanguage":"fr-FR","@id":"https:\/\/lasentinelle.dz\/#\/schema\/logo\/image\/","url":"https:\/\/lasentinelle.dz\/wp-content\/uploads\/2021\/09\/logo-sentinelleSLOGAN-1.png","contentUrl":"https:\/\/lasentinelle.dz\/wp-content\/uploads\/2021\/09\/logo-sentinelleSLOGAN-1.png","width":615,"height":142,"caption":"Quotidien La Sentinelle"},"image":{"@id":"https:\/\/lasentinelle.dz\/#\/schema\/logo\/image\/"},"sameAs":["https:\/\/www.facebook.com\/La-Sentinelle-104059864394773"]},{"@type":"Person","@id":"https:\/\/lasentinelle.dz\/#\/schema\/person\/729ee0024f24e0b8c5ec17232f8e8b41","name":"admin","image":{"@type":"ImageObject","inLanguage":"fr-FR","@id":"https:\/\/secure.gravatar.com\/avatar\/4c81fed838786e9b53f540bf46533e750f5d292099ae3b66cfc6fb1982e29df7?s=96&d=mm&r=g","url":"https:\/\/secure.gravatar.com\/avatar\/4c81fed838786e9b53f540bf46533e750f5d292099ae3b66cfc6fb1982e29df7?s=96&d=mm&r=g","contentUrl":"https:\/\/secure.gravatar.com\/avatar\/4c81fed838786e9b53f540bf46533e750f5d292099ae3b66cfc6fb1982e29df7?s=96&d=mm&r=g","caption":"admin"},"description":"admin","url":"https:\/\/lasentinelle.dz\/author\/admin\/"}]}},"_links":{"self":[{"href":"https:\/\/lasentinelle.dz\/index.php\/wp-json\/wp\/v2\/posts\/86727","targetHints":{"allow":["GET"]}}],"collection":[{"href":"https:\/\/lasentinelle.dz\/index.php\/wp-json\/wp\/v2\/posts"}],"about":[{"href":"https:\/\/lasentinelle.dz\/index.php\/wp-json\/wp\/v2\/types\/post"}],"author":[{"embeddable":true,"href":"https:\/\/lasentinelle.dz\/index.php\/wp-json\/wp\/v2\/users\/6"}],"replies":[{"embeddable":true,"href":"https:\/\/lasentinelle.dz\/index.php\/wp-json\/wp\/v2\/comments?post=86727"}],"version-history":[{"count":1,"href":"https:\/\/lasentinelle.dz\/index.php\/wp-json\/wp\/v2\/posts\/86727\/revisions"}],"predecessor-version":[{"id":86729,"href":"https:\/\/lasentinelle.dz\/index.php\/wp-json\/wp\/v2\/posts\/86727\/revisions\/86729"}],"wp:featuredmedia":[{"embeddable":true,"href":"https:\/\/lasentinelle.dz\/index.php\/wp-json\/wp\/v2\/media\/86728"}],"wp:attachment":[{"href":"https:\/\/lasentinelle.dz\/index.php\/wp-json\/wp\/v2\/media?parent=86727"}],"wp:term":[{"taxonomy":"category","embeddable":true,"href":"https:\/\/lasentinelle.dz\/index.php\/wp-json\/wp\/v2\/categories?post=86727"},{"taxonomy":"post_tag","embeddable":true,"href":"https:\/\/lasentinelle.dz\/index.php\/wp-json\/wp\/v2\/tags?post=86727"}],"curies":[{"name":"wp","href":"https:\/\/api.w.org\/{rel}","templated":true}]}}