{"id":86730,"date":"2026-04-29T18:32:52","date_gmt":"2026-04-29T17:32:52","guid":{"rendered":"https:\/\/lasentinelle.dz\/?p=86730"},"modified":"2026-05-01T18:35:05","modified_gmt":"2026-05-01T17:35:05","slug":"festival-du-film-mediterraneen-dannaba-le-patrimoine-vestimentaire-algerien-comme-invite-de-marque","status":"publish","type":"post","link":"https:\/\/lasentinelle.dz\/index.php\/2026\/04\/29\/festival-du-film-mediterraneen-dannaba-le-patrimoine-vestimentaire-algerien-comme-invite-de-marque\/","title":{"rendered":"Festival du film m\u00e9diterran\u00e9en d\u2019Annaba\u00a0: Le patrimoine vestimentaire alg\u00e9rien comme invit\u00e9 de marque"},"content":{"rendered":"\n<p>Le hall du Palais de la culture Mohamed-Boudiaf d&rsquo;Annaba s&rsquo;est transform\u00e9, mardi, en \u00e9crin du patrimoine national. \u00c0 l&rsquo;occasion du 6e Festival du film m\u00e9diterran\u00e9en, plus de trente associations venues de diff\u00e9rentes r\u00e9gions du pays ont investi l&rsquo;espace pour y d\u00e9ployer une exposition d&rsquo;habits traditionnels alg\u00e9riens d&rsquo;une rare richesse, offrant aux cin\u00e9astes et critiques \u00e9trangers pr\u00e9sents au festival un premier contact inattendu avec la profondeur des savoir-faire vestimentaires alg\u00e9riens. L&rsquo;initiative revient \u00e0 la Direction de la culture et des arts de la wilaya, qui a voulu faire de ce rendez-vous cin\u00e9matographique international autre chose qu&rsquo;une simple vitrine du septi\u00e8me art. Saliha Berkouk, directrice de la culture et des arts, a pr\u00e9sent\u00e9 l&rsquo;exposition comme l&rsquo;expression d&rsquo;une \u00ab vision strat\u00e9gique du secteur de la culture et des arts qui entend tirer parti des manifestations culturelles internationales pour promouvoir le patrimoine de l&rsquo;Alg\u00e9rie, en g\u00e9n\u00e9ral, et la wilaya d&rsquo;Annaba en particulier \u00bb. Elle a insist\u00e9 sur sa dimension symbolique : l&rsquo;exposition \u00ab constitue un \u00e9v\u00e9nement culturel visant \u00e0 marquer la pr\u00e9sence de l&rsquo;identit\u00e9 nationale dans les espaces internationaux \u00bb, et la mobilisation de tant d&rsquo;associations \u00e0 l&rsquo;\u00e9chelle nationale \u00ab r\u00e9v\u00e8le une prise de conscience collective de l&rsquo;importance de prot\u00e9ger le patrimoine culturel et de le transmettre aux g\u00e9n\u00e9rations futures. \u00bb Au c\u0153ur de l&rsquo;exposition, une pi\u00e8ce concentre l&rsquo;attention de tous les visiteurs : une robe de style annabi brod\u00e9e de fils d&rsquo;or selon la technique de la fetla. Ahmed Hamel, directeur du Palais de la culture, a soulign\u00e9 que l&rsquo;exposition \u00ab met particuli\u00e8rement en avant les sp\u00e9cificit\u00e9s locales de la ville d&rsquo;Annaba en ornant le hall d&rsquo;une somptueuse robe de style annabi, agr\u00e9ment\u00e9e de fetla, devenue la pi\u00e8ce ma\u00eetresse de l&rsquo;exposition. \u00bb Les d\u00e9l\u00e9gations \u00e9trang\u00e8res pr\u00e9sentes au festival ne s&rsquo;y sont pas tromp\u00e9es. Cin\u00e9astes et critiques venus de l&rsquo;autre rive de la M\u00e9diterran\u00e9e se sont arr\u00eat\u00e9s devant cette robe de c\u00e9r\u00e9monie, dont la broderie minutieuse a suscit\u00e9, selon les organisateurs, une admiration unanime. Plusieurs d&rsquo;entre eux se sont dits \u00ab subjugu\u00e9s \u00bb par la beaut\u00e9 de cette pi\u00e8ce patrimoniale.<\/p>\n\n\n\n<p>Autour d&rsquo;elle, les stands dress\u00e9s par les associations participantes composent une v\u00e9ritable cartographie textile de l&rsquo;Alg\u00e9rie. La gandoura d&rsquo;Annaba c\u00f4toie la djeba kabyle, la melhfa saharienne et les costumes des Aur\u00e8s, formant un ensemble qui dit, mieux que bien des discours, la diversit\u00e9 des cultures qui constituent l&rsquo;identit\u00e9 nationale. Les familles d&rsquo;Annaba ont \u00e9t\u00e9 nombreuses \u00e0 se presser dans le hall d\u00e8s les premi\u00e8res heures, rejointes par les d\u00e9l\u00e9gations du festival, qui ont salu\u00e9 la qualit\u00e9 de l&rsquo;organisation et la beaut\u00e9 de chaque stand. Les repr\u00e9sentants des associations ont, de leur c\u00f4t\u00e9, mis en avant ce que cette visibilit\u00e9 in\u00e9dite repr\u00e9sente pour eux. Inclure les m\u00e9tiers d&rsquo;art dans un grand festival de cin\u00e9ma, ont-ils soulign\u00e9, \u00ab ouvre de nouvelles perspectives pour la promotion du tourisme \u00bb en donnant \u00e0 ces savoir-faire une audience qu&rsquo;ils n&rsquo;atteignent pas toujours dans leurs circuits habituels. C&rsquo;est aussi, pour des associations qui travaillent souvent dans une relative discr\u00e9tion, l&rsquo;occasion de toucher un public large et diversifi\u00e9, et de faire conna\u00eetre des productions qui demandent des ann\u00e9es d&rsquo;apprentissage et de transmission.<\/p>\n\n\n\n<p>L&rsquo;exposition ne se limitera pas \u00e0 la contemplation. Tout au long du festival, des ateliers ouverts au public permettront de suivre les diff\u00e9rentes \u00e9tapes de confection des habits traditionnels, de comprendre la logique d&rsquo;un point de broderie, la s\u00e9lection d&rsquo;un fil, l&rsquo;assemblage d&rsquo;une pi\u00e8ce. Ce volet p\u00e9dagogique est peut-\u00eatre le plus important : il transforme une exposition en acte de transmission vivante, rappelant que le patrimoine vestimentaire alg\u00e9rien n&rsquo;est pas un objet de mus\u00e9e mais une pratique que des mains continuent d&rsquo;exercer et d&rsquo;enseigner.<\/p>\n\n\n\n<p>Mohand S.<\/p>\n","protected":false},"excerpt":{"rendered":"<p>Le hall du Palais de la culture Mohamed-Boudiaf d&rsquo;Annaba s&rsquo;est transform\u00e9, mardi, en \u00e9crin du patrimoine national. \u00c0 l&rsquo;occasion du<\/p>\n","protected":false},"author":6,"featured_media":86731,"comment_status":"open","ping_status":"closed","sticky":false,"template":"","format":"standard","meta":{"colormag_page_container_layout":"default_layout","colormag_page_sidebar_layout":"default_layout","om_disable_all_campaigns":false,"_monsterinsights_skip_tracking":false,"_monsterinsights_sitenote_active":false,"_monsterinsights_sitenote_note":"","_monsterinsights_sitenote_category":0,"footnotes":"","_wpscppro_dont_share_socialmedia":false,"_wpscppro_custom_social_share_image":0,"_facebook_share_type":"default","_twitter_share_type":"default","_linkedin_share_type":"default","_pinterest_share_type":"default","_linkedin_share_type_page":"","_instagram_share_type":"default","_medium_share_type":"default","_threads_share_type":"default","_google_business_share_type":"default","_selected_social_profile":[],"_wpsp_enable_custom_social_template":false,"_wpsp_social_scheduling":{"enabled":false,"datetime":null,"platforms":[],"status":"template_only","dateOption":"today","timeOption":"now","customDays":"","customHours":"","customDate":"","customTime":"","schedulingType":"absolute"},"_wpsp_active_default_template":true},"categories":[36],"tags":[],"class_list":["post-86730","post","type-post","status-publish","format-standard","has-post-thumbnail","hentry","category-culture"],"aioseo_notices":[],"yoast_head":"<!-- This site is optimized with the Yoast SEO plugin v27.5 - https:\/\/yoast.com\/product\/yoast-seo-wordpress\/ -->\n<title>Festival du film m\u00e9diterran\u00e9en d\u2019Annaba\u00a0: Le patrimoine vestimentaire alg\u00e9rien comme invit\u00e9 de marque - La Sentinelle<\/title>\n<meta name=\"robots\" content=\"index, follow, max-snippet:-1, max-image-preview:large, max-video-preview:-1\" \/>\n<link rel=\"canonical\" href=\"https:\/\/lasentinelle.dz\/index.php\/2026\/04\/29\/festival-du-film-mediterraneen-dannaba-le-patrimoine-vestimentaire-algerien-comme-invite-de-marque\/\" \/>\n<meta property=\"og:locale\" content=\"fr_FR\" \/>\n<meta property=\"og:type\" content=\"article\" \/>\n<meta property=\"og:title\" content=\"Festival du film m\u00e9diterran\u00e9en d\u2019Annaba\u00a0: Le patrimoine vestimentaire alg\u00e9rien comme invit\u00e9 de marque - La Sentinelle\" \/>\n<meta property=\"og:description\" content=\"Le hall du Palais de la culture Mohamed-Boudiaf d&rsquo;Annaba s&rsquo;est transform\u00e9, mardi, en \u00e9crin du patrimoine national. \u00c0 l&rsquo;occasion du\" \/>\n<meta property=\"og:url\" content=\"https:\/\/lasentinelle.dz\/index.php\/2026\/04\/29\/festival-du-film-mediterraneen-dannaba-le-patrimoine-vestimentaire-algerien-comme-invite-de-marque\/\" \/>\n<meta property=\"og:site_name\" content=\"La Sentinelle\" \/>\n<meta property=\"article:publisher\" content=\"https:\/\/www.facebook.com\/La-Sentinelle-104059864394773\" \/>\n<meta property=\"article:published_time\" content=\"2026-04-29T17:32:52+00:00\" \/>\n<meta property=\"article:modified_time\" content=\"2026-05-01T17:35:05+00:00\" \/>\n<meta property=\"og:image\" content=\"https:\/\/lasentinelle.dz\/wp-content\/uploads\/2026\/05\/684771009_18073611206646249_89728745185110215_n.jpg\" \/>\n\t<meta property=\"og:image:width\" content=\"1440\" \/>\n\t<meta property=\"og:image:height\" content=\"961\" \/>\n\t<meta property=\"og:image:type\" content=\"image\/jpeg\" \/>\n<meta name=\"author\" content=\"admin\" \/>\n<meta name=\"twitter:card\" content=\"summary_large_image\" \/>\n<meta name=\"twitter:label1\" content=\"\u00c9crit par\" \/>\n\t<meta name=\"twitter:data1\" content=\"admin\" \/>\n\t<meta name=\"twitter:label2\" content=\"Dur\u00e9e de lecture estim\u00e9e\" \/>\n\t<meta name=\"twitter:data2\" content=\"4 minutes\" \/>\n<script type=\"application\/ld+json\" class=\"yoast-schema-graph\">{\"@context\":\"https:\\\/\\\/schema.org\",\"@graph\":[{\"@type\":\"Article\",\"@id\":\"https:\\\/\\\/lasentinelle.dz\\\/index.php\\\/2026\\\/04\\\/29\\\/festival-du-film-mediterraneen-dannaba-le-patrimoine-vestimentaire-algerien-comme-invite-de-marque\\\/#article\",\"isPartOf\":{\"@id\":\"https:\\\/\\\/lasentinelle.dz\\\/index.php\\\/2026\\\/04\\\/29\\\/festival-du-film-mediterraneen-dannaba-le-patrimoine-vestimentaire-algerien-comme-invite-de-marque\\\/\"},\"author\":{\"name\":\"admin\",\"@id\":\"https:\\\/\\\/lasentinelle.dz\\\/#\\\/schema\\\/person\\\/729ee0024f24e0b8c5ec17232f8e8b41\"},\"headline\":\"Festival du film m\u00e9diterran\u00e9en d\u2019Annaba\u00a0: Le patrimoine vestimentaire alg\u00e9rien comme invit\u00e9 de marque\",\"datePublished\":\"2026-04-29T17:32:52+00:00\",\"dateModified\":\"2026-05-01T17:35:05+00:00\",\"mainEntityOfPage\":{\"@id\":\"https:\\\/\\\/lasentinelle.dz\\\/index.php\\\/2026\\\/04\\\/29\\\/festival-du-film-mediterraneen-dannaba-le-patrimoine-vestimentaire-algerien-comme-invite-de-marque\\\/\"},\"wordCount\":712,\"commentCount\":0,\"publisher\":{\"@id\":\"https:\\\/\\\/lasentinelle.dz\\\/#organization\"},\"image\":{\"@id\":\"https:\\\/\\\/lasentinelle.dz\\\/index.php\\\/2026\\\/04\\\/29\\\/festival-du-film-mediterraneen-dannaba-le-patrimoine-vestimentaire-algerien-comme-invite-de-marque\\\/#primaryimage\"},\"thumbnailUrl\":\"https:\\\/\\\/lasentinelle.dz\\\/wp-content\\\/uploads\\\/2026\\\/05\\\/684771009_18073611206646249_89728745185110215_n.jpg\",\"articleSection\":[\"Culture\"],\"inLanguage\":\"fr-FR\",\"potentialAction\":[{\"@type\":\"CommentAction\",\"name\":\"Comment\",\"target\":[\"https:\\\/\\\/lasentinelle.dz\\\/index.php\\\/2026\\\/04\\\/29\\\/festival-du-film-mediterraneen-dannaba-le-patrimoine-vestimentaire-algerien-comme-invite-de-marque\\\/#respond\"]}]},{\"@type\":\"WebPage\",\"@id\":\"https:\\\/\\\/lasentinelle.dz\\\/index.php\\\/2026\\\/04\\\/29\\\/festival-du-film-mediterraneen-dannaba-le-patrimoine-vestimentaire-algerien-comme-invite-de-marque\\\/\",\"url\":\"https:\\\/\\\/lasentinelle.dz\\\/index.php\\\/2026\\\/04\\\/29\\\/festival-du-film-mediterraneen-dannaba-le-patrimoine-vestimentaire-algerien-comme-invite-de-marque\\\/\",\"name\":\"Festival du film m\u00e9diterran\u00e9en d\u2019Annaba\u00a0: Le patrimoine vestimentaire alg\u00e9rien comme invit\u00e9 de marque - La Sentinelle\",\"isPartOf\":{\"@id\":\"https:\\\/\\\/lasentinelle.dz\\\/#website\"},\"primaryImageOfPage\":{\"@id\":\"https:\\\/\\\/lasentinelle.dz\\\/index.php\\\/2026\\\/04\\\/29\\\/festival-du-film-mediterraneen-dannaba-le-patrimoine-vestimentaire-algerien-comme-invite-de-marque\\\/#primaryimage\"},\"image\":{\"@id\":\"https:\\\/\\\/lasentinelle.dz\\\/index.php\\\/2026\\\/04\\\/29\\\/festival-du-film-mediterraneen-dannaba-le-patrimoine-vestimentaire-algerien-comme-invite-de-marque\\\/#primaryimage\"},\"thumbnailUrl\":\"https:\\\/\\\/lasentinelle.dz\\\/wp-content\\\/uploads\\\/2026\\\/05\\\/684771009_18073611206646249_89728745185110215_n.jpg\",\"datePublished\":\"2026-04-29T17:32:52+00:00\",\"dateModified\":\"2026-05-01T17:35:05+00:00\",\"breadcrumb\":{\"@id\":\"https:\\\/\\\/lasentinelle.dz\\\/index.php\\\/2026\\\/04\\\/29\\\/festival-du-film-mediterraneen-dannaba-le-patrimoine-vestimentaire-algerien-comme-invite-de-marque\\\/#breadcrumb\"},\"inLanguage\":\"fr-FR\",\"potentialAction\":[{\"@type\":\"ReadAction\",\"target\":[\"https:\\\/\\\/lasentinelle.dz\\\/index.php\\\/2026\\\/04\\\/29\\\/festival-du-film-mediterraneen-dannaba-le-patrimoine-vestimentaire-algerien-comme-invite-de-marque\\\/\"]}]},{\"@type\":\"ImageObject\",\"inLanguage\":\"fr-FR\",\"@id\":\"https:\\\/\\\/lasentinelle.dz\\\/index.php\\\/2026\\\/04\\\/29\\\/festival-du-film-mediterraneen-dannaba-le-patrimoine-vestimentaire-algerien-comme-invite-de-marque\\\/#primaryimage\",\"url\":\"https:\\\/\\\/lasentinelle.dz\\\/wp-content\\\/uploads\\\/2026\\\/05\\\/684771009_18073611206646249_89728745185110215_n.jpg\",\"contentUrl\":\"https:\\\/\\\/lasentinelle.dz\\\/wp-content\\\/uploads\\\/2026\\\/05\\\/684771009_18073611206646249_89728745185110215_n.jpg\",\"width\":1440,\"height\":961},{\"@type\":\"BreadcrumbList\",\"@id\":\"https:\\\/\\\/lasentinelle.dz\\\/index.php\\\/2026\\\/04\\\/29\\\/festival-du-film-mediterraneen-dannaba-le-patrimoine-vestimentaire-algerien-comme-invite-de-marque\\\/#breadcrumb\",\"itemListElement\":[{\"@type\":\"ListItem\",\"position\":1,\"name\":\"Accueil\",\"item\":\"https:\\\/\\\/lasentinelle.dz\\\/\"},{\"@type\":\"ListItem\",\"position\":2,\"name\":\"Festival du film m\u00e9diterran\u00e9en d\u2019Annaba\u00a0: Le patrimoine vestimentaire alg\u00e9rien comme invit\u00e9 de marque\"}]},{\"@type\":\"WebSite\",\"@id\":\"https:\\\/\\\/lasentinelle.dz\\\/#website\",\"url\":\"https:\\\/\\\/lasentinelle.dz\\\/\",\"name\":\"La Sentinelle\",\"description\":\"Quotidien national d&#039;information\",\"publisher\":{\"@id\":\"https:\\\/\\\/lasentinelle.dz\\\/#organization\"},\"potentialAction\":[{\"@type\":\"SearchAction\",\"target\":{\"@type\":\"EntryPoint\",\"urlTemplate\":\"https:\\\/\\\/lasentinelle.dz\\\/?s={search_term_string}\"},\"query-input\":{\"@type\":\"PropertyValueSpecification\",\"valueRequired\":true,\"valueName\":\"search_term_string\"}}],\"inLanguage\":\"fr-FR\"},{\"@type\":\"Organization\",\"@id\":\"https:\\\/\\\/lasentinelle.dz\\\/#organization\",\"name\":\"Quotidien La Sentinelle\",\"url\":\"https:\\\/\\\/lasentinelle.dz\\\/\",\"logo\":{\"@type\":\"ImageObject\",\"inLanguage\":\"fr-FR\",\"@id\":\"https:\\\/\\\/lasentinelle.dz\\\/#\\\/schema\\\/logo\\\/image\\\/\",\"url\":\"https:\\\/\\\/lasentinelle.dz\\\/wp-content\\\/uploads\\\/2021\\\/09\\\/logo-sentinelleSLOGAN-1.png\",\"contentUrl\":\"https:\\\/\\\/lasentinelle.dz\\\/wp-content\\\/uploads\\\/2021\\\/09\\\/logo-sentinelleSLOGAN-1.png\",\"width\":615,\"height\":142,\"caption\":\"Quotidien La Sentinelle\"},\"image\":{\"@id\":\"https:\\\/\\\/lasentinelle.dz\\\/#\\\/schema\\\/logo\\\/image\\\/\"},\"sameAs\":[\"https:\\\/\\\/www.facebook.com\\\/La-Sentinelle-104059864394773\"]},{\"@type\":\"Person\",\"@id\":\"https:\\\/\\\/lasentinelle.dz\\\/#\\\/schema\\\/person\\\/729ee0024f24e0b8c5ec17232f8e8b41\",\"name\":\"admin\",\"image\":{\"@type\":\"ImageObject\",\"inLanguage\":\"fr-FR\",\"@id\":\"https:\\\/\\\/secure.gravatar.com\\\/avatar\\\/4c81fed838786e9b53f540bf46533e750f5d292099ae3b66cfc6fb1982e29df7?s=96&d=mm&r=g\",\"url\":\"https:\\\/\\\/secure.gravatar.com\\\/avatar\\\/4c81fed838786e9b53f540bf46533e750f5d292099ae3b66cfc6fb1982e29df7?s=96&d=mm&r=g\",\"contentUrl\":\"https:\\\/\\\/secure.gravatar.com\\\/avatar\\\/4c81fed838786e9b53f540bf46533e750f5d292099ae3b66cfc6fb1982e29df7?s=96&d=mm&r=g\",\"caption\":\"admin\"},\"description\":\"admin\",\"url\":\"https:\\\/\\\/lasentinelle.dz\\\/author\\\/admin\\\/\"}]}<\/script>\n<!-- \/ Yoast SEO plugin. -->","yoast_head_json":{"title":"Festival du film m\u00e9diterran\u00e9en d\u2019Annaba\u00a0: Le patrimoine vestimentaire alg\u00e9rien comme invit\u00e9 de marque - La Sentinelle","robots":{"index":"index","follow":"follow","max-snippet":"max-snippet:-1","max-image-preview":"max-image-preview:large","max-video-preview":"max-video-preview:-1"},"canonical":"https:\/\/lasentinelle.dz\/index.php\/2026\/04\/29\/festival-du-film-mediterraneen-dannaba-le-patrimoine-vestimentaire-algerien-comme-invite-de-marque\/","og_locale":"fr_FR","og_type":"article","og_title":"Festival du film m\u00e9diterran\u00e9en d\u2019Annaba\u00a0: Le patrimoine vestimentaire alg\u00e9rien comme invit\u00e9 de marque - La Sentinelle","og_description":"Le hall du Palais de la culture Mohamed-Boudiaf d&rsquo;Annaba s&rsquo;est transform\u00e9, mardi, en \u00e9crin du patrimoine national. \u00c0 l&rsquo;occasion du","og_url":"https:\/\/lasentinelle.dz\/index.php\/2026\/04\/29\/festival-du-film-mediterraneen-dannaba-le-patrimoine-vestimentaire-algerien-comme-invite-de-marque\/","og_site_name":"La Sentinelle","article_publisher":"https:\/\/www.facebook.com\/La-Sentinelle-104059864394773","article_published_time":"2026-04-29T17:32:52+00:00","article_modified_time":"2026-05-01T17:35:05+00:00","og_image":[{"width":1440,"height":961,"url":"https:\/\/lasentinelle.dz\/wp-content\/uploads\/2026\/05\/684771009_18073611206646249_89728745185110215_n.jpg","type":"image\/jpeg"}],"author":"admin","twitter_card":"summary_large_image","twitter_misc":{"\u00c9crit par":"admin","Dur\u00e9e de lecture estim\u00e9e":"4 minutes"},"schema":{"@context":"https:\/\/schema.org","@graph":[{"@type":"Article","@id":"https:\/\/lasentinelle.dz\/index.php\/2026\/04\/29\/festival-du-film-mediterraneen-dannaba-le-patrimoine-vestimentaire-algerien-comme-invite-de-marque\/#article","isPartOf":{"@id":"https:\/\/lasentinelle.dz\/index.php\/2026\/04\/29\/festival-du-film-mediterraneen-dannaba-le-patrimoine-vestimentaire-algerien-comme-invite-de-marque\/"},"author":{"name":"admin","@id":"https:\/\/lasentinelle.dz\/#\/schema\/person\/729ee0024f24e0b8c5ec17232f8e8b41"},"headline":"Festival du film m\u00e9diterran\u00e9en d\u2019Annaba\u00a0: Le patrimoine vestimentaire alg\u00e9rien comme invit\u00e9 de marque","datePublished":"2026-04-29T17:32:52+00:00","dateModified":"2026-05-01T17:35:05+00:00","mainEntityOfPage":{"@id":"https:\/\/lasentinelle.dz\/index.php\/2026\/04\/29\/festival-du-film-mediterraneen-dannaba-le-patrimoine-vestimentaire-algerien-comme-invite-de-marque\/"},"wordCount":712,"commentCount":0,"publisher":{"@id":"https:\/\/lasentinelle.dz\/#organization"},"image":{"@id":"https:\/\/lasentinelle.dz\/index.php\/2026\/04\/29\/festival-du-film-mediterraneen-dannaba-le-patrimoine-vestimentaire-algerien-comme-invite-de-marque\/#primaryimage"},"thumbnailUrl":"https:\/\/lasentinelle.dz\/wp-content\/uploads\/2026\/05\/684771009_18073611206646249_89728745185110215_n.jpg","articleSection":["Culture"],"inLanguage":"fr-FR","potentialAction":[{"@type":"CommentAction","name":"Comment","target":["https:\/\/lasentinelle.dz\/index.php\/2026\/04\/29\/festival-du-film-mediterraneen-dannaba-le-patrimoine-vestimentaire-algerien-comme-invite-de-marque\/#respond"]}]},{"@type":"WebPage","@id":"https:\/\/lasentinelle.dz\/index.php\/2026\/04\/29\/festival-du-film-mediterraneen-dannaba-le-patrimoine-vestimentaire-algerien-comme-invite-de-marque\/","url":"https:\/\/lasentinelle.dz\/index.php\/2026\/04\/29\/festival-du-film-mediterraneen-dannaba-le-patrimoine-vestimentaire-algerien-comme-invite-de-marque\/","name":"Festival du film m\u00e9diterran\u00e9en d\u2019Annaba\u00a0: Le patrimoine vestimentaire alg\u00e9rien comme invit\u00e9 de marque - La Sentinelle","isPartOf":{"@id":"https:\/\/lasentinelle.dz\/#website"},"primaryImageOfPage":{"@id":"https:\/\/lasentinelle.dz\/index.php\/2026\/04\/29\/festival-du-film-mediterraneen-dannaba-le-patrimoine-vestimentaire-algerien-comme-invite-de-marque\/#primaryimage"},"image":{"@id":"https:\/\/lasentinelle.dz\/index.php\/2026\/04\/29\/festival-du-film-mediterraneen-dannaba-le-patrimoine-vestimentaire-algerien-comme-invite-de-marque\/#primaryimage"},"thumbnailUrl":"https:\/\/lasentinelle.dz\/wp-content\/uploads\/2026\/05\/684771009_18073611206646249_89728745185110215_n.jpg","datePublished":"2026-04-29T17:32:52+00:00","dateModified":"2026-05-01T17:35:05+00:00","breadcrumb":{"@id":"https:\/\/lasentinelle.dz\/index.php\/2026\/04\/29\/festival-du-film-mediterraneen-dannaba-le-patrimoine-vestimentaire-algerien-comme-invite-de-marque\/#breadcrumb"},"inLanguage":"fr-FR","potentialAction":[{"@type":"ReadAction","target":["https:\/\/lasentinelle.dz\/index.php\/2026\/04\/29\/festival-du-film-mediterraneen-dannaba-le-patrimoine-vestimentaire-algerien-comme-invite-de-marque\/"]}]},{"@type":"ImageObject","inLanguage":"fr-FR","@id":"https:\/\/lasentinelle.dz\/index.php\/2026\/04\/29\/festival-du-film-mediterraneen-dannaba-le-patrimoine-vestimentaire-algerien-comme-invite-de-marque\/#primaryimage","url":"https:\/\/lasentinelle.dz\/wp-content\/uploads\/2026\/05\/684771009_18073611206646249_89728745185110215_n.jpg","contentUrl":"https:\/\/lasentinelle.dz\/wp-content\/uploads\/2026\/05\/684771009_18073611206646249_89728745185110215_n.jpg","width":1440,"height":961},{"@type":"BreadcrumbList","@id":"https:\/\/lasentinelle.dz\/index.php\/2026\/04\/29\/festival-du-film-mediterraneen-dannaba-le-patrimoine-vestimentaire-algerien-comme-invite-de-marque\/#breadcrumb","itemListElement":[{"@type":"ListItem","position":1,"name":"Accueil","item":"https:\/\/lasentinelle.dz\/"},{"@type":"ListItem","position":2,"name":"Festival du film m\u00e9diterran\u00e9en d\u2019Annaba\u00a0: Le patrimoine vestimentaire alg\u00e9rien comme invit\u00e9 de marque"}]},{"@type":"WebSite","@id":"https:\/\/lasentinelle.dz\/#website","url":"https:\/\/lasentinelle.dz\/","name":"La Sentinelle","description":"Quotidien national d&#039;information","publisher":{"@id":"https:\/\/lasentinelle.dz\/#organization"},"potentialAction":[{"@type":"SearchAction","target":{"@type":"EntryPoint","urlTemplate":"https:\/\/lasentinelle.dz\/?s={search_term_string}"},"query-input":{"@type":"PropertyValueSpecification","valueRequired":true,"valueName":"search_term_string"}}],"inLanguage":"fr-FR"},{"@type":"Organization","@id":"https:\/\/lasentinelle.dz\/#organization","name":"Quotidien La Sentinelle","url":"https:\/\/lasentinelle.dz\/","logo":{"@type":"ImageObject","inLanguage":"fr-FR","@id":"https:\/\/lasentinelle.dz\/#\/schema\/logo\/image\/","url":"https:\/\/lasentinelle.dz\/wp-content\/uploads\/2021\/09\/logo-sentinelleSLOGAN-1.png","contentUrl":"https:\/\/lasentinelle.dz\/wp-content\/uploads\/2021\/09\/logo-sentinelleSLOGAN-1.png","width":615,"height":142,"caption":"Quotidien La Sentinelle"},"image":{"@id":"https:\/\/lasentinelle.dz\/#\/schema\/logo\/image\/"},"sameAs":["https:\/\/www.facebook.com\/La-Sentinelle-104059864394773"]},{"@type":"Person","@id":"https:\/\/lasentinelle.dz\/#\/schema\/person\/729ee0024f24e0b8c5ec17232f8e8b41","name":"admin","image":{"@type":"ImageObject","inLanguage":"fr-FR","@id":"https:\/\/secure.gravatar.com\/avatar\/4c81fed838786e9b53f540bf46533e750f5d292099ae3b66cfc6fb1982e29df7?s=96&d=mm&r=g","url":"https:\/\/secure.gravatar.com\/avatar\/4c81fed838786e9b53f540bf46533e750f5d292099ae3b66cfc6fb1982e29df7?s=96&d=mm&r=g","contentUrl":"https:\/\/secure.gravatar.com\/avatar\/4c81fed838786e9b53f540bf46533e750f5d292099ae3b66cfc6fb1982e29df7?s=96&d=mm&r=g","caption":"admin"},"description":"admin","url":"https:\/\/lasentinelle.dz\/author\/admin\/"}]}},"_links":{"self":[{"href":"https:\/\/lasentinelle.dz\/index.php\/wp-json\/wp\/v2\/posts\/86730","targetHints":{"allow":["GET"]}}],"collection":[{"href":"https:\/\/lasentinelle.dz\/index.php\/wp-json\/wp\/v2\/posts"}],"about":[{"href":"https:\/\/lasentinelle.dz\/index.php\/wp-json\/wp\/v2\/types\/post"}],"author":[{"embeddable":true,"href":"https:\/\/lasentinelle.dz\/index.php\/wp-json\/wp\/v2\/users\/6"}],"replies":[{"embeddable":true,"href":"https:\/\/lasentinelle.dz\/index.php\/wp-json\/wp\/v2\/comments?post=86730"}],"version-history":[{"count":1,"href":"https:\/\/lasentinelle.dz\/index.php\/wp-json\/wp\/v2\/posts\/86730\/revisions"}],"predecessor-version":[{"id":86732,"href":"https:\/\/lasentinelle.dz\/index.php\/wp-json\/wp\/v2\/posts\/86730\/revisions\/86732"}],"wp:featuredmedia":[{"embeddable":true,"href":"https:\/\/lasentinelle.dz\/index.php\/wp-json\/wp\/v2\/media\/86731"}],"wp:attachment":[{"href":"https:\/\/lasentinelle.dz\/index.php\/wp-json\/wp\/v2\/media?parent=86730"}],"wp:term":[{"taxonomy":"category","embeddable":true,"href":"https:\/\/lasentinelle.dz\/index.php\/wp-json\/wp\/v2\/categories?post=86730"},{"taxonomy":"post_tag","embeddable":true,"href":"https:\/\/lasentinelle.dz\/index.php\/wp-json\/wp\/v2\/tags?post=86730"}],"curies":[{"name":"wp","href":"https:\/\/api.w.org\/{rel}","templated":true}]}}