{"id":86733,"date":"2026-04-29T18:35:19","date_gmt":"2026-04-29T17:35:19","guid":{"rendered":"https:\/\/lasentinelle.dz\/?p=86733"},"modified":"2026-05-01T18:36:12","modified_gmt":"2026-05-01T17:36:12","slug":"mois-du-patrimoine-le-karakou-a-lhonneur","status":"publish","type":"post","link":"https:\/\/lasentinelle.dz\/index.php\/2026\/04\/29\/mois-du-patrimoine-le-karakou-a-lhonneur\/","title":{"rendered":"Mois du patrimoine\u00a0: Le Karakou \u00e0 l\u2019honneur"},"content":{"rendered":"\n<p>Le karakou, habit traditionnel alg\u00e9rien, est au c\u0153ur d&rsquo;un s\u00e9minaire organis\u00e9 mardi au mus\u00e9e public national de S\u00e9tif dans le cadre du mois du patrimoine 2026. Chercheurs et conservateurs y ont pr\u00e9sent\u00e9 des preuves arch\u00e9ologiques attestant de l&rsquo;anciennet\u00e9 de ce v\u00eatement, dont les racines remonteraient \u00e0 la pr\u00e9histoire.<\/p>\n\n\n\n<p>C&rsquo;est dans les salles du mus\u00e9e public national de S\u00e9tif que chercheurs, conservateurs et sp\u00e9cialistes du patrimoine se sont r\u00e9unis mardi pour un s\u00e9minaire intitul\u00e9 \u00ab Notre patrimoine, notre civilisation \u00bb. Au programme : le karakou, cette veste brod\u00e9e que l&rsquo;on associe volontiers aux grandes occasions familiales, mais dont l&rsquo;histoire, selon les intervenants, plonge bien plus loin que les repr\u00e9sentations courantes ne le laissent supposer. L&rsquo;anthropologue Nac\u00e9ra Kechiouche, de la facult\u00e9 des sciences humaines et sociales de l&rsquo;universit\u00e9 de Tlemcen, a d&#8217;embl\u00e9e pos\u00e9 le cadre dans une communication intitul\u00e9e \u00ab Le Karakou alg\u00e9rien : histoire, \u00e9volution et fonction \u00bb. Ses travaux s&rsquo;appuient sur un corpus de preuves mat\u00e9rielles qui ne laissent gu\u00e8re de place au doute : \u00ab la majorit\u00e9 des \u00e9tudes, \u00e9tay\u00e9es par des preuves mat\u00e9rielles, confirment l&rsquo;apparition de cette veste en Alg\u00e9rie d\u00e8s l&rsquo;\u00e8re pr\u00e9historique, \u00e0 l&rsquo;instar des peintures et gravures rupestres du Tassili et du site arch\u00e9ologique de Sefar, qui t\u00e9moignent de l&rsquo;anciennet\u00e9 de la civilisation en Alg\u00e9rie \u00bb. Le Tassili n&rsquo;Ajjer, class\u00e9 au patrimoine mondial de l&rsquo;Unesco depuis 1982, abrite en effet l&rsquo;un des plus grands ensembles d&rsquo;art rupestre connus, avec des milliers de figures datant pour certaines de plus de dix mille ans. C&rsquo;est dans ce r\u00e9pertoire visuel que Kechiouche puise une partie de son argumentation. Elle va plus loin encore en situant la pratique de la broderie alg\u00e9rienne avant l&rsquo;\u00e8re chr\u00e9tienne. \u00ab Les fresques du Tassili montrent des femmes v\u00eatues d&rsquo;habits orn\u00e9s, ce qui prouve l&rsquo;existence d&rsquo;un savoir-faire dans la confection et la d\u00e9coration vestimentaire, refl\u00e9tant un haut niveau de raffinement esth\u00e9tique et culturel dans la soci\u00e9t\u00e9 alg\u00e9rienne antique \u00bb, a-t-elle affirm\u00e9. \u00c0 l&rsquo;appui de ces conclusions, l&rsquo;acad\u00e9micienne a pr\u00e9sent\u00e9 photographies et vid\u00e9os issues de fouilles men\u00e9es dans des abris sous roche aux environs d&rsquo;Oran, d&rsquo;Alger et de Sa\u00efda, autant de sites ayant servi d&rsquo;habitat \u00e0 l&rsquo;homme pr\u00e9historique et qui livrent, fouille apr\u00e8s fouille, de nouveaux indices sur les pratiques vestimentaires des populations anciennes du territoire.<\/p>\n\n\n\n<p>La question de la transmission et de la conservation de ce patrimoine a \u00e9t\u00e9 abord\u00e9e par Far\u00e8s El Majdoub, conservateur du patrimoine culturel au mus\u00e9e public national des arts et expressions populaires de Tlemcen. Sa communication, centr\u00e9e sur \u00ab La conservation dans les mus\u00e9es : entre r\u00e9alit\u00e9 et aspirations \u00bb, a ouvert le d\u00e9bat sur les moyens dont disposent les institutions mus\u00e9ales alg\u00e9riennes pour pr\u00e9server des pi\u00e8ces textiles dont la fragilit\u00e9 contraste avec la robustesse de leur histoire. La tension entre ce que les mus\u00e9es souhaitent accomplir et ce qu&rsquo;ils peuvent r\u00e9ellement faire est un sujet que le secteur culturel alg\u00e9rien affronte depuis des ann\u00e9es, dans un contexte o\u00f9 les ressources humaines et techniques peinent \u00e0 suivre l&rsquo;ambition des programmes patrimoniaux.<\/p>\n\n\n\n<p>La rencontre a \u00e9galement pr\u00e9vu une incursion dans les outils num\u00e9riques les plus r\u00e9cents. Chadia Khalfallah, directrice du mus\u00e9e public national de S\u00e9tif, a indiqu\u00e9 \u00e0 l&rsquo;APS que les participants effectueront \u00ab une visite virtuelle du mus\u00e9e de Tlemcen gr\u00e2ce \u00e0 des lunettes \u00e9lectroniques \u00bb et visionneront \u00ab une vid\u00e9o immersive animant d&rsquo;anciennes images de la ville de Tlemcen par l&rsquo;intelligence artificielle \u00bb. Tlemcen, ancienne capitale des Zianides et haut lieu du patrimoine andalou-maghr\u00e9bin, se pr\u00eate particuli\u00e8rement bien \u00e0 ce type d&rsquo;exp\u00e9rimentation : ses monuments, ses broderies et ses traditions vestimentaires sont depuis longtemps au c\u0153ur des d\u00e9bats sur l&rsquo;identit\u00e9 culturelle alg\u00e9rienne. En marge du s\u00e9minaire, une exposition a r\u00e9uni des pi\u00e8ces repr\u00e9sentatives du patrimoine mat\u00e9riel et immat\u00e9riel de Tlemcen, de ses monuments arch\u00e9ologiques les plus embl\u00e9matiques aux objets du quotidien h\u00e9rit\u00e9s de plusieurs si\u00e8cles de civilisation urbaine. Le karakou y figurait naturellement en bonne place, rappelant que derri\u00e8re chaque fil brod\u00e9 se tient une histoire que les chercheurs s&#8217;emploient, s\u00e9minaire apr\u00e8s s\u00e9minaire, \u00e0 restituer dans toute sa profondeur.<\/p>\n\n\n\n<p>Mohand Seghir<\/p>\n","protected":false},"excerpt":{"rendered":"<p>Le karakou, habit traditionnel alg\u00e9rien, est au c\u0153ur d&rsquo;un s\u00e9minaire organis\u00e9 mardi au mus\u00e9e public national de S\u00e9tif dans le<\/p>\n","protected":false},"author":6,"featured_media":86734,"comment_status":"open","ping_status":"closed","sticky":false,"template":"","format":"standard","meta":{"colormag_page_container_layout":"default_layout","colormag_page_sidebar_layout":"default_layout","om_disable_all_campaigns":false,"_monsterinsights_skip_tracking":false,"_monsterinsights_sitenote_active":false,"_monsterinsights_sitenote_note":"","_monsterinsights_sitenote_category":0,"footnotes":"","_wpscppro_dont_share_socialmedia":false,"_wpscppro_custom_social_share_image":0,"_facebook_share_type":"default","_twitter_share_type":"default","_linkedin_share_type":"default","_pinterest_share_type":"default","_linkedin_share_type_page":"","_instagram_share_type":"default","_medium_share_type":"default","_threads_share_type":"default","_google_business_share_type":"default","_selected_social_profile":[],"_wpsp_enable_custom_social_template":false,"_wpsp_social_scheduling":{"enabled":false,"datetime":null,"platforms":[],"status":"template_only","dateOption":"today","timeOption":"now","customDays":"","customHours":"","customDate":"","customTime":"","schedulingType":"absolute"},"_wpsp_active_default_template":true},"categories":[36],"tags":[],"class_list":["post-86733","post","type-post","status-publish","format-standard","has-post-thumbnail","hentry","category-culture"],"aioseo_notices":[],"yoast_head":"<!-- This site is optimized with the Yoast SEO plugin v27.5 - https:\/\/yoast.com\/product\/yoast-seo-wordpress\/ -->\n<title>Mois du patrimoine\u00a0: Le Karakou \u00e0 l\u2019honneur - La Sentinelle<\/title>\n<meta name=\"robots\" content=\"index, follow, max-snippet:-1, max-image-preview:large, max-video-preview:-1\" \/>\n<link rel=\"canonical\" href=\"https:\/\/lasentinelle.dz\/index.php\/2026\/04\/29\/mois-du-patrimoine-le-karakou-a-lhonneur\/\" \/>\n<meta property=\"og:locale\" content=\"fr_FR\" \/>\n<meta property=\"og:type\" content=\"article\" \/>\n<meta property=\"og:title\" content=\"Mois du patrimoine\u00a0: Le Karakou \u00e0 l\u2019honneur - La Sentinelle\" \/>\n<meta property=\"og:description\" content=\"Le karakou, habit traditionnel alg\u00e9rien, est au c\u0153ur d&rsquo;un s\u00e9minaire organis\u00e9 mardi au mus\u00e9e public national de S\u00e9tif dans le\" \/>\n<meta property=\"og:url\" content=\"https:\/\/lasentinelle.dz\/index.php\/2026\/04\/29\/mois-du-patrimoine-le-karakou-a-lhonneur\/\" \/>\n<meta property=\"og:site_name\" content=\"La Sentinelle\" \/>\n<meta property=\"article:publisher\" content=\"https:\/\/www.facebook.com\/La-Sentinelle-104059864394773\" \/>\n<meta property=\"article:published_time\" content=\"2026-04-29T17:35:19+00:00\" \/>\n<meta property=\"article:modified_time\" content=\"2026-05-01T17:36:12+00:00\" \/>\n<meta property=\"og:image\" content=\"https:\/\/lasentinelle.dz\/wp-content\/uploads\/2026\/05\/Karakou.jpg\" \/>\n\t<meta property=\"og:image:width\" content=\"1280\" \/>\n\t<meta property=\"og:image:height\" content=\"720\" \/>\n\t<meta property=\"og:image:type\" content=\"image\/jpeg\" \/>\n<meta name=\"author\" content=\"admin\" \/>\n<meta name=\"twitter:card\" content=\"summary_large_image\" \/>\n<meta name=\"twitter:label1\" content=\"\u00c9crit par\" \/>\n\t<meta name=\"twitter:data1\" content=\"admin\" \/>\n\t<meta name=\"twitter:label2\" content=\"Dur\u00e9e de lecture estim\u00e9e\" \/>\n\t<meta name=\"twitter:data2\" content=\"4 minutes\" \/>\n<script type=\"application\/ld+json\" class=\"yoast-schema-graph\">{\"@context\":\"https:\\\/\\\/schema.org\",\"@graph\":[{\"@type\":\"Article\",\"@id\":\"https:\\\/\\\/lasentinelle.dz\\\/index.php\\\/2026\\\/04\\\/29\\\/mois-du-patrimoine-le-karakou-a-lhonneur\\\/#article\",\"isPartOf\":{\"@id\":\"https:\\\/\\\/lasentinelle.dz\\\/index.php\\\/2026\\\/04\\\/29\\\/mois-du-patrimoine-le-karakou-a-lhonneur\\\/\"},\"author\":{\"name\":\"admin\",\"@id\":\"https:\\\/\\\/lasentinelle.dz\\\/#\\\/schema\\\/person\\\/729ee0024f24e0b8c5ec17232f8e8b41\"},\"headline\":\"Mois du patrimoine\u00a0: Le Karakou \u00e0 l\u2019honneur\",\"datePublished\":\"2026-04-29T17:35:19+00:00\",\"dateModified\":\"2026-05-01T17:36:12+00:00\",\"mainEntityOfPage\":{\"@id\":\"https:\\\/\\\/lasentinelle.dz\\\/index.php\\\/2026\\\/04\\\/29\\\/mois-du-patrimoine-le-karakou-a-lhonneur\\\/\"},\"wordCount\":767,\"commentCount\":0,\"publisher\":{\"@id\":\"https:\\\/\\\/lasentinelle.dz\\\/#organization\"},\"image\":{\"@id\":\"https:\\\/\\\/lasentinelle.dz\\\/index.php\\\/2026\\\/04\\\/29\\\/mois-du-patrimoine-le-karakou-a-lhonneur\\\/#primaryimage\"},\"thumbnailUrl\":\"https:\\\/\\\/lasentinelle.dz\\\/wp-content\\\/uploads\\\/2026\\\/05\\\/Karakou.jpg\",\"articleSection\":[\"Culture\"],\"inLanguage\":\"fr-FR\",\"potentialAction\":[{\"@type\":\"CommentAction\",\"name\":\"Comment\",\"target\":[\"https:\\\/\\\/lasentinelle.dz\\\/index.php\\\/2026\\\/04\\\/29\\\/mois-du-patrimoine-le-karakou-a-lhonneur\\\/#respond\"]}]},{\"@type\":\"WebPage\",\"@id\":\"https:\\\/\\\/lasentinelle.dz\\\/index.php\\\/2026\\\/04\\\/29\\\/mois-du-patrimoine-le-karakou-a-lhonneur\\\/\",\"url\":\"https:\\\/\\\/lasentinelle.dz\\\/index.php\\\/2026\\\/04\\\/29\\\/mois-du-patrimoine-le-karakou-a-lhonneur\\\/\",\"name\":\"Mois du patrimoine\u00a0: Le Karakou \u00e0 l\u2019honneur - La Sentinelle\",\"isPartOf\":{\"@id\":\"https:\\\/\\\/lasentinelle.dz\\\/#website\"},\"primaryImageOfPage\":{\"@id\":\"https:\\\/\\\/lasentinelle.dz\\\/index.php\\\/2026\\\/04\\\/29\\\/mois-du-patrimoine-le-karakou-a-lhonneur\\\/#primaryimage\"},\"image\":{\"@id\":\"https:\\\/\\\/lasentinelle.dz\\\/index.php\\\/2026\\\/04\\\/29\\\/mois-du-patrimoine-le-karakou-a-lhonneur\\\/#primaryimage\"},\"thumbnailUrl\":\"https:\\\/\\\/lasentinelle.dz\\\/wp-content\\\/uploads\\\/2026\\\/05\\\/Karakou.jpg\",\"datePublished\":\"2026-04-29T17:35:19+00:00\",\"dateModified\":\"2026-05-01T17:36:12+00:00\",\"breadcrumb\":{\"@id\":\"https:\\\/\\\/lasentinelle.dz\\\/index.php\\\/2026\\\/04\\\/29\\\/mois-du-patrimoine-le-karakou-a-lhonneur\\\/#breadcrumb\"},\"inLanguage\":\"fr-FR\",\"potentialAction\":[{\"@type\":\"ReadAction\",\"target\":[\"https:\\\/\\\/lasentinelle.dz\\\/index.php\\\/2026\\\/04\\\/29\\\/mois-du-patrimoine-le-karakou-a-lhonneur\\\/\"]}]},{\"@type\":\"ImageObject\",\"inLanguage\":\"fr-FR\",\"@id\":\"https:\\\/\\\/lasentinelle.dz\\\/index.php\\\/2026\\\/04\\\/29\\\/mois-du-patrimoine-le-karakou-a-lhonneur\\\/#primaryimage\",\"url\":\"https:\\\/\\\/lasentinelle.dz\\\/wp-content\\\/uploads\\\/2026\\\/05\\\/Karakou.jpg\",\"contentUrl\":\"https:\\\/\\\/lasentinelle.dz\\\/wp-content\\\/uploads\\\/2026\\\/05\\\/Karakou.jpg\",\"width\":1280,\"height\":720},{\"@type\":\"BreadcrumbList\",\"@id\":\"https:\\\/\\\/lasentinelle.dz\\\/index.php\\\/2026\\\/04\\\/29\\\/mois-du-patrimoine-le-karakou-a-lhonneur\\\/#breadcrumb\",\"itemListElement\":[{\"@type\":\"ListItem\",\"position\":1,\"name\":\"Accueil\",\"item\":\"https:\\\/\\\/lasentinelle.dz\\\/\"},{\"@type\":\"ListItem\",\"position\":2,\"name\":\"Mois du patrimoine\u00a0: Le Karakou \u00e0 l\u2019honneur\"}]},{\"@type\":\"WebSite\",\"@id\":\"https:\\\/\\\/lasentinelle.dz\\\/#website\",\"url\":\"https:\\\/\\\/lasentinelle.dz\\\/\",\"name\":\"La Sentinelle\",\"description\":\"Quotidien national d&#039;information\",\"publisher\":{\"@id\":\"https:\\\/\\\/lasentinelle.dz\\\/#organization\"},\"potentialAction\":[{\"@type\":\"SearchAction\",\"target\":{\"@type\":\"EntryPoint\",\"urlTemplate\":\"https:\\\/\\\/lasentinelle.dz\\\/?s={search_term_string}\"},\"query-input\":{\"@type\":\"PropertyValueSpecification\",\"valueRequired\":true,\"valueName\":\"search_term_string\"}}],\"inLanguage\":\"fr-FR\"},{\"@type\":\"Organization\",\"@id\":\"https:\\\/\\\/lasentinelle.dz\\\/#organization\",\"name\":\"Quotidien La Sentinelle\",\"url\":\"https:\\\/\\\/lasentinelle.dz\\\/\",\"logo\":{\"@type\":\"ImageObject\",\"inLanguage\":\"fr-FR\",\"@id\":\"https:\\\/\\\/lasentinelle.dz\\\/#\\\/schema\\\/logo\\\/image\\\/\",\"url\":\"https:\\\/\\\/lasentinelle.dz\\\/wp-content\\\/uploads\\\/2021\\\/09\\\/logo-sentinelleSLOGAN-1.png\",\"contentUrl\":\"https:\\\/\\\/lasentinelle.dz\\\/wp-content\\\/uploads\\\/2021\\\/09\\\/logo-sentinelleSLOGAN-1.png\",\"width\":615,\"height\":142,\"caption\":\"Quotidien La Sentinelle\"},\"image\":{\"@id\":\"https:\\\/\\\/lasentinelle.dz\\\/#\\\/schema\\\/logo\\\/image\\\/\"},\"sameAs\":[\"https:\\\/\\\/www.facebook.com\\\/La-Sentinelle-104059864394773\"]},{\"@type\":\"Person\",\"@id\":\"https:\\\/\\\/lasentinelle.dz\\\/#\\\/schema\\\/person\\\/729ee0024f24e0b8c5ec17232f8e8b41\",\"name\":\"admin\",\"image\":{\"@type\":\"ImageObject\",\"inLanguage\":\"fr-FR\",\"@id\":\"https:\\\/\\\/secure.gravatar.com\\\/avatar\\\/4c81fed838786e9b53f540bf46533e750f5d292099ae3b66cfc6fb1982e29df7?s=96&d=mm&r=g\",\"url\":\"https:\\\/\\\/secure.gravatar.com\\\/avatar\\\/4c81fed838786e9b53f540bf46533e750f5d292099ae3b66cfc6fb1982e29df7?s=96&d=mm&r=g\",\"contentUrl\":\"https:\\\/\\\/secure.gravatar.com\\\/avatar\\\/4c81fed838786e9b53f540bf46533e750f5d292099ae3b66cfc6fb1982e29df7?s=96&d=mm&r=g\",\"caption\":\"admin\"},\"description\":\"admin\",\"url\":\"https:\\\/\\\/lasentinelle.dz\\\/author\\\/admin\\\/\"}]}<\/script>\n<!-- \/ Yoast SEO plugin. -->","yoast_head_json":{"title":"Mois du patrimoine\u00a0: Le Karakou \u00e0 l\u2019honneur - La Sentinelle","robots":{"index":"index","follow":"follow","max-snippet":"max-snippet:-1","max-image-preview":"max-image-preview:large","max-video-preview":"max-video-preview:-1"},"canonical":"https:\/\/lasentinelle.dz\/index.php\/2026\/04\/29\/mois-du-patrimoine-le-karakou-a-lhonneur\/","og_locale":"fr_FR","og_type":"article","og_title":"Mois du patrimoine\u00a0: Le Karakou \u00e0 l\u2019honneur - La Sentinelle","og_description":"Le karakou, habit traditionnel alg\u00e9rien, est au c\u0153ur d&rsquo;un s\u00e9minaire organis\u00e9 mardi au mus\u00e9e public national de S\u00e9tif dans le","og_url":"https:\/\/lasentinelle.dz\/index.php\/2026\/04\/29\/mois-du-patrimoine-le-karakou-a-lhonneur\/","og_site_name":"La Sentinelle","article_publisher":"https:\/\/www.facebook.com\/La-Sentinelle-104059864394773","article_published_time":"2026-04-29T17:35:19+00:00","article_modified_time":"2026-05-01T17:36:12+00:00","og_image":[{"width":1280,"height":720,"url":"https:\/\/lasentinelle.dz\/wp-content\/uploads\/2026\/05\/Karakou.jpg","type":"image\/jpeg"}],"author":"admin","twitter_card":"summary_large_image","twitter_misc":{"\u00c9crit par":"admin","Dur\u00e9e de lecture estim\u00e9e":"4 minutes"},"schema":{"@context":"https:\/\/schema.org","@graph":[{"@type":"Article","@id":"https:\/\/lasentinelle.dz\/index.php\/2026\/04\/29\/mois-du-patrimoine-le-karakou-a-lhonneur\/#article","isPartOf":{"@id":"https:\/\/lasentinelle.dz\/index.php\/2026\/04\/29\/mois-du-patrimoine-le-karakou-a-lhonneur\/"},"author":{"name":"admin","@id":"https:\/\/lasentinelle.dz\/#\/schema\/person\/729ee0024f24e0b8c5ec17232f8e8b41"},"headline":"Mois du patrimoine\u00a0: Le Karakou \u00e0 l\u2019honneur","datePublished":"2026-04-29T17:35:19+00:00","dateModified":"2026-05-01T17:36:12+00:00","mainEntityOfPage":{"@id":"https:\/\/lasentinelle.dz\/index.php\/2026\/04\/29\/mois-du-patrimoine-le-karakou-a-lhonneur\/"},"wordCount":767,"commentCount":0,"publisher":{"@id":"https:\/\/lasentinelle.dz\/#organization"},"image":{"@id":"https:\/\/lasentinelle.dz\/index.php\/2026\/04\/29\/mois-du-patrimoine-le-karakou-a-lhonneur\/#primaryimage"},"thumbnailUrl":"https:\/\/lasentinelle.dz\/wp-content\/uploads\/2026\/05\/Karakou.jpg","articleSection":["Culture"],"inLanguage":"fr-FR","potentialAction":[{"@type":"CommentAction","name":"Comment","target":["https:\/\/lasentinelle.dz\/index.php\/2026\/04\/29\/mois-du-patrimoine-le-karakou-a-lhonneur\/#respond"]}]},{"@type":"WebPage","@id":"https:\/\/lasentinelle.dz\/index.php\/2026\/04\/29\/mois-du-patrimoine-le-karakou-a-lhonneur\/","url":"https:\/\/lasentinelle.dz\/index.php\/2026\/04\/29\/mois-du-patrimoine-le-karakou-a-lhonneur\/","name":"Mois du patrimoine\u00a0: Le Karakou \u00e0 l\u2019honneur - La Sentinelle","isPartOf":{"@id":"https:\/\/lasentinelle.dz\/#website"},"primaryImageOfPage":{"@id":"https:\/\/lasentinelle.dz\/index.php\/2026\/04\/29\/mois-du-patrimoine-le-karakou-a-lhonneur\/#primaryimage"},"image":{"@id":"https:\/\/lasentinelle.dz\/index.php\/2026\/04\/29\/mois-du-patrimoine-le-karakou-a-lhonneur\/#primaryimage"},"thumbnailUrl":"https:\/\/lasentinelle.dz\/wp-content\/uploads\/2026\/05\/Karakou.jpg","datePublished":"2026-04-29T17:35:19+00:00","dateModified":"2026-05-01T17:36:12+00:00","breadcrumb":{"@id":"https:\/\/lasentinelle.dz\/index.php\/2026\/04\/29\/mois-du-patrimoine-le-karakou-a-lhonneur\/#breadcrumb"},"inLanguage":"fr-FR","potentialAction":[{"@type":"ReadAction","target":["https:\/\/lasentinelle.dz\/index.php\/2026\/04\/29\/mois-du-patrimoine-le-karakou-a-lhonneur\/"]}]},{"@type":"ImageObject","inLanguage":"fr-FR","@id":"https:\/\/lasentinelle.dz\/index.php\/2026\/04\/29\/mois-du-patrimoine-le-karakou-a-lhonneur\/#primaryimage","url":"https:\/\/lasentinelle.dz\/wp-content\/uploads\/2026\/05\/Karakou.jpg","contentUrl":"https:\/\/lasentinelle.dz\/wp-content\/uploads\/2026\/05\/Karakou.jpg","width":1280,"height":720},{"@type":"BreadcrumbList","@id":"https:\/\/lasentinelle.dz\/index.php\/2026\/04\/29\/mois-du-patrimoine-le-karakou-a-lhonneur\/#breadcrumb","itemListElement":[{"@type":"ListItem","position":1,"name":"Accueil","item":"https:\/\/lasentinelle.dz\/"},{"@type":"ListItem","position":2,"name":"Mois du patrimoine\u00a0: Le Karakou \u00e0 l\u2019honneur"}]},{"@type":"WebSite","@id":"https:\/\/lasentinelle.dz\/#website","url":"https:\/\/lasentinelle.dz\/","name":"La Sentinelle","description":"Quotidien national d&#039;information","publisher":{"@id":"https:\/\/lasentinelle.dz\/#organization"},"potentialAction":[{"@type":"SearchAction","target":{"@type":"EntryPoint","urlTemplate":"https:\/\/lasentinelle.dz\/?s={search_term_string}"},"query-input":{"@type":"PropertyValueSpecification","valueRequired":true,"valueName":"search_term_string"}}],"inLanguage":"fr-FR"},{"@type":"Organization","@id":"https:\/\/lasentinelle.dz\/#organization","name":"Quotidien La Sentinelle","url":"https:\/\/lasentinelle.dz\/","logo":{"@type":"ImageObject","inLanguage":"fr-FR","@id":"https:\/\/lasentinelle.dz\/#\/schema\/logo\/image\/","url":"https:\/\/lasentinelle.dz\/wp-content\/uploads\/2021\/09\/logo-sentinelleSLOGAN-1.png","contentUrl":"https:\/\/lasentinelle.dz\/wp-content\/uploads\/2021\/09\/logo-sentinelleSLOGAN-1.png","width":615,"height":142,"caption":"Quotidien La Sentinelle"},"image":{"@id":"https:\/\/lasentinelle.dz\/#\/schema\/logo\/image\/"},"sameAs":["https:\/\/www.facebook.com\/La-Sentinelle-104059864394773"]},{"@type":"Person","@id":"https:\/\/lasentinelle.dz\/#\/schema\/person\/729ee0024f24e0b8c5ec17232f8e8b41","name":"admin","image":{"@type":"ImageObject","inLanguage":"fr-FR","@id":"https:\/\/secure.gravatar.com\/avatar\/4c81fed838786e9b53f540bf46533e750f5d292099ae3b66cfc6fb1982e29df7?s=96&d=mm&r=g","url":"https:\/\/secure.gravatar.com\/avatar\/4c81fed838786e9b53f540bf46533e750f5d292099ae3b66cfc6fb1982e29df7?s=96&d=mm&r=g","contentUrl":"https:\/\/secure.gravatar.com\/avatar\/4c81fed838786e9b53f540bf46533e750f5d292099ae3b66cfc6fb1982e29df7?s=96&d=mm&r=g","caption":"admin"},"description":"admin","url":"https:\/\/lasentinelle.dz\/author\/admin\/"}]}},"_links":{"self":[{"href":"https:\/\/lasentinelle.dz\/index.php\/wp-json\/wp\/v2\/posts\/86733","targetHints":{"allow":["GET"]}}],"collection":[{"href":"https:\/\/lasentinelle.dz\/index.php\/wp-json\/wp\/v2\/posts"}],"about":[{"href":"https:\/\/lasentinelle.dz\/index.php\/wp-json\/wp\/v2\/types\/post"}],"author":[{"embeddable":true,"href":"https:\/\/lasentinelle.dz\/index.php\/wp-json\/wp\/v2\/users\/6"}],"replies":[{"embeddable":true,"href":"https:\/\/lasentinelle.dz\/index.php\/wp-json\/wp\/v2\/comments?post=86733"}],"version-history":[{"count":1,"href":"https:\/\/lasentinelle.dz\/index.php\/wp-json\/wp\/v2\/posts\/86733\/revisions"}],"predecessor-version":[{"id":86735,"href":"https:\/\/lasentinelle.dz\/index.php\/wp-json\/wp\/v2\/posts\/86733\/revisions\/86735"}],"wp:featuredmedia":[{"embeddable":true,"href":"https:\/\/lasentinelle.dz\/index.php\/wp-json\/wp\/v2\/media\/86734"}],"wp:attachment":[{"href":"https:\/\/lasentinelle.dz\/index.php\/wp-json\/wp\/v2\/media?parent=86733"}],"wp:term":[{"taxonomy":"category","embeddable":true,"href":"https:\/\/lasentinelle.dz\/index.php\/wp-json\/wp\/v2\/categories?post=86733"},{"taxonomy":"post_tag","embeddable":true,"href":"https:\/\/lasentinelle.dz\/index.php\/wp-json\/wp\/v2\/tags?post=86733"}],"curies":[{"name":"wp","href":"https:\/\/api.w.org\/{rel}","templated":true}]}}