{"id":86741,"date":"2026-04-29T18:39:51","date_gmt":"2026-04-29T17:39:51","guid":{"rendered":"https:\/\/lasentinelle.dz\/?p=86741"},"modified":"2026-05-01T18:41:47","modified_gmt":"2026-05-01T17:41:47","slug":"championnats-dafrique-de-lutte-u17-lalgerie-frappe-fort-a-alexandrie","status":"publish","type":"post","link":"https:\/\/lasentinelle.dz\/index.php\/2026\/04\/29\/championnats-dafrique-de-lutte-u17-lalgerie-frappe-fort-a-alexandrie\/","title":{"rendered":"Championnats d&rsquo;Afrique de lutte U17\u00a0: L&rsquo;Alg\u00e9rie frappe fort \u00e0 Alexandrie"},"content":{"rendered":"\n<p>Six m\u00e9dailles d&rsquo;or et quatre d&rsquo;argent en deux jours. L&rsquo;\u00e9quipe nationale alg\u00e9rienne de lutte a r\u00e9alis\u00e9 un d\u00e9but de comp\u00e9tition remarquable aux Championnats d&rsquo;Afrique des moins de 17 ans, disput\u00e9s \u00e0 Alexandrie depuis le 26 avril, s&rsquo;imposant d&#8217;embl\u00e9e comme l&rsquo;une des forces dominantes de ce rendez-vous continental.<\/p>\n\n\n\n<p>D\u00e8s la premi\u00e8re journ\u00e9e, consacr\u00e9e \u00e0 la lutte gr\u00e9co-romaine, trois jeunes Alg\u00e9riens ont d\u00e9croch\u00e9 l&rsquo;or : Houssam Eddine Bouha dans la cat\u00e9gorie des 48 kg, Boumaza Ly\u00e8s aux 51 kg, et Houdaifa Boutarfa\u00efa aux 71 kg. Quatre autres athl\u00e8tes ont compl\u00e9t\u00e9 la r\u00e9colte avec des m\u00e9dailles d&rsquo;argent \u2014 Benamar El Baraa (60 kg), Bouchibi Bachir (65 kg) et Taha Menasria (92 kg) chez les gar\u00e7ons, ainsi que Meriem Gharib (43 kg) en lutte f\u00e9minine, confirmant la profondeur d&rsquo;un effectif qui ne se limite pas \u00e0 quelques individualit\u00e9s. Le lendemain, en lutte libre, la dynamique ne s&rsquo;est pas essouffl\u00e9e. Youcef Boukhalfa (51 kg), Aymen Zaghdane (55 kg) et Ihab Berghouche (65 kg) ont chacun d\u00e9croch\u00e9 leur titre continental, portant \u00e0 six le nombre de m\u00e9dailles d&rsquo;or alg\u00e9riennes en quarante-huit heures. La comp\u00e9tition n&rsquo;\u00e9tait pas encore termin\u00e9e \u00e0 l&rsquo;heure du bilan provisoire : Abderrahmane Houssem Lakhdari s&rsquo;\u00e9tait qualifi\u00e9 pour la finale des 71 kg en lutte libre, laissant entrevoir la possibilit\u00e9 d&rsquo;un septi\u00e8me or. Au total, c&rsquo;est une d\u00e9l\u00e9gation de 53 lutteurs et lutteuses que l&rsquo;Alg\u00e9rie a engag\u00e9s dans trois disciplines \u2014 lutte libre, gr\u00e9co-romaine et f\u00e9minine \u2014 et dans plusieurs cat\u00e9gories d&rsquo;\u00e2ge, des moins de 17 ans aux seniors. Un effectif large, dont les cadets ont d\u00e9j\u00e0 prouv\u00e9 qu&rsquo;ils n&rsquo;avaient pas fait le d\u00e9placement pour figurer. Mercredi a \u00e9t\u00e9 marqu\u00e9e par l&rsquo;entr\u00e9e en lice des cat\u00e9gories U20 suivis des seniors qui diront si cette premi\u00e8re salve annonce une domination durable. Mais pour l&rsquo;heure, le tableau des m\u00e9dailles raconte une histoire simple : l&rsquo;Alg\u00e9rie wrestle, et l&rsquo;Alg\u00e9rie gagne.<\/p>\n\n\n\n<p>M. Dahleb<\/p>\n","protected":false},"excerpt":{"rendered":"<p>Six m\u00e9dailles d&rsquo;or et quatre d&rsquo;argent en deux jours. L&rsquo;\u00e9quipe nationale alg\u00e9rienne de lutte a r\u00e9alis\u00e9 un d\u00e9but de comp\u00e9tition<\/p>\n","protected":false},"author":6,"featured_media":86742,"comment_status":"open","ping_status":"closed","sticky":false,"template":"","format":"standard","meta":{"colormag_page_container_layout":"default_layout","colormag_page_sidebar_layout":"default_layout","om_disable_all_campaigns":false,"_monsterinsights_skip_tracking":false,"_monsterinsights_sitenote_active":false,"_monsterinsights_sitenote_note":"","_monsterinsights_sitenote_category":0,"footnotes":"","_wpscppro_dont_share_socialmedia":false,"_wpscppro_custom_social_share_image":0,"_facebook_share_type":"default","_twitter_share_type":"default","_linkedin_share_type":"default","_pinterest_share_type":"default","_linkedin_share_type_page":"","_instagram_share_type":"default","_medium_share_type":"default","_threads_share_type":"default","_google_business_share_type":"default","_selected_social_profile":[],"_wpsp_enable_custom_social_template":false,"_wpsp_social_scheduling":{"enabled":false,"datetime":null,"platforms":[],"status":"template_only","dateOption":"today","timeOption":"now","customDays":"","customHours":"","customDate":"","customTime":"","schedulingType":"absolute"},"_wpsp_active_default_template":true},"categories":[33],"tags":[],"class_list":["post-86741","post","type-post","status-publish","format-standard","has-post-thumbnail","hentry","category-sports"],"aioseo_notices":[],"yoast_head":"<!-- This site is optimized with the Yoast SEO plugin v27.5 - https:\/\/yoast.com\/product\/yoast-seo-wordpress\/ -->\n<title>Championnats d&rsquo;Afrique de lutte U17\u00a0: L&rsquo;Alg\u00e9rie frappe fort \u00e0 Alexandrie - La Sentinelle<\/title>\n<meta name=\"robots\" content=\"index, follow, max-snippet:-1, max-image-preview:large, max-video-preview:-1\" \/>\n<link rel=\"canonical\" href=\"https:\/\/lasentinelle.dz\/index.php\/2026\/04\/29\/championnats-dafrique-de-lutte-u17-lalgerie-frappe-fort-a-alexandrie\/\" \/>\n<meta property=\"og:locale\" content=\"fr_FR\" \/>\n<meta property=\"og:type\" content=\"article\" \/>\n<meta property=\"og:title\" content=\"Championnats d&rsquo;Afrique de lutte U17\u00a0: L&rsquo;Alg\u00e9rie frappe fort \u00e0 Alexandrie - La Sentinelle\" \/>\n<meta property=\"og:description\" content=\"Six m\u00e9dailles d&rsquo;or et quatre d&rsquo;argent en deux jours. L&rsquo;\u00e9quipe nationale alg\u00e9rienne de lutte a r\u00e9alis\u00e9 un d\u00e9but de comp\u00e9tition\" \/>\n<meta property=\"og:url\" content=\"https:\/\/lasentinelle.dz\/index.php\/2026\/04\/29\/championnats-dafrique-de-lutte-u17-lalgerie-frappe-fort-a-alexandrie\/\" \/>\n<meta property=\"og:site_name\" content=\"La Sentinelle\" \/>\n<meta property=\"article:publisher\" content=\"https:\/\/www.facebook.com\/La-Sentinelle-104059864394773\" \/>\n<meta property=\"article:published_time\" content=\"2026-04-29T17:39:51+00:00\" \/>\n<meta property=\"article:modified_time\" content=\"2026-05-01T17:41:47+00:00\" \/>\n<meta property=\"og:image\" content=\"https:\/\/lasentinelle.dz\/wp-content\/uploads\/2026\/05\/lutte-e1777657273146.jpg\" \/>\n\t<meta property=\"og:image:width\" content=\"853\" \/>\n\t<meta property=\"og:image:height\" content=\"660\" \/>\n\t<meta property=\"og:image:type\" content=\"image\/jpeg\" \/>\n<meta name=\"author\" content=\"admin\" \/>\n<meta name=\"twitter:card\" content=\"summary_large_image\" \/>\n<meta name=\"twitter:label1\" content=\"\u00c9crit par\" \/>\n\t<meta name=\"twitter:data1\" content=\"admin\" \/>\n\t<meta name=\"twitter:label2\" content=\"Dur\u00e9e de lecture estim\u00e9e\" \/>\n\t<meta name=\"twitter:data2\" content=\"2 minutes\" \/>\n<script type=\"application\/ld+json\" class=\"yoast-schema-graph\">{\"@context\":\"https:\\\/\\\/schema.org\",\"@graph\":[{\"@type\":\"Article\",\"@id\":\"https:\\\/\\\/lasentinelle.dz\\\/index.php\\\/2026\\\/04\\\/29\\\/championnats-dafrique-de-lutte-u17-lalgerie-frappe-fort-a-alexandrie\\\/#article\",\"isPartOf\":{\"@id\":\"https:\\\/\\\/lasentinelle.dz\\\/index.php\\\/2026\\\/04\\\/29\\\/championnats-dafrique-de-lutte-u17-lalgerie-frappe-fort-a-alexandrie\\\/\"},\"author\":{\"name\":\"admin\",\"@id\":\"https:\\\/\\\/lasentinelle.dz\\\/#\\\/schema\\\/person\\\/729ee0024f24e0b8c5ec17232f8e8b41\"},\"headline\":\"Championnats d&rsquo;Afrique de lutte U17\u00a0: L&rsquo;Alg\u00e9rie frappe fort \u00e0 Alexandrie\",\"datePublished\":\"2026-04-29T17:39:51+00:00\",\"dateModified\":\"2026-05-01T17:41:47+00:00\",\"mainEntityOfPage\":{\"@id\":\"https:\\\/\\\/lasentinelle.dz\\\/index.php\\\/2026\\\/04\\\/29\\\/championnats-dafrique-de-lutte-u17-lalgerie-frappe-fort-a-alexandrie\\\/\"},\"wordCount\":365,\"commentCount\":0,\"publisher\":{\"@id\":\"https:\\\/\\\/lasentinelle.dz\\\/#organization\"},\"image\":{\"@id\":\"https:\\\/\\\/lasentinelle.dz\\\/index.php\\\/2026\\\/04\\\/29\\\/championnats-dafrique-de-lutte-u17-lalgerie-frappe-fort-a-alexandrie\\\/#primaryimage\"},\"thumbnailUrl\":\"https:\\\/\\\/lasentinelle.dz\\\/wp-content\\\/uploads\\\/2026\\\/05\\\/lutte-e1777657273146.jpg\",\"articleSection\":[\"Sports\"],\"inLanguage\":\"fr-FR\",\"potentialAction\":[{\"@type\":\"CommentAction\",\"name\":\"Comment\",\"target\":[\"https:\\\/\\\/lasentinelle.dz\\\/index.php\\\/2026\\\/04\\\/29\\\/championnats-dafrique-de-lutte-u17-lalgerie-frappe-fort-a-alexandrie\\\/#respond\"]}]},{\"@type\":\"WebPage\",\"@id\":\"https:\\\/\\\/lasentinelle.dz\\\/index.php\\\/2026\\\/04\\\/29\\\/championnats-dafrique-de-lutte-u17-lalgerie-frappe-fort-a-alexandrie\\\/\",\"url\":\"https:\\\/\\\/lasentinelle.dz\\\/index.php\\\/2026\\\/04\\\/29\\\/championnats-dafrique-de-lutte-u17-lalgerie-frappe-fort-a-alexandrie\\\/\",\"name\":\"Championnats d&rsquo;Afrique de lutte U17\u00a0: L&rsquo;Alg\u00e9rie frappe fort \u00e0 Alexandrie - La Sentinelle\",\"isPartOf\":{\"@id\":\"https:\\\/\\\/lasentinelle.dz\\\/#website\"},\"primaryImageOfPage\":{\"@id\":\"https:\\\/\\\/lasentinelle.dz\\\/index.php\\\/2026\\\/04\\\/29\\\/championnats-dafrique-de-lutte-u17-lalgerie-frappe-fort-a-alexandrie\\\/#primaryimage\"},\"image\":{\"@id\":\"https:\\\/\\\/lasentinelle.dz\\\/index.php\\\/2026\\\/04\\\/29\\\/championnats-dafrique-de-lutte-u17-lalgerie-frappe-fort-a-alexandrie\\\/#primaryimage\"},\"thumbnailUrl\":\"https:\\\/\\\/lasentinelle.dz\\\/wp-content\\\/uploads\\\/2026\\\/05\\\/lutte-e1777657273146.jpg\",\"datePublished\":\"2026-04-29T17:39:51+00:00\",\"dateModified\":\"2026-05-01T17:41:47+00:00\",\"breadcrumb\":{\"@id\":\"https:\\\/\\\/lasentinelle.dz\\\/index.php\\\/2026\\\/04\\\/29\\\/championnats-dafrique-de-lutte-u17-lalgerie-frappe-fort-a-alexandrie\\\/#breadcrumb\"},\"inLanguage\":\"fr-FR\",\"potentialAction\":[{\"@type\":\"ReadAction\",\"target\":[\"https:\\\/\\\/lasentinelle.dz\\\/index.php\\\/2026\\\/04\\\/29\\\/championnats-dafrique-de-lutte-u17-lalgerie-frappe-fort-a-alexandrie\\\/\"]}]},{\"@type\":\"ImageObject\",\"inLanguage\":\"fr-FR\",\"@id\":\"https:\\\/\\\/lasentinelle.dz\\\/index.php\\\/2026\\\/04\\\/29\\\/championnats-dafrique-de-lutte-u17-lalgerie-frappe-fort-a-alexandrie\\\/#primaryimage\",\"url\":\"https:\\\/\\\/lasentinelle.dz\\\/wp-content\\\/uploads\\\/2026\\\/05\\\/lutte-e1777657273146.jpg\",\"contentUrl\":\"https:\\\/\\\/lasentinelle.dz\\\/wp-content\\\/uploads\\\/2026\\\/05\\\/lutte-e1777657273146.jpg\",\"width\":853,\"height\":660},{\"@type\":\"BreadcrumbList\",\"@id\":\"https:\\\/\\\/lasentinelle.dz\\\/index.php\\\/2026\\\/04\\\/29\\\/championnats-dafrique-de-lutte-u17-lalgerie-frappe-fort-a-alexandrie\\\/#breadcrumb\",\"itemListElement\":[{\"@type\":\"ListItem\",\"position\":1,\"name\":\"Accueil\",\"item\":\"https:\\\/\\\/lasentinelle.dz\\\/\"},{\"@type\":\"ListItem\",\"position\":2,\"name\":\"Championnats d&rsquo;Afrique de lutte U17\u00a0: L&rsquo;Alg\u00e9rie frappe fort \u00e0 Alexandrie\"}]},{\"@type\":\"WebSite\",\"@id\":\"https:\\\/\\\/lasentinelle.dz\\\/#website\",\"url\":\"https:\\\/\\\/lasentinelle.dz\\\/\",\"name\":\"La Sentinelle\",\"description\":\"Quotidien national d&#039;information\",\"publisher\":{\"@id\":\"https:\\\/\\\/lasentinelle.dz\\\/#organization\"},\"potentialAction\":[{\"@type\":\"SearchAction\",\"target\":{\"@type\":\"EntryPoint\",\"urlTemplate\":\"https:\\\/\\\/lasentinelle.dz\\\/?s={search_term_string}\"},\"query-input\":{\"@type\":\"PropertyValueSpecification\",\"valueRequired\":true,\"valueName\":\"search_term_string\"}}],\"inLanguage\":\"fr-FR\"},{\"@type\":\"Organization\",\"@id\":\"https:\\\/\\\/lasentinelle.dz\\\/#organization\",\"name\":\"Quotidien La Sentinelle\",\"url\":\"https:\\\/\\\/lasentinelle.dz\\\/\",\"logo\":{\"@type\":\"ImageObject\",\"inLanguage\":\"fr-FR\",\"@id\":\"https:\\\/\\\/lasentinelle.dz\\\/#\\\/schema\\\/logo\\\/image\\\/\",\"url\":\"https:\\\/\\\/lasentinelle.dz\\\/wp-content\\\/uploads\\\/2021\\\/09\\\/logo-sentinelleSLOGAN-1.png\",\"contentUrl\":\"https:\\\/\\\/lasentinelle.dz\\\/wp-content\\\/uploads\\\/2021\\\/09\\\/logo-sentinelleSLOGAN-1.png\",\"width\":615,\"height\":142,\"caption\":\"Quotidien La Sentinelle\"},\"image\":{\"@id\":\"https:\\\/\\\/lasentinelle.dz\\\/#\\\/schema\\\/logo\\\/image\\\/\"},\"sameAs\":[\"https:\\\/\\\/www.facebook.com\\\/La-Sentinelle-104059864394773\"]},{\"@type\":\"Person\",\"@id\":\"https:\\\/\\\/lasentinelle.dz\\\/#\\\/schema\\\/person\\\/729ee0024f24e0b8c5ec17232f8e8b41\",\"name\":\"admin\",\"image\":{\"@type\":\"ImageObject\",\"inLanguage\":\"fr-FR\",\"@id\":\"https:\\\/\\\/secure.gravatar.com\\\/avatar\\\/4c81fed838786e9b53f540bf46533e750f5d292099ae3b66cfc6fb1982e29df7?s=96&d=mm&r=g\",\"url\":\"https:\\\/\\\/secure.gravatar.com\\\/avatar\\\/4c81fed838786e9b53f540bf46533e750f5d292099ae3b66cfc6fb1982e29df7?s=96&d=mm&r=g\",\"contentUrl\":\"https:\\\/\\\/secure.gravatar.com\\\/avatar\\\/4c81fed838786e9b53f540bf46533e750f5d292099ae3b66cfc6fb1982e29df7?s=96&d=mm&r=g\",\"caption\":\"admin\"},\"description\":\"admin\",\"url\":\"https:\\\/\\\/lasentinelle.dz\\\/author\\\/admin\\\/\"}]}<\/script>\n<!-- \/ Yoast SEO plugin. -->","yoast_head_json":{"title":"Championnats d&rsquo;Afrique de lutte U17\u00a0: L&rsquo;Alg\u00e9rie frappe fort \u00e0 Alexandrie - La Sentinelle","robots":{"index":"index","follow":"follow","max-snippet":"max-snippet:-1","max-image-preview":"max-image-preview:large","max-video-preview":"max-video-preview:-1"},"canonical":"https:\/\/lasentinelle.dz\/index.php\/2026\/04\/29\/championnats-dafrique-de-lutte-u17-lalgerie-frappe-fort-a-alexandrie\/","og_locale":"fr_FR","og_type":"article","og_title":"Championnats d&rsquo;Afrique de lutte U17\u00a0: L&rsquo;Alg\u00e9rie frappe fort \u00e0 Alexandrie - La Sentinelle","og_description":"Six m\u00e9dailles d&rsquo;or et quatre d&rsquo;argent en deux jours. L&rsquo;\u00e9quipe nationale alg\u00e9rienne de lutte a r\u00e9alis\u00e9 un d\u00e9but de comp\u00e9tition","og_url":"https:\/\/lasentinelle.dz\/index.php\/2026\/04\/29\/championnats-dafrique-de-lutte-u17-lalgerie-frappe-fort-a-alexandrie\/","og_site_name":"La Sentinelle","article_publisher":"https:\/\/www.facebook.com\/La-Sentinelle-104059864394773","article_published_time":"2026-04-29T17:39:51+00:00","article_modified_time":"2026-05-01T17:41:47+00:00","og_image":[{"width":853,"height":660,"url":"https:\/\/lasentinelle.dz\/wp-content\/uploads\/2026\/05\/lutte-e1777657273146.jpg","type":"image\/jpeg"}],"author":"admin","twitter_card":"summary_large_image","twitter_misc":{"\u00c9crit par":"admin","Dur\u00e9e de lecture estim\u00e9e":"2 minutes"},"schema":{"@context":"https:\/\/schema.org","@graph":[{"@type":"Article","@id":"https:\/\/lasentinelle.dz\/index.php\/2026\/04\/29\/championnats-dafrique-de-lutte-u17-lalgerie-frappe-fort-a-alexandrie\/#article","isPartOf":{"@id":"https:\/\/lasentinelle.dz\/index.php\/2026\/04\/29\/championnats-dafrique-de-lutte-u17-lalgerie-frappe-fort-a-alexandrie\/"},"author":{"name":"admin","@id":"https:\/\/lasentinelle.dz\/#\/schema\/person\/729ee0024f24e0b8c5ec17232f8e8b41"},"headline":"Championnats d&rsquo;Afrique de lutte U17\u00a0: L&rsquo;Alg\u00e9rie frappe fort \u00e0 Alexandrie","datePublished":"2026-04-29T17:39:51+00:00","dateModified":"2026-05-01T17:41:47+00:00","mainEntityOfPage":{"@id":"https:\/\/lasentinelle.dz\/index.php\/2026\/04\/29\/championnats-dafrique-de-lutte-u17-lalgerie-frappe-fort-a-alexandrie\/"},"wordCount":365,"commentCount":0,"publisher":{"@id":"https:\/\/lasentinelle.dz\/#organization"},"image":{"@id":"https:\/\/lasentinelle.dz\/index.php\/2026\/04\/29\/championnats-dafrique-de-lutte-u17-lalgerie-frappe-fort-a-alexandrie\/#primaryimage"},"thumbnailUrl":"https:\/\/lasentinelle.dz\/wp-content\/uploads\/2026\/05\/lutte-e1777657273146.jpg","articleSection":["Sports"],"inLanguage":"fr-FR","potentialAction":[{"@type":"CommentAction","name":"Comment","target":["https:\/\/lasentinelle.dz\/index.php\/2026\/04\/29\/championnats-dafrique-de-lutte-u17-lalgerie-frappe-fort-a-alexandrie\/#respond"]}]},{"@type":"WebPage","@id":"https:\/\/lasentinelle.dz\/index.php\/2026\/04\/29\/championnats-dafrique-de-lutte-u17-lalgerie-frappe-fort-a-alexandrie\/","url":"https:\/\/lasentinelle.dz\/index.php\/2026\/04\/29\/championnats-dafrique-de-lutte-u17-lalgerie-frappe-fort-a-alexandrie\/","name":"Championnats d&rsquo;Afrique de lutte U17\u00a0: L&rsquo;Alg\u00e9rie frappe fort \u00e0 Alexandrie - La Sentinelle","isPartOf":{"@id":"https:\/\/lasentinelle.dz\/#website"},"primaryImageOfPage":{"@id":"https:\/\/lasentinelle.dz\/index.php\/2026\/04\/29\/championnats-dafrique-de-lutte-u17-lalgerie-frappe-fort-a-alexandrie\/#primaryimage"},"image":{"@id":"https:\/\/lasentinelle.dz\/index.php\/2026\/04\/29\/championnats-dafrique-de-lutte-u17-lalgerie-frappe-fort-a-alexandrie\/#primaryimage"},"thumbnailUrl":"https:\/\/lasentinelle.dz\/wp-content\/uploads\/2026\/05\/lutte-e1777657273146.jpg","datePublished":"2026-04-29T17:39:51+00:00","dateModified":"2026-05-01T17:41:47+00:00","breadcrumb":{"@id":"https:\/\/lasentinelle.dz\/index.php\/2026\/04\/29\/championnats-dafrique-de-lutte-u17-lalgerie-frappe-fort-a-alexandrie\/#breadcrumb"},"inLanguage":"fr-FR","potentialAction":[{"@type":"ReadAction","target":["https:\/\/lasentinelle.dz\/index.php\/2026\/04\/29\/championnats-dafrique-de-lutte-u17-lalgerie-frappe-fort-a-alexandrie\/"]}]},{"@type":"ImageObject","inLanguage":"fr-FR","@id":"https:\/\/lasentinelle.dz\/index.php\/2026\/04\/29\/championnats-dafrique-de-lutte-u17-lalgerie-frappe-fort-a-alexandrie\/#primaryimage","url":"https:\/\/lasentinelle.dz\/wp-content\/uploads\/2026\/05\/lutte-e1777657273146.jpg","contentUrl":"https:\/\/lasentinelle.dz\/wp-content\/uploads\/2026\/05\/lutte-e1777657273146.jpg","width":853,"height":660},{"@type":"BreadcrumbList","@id":"https:\/\/lasentinelle.dz\/index.php\/2026\/04\/29\/championnats-dafrique-de-lutte-u17-lalgerie-frappe-fort-a-alexandrie\/#breadcrumb","itemListElement":[{"@type":"ListItem","position":1,"name":"Accueil","item":"https:\/\/lasentinelle.dz\/"},{"@type":"ListItem","position":2,"name":"Championnats d&rsquo;Afrique de lutte U17\u00a0: L&rsquo;Alg\u00e9rie frappe fort \u00e0 Alexandrie"}]},{"@type":"WebSite","@id":"https:\/\/lasentinelle.dz\/#website","url":"https:\/\/lasentinelle.dz\/","name":"La Sentinelle","description":"Quotidien national d&#039;information","publisher":{"@id":"https:\/\/lasentinelle.dz\/#organization"},"potentialAction":[{"@type":"SearchAction","target":{"@type":"EntryPoint","urlTemplate":"https:\/\/lasentinelle.dz\/?s={search_term_string}"},"query-input":{"@type":"PropertyValueSpecification","valueRequired":true,"valueName":"search_term_string"}}],"inLanguage":"fr-FR"},{"@type":"Organization","@id":"https:\/\/lasentinelle.dz\/#organization","name":"Quotidien La Sentinelle","url":"https:\/\/lasentinelle.dz\/","logo":{"@type":"ImageObject","inLanguage":"fr-FR","@id":"https:\/\/lasentinelle.dz\/#\/schema\/logo\/image\/","url":"https:\/\/lasentinelle.dz\/wp-content\/uploads\/2021\/09\/logo-sentinelleSLOGAN-1.png","contentUrl":"https:\/\/lasentinelle.dz\/wp-content\/uploads\/2021\/09\/logo-sentinelleSLOGAN-1.png","width":615,"height":142,"caption":"Quotidien La Sentinelle"},"image":{"@id":"https:\/\/lasentinelle.dz\/#\/schema\/logo\/image\/"},"sameAs":["https:\/\/www.facebook.com\/La-Sentinelle-104059864394773"]},{"@type":"Person","@id":"https:\/\/lasentinelle.dz\/#\/schema\/person\/729ee0024f24e0b8c5ec17232f8e8b41","name":"admin","image":{"@type":"ImageObject","inLanguage":"fr-FR","@id":"https:\/\/secure.gravatar.com\/avatar\/4c81fed838786e9b53f540bf46533e750f5d292099ae3b66cfc6fb1982e29df7?s=96&d=mm&r=g","url":"https:\/\/secure.gravatar.com\/avatar\/4c81fed838786e9b53f540bf46533e750f5d292099ae3b66cfc6fb1982e29df7?s=96&d=mm&r=g","contentUrl":"https:\/\/secure.gravatar.com\/avatar\/4c81fed838786e9b53f540bf46533e750f5d292099ae3b66cfc6fb1982e29df7?s=96&d=mm&r=g","caption":"admin"},"description":"admin","url":"https:\/\/lasentinelle.dz\/author\/admin\/"}]}},"_links":{"self":[{"href":"https:\/\/lasentinelle.dz\/index.php\/wp-json\/wp\/v2\/posts\/86741","targetHints":{"allow":["GET"]}}],"collection":[{"href":"https:\/\/lasentinelle.dz\/index.php\/wp-json\/wp\/v2\/posts"}],"about":[{"href":"https:\/\/lasentinelle.dz\/index.php\/wp-json\/wp\/v2\/types\/post"}],"author":[{"embeddable":true,"href":"https:\/\/lasentinelle.dz\/index.php\/wp-json\/wp\/v2\/users\/6"}],"replies":[{"embeddable":true,"href":"https:\/\/lasentinelle.dz\/index.php\/wp-json\/wp\/v2\/comments?post=86741"}],"version-history":[{"count":2,"href":"https:\/\/lasentinelle.dz\/index.php\/wp-json\/wp\/v2\/posts\/86741\/revisions"}],"predecessor-version":[{"id":86744,"href":"https:\/\/lasentinelle.dz\/index.php\/wp-json\/wp\/v2\/posts\/86741\/revisions\/86744"}],"wp:featuredmedia":[{"embeddable":true,"href":"https:\/\/lasentinelle.dz\/index.php\/wp-json\/wp\/v2\/media\/86742"}],"wp:attachment":[{"href":"https:\/\/lasentinelle.dz\/index.php\/wp-json\/wp\/v2\/media?parent=86741"}],"wp:term":[{"taxonomy":"category","embeddable":true,"href":"https:\/\/lasentinelle.dz\/index.php\/wp-json\/wp\/v2\/categories?post=86741"},{"taxonomy":"post_tag","embeddable":true,"href":"https:\/\/lasentinelle.dz\/index.php\/wp-json\/wp\/v2\/tags?post=86741"}],"curies":[{"name":"wp","href":"https:\/\/api.w.org\/{rel}","templated":true}]}}