{"id":86745,"date":"2026-04-29T18:42:00","date_gmt":"2026-04-29T17:42:00","guid":{"rendered":"https:\/\/lasentinelle.dz\/?p=86745"},"modified":"2026-05-01T18:42:50","modified_gmt":"2026-05-01T17:42:50","slug":"liga-2-espagnole-luca-zidane-opere-et-rassure","status":"publish","type":"post","link":"https:\/\/lasentinelle.dz\/index.php\/2026\/04\/29\/liga-2-espagnole-luca-zidane-opere-et-rassure\/","title":{"rendered":"Liga 2 espagnole\u00a0: Luca Zidane op\u00e9r\u00e9 et rassure"},"content":{"rendered":"\n<p>Le gardien international alg\u00e9rien de Grenade CF (Liga 2 espagnole de football), Luca Zidane, a \u00e9t\u00e9 op\u00e9r\u00e9 avec succ\u00e8s ce mercredi, trois jours apr\u00e8s avoir contract\u00e9 une blessure au visage lors de la d\u00e9faite conc\u00e9d\u00e9e \u00e0 domicile face \u00e0 l&rsquo;UD Almeria (2-4), lors de la 37e journ\u00e9e du championnat. \u00ab\u00a0L&rsquo;op\u00e9ration s&rsquo;est tr\u00e8s bien pass\u00e9, plus de peur que de mal, je serai de retour tr\u00e8s prochainement sur les terrains. Merci pour vos message de soutien\u00a0\u00bb, a-t-il \u00e9crit sur son compte officiel Instagram. Touch\u00e9 \u00e0 la suite d\u2019un choc violent en fin de rencontre, le portier alg\u00e9rien avait \u00e9t\u00e9 contraint de c\u00e9der sa place, remplac\u00e9 dans la foul\u00e9e par Ander Astralaga. Si aucune dur\u00e9e pr\u00e9cise d&rsquo;absence n\u2019a encore \u00e9t\u00e9 communiqu\u00e9e par le staff m\u00e9dical, les signaux actuels laissent entrevoir un retour plus rapide qu\u2019envisag\u00e9 dans un premier temps. Zidane (27 ans) est N.1 dans la hi\u00e9rarchie des gardiens de l&rsquo;\u00e9quipe nationale, qui \u00e9voluera lors de la Coupe du monde 2026 (11 juin &#8211; 19 juillet), dans le groupe J, en compagnie de l&rsquo;Argentine (tenante du troph\u00e9e), de l&rsquo;Autriche et de la Jordanie.<\/p>\n\n\n\n<p>APS<\/p>\n","protected":false},"excerpt":{"rendered":"<p>Le gardien international alg\u00e9rien de Grenade CF (Liga 2 espagnole de football), Luca Zidane, a \u00e9t\u00e9 op\u00e9r\u00e9 avec succ\u00e8s ce<\/p>\n","protected":false},"author":6,"featured_media":73518,"comment_status":"open","ping_status":"closed","sticky":false,"template":"","format":"standard","meta":{"colormag_page_container_layout":"default_layout","colormag_page_sidebar_layout":"default_layout","om_disable_all_campaigns":false,"_monsterinsights_skip_tracking":false,"_monsterinsights_sitenote_active":false,"_monsterinsights_sitenote_note":"","_monsterinsights_sitenote_category":0,"footnotes":"","_wpscppro_dont_share_socialmedia":false,"_wpscppro_custom_social_share_image":0,"_facebook_share_type":"default","_twitter_share_type":"default","_linkedin_share_type":"default","_pinterest_share_type":"default","_linkedin_share_type_page":"","_instagram_share_type":"default","_medium_share_type":"default","_threads_share_type":"default","_google_business_share_type":"default","_selected_social_profile":[],"_wpsp_enable_custom_social_template":false,"_wpsp_social_scheduling":{"enabled":false,"datetime":null,"platforms":[],"status":"template_only","dateOption":"today","timeOption":"now","customDays":"","customHours":"","customDate":"","customTime":"","schedulingType":"absolute"},"_wpsp_active_default_template":true},"categories":[33],"tags":[],"class_list":["post-86745","post","type-post","status-publish","format-standard","has-post-thumbnail","hentry","category-sports"],"aioseo_notices":[],"yoast_head":"<!-- This site is optimized with the Yoast SEO plugin v27.5 - https:\/\/yoast.com\/product\/yoast-seo-wordpress\/ -->\n<title>Liga 2 espagnole\u00a0: Luca Zidane op\u00e9r\u00e9 et rassure - La Sentinelle<\/title>\n<meta name=\"robots\" content=\"index, follow, max-snippet:-1, max-image-preview:large, max-video-preview:-1\" \/>\n<link rel=\"canonical\" href=\"https:\/\/lasentinelle.dz\/index.php\/2026\/04\/29\/liga-2-espagnole-luca-zidane-opere-et-rassure\/\" \/>\n<meta property=\"og:locale\" content=\"fr_FR\" \/>\n<meta property=\"og:type\" content=\"article\" \/>\n<meta property=\"og:title\" content=\"Liga 2 espagnole\u00a0: Luca Zidane op\u00e9r\u00e9 et rassure - La Sentinelle\" \/>\n<meta property=\"og:description\" content=\"Le gardien international alg\u00e9rien de Grenade CF (Liga 2 espagnole de football), Luca Zidane, a \u00e9t\u00e9 op\u00e9r\u00e9 avec succ\u00e8s ce\" \/>\n<meta property=\"og:url\" content=\"https:\/\/lasentinelle.dz\/index.php\/2026\/04\/29\/liga-2-espagnole-luca-zidane-opere-et-rassure\/\" \/>\n<meta property=\"og:site_name\" content=\"La Sentinelle\" \/>\n<meta property=\"article:publisher\" content=\"https:\/\/www.facebook.com\/La-Sentinelle-104059864394773\" \/>\n<meta property=\"article:published_time\" content=\"2026-04-29T17:42:00+00:00\" \/>\n<meta property=\"article:modified_time\" content=\"2026-05-01T17:42:50+00:00\" \/>\n<meta property=\"og:image\" content=\"https:\/\/lasentinelle.dz\/wp-content\/uploads\/2025\/09\/luca-zidane.jpg\" \/>\n\t<meta property=\"og:image:width\" content=\"932\" \/>\n\t<meta property=\"og:image:height\" content=\"582\" \/>\n\t<meta property=\"og:image:type\" content=\"image\/jpeg\" \/>\n<meta name=\"author\" content=\"admin\" \/>\n<meta name=\"twitter:card\" content=\"summary_large_image\" \/>\n<meta name=\"twitter:label1\" content=\"\u00c9crit par\" \/>\n\t<meta name=\"twitter:data1\" content=\"admin\" \/>\n\t<meta name=\"twitter:label2\" content=\"Dur\u00e9e de lecture estim\u00e9e\" \/>\n\t<meta name=\"twitter:data2\" content=\"2 minutes\" \/>\n<script type=\"application\/ld+json\" class=\"yoast-schema-graph\">{\"@context\":\"https:\\\/\\\/schema.org\",\"@graph\":[{\"@type\":\"Article\",\"@id\":\"https:\\\/\\\/lasentinelle.dz\\\/index.php\\\/2026\\\/04\\\/29\\\/liga-2-espagnole-luca-zidane-opere-et-rassure\\\/#article\",\"isPartOf\":{\"@id\":\"https:\\\/\\\/lasentinelle.dz\\\/index.php\\\/2026\\\/04\\\/29\\\/liga-2-espagnole-luca-zidane-opere-et-rassure\\\/\"},\"author\":{\"name\":\"admin\",\"@id\":\"https:\\\/\\\/lasentinelle.dz\\\/#\\\/schema\\\/person\\\/729ee0024f24e0b8c5ec17232f8e8b41\"},\"headline\":\"Liga 2 espagnole\u00a0: Luca Zidane op\u00e9r\u00e9 et rassure\",\"datePublished\":\"2026-04-29T17:42:00+00:00\",\"dateModified\":\"2026-05-01T17:42:50+00:00\",\"mainEntityOfPage\":{\"@id\":\"https:\\\/\\\/lasentinelle.dz\\\/index.php\\\/2026\\\/04\\\/29\\\/liga-2-espagnole-luca-zidane-opere-et-rassure\\\/\"},\"wordCount\":212,\"commentCount\":0,\"publisher\":{\"@id\":\"https:\\\/\\\/lasentinelle.dz\\\/#organization\"},\"image\":{\"@id\":\"https:\\\/\\\/lasentinelle.dz\\\/index.php\\\/2026\\\/04\\\/29\\\/liga-2-espagnole-luca-zidane-opere-et-rassure\\\/#primaryimage\"},\"thumbnailUrl\":\"https:\\\/\\\/lasentinelle.dz\\\/wp-content\\\/uploads\\\/2025\\\/09\\\/luca-zidane.jpg\",\"articleSection\":[\"Sports\"],\"inLanguage\":\"fr-FR\",\"potentialAction\":[{\"@type\":\"CommentAction\",\"name\":\"Comment\",\"target\":[\"https:\\\/\\\/lasentinelle.dz\\\/index.php\\\/2026\\\/04\\\/29\\\/liga-2-espagnole-luca-zidane-opere-et-rassure\\\/#respond\"]}]},{\"@type\":\"WebPage\",\"@id\":\"https:\\\/\\\/lasentinelle.dz\\\/index.php\\\/2026\\\/04\\\/29\\\/liga-2-espagnole-luca-zidane-opere-et-rassure\\\/\",\"url\":\"https:\\\/\\\/lasentinelle.dz\\\/index.php\\\/2026\\\/04\\\/29\\\/liga-2-espagnole-luca-zidane-opere-et-rassure\\\/\",\"name\":\"Liga 2 espagnole\u00a0: Luca Zidane op\u00e9r\u00e9 et rassure - La Sentinelle\",\"isPartOf\":{\"@id\":\"https:\\\/\\\/lasentinelle.dz\\\/#website\"},\"primaryImageOfPage\":{\"@id\":\"https:\\\/\\\/lasentinelle.dz\\\/index.php\\\/2026\\\/04\\\/29\\\/liga-2-espagnole-luca-zidane-opere-et-rassure\\\/#primaryimage\"},\"image\":{\"@id\":\"https:\\\/\\\/lasentinelle.dz\\\/index.php\\\/2026\\\/04\\\/29\\\/liga-2-espagnole-luca-zidane-opere-et-rassure\\\/#primaryimage\"},\"thumbnailUrl\":\"https:\\\/\\\/lasentinelle.dz\\\/wp-content\\\/uploads\\\/2025\\\/09\\\/luca-zidane.jpg\",\"datePublished\":\"2026-04-29T17:42:00+00:00\",\"dateModified\":\"2026-05-01T17:42:50+00:00\",\"breadcrumb\":{\"@id\":\"https:\\\/\\\/lasentinelle.dz\\\/index.php\\\/2026\\\/04\\\/29\\\/liga-2-espagnole-luca-zidane-opere-et-rassure\\\/#breadcrumb\"},\"inLanguage\":\"fr-FR\",\"potentialAction\":[{\"@type\":\"ReadAction\",\"target\":[\"https:\\\/\\\/lasentinelle.dz\\\/index.php\\\/2026\\\/04\\\/29\\\/liga-2-espagnole-luca-zidane-opere-et-rassure\\\/\"]}]},{\"@type\":\"ImageObject\",\"inLanguage\":\"fr-FR\",\"@id\":\"https:\\\/\\\/lasentinelle.dz\\\/index.php\\\/2026\\\/04\\\/29\\\/liga-2-espagnole-luca-zidane-opere-et-rassure\\\/#primaryimage\",\"url\":\"https:\\\/\\\/lasentinelle.dz\\\/wp-content\\\/uploads\\\/2025\\\/09\\\/luca-zidane.jpg\",\"contentUrl\":\"https:\\\/\\\/lasentinelle.dz\\\/wp-content\\\/uploads\\\/2025\\\/09\\\/luca-zidane.jpg\",\"width\":932,\"height\":582,\"caption\":\"September 6, 2025, Malaga, Malaga, SPAIN: Luca Zidane of Granada CF warms up during the Spanish league, LaLiga Hypermotion, football match played between Malaga CF and Granada CF at La Rosaleda stadium on September 6, 2025, in Malaga, Spain. (Credit Image: \u00a9 Joaquin Corchero\\\/AFP7 via ZUMA Press Wire)\"},{\"@type\":\"BreadcrumbList\",\"@id\":\"https:\\\/\\\/lasentinelle.dz\\\/index.php\\\/2026\\\/04\\\/29\\\/liga-2-espagnole-luca-zidane-opere-et-rassure\\\/#breadcrumb\",\"itemListElement\":[{\"@type\":\"ListItem\",\"position\":1,\"name\":\"Accueil\",\"item\":\"https:\\\/\\\/lasentinelle.dz\\\/\"},{\"@type\":\"ListItem\",\"position\":2,\"name\":\"Liga 2 espagnole\u00a0: Luca Zidane op\u00e9r\u00e9 et rassure\"}]},{\"@type\":\"WebSite\",\"@id\":\"https:\\\/\\\/lasentinelle.dz\\\/#website\",\"url\":\"https:\\\/\\\/lasentinelle.dz\\\/\",\"name\":\"La Sentinelle\",\"description\":\"Quotidien national d&#039;information\",\"publisher\":{\"@id\":\"https:\\\/\\\/lasentinelle.dz\\\/#organization\"},\"potentialAction\":[{\"@type\":\"SearchAction\",\"target\":{\"@type\":\"EntryPoint\",\"urlTemplate\":\"https:\\\/\\\/lasentinelle.dz\\\/?s={search_term_string}\"},\"query-input\":{\"@type\":\"PropertyValueSpecification\",\"valueRequired\":true,\"valueName\":\"search_term_string\"}}],\"inLanguage\":\"fr-FR\"},{\"@type\":\"Organization\",\"@id\":\"https:\\\/\\\/lasentinelle.dz\\\/#organization\",\"name\":\"Quotidien La Sentinelle\",\"url\":\"https:\\\/\\\/lasentinelle.dz\\\/\",\"logo\":{\"@type\":\"ImageObject\",\"inLanguage\":\"fr-FR\",\"@id\":\"https:\\\/\\\/lasentinelle.dz\\\/#\\\/schema\\\/logo\\\/image\\\/\",\"url\":\"https:\\\/\\\/lasentinelle.dz\\\/wp-content\\\/uploads\\\/2021\\\/09\\\/logo-sentinelleSLOGAN-1.png\",\"contentUrl\":\"https:\\\/\\\/lasentinelle.dz\\\/wp-content\\\/uploads\\\/2021\\\/09\\\/logo-sentinelleSLOGAN-1.png\",\"width\":615,\"height\":142,\"caption\":\"Quotidien La Sentinelle\"},\"image\":{\"@id\":\"https:\\\/\\\/lasentinelle.dz\\\/#\\\/schema\\\/logo\\\/image\\\/\"},\"sameAs\":[\"https:\\\/\\\/www.facebook.com\\\/La-Sentinelle-104059864394773\"]},{\"@type\":\"Person\",\"@id\":\"https:\\\/\\\/lasentinelle.dz\\\/#\\\/schema\\\/person\\\/729ee0024f24e0b8c5ec17232f8e8b41\",\"name\":\"admin\",\"image\":{\"@type\":\"ImageObject\",\"inLanguage\":\"fr-FR\",\"@id\":\"https:\\\/\\\/secure.gravatar.com\\\/avatar\\\/4c81fed838786e9b53f540bf46533e750f5d292099ae3b66cfc6fb1982e29df7?s=96&d=mm&r=g\",\"url\":\"https:\\\/\\\/secure.gravatar.com\\\/avatar\\\/4c81fed838786e9b53f540bf46533e750f5d292099ae3b66cfc6fb1982e29df7?s=96&d=mm&r=g\",\"contentUrl\":\"https:\\\/\\\/secure.gravatar.com\\\/avatar\\\/4c81fed838786e9b53f540bf46533e750f5d292099ae3b66cfc6fb1982e29df7?s=96&d=mm&r=g\",\"caption\":\"admin\"},\"description\":\"admin\",\"url\":\"https:\\\/\\\/lasentinelle.dz\\\/author\\\/admin\\\/\"}]}<\/script>\n<!-- \/ Yoast SEO plugin. -->","yoast_head_json":{"title":"Liga 2 espagnole\u00a0: Luca Zidane op\u00e9r\u00e9 et rassure - La Sentinelle","robots":{"index":"index","follow":"follow","max-snippet":"max-snippet:-1","max-image-preview":"max-image-preview:large","max-video-preview":"max-video-preview:-1"},"canonical":"https:\/\/lasentinelle.dz\/index.php\/2026\/04\/29\/liga-2-espagnole-luca-zidane-opere-et-rassure\/","og_locale":"fr_FR","og_type":"article","og_title":"Liga 2 espagnole\u00a0: Luca Zidane op\u00e9r\u00e9 et rassure - La Sentinelle","og_description":"Le gardien international alg\u00e9rien de Grenade CF (Liga 2 espagnole de football), Luca Zidane, a \u00e9t\u00e9 op\u00e9r\u00e9 avec succ\u00e8s ce","og_url":"https:\/\/lasentinelle.dz\/index.php\/2026\/04\/29\/liga-2-espagnole-luca-zidane-opere-et-rassure\/","og_site_name":"La Sentinelle","article_publisher":"https:\/\/www.facebook.com\/La-Sentinelle-104059864394773","article_published_time":"2026-04-29T17:42:00+00:00","article_modified_time":"2026-05-01T17:42:50+00:00","og_image":[{"width":932,"height":582,"url":"https:\/\/lasentinelle.dz\/wp-content\/uploads\/2025\/09\/luca-zidane.jpg","type":"image\/jpeg"}],"author":"admin","twitter_card":"summary_large_image","twitter_misc":{"\u00c9crit par":"admin","Dur\u00e9e de lecture estim\u00e9e":"2 minutes"},"schema":{"@context":"https:\/\/schema.org","@graph":[{"@type":"Article","@id":"https:\/\/lasentinelle.dz\/index.php\/2026\/04\/29\/liga-2-espagnole-luca-zidane-opere-et-rassure\/#article","isPartOf":{"@id":"https:\/\/lasentinelle.dz\/index.php\/2026\/04\/29\/liga-2-espagnole-luca-zidane-opere-et-rassure\/"},"author":{"name":"admin","@id":"https:\/\/lasentinelle.dz\/#\/schema\/person\/729ee0024f24e0b8c5ec17232f8e8b41"},"headline":"Liga 2 espagnole\u00a0: Luca Zidane op\u00e9r\u00e9 et rassure","datePublished":"2026-04-29T17:42:00+00:00","dateModified":"2026-05-01T17:42:50+00:00","mainEntityOfPage":{"@id":"https:\/\/lasentinelle.dz\/index.php\/2026\/04\/29\/liga-2-espagnole-luca-zidane-opere-et-rassure\/"},"wordCount":212,"commentCount":0,"publisher":{"@id":"https:\/\/lasentinelle.dz\/#organization"},"image":{"@id":"https:\/\/lasentinelle.dz\/index.php\/2026\/04\/29\/liga-2-espagnole-luca-zidane-opere-et-rassure\/#primaryimage"},"thumbnailUrl":"https:\/\/lasentinelle.dz\/wp-content\/uploads\/2025\/09\/luca-zidane.jpg","articleSection":["Sports"],"inLanguage":"fr-FR","potentialAction":[{"@type":"CommentAction","name":"Comment","target":["https:\/\/lasentinelle.dz\/index.php\/2026\/04\/29\/liga-2-espagnole-luca-zidane-opere-et-rassure\/#respond"]}]},{"@type":"WebPage","@id":"https:\/\/lasentinelle.dz\/index.php\/2026\/04\/29\/liga-2-espagnole-luca-zidane-opere-et-rassure\/","url":"https:\/\/lasentinelle.dz\/index.php\/2026\/04\/29\/liga-2-espagnole-luca-zidane-opere-et-rassure\/","name":"Liga 2 espagnole\u00a0: Luca Zidane op\u00e9r\u00e9 et rassure - La Sentinelle","isPartOf":{"@id":"https:\/\/lasentinelle.dz\/#website"},"primaryImageOfPage":{"@id":"https:\/\/lasentinelle.dz\/index.php\/2026\/04\/29\/liga-2-espagnole-luca-zidane-opere-et-rassure\/#primaryimage"},"image":{"@id":"https:\/\/lasentinelle.dz\/index.php\/2026\/04\/29\/liga-2-espagnole-luca-zidane-opere-et-rassure\/#primaryimage"},"thumbnailUrl":"https:\/\/lasentinelle.dz\/wp-content\/uploads\/2025\/09\/luca-zidane.jpg","datePublished":"2026-04-29T17:42:00+00:00","dateModified":"2026-05-01T17:42:50+00:00","breadcrumb":{"@id":"https:\/\/lasentinelle.dz\/index.php\/2026\/04\/29\/liga-2-espagnole-luca-zidane-opere-et-rassure\/#breadcrumb"},"inLanguage":"fr-FR","potentialAction":[{"@type":"ReadAction","target":["https:\/\/lasentinelle.dz\/index.php\/2026\/04\/29\/liga-2-espagnole-luca-zidane-opere-et-rassure\/"]}]},{"@type":"ImageObject","inLanguage":"fr-FR","@id":"https:\/\/lasentinelle.dz\/index.php\/2026\/04\/29\/liga-2-espagnole-luca-zidane-opere-et-rassure\/#primaryimage","url":"https:\/\/lasentinelle.dz\/wp-content\/uploads\/2025\/09\/luca-zidane.jpg","contentUrl":"https:\/\/lasentinelle.dz\/wp-content\/uploads\/2025\/09\/luca-zidane.jpg","width":932,"height":582,"caption":"September 6, 2025, Malaga, Malaga, SPAIN: Luca Zidane of Granada CF warms up during the Spanish league, LaLiga Hypermotion, football match played between Malaga CF and Granada CF at La Rosaleda stadium on September 6, 2025, in Malaga, Spain. (Credit Image: \u00a9 Joaquin Corchero\/AFP7 via ZUMA Press Wire)"},{"@type":"BreadcrumbList","@id":"https:\/\/lasentinelle.dz\/index.php\/2026\/04\/29\/liga-2-espagnole-luca-zidane-opere-et-rassure\/#breadcrumb","itemListElement":[{"@type":"ListItem","position":1,"name":"Accueil","item":"https:\/\/lasentinelle.dz\/"},{"@type":"ListItem","position":2,"name":"Liga 2 espagnole\u00a0: Luca Zidane op\u00e9r\u00e9 et rassure"}]},{"@type":"WebSite","@id":"https:\/\/lasentinelle.dz\/#website","url":"https:\/\/lasentinelle.dz\/","name":"La Sentinelle","description":"Quotidien national d&#039;information","publisher":{"@id":"https:\/\/lasentinelle.dz\/#organization"},"potentialAction":[{"@type":"SearchAction","target":{"@type":"EntryPoint","urlTemplate":"https:\/\/lasentinelle.dz\/?s={search_term_string}"},"query-input":{"@type":"PropertyValueSpecification","valueRequired":true,"valueName":"search_term_string"}}],"inLanguage":"fr-FR"},{"@type":"Organization","@id":"https:\/\/lasentinelle.dz\/#organization","name":"Quotidien La Sentinelle","url":"https:\/\/lasentinelle.dz\/","logo":{"@type":"ImageObject","inLanguage":"fr-FR","@id":"https:\/\/lasentinelle.dz\/#\/schema\/logo\/image\/","url":"https:\/\/lasentinelle.dz\/wp-content\/uploads\/2021\/09\/logo-sentinelleSLOGAN-1.png","contentUrl":"https:\/\/lasentinelle.dz\/wp-content\/uploads\/2021\/09\/logo-sentinelleSLOGAN-1.png","width":615,"height":142,"caption":"Quotidien La Sentinelle"},"image":{"@id":"https:\/\/lasentinelle.dz\/#\/schema\/logo\/image\/"},"sameAs":["https:\/\/www.facebook.com\/La-Sentinelle-104059864394773"]},{"@type":"Person","@id":"https:\/\/lasentinelle.dz\/#\/schema\/person\/729ee0024f24e0b8c5ec17232f8e8b41","name":"admin","image":{"@type":"ImageObject","inLanguage":"fr-FR","@id":"https:\/\/secure.gravatar.com\/avatar\/4c81fed838786e9b53f540bf46533e750f5d292099ae3b66cfc6fb1982e29df7?s=96&d=mm&r=g","url":"https:\/\/secure.gravatar.com\/avatar\/4c81fed838786e9b53f540bf46533e750f5d292099ae3b66cfc6fb1982e29df7?s=96&d=mm&r=g","contentUrl":"https:\/\/secure.gravatar.com\/avatar\/4c81fed838786e9b53f540bf46533e750f5d292099ae3b66cfc6fb1982e29df7?s=96&d=mm&r=g","caption":"admin"},"description":"admin","url":"https:\/\/lasentinelle.dz\/author\/admin\/"}]}},"_links":{"self":[{"href":"https:\/\/lasentinelle.dz\/index.php\/wp-json\/wp\/v2\/posts\/86745","targetHints":{"allow":["GET"]}}],"collection":[{"href":"https:\/\/lasentinelle.dz\/index.php\/wp-json\/wp\/v2\/posts"}],"about":[{"href":"https:\/\/lasentinelle.dz\/index.php\/wp-json\/wp\/v2\/types\/post"}],"author":[{"embeddable":true,"href":"https:\/\/lasentinelle.dz\/index.php\/wp-json\/wp\/v2\/users\/6"}],"replies":[{"embeddable":true,"href":"https:\/\/lasentinelle.dz\/index.php\/wp-json\/wp\/v2\/comments?post=86745"}],"version-history":[{"count":1,"href":"https:\/\/lasentinelle.dz\/index.php\/wp-json\/wp\/v2\/posts\/86745\/revisions"}],"predecessor-version":[{"id":86746,"href":"https:\/\/lasentinelle.dz\/index.php\/wp-json\/wp\/v2\/posts\/86745\/revisions\/86746"}],"wp:featuredmedia":[{"embeddable":true,"href":"https:\/\/lasentinelle.dz\/index.php\/wp-json\/wp\/v2\/media\/73518"}],"wp:attachment":[{"href":"https:\/\/lasentinelle.dz\/index.php\/wp-json\/wp\/v2\/media?parent=86745"}],"wp:term":[{"taxonomy":"category","embeddable":true,"href":"https:\/\/lasentinelle.dz\/index.php\/wp-json\/wp\/v2\/categories?post=86745"},{"taxonomy":"post_tag","embeddable":true,"href":"https:\/\/lasentinelle.dz\/index.php\/wp-json\/wp\/v2\/tags?post=86745"}],"curies":[{"name":"wp","href":"https:\/\/api.w.org\/{rel}","templated":true}]}}