{"id":86750,"date":"2026-04-29T18:44:09","date_gmt":"2026-04-29T17:44:09","guid":{"rendered":"https:\/\/lasentinelle.dz\/?p=86750"},"modified":"2026-05-01T18:44:58","modified_gmt":"2026-05-01T17:44:58","slug":"ligue-2-amateur-29e-journee-asm-oran-rc-kouba-duel-decisif-pour-les-play-offs","status":"publish","type":"post","link":"https:\/\/lasentinelle.dz\/index.php\/2026\/04\/29\/ligue-2-amateur-29e-journee-asm-oran-rc-kouba-duel-decisif-pour-les-play-offs\/","title":{"rendered":"Ligue 2 amateur (29e journ\u00e9e)\u00a0: ASM Oran-RC Kouba, duel d\u00e9cisif pour les play-offs"},"content":{"rendered":"\n<p>Les regards des amateurs de football seront braqu\u00e9s, vendredi, sur la ville d&rsquo;Oran, th\u00e9\u00e2tre de l&rsquo;affiche d\u00e9cisive entre l&rsquo;ASM Oran et le RC Kouba, qui devrait d\u00e9terminer l&rsquo;identit\u00e9 du club appel\u00e9 \u00e0 d\u00e9crocher le deuxi\u00e8me billet qualificatif aux play-offs d&rsquo;accession dans le groupe Centre-Ouest, \u00e0 l&rsquo;occasion de la 29e et avant-derni\u00e8re journ\u00e9e du championnat de Ligue 2 amateur. Dans ce groupe, la confrontation entre l&rsquo;ASM Oran (3e, 55 pts) et le RC Kouba (4e, 53 pts) s&rsquo;annonce d\u00e9terminante pour accompagner l&rsquo;USM El Harrach (2e, 58 pts) au tournoi \u00a0\u00bb play-off\u00a0\u00bb d&rsquo;accession, pr\u00e9vu en fin de saison sous forme de mini-comp\u00e9tition ferm\u00e9e avec deux repr\u00e9sentants du groupe Centre-Est. Egalement en lice pour une place qualificative, le CR T\u00e9mouchent (53 pts) sera soumis \u00e0 un test difficile en d\u00e9placement face \u00e0 la JSM Tiaret, r\u00e9put\u00e9e solide \u00e0 domicile, dans un match o\u00f9 les \u00a0\u00bb T\u00e9mouchentois\u00a0\u00bb devront confirmer leurs ambitions. De son c\u00f4t\u00e9, l&rsquo;USM El Harrach, dauphin du classement, se rendra \u00e0 Mascara pour affronter le GC Mascara (12e, 30 pts), avec l&rsquo;objectif de consolider sa deuxi\u00e8me place sous la pression de ses poursuivants. En bas du tableau, la lutte pour le maintien s&rsquo;intensifie. La JS Tixera\u00efne (14e, 22 pts) affrontera le CRB Adrar (15e, 19 pts) dans un match de la derni\u00e8re chance, tandis que le RC Arba\u00e2 (13e, 26 pts) accueillera la lanterne rouge, l&rsquo;US B\u00e9char Djedid (14 pts), avec la ferme intention d&rsquo;assurer son maintien. Par ailleurs, le leader, la JS El Biar, d\u00e9j\u00e0 assur\u00e9 de son accession en Ligue 1, disputera un derby sans grand enjeu face au NA Hussein-Dey (6e, 40 pts), une rencontre qui pourrait n\u00e9anmoins lui permettre de confirmer sa supr\u00e9matie et de terminer la saison en beaut\u00e9.<\/p>\n\n\n\n<p>Dans le groupe Centre-Est, cette 29e journ\u00e9e s&rsquo;annonce tout aussi d\u00e9cisive. Le leader, l&rsquo;US Biskra (58 pts), effectuera un d\u00e9placement p\u00e9rilleux chez le CR B\u00e9ni Thour (9e, 34 pts), une \u00e9quipe toujours concern\u00e9e par le maintien. Son poursuivant direct, le CA Batna (57 pts), sera confront\u00e9 \u00e0 une mission d\u00e9licate en d\u00e9placement chez l&rsquo;AS Khroub (14e, 29 pts), engag\u00e9e dans une lutte acharn\u00e9e pour \u00e9viter la rel\u00e9gation. La bataille pour les play-offs implique \u00e9galement l&rsquo;US Chaouia (3e, 56 pts) et le MO B\u00e9ja\u00efa (56 pts), contraints de s&rsquo;imposer pour rester au contact du duo de t\u00eate. L&rsquo;US Chaouia accueillera la JSD Jijel (5e, 51 pts), tandis que le MO B\u00e9ja\u00efa se rendra \u00e0 Annaba pour d\u00e9fier l&rsquo;USM Annaba (6e, 48 pts). En bas du classement, la lutte pour le maintien reste ouverte. Si l&rsquo;AS Khroub aura fort \u00e0 faire face au CA Batna, ses concurrents directs, la JS Bordj Mena\u00efel (13e, 29 pts) et le MSP Batna (12e, 30 pts), b\u00e9n\u00e9ficieront d&rsquo;affiches plus abordables face, respectivement, au NRB Teleghma (8e, 36 pts) et au MO Constantine (10e, 33 pts).<\/p>\n\n\n\n<p>Tous les indicateurs laissent pr\u00e9sager une 29e journ\u00e9e capitale et riche en suspense, tant pour l&rsquo;accession que pour le maintien, avant une ultime journ\u00e9e qui s&rsquo;annonce d\u00e9cisive.<\/p>\n\n\n\n<p>Les rencontres du groupe Centre-Ouest sont programm\u00e9es vendredi \u00e0 16h00, tandis que celles du groupe Centre-Est se joueront samedi \u00e0 la m\u00eame heure.<\/p>\n\n\n\n<p>APS<\/p>\n","protected":false},"excerpt":{"rendered":"<p>Les regards des amateurs de football seront braqu\u00e9s, vendredi, sur la ville d&rsquo;Oran, th\u00e9\u00e2tre de l&rsquo;affiche d\u00e9cisive entre l&rsquo;ASM Oran<\/p>\n","protected":false},"author":6,"featured_media":33141,"comment_status":"open","ping_status":"closed","sticky":false,"template":"","format":"standard","meta":{"colormag_page_container_layout":"default_layout","colormag_page_sidebar_layout":"default_layout","om_disable_all_campaigns":false,"_monsterinsights_skip_tracking":false,"_monsterinsights_sitenote_active":false,"_monsterinsights_sitenote_note":"","_monsterinsights_sitenote_category":0,"footnotes":"","_wpscppro_dont_share_socialmedia":false,"_wpscppro_custom_social_share_image":0,"_facebook_share_type":"default","_twitter_share_type":"default","_linkedin_share_type":"default","_pinterest_share_type":"default","_linkedin_share_type_page":"","_instagram_share_type":"default","_medium_share_type":"default","_threads_share_type":"default","_google_business_share_type":"default","_selected_social_profile":[],"_wpsp_enable_custom_social_template":false,"_wpsp_social_scheduling":{"enabled":false,"datetime":null,"platforms":[],"status":"template_only","dateOption":"today","timeOption":"now","customDays":"","customHours":"","customDate":"","customTime":"","schedulingType":"absolute"},"_wpsp_active_default_template":true},"categories":[33],"tags":[],"class_list":["post-86750","post","type-post","status-publish","format-standard","has-post-thumbnail","hentry","category-sports"],"aioseo_notices":[],"yoast_head":"<!-- This site is optimized with the Yoast SEO plugin v27.5 - https:\/\/yoast.com\/product\/yoast-seo-wordpress\/ -->\n<title>Ligue 2 amateur (29e journ\u00e9e)\u00a0: ASM Oran-RC Kouba, duel d\u00e9cisif pour les play-offs - La Sentinelle<\/title>\n<meta name=\"robots\" content=\"index, follow, max-snippet:-1, max-image-preview:large, max-video-preview:-1\" \/>\n<link rel=\"canonical\" href=\"https:\/\/lasentinelle.dz\/index.php\/2026\/04\/29\/ligue-2-amateur-29e-journee-asm-oran-rc-kouba-duel-decisif-pour-les-play-offs\/\" \/>\n<meta property=\"og:locale\" content=\"fr_FR\" \/>\n<meta property=\"og:type\" content=\"article\" \/>\n<meta property=\"og:title\" content=\"Ligue 2 amateur (29e journ\u00e9e)\u00a0: ASM Oran-RC Kouba, duel d\u00e9cisif pour les play-offs - La Sentinelle\" \/>\n<meta property=\"og:description\" content=\"Les regards des amateurs de football seront braqu\u00e9s, vendredi, sur la ville d&rsquo;Oran, th\u00e9\u00e2tre de l&rsquo;affiche d\u00e9cisive entre l&rsquo;ASM Oran\" \/>\n<meta property=\"og:url\" content=\"https:\/\/lasentinelle.dz\/index.php\/2026\/04\/29\/ligue-2-amateur-29e-journee-asm-oran-rc-kouba-duel-decisif-pour-les-play-offs\/\" \/>\n<meta property=\"og:site_name\" content=\"La Sentinelle\" \/>\n<meta property=\"article:publisher\" content=\"https:\/\/www.facebook.com\/La-Sentinelle-104059864394773\" \/>\n<meta property=\"article:published_time\" content=\"2026-04-29T17:44:09+00:00\" \/>\n<meta property=\"article:modified_time\" content=\"2026-05-01T17:44:58+00:00\" \/>\n<meta property=\"og:image\" content=\"https:\/\/lasentinelle.dz\/wp-content\/uploads\/2022\/12\/Ligue-2.png\" \/>\n\t<meta property=\"og:image:width\" content=\"1385\" \/>\n\t<meta property=\"og:image:height\" content=\"900\" \/>\n\t<meta property=\"og:image:type\" content=\"image\/png\" \/>\n<meta name=\"author\" content=\"admin\" \/>\n<meta name=\"twitter:card\" content=\"summary_large_image\" \/>\n<meta name=\"twitter:label1\" content=\"\u00c9crit par\" \/>\n\t<meta name=\"twitter:data1\" content=\"admin\" \/>\n\t<meta name=\"twitter:label2\" content=\"Dur\u00e9e de lecture estim\u00e9e\" \/>\n\t<meta name=\"twitter:data2\" content=\"3 minutes\" \/>\n<script type=\"application\/ld+json\" class=\"yoast-schema-graph\">{\"@context\":\"https:\\\/\\\/schema.org\",\"@graph\":[{\"@type\":\"Article\",\"@id\":\"https:\\\/\\\/lasentinelle.dz\\\/index.php\\\/2026\\\/04\\\/29\\\/ligue-2-amateur-29e-journee-asm-oran-rc-kouba-duel-decisif-pour-les-play-offs\\\/#article\",\"isPartOf\":{\"@id\":\"https:\\\/\\\/lasentinelle.dz\\\/index.php\\\/2026\\\/04\\\/29\\\/ligue-2-amateur-29e-journee-asm-oran-rc-kouba-duel-decisif-pour-les-play-offs\\\/\"},\"author\":{\"name\":\"admin\",\"@id\":\"https:\\\/\\\/lasentinelle.dz\\\/#\\\/schema\\\/person\\\/729ee0024f24e0b8c5ec17232f8e8b41\"},\"headline\":\"Ligue 2 amateur (29e journ\u00e9e)\u00a0: ASM Oran-RC Kouba, duel d\u00e9cisif pour les play-offs\",\"datePublished\":\"2026-04-29T17:44:09+00:00\",\"dateModified\":\"2026-05-01T17:44:58+00:00\",\"mainEntityOfPage\":{\"@id\":\"https:\\\/\\\/lasentinelle.dz\\\/index.php\\\/2026\\\/04\\\/29\\\/ligue-2-amateur-29e-journee-asm-oran-rc-kouba-duel-decisif-pour-les-play-offs\\\/\"},\"wordCount\":567,\"commentCount\":0,\"publisher\":{\"@id\":\"https:\\\/\\\/lasentinelle.dz\\\/#organization\"},\"image\":{\"@id\":\"https:\\\/\\\/lasentinelle.dz\\\/index.php\\\/2026\\\/04\\\/29\\\/ligue-2-amateur-29e-journee-asm-oran-rc-kouba-duel-decisif-pour-les-play-offs\\\/#primaryimage\"},\"thumbnailUrl\":\"https:\\\/\\\/lasentinelle.dz\\\/wp-content\\\/uploads\\\/2022\\\/12\\\/Ligue-2.png\",\"articleSection\":[\"Sports\"],\"inLanguage\":\"fr-FR\",\"potentialAction\":[{\"@type\":\"CommentAction\",\"name\":\"Comment\",\"target\":[\"https:\\\/\\\/lasentinelle.dz\\\/index.php\\\/2026\\\/04\\\/29\\\/ligue-2-amateur-29e-journee-asm-oran-rc-kouba-duel-decisif-pour-les-play-offs\\\/#respond\"]}]},{\"@type\":\"WebPage\",\"@id\":\"https:\\\/\\\/lasentinelle.dz\\\/index.php\\\/2026\\\/04\\\/29\\\/ligue-2-amateur-29e-journee-asm-oran-rc-kouba-duel-decisif-pour-les-play-offs\\\/\",\"url\":\"https:\\\/\\\/lasentinelle.dz\\\/index.php\\\/2026\\\/04\\\/29\\\/ligue-2-amateur-29e-journee-asm-oran-rc-kouba-duel-decisif-pour-les-play-offs\\\/\",\"name\":\"Ligue 2 amateur (29e journ\u00e9e)\u00a0: ASM Oran-RC Kouba, duel d\u00e9cisif pour les play-offs - La Sentinelle\",\"isPartOf\":{\"@id\":\"https:\\\/\\\/lasentinelle.dz\\\/#website\"},\"primaryImageOfPage\":{\"@id\":\"https:\\\/\\\/lasentinelle.dz\\\/index.php\\\/2026\\\/04\\\/29\\\/ligue-2-amateur-29e-journee-asm-oran-rc-kouba-duel-decisif-pour-les-play-offs\\\/#primaryimage\"},\"image\":{\"@id\":\"https:\\\/\\\/lasentinelle.dz\\\/index.php\\\/2026\\\/04\\\/29\\\/ligue-2-amateur-29e-journee-asm-oran-rc-kouba-duel-decisif-pour-les-play-offs\\\/#primaryimage\"},\"thumbnailUrl\":\"https:\\\/\\\/lasentinelle.dz\\\/wp-content\\\/uploads\\\/2022\\\/12\\\/Ligue-2.png\",\"datePublished\":\"2026-04-29T17:44:09+00:00\",\"dateModified\":\"2026-05-01T17:44:58+00:00\",\"breadcrumb\":{\"@id\":\"https:\\\/\\\/lasentinelle.dz\\\/index.php\\\/2026\\\/04\\\/29\\\/ligue-2-amateur-29e-journee-asm-oran-rc-kouba-duel-decisif-pour-les-play-offs\\\/#breadcrumb\"},\"inLanguage\":\"fr-FR\",\"potentialAction\":[{\"@type\":\"ReadAction\",\"target\":[\"https:\\\/\\\/lasentinelle.dz\\\/index.php\\\/2026\\\/04\\\/29\\\/ligue-2-amateur-29e-journee-asm-oran-rc-kouba-duel-decisif-pour-les-play-offs\\\/\"]}]},{\"@type\":\"ImageObject\",\"inLanguage\":\"fr-FR\",\"@id\":\"https:\\\/\\\/lasentinelle.dz\\\/index.php\\\/2026\\\/04\\\/29\\\/ligue-2-amateur-29e-journee-asm-oran-rc-kouba-duel-decisif-pour-les-play-offs\\\/#primaryimage\",\"url\":\"https:\\\/\\\/lasentinelle.dz\\\/wp-content\\\/uploads\\\/2022\\\/12\\\/Ligue-2.png\",\"contentUrl\":\"https:\\\/\\\/lasentinelle.dz\\\/wp-content\\\/uploads\\\/2022\\\/12\\\/Ligue-2.png\",\"width\":1385,\"height\":900},{\"@type\":\"BreadcrumbList\",\"@id\":\"https:\\\/\\\/lasentinelle.dz\\\/index.php\\\/2026\\\/04\\\/29\\\/ligue-2-amateur-29e-journee-asm-oran-rc-kouba-duel-decisif-pour-les-play-offs\\\/#breadcrumb\",\"itemListElement\":[{\"@type\":\"ListItem\",\"position\":1,\"name\":\"Accueil\",\"item\":\"https:\\\/\\\/lasentinelle.dz\\\/\"},{\"@type\":\"ListItem\",\"position\":2,\"name\":\"Ligue 2 amateur (29e journ\u00e9e)\u00a0: ASM Oran-RC Kouba, duel d\u00e9cisif pour les play-offs\"}]},{\"@type\":\"WebSite\",\"@id\":\"https:\\\/\\\/lasentinelle.dz\\\/#website\",\"url\":\"https:\\\/\\\/lasentinelle.dz\\\/\",\"name\":\"La Sentinelle\",\"description\":\"Quotidien national d&#039;information\",\"publisher\":{\"@id\":\"https:\\\/\\\/lasentinelle.dz\\\/#organization\"},\"potentialAction\":[{\"@type\":\"SearchAction\",\"target\":{\"@type\":\"EntryPoint\",\"urlTemplate\":\"https:\\\/\\\/lasentinelle.dz\\\/?s={search_term_string}\"},\"query-input\":{\"@type\":\"PropertyValueSpecification\",\"valueRequired\":true,\"valueName\":\"search_term_string\"}}],\"inLanguage\":\"fr-FR\"},{\"@type\":\"Organization\",\"@id\":\"https:\\\/\\\/lasentinelle.dz\\\/#organization\",\"name\":\"Quotidien La Sentinelle\",\"url\":\"https:\\\/\\\/lasentinelle.dz\\\/\",\"logo\":{\"@type\":\"ImageObject\",\"inLanguage\":\"fr-FR\",\"@id\":\"https:\\\/\\\/lasentinelle.dz\\\/#\\\/schema\\\/logo\\\/image\\\/\",\"url\":\"https:\\\/\\\/lasentinelle.dz\\\/wp-content\\\/uploads\\\/2021\\\/09\\\/logo-sentinelleSLOGAN-1.png\",\"contentUrl\":\"https:\\\/\\\/lasentinelle.dz\\\/wp-content\\\/uploads\\\/2021\\\/09\\\/logo-sentinelleSLOGAN-1.png\",\"width\":615,\"height\":142,\"caption\":\"Quotidien La Sentinelle\"},\"image\":{\"@id\":\"https:\\\/\\\/lasentinelle.dz\\\/#\\\/schema\\\/logo\\\/image\\\/\"},\"sameAs\":[\"https:\\\/\\\/www.facebook.com\\\/La-Sentinelle-104059864394773\"]},{\"@type\":\"Person\",\"@id\":\"https:\\\/\\\/lasentinelle.dz\\\/#\\\/schema\\\/person\\\/729ee0024f24e0b8c5ec17232f8e8b41\",\"name\":\"admin\",\"image\":{\"@type\":\"ImageObject\",\"inLanguage\":\"fr-FR\",\"@id\":\"https:\\\/\\\/secure.gravatar.com\\\/avatar\\\/4c81fed838786e9b53f540bf46533e750f5d292099ae3b66cfc6fb1982e29df7?s=96&d=mm&r=g\",\"url\":\"https:\\\/\\\/secure.gravatar.com\\\/avatar\\\/4c81fed838786e9b53f540bf46533e750f5d292099ae3b66cfc6fb1982e29df7?s=96&d=mm&r=g\",\"contentUrl\":\"https:\\\/\\\/secure.gravatar.com\\\/avatar\\\/4c81fed838786e9b53f540bf46533e750f5d292099ae3b66cfc6fb1982e29df7?s=96&d=mm&r=g\",\"caption\":\"admin\"},\"description\":\"admin\",\"url\":\"https:\\\/\\\/lasentinelle.dz\\\/author\\\/admin\\\/\"}]}<\/script>\n<!-- \/ Yoast SEO plugin. -->","yoast_head_json":{"title":"Ligue 2 amateur (29e journ\u00e9e)\u00a0: ASM Oran-RC Kouba, duel d\u00e9cisif pour les play-offs - La Sentinelle","robots":{"index":"index","follow":"follow","max-snippet":"max-snippet:-1","max-image-preview":"max-image-preview:large","max-video-preview":"max-video-preview:-1"},"canonical":"https:\/\/lasentinelle.dz\/index.php\/2026\/04\/29\/ligue-2-amateur-29e-journee-asm-oran-rc-kouba-duel-decisif-pour-les-play-offs\/","og_locale":"fr_FR","og_type":"article","og_title":"Ligue 2 amateur (29e journ\u00e9e)\u00a0: ASM Oran-RC Kouba, duel d\u00e9cisif pour les play-offs - La Sentinelle","og_description":"Les regards des amateurs de football seront braqu\u00e9s, vendredi, sur la ville d&rsquo;Oran, th\u00e9\u00e2tre de l&rsquo;affiche d\u00e9cisive entre l&rsquo;ASM Oran","og_url":"https:\/\/lasentinelle.dz\/index.php\/2026\/04\/29\/ligue-2-amateur-29e-journee-asm-oran-rc-kouba-duel-decisif-pour-les-play-offs\/","og_site_name":"La Sentinelle","article_publisher":"https:\/\/www.facebook.com\/La-Sentinelle-104059864394773","article_published_time":"2026-04-29T17:44:09+00:00","article_modified_time":"2026-05-01T17:44:58+00:00","og_image":[{"width":1385,"height":900,"url":"https:\/\/lasentinelle.dz\/wp-content\/uploads\/2022\/12\/Ligue-2.png","type":"image\/png"}],"author":"admin","twitter_card":"summary_large_image","twitter_misc":{"\u00c9crit par":"admin","Dur\u00e9e de lecture estim\u00e9e":"3 minutes"},"schema":{"@context":"https:\/\/schema.org","@graph":[{"@type":"Article","@id":"https:\/\/lasentinelle.dz\/index.php\/2026\/04\/29\/ligue-2-amateur-29e-journee-asm-oran-rc-kouba-duel-decisif-pour-les-play-offs\/#article","isPartOf":{"@id":"https:\/\/lasentinelle.dz\/index.php\/2026\/04\/29\/ligue-2-amateur-29e-journee-asm-oran-rc-kouba-duel-decisif-pour-les-play-offs\/"},"author":{"name":"admin","@id":"https:\/\/lasentinelle.dz\/#\/schema\/person\/729ee0024f24e0b8c5ec17232f8e8b41"},"headline":"Ligue 2 amateur (29e journ\u00e9e)\u00a0: ASM Oran-RC Kouba, duel d\u00e9cisif pour les play-offs","datePublished":"2026-04-29T17:44:09+00:00","dateModified":"2026-05-01T17:44:58+00:00","mainEntityOfPage":{"@id":"https:\/\/lasentinelle.dz\/index.php\/2026\/04\/29\/ligue-2-amateur-29e-journee-asm-oran-rc-kouba-duel-decisif-pour-les-play-offs\/"},"wordCount":567,"commentCount":0,"publisher":{"@id":"https:\/\/lasentinelle.dz\/#organization"},"image":{"@id":"https:\/\/lasentinelle.dz\/index.php\/2026\/04\/29\/ligue-2-amateur-29e-journee-asm-oran-rc-kouba-duel-decisif-pour-les-play-offs\/#primaryimage"},"thumbnailUrl":"https:\/\/lasentinelle.dz\/wp-content\/uploads\/2022\/12\/Ligue-2.png","articleSection":["Sports"],"inLanguage":"fr-FR","potentialAction":[{"@type":"CommentAction","name":"Comment","target":["https:\/\/lasentinelle.dz\/index.php\/2026\/04\/29\/ligue-2-amateur-29e-journee-asm-oran-rc-kouba-duel-decisif-pour-les-play-offs\/#respond"]}]},{"@type":"WebPage","@id":"https:\/\/lasentinelle.dz\/index.php\/2026\/04\/29\/ligue-2-amateur-29e-journee-asm-oran-rc-kouba-duel-decisif-pour-les-play-offs\/","url":"https:\/\/lasentinelle.dz\/index.php\/2026\/04\/29\/ligue-2-amateur-29e-journee-asm-oran-rc-kouba-duel-decisif-pour-les-play-offs\/","name":"Ligue 2 amateur (29e journ\u00e9e)\u00a0: ASM Oran-RC Kouba, duel d\u00e9cisif pour les play-offs - La Sentinelle","isPartOf":{"@id":"https:\/\/lasentinelle.dz\/#website"},"primaryImageOfPage":{"@id":"https:\/\/lasentinelle.dz\/index.php\/2026\/04\/29\/ligue-2-amateur-29e-journee-asm-oran-rc-kouba-duel-decisif-pour-les-play-offs\/#primaryimage"},"image":{"@id":"https:\/\/lasentinelle.dz\/index.php\/2026\/04\/29\/ligue-2-amateur-29e-journee-asm-oran-rc-kouba-duel-decisif-pour-les-play-offs\/#primaryimage"},"thumbnailUrl":"https:\/\/lasentinelle.dz\/wp-content\/uploads\/2022\/12\/Ligue-2.png","datePublished":"2026-04-29T17:44:09+00:00","dateModified":"2026-05-01T17:44:58+00:00","breadcrumb":{"@id":"https:\/\/lasentinelle.dz\/index.php\/2026\/04\/29\/ligue-2-amateur-29e-journee-asm-oran-rc-kouba-duel-decisif-pour-les-play-offs\/#breadcrumb"},"inLanguage":"fr-FR","potentialAction":[{"@type":"ReadAction","target":["https:\/\/lasentinelle.dz\/index.php\/2026\/04\/29\/ligue-2-amateur-29e-journee-asm-oran-rc-kouba-duel-decisif-pour-les-play-offs\/"]}]},{"@type":"ImageObject","inLanguage":"fr-FR","@id":"https:\/\/lasentinelle.dz\/index.php\/2026\/04\/29\/ligue-2-amateur-29e-journee-asm-oran-rc-kouba-duel-decisif-pour-les-play-offs\/#primaryimage","url":"https:\/\/lasentinelle.dz\/wp-content\/uploads\/2022\/12\/Ligue-2.png","contentUrl":"https:\/\/lasentinelle.dz\/wp-content\/uploads\/2022\/12\/Ligue-2.png","width":1385,"height":900},{"@type":"BreadcrumbList","@id":"https:\/\/lasentinelle.dz\/index.php\/2026\/04\/29\/ligue-2-amateur-29e-journee-asm-oran-rc-kouba-duel-decisif-pour-les-play-offs\/#breadcrumb","itemListElement":[{"@type":"ListItem","position":1,"name":"Accueil","item":"https:\/\/lasentinelle.dz\/"},{"@type":"ListItem","position":2,"name":"Ligue 2 amateur (29e journ\u00e9e)\u00a0: ASM Oran-RC Kouba, duel d\u00e9cisif pour les play-offs"}]},{"@type":"WebSite","@id":"https:\/\/lasentinelle.dz\/#website","url":"https:\/\/lasentinelle.dz\/","name":"La Sentinelle","description":"Quotidien national d&#039;information","publisher":{"@id":"https:\/\/lasentinelle.dz\/#organization"},"potentialAction":[{"@type":"SearchAction","target":{"@type":"EntryPoint","urlTemplate":"https:\/\/lasentinelle.dz\/?s={search_term_string}"},"query-input":{"@type":"PropertyValueSpecification","valueRequired":true,"valueName":"search_term_string"}}],"inLanguage":"fr-FR"},{"@type":"Organization","@id":"https:\/\/lasentinelle.dz\/#organization","name":"Quotidien La Sentinelle","url":"https:\/\/lasentinelle.dz\/","logo":{"@type":"ImageObject","inLanguage":"fr-FR","@id":"https:\/\/lasentinelle.dz\/#\/schema\/logo\/image\/","url":"https:\/\/lasentinelle.dz\/wp-content\/uploads\/2021\/09\/logo-sentinelleSLOGAN-1.png","contentUrl":"https:\/\/lasentinelle.dz\/wp-content\/uploads\/2021\/09\/logo-sentinelleSLOGAN-1.png","width":615,"height":142,"caption":"Quotidien La Sentinelle"},"image":{"@id":"https:\/\/lasentinelle.dz\/#\/schema\/logo\/image\/"},"sameAs":["https:\/\/www.facebook.com\/La-Sentinelle-104059864394773"]},{"@type":"Person","@id":"https:\/\/lasentinelle.dz\/#\/schema\/person\/729ee0024f24e0b8c5ec17232f8e8b41","name":"admin","image":{"@type":"ImageObject","inLanguage":"fr-FR","@id":"https:\/\/secure.gravatar.com\/avatar\/4c81fed838786e9b53f540bf46533e750f5d292099ae3b66cfc6fb1982e29df7?s=96&d=mm&r=g","url":"https:\/\/secure.gravatar.com\/avatar\/4c81fed838786e9b53f540bf46533e750f5d292099ae3b66cfc6fb1982e29df7?s=96&d=mm&r=g","contentUrl":"https:\/\/secure.gravatar.com\/avatar\/4c81fed838786e9b53f540bf46533e750f5d292099ae3b66cfc6fb1982e29df7?s=96&d=mm&r=g","caption":"admin"},"description":"admin","url":"https:\/\/lasentinelle.dz\/author\/admin\/"}]}},"_links":{"self":[{"href":"https:\/\/lasentinelle.dz\/index.php\/wp-json\/wp\/v2\/posts\/86750","targetHints":{"allow":["GET"]}}],"collection":[{"href":"https:\/\/lasentinelle.dz\/index.php\/wp-json\/wp\/v2\/posts"}],"about":[{"href":"https:\/\/lasentinelle.dz\/index.php\/wp-json\/wp\/v2\/types\/post"}],"author":[{"embeddable":true,"href":"https:\/\/lasentinelle.dz\/index.php\/wp-json\/wp\/v2\/users\/6"}],"replies":[{"embeddable":true,"href":"https:\/\/lasentinelle.dz\/index.php\/wp-json\/wp\/v2\/comments?post=86750"}],"version-history":[{"count":1,"href":"https:\/\/lasentinelle.dz\/index.php\/wp-json\/wp\/v2\/posts\/86750\/revisions"}],"predecessor-version":[{"id":86751,"href":"https:\/\/lasentinelle.dz\/index.php\/wp-json\/wp\/v2\/posts\/86750\/revisions\/86751"}],"wp:featuredmedia":[{"embeddable":true,"href":"https:\/\/lasentinelle.dz\/index.php\/wp-json\/wp\/v2\/media\/33141"}],"wp:attachment":[{"href":"https:\/\/lasentinelle.dz\/index.php\/wp-json\/wp\/v2\/media?parent=86750"}],"wp:term":[{"taxonomy":"category","embeddable":true,"href":"https:\/\/lasentinelle.dz\/index.php\/wp-json\/wp\/v2\/categories?post=86750"},{"taxonomy":"post_tag","embeddable":true,"href":"https:\/\/lasentinelle.dz\/index.php\/wp-json\/wp\/v2\/tags?post=86750"}],"curies":[{"name":"wp","href":"https:\/\/api.w.org\/{rel}","templated":true}]}}