{"id":86752,"date":"2026-04-29T18:45:04","date_gmt":"2026-04-29T17:45:04","guid":{"rendered":"https:\/\/lasentinelle.dz\/?p=86752"},"modified":"2026-05-01T18:46:05","modified_gmt":"2026-05-01T17:46:05","slug":"ligue-1-mobilis-le-mca-sur-le-point-de-boucler-laffaire","status":"publish","type":"post","link":"https:\/\/lasentinelle.dz\/index.php\/2026\/04\/29\/ligue-1-mobilis-le-mca-sur-le-point-de-boucler-laffaire\/","title":{"rendered":"Ligue 1 Mobilis\u00a0: Le MCA sur le point de boucler l&rsquo;affaire"},"content":{"rendered":"\n<p>Un penalty dans les arr\u00eats de jeu, une victoire arrach\u00e9e \u00e0 la derni\u00e8re seconde, et le titre qui se rapproche \u00e0 port\u00e9e de main.<\/p>\n\n\n\n<p>Le MC Alger n&rsquo;est plus qu&rsquo;\u00e0 un point du sacre apr\u00e8s avoir domin\u00e9 l&rsquo;Olympique Akbou 2-1, mardi soir au stade Ali-La Pointe de Douera, dans le cadre de la mise \u00e0 jour de la 19e journ\u00e9e de Ligue 1 Mobilis. Un succ\u00e8s laborieux, presque douloureux, mais qui confirme que rien ni personne ne semble en mesure d&rsquo;arr\u00eater le \u00ab\u00a0Doyen\u00a0\u00bb dans sa marche vers le titre. La soir\u00e9e avait pourtant bien commenc\u00e9 pour les Rouge et Vert. Port\u00e9s par un public nombreux et bruyant, les Alg\u00e9rois ont rapidement impos\u00e9 leur tempo, \u00e9touffant les visiteurs dans leur propre camp. C&rsquo;est dans ce contexte que l&rsquo;attaquant guin\u00e9en Mohamed Saliou Bangoura a lanc\u00e9 l&rsquo;action d\u00e9cisive de la premi\u00e8re p\u00e9riode, glissant un centre millim\u00e9tr\u00e9 vers Zakaria Na\u00efdji, lequel, bien plac\u00e9 \u00e0 l&rsquo;entr\u00e9e de la surface, a tromp\u00e9 Rayane Yesli d&rsquo;une frappe s\u00e8che \u00e0 la 27e minute. Le MCA tenait son avantage \u00e0 la mi-temps, sans pour autant avoir \u00e9cart\u00e9 tout danger \u2014 l&rsquo;O. Akbou s&rsquo;\u00e9tait en effet procur\u00e9 la meilleure occasion du premier acte avant ce but. Au retour des vestiaires, les Kabyles n&rsquo;ont pas tard\u00e9 \u00e0 refaire surface. Taoufik Addadi, d&rsquo;un tir puissant \u00e0 la 52e minute, a remis son \u00e9quipe dans le match et relanc\u00e9 une partie que le MCA pensait tenir. Pendant une grande partie du second acte, les joueurs de l&rsquo;entra\u00eeneur tunisien Khaled Ben Yahia ont multipli\u00e9 les offensives, cherch\u00e9 la faille, but\u00e9 sur un bloc visiteur plus r\u00e9sistant qu&rsquo;attendu. Le match semblait se diriger vers un partage des points, sc\u00e9nario qui aurait \u00e9t\u00e9 v\u00e9cu comme un coup d&rsquo;arr\u00eat au stade Ali-La Pointe.<\/p>\n\n\n\n<p>C&rsquo;est alors que Bangoura a d\u00e9cid\u00e9 que la soir\u00e9e lui appartenait. \u00c0 la cinqui\u00e8me minute des arr\u00eats de jeu, l&rsquo;international guin\u00e9en s&rsquo;est charg\u00e9 de transformer le penalty accord\u00e9 par l&rsquo;arbitre, offrant les trois points au Mouloudia dans les ultimes secondes. Un d\u00e9nouement qui a soulag\u00e9 autant qu&rsquo;enthousiasm\u00e9 les tribunes.<\/p>\n\n\n\n<p>Au classement, le MCA grimpe \u00e0 61 points et creuse un \u00e9cart de quatorze longueurs sur son dauphin, la JS Saoura, qui pointe \u00e0 47 unit\u00e9s avec un match en moins. L&rsquo;O. Akbou reste troisi\u00e8me avec 44 points, d\u00e9sormais distanc\u00e9 dans la course au titre. Math\u00e9matiquement, le Mouloudia peut sceller son championnat lors de la 28e journ\u00e9e, o\u00f9 il recevra le MB Rouissat \u00e0 domicile.<\/p>\n\n\n\n<p>Moncef D.<\/p>\n","protected":false},"excerpt":{"rendered":"<p>Un penalty dans les arr\u00eats de jeu, une victoire arrach\u00e9e \u00e0 la derni\u00e8re seconde, et le titre qui se rapproche<\/p>\n","protected":false},"author":6,"featured_media":80863,"comment_status":"open","ping_status":"closed","sticky":false,"template":"","format":"standard","meta":{"colormag_page_container_layout":"default_layout","colormag_page_sidebar_layout":"default_layout","om_disable_all_campaigns":false,"_monsterinsights_skip_tracking":false,"_monsterinsights_sitenote_active":false,"_monsterinsights_sitenote_note":"","_monsterinsights_sitenote_category":0,"footnotes":"","_wpscppro_dont_share_socialmedia":false,"_wpscppro_custom_social_share_image":0,"_facebook_share_type":"default","_twitter_share_type":"default","_linkedin_share_type":"default","_pinterest_share_type":"default","_linkedin_share_type_page":"","_instagram_share_type":"default","_medium_share_type":"default","_threads_share_type":"default","_google_business_share_type":"default","_selected_social_profile":[],"_wpsp_enable_custom_social_template":false,"_wpsp_social_scheduling":{"enabled":false,"datetime":null,"platforms":[],"status":"template_only","dateOption":"today","timeOption":"now","customDays":"","customHours":"","customDate":"","customTime":"","schedulingType":"absolute"},"_wpsp_active_default_template":true},"categories":[33],"tags":[],"class_list":["post-86752","post","type-post","status-publish","format-standard","has-post-thumbnail","hentry","category-sports"],"aioseo_notices":[],"yoast_head":"<!-- This site is optimized with the Yoast SEO plugin v27.5 - https:\/\/yoast.com\/product\/yoast-seo-wordpress\/ -->\n<title>Ligue 1 Mobilis\u00a0: Le MCA sur le point de boucler l&rsquo;affaire - La Sentinelle<\/title>\n<meta name=\"robots\" content=\"index, follow, max-snippet:-1, max-image-preview:large, max-video-preview:-1\" \/>\n<link rel=\"canonical\" href=\"https:\/\/lasentinelle.dz\/index.php\/2026\/04\/29\/ligue-1-mobilis-le-mca-sur-le-point-de-boucler-laffaire\/\" \/>\n<meta property=\"og:locale\" content=\"fr_FR\" \/>\n<meta property=\"og:type\" content=\"article\" \/>\n<meta property=\"og:title\" content=\"Ligue 1 Mobilis\u00a0: Le MCA sur le point de boucler l&rsquo;affaire - La Sentinelle\" \/>\n<meta property=\"og:description\" content=\"Un penalty dans les arr\u00eats de jeu, une victoire arrach\u00e9e \u00e0 la derni\u00e8re seconde, et le titre qui se rapproche\" \/>\n<meta property=\"og:url\" content=\"https:\/\/lasentinelle.dz\/index.php\/2026\/04\/29\/ligue-1-mobilis-le-mca-sur-le-point-de-boucler-laffaire\/\" \/>\n<meta property=\"og:site_name\" content=\"La Sentinelle\" \/>\n<meta property=\"article:publisher\" content=\"https:\/\/www.facebook.com\/La-Sentinelle-104059864394773\" \/>\n<meta property=\"article:published_time\" content=\"2026-04-29T17:45:04+00:00\" \/>\n<meta property=\"article:modified_time\" content=\"2026-05-01T17:46:05+00:00\" \/>\n<meta property=\"og:image\" content=\"https:\/\/lasentinelle.dz\/wp-content\/uploads\/2026\/02\/MCA-1.jpeg\" \/>\n\t<meta property=\"og:image:width\" content=\"2048\" \/>\n\t<meta property=\"og:image:height\" content=\"1365\" \/>\n\t<meta property=\"og:image:type\" content=\"image\/jpeg\" \/>\n<meta name=\"author\" content=\"admin\" \/>\n<meta name=\"twitter:card\" content=\"summary_large_image\" \/>\n<meta name=\"twitter:label1\" content=\"\u00c9crit par\" \/>\n\t<meta name=\"twitter:data1\" content=\"admin\" \/>\n\t<meta name=\"twitter:label2\" content=\"Dur\u00e9e de lecture estim\u00e9e\" \/>\n\t<meta name=\"twitter:data2\" content=\"3 minutes\" \/>\n<script type=\"application\/ld+json\" class=\"yoast-schema-graph\">{\"@context\":\"https:\\\/\\\/schema.org\",\"@graph\":[{\"@type\":\"Article\",\"@id\":\"https:\\\/\\\/lasentinelle.dz\\\/index.php\\\/2026\\\/04\\\/29\\\/ligue-1-mobilis-le-mca-sur-le-point-de-boucler-laffaire\\\/#article\",\"isPartOf\":{\"@id\":\"https:\\\/\\\/lasentinelle.dz\\\/index.php\\\/2026\\\/04\\\/29\\\/ligue-1-mobilis-le-mca-sur-le-point-de-boucler-laffaire\\\/\"},\"author\":{\"name\":\"admin\",\"@id\":\"https:\\\/\\\/lasentinelle.dz\\\/#\\\/schema\\\/person\\\/729ee0024f24e0b8c5ec17232f8e8b41\"},\"headline\":\"Ligue 1 Mobilis\u00a0: Le MCA sur le point de boucler l&rsquo;affaire\",\"datePublished\":\"2026-04-29T17:45:04+00:00\",\"dateModified\":\"2026-05-01T17:46:05+00:00\",\"mainEntityOfPage\":{\"@id\":\"https:\\\/\\\/lasentinelle.dz\\\/index.php\\\/2026\\\/04\\\/29\\\/ligue-1-mobilis-le-mca-sur-le-point-de-boucler-laffaire\\\/\"},\"wordCount\":453,\"commentCount\":0,\"publisher\":{\"@id\":\"https:\\\/\\\/lasentinelle.dz\\\/#organization\"},\"image\":{\"@id\":\"https:\\\/\\\/lasentinelle.dz\\\/index.php\\\/2026\\\/04\\\/29\\\/ligue-1-mobilis-le-mca-sur-le-point-de-boucler-laffaire\\\/#primaryimage\"},\"thumbnailUrl\":\"https:\\\/\\\/lasentinelle.dz\\\/wp-content\\\/uploads\\\/2026\\\/02\\\/MCA-1.jpeg\",\"articleSection\":[\"Sports\"],\"inLanguage\":\"fr-FR\",\"potentialAction\":[{\"@type\":\"CommentAction\",\"name\":\"Comment\",\"target\":[\"https:\\\/\\\/lasentinelle.dz\\\/index.php\\\/2026\\\/04\\\/29\\\/ligue-1-mobilis-le-mca-sur-le-point-de-boucler-laffaire\\\/#respond\"]}]},{\"@type\":\"WebPage\",\"@id\":\"https:\\\/\\\/lasentinelle.dz\\\/index.php\\\/2026\\\/04\\\/29\\\/ligue-1-mobilis-le-mca-sur-le-point-de-boucler-laffaire\\\/\",\"url\":\"https:\\\/\\\/lasentinelle.dz\\\/index.php\\\/2026\\\/04\\\/29\\\/ligue-1-mobilis-le-mca-sur-le-point-de-boucler-laffaire\\\/\",\"name\":\"Ligue 1 Mobilis\u00a0: Le MCA sur le point de boucler l&rsquo;affaire - La Sentinelle\",\"isPartOf\":{\"@id\":\"https:\\\/\\\/lasentinelle.dz\\\/#website\"},\"primaryImageOfPage\":{\"@id\":\"https:\\\/\\\/lasentinelle.dz\\\/index.php\\\/2026\\\/04\\\/29\\\/ligue-1-mobilis-le-mca-sur-le-point-de-boucler-laffaire\\\/#primaryimage\"},\"image\":{\"@id\":\"https:\\\/\\\/lasentinelle.dz\\\/index.php\\\/2026\\\/04\\\/29\\\/ligue-1-mobilis-le-mca-sur-le-point-de-boucler-laffaire\\\/#primaryimage\"},\"thumbnailUrl\":\"https:\\\/\\\/lasentinelle.dz\\\/wp-content\\\/uploads\\\/2026\\\/02\\\/MCA-1.jpeg\",\"datePublished\":\"2026-04-29T17:45:04+00:00\",\"dateModified\":\"2026-05-01T17:46:05+00:00\",\"breadcrumb\":{\"@id\":\"https:\\\/\\\/lasentinelle.dz\\\/index.php\\\/2026\\\/04\\\/29\\\/ligue-1-mobilis-le-mca-sur-le-point-de-boucler-laffaire\\\/#breadcrumb\"},\"inLanguage\":\"fr-FR\",\"potentialAction\":[{\"@type\":\"ReadAction\",\"target\":[\"https:\\\/\\\/lasentinelle.dz\\\/index.php\\\/2026\\\/04\\\/29\\\/ligue-1-mobilis-le-mca-sur-le-point-de-boucler-laffaire\\\/\"]}]},{\"@type\":\"ImageObject\",\"inLanguage\":\"fr-FR\",\"@id\":\"https:\\\/\\\/lasentinelle.dz\\\/index.php\\\/2026\\\/04\\\/29\\\/ligue-1-mobilis-le-mca-sur-le-point-de-boucler-laffaire\\\/#primaryimage\",\"url\":\"https:\\\/\\\/lasentinelle.dz\\\/wp-content\\\/uploads\\\/2026\\\/02\\\/MCA-1.jpeg\",\"contentUrl\":\"https:\\\/\\\/lasentinelle.dz\\\/wp-content\\\/uploads\\\/2026\\\/02\\\/MCA-1.jpeg\",\"width\":2048,\"height\":1365},{\"@type\":\"BreadcrumbList\",\"@id\":\"https:\\\/\\\/lasentinelle.dz\\\/index.php\\\/2026\\\/04\\\/29\\\/ligue-1-mobilis-le-mca-sur-le-point-de-boucler-laffaire\\\/#breadcrumb\",\"itemListElement\":[{\"@type\":\"ListItem\",\"position\":1,\"name\":\"Accueil\",\"item\":\"https:\\\/\\\/lasentinelle.dz\\\/\"},{\"@type\":\"ListItem\",\"position\":2,\"name\":\"Ligue 1 Mobilis\u00a0: Le MCA sur le point de boucler l&rsquo;affaire\"}]},{\"@type\":\"WebSite\",\"@id\":\"https:\\\/\\\/lasentinelle.dz\\\/#website\",\"url\":\"https:\\\/\\\/lasentinelle.dz\\\/\",\"name\":\"La Sentinelle\",\"description\":\"Quotidien national d&#039;information\",\"publisher\":{\"@id\":\"https:\\\/\\\/lasentinelle.dz\\\/#organization\"},\"potentialAction\":[{\"@type\":\"SearchAction\",\"target\":{\"@type\":\"EntryPoint\",\"urlTemplate\":\"https:\\\/\\\/lasentinelle.dz\\\/?s={search_term_string}\"},\"query-input\":{\"@type\":\"PropertyValueSpecification\",\"valueRequired\":true,\"valueName\":\"search_term_string\"}}],\"inLanguage\":\"fr-FR\"},{\"@type\":\"Organization\",\"@id\":\"https:\\\/\\\/lasentinelle.dz\\\/#organization\",\"name\":\"Quotidien La Sentinelle\",\"url\":\"https:\\\/\\\/lasentinelle.dz\\\/\",\"logo\":{\"@type\":\"ImageObject\",\"inLanguage\":\"fr-FR\",\"@id\":\"https:\\\/\\\/lasentinelle.dz\\\/#\\\/schema\\\/logo\\\/image\\\/\",\"url\":\"https:\\\/\\\/lasentinelle.dz\\\/wp-content\\\/uploads\\\/2021\\\/09\\\/logo-sentinelleSLOGAN-1.png\",\"contentUrl\":\"https:\\\/\\\/lasentinelle.dz\\\/wp-content\\\/uploads\\\/2021\\\/09\\\/logo-sentinelleSLOGAN-1.png\",\"width\":615,\"height\":142,\"caption\":\"Quotidien La Sentinelle\"},\"image\":{\"@id\":\"https:\\\/\\\/lasentinelle.dz\\\/#\\\/schema\\\/logo\\\/image\\\/\"},\"sameAs\":[\"https:\\\/\\\/www.facebook.com\\\/La-Sentinelle-104059864394773\"]},{\"@type\":\"Person\",\"@id\":\"https:\\\/\\\/lasentinelle.dz\\\/#\\\/schema\\\/person\\\/729ee0024f24e0b8c5ec17232f8e8b41\",\"name\":\"admin\",\"image\":{\"@type\":\"ImageObject\",\"inLanguage\":\"fr-FR\",\"@id\":\"https:\\\/\\\/secure.gravatar.com\\\/avatar\\\/4c81fed838786e9b53f540bf46533e750f5d292099ae3b66cfc6fb1982e29df7?s=96&d=mm&r=g\",\"url\":\"https:\\\/\\\/secure.gravatar.com\\\/avatar\\\/4c81fed838786e9b53f540bf46533e750f5d292099ae3b66cfc6fb1982e29df7?s=96&d=mm&r=g\",\"contentUrl\":\"https:\\\/\\\/secure.gravatar.com\\\/avatar\\\/4c81fed838786e9b53f540bf46533e750f5d292099ae3b66cfc6fb1982e29df7?s=96&d=mm&r=g\",\"caption\":\"admin\"},\"description\":\"admin\",\"url\":\"https:\\\/\\\/lasentinelle.dz\\\/author\\\/admin\\\/\"}]}<\/script>\n<!-- \/ Yoast SEO plugin. -->","yoast_head_json":{"title":"Ligue 1 Mobilis\u00a0: Le MCA sur le point de boucler l&rsquo;affaire - La Sentinelle","robots":{"index":"index","follow":"follow","max-snippet":"max-snippet:-1","max-image-preview":"max-image-preview:large","max-video-preview":"max-video-preview:-1"},"canonical":"https:\/\/lasentinelle.dz\/index.php\/2026\/04\/29\/ligue-1-mobilis-le-mca-sur-le-point-de-boucler-laffaire\/","og_locale":"fr_FR","og_type":"article","og_title":"Ligue 1 Mobilis\u00a0: Le MCA sur le point de boucler l&rsquo;affaire - La Sentinelle","og_description":"Un penalty dans les arr\u00eats de jeu, une victoire arrach\u00e9e \u00e0 la derni\u00e8re seconde, et le titre qui se rapproche","og_url":"https:\/\/lasentinelle.dz\/index.php\/2026\/04\/29\/ligue-1-mobilis-le-mca-sur-le-point-de-boucler-laffaire\/","og_site_name":"La Sentinelle","article_publisher":"https:\/\/www.facebook.com\/La-Sentinelle-104059864394773","article_published_time":"2026-04-29T17:45:04+00:00","article_modified_time":"2026-05-01T17:46:05+00:00","og_image":[{"width":2048,"height":1365,"url":"https:\/\/lasentinelle.dz\/wp-content\/uploads\/2026\/02\/MCA-1.jpeg","type":"image\/jpeg"}],"author":"admin","twitter_card":"summary_large_image","twitter_misc":{"\u00c9crit par":"admin","Dur\u00e9e de lecture estim\u00e9e":"3 minutes"},"schema":{"@context":"https:\/\/schema.org","@graph":[{"@type":"Article","@id":"https:\/\/lasentinelle.dz\/index.php\/2026\/04\/29\/ligue-1-mobilis-le-mca-sur-le-point-de-boucler-laffaire\/#article","isPartOf":{"@id":"https:\/\/lasentinelle.dz\/index.php\/2026\/04\/29\/ligue-1-mobilis-le-mca-sur-le-point-de-boucler-laffaire\/"},"author":{"name":"admin","@id":"https:\/\/lasentinelle.dz\/#\/schema\/person\/729ee0024f24e0b8c5ec17232f8e8b41"},"headline":"Ligue 1 Mobilis\u00a0: Le MCA sur le point de boucler l&rsquo;affaire","datePublished":"2026-04-29T17:45:04+00:00","dateModified":"2026-05-01T17:46:05+00:00","mainEntityOfPage":{"@id":"https:\/\/lasentinelle.dz\/index.php\/2026\/04\/29\/ligue-1-mobilis-le-mca-sur-le-point-de-boucler-laffaire\/"},"wordCount":453,"commentCount":0,"publisher":{"@id":"https:\/\/lasentinelle.dz\/#organization"},"image":{"@id":"https:\/\/lasentinelle.dz\/index.php\/2026\/04\/29\/ligue-1-mobilis-le-mca-sur-le-point-de-boucler-laffaire\/#primaryimage"},"thumbnailUrl":"https:\/\/lasentinelle.dz\/wp-content\/uploads\/2026\/02\/MCA-1.jpeg","articleSection":["Sports"],"inLanguage":"fr-FR","potentialAction":[{"@type":"CommentAction","name":"Comment","target":["https:\/\/lasentinelle.dz\/index.php\/2026\/04\/29\/ligue-1-mobilis-le-mca-sur-le-point-de-boucler-laffaire\/#respond"]}]},{"@type":"WebPage","@id":"https:\/\/lasentinelle.dz\/index.php\/2026\/04\/29\/ligue-1-mobilis-le-mca-sur-le-point-de-boucler-laffaire\/","url":"https:\/\/lasentinelle.dz\/index.php\/2026\/04\/29\/ligue-1-mobilis-le-mca-sur-le-point-de-boucler-laffaire\/","name":"Ligue 1 Mobilis\u00a0: Le MCA sur le point de boucler l&rsquo;affaire - La Sentinelle","isPartOf":{"@id":"https:\/\/lasentinelle.dz\/#website"},"primaryImageOfPage":{"@id":"https:\/\/lasentinelle.dz\/index.php\/2026\/04\/29\/ligue-1-mobilis-le-mca-sur-le-point-de-boucler-laffaire\/#primaryimage"},"image":{"@id":"https:\/\/lasentinelle.dz\/index.php\/2026\/04\/29\/ligue-1-mobilis-le-mca-sur-le-point-de-boucler-laffaire\/#primaryimage"},"thumbnailUrl":"https:\/\/lasentinelle.dz\/wp-content\/uploads\/2026\/02\/MCA-1.jpeg","datePublished":"2026-04-29T17:45:04+00:00","dateModified":"2026-05-01T17:46:05+00:00","breadcrumb":{"@id":"https:\/\/lasentinelle.dz\/index.php\/2026\/04\/29\/ligue-1-mobilis-le-mca-sur-le-point-de-boucler-laffaire\/#breadcrumb"},"inLanguage":"fr-FR","potentialAction":[{"@type":"ReadAction","target":["https:\/\/lasentinelle.dz\/index.php\/2026\/04\/29\/ligue-1-mobilis-le-mca-sur-le-point-de-boucler-laffaire\/"]}]},{"@type":"ImageObject","inLanguage":"fr-FR","@id":"https:\/\/lasentinelle.dz\/index.php\/2026\/04\/29\/ligue-1-mobilis-le-mca-sur-le-point-de-boucler-laffaire\/#primaryimage","url":"https:\/\/lasentinelle.dz\/wp-content\/uploads\/2026\/02\/MCA-1.jpeg","contentUrl":"https:\/\/lasentinelle.dz\/wp-content\/uploads\/2026\/02\/MCA-1.jpeg","width":2048,"height":1365},{"@type":"BreadcrumbList","@id":"https:\/\/lasentinelle.dz\/index.php\/2026\/04\/29\/ligue-1-mobilis-le-mca-sur-le-point-de-boucler-laffaire\/#breadcrumb","itemListElement":[{"@type":"ListItem","position":1,"name":"Accueil","item":"https:\/\/lasentinelle.dz\/"},{"@type":"ListItem","position":2,"name":"Ligue 1 Mobilis\u00a0: Le MCA sur le point de boucler l&rsquo;affaire"}]},{"@type":"WebSite","@id":"https:\/\/lasentinelle.dz\/#website","url":"https:\/\/lasentinelle.dz\/","name":"La Sentinelle","description":"Quotidien national d&#039;information","publisher":{"@id":"https:\/\/lasentinelle.dz\/#organization"},"potentialAction":[{"@type":"SearchAction","target":{"@type":"EntryPoint","urlTemplate":"https:\/\/lasentinelle.dz\/?s={search_term_string}"},"query-input":{"@type":"PropertyValueSpecification","valueRequired":true,"valueName":"search_term_string"}}],"inLanguage":"fr-FR"},{"@type":"Organization","@id":"https:\/\/lasentinelle.dz\/#organization","name":"Quotidien La Sentinelle","url":"https:\/\/lasentinelle.dz\/","logo":{"@type":"ImageObject","inLanguage":"fr-FR","@id":"https:\/\/lasentinelle.dz\/#\/schema\/logo\/image\/","url":"https:\/\/lasentinelle.dz\/wp-content\/uploads\/2021\/09\/logo-sentinelleSLOGAN-1.png","contentUrl":"https:\/\/lasentinelle.dz\/wp-content\/uploads\/2021\/09\/logo-sentinelleSLOGAN-1.png","width":615,"height":142,"caption":"Quotidien La Sentinelle"},"image":{"@id":"https:\/\/lasentinelle.dz\/#\/schema\/logo\/image\/"},"sameAs":["https:\/\/www.facebook.com\/La-Sentinelle-104059864394773"]},{"@type":"Person","@id":"https:\/\/lasentinelle.dz\/#\/schema\/person\/729ee0024f24e0b8c5ec17232f8e8b41","name":"admin","image":{"@type":"ImageObject","inLanguage":"fr-FR","@id":"https:\/\/secure.gravatar.com\/avatar\/4c81fed838786e9b53f540bf46533e750f5d292099ae3b66cfc6fb1982e29df7?s=96&d=mm&r=g","url":"https:\/\/secure.gravatar.com\/avatar\/4c81fed838786e9b53f540bf46533e750f5d292099ae3b66cfc6fb1982e29df7?s=96&d=mm&r=g","contentUrl":"https:\/\/secure.gravatar.com\/avatar\/4c81fed838786e9b53f540bf46533e750f5d292099ae3b66cfc6fb1982e29df7?s=96&d=mm&r=g","caption":"admin"},"description":"admin","url":"https:\/\/lasentinelle.dz\/author\/admin\/"}]}},"_links":{"self":[{"href":"https:\/\/lasentinelle.dz\/index.php\/wp-json\/wp\/v2\/posts\/86752","targetHints":{"allow":["GET"]}}],"collection":[{"href":"https:\/\/lasentinelle.dz\/index.php\/wp-json\/wp\/v2\/posts"}],"about":[{"href":"https:\/\/lasentinelle.dz\/index.php\/wp-json\/wp\/v2\/types\/post"}],"author":[{"embeddable":true,"href":"https:\/\/lasentinelle.dz\/index.php\/wp-json\/wp\/v2\/users\/6"}],"replies":[{"embeddable":true,"href":"https:\/\/lasentinelle.dz\/index.php\/wp-json\/wp\/v2\/comments?post=86752"}],"version-history":[{"count":2,"href":"https:\/\/lasentinelle.dz\/index.php\/wp-json\/wp\/v2\/posts\/86752\/revisions"}],"predecessor-version":[{"id":86754,"href":"https:\/\/lasentinelle.dz\/index.php\/wp-json\/wp\/v2\/posts\/86752\/revisions\/86754"}],"wp:featuredmedia":[{"embeddable":true,"href":"https:\/\/lasentinelle.dz\/index.php\/wp-json\/wp\/v2\/media\/80863"}],"wp:attachment":[{"href":"https:\/\/lasentinelle.dz\/index.php\/wp-json\/wp\/v2\/media?parent=86752"}],"wp:term":[{"taxonomy":"category","embeddable":true,"href":"https:\/\/lasentinelle.dz\/index.php\/wp-json\/wp\/v2\/categories?post=86752"},{"taxonomy":"post_tag","embeddable":true,"href":"https:\/\/lasentinelle.dz\/index.php\/wp-json\/wp\/v2\/tags?post=86752"}],"curies":[{"name":"wp","href":"https:\/\/api.w.org\/{rel}","templated":true}]}}