{"id":86759,"date":"2026-04-29T18:48:04","date_gmt":"2026-04-29T17:48:04","guid":{"rendered":"https:\/\/lasentinelle.dz\/?p=86759"},"modified":"2026-05-01T18:48:50","modified_gmt":"2026-05-01T17:48:50","slug":"constantine-les-investissements-en-suspens-dans-le-viseur","status":"publish","type":"post","link":"https:\/\/lasentinelle.dz\/index.php\/2026\/04\/29\/constantine-les-investissements-en-suspens-dans-le-viseur\/","title":{"rendered":"Constantine\u00a0: Les investissements en suspens dans le viseur"},"content":{"rendered":"\n<p>Le wali de Constantine, Abdelkhalek Sayouda, a pr\u00e9sid\u00e9 hier une r\u00e9union de travail au si\u00e8ge de la wilaya, consacr\u00e9e au suivi d&rsquo;une douzaine de projets d&rsquo;investissement en attente de permis de construire dans les zones d&rsquo;activit\u00e9s d&rsquo;El Khroub et d&rsquo;Ouled Rahmoune. Les blocages administratifs identifi\u00e9s ont conduit \u00e0 la fixation d&rsquo;un calendrier strict et \u00e0 des instructions fermes pour acc\u00e9l\u00e9rer la concr\u00e9tisation de ces projets \u00e9conomiques. Lors de cette r\u00e9union de travail tenue hier au si\u00e8ge de la wilaya, le chef de l&rsquo;ex\u00e9cutif, Abdelkhalek Sayouda, a pass\u00e9 en revue la situation des permis de construire li\u00e9s \u00e0 une douzaine de projets d&rsquo;investissement relevant de l&rsquo;Agence alg\u00e9rienne de promotion de l&rsquo;investissement (AAPI). Ces projets, implant\u00e9s notamment dans la zone industrielle de Taraf et la zone d&rsquo;activit\u00e9s Ali Mendjeli, concernent des secteurs strat\u00e9giques tels que l&rsquo;industrie pharmaceutique, la m\u00e9tallurgie, les huiles v\u00e9g\u00e9tales, l&rsquo;imprimerie et la filature industrielle. Ces investissements, port\u00e9s par des op\u00e9rateurs ayant b\u00e9n\u00e9fici\u00e9 de foncier \u00e9conomique dans le cadre de la loi 23-17, repr\u00e9sentent un levier important pour la diversification de l&rsquo;\u00e9conomie locale et la cr\u00e9ation de richesses et, surtout, de postes d&#8217;emploi. Toutefois, leur concr\u00e9tisation se heurte \u00e0 plusieurs contraintes administratives et organisationnelles, dont des retards dans le d\u00e9p\u00f4t des dossiers, l&rsquo;absence de certaines conventions techniques et des lenteurs dans le traitement des proc\u00e9dures. Chaque dossier a \u00e9t\u00e9 examin\u00e9 individuellement en pr\u00e9sence des investisseurs et des services concern\u00e9s, permettant de cibler pr\u00e9cis\u00e9ment les dysfonctionnements. Pour acc\u00e9l\u00e9rer la lev\u00e9e des contraintes administratives, le wali de Constantine a insist\u00e9 sur la n\u00e9cessit\u00e9 de lever rapidement tous les obstacles bureaucratiques afin d&rsquo;\u00e9viter que ces projets ne s&rsquo;enlisent davantage, soulignant leur importance dans la dynamique de d\u00e9veloppement \u00e9conomique de la wilaya. \u00c0 l&rsquo;issue de la r\u00e9union, des instructions fermes ont \u00e9t\u00e9 donn\u00e9es pour acc\u00e9l\u00e9rer les proc\u00e9dures. Le Contr\u00f4le technique de la construction (CTC) est d\u00e9sormais tenu de d\u00e9livrer sans d\u00e9lai les conventions n\u00e9cessaires aux investisseurs d\u00e9j\u00e0 engag\u00e9s dans la proc\u00e9dure. L&rsquo;inspecteur g\u00e9n\u00e9ral de la wilaya a, quant \u00e0 lui, \u00e9t\u00e9 charg\u00e9 de mener des missions de contr\u00f4le et de suivi aupr\u00e8s des administrations concern\u00e9es afin d&rsquo;identifier les points de blocage. Les investisseurs accusant des retards dans le d\u00e9p\u00f4t de leurs dossiers ont \u00e9t\u00e9, quant \u00e0 eux, somm\u00e9s de r\u00e9gulariser leur situation dans les plus brefs d\u00e9lais, sous peine de voir leurs contrats r\u00e9sili\u00e9s. Par ailleurs, le directeur de l&rsquo;AAPI a re\u00e7u pour instruction d&rsquo;assurer un suivi rigoureux et continu de chaque projet jusqu&rsquo;\u00e0 l&rsquo;obtention effective des permis de construire. Pour garantir l&rsquo;application de ces d\u00e9cisions, des r\u00e9unions hebdomadaires de suivi ont \u00e9t\u00e9 programm\u00e9es afin de superviser l&rsquo;avancement des dossiers. Dans une approche plus large, cette d\u00e9marche s&rsquo;inscrit dans les efforts nationaux visant \u00e0 am\u00e9liorer le climat des affaires et \u00e0 r\u00e9duire les lourdeurs administratives qui freinent la concr\u00e9tisation des projets d&rsquo;investissement. L&rsquo;enjeu est particuli\u00e8rement crucial dans des wilayas industrielles comme Constantine, qui ambitionne de renforcer son r\u00f4le de p\u00f4le \u00e9conomique r\u00e9gional. En resserrant les d\u00e9lais et en renfor\u00e7ant le suivi des projets, les autorit\u00e9s locales cherchent \u00e0 transformer les intentions d&rsquo;investissement en r\u00e9alisations concr\u00e8tes. Un test de cr\u00e9dibilit\u00e9 pour le dispositif de promotion de l&rsquo;investissement, mais aussi une \u00e9tape d\u00e9cisive pour relancer la dynamique \u00e9conomique dans la r\u00e9gion de Constantine.<\/p>\n\n\n\n<p><strong>Sofia C.<\/strong><\/p>\n","protected":false},"excerpt":{"rendered":"<p>Le wali de Constantine, Abdelkhalek Sayouda, a pr\u00e9sid\u00e9 hier une r\u00e9union de travail au si\u00e8ge de la wilaya, consacr\u00e9e au<\/p>\n","protected":false},"author":6,"featured_media":66289,"comment_status":"open","ping_status":"closed","sticky":false,"template":"","format":"standard","meta":{"colormag_page_container_layout":"default_layout","colormag_page_sidebar_layout":"default_layout","om_disable_all_campaigns":false,"_monsterinsights_skip_tracking":false,"_monsterinsights_sitenote_active":false,"_monsterinsights_sitenote_note":"","_monsterinsights_sitenote_category":0,"footnotes":"","_wpscppro_dont_share_socialmedia":false,"_wpscppro_custom_social_share_image":0,"_facebook_share_type":"default","_twitter_share_type":"default","_linkedin_share_type":"default","_pinterest_share_type":"default","_linkedin_share_type_page":"","_instagram_share_type":"default","_medium_share_type":"default","_threads_share_type":"default","_google_business_share_type":"default","_selected_social_profile":[],"_wpsp_enable_custom_social_template":false,"_wpsp_social_scheduling":{"enabled":false,"datetime":null,"platforms":[],"status":"template_only","dateOption":"today","timeOption":"now","customDays":"","customHours":"","customDate":"","customTime":"","schedulingType":"absolute"},"_wpsp_active_default_template":true},"categories":[31],"tags":[],"class_list":["post-86759","post","type-post","status-publish","format-standard","has-post-thumbnail","hentry","category-regions"],"aioseo_notices":[],"yoast_head":"<!-- This site is optimized with the Yoast SEO plugin v27.5 - https:\/\/yoast.com\/product\/yoast-seo-wordpress\/ -->\n<title>Constantine\u00a0: Les investissements en suspens dans le viseur - La Sentinelle<\/title>\n<meta name=\"robots\" content=\"index, follow, max-snippet:-1, max-image-preview:large, max-video-preview:-1\" \/>\n<link rel=\"canonical\" href=\"https:\/\/lasentinelle.dz\/index.php\/2026\/04\/29\/constantine-les-investissements-en-suspens-dans-le-viseur\/\" \/>\n<meta property=\"og:locale\" content=\"fr_FR\" \/>\n<meta property=\"og:type\" content=\"article\" \/>\n<meta property=\"og:title\" content=\"Constantine\u00a0: Les investissements en suspens dans le viseur - La Sentinelle\" \/>\n<meta property=\"og:description\" content=\"Le wali de Constantine, Abdelkhalek Sayouda, a pr\u00e9sid\u00e9 hier une r\u00e9union de travail au si\u00e8ge de la wilaya, consacr\u00e9e au\" \/>\n<meta property=\"og:url\" content=\"https:\/\/lasentinelle.dz\/index.php\/2026\/04\/29\/constantine-les-investissements-en-suspens-dans-le-viseur\/\" \/>\n<meta property=\"og:site_name\" content=\"La Sentinelle\" \/>\n<meta property=\"article:publisher\" content=\"https:\/\/www.facebook.com\/La-Sentinelle-104059864394773\" \/>\n<meta property=\"article:published_time\" content=\"2026-04-29T17:48:04+00:00\" \/>\n<meta property=\"article:modified_time\" content=\"2026-05-01T17:48:50+00:00\" \/>\n<meta property=\"og:image\" content=\"https:\/\/lasentinelle.dz\/wp-content\/uploads\/2025\/04\/tekepherique-constantine.jpg\" \/>\n\t<meta property=\"og:image:width\" content=\"1024\" \/>\n\t<meta property=\"og:image:height\" content=\"768\" \/>\n\t<meta property=\"og:image:type\" content=\"image\/jpeg\" \/>\n<meta name=\"author\" content=\"admin\" \/>\n<meta name=\"twitter:card\" content=\"summary_large_image\" \/>\n<meta name=\"twitter:label1\" content=\"\u00c9crit par\" \/>\n\t<meta name=\"twitter:data1\" content=\"admin\" \/>\n\t<meta name=\"twitter:label2\" content=\"Dur\u00e9e de lecture estim\u00e9e\" \/>\n\t<meta name=\"twitter:data2\" content=\"3 minutes\" \/>\n<script type=\"application\/ld+json\" class=\"yoast-schema-graph\">{\"@context\":\"https:\\\/\\\/schema.org\",\"@graph\":[{\"@type\":\"Article\",\"@id\":\"https:\\\/\\\/lasentinelle.dz\\\/index.php\\\/2026\\\/04\\\/29\\\/constantine-les-investissements-en-suspens-dans-le-viseur\\\/#article\",\"isPartOf\":{\"@id\":\"https:\\\/\\\/lasentinelle.dz\\\/index.php\\\/2026\\\/04\\\/29\\\/constantine-les-investissements-en-suspens-dans-le-viseur\\\/\"},\"author\":{\"name\":\"admin\",\"@id\":\"https:\\\/\\\/lasentinelle.dz\\\/#\\\/schema\\\/person\\\/729ee0024f24e0b8c5ec17232f8e8b41\"},\"headline\":\"Constantine\u00a0: Les investissements en suspens dans le viseur\",\"datePublished\":\"2026-04-29T17:48:04+00:00\",\"dateModified\":\"2026-05-01T17:48:50+00:00\",\"mainEntityOfPage\":{\"@id\":\"https:\\\/\\\/lasentinelle.dz\\\/index.php\\\/2026\\\/04\\\/29\\\/constantine-les-investissements-en-suspens-dans-le-viseur\\\/\"},\"wordCount\":642,\"commentCount\":0,\"publisher\":{\"@id\":\"https:\\\/\\\/lasentinelle.dz\\\/#organization\"},\"image\":{\"@id\":\"https:\\\/\\\/lasentinelle.dz\\\/index.php\\\/2026\\\/04\\\/29\\\/constantine-les-investissements-en-suspens-dans-le-viseur\\\/#primaryimage\"},\"thumbnailUrl\":\"https:\\\/\\\/lasentinelle.dz\\\/wp-content\\\/uploads\\\/2025\\\/04\\\/tekepherique-constantine.jpg\",\"articleSection\":[\"R\u00e9gions\"],\"inLanguage\":\"fr-FR\",\"potentialAction\":[{\"@type\":\"CommentAction\",\"name\":\"Comment\",\"target\":[\"https:\\\/\\\/lasentinelle.dz\\\/index.php\\\/2026\\\/04\\\/29\\\/constantine-les-investissements-en-suspens-dans-le-viseur\\\/#respond\"]}]},{\"@type\":\"WebPage\",\"@id\":\"https:\\\/\\\/lasentinelle.dz\\\/index.php\\\/2026\\\/04\\\/29\\\/constantine-les-investissements-en-suspens-dans-le-viseur\\\/\",\"url\":\"https:\\\/\\\/lasentinelle.dz\\\/index.php\\\/2026\\\/04\\\/29\\\/constantine-les-investissements-en-suspens-dans-le-viseur\\\/\",\"name\":\"Constantine\u00a0: Les investissements en suspens dans le viseur - La Sentinelle\",\"isPartOf\":{\"@id\":\"https:\\\/\\\/lasentinelle.dz\\\/#website\"},\"primaryImageOfPage\":{\"@id\":\"https:\\\/\\\/lasentinelle.dz\\\/index.php\\\/2026\\\/04\\\/29\\\/constantine-les-investissements-en-suspens-dans-le-viseur\\\/#primaryimage\"},\"image\":{\"@id\":\"https:\\\/\\\/lasentinelle.dz\\\/index.php\\\/2026\\\/04\\\/29\\\/constantine-les-investissements-en-suspens-dans-le-viseur\\\/#primaryimage\"},\"thumbnailUrl\":\"https:\\\/\\\/lasentinelle.dz\\\/wp-content\\\/uploads\\\/2025\\\/04\\\/tekepherique-constantine.jpg\",\"datePublished\":\"2026-04-29T17:48:04+00:00\",\"dateModified\":\"2026-05-01T17:48:50+00:00\",\"breadcrumb\":{\"@id\":\"https:\\\/\\\/lasentinelle.dz\\\/index.php\\\/2026\\\/04\\\/29\\\/constantine-les-investissements-en-suspens-dans-le-viseur\\\/#breadcrumb\"},\"inLanguage\":\"fr-FR\",\"potentialAction\":[{\"@type\":\"ReadAction\",\"target\":[\"https:\\\/\\\/lasentinelle.dz\\\/index.php\\\/2026\\\/04\\\/29\\\/constantine-les-investissements-en-suspens-dans-le-viseur\\\/\"]}]},{\"@type\":\"ImageObject\",\"inLanguage\":\"fr-FR\",\"@id\":\"https:\\\/\\\/lasentinelle.dz\\\/index.php\\\/2026\\\/04\\\/29\\\/constantine-les-investissements-en-suspens-dans-le-viseur\\\/#primaryimage\",\"url\":\"https:\\\/\\\/lasentinelle.dz\\\/wp-content\\\/uploads\\\/2025\\\/04\\\/tekepherique-constantine.jpg\",\"contentUrl\":\"https:\\\/\\\/lasentinelle.dz\\\/wp-content\\\/uploads\\\/2025\\\/04\\\/tekepherique-constantine.jpg\",\"width\":1024,\"height\":768},{\"@type\":\"BreadcrumbList\",\"@id\":\"https:\\\/\\\/lasentinelle.dz\\\/index.php\\\/2026\\\/04\\\/29\\\/constantine-les-investissements-en-suspens-dans-le-viseur\\\/#breadcrumb\",\"itemListElement\":[{\"@type\":\"ListItem\",\"position\":1,\"name\":\"Accueil\",\"item\":\"https:\\\/\\\/lasentinelle.dz\\\/\"},{\"@type\":\"ListItem\",\"position\":2,\"name\":\"Constantine\u00a0: Les investissements en suspens dans le viseur\"}]},{\"@type\":\"WebSite\",\"@id\":\"https:\\\/\\\/lasentinelle.dz\\\/#website\",\"url\":\"https:\\\/\\\/lasentinelle.dz\\\/\",\"name\":\"La Sentinelle\",\"description\":\"Quotidien national d&#039;information\",\"publisher\":{\"@id\":\"https:\\\/\\\/lasentinelle.dz\\\/#organization\"},\"potentialAction\":[{\"@type\":\"SearchAction\",\"target\":{\"@type\":\"EntryPoint\",\"urlTemplate\":\"https:\\\/\\\/lasentinelle.dz\\\/?s={search_term_string}\"},\"query-input\":{\"@type\":\"PropertyValueSpecification\",\"valueRequired\":true,\"valueName\":\"search_term_string\"}}],\"inLanguage\":\"fr-FR\"},{\"@type\":\"Organization\",\"@id\":\"https:\\\/\\\/lasentinelle.dz\\\/#organization\",\"name\":\"Quotidien La Sentinelle\",\"url\":\"https:\\\/\\\/lasentinelle.dz\\\/\",\"logo\":{\"@type\":\"ImageObject\",\"inLanguage\":\"fr-FR\",\"@id\":\"https:\\\/\\\/lasentinelle.dz\\\/#\\\/schema\\\/logo\\\/image\\\/\",\"url\":\"https:\\\/\\\/lasentinelle.dz\\\/wp-content\\\/uploads\\\/2021\\\/09\\\/logo-sentinelleSLOGAN-1.png\",\"contentUrl\":\"https:\\\/\\\/lasentinelle.dz\\\/wp-content\\\/uploads\\\/2021\\\/09\\\/logo-sentinelleSLOGAN-1.png\",\"width\":615,\"height\":142,\"caption\":\"Quotidien La Sentinelle\"},\"image\":{\"@id\":\"https:\\\/\\\/lasentinelle.dz\\\/#\\\/schema\\\/logo\\\/image\\\/\"},\"sameAs\":[\"https:\\\/\\\/www.facebook.com\\\/La-Sentinelle-104059864394773\"]},{\"@type\":\"Person\",\"@id\":\"https:\\\/\\\/lasentinelle.dz\\\/#\\\/schema\\\/person\\\/729ee0024f24e0b8c5ec17232f8e8b41\",\"name\":\"admin\",\"image\":{\"@type\":\"ImageObject\",\"inLanguage\":\"fr-FR\",\"@id\":\"https:\\\/\\\/secure.gravatar.com\\\/avatar\\\/4c81fed838786e9b53f540bf46533e750f5d292099ae3b66cfc6fb1982e29df7?s=96&d=mm&r=g\",\"url\":\"https:\\\/\\\/secure.gravatar.com\\\/avatar\\\/4c81fed838786e9b53f540bf46533e750f5d292099ae3b66cfc6fb1982e29df7?s=96&d=mm&r=g\",\"contentUrl\":\"https:\\\/\\\/secure.gravatar.com\\\/avatar\\\/4c81fed838786e9b53f540bf46533e750f5d292099ae3b66cfc6fb1982e29df7?s=96&d=mm&r=g\",\"caption\":\"admin\"},\"description\":\"admin\",\"url\":\"https:\\\/\\\/lasentinelle.dz\\\/author\\\/admin\\\/\"}]}<\/script>\n<!-- \/ Yoast SEO plugin. -->","yoast_head_json":{"title":"Constantine\u00a0: Les investissements en suspens dans le viseur - La Sentinelle","robots":{"index":"index","follow":"follow","max-snippet":"max-snippet:-1","max-image-preview":"max-image-preview:large","max-video-preview":"max-video-preview:-1"},"canonical":"https:\/\/lasentinelle.dz\/index.php\/2026\/04\/29\/constantine-les-investissements-en-suspens-dans-le-viseur\/","og_locale":"fr_FR","og_type":"article","og_title":"Constantine\u00a0: Les investissements en suspens dans le viseur - La Sentinelle","og_description":"Le wali de Constantine, Abdelkhalek Sayouda, a pr\u00e9sid\u00e9 hier une r\u00e9union de travail au si\u00e8ge de la wilaya, consacr\u00e9e au","og_url":"https:\/\/lasentinelle.dz\/index.php\/2026\/04\/29\/constantine-les-investissements-en-suspens-dans-le-viseur\/","og_site_name":"La Sentinelle","article_publisher":"https:\/\/www.facebook.com\/La-Sentinelle-104059864394773","article_published_time":"2026-04-29T17:48:04+00:00","article_modified_time":"2026-05-01T17:48:50+00:00","og_image":[{"width":1024,"height":768,"url":"https:\/\/lasentinelle.dz\/wp-content\/uploads\/2025\/04\/tekepherique-constantine.jpg","type":"image\/jpeg"}],"author":"admin","twitter_card":"summary_large_image","twitter_misc":{"\u00c9crit par":"admin","Dur\u00e9e de lecture estim\u00e9e":"3 minutes"},"schema":{"@context":"https:\/\/schema.org","@graph":[{"@type":"Article","@id":"https:\/\/lasentinelle.dz\/index.php\/2026\/04\/29\/constantine-les-investissements-en-suspens-dans-le-viseur\/#article","isPartOf":{"@id":"https:\/\/lasentinelle.dz\/index.php\/2026\/04\/29\/constantine-les-investissements-en-suspens-dans-le-viseur\/"},"author":{"name":"admin","@id":"https:\/\/lasentinelle.dz\/#\/schema\/person\/729ee0024f24e0b8c5ec17232f8e8b41"},"headline":"Constantine\u00a0: Les investissements en suspens dans le viseur","datePublished":"2026-04-29T17:48:04+00:00","dateModified":"2026-05-01T17:48:50+00:00","mainEntityOfPage":{"@id":"https:\/\/lasentinelle.dz\/index.php\/2026\/04\/29\/constantine-les-investissements-en-suspens-dans-le-viseur\/"},"wordCount":642,"commentCount":0,"publisher":{"@id":"https:\/\/lasentinelle.dz\/#organization"},"image":{"@id":"https:\/\/lasentinelle.dz\/index.php\/2026\/04\/29\/constantine-les-investissements-en-suspens-dans-le-viseur\/#primaryimage"},"thumbnailUrl":"https:\/\/lasentinelle.dz\/wp-content\/uploads\/2025\/04\/tekepherique-constantine.jpg","articleSection":["R\u00e9gions"],"inLanguage":"fr-FR","potentialAction":[{"@type":"CommentAction","name":"Comment","target":["https:\/\/lasentinelle.dz\/index.php\/2026\/04\/29\/constantine-les-investissements-en-suspens-dans-le-viseur\/#respond"]}]},{"@type":"WebPage","@id":"https:\/\/lasentinelle.dz\/index.php\/2026\/04\/29\/constantine-les-investissements-en-suspens-dans-le-viseur\/","url":"https:\/\/lasentinelle.dz\/index.php\/2026\/04\/29\/constantine-les-investissements-en-suspens-dans-le-viseur\/","name":"Constantine\u00a0: Les investissements en suspens dans le viseur - La Sentinelle","isPartOf":{"@id":"https:\/\/lasentinelle.dz\/#website"},"primaryImageOfPage":{"@id":"https:\/\/lasentinelle.dz\/index.php\/2026\/04\/29\/constantine-les-investissements-en-suspens-dans-le-viseur\/#primaryimage"},"image":{"@id":"https:\/\/lasentinelle.dz\/index.php\/2026\/04\/29\/constantine-les-investissements-en-suspens-dans-le-viseur\/#primaryimage"},"thumbnailUrl":"https:\/\/lasentinelle.dz\/wp-content\/uploads\/2025\/04\/tekepherique-constantine.jpg","datePublished":"2026-04-29T17:48:04+00:00","dateModified":"2026-05-01T17:48:50+00:00","breadcrumb":{"@id":"https:\/\/lasentinelle.dz\/index.php\/2026\/04\/29\/constantine-les-investissements-en-suspens-dans-le-viseur\/#breadcrumb"},"inLanguage":"fr-FR","potentialAction":[{"@type":"ReadAction","target":["https:\/\/lasentinelle.dz\/index.php\/2026\/04\/29\/constantine-les-investissements-en-suspens-dans-le-viseur\/"]}]},{"@type":"ImageObject","inLanguage":"fr-FR","@id":"https:\/\/lasentinelle.dz\/index.php\/2026\/04\/29\/constantine-les-investissements-en-suspens-dans-le-viseur\/#primaryimage","url":"https:\/\/lasentinelle.dz\/wp-content\/uploads\/2025\/04\/tekepherique-constantine.jpg","contentUrl":"https:\/\/lasentinelle.dz\/wp-content\/uploads\/2025\/04\/tekepherique-constantine.jpg","width":1024,"height":768},{"@type":"BreadcrumbList","@id":"https:\/\/lasentinelle.dz\/index.php\/2026\/04\/29\/constantine-les-investissements-en-suspens-dans-le-viseur\/#breadcrumb","itemListElement":[{"@type":"ListItem","position":1,"name":"Accueil","item":"https:\/\/lasentinelle.dz\/"},{"@type":"ListItem","position":2,"name":"Constantine\u00a0: Les investissements en suspens dans le viseur"}]},{"@type":"WebSite","@id":"https:\/\/lasentinelle.dz\/#website","url":"https:\/\/lasentinelle.dz\/","name":"La Sentinelle","description":"Quotidien national d&#039;information","publisher":{"@id":"https:\/\/lasentinelle.dz\/#organization"},"potentialAction":[{"@type":"SearchAction","target":{"@type":"EntryPoint","urlTemplate":"https:\/\/lasentinelle.dz\/?s={search_term_string}"},"query-input":{"@type":"PropertyValueSpecification","valueRequired":true,"valueName":"search_term_string"}}],"inLanguage":"fr-FR"},{"@type":"Organization","@id":"https:\/\/lasentinelle.dz\/#organization","name":"Quotidien La Sentinelle","url":"https:\/\/lasentinelle.dz\/","logo":{"@type":"ImageObject","inLanguage":"fr-FR","@id":"https:\/\/lasentinelle.dz\/#\/schema\/logo\/image\/","url":"https:\/\/lasentinelle.dz\/wp-content\/uploads\/2021\/09\/logo-sentinelleSLOGAN-1.png","contentUrl":"https:\/\/lasentinelle.dz\/wp-content\/uploads\/2021\/09\/logo-sentinelleSLOGAN-1.png","width":615,"height":142,"caption":"Quotidien La Sentinelle"},"image":{"@id":"https:\/\/lasentinelle.dz\/#\/schema\/logo\/image\/"},"sameAs":["https:\/\/www.facebook.com\/La-Sentinelle-104059864394773"]},{"@type":"Person","@id":"https:\/\/lasentinelle.dz\/#\/schema\/person\/729ee0024f24e0b8c5ec17232f8e8b41","name":"admin","image":{"@type":"ImageObject","inLanguage":"fr-FR","@id":"https:\/\/secure.gravatar.com\/avatar\/4c81fed838786e9b53f540bf46533e750f5d292099ae3b66cfc6fb1982e29df7?s=96&d=mm&r=g","url":"https:\/\/secure.gravatar.com\/avatar\/4c81fed838786e9b53f540bf46533e750f5d292099ae3b66cfc6fb1982e29df7?s=96&d=mm&r=g","contentUrl":"https:\/\/secure.gravatar.com\/avatar\/4c81fed838786e9b53f540bf46533e750f5d292099ae3b66cfc6fb1982e29df7?s=96&d=mm&r=g","caption":"admin"},"description":"admin","url":"https:\/\/lasentinelle.dz\/author\/admin\/"}]}},"_links":{"self":[{"href":"https:\/\/lasentinelle.dz\/index.php\/wp-json\/wp\/v2\/posts\/86759","targetHints":{"allow":["GET"]}}],"collection":[{"href":"https:\/\/lasentinelle.dz\/index.php\/wp-json\/wp\/v2\/posts"}],"about":[{"href":"https:\/\/lasentinelle.dz\/index.php\/wp-json\/wp\/v2\/types\/post"}],"author":[{"embeddable":true,"href":"https:\/\/lasentinelle.dz\/index.php\/wp-json\/wp\/v2\/users\/6"}],"replies":[{"embeddable":true,"href":"https:\/\/lasentinelle.dz\/index.php\/wp-json\/wp\/v2\/comments?post=86759"}],"version-history":[{"count":1,"href":"https:\/\/lasentinelle.dz\/index.php\/wp-json\/wp\/v2\/posts\/86759\/revisions"}],"predecessor-version":[{"id":86760,"href":"https:\/\/lasentinelle.dz\/index.php\/wp-json\/wp\/v2\/posts\/86759\/revisions\/86760"}],"wp:featuredmedia":[{"embeddable":true,"href":"https:\/\/lasentinelle.dz\/index.php\/wp-json\/wp\/v2\/media\/66289"}],"wp:attachment":[{"href":"https:\/\/lasentinelle.dz\/index.php\/wp-json\/wp\/v2\/media?parent=86759"}],"wp:term":[{"taxonomy":"category","embeddable":true,"href":"https:\/\/lasentinelle.dz\/index.php\/wp-json\/wp\/v2\/categories?post=86759"},{"taxonomy":"post_tag","embeddable":true,"href":"https:\/\/lasentinelle.dz\/index.php\/wp-json\/wp\/v2\/tags?post=86759"}],"curies":[{"name":"wp","href":"https:\/\/api.w.org\/{rel}","templated":true}]}}