{"id":8676,"date":"2021-09-21T15:26:30","date_gmt":"2021-09-21T14:26:30","guid":{"rendered":"https:\/\/lasentinelle.dz\/?p=8676"},"modified":"2021-09-21T15:26:31","modified_gmt":"2021-09-21T14:26:31","slug":"fc-barcelone-koeman-sembrouille","status":"publish","type":"post","link":"https:\/\/lasentinelle.dz\/index.php\/2021\/09\/21\/fc-barcelone-koeman-sembrouille\/","title":{"rendered":"FC Barcelone : Koeman s\u2019embrouille"},"content":{"rendered":"\n<p>Il ne suffit pas d&rsquo;\u00eatre l&rsquo;homme qui a offert sa premi\u00e8re Ligue des champions au Bar\u00e7a (1992) pour assurer son avenir en Catalogne. Apr\u00e8s treize mois \u00e0 la t\u00eate des Blaugrana, Ronald Koeman voit la sienne mise \u00e0 prix. Une partie de la presse catalane annonce m\u00eame que son sort est d&rsquo;ores et d\u00e9j\u00e0 scell\u00e9 et que ses dirigeants attendent simplement d&rsquo;avoir convaincu son successeur pour le mettre \u00e0 la porte sans m\u00e9nagement. Entre ses prises de bec avec son pr\u00e9sident Laporta, des r\u00e9sultats indignes du club, mais peut-\u00eatre pas de la qualit\u00e9 de son effectif, et un jeu d&rsquo;une pauvret\u00e9 absolue, on voit mal comme Koeman pourrait survivre dans les prochaines semaines \u00e0 moins d&rsquo;un miracle absolu. M\u00eame lui, en conf\u00e9rence de presse, semblait un brin fataliste. \u00ab\u00a0Ce n&rsquo;est pas le Bar\u00e7a d&rsquo;il y a huit ans\u00a0\u00bb, a-t-il rappel\u00e9 apr\u00e8s le nul arrach\u00e9 miraculeusement au Camp Nou dans les derni\u00e8res secondes face \u00e0 Grenade lundi soir (1-1). Jusqu&rsquo;\u00e0 s&#8217;emm\u00ealer les pinceaux : \u00ab\u00a0Regardez l&rsquo;\u00e9quipe, le joueur convoqu\u00e9s : on doit jouer au tiki-taki ?\u00a0\u00bb Une r\u00e9f\u00e9rence maladroite au tiki-taka, le jeu de passes courtes, ADN des succ\u00e8s catalans p\u00e9riode Pep Guardiola. Effectivement, aujourd&rsquo;hui, le Bar\u00e7a est loin de son mod\u00e8le. Lundi, il a arros\u00e9 comme rarement la surface adverse avec pas moins de 54 centres enterrant d\u00e9finitivement le tiki-taka. \u00ab\u00a0On joue \u00e0 la mani\u00e8re du Bar\u00e7a, 4-3-3 mais on n&rsquo;a pas de vitesse sur l&rsquo;aile car Coutinho n&rsquo;en a pas et il rentre \u00e0 l&rsquo;int\u00e9rieur&#8230; Nous n\u2019avons pas de joueurs pour jouer des un contre un, avec de la vitesse, a constat\u00e9 celui qui doit se passer d&rsquo;Ansu Fati et Ousmane Demb\u00e9l\u00e9, bless\u00e9s. Nous jouons avec ce que nous avons. Je ne vais rien dire de plus parce que j&rsquo;ai l&rsquo;impression que je dois argumenter sur tout. Il faut saluer l\u2019attitude de l\u2019\u00e9quipe.\u00a0\u00bb Probl\u00e8me, l&rsquo;attitude ne suffira pas. Car \u00e0 Barcelone, ce sont les r\u00e9sultats et la mani\u00e8re qui comptent. L&rsquo;\u00e9quipe de Koeman ne peut se raccrocher ni \u00e0 l&rsquo;un ni \u00e0 l&rsquo;autre. D\u00e9sormais septi\u00e8me de Liga, humili\u00e9 par le Bayern pour son entr\u00e9e en Ligue des champions (0-3) et sans grande perspective, le club blaugrana r\u00e9fl\u00e9chit \u00e9videmment \u00e0 la suite et cinq noms se d\u00e9tachent pour succ\u00e9der \u00e0 Koeman : Antonio Conte, Erik Ten Hag, Andrea Pirlo, Marcelo Bielsa et\u2026 Xavi. Mais que l&rsquo;ancien cerveau du grand Bar\u00e7a se m\u00e9fie, le statut d&rsquo;ancienne idole du Camp Nou ne prot\u00e8ge de rien sur le banc catalan\u2026<\/p>\n\n\n\n<p><strong>R. S.<\/strong><\/p>\n","protected":false},"excerpt":{"rendered":"<p>Il ne suffit pas d&rsquo;\u00eatre l&rsquo;homme qui a offert sa premi\u00e8re Ligue des champions au Bar\u00e7a (1992) pour assurer son<\/p>\n","protected":false},"author":3,"featured_media":8683,"comment_status":"open","ping_status":"closed","sticky":false,"template":"","format":"standard","meta":{"colormag_page_container_layout":"default_layout","colormag_page_sidebar_layout":"default_layout","om_disable_all_campaigns":false,"_monsterinsights_skip_tracking":false,"_monsterinsights_sitenote_active":false,"_monsterinsights_sitenote_note":"","_monsterinsights_sitenote_category":0,"footnotes":"","_wpscppro_dont_share_socialmedia":false,"_wpscppro_custom_social_share_image":0,"_facebook_share_type":"","_twitter_share_type":"","_linkedin_share_type":"","_pinterest_share_type":"","_linkedin_share_type_page":"","_instagram_share_type":"","_medium_share_type":"","_threads_share_type":"","_google_business_share_type":"","_selected_social_profile":[],"_wpsp_enable_custom_social_template":false,"_wpsp_social_scheduling":{"enabled":false,"datetime":null,"platforms":[],"status":"template_only","dateOption":"today","timeOption":"now","customDays":"","customHours":"","customDate":"","customTime":"","schedulingType":"absolute"},"_wpsp_active_default_template":true},"categories":[1],"tags":[],"class_list":["post-8676","post","type-post","status-publish","format-standard","has-post-thumbnail","hentry","category-uncategorized"],"aioseo_notices":[],"yoast_head":"<!-- This site is optimized with the Yoast SEO plugin v27.5 - https:\/\/yoast.com\/product\/yoast-seo-wordpress\/ -->\n<title>FC Barcelone : Koeman s\u2019embrouille - La Sentinelle<\/title>\n<meta name=\"robots\" content=\"index, follow, max-snippet:-1, max-image-preview:large, max-video-preview:-1\" \/>\n<link rel=\"canonical\" href=\"https:\/\/lasentinelle.dz\/index.php\/2021\/09\/21\/fc-barcelone-koeman-sembrouille\/\" \/>\n<meta property=\"og:locale\" content=\"fr_FR\" \/>\n<meta property=\"og:type\" content=\"article\" \/>\n<meta property=\"og:title\" content=\"FC Barcelone : Koeman s\u2019embrouille - La Sentinelle\" \/>\n<meta property=\"og:description\" content=\"Il ne suffit pas d&rsquo;\u00eatre l&rsquo;homme qui a offert sa premi\u00e8re Ligue des champions au Bar\u00e7a (1992) pour assurer son\" \/>\n<meta property=\"og:url\" content=\"https:\/\/lasentinelle.dz\/index.php\/2021\/09\/21\/fc-barcelone-koeman-sembrouille\/\" \/>\n<meta property=\"og:site_name\" content=\"La Sentinelle\" \/>\n<meta property=\"article:publisher\" content=\"https:\/\/www.facebook.com\/La-Sentinelle-104059864394773\" \/>\n<meta property=\"article:published_time\" content=\"2021-09-21T14:26:30+00:00\" \/>\n<meta property=\"article:modified_time\" content=\"2021-09-21T14:26:31+00:00\" \/>\n<meta property=\"og:image\" content=\"https:\/\/lasentinelle.dz\/wp-content\/uploads\/2021\/09\/image_2021-09-21_152621.png\" \/>\n\t<meta property=\"og:image:width\" content=\"1200\" \/>\n\t<meta property=\"og:image:height\" content=\"675\" \/>\n\t<meta property=\"og:image:type\" content=\"image\/png\" \/>\n<meta name=\"author\" content=\"La Sentinelle\" \/>\n<meta name=\"twitter:card\" content=\"summary_large_image\" \/>\n<meta name=\"twitter:label1\" content=\"\u00c9crit par\" \/>\n\t<meta name=\"twitter:data1\" content=\"La Sentinelle\" \/>\n\t<meta name=\"twitter:label2\" content=\"Dur\u00e9e de lecture estim\u00e9e\" \/>\n\t<meta name=\"twitter:data2\" content=\"2 minutes\" \/>\n<script type=\"application\/ld+json\" class=\"yoast-schema-graph\">{\"@context\":\"https:\\\/\\\/schema.org\",\"@graph\":[{\"@type\":\"Article\",\"@id\":\"https:\\\/\\\/lasentinelle.dz\\\/index.php\\\/2021\\\/09\\\/21\\\/fc-barcelone-koeman-sembrouille\\\/#article\",\"isPartOf\":{\"@id\":\"https:\\\/\\\/lasentinelle.dz\\\/index.php\\\/2021\\\/09\\\/21\\\/fc-barcelone-koeman-sembrouille\\\/\"},\"author\":{\"name\":\"La Sentinelle\",\"@id\":\"https:\\\/\\\/lasentinelle.dz\\\/#\\\/schema\\\/person\\\/d865044e22e70a75174ce8bcad3acfb3\"},\"headline\":\"FC Barcelone : Koeman s\u2019embrouille\",\"datePublished\":\"2021-09-21T14:26:30+00:00\",\"dateModified\":\"2021-09-21T14:26:31+00:00\",\"mainEntityOfPage\":{\"@id\":\"https:\\\/\\\/lasentinelle.dz\\\/index.php\\\/2021\\\/09\\\/21\\\/fc-barcelone-koeman-sembrouille\\\/\"},\"wordCount\":466,\"commentCount\":0,\"publisher\":{\"@id\":\"https:\\\/\\\/lasentinelle.dz\\\/#organization\"},\"image\":{\"@id\":\"https:\\\/\\\/lasentinelle.dz\\\/index.php\\\/2021\\\/09\\\/21\\\/fc-barcelone-koeman-sembrouille\\\/#primaryimage\"},\"thumbnailUrl\":\"https:\\\/\\\/lasentinelle.dz\\\/wp-content\\\/uploads\\\/2021\\\/09\\\/image_2021-09-21_152621.png\",\"articleSection\":[\"Uncategorized\"],\"inLanguage\":\"fr-FR\",\"potentialAction\":[{\"@type\":\"CommentAction\",\"name\":\"Comment\",\"target\":[\"https:\\\/\\\/lasentinelle.dz\\\/index.php\\\/2021\\\/09\\\/21\\\/fc-barcelone-koeman-sembrouille\\\/#respond\"]}]},{\"@type\":\"WebPage\",\"@id\":\"https:\\\/\\\/lasentinelle.dz\\\/index.php\\\/2021\\\/09\\\/21\\\/fc-barcelone-koeman-sembrouille\\\/\",\"url\":\"https:\\\/\\\/lasentinelle.dz\\\/index.php\\\/2021\\\/09\\\/21\\\/fc-barcelone-koeman-sembrouille\\\/\",\"name\":\"FC Barcelone : Koeman s\u2019embrouille - La Sentinelle\",\"isPartOf\":{\"@id\":\"https:\\\/\\\/lasentinelle.dz\\\/#website\"},\"primaryImageOfPage\":{\"@id\":\"https:\\\/\\\/lasentinelle.dz\\\/index.php\\\/2021\\\/09\\\/21\\\/fc-barcelone-koeman-sembrouille\\\/#primaryimage\"},\"image\":{\"@id\":\"https:\\\/\\\/lasentinelle.dz\\\/index.php\\\/2021\\\/09\\\/21\\\/fc-barcelone-koeman-sembrouille\\\/#primaryimage\"},\"thumbnailUrl\":\"https:\\\/\\\/lasentinelle.dz\\\/wp-content\\\/uploads\\\/2021\\\/09\\\/image_2021-09-21_152621.png\",\"datePublished\":\"2021-09-21T14:26:30+00:00\",\"dateModified\":\"2021-09-21T14:26:31+00:00\",\"breadcrumb\":{\"@id\":\"https:\\\/\\\/lasentinelle.dz\\\/index.php\\\/2021\\\/09\\\/21\\\/fc-barcelone-koeman-sembrouille\\\/#breadcrumb\"},\"inLanguage\":\"fr-FR\",\"potentialAction\":[{\"@type\":\"ReadAction\",\"target\":[\"https:\\\/\\\/lasentinelle.dz\\\/index.php\\\/2021\\\/09\\\/21\\\/fc-barcelone-koeman-sembrouille\\\/\"]}]},{\"@type\":\"ImageObject\",\"inLanguage\":\"fr-FR\",\"@id\":\"https:\\\/\\\/lasentinelle.dz\\\/index.php\\\/2021\\\/09\\\/21\\\/fc-barcelone-koeman-sembrouille\\\/#primaryimage\",\"url\":\"https:\\\/\\\/lasentinelle.dz\\\/wp-content\\\/uploads\\\/2021\\\/09\\\/image_2021-09-21_152621.png\",\"contentUrl\":\"https:\\\/\\\/lasentinelle.dz\\\/wp-content\\\/uploads\\\/2021\\\/09\\\/image_2021-09-21_152621.png\",\"width\":1200,\"height\":675},{\"@type\":\"BreadcrumbList\",\"@id\":\"https:\\\/\\\/lasentinelle.dz\\\/index.php\\\/2021\\\/09\\\/21\\\/fc-barcelone-koeman-sembrouille\\\/#breadcrumb\",\"itemListElement\":[{\"@type\":\"ListItem\",\"position\":1,\"name\":\"Accueil\",\"item\":\"https:\\\/\\\/lasentinelle.dz\\\/\"},{\"@type\":\"ListItem\",\"position\":2,\"name\":\"FC Barcelone : Koeman s\u2019embrouille\"}]},{\"@type\":\"WebSite\",\"@id\":\"https:\\\/\\\/lasentinelle.dz\\\/#website\",\"url\":\"https:\\\/\\\/lasentinelle.dz\\\/\",\"name\":\"La Sentinelle\",\"description\":\"Quotidien national d&#039;information\",\"publisher\":{\"@id\":\"https:\\\/\\\/lasentinelle.dz\\\/#organization\"},\"potentialAction\":[{\"@type\":\"SearchAction\",\"target\":{\"@type\":\"EntryPoint\",\"urlTemplate\":\"https:\\\/\\\/lasentinelle.dz\\\/?s={search_term_string}\"},\"query-input\":{\"@type\":\"PropertyValueSpecification\",\"valueRequired\":true,\"valueName\":\"search_term_string\"}}],\"inLanguage\":\"fr-FR\"},{\"@type\":\"Organization\",\"@id\":\"https:\\\/\\\/lasentinelle.dz\\\/#organization\",\"name\":\"Quotidien La Sentinelle\",\"url\":\"https:\\\/\\\/lasentinelle.dz\\\/\",\"logo\":{\"@type\":\"ImageObject\",\"inLanguage\":\"fr-FR\",\"@id\":\"https:\\\/\\\/lasentinelle.dz\\\/#\\\/schema\\\/logo\\\/image\\\/\",\"url\":\"https:\\\/\\\/lasentinelle.dz\\\/wp-content\\\/uploads\\\/2021\\\/09\\\/logo-sentinelleSLOGAN-1.png\",\"contentUrl\":\"https:\\\/\\\/lasentinelle.dz\\\/wp-content\\\/uploads\\\/2021\\\/09\\\/logo-sentinelleSLOGAN-1.png\",\"width\":615,\"height\":142,\"caption\":\"Quotidien La Sentinelle\"},\"image\":{\"@id\":\"https:\\\/\\\/lasentinelle.dz\\\/#\\\/schema\\\/logo\\\/image\\\/\"},\"sameAs\":[\"https:\\\/\\\/www.facebook.com\\\/La-Sentinelle-104059864394773\"]},{\"@type\":\"Person\",\"@id\":\"https:\\\/\\\/lasentinelle.dz\\\/#\\\/schema\\\/person\\\/d865044e22e70a75174ce8bcad3acfb3\",\"name\":\"La Sentinelle\",\"image\":{\"@type\":\"ImageObject\",\"inLanguage\":\"fr-FR\",\"@id\":\"https:\\\/\\\/secure.gravatar.com\\\/avatar\\\/57de8e5d4b15d43fb361a71fbb36338450fe67865b528a43dd10ef7c51a20392?s=96&d=mm&r=g\",\"url\":\"https:\\\/\\\/secure.gravatar.com\\\/avatar\\\/57de8e5d4b15d43fb361a71fbb36338450fe67865b528a43dd10ef7c51a20392?s=96&d=mm&r=g\",\"contentUrl\":\"https:\\\/\\\/secure.gravatar.com\\\/avatar\\\/57de8e5d4b15d43fb361a71fbb36338450fe67865b528a43dd10ef7c51a20392?s=96&d=mm&r=g\",\"caption\":\"La Sentinelle\"},\"sameAs\":[\"http:\\\/\\\/www.lasentinelle.dz\"],\"url\":\"https:\\\/\\\/lasentinelle.dz\\\/author\\\/redaction\\\/\"}]}<\/script>\n<!-- \/ Yoast SEO plugin. -->","yoast_head_json":{"title":"FC Barcelone : Koeman s\u2019embrouille - La Sentinelle","robots":{"index":"index","follow":"follow","max-snippet":"max-snippet:-1","max-image-preview":"max-image-preview:large","max-video-preview":"max-video-preview:-1"},"canonical":"https:\/\/lasentinelle.dz\/index.php\/2021\/09\/21\/fc-barcelone-koeman-sembrouille\/","og_locale":"fr_FR","og_type":"article","og_title":"FC Barcelone : Koeman s\u2019embrouille - La Sentinelle","og_description":"Il ne suffit pas d&rsquo;\u00eatre l&rsquo;homme qui a offert sa premi\u00e8re Ligue des champions au Bar\u00e7a (1992) pour assurer son","og_url":"https:\/\/lasentinelle.dz\/index.php\/2021\/09\/21\/fc-barcelone-koeman-sembrouille\/","og_site_name":"La Sentinelle","article_publisher":"https:\/\/www.facebook.com\/La-Sentinelle-104059864394773","article_published_time":"2021-09-21T14:26:30+00:00","article_modified_time":"2021-09-21T14:26:31+00:00","og_image":[{"width":1200,"height":675,"url":"https:\/\/lasentinelle.dz\/wp-content\/uploads\/2021\/09\/image_2021-09-21_152621.png","type":"image\/png"}],"author":"La Sentinelle","twitter_card":"summary_large_image","twitter_misc":{"\u00c9crit par":"La Sentinelle","Dur\u00e9e de lecture estim\u00e9e":"2 minutes"},"schema":{"@context":"https:\/\/schema.org","@graph":[{"@type":"Article","@id":"https:\/\/lasentinelle.dz\/index.php\/2021\/09\/21\/fc-barcelone-koeman-sembrouille\/#article","isPartOf":{"@id":"https:\/\/lasentinelle.dz\/index.php\/2021\/09\/21\/fc-barcelone-koeman-sembrouille\/"},"author":{"name":"La Sentinelle","@id":"https:\/\/lasentinelle.dz\/#\/schema\/person\/d865044e22e70a75174ce8bcad3acfb3"},"headline":"FC Barcelone : Koeman s\u2019embrouille","datePublished":"2021-09-21T14:26:30+00:00","dateModified":"2021-09-21T14:26:31+00:00","mainEntityOfPage":{"@id":"https:\/\/lasentinelle.dz\/index.php\/2021\/09\/21\/fc-barcelone-koeman-sembrouille\/"},"wordCount":466,"commentCount":0,"publisher":{"@id":"https:\/\/lasentinelle.dz\/#organization"},"image":{"@id":"https:\/\/lasentinelle.dz\/index.php\/2021\/09\/21\/fc-barcelone-koeman-sembrouille\/#primaryimage"},"thumbnailUrl":"https:\/\/lasentinelle.dz\/wp-content\/uploads\/2021\/09\/image_2021-09-21_152621.png","articleSection":["Uncategorized"],"inLanguage":"fr-FR","potentialAction":[{"@type":"CommentAction","name":"Comment","target":["https:\/\/lasentinelle.dz\/index.php\/2021\/09\/21\/fc-barcelone-koeman-sembrouille\/#respond"]}]},{"@type":"WebPage","@id":"https:\/\/lasentinelle.dz\/index.php\/2021\/09\/21\/fc-barcelone-koeman-sembrouille\/","url":"https:\/\/lasentinelle.dz\/index.php\/2021\/09\/21\/fc-barcelone-koeman-sembrouille\/","name":"FC Barcelone : Koeman s\u2019embrouille - La Sentinelle","isPartOf":{"@id":"https:\/\/lasentinelle.dz\/#website"},"primaryImageOfPage":{"@id":"https:\/\/lasentinelle.dz\/index.php\/2021\/09\/21\/fc-barcelone-koeman-sembrouille\/#primaryimage"},"image":{"@id":"https:\/\/lasentinelle.dz\/index.php\/2021\/09\/21\/fc-barcelone-koeman-sembrouille\/#primaryimage"},"thumbnailUrl":"https:\/\/lasentinelle.dz\/wp-content\/uploads\/2021\/09\/image_2021-09-21_152621.png","datePublished":"2021-09-21T14:26:30+00:00","dateModified":"2021-09-21T14:26:31+00:00","breadcrumb":{"@id":"https:\/\/lasentinelle.dz\/index.php\/2021\/09\/21\/fc-barcelone-koeman-sembrouille\/#breadcrumb"},"inLanguage":"fr-FR","potentialAction":[{"@type":"ReadAction","target":["https:\/\/lasentinelle.dz\/index.php\/2021\/09\/21\/fc-barcelone-koeman-sembrouille\/"]}]},{"@type":"ImageObject","inLanguage":"fr-FR","@id":"https:\/\/lasentinelle.dz\/index.php\/2021\/09\/21\/fc-barcelone-koeman-sembrouille\/#primaryimage","url":"https:\/\/lasentinelle.dz\/wp-content\/uploads\/2021\/09\/image_2021-09-21_152621.png","contentUrl":"https:\/\/lasentinelle.dz\/wp-content\/uploads\/2021\/09\/image_2021-09-21_152621.png","width":1200,"height":675},{"@type":"BreadcrumbList","@id":"https:\/\/lasentinelle.dz\/index.php\/2021\/09\/21\/fc-barcelone-koeman-sembrouille\/#breadcrumb","itemListElement":[{"@type":"ListItem","position":1,"name":"Accueil","item":"https:\/\/lasentinelle.dz\/"},{"@type":"ListItem","position":2,"name":"FC Barcelone : Koeman s\u2019embrouille"}]},{"@type":"WebSite","@id":"https:\/\/lasentinelle.dz\/#website","url":"https:\/\/lasentinelle.dz\/","name":"La Sentinelle","description":"Quotidien national d&#039;information","publisher":{"@id":"https:\/\/lasentinelle.dz\/#organization"},"potentialAction":[{"@type":"SearchAction","target":{"@type":"EntryPoint","urlTemplate":"https:\/\/lasentinelle.dz\/?s={search_term_string}"},"query-input":{"@type":"PropertyValueSpecification","valueRequired":true,"valueName":"search_term_string"}}],"inLanguage":"fr-FR"},{"@type":"Organization","@id":"https:\/\/lasentinelle.dz\/#organization","name":"Quotidien La Sentinelle","url":"https:\/\/lasentinelle.dz\/","logo":{"@type":"ImageObject","inLanguage":"fr-FR","@id":"https:\/\/lasentinelle.dz\/#\/schema\/logo\/image\/","url":"https:\/\/lasentinelle.dz\/wp-content\/uploads\/2021\/09\/logo-sentinelleSLOGAN-1.png","contentUrl":"https:\/\/lasentinelle.dz\/wp-content\/uploads\/2021\/09\/logo-sentinelleSLOGAN-1.png","width":615,"height":142,"caption":"Quotidien La Sentinelle"},"image":{"@id":"https:\/\/lasentinelle.dz\/#\/schema\/logo\/image\/"},"sameAs":["https:\/\/www.facebook.com\/La-Sentinelle-104059864394773"]},{"@type":"Person","@id":"https:\/\/lasentinelle.dz\/#\/schema\/person\/d865044e22e70a75174ce8bcad3acfb3","name":"La Sentinelle","image":{"@type":"ImageObject","inLanguage":"fr-FR","@id":"https:\/\/secure.gravatar.com\/avatar\/57de8e5d4b15d43fb361a71fbb36338450fe67865b528a43dd10ef7c51a20392?s=96&d=mm&r=g","url":"https:\/\/secure.gravatar.com\/avatar\/57de8e5d4b15d43fb361a71fbb36338450fe67865b528a43dd10ef7c51a20392?s=96&d=mm&r=g","contentUrl":"https:\/\/secure.gravatar.com\/avatar\/57de8e5d4b15d43fb361a71fbb36338450fe67865b528a43dd10ef7c51a20392?s=96&d=mm&r=g","caption":"La Sentinelle"},"sameAs":["http:\/\/www.lasentinelle.dz"],"url":"https:\/\/lasentinelle.dz\/author\/redaction\/"}]}},"_links":{"self":[{"href":"https:\/\/lasentinelle.dz\/index.php\/wp-json\/wp\/v2\/posts\/8676","targetHints":{"allow":["GET"]}}],"collection":[{"href":"https:\/\/lasentinelle.dz\/index.php\/wp-json\/wp\/v2\/posts"}],"about":[{"href":"https:\/\/lasentinelle.dz\/index.php\/wp-json\/wp\/v2\/types\/post"}],"author":[{"embeddable":true,"href":"https:\/\/lasentinelle.dz\/index.php\/wp-json\/wp\/v2\/users\/3"}],"replies":[{"embeddable":true,"href":"https:\/\/lasentinelle.dz\/index.php\/wp-json\/wp\/v2\/comments?post=8676"}],"version-history":[{"count":1,"href":"https:\/\/lasentinelle.dz\/index.php\/wp-json\/wp\/v2\/posts\/8676\/revisions"}],"predecessor-version":[{"id":8684,"href":"https:\/\/lasentinelle.dz\/index.php\/wp-json\/wp\/v2\/posts\/8676\/revisions\/8684"}],"wp:featuredmedia":[{"embeddable":true,"href":"https:\/\/lasentinelle.dz\/index.php\/wp-json\/wp\/v2\/media\/8683"}],"wp:attachment":[{"href":"https:\/\/lasentinelle.dz\/index.php\/wp-json\/wp\/v2\/media?parent=8676"}],"wp:term":[{"taxonomy":"category","embeddable":true,"href":"https:\/\/lasentinelle.dz\/index.php\/wp-json\/wp\/v2\/categories?post=8676"},{"taxonomy":"post_tag","embeddable":true,"href":"https:\/\/lasentinelle.dz\/index.php\/wp-json\/wp\/v2\/tags?post=8676"}],"curies":[{"name":"wp","href":"https:\/\/api.w.org\/{rel}","templated":true}]}}