{"id":86761,"date":"2026-04-29T18:49:06","date_gmt":"2026-04-29T17:49:06","guid":{"rendered":"https:\/\/lasentinelle.dz\/?p=86761"},"modified":"2026-05-01T18:49:54","modified_gmt":"2026-05-01T17:49:54","slug":"sante-annaba-celebre-limmunologie","status":"publish","type":"post","link":"https:\/\/lasentinelle.dz\/index.php\/2026\/04\/29\/sante-annaba-celebre-limmunologie\/","title":{"rendered":"Sant\u00e9\u00a0: Annaba c\u00e9l\u00e8bre l&rsquo;immunologie"},"content":{"rendered":"\n<p>\u00c0 l&rsquo;occasion de la Journ\u00e9e mondiale de l&rsquo;immunologie, la Facult\u00e9 de m\u00e9decine d&rsquo;Annaba accueilli, mercredi, une rencontre scientifique consacr\u00e9e aux avanc\u00e9es de cette discipline, organis\u00e9e conjointement par le Service d&rsquo;immunologie du CHU et la Soci\u00e9t\u00e9 d&rsquo;immunologie m\u00e9dicale et clinique d&rsquo;Annaba. Chercheurs, m\u00e9decins et \u00e9tudiants se r\u00e9unissent ainsi pour explorer le r\u00f4le des cellules T r\u00e9gulatrices dans la sant\u00e9 humaine et les perspectives th\u00e9rapeutiques qu&rsquo;elles ouvrent, notamment dans le traitement des maladies auto-immunes, des allergies et de certains cancers.<\/p>\n\n\n\n<p>Organis\u00e9e conjointement par le Service d&rsquo;immunologie du Centre hospitalier universitaire (CHU) et la Soci\u00e9t\u00e9 d&rsquo;immunologie m\u00e9dicale et clinique d&rsquo;Annaba, cette journ\u00e9e scientifique s&rsquo;inscrit dans la c\u00e9l\u00e9bration mondiale de l&rsquo;immunologie, une discipline devenue essentielle dans la compr\u00e9hension et le traitement de nombreuses maladies, allant des infections aux pathologies auto-immunes et aux cancers. Plac\u00e9e sous le th\u00e8me \u00ab Regulatory T cells and immune system \u00bb, la rencontre met particuli\u00e8rement en lumi\u00e8re les cellules T r\u00e9gulatrices (Treg), v\u00e9ritables \u00ab gardiennes de l&rsquo;\u00e9quilibre immunitaire \u00bb, charg\u00e9es de pr\u00e9venir les r\u00e9actions excessives du syst\u00e8me de d\u00e9fense de l&rsquo;organisme. Ces cellules jouent un r\u00f4le crucial dans la tol\u00e9rance immunitaire et ouvrent aujourd&rsquo;hui de nouvelles perspectives en immunoth\u00e9rapie, notamment dans le traitement des maladies auto-immunes, des allergies et de certains cancers. Le programme d\u00e9butera par une session inaugurale suivie de conf\u00e9rences scientifiques anim\u00e9es par des sp\u00e9cialistes en immunologie. Les interventions ont abord\u00e9 les bases fondamentales du syst\u00e8me immunitaire, les m\u00e9canismes d&rsquo;action des cellules T r\u00e9gulatrices, ainsi que les avanc\u00e9es th\u00e9rapeutiques r\u00e9centes. Une pr\u00e9sentation d\u00e9di\u00e9e aux d\u00e9couvertes r\u00e9compens\u00e9es par le prix Nobel en immunologie a \u00e9galement enrichi les \u00e9changes, rappelant l&rsquo;impact mondial des recherches dans ce domaine. Au-del\u00e0 de l&rsquo;aspect acad\u00e9mique, la journ\u00e9e adopte une approche innovante et participative. Des courts-m\u00e9trages scientifiques r\u00e9alis\u00e9s par des clubs universitaires ont \u00e9t\u00e9 projet\u00e9s, suivis de d\u00e9bats interactifs et d&rsquo;un vote du public. Un quiz scientifique a \u00e9galement permis de tester les connaissances des participants dans une ambiance conviviale et p\u00e9dagogique. L&rsquo;\u00e9v\u00e9nement s\u2019est cl\u00f4tur\u00e9 par une c\u00e9r\u00e9monie de remise de prix distinguant les meilleures productions scientifiques, avant un tournoi de ping-pong symboliquement intitul\u00e9 \u00ab Les Treg contr\u00f4lent la partie \u00bb, illustrant de mani\u00e8re ludique le r\u00f4le r\u00e9gulateur de ces cellules dans l&rsquo;organisme. Cette initiative, encadr\u00e9e par un comit\u00e9 scientifique regroupant enseignants, m\u00e9decins et responsables hospitaliers, s&rsquo;inscrit dans une dynamique de promotion de la recherche et de vulgarisation scientifique. Elle vise \u00e9galement \u00e0 renforcer les liens entre \u00e9tudiants, professionnels de sant\u00e9 et grand public autour des enjeux majeurs de la m\u00e9decine contemporaine. En mettant l&rsquo;immunologie au c\u0153ur du d\u00e9bat scientifique et citoyen, Annaba confirme son r\u00f4le de p\u00f4le acad\u00e9mique actif dans la diffusion du savoir m\u00e9dical et dans la promotion des disciplines d&rsquo;avenir qui fa\u00e7onnent la m\u00e9decine de demain.<\/p>\n\n\n\n<p>S. Chahine<\/p>\n","protected":false},"excerpt":{"rendered":"<p>\u00c0 l&rsquo;occasion de la Journ\u00e9e mondiale de l&rsquo;immunologie, la Facult\u00e9 de m\u00e9decine d&rsquo;Annaba accueilli, mercredi, une rencontre scientifique consacr\u00e9e aux<\/p>\n","protected":false},"author":6,"featured_media":23407,"comment_status":"open","ping_status":"closed","sticky":false,"template":"","format":"standard","meta":{"colormag_page_container_layout":"default_layout","colormag_page_sidebar_layout":"default_layout","om_disable_all_campaigns":false,"_monsterinsights_skip_tracking":false,"_monsterinsights_sitenote_active":false,"_monsterinsights_sitenote_note":"","_monsterinsights_sitenote_category":0,"footnotes":"","_wpscppro_dont_share_socialmedia":false,"_wpscppro_custom_social_share_image":0,"_facebook_share_type":"default","_twitter_share_type":"default","_linkedin_share_type":"default","_pinterest_share_type":"default","_linkedin_share_type_page":"","_instagram_share_type":"default","_medium_share_type":"default","_threads_share_type":"default","_google_business_share_type":"default","_selected_social_profile":[],"_wpsp_enable_custom_social_template":false,"_wpsp_social_scheduling":{"enabled":false,"datetime":null,"platforms":[],"status":"template_only","dateOption":"today","timeOption":"now","customDays":"","customHours":"","customDate":"","customTime":"","schedulingType":"absolute"},"_wpsp_active_default_template":true},"categories":[31],"tags":[],"class_list":["post-86761","post","type-post","status-publish","format-standard","has-post-thumbnail","hentry","category-regions"],"aioseo_notices":[],"yoast_head":"<!-- This site is optimized with the Yoast SEO plugin v27.5 - https:\/\/yoast.com\/product\/yoast-seo-wordpress\/ -->\n<title>Sant\u00e9\u00a0: Annaba c\u00e9l\u00e8bre l&rsquo;immunologie - La Sentinelle<\/title>\n<meta name=\"robots\" content=\"index, follow, max-snippet:-1, max-image-preview:large, max-video-preview:-1\" \/>\n<link rel=\"canonical\" href=\"https:\/\/lasentinelle.dz\/index.php\/2026\/04\/29\/sante-annaba-celebre-limmunologie\/\" \/>\n<meta property=\"og:locale\" content=\"fr_FR\" \/>\n<meta property=\"og:type\" content=\"article\" \/>\n<meta property=\"og:title\" content=\"Sant\u00e9\u00a0: Annaba c\u00e9l\u00e8bre l&rsquo;immunologie - La Sentinelle\" \/>\n<meta property=\"og:description\" content=\"\u00c0 l&rsquo;occasion de la Journ\u00e9e mondiale de l&rsquo;immunologie, la Facult\u00e9 de m\u00e9decine d&rsquo;Annaba accueilli, mercredi, une rencontre scientifique consacr\u00e9e aux\" \/>\n<meta property=\"og:url\" content=\"https:\/\/lasentinelle.dz\/index.php\/2026\/04\/29\/sante-annaba-celebre-limmunologie\/\" \/>\n<meta property=\"og:site_name\" content=\"La Sentinelle\" \/>\n<meta property=\"article:publisher\" content=\"https:\/\/www.facebook.com\/La-Sentinelle-104059864394773\" \/>\n<meta property=\"article:published_time\" content=\"2026-04-29T17:49:06+00:00\" \/>\n<meta property=\"article:modified_time\" content=\"2026-05-01T17:49:54+00:00\" \/>\n<meta property=\"og:image\" content=\"https:\/\/lasentinelle.dz\/wp-content\/uploads\/2022\/06\/chu-1024x578.png\" \/>\n\t<meta property=\"og:image:width\" content=\"1024\" \/>\n\t<meta property=\"og:image:height\" content=\"578\" \/>\n\t<meta property=\"og:image:type\" content=\"image\/png\" \/>\n<meta name=\"author\" content=\"admin\" \/>\n<meta name=\"twitter:card\" content=\"summary_large_image\" \/>\n<meta name=\"twitter:label1\" content=\"\u00c9crit par\" \/>\n\t<meta name=\"twitter:data1\" content=\"admin\" \/>\n\t<meta name=\"twitter:label2\" content=\"Dur\u00e9e de lecture estim\u00e9e\" \/>\n\t<meta name=\"twitter:data2\" content=\"3 minutes\" \/>\n<script type=\"application\/ld+json\" class=\"yoast-schema-graph\">{\"@context\":\"https:\\\/\\\/schema.org\",\"@graph\":[{\"@type\":\"Article\",\"@id\":\"https:\\\/\\\/lasentinelle.dz\\\/index.php\\\/2026\\\/04\\\/29\\\/sante-annaba-celebre-limmunologie\\\/#article\",\"isPartOf\":{\"@id\":\"https:\\\/\\\/lasentinelle.dz\\\/index.php\\\/2026\\\/04\\\/29\\\/sante-annaba-celebre-limmunologie\\\/\"},\"author\":{\"name\":\"admin\",\"@id\":\"https:\\\/\\\/lasentinelle.dz\\\/#\\\/schema\\\/person\\\/729ee0024f24e0b8c5ec17232f8e8b41\"},\"headline\":\"Sant\u00e9\u00a0: Annaba c\u00e9l\u00e8bre l&rsquo;immunologie\",\"datePublished\":\"2026-04-29T17:49:06+00:00\",\"dateModified\":\"2026-05-01T17:49:54+00:00\",\"mainEntityOfPage\":{\"@id\":\"https:\\\/\\\/lasentinelle.dz\\\/index.php\\\/2026\\\/04\\\/29\\\/sante-annaba-celebre-limmunologie\\\/\"},\"wordCount\":547,\"commentCount\":0,\"publisher\":{\"@id\":\"https:\\\/\\\/lasentinelle.dz\\\/#organization\"},\"image\":{\"@id\":\"https:\\\/\\\/lasentinelle.dz\\\/index.php\\\/2026\\\/04\\\/29\\\/sante-annaba-celebre-limmunologie\\\/#primaryimage\"},\"thumbnailUrl\":\"https:\\\/\\\/lasentinelle.dz\\\/wp-content\\\/uploads\\\/2022\\\/06\\\/chu.png\",\"articleSection\":[\"R\u00e9gions\"],\"inLanguage\":\"fr-FR\",\"potentialAction\":[{\"@type\":\"CommentAction\",\"name\":\"Comment\",\"target\":[\"https:\\\/\\\/lasentinelle.dz\\\/index.php\\\/2026\\\/04\\\/29\\\/sante-annaba-celebre-limmunologie\\\/#respond\"]}]},{\"@type\":\"WebPage\",\"@id\":\"https:\\\/\\\/lasentinelle.dz\\\/index.php\\\/2026\\\/04\\\/29\\\/sante-annaba-celebre-limmunologie\\\/\",\"url\":\"https:\\\/\\\/lasentinelle.dz\\\/index.php\\\/2026\\\/04\\\/29\\\/sante-annaba-celebre-limmunologie\\\/\",\"name\":\"Sant\u00e9\u00a0: Annaba c\u00e9l\u00e8bre l&rsquo;immunologie - La Sentinelle\",\"isPartOf\":{\"@id\":\"https:\\\/\\\/lasentinelle.dz\\\/#website\"},\"primaryImageOfPage\":{\"@id\":\"https:\\\/\\\/lasentinelle.dz\\\/index.php\\\/2026\\\/04\\\/29\\\/sante-annaba-celebre-limmunologie\\\/#primaryimage\"},\"image\":{\"@id\":\"https:\\\/\\\/lasentinelle.dz\\\/index.php\\\/2026\\\/04\\\/29\\\/sante-annaba-celebre-limmunologie\\\/#primaryimage\"},\"thumbnailUrl\":\"https:\\\/\\\/lasentinelle.dz\\\/wp-content\\\/uploads\\\/2022\\\/06\\\/chu.png\",\"datePublished\":\"2026-04-29T17:49:06+00:00\",\"dateModified\":\"2026-05-01T17:49:54+00:00\",\"breadcrumb\":{\"@id\":\"https:\\\/\\\/lasentinelle.dz\\\/index.php\\\/2026\\\/04\\\/29\\\/sante-annaba-celebre-limmunologie\\\/#breadcrumb\"},\"inLanguage\":\"fr-FR\",\"potentialAction\":[{\"@type\":\"ReadAction\",\"target\":[\"https:\\\/\\\/lasentinelle.dz\\\/index.php\\\/2026\\\/04\\\/29\\\/sante-annaba-celebre-limmunologie\\\/\"]}]},{\"@type\":\"ImageObject\",\"inLanguage\":\"fr-FR\",\"@id\":\"https:\\\/\\\/lasentinelle.dz\\\/index.php\\\/2026\\\/04\\\/29\\\/sante-annaba-celebre-limmunologie\\\/#primaryimage\",\"url\":\"https:\\\/\\\/lasentinelle.dz\\\/wp-content\\\/uploads\\\/2022\\\/06\\\/chu.png\",\"contentUrl\":\"https:\\\/\\\/lasentinelle.dz\\\/wp-content\\\/uploads\\\/2022\\\/06\\\/chu.png\",\"width\":1594,\"height\":900},{\"@type\":\"BreadcrumbList\",\"@id\":\"https:\\\/\\\/lasentinelle.dz\\\/index.php\\\/2026\\\/04\\\/29\\\/sante-annaba-celebre-limmunologie\\\/#breadcrumb\",\"itemListElement\":[{\"@type\":\"ListItem\",\"position\":1,\"name\":\"Accueil\",\"item\":\"https:\\\/\\\/lasentinelle.dz\\\/\"},{\"@type\":\"ListItem\",\"position\":2,\"name\":\"Sant\u00e9\u00a0: Annaba c\u00e9l\u00e8bre l&rsquo;immunologie\"}]},{\"@type\":\"WebSite\",\"@id\":\"https:\\\/\\\/lasentinelle.dz\\\/#website\",\"url\":\"https:\\\/\\\/lasentinelle.dz\\\/\",\"name\":\"La Sentinelle\",\"description\":\"Quotidien national d&#039;information\",\"publisher\":{\"@id\":\"https:\\\/\\\/lasentinelle.dz\\\/#organization\"},\"potentialAction\":[{\"@type\":\"SearchAction\",\"target\":{\"@type\":\"EntryPoint\",\"urlTemplate\":\"https:\\\/\\\/lasentinelle.dz\\\/?s={search_term_string}\"},\"query-input\":{\"@type\":\"PropertyValueSpecification\",\"valueRequired\":true,\"valueName\":\"search_term_string\"}}],\"inLanguage\":\"fr-FR\"},{\"@type\":\"Organization\",\"@id\":\"https:\\\/\\\/lasentinelle.dz\\\/#organization\",\"name\":\"Quotidien La Sentinelle\",\"url\":\"https:\\\/\\\/lasentinelle.dz\\\/\",\"logo\":{\"@type\":\"ImageObject\",\"inLanguage\":\"fr-FR\",\"@id\":\"https:\\\/\\\/lasentinelle.dz\\\/#\\\/schema\\\/logo\\\/image\\\/\",\"url\":\"https:\\\/\\\/lasentinelle.dz\\\/wp-content\\\/uploads\\\/2021\\\/09\\\/logo-sentinelleSLOGAN-1.png\",\"contentUrl\":\"https:\\\/\\\/lasentinelle.dz\\\/wp-content\\\/uploads\\\/2021\\\/09\\\/logo-sentinelleSLOGAN-1.png\",\"width\":615,\"height\":142,\"caption\":\"Quotidien La Sentinelle\"},\"image\":{\"@id\":\"https:\\\/\\\/lasentinelle.dz\\\/#\\\/schema\\\/logo\\\/image\\\/\"},\"sameAs\":[\"https:\\\/\\\/www.facebook.com\\\/La-Sentinelle-104059864394773\"]},{\"@type\":\"Person\",\"@id\":\"https:\\\/\\\/lasentinelle.dz\\\/#\\\/schema\\\/person\\\/729ee0024f24e0b8c5ec17232f8e8b41\",\"name\":\"admin\",\"image\":{\"@type\":\"ImageObject\",\"inLanguage\":\"fr-FR\",\"@id\":\"https:\\\/\\\/secure.gravatar.com\\\/avatar\\\/4c81fed838786e9b53f540bf46533e750f5d292099ae3b66cfc6fb1982e29df7?s=96&d=mm&r=g\",\"url\":\"https:\\\/\\\/secure.gravatar.com\\\/avatar\\\/4c81fed838786e9b53f540bf46533e750f5d292099ae3b66cfc6fb1982e29df7?s=96&d=mm&r=g\",\"contentUrl\":\"https:\\\/\\\/secure.gravatar.com\\\/avatar\\\/4c81fed838786e9b53f540bf46533e750f5d292099ae3b66cfc6fb1982e29df7?s=96&d=mm&r=g\",\"caption\":\"admin\"},\"description\":\"admin\",\"url\":\"https:\\\/\\\/lasentinelle.dz\\\/author\\\/admin\\\/\"}]}<\/script>\n<!-- \/ Yoast SEO plugin. -->","yoast_head_json":{"title":"Sant\u00e9\u00a0: Annaba c\u00e9l\u00e8bre l&rsquo;immunologie - La Sentinelle","robots":{"index":"index","follow":"follow","max-snippet":"max-snippet:-1","max-image-preview":"max-image-preview:large","max-video-preview":"max-video-preview:-1"},"canonical":"https:\/\/lasentinelle.dz\/index.php\/2026\/04\/29\/sante-annaba-celebre-limmunologie\/","og_locale":"fr_FR","og_type":"article","og_title":"Sant\u00e9\u00a0: Annaba c\u00e9l\u00e8bre l&rsquo;immunologie - La Sentinelle","og_description":"\u00c0 l&rsquo;occasion de la Journ\u00e9e mondiale de l&rsquo;immunologie, la Facult\u00e9 de m\u00e9decine d&rsquo;Annaba accueilli, mercredi, une rencontre scientifique consacr\u00e9e aux","og_url":"https:\/\/lasentinelle.dz\/index.php\/2026\/04\/29\/sante-annaba-celebre-limmunologie\/","og_site_name":"La Sentinelle","article_publisher":"https:\/\/www.facebook.com\/La-Sentinelle-104059864394773","article_published_time":"2026-04-29T17:49:06+00:00","article_modified_time":"2026-05-01T17:49:54+00:00","og_image":[{"width":1024,"height":578,"url":"https:\/\/lasentinelle.dz\/wp-content\/uploads\/2022\/06\/chu-1024x578.png","type":"image\/png"}],"author":"admin","twitter_card":"summary_large_image","twitter_misc":{"\u00c9crit par":"admin","Dur\u00e9e de lecture estim\u00e9e":"3 minutes"},"schema":{"@context":"https:\/\/schema.org","@graph":[{"@type":"Article","@id":"https:\/\/lasentinelle.dz\/index.php\/2026\/04\/29\/sante-annaba-celebre-limmunologie\/#article","isPartOf":{"@id":"https:\/\/lasentinelle.dz\/index.php\/2026\/04\/29\/sante-annaba-celebre-limmunologie\/"},"author":{"name":"admin","@id":"https:\/\/lasentinelle.dz\/#\/schema\/person\/729ee0024f24e0b8c5ec17232f8e8b41"},"headline":"Sant\u00e9\u00a0: Annaba c\u00e9l\u00e8bre l&rsquo;immunologie","datePublished":"2026-04-29T17:49:06+00:00","dateModified":"2026-05-01T17:49:54+00:00","mainEntityOfPage":{"@id":"https:\/\/lasentinelle.dz\/index.php\/2026\/04\/29\/sante-annaba-celebre-limmunologie\/"},"wordCount":547,"commentCount":0,"publisher":{"@id":"https:\/\/lasentinelle.dz\/#organization"},"image":{"@id":"https:\/\/lasentinelle.dz\/index.php\/2026\/04\/29\/sante-annaba-celebre-limmunologie\/#primaryimage"},"thumbnailUrl":"https:\/\/lasentinelle.dz\/wp-content\/uploads\/2022\/06\/chu.png","articleSection":["R\u00e9gions"],"inLanguage":"fr-FR","potentialAction":[{"@type":"CommentAction","name":"Comment","target":["https:\/\/lasentinelle.dz\/index.php\/2026\/04\/29\/sante-annaba-celebre-limmunologie\/#respond"]}]},{"@type":"WebPage","@id":"https:\/\/lasentinelle.dz\/index.php\/2026\/04\/29\/sante-annaba-celebre-limmunologie\/","url":"https:\/\/lasentinelle.dz\/index.php\/2026\/04\/29\/sante-annaba-celebre-limmunologie\/","name":"Sant\u00e9\u00a0: Annaba c\u00e9l\u00e8bre l&rsquo;immunologie - La Sentinelle","isPartOf":{"@id":"https:\/\/lasentinelle.dz\/#website"},"primaryImageOfPage":{"@id":"https:\/\/lasentinelle.dz\/index.php\/2026\/04\/29\/sante-annaba-celebre-limmunologie\/#primaryimage"},"image":{"@id":"https:\/\/lasentinelle.dz\/index.php\/2026\/04\/29\/sante-annaba-celebre-limmunologie\/#primaryimage"},"thumbnailUrl":"https:\/\/lasentinelle.dz\/wp-content\/uploads\/2022\/06\/chu.png","datePublished":"2026-04-29T17:49:06+00:00","dateModified":"2026-05-01T17:49:54+00:00","breadcrumb":{"@id":"https:\/\/lasentinelle.dz\/index.php\/2026\/04\/29\/sante-annaba-celebre-limmunologie\/#breadcrumb"},"inLanguage":"fr-FR","potentialAction":[{"@type":"ReadAction","target":["https:\/\/lasentinelle.dz\/index.php\/2026\/04\/29\/sante-annaba-celebre-limmunologie\/"]}]},{"@type":"ImageObject","inLanguage":"fr-FR","@id":"https:\/\/lasentinelle.dz\/index.php\/2026\/04\/29\/sante-annaba-celebre-limmunologie\/#primaryimage","url":"https:\/\/lasentinelle.dz\/wp-content\/uploads\/2022\/06\/chu.png","contentUrl":"https:\/\/lasentinelle.dz\/wp-content\/uploads\/2022\/06\/chu.png","width":1594,"height":900},{"@type":"BreadcrumbList","@id":"https:\/\/lasentinelle.dz\/index.php\/2026\/04\/29\/sante-annaba-celebre-limmunologie\/#breadcrumb","itemListElement":[{"@type":"ListItem","position":1,"name":"Accueil","item":"https:\/\/lasentinelle.dz\/"},{"@type":"ListItem","position":2,"name":"Sant\u00e9\u00a0: Annaba c\u00e9l\u00e8bre l&rsquo;immunologie"}]},{"@type":"WebSite","@id":"https:\/\/lasentinelle.dz\/#website","url":"https:\/\/lasentinelle.dz\/","name":"La Sentinelle","description":"Quotidien national d&#039;information","publisher":{"@id":"https:\/\/lasentinelle.dz\/#organization"},"potentialAction":[{"@type":"SearchAction","target":{"@type":"EntryPoint","urlTemplate":"https:\/\/lasentinelle.dz\/?s={search_term_string}"},"query-input":{"@type":"PropertyValueSpecification","valueRequired":true,"valueName":"search_term_string"}}],"inLanguage":"fr-FR"},{"@type":"Organization","@id":"https:\/\/lasentinelle.dz\/#organization","name":"Quotidien La Sentinelle","url":"https:\/\/lasentinelle.dz\/","logo":{"@type":"ImageObject","inLanguage":"fr-FR","@id":"https:\/\/lasentinelle.dz\/#\/schema\/logo\/image\/","url":"https:\/\/lasentinelle.dz\/wp-content\/uploads\/2021\/09\/logo-sentinelleSLOGAN-1.png","contentUrl":"https:\/\/lasentinelle.dz\/wp-content\/uploads\/2021\/09\/logo-sentinelleSLOGAN-1.png","width":615,"height":142,"caption":"Quotidien La Sentinelle"},"image":{"@id":"https:\/\/lasentinelle.dz\/#\/schema\/logo\/image\/"},"sameAs":["https:\/\/www.facebook.com\/La-Sentinelle-104059864394773"]},{"@type":"Person","@id":"https:\/\/lasentinelle.dz\/#\/schema\/person\/729ee0024f24e0b8c5ec17232f8e8b41","name":"admin","image":{"@type":"ImageObject","inLanguage":"fr-FR","@id":"https:\/\/secure.gravatar.com\/avatar\/4c81fed838786e9b53f540bf46533e750f5d292099ae3b66cfc6fb1982e29df7?s=96&d=mm&r=g","url":"https:\/\/secure.gravatar.com\/avatar\/4c81fed838786e9b53f540bf46533e750f5d292099ae3b66cfc6fb1982e29df7?s=96&d=mm&r=g","contentUrl":"https:\/\/secure.gravatar.com\/avatar\/4c81fed838786e9b53f540bf46533e750f5d292099ae3b66cfc6fb1982e29df7?s=96&d=mm&r=g","caption":"admin"},"description":"admin","url":"https:\/\/lasentinelle.dz\/author\/admin\/"}]}},"_links":{"self":[{"href":"https:\/\/lasentinelle.dz\/index.php\/wp-json\/wp\/v2\/posts\/86761","targetHints":{"allow":["GET"]}}],"collection":[{"href":"https:\/\/lasentinelle.dz\/index.php\/wp-json\/wp\/v2\/posts"}],"about":[{"href":"https:\/\/lasentinelle.dz\/index.php\/wp-json\/wp\/v2\/types\/post"}],"author":[{"embeddable":true,"href":"https:\/\/lasentinelle.dz\/index.php\/wp-json\/wp\/v2\/users\/6"}],"replies":[{"embeddable":true,"href":"https:\/\/lasentinelle.dz\/index.php\/wp-json\/wp\/v2\/comments?post=86761"}],"version-history":[{"count":2,"href":"https:\/\/lasentinelle.dz\/index.php\/wp-json\/wp\/v2\/posts\/86761\/revisions"}],"predecessor-version":[{"id":86763,"href":"https:\/\/lasentinelle.dz\/index.php\/wp-json\/wp\/v2\/posts\/86761\/revisions\/86763"}],"wp:featuredmedia":[{"embeddable":true,"href":"https:\/\/lasentinelle.dz\/index.php\/wp-json\/wp\/v2\/media\/23407"}],"wp:attachment":[{"href":"https:\/\/lasentinelle.dz\/index.php\/wp-json\/wp\/v2\/media?parent=86761"}],"wp:term":[{"taxonomy":"category","embeddable":true,"href":"https:\/\/lasentinelle.dz\/index.php\/wp-json\/wp\/v2\/categories?post=86761"},{"taxonomy":"post_tag","embeddable":true,"href":"https:\/\/lasentinelle.dz\/index.php\/wp-json\/wp\/v2\/tags?post=86761"}],"curies":[{"name":"wp","href":"https:\/\/api.w.org\/{rel}","templated":true}]}}