{"id":86764,"date":"2026-04-29T18:50:22","date_gmt":"2026-04-29T17:50:22","guid":{"rendered":"https:\/\/lasentinelle.dz\/?p=86764"},"modified":"2026-05-01T18:51:29","modified_gmt":"2026-05-01T17:51:29","slug":"annaba-vaste-programme-de-developpement-urbain-et-social","status":"publish","type":"post","link":"https:\/\/lasentinelle.dz\/index.php\/2026\/04\/29\/annaba-vaste-programme-de-developpement-urbain-et-social\/","title":{"rendered":"Annaba\u00a0: Vaste programme de d\u00e9veloppement urbain et social"},"content":{"rendered":"\n<p>L&rsquo;Assembl\u00e9e populaire de wilaya (APW) d&rsquo;Annaba a tenu, sur deux jours, une session ordinaire pr\u00e9sid\u00e9e par le wali Abdelkrim Laamouri, consacr\u00e9e \u00e0 l&rsquo;\u00e9laboration du plan de d\u00e9veloppement de la wilaya pour l&rsquo;exercice 2026. Les d\u00e9bats ont port\u00e9 sur le bilan des projets engag\u00e9s en 2025, les nouvelles enveloppes budg\u00e9taires allou\u00e9es \u00e0 l&rsquo;urbanisme et au logement, ainsi que les pr\u00e9paratifs de la saison estivale et de la rentr\u00e9e scolaire.<\/p>\n\n\n\n<p>Tenue sur deux jours successifs, la session de l&rsquo;Assembl\u00e9e populaire de wilaya (APW) d&rsquo;Annaba a \u00e9t\u00e9 marqu\u00e9e par une volont\u00e9 d&rsquo;acc\u00e9l\u00e9rer les projets structurants, de moderniser le tissu urbain et de renforcer les infrastructures publiques. Lors de cette session ordinaire, pr\u00e9sid\u00e9e par Abdelkrim Laamouri, wali d&rsquo;Annaba, l&rsquo;APW a consacr\u00e9 ses travaux \u00e0 l&rsquo;\u00e9laboration du plan de d\u00e9veloppement pour l&rsquo;ann\u00e9e 2026, dans un contexte marqu\u00e9 par l&rsquo;intensification des investissements publics et la poursuite des grands chantiers urbains. La rencontre a d&rsquo;abord permis de faire le point sur les projets valid\u00e9s lors de la session pr\u00e9c\u00e9dente de 2025, notamment dans les secteurs du logement et de l&rsquo;am\u00e9nagement urbain, avec un accent particulier sur les communes de Berrahal, Oued El Aneb et Tr\u00e9at. Le wali a rappel\u00e9 que la wilaya avait b\u00e9n\u00e9fici\u00e9 en 2025 d&rsquo;une enveloppe de pr\u00e8s de 2 000 milliards de centimes destin\u00e9e aux projets de proximit\u00e9 et d&rsquo;am\u00e9lioration du cadre de vie, soulignant la n\u00e9cessit\u00e9 d&rsquo;acc\u00e9l\u00e9rer les op\u00e9rations de r\u00e9habilitation des quartiers et cit\u00e9s. Pour l&rsquo;exercice 2026, une enveloppe estim\u00e9e \u00e0 1 583 milliards de centimes a \u00e9t\u00e9 consacr\u00e9e aux projets d&rsquo;urbanisation et de d\u00e9veloppement local. Dans le d\u00e9tail, la direction du logement a engag\u00e9 pr\u00e8s de 300 milliards de centimes pour des op\u00e9rations de r\u00e9novation et de r\u00e9habilitation, incluant des infrastructures publiques importantes comme la facult\u00e9 de m\u00e9decine de l&rsquo;universit\u00e9 Badji Mokhtar. Par ailleurs, la deuxi\u00e8me tranche du projet de la mosqu\u00e9e Al Manara, dans la commune d&rsquo;El Bouni, a b\u00e9n\u00e9fici\u00e9 de plus de 200 milliards de centimes, couvrant l&rsquo;am\u00e9nagement des espaces ext\u00e9rieurs, l&rsquo;installation d&rsquo;un groupe \u00e9lectrog\u00e8ne et la r\u00e9alisation d&rsquo;un r\u00e9servoir d&rsquo;eau. Les cit\u00e9s Fakharine 1 et 2 ont \u00e9galement \u00e9t\u00e9 inscrites dans ce programme avec une enveloppe de 15 milliards de centimes pour leur r\u00e9habilitation. Les travaux ont aussi port\u00e9 sur de nouveaux projets d&rsquo;extension urbaine dans les communes concern\u00e9es, en continuit\u00e9 avec les programmes engag\u00e9s l&rsquo;ann\u00e9e pr\u00e9c\u00e9dente, visant \u00e0 am\u00e9liorer la qualit\u00e9 de vie des habitants et \u00e0 accompagner la croissance d\u00e9mographique. Les pr\u00e9paratifs de la saison estivale 2026 ainsi que ceux de la rentr\u00e9e scolaire ont \u00e9galement \u00e9t\u00e9 examin\u00e9s, en tant que volets essentiels de la gestion locale. Cette session a \u00e9t\u00e9 marqu\u00e9e, faut-il le noter, par la pr\u00e9sence des repr\u00e9sentants de l&rsquo;assembl\u00e9e junior de wilaya, compos\u00e9e d&rsquo;\u00e9l\u00e8ves, illustrant une volont\u00e9 d&rsquo;associer les diff\u00e9rentes cat\u00e9gories de la soci\u00e9t\u00e9 \u00e0 la dynamique de d\u00e9veloppement. Ainsi, \u00e0 travers ce plan ambitieux, les autorit\u00e9s locales de la wilaya d&rsquo;Annaba confirment leur volont\u00e9 de poursuivre la modernisation du territoire et d&rsquo;am\u00e9liorer durablement le cadre de vie des citoyens, en misant sur une approche int\u00e9gr\u00e9e du d\u00e9veloppement urbain, social et \u00e9conomique.<\/p>\n\n\n\n<p><strong>Sofia Chahine<\/strong><\/p>\n","protected":false},"excerpt":{"rendered":"<p>L&rsquo;Assembl\u00e9e populaire de wilaya (APW) d&rsquo;Annaba a tenu, sur deux jours, une session ordinaire pr\u00e9sid\u00e9e par le wali Abdelkrim Laamouri,<\/p>\n","protected":false},"author":6,"featured_media":86765,"comment_status":"open","ping_status":"closed","sticky":false,"template":"","format":"standard","meta":{"colormag_page_container_layout":"default_layout","colormag_page_sidebar_layout":"default_layout","om_disable_all_campaigns":false,"_monsterinsights_skip_tracking":false,"_monsterinsights_sitenote_active":false,"_monsterinsights_sitenote_note":"","_monsterinsights_sitenote_category":0,"footnotes":"","_wpscppro_dont_share_socialmedia":false,"_wpscppro_custom_social_share_image":0,"_facebook_share_type":"default","_twitter_share_type":"default","_linkedin_share_type":"default","_pinterest_share_type":"default","_linkedin_share_type_page":"","_instagram_share_type":"default","_medium_share_type":"default","_threads_share_type":"default","_google_business_share_type":"default","_selected_social_profile":[],"_wpsp_enable_custom_social_template":false,"_wpsp_social_scheduling":{"enabled":false,"datetime":null,"platforms":[],"status":"template_only","dateOption":"today","timeOption":"now","customDays":"","customHours":"","customDate":"","customTime":"","schedulingType":"absolute"},"_wpsp_active_default_template":true},"categories":[31],"tags":[],"class_list":["post-86764","post","type-post","status-publish","format-standard","has-post-thumbnail","hentry","category-regions"],"aioseo_notices":[],"yoast_head":"<!-- This site is optimized with the Yoast SEO plugin v27.5 - https:\/\/yoast.com\/product\/yoast-seo-wordpress\/ -->\n<title>Annaba\u00a0: Vaste programme de d\u00e9veloppement urbain et social - La Sentinelle<\/title>\n<meta name=\"robots\" content=\"index, follow, max-snippet:-1, max-image-preview:large, max-video-preview:-1\" \/>\n<link rel=\"canonical\" href=\"https:\/\/lasentinelle.dz\/index.php\/2026\/04\/29\/annaba-vaste-programme-de-developpement-urbain-et-social\/\" \/>\n<meta property=\"og:locale\" content=\"fr_FR\" \/>\n<meta property=\"og:type\" content=\"article\" \/>\n<meta property=\"og:title\" content=\"Annaba\u00a0: Vaste programme de d\u00e9veloppement urbain et social - La Sentinelle\" \/>\n<meta property=\"og:description\" content=\"L&rsquo;Assembl\u00e9e populaire de wilaya (APW) d&rsquo;Annaba a tenu, sur deux jours, une session ordinaire pr\u00e9sid\u00e9e par le wali Abdelkrim Laamouri,\" \/>\n<meta property=\"og:url\" content=\"https:\/\/lasentinelle.dz\/index.php\/2026\/04\/29\/annaba-vaste-programme-de-developpement-urbain-et-social\/\" \/>\n<meta property=\"og:site_name\" content=\"La Sentinelle\" \/>\n<meta property=\"article:publisher\" content=\"https:\/\/www.facebook.com\/La-Sentinelle-104059864394773\" \/>\n<meta property=\"article:published_time\" content=\"2026-04-29T17:50:22+00:00\" \/>\n<meta property=\"article:modified_time\" content=\"2026-05-01T17:51:29+00:00\" \/>\n<meta property=\"og:image\" content=\"https:\/\/lasentinelle.dz\/wp-content\/uploads\/2026\/05\/session-apw-annaba.jpg\" \/>\n\t<meta property=\"og:image:width\" content=\"1280\" \/>\n\t<meta property=\"og:image:height\" content=\"853\" \/>\n\t<meta property=\"og:image:type\" content=\"image\/jpeg\" \/>\n<meta name=\"author\" content=\"admin\" \/>\n<meta name=\"twitter:card\" content=\"summary_large_image\" \/>\n<meta name=\"twitter:label1\" content=\"\u00c9crit par\" \/>\n\t<meta name=\"twitter:data1\" content=\"admin\" \/>\n\t<meta name=\"twitter:label2\" content=\"Dur\u00e9e de lecture estim\u00e9e\" \/>\n\t<meta name=\"twitter:data2\" content=\"3 minutes\" \/>\n<script type=\"application\/ld+json\" class=\"yoast-schema-graph\">{\"@context\":\"https:\\\/\\\/schema.org\",\"@graph\":[{\"@type\":\"Article\",\"@id\":\"https:\\\/\\\/lasentinelle.dz\\\/index.php\\\/2026\\\/04\\\/29\\\/annaba-vaste-programme-de-developpement-urbain-et-social\\\/#article\",\"isPartOf\":{\"@id\":\"https:\\\/\\\/lasentinelle.dz\\\/index.php\\\/2026\\\/04\\\/29\\\/annaba-vaste-programme-de-developpement-urbain-et-social\\\/\"},\"author\":{\"name\":\"admin\",\"@id\":\"https:\\\/\\\/lasentinelle.dz\\\/#\\\/schema\\\/person\\\/729ee0024f24e0b8c5ec17232f8e8b41\"},\"headline\":\"Annaba\u00a0: Vaste programme de d\u00e9veloppement urbain et social\",\"datePublished\":\"2026-04-29T17:50:22+00:00\",\"dateModified\":\"2026-05-01T17:51:29+00:00\",\"mainEntityOfPage\":{\"@id\":\"https:\\\/\\\/lasentinelle.dz\\\/index.php\\\/2026\\\/04\\\/29\\\/annaba-vaste-programme-de-developpement-urbain-et-social\\\/\"},\"wordCount\":600,\"commentCount\":0,\"publisher\":{\"@id\":\"https:\\\/\\\/lasentinelle.dz\\\/#organization\"},\"image\":{\"@id\":\"https:\\\/\\\/lasentinelle.dz\\\/index.php\\\/2026\\\/04\\\/29\\\/annaba-vaste-programme-de-developpement-urbain-et-social\\\/#primaryimage\"},\"thumbnailUrl\":\"https:\\\/\\\/lasentinelle.dz\\\/wp-content\\\/uploads\\\/2026\\\/05\\\/session-apw-annaba.jpg\",\"articleSection\":[\"R\u00e9gions\"],\"inLanguage\":\"fr-FR\",\"potentialAction\":[{\"@type\":\"CommentAction\",\"name\":\"Comment\",\"target\":[\"https:\\\/\\\/lasentinelle.dz\\\/index.php\\\/2026\\\/04\\\/29\\\/annaba-vaste-programme-de-developpement-urbain-et-social\\\/#respond\"]}]},{\"@type\":\"WebPage\",\"@id\":\"https:\\\/\\\/lasentinelle.dz\\\/index.php\\\/2026\\\/04\\\/29\\\/annaba-vaste-programme-de-developpement-urbain-et-social\\\/\",\"url\":\"https:\\\/\\\/lasentinelle.dz\\\/index.php\\\/2026\\\/04\\\/29\\\/annaba-vaste-programme-de-developpement-urbain-et-social\\\/\",\"name\":\"Annaba\u00a0: Vaste programme de d\u00e9veloppement urbain et social - La Sentinelle\",\"isPartOf\":{\"@id\":\"https:\\\/\\\/lasentinelle.dz\\\/#website\"},\"primaryImageOfPage\":{\"@id\":\"https:\\\/\\\/lasentinelle.dz\\\/index.php\\\/2026\\\/04\\\/29\\\/annaba-vaste-programme-de-developpement-urbain-et-social\\\/#primaryimage\"},\"image\":{\"@id\":\"https:\\\/\\\/lasentinelle.dz\\\/index.php\\\/2026\\\/04\\\/29\\\/annaba-vaste-programme-de-developpement-urbain-et-social\\\/#primaryimage\"},\"thumbnailUrl\":\"https:\\\/\\\/lasentinelle.dz\\\/wp-content\\\/uploads\\\/2026\\\/05\\\/session-apw-annaba.jpg\",\"datePublished\":\"2026-04-29T17:50:22+00:00\",\"dateModified\":\"2026-05-01T17:51:29+00:00\",\"breadcrumb\":{\"@id\":\"https:\\\/\\\/lasentinelle.dz\\\/index.php\\\/2026\\\/04\\\/29\\\/annaba-vaste-programme-de-developpement-urbain-et-social\\\/#breadcrumb\"},\"inLanguage\":\"fr-FR\",\"potentialAction\":[{\"@type\":\"ReadAction\",\"target\":[\"https:\\\/\\\/lasentinelle.dz\\\/index.php\\\/2026\\\/04\\\/29\\\/annaba-vaste-programme-de-developpement-urbain-et-social\\\/\"]}]},{\"@type\":\"ImageObject\",\"inLanguage\":\"fr-FR\",\"@id\":\"https:\\\/\\\/lasentinelle.dz\\\/index.php\\\/2026\\\/04\\\/29\\\/annaba-vaste-programme-de-developpement-urbain-et-social\\\/#primaryimage\",\"url\":\"https:\\\/\\\/lasentinelle.dz\\\/wp-content\\\/uploads\\\/2026\\\/05\\\/session-apw-annaba.jpg\",\"contentUrl\":\"https:\\\/\\\/lasentinelle.dz\\\/wp-content\\\/uploads\\\/2026\\\/05\\\/session-apw-annaba.jpg\",\"width\":1280,\"height\":853},{\"@type\":\"BreadcrumbList\",\"@id\":\"https:\\\/\\\/lasentinelle.dz\\\/index.php\\\/2026\\\/04\\\/29\\\/annaba-vaste-programme-de-developpement-urbain-et-social\\\/#breadcrumb\",\"itemListElement\":[{\"@type\":\"ListItem\",\"position\":1,\"name\":\"Accueil\",\"item\":\"https:\\\/\\\/lasentinelle.dz\\\/\"},{\"@type\":\"ListItem\",\"position\":2,\"name\":\"Annaba\u00a0: Vaste programme de d\u00e9veloppement urbain et social\"}]},{\"@type\":\"WebSite\",\"@id\":\"https:\\\/\\\/lasentinelle.dz\\\/#website\",\"url\":\"https:\\\/\\\/lasentinelle.dz\\\/\",\"name\":\"La Sentinelle\",\"description\":\"Quotidien national d&#039;information\",\"publisher\":{\"@id\":\"https:\\\/\\\/lasentinelle.dz\\\/#organization\"},\"potentialAction\":[{\"@type\":\"SearchAction\",\"target\":{\"@type\":\"EntryPoint\",\"urlTemplate\":\"https:\\\/\\\/lasentinelle.dz\\\/?s={search_term_string}\"},\"query-input\":{\"@type\":\"PropertyValueSpecification\",\"valueRequired\":true,\"valueName\":\"search_term_string\"}}],\"inLanguage\":\"fr-FR\"},{\"@type\":\"Organization\",\"@id\":\"https:\\\/\\\/lasentinelle.dz\\\/#organization\",\"name\":\"Quotidien La Sentinelle\",\"url\":\"https:\\\/\\\/lasentinelle.dz\\\/\",\"logo\":{\"@type\":\"ImageObject\",\"inLanguage\":\"fr-FR\",\"@id\":\"https:\\\/\\\/lasentinelle.dz\\\/#\\\/schema\\\/logo\\\/image\\\/\",\"url\":\"https:\\\/\\\/lasentinelle.dz\\\/wp-content\\\/uploads\\\/2021\\\/09\\\/logo-sentinelleSLOGAN-1.png\",\"contentUrl\":\"https:\\\/\\\/lasentinelle.dz\\\/wp-content\\\/uploads\\\/2021\\\/09\\\/logo-sentinelleSLOGAN-1.png\",\"width\":615,\"height\":142,\"caption\":\"Quotidien La Sentinelle\"},\"image\":{\"@id\":\"https:\\\/\\\/lasentinelle.dz\\\/#\\\/schema\\\/logo\\\/image\\\/\"},\"sameAs\":[\"https:\\\/\\\/www.facebook.com\\\/La-Sentinelle-104059864394773\"]},{\"@type\":\"Person\",\"@id\":\"https:\\\/\\\/lasentinelle.dz\\\/#\\\/schema\\\/person\\\/729ee0024f24e0b8c5ec17232f8e8b41\",\"name\":\"admin\",\"image\":{\"@type\":\"ImageObject\",\"inLanguage\":\"fr-FR\",\"@id\":\"https:\\\/\\\/secure.gravatar.com\\\/avatar\\\/4c81fed838786e9b53f540bf46533e750f5d292099ae3b66cfc6fb1982e29df7?s=96&d=mm&r=g\",\"url\":\"https:\\\/\\\/secure.gravatar.com\\\/avatar\\\/4c81fed838786e9b53f540bf46533e750f5d292099ae3b66cfc6fb1982e29df7?s=96&d=mm&r=g\",\"contentUrl\":\"https:\\\/\\\/secure.gravatar.com\\\/avatar\\\/4c81fed838786e9b53f540bf46533e750f5d292099ae3b66cfc6fb1982e29df7?s=96&d=mm&r=g\",\"caption\":\"admin\"},\"description\":\"admin\",\"url\":\"https:\\\/\\\/lasentinelle.dz\\\/author\\\/admin\\\/\"}]}<\/script>\n<!-- \/ Yoast SEO plugin. -->","yoast_head_json":{"title":"Annaba\u00a0: Vaste programme de d\u00e9veloppement urbain et social - La Sentinelle","robots":{"index":"index","follow":"follow","max-snippet":"max-snippet:-1","max-image-preview":"max-image-preview:large","max-video-preview":"max-video-preview:-1"},"canonical":"https:\/\/lasentinelle.dz\/index.php\/2026\/04\/29\/annaba-vaste-programme-de-developpement-urbain-et-social\/","og_locale":"fr_FR","og_type":"article","og_title":"Annaba\u00a0: Vaste programme de d\u00e9veloppement urbain et social - La Sentinelle","og_description":"L&rsquo;Assembl\u00e9e populaire de wilaya (APW) d&rsquo;Annaba a tenu, sur deux jours, une session ordinaire pr\u00e9sid\u00e9e par le wali Abdelkrim Laamouri,","og_url":"https:\/\/lasentinelle.dz\/index.php\/2026\/04\/29\/annaba-vaste-programme-de-developpement-urbain-et-social\/","og_site_name":"La Sentinelle","article_publisher":"https:\/\/www.facebook.com\/La-Sentinelle-104059864394773","article_published_time":"2026-04-29T17:50:22+00:00","article_modified_time":"2026-05-01T17:51:29+00:00","og_image":[{"width":1280,"height":853,"url":"https:\/\/lasentinelle.dz\/wp-content\/uploads\/2026\/05\/session-apw-annaba.jpg","type":"image\/jpeg"}],"author":"admin","twitter_card":"summary_large_image","twitter_misc":{"\u00c9crit par":"admin","Dur\u00e9e de lecture estim\u00e9e":"3 minutes"},"schema":{"@context":"https:\/\/schema.org","@graph":[{"@type":"Article","@id":"https:\/\/lasentinelle.dz\/index.php\/2026\/04\/29\/annaba-vaste-programme-de-developpement-urbain-et-social\/#article","isPartOf":{"@id":"https:\/\/lasentinelle.dz\/index.php\/2026\/04\/29\/annaba-vaste-programme-de-developpement-urbain-et-social\/"},"author":{"name":"admin","@id":"https:\/\/lasentinelle.dz\/#\/schema\/person\/729ee0024f24e0b8c5ec17232f8e8b41"},"headline":"Annaba\u00a0: Vaste programme de d\u00e9veloppement urbain et social","datePublished":"2026-04-29T17:50:22+00:00","dateModified":"2026-05-01T17:51:29+00:00","mainEntityOfPage":{"@id":"https:\/\/lasentinelle.dz\/index.php\/2026\/04\/29\/annaba-vaste-programme-de-developpement-urbain-et-social\/"},"wordCount":600,"commentCount":0,"publisher":{"@id":"https:\/\/lasentinelle.dz\/#organization"},"image":{"@id":"https:\/\/lasentinelle.dz\/index.php\/2026\/04\/29\/annaba-vaste-programme-de-developpement-urbain-et-social\/#primaryimage"},"thumbnailUrl":"https:\/\/lasentinelle.dz\/wp-content\/uploads\/2026\/05\/session-apw-annaba.jpg","articleSection":["R\u00e9gions"],"inLanguage":"fr-FR","potentialAction":[{"@type":"CommentAction","name":"Comment","target":["https:\/\/lasentinelle.dz\/index.php\/2026\/04\/29\/annaba-vaste-programme-de-developpement-urbain-et-social\/#respond"]}]},{"@type":"WebPage","@id":"https:\/\/lasentinelle.dz\/index.php\/2026\/04\/29\/annaba-vaste-programme-de-developpement-urbain-et-social\/","url":"https:\/\/lasentinelle.dz\/index.php\/2026\/04\/29\/annaba-vaste-programme-de-developpement-urbain-et-social\/","name":"Annaba\u00a0: Vaste programme de d\u00e9veloppement urbain et social - La Sentinelle","isPartOf":{"@id":"https:\/\/lasentinelle.dz\/#website"},"primaryImageOfPage":{"@id":"https:\/\/lasentinelle.dz\/index.php\/2026\/04\/29\/annaba-vaste-programme-de-developpement-urbain-et-social\/#primaryimage"},"image":{"@id":"https:\/\/lasentinelle.dz\/index.php\/2026\/04\/29\/annaba-vaste-programme-de-developpement-urbain-et-social\/#primaryimage"},"thumbnailUrl":"https:\/\/lasentinelle.dz\/wp-content\/uploads\/2026\/05\/session-apw-annaba.jpg","datePublished":"2026-04-29T17:50:22+00:00","dateModified":"2026-05-01T17:51:29+00:00","breadcrumb":{"@id":"https:\/\/lasentinelle.dz\/index.php\/2026\/04\/29\/annaba-vaste-programme-de-developpement-urbain-et-social\/#breadcrumb"},"inLanguage":"fr-FR","potentialAction":[{"@type":"ReadAction","target":["https:\/\/lasentinelle.dz\/index.php\/2026\/04\/29\/annaba-vaste-programme-de-developpement-urbain-et-social\/"]}]},{"@type":"ImageObject","inLanguage":"fr-FR","@id":"https:\/\/lasentinelle.dz\/index.php\/2026\/04\/29\/annaba-vaste-programme-de-developpement-urbain-et-social\/#primaryimage","url":"https:\/\/lasentinelle.dz\/wp-content\/uploads\/2026\/05\/session-apw-annaba.jpg","contentUrl":"https:\/\/lasentinelle.dz\/wp-content\/uploads\/2026\/05\/session-apw-annaba.jpg","width":1280,"height":853},{"@type":"BreadcrumbList","@id":"https:\/\/lasentinelle.dz\/index.php\/2026\/04\/29\/annaba-vaste-programme-de-developpement-urbain-et-social\/#breadcrumb","itemListElement":[{"@type":"ListItem","position":1,"name":"Accueil","item":"https:\/\/lasentinelle.dz\/"},{"@type":"ListItem","position":2,"name":"Annaba\u00a0: Vaste programme de d\u00e9veloppement urbain et social"}]},{"@type":"WebSite","@id":"https:\/\/lasentinelle.dz\/#website","url":"https:\/\/lasentinelle.dz\/","name":"La Sentinelle","description":"Quotidien national d&#039;information","publisher":{"@id":"https:\/\/lasentinelle.dz\/#organization"},"potentialAction":[{"@type":"SearchAction","target":{"@type":"EntryPoint","urlTemplate":"https:\/\/lasentinelle.dz\/?s={search_term_string}"},"query-input":{"@type":"PropertyValueSpecification","valueRequired":true,"valueName":"search_term_string"}}],"inLanguage":"fr-FR"},{"@type":"Organization","@id":"https:\/\/lasentinelle.dz\/#organization","name":"Quotidien La Sentinelle","url":"https:\/\/lasentinelle.dz\/","logo":{"@type":"ImageObject","inLanguage":"fr-FR","@id":"https:\/\/lasentinelle.dz\/#\/schema\/logo\/image\/","url":"https:\/\/lasentinelle.dz\/wp-content\/uploads\/2021\/09\/logo-sentinelleSLOGAN-1.png","contentUrl":"https:\/\/lasentinelle.dz\/wp-content\/uploads\/2021\/09\/logo-sentinelleSLOGAN-1.png","width":615,"height":142,"caption":"Quotidien La Sentinelle"},"image":{"@id":"https:\/\/lasentinelle.dz\/#\/schema\/logo\/image\/"},"sameAs":["https:\/\/www.facebook.com\/La-Sentinelle-104059864394773"]},{"@type":"Person","@id":"https:\/\/lasentinelle.dz\/#\/schema\/person\/729ee0024f24e0b8c5ec17232f8e8b41","name":"admin","image":{"@type":"ImageObject","inLanguage":"fr-FR","@id":"https:\/\/secure.gravatar.com\/avatar\/4c81fed838786e9b53f540bf46533e750f5d292099ae3b66cfc6fb1982e29df7?s=96&d=mm&r=g","url":"https:\/\/secure.gravatar.com\/avatar\/4c81fed838786e9b53f540bf46533e750f5d292099ae3b66cfc6fb1982e29df7?s=96&d=mm&r=g","contentUrl":"https:\/\/secure.gravatar.com\/avatar\/4c81fed838786e9b53f540bf46533e750f5d292099ae3b66cfc6fb1982e29df7?s=96&d=mm&r=g","caption":"admin"},"description":"admin","url":"https:\/\/lasentinelle.dz\/author\/admin\/"}]}},"_links":{"self":[{"href":"https:\/\/lasentinelle.dz\/index.php\/wp-json\/wp\/v2\/posts\/86764","targetHints":{"allow":["GET"]}}],"collection":[{"href":"https:\/\/lasentinelle.dz\/index.php\/wp-json\/wp\/v2\/posts"}],"about":[{"href":"https:\/\/lasentinelle.dz\/index.php\/wp-json\/wp\/v2\/types\/post"}],"author":[{"embeddable":true,"href":"https:\/\/lasentinelle.dz\/index.php\/wp-json\/wp\/v2\/users\/6"}],"replies":[{"embeddable":true,"href":"https:\/\/lasentinelle.dz\/index.php\/wp-json\/wp\/v2\/comments?post=86764"}],"version-history":[{"count":1,"href":"https:\/\/lasentinelle.dz\/index.php\/wp-json\/wp\/v2\/posts\/86764\/revisions"}],"predecessor-version":[{"id":86766,"href":"https:\/\/lasentinelle.dz\/index.php\/wp-json\/wp\/v2\/posts\/86764\/revisions\/86766"}],"wp:featuredmedia":[{"embeddable":true,"href":"https:\/\/lasentinelle.dz\/index.php\/wp-json\/wp\/v2\/media\/86765"}],"wp:attachment":[{"href":"https:\/\/lasentinelle.dz\/index.php\/wp-json\/wp\/v2\/media?parent=86764"}],"wp:term":[{"taxonomy":"category","embeddable":true,"href":"https:\/\/lasentinelle.dz\/index.php\/wp-json\/wp\/v2\/categories?post=86764"},{"taxonomy":"post_tag","embeddable":true,"href":"https:\/\/lasentinelle.dz\/index.php\/wp-json\/wp\/v2\/tags?post=86764"}],"curies":[{"name":"wp","href":"https:\/\/api.w.org\/{rel}","templated":true}]}}