{"id":86776,"date":"2026-04-29T18:55:58","date_gmt":"2026-04-29T17:55:58","guid":{"rendered":"https:\/\/lasentinelle.dz\/?p=86776"},"modified":"2026-05-01T19:12:28","modified_gmt":"2026-05-01T18:12:28","slug":"attaf-recoit-son-homologue-polonais-vers-lactivation-de-la-commission-intergouvernementale-mixte","status":"publish","type":"post","link":"https:\/\/lasentinelle.dz\/index.php\/2026\/04\/29\/attaf-recoit-son-homologue-polonais-vers-lactivation-de-la-commission-intergouvernementale-mixte\/","title":{"rendered":"Attaf re\u00e7oit son homologue polonais\u00a0: Vers l&rsquo;activation de la commission intergouvernementale mixte"},"content":{"rendered":"\n<p>Le ministre d&rsquo;Etat, ministre des Affaires \u00e9trang\u00e8res, de la Communaut\u00e9 nationale \u00e0 l&rsquo;\u00e9tranger et des Affaires africaines, M. Ahmed Attaf, a re\u00e7u, mercredi au si\u00e8ge du minist\u00e8re, le vice-Premier ministre, ministre des Affaires \u00e9trang\u00e8res de la R\u00e9publique de Pologne, M. Radoslaw Sikorski, en visite officielle en Alg\u00e9rie, indique un communiqu\u00e9 du minist\u00e8re. A cette occasion, les deux ministres ont eu des entretiens en t\u00eate-\u00e0-t\u00eate, suivis d&rsquo;une s\u00e9ance de travail \u00e9largie aux membres des d\u00e9l\u00e9gations des deux pays. Cette rencontre a permis de \u00ab\u00a0proc\u00e9der \u00e0 une \u00e9valuation approfondie de l&rsquo;\u00e9tat des relations bilat\u00e9rales, \u00e0 la lumi\u00e8re des progr\u00e8s accomplis dans la mise en \u0153uvre des activit\u00e9s de coop\u00e9ration convenues lors de la visite officielle effectu\u00e9e par le ministre Ahmed Attaf en R\u00e9publique de Pologne en juin 2024\u00a0\u00bb, pr\u00e9cise le communiqu\u00e9. Dans ce cadre, \u00ab\u00a0l&rsquo;accent a \u00e9t\u00e9 mis sur la n\u00e9cessit\u00e9 de renforcer le partenariat entre les deux pays et de le hisser aux plus hauts rangs, notamment \u00e0 travers l&rsquo;acc\u00e9l\u00e9ration de l&rsquo;activation de la commission intergouvernementale mixte, charg\u00e9e d&rsquo;examiner les moyens d&rsquo;approfondir la coop\u00e9ration en place dans plusieurs domaines tels que les hydrocarbures, les mines, les \u00e9nergies renouvelables, l&rsquo;agriculture, le tourisme et la num\u00e9risation, et d&rsquo;explorer les opportunit\u00e9s offertes par les potentialit\u00e9s des deux pays\u00a0\u00bb, ajoute la m\u00eame source. \u00ab\u00a0Les deux ministres ont \u00e9galement \u00e9chang\u00e9 les vues et les analyses concernant plusieurs questions internationales et r\u00e9gionales d&rsquo;actualit\u00e9, dont la situation au Moyen-Orient, la guerre en Ukraine et les d\u00e9veloppements dans la r\u00e9gion sah\u00e9lo-saharienne\u00a0\u00bb, poursuit le communiqu\u00e9. Au terme des entretiens, les deux ministres ont proc\u00e9d\u00e9 \u00e0 la signature d&rsquo;un m\u00e9morandum d&rsquo;entente entre l&rsquo;Institut diplomatique et des relations internationales (IDRI) et l&rsquo;Acad\u00e9mie diplomatique polonaise, conclut la m\u00eame source.<\/p>\n\n\n\n<p>APS<\/p>\n","protected":false},"excerpt":{"rendered":"<p>Le ministre d&rsquo;Etat, ministre des Affaires \u00e9trang\u00e8res, de la Communaut\u00e9 nationale \u00e0 l&rsquo;\u00e9tranger et des Affaires africaines, M. Ahmed Attaf,<\/p>\n","protected":false},"author":6,"featured_media":0,"comment_status":"open","ping_status":"closed","sticky":false,"template":"","format":"standard","meta":{"colormag_page_container_layout":"default_layout","colormag_page_sidebar_layout":"default_layout","om_disable_all_campaigns":false,"_monsterinsights_skip_tracking":false,"_monsterinsights_sitenote_active":false,"_monsterinsights_sitenote_note":"","_monsterinsights_sitenote_category":0,"footnotes":"","_wpscppro_dont_share_socialmedia":false,"_wpscppro_custom_social_share_image":0,"_facebook_share_type":"default","_twitter_share_type":"default","_linkedin_share_type":"default","_pinterest_share_type":"default","_linkedin_share_type_page":"","_instagram_share_type":"default","_medium_share_type":"default","_threads_share_type":"default","_google_business_share_type":"default","_selected_social_profile":[],"_wpsp_enable_custom_social_template":false,"_wpsp_social_scheduling":{"enabled":true,"datetime":"2026-05-29 17:55:58","platforms":[],"status":"pending_publication","dateOption":"today","timeOption":"now","customDays":"","customHours":"","customDate":"","customTime":"","schedulingType":"absolute"},"_wpsp_active_default_template":true},"categories":[27],"tags":[],"class_list":["post-86776","post","type-post","status-publish","format-standard","hentry","category-actualite"],"aioseo_notices":[],"yoast_head":"<!-- This site is optimized with the Yoast SEO plugin v27.5 - https:\/\/yoast.com\/product\/yoast-seo-wordpress\/ -->\n<title>Attaf re\u00e7oit son homologue polonais\u00a0: Vers l&rsquo;activation de la commission intergouvernementale mixte - La Sentinelle<\/title>\n<meta name=\"robots\" content=\"index, follow, max-snippet:-1, max-image-preview:large, max-video-preview:-1\" \/>\n<link rel=\"canonical\" href=\"https:\/\/lasentinelle.dz\/index.php\/2026\/04\/29\/attaf-recoit-son-homologue-polonais-vers-lactivation-de-la-commission-intergouvernementale-mixte\/\" \/>\n<meta property=\"og:locale\" content=\"fr_FR\" \/>\n<meta property=\"og:type\" content=\"article\" \/>\n<meta property=\"og:title\" content=\"Attaf re\u00e7oit son homologue polonais\u00a0: Vers l&rsquo;activation de la commission intergouvernementale mixte - La Sentinelle\" \/>\n<meta property=\"og:description\" content=\"Le ministre d&rsquo;Etat, ministre des Affaires \u00e9trang\u00e8res, de la Communaut\u00e9 nationale \u00e0 l&rsquo;\u00e9tranger et des Affaires africaines, M. Ahmed Attaf,\" \/>\n<meta property=\"og:url\" content=\"https:\/\/lasentinelle.dz\/index.php\/2026\/04\/29\/attaf-recoit-son-homologue-polonais-vers-lactivation-de-la-commission-intergouvernementale-mixte\/\" \/>\n<meta property=\"og:site_name\" content=\"La Sentinelle\" \/>\n<meta property=\"article:publisher\" content=\"https:\/\/www.facebook.com\/La-Sentinelle-104059864394773\" \/>\n<meta property=\"article:published_time\" content=\"2026-04-29T17:55:58+00:00\" \/>\n<meta property=\"article:modified_time\" content=\"2026-05-01T18:12:28+00:00\" \/>\n<meta name=\"author\" content=\"admin\" \/>\n<meta name=\"twitter:card\" content=\"summary_large_image\" \/>\n<meta name=\"twitter:label1\" content=\"\u00c9crit par\" \/>\n\t<meta name=\"twitter:data1\" content=\"admin\" \/>\n\t<meta name=\"twitter:label2\" content=\"Dur\u00e9e de lecture estim\u00e9e\" \/>\n\t<meta name=\"twitter:data2\" content=\"2 minutes\" \/>\n<script type=\"application\/ld+json\" class=\"yoast-schema-graph\">{\"@context\":\"https:\\\/\\\/schema.org\",\"@graph\":[{\"@type\":\"Article\",\"@id\":\"https:\\\/\\\/lasentinelle.dz\\\/index.php\\\/2026\\\/04\\\/29\\\/attaf-recoit-son-homologue-polonais-vers-lactivation-de-la-commission-intergouvernementale-mixte\\\/#article\",\"isPartOf\":{\"@id\":\"https:\\\/\\\/lasentinelle.dz\\\/index.php\\\/2026\\\/04\\\/29\\\/attaf-recoit-son-homologue-polonais-vers-lactivation-de-la-commission-intergouvernementale-mixte\\\/\"},\"author\":{\"name\":\"admin\",\"@id\":\"https:\\\/\\\/lasentinelle.dz\\\/#\\\/schema\\\/person\\\/729ee0024f24e0b8c5ec17232f8e8b41\"},\"headline\":\"Attaf re\u00e7oit son homologue polonais\u00a0: Vers l&rsquo;activation de la commission intergouvernementale mixte\",\"datePublished\":\"2026-04-29T17:55:58+00:00\",\"dateModified\":\"2026-05-01T18:12:28+00:00\",\"mainEntityOfPage\":{\"@id\":\"https:\\\/\\\/lasentinelle.dz\\\/index.php\\\/2026\\\/04\\\/29\\\/attaf-recoit-son-homologue-polonais-vers-lactivation-de-la-commission-intergouvernementale-mixte\\\/\"},\"wordCount\":342,\"commentCount\":0,\"publisher\":{\"@id\":\"https:\\\/\\\/lasentinelle.dz\\\/#organization\"},\"articleSection\":[\"Actualit\u00e9\"],\"inLanguage\":\"fr-FR\",\"potentialAction\":[{\"@type\":\"CommentAction\",\"name\":\"Comment\",\"target\":[\"https:\\\/\\\/lasentinelle.dz\\\/index.php\\\/2026\\\/04\\\/29\\\/attaf-recoit-son-homologue-polonais-vers-lactivation-de-la-commission-intergouvernementale-mixte\\\/#respond\"]}]},{\"@type\":\"WebPage\",\"@id\":\"https:\\\/\\\/lasentinelle.dz\\\/index.php\\\/2026\\\/04\\\/29\\\/attaf-recoit-son-homologue-polonais-vers-lactivation-de-la-commission-intergouvernementale-mixte\\\/\",\"url\":\"https:\\\/\\\/lasentinelle.dz\\\/index.php\\\/2026\\\/04\\\/29\\\/attaf-recoit-son-homologue-polonais-vers-lactivation-de-la-commission-intergouvernementale-mixte\\\/\",\"name\":\"Attaf re\u00e7oit son homologue polonais\u00a0: Vers l&rsquo;activation de la commission intergouvernementale mixte - La Sentinelle\",\"isPartOf\":{\"@id\":\"https:\\\/\\\/lasentinelle.dz\\\/#website\"},\"datePublished\":\"2026-04-29T17:55:58+00:00\",\"dateModified\":\"2026-05-01T18:12:28+00:00\",\"breadcrumb\":{\"@id\":\"https:\\\/\\\/lasentinelle.dz\\\/index.php\\\/2026\\\/04\\\/29\\\/attaf-recoit-son-homologue-polonais-vers-lactivation-de-la-commission-intergouvernementale-mixte\\\/#breadcrumb\"},\"inLanguage\":\"fr-FR\",\"potentialAction\":[{\"@type\":\"ReadAction\",\"target\":[\"https:\\\/\\\/lasentinelle.dz\\\/index.php\\\/2026\\\/04\\\/29\\\/attaf-recoit-son-homologue-polonais-vers-lactivation-de-la-commission-intergouvernementale-mixte\\\/\"]}]},{\"@type\":\"BreadcrumbList\",\"@id\":\"https:\\\/\\\/lasentinelle.dz\\\/index.php\\\/2026\\\/04\\\/29\\\/attaf-recoit-son-homologue-polonais-vers-lactivation-de-la-commission-intergouvernementale-mixte\\\/#breadcrumb\",\"itemListElement\":[{\"@type\":\"ListItem\",\"position\":1,\"name\":\"Accueil\",\"item\":\"https:\\\/\\\/lasentinelle.dz\\\/\"},{\"@type\":\"ListItem\",\"position\":2,\"name\":\"Attaf re\u00e7oit son homologue polonais\u00a0: Vers l&rsquo;activation de la commission intergouvernementale mixte\"}]},{\"@type\":\"WebSite\",\"@id\":\"https:\\\/\\\/lasentinelle.dz\\\/#website\",\"url\":\"https:\\\/\\\/lasentinelle.dz\\\/\",\"name\":\"La Sentinelle\",\"description\":\"Quotidien national d&#039;information\",\"publisher\":{\"@id\":\"https:\\\/\\\/lasentinelle.dz\\\/#organization\"},\"potentialAction\":[{\"@type\":\"SearchAction\",\"target\":{\"@type\":\"EntryPoint\",\"urlTemplate\":\"https:\\\/\\\/lasentinelle.dz\\\/?s={search_term_string}\"},\"query-input\":{\"@type\":\"PropertyValueSpecification\",\"valueRequired\":true,\"valueName\":\"search_term_string\"}}],\"inLanguage\":\"fr-FR\"},{\"@type\":\"Organization\",\"@id\":\"https:\\\/\\\/lasentinelle.dz\\\/#organization\",\"name\":\"Quotidien La Sentinelle\",\"url\":\"https:\\\/\\\/lasentinelle.dz\\\/\",\"logo\":{\"@type\":\"ImageObject\",\"inLanguage\":\"fr-FR\",\"@id\":\"https:\\\/\\\/lasentinelle.dz\\\/#\\\/schema\\\/logo\\\/image\\\/\",\"url\":\"https:\\\/\\\/lasentinelle.dz\\\/wp-content\\\/uploads\\\/2021\\\/09\\\/logo-sentinelleSLOGAN-1.png\",\"contentUrl\":\"https:\\\/\\\/lasentinelle.dz\\\/wp-content\\\/uploads\\\/2021\\\/09\\\/logo-sentinelleSLOGAN-1.png\",\"width\":615,\"height\":142,\"caption\":\"Quotidien La Sentinelle\"},\"image\":{\"@id\":\"https:\\\/\\\/lasentinelle.dz\\\/#\\\/schema\\\/logo\\\/image\\\/\"},\"sameAs\":[\"https:\\\/\\\/www.facebook.com\\\/La-Sentinelle-104059864394773\"]},{\"@type\":\"Person\",\"@id\":\"https:\\\/\\\/lasentinelle.dz\\\/#\\\/schema\\\/person\\\/729ee0024f24e0b8c5ec17232f8e8b41\",\"name\":\"admin\",\"image\":{\"@type\":\"ImageObject\",\"inLanguage\":\"fr-FR\",\"@id\":\"https:\\\/\\\/secure.gravatar.com\\\/avatar\\\/4c81fed838786e9b53f540bf46533e750f5d292099ae3b66cfc6fb1982e29df7?s=96&d=mm&r=g\",\"url\":\"https:\\\/\\\/secure.gravatar.com\\\/avatar\\\/4c81fed838786e9b53f540bf46533e750f5d292099ae3b66cfc6fb1982e29df7?s=96&d=mm&r=g\",\"contentUrl\":\"https:\\\/\\\/secure.gravatar.com\\\/avatar\\\/4c81fed838786e9b53f540bf46533e750f5d292099ae3b66cfc6fb1982e29df7?s=96&d=mm&r=g\",\"caption\":\"admin\"},\"description\":\"admin\",\"url\":\"https:\\\/\\\/lasentinelle.dz\\\/author\\\/admin\\\/\"}]}<\/script>\n<!-- \/ Yoast SEO plugin. -->","yoast_head_json":{"title":"Attaf re\u00e7oit son homologue polonais\u00a0: Vers l&rsquo;activation de la commission intergouvernementale mixte - La Sentinelle","robots":{"index":"index","follow":"follow","max-snippet":"max-snippet:-1","max-image-preview":"max-image-preview:large","max-video-preview":"max-video-preview:-1"},"canonical":"https:\/\/lasentinelle.dz\/index.php\/2026\/04\/29\/attaf-recoit-son-homologue-polonais-vers-lactivation-de-la-commission-intergouvernementale-mixte\/","og_locale":"fr_FR","og_type":"article","og_title":"Attaf re\u00e7oit son homologue polonais\u00a0: Vers l&rsquo;activation de la commission intergouvernementale mixte - La Sentinelle","og_description":"Le ministre d&rsquo;Etat, ministre des Affaires \u00e9trang\u00e8res, de la Communaut\u00e9 nationale \u00e0 l&rsquo;\u00e9tranger et des Affaires africaines, M. Ahmed Attaf,","og_url":"https:\/\/lasentinelle.dz\/index.php\/2026\/04\/29\/attaf-recoit-son-homologue-polonais-vers-lactivation-de-la-commission-intergouvernementale-mixte\/","og_site_name":"La Sentinelle","article_publisher":"https:\/\/www.facebook.com\/La-Sentinelle-104059864394773","article_published_time":"2026-04-29T17:55:58+00:00","article_modified_time":"2026-05-01T18:12:28+00:00","author":"admin","twitter_card":"summary_large_image","twitter_misc":{"\u00c9crit par":"admin","Dur\u00e9e de lecture estim\u00e9e":"2 minutes"},"schema":{"@context":"https:\/\/schema.org","@graph":[{"@type":"Article","@id":"https:\/\/lasentinelle.dz\/index.php\/2026\/04\/29\/attaf-recoit-son-homologue-polonais-vers-lactivation-de-la-commission-intergouvernementale-mixte\/#article","isPartOf":{"@id":"https:\/\/lasentinelle.dz\/index.php\/2026\/04\/29\/attaf-recoit-son-homologue-polonais-vers-lactivation-de-la-commission-intergouvernementale-mixte\/"},"author":{"name":"admin","@id":"https:\/\/lasentinelle.dz\/#\/schema\/person\/729ee0024f24e0b8c5ec17232f8e8b41"},"headline":"Attaf re\u00e7oit son homologue polonais\u00a0: Vers l&rsquo;activation de la commission intergouvernementale mixte","datePublished":"2026-04-29T17:55:58+00:00","dateModified":"2026-05-01T18:12:28+00:00","mainEntityOfPage":{"@id":"https:\/\/lasentinelle.dz\/index.php\/2026\/04\/29\/attaf-recoit-son-homologue-polonais-vers-lactivation-de-la-commission-intergouvernementale-mixte\/"},"wordCount":342,"commentCount":0,"publisher":{"@id":"https:\/\/lasentinelle.dz\/#organization"},"articleSection":["Actualit\u00e9"],"inLanguage":"fr-FR","potentialAction":[{"@type":"CommentAction","name":"Comment","target":["https:\/\/lasentinelle.dz\/index.php\/2026\/04\/29\/attaf-recoit-son-homologue-polonais-vers-lactivation-de-la-commission-intergouvernementale-mixte\/#respond"]}]},{"@type":"WebPage","@id":"https:\/\/lasentinelle.dz\/index.php\/2026\/04\/29\/attaf-recoit-son-homologue-polonais-vers-lactivation-de-la-commission-intergouvernementale-mixte\/","url":"https:\/\/lasentinelle.dz\/index.php\/2026\/04\/29\/attaf-recoit-son-homologue-polonais-vers-lactivation-de-la-commission-intergouvernementale-mixte\/","name":"Attaf re\u00e7oit son homologue polonais\u00a0: Vers l&rsquo;activation de la commission intergouvernementale mixte - La Sentinelle","isPartOf":{"@id":"https:\/\/lasentinelle.dz\/#website"},"datePublished":"2026-04-29T17:55:58+00:00","dateModified":"2026-05-01T18:12:28+00:00","breadcrumb":{"@id":"https:\/\/lasentinelle.dz\/index.php\/2026\/04\/29\/attaf-recoit-son-homologue-polonais-vers-lactivation-de-la-commission-intergouvernementale-mixte\/#breadcrumb"},"inLanguage":"fr-FR","potentialAction":[{"@type":"ReadAction","target":["https:\/\/lasentinelle.dz\/index.php\/2026\/04\/29\/attaf-recoit-son-homologue-polonais-vers-lactivation-de-la-commission-intergouvernementale-mixte\/"]}]},{"@type":"BreadcrumbList","@id":"https:\/\/lasentinelle.dz\/index.php\/2026\/04\/29\/attaf-recoit-son-homologue-polonais-vers-lactivation-de-la-commission-intergouvernementale-mixte\/#breadcrumb","itemListElement":[{"@type":"ListItem","position":1,"name":"Accueil","item":"https:\/\/lasentinelle.dz\/"},{"@type":"ListItem","position":2,"name":"Attaf re\u00e7oit son homologue polonais\u00a0: Vers l&rsquo;activation de la commission intergouvernementale mixte"}]},{"@type":"WebSite","@id":"https:\/\/lasentinelle.dz\/#website","url":"https:\/\/lasentinelle.dz\/","name":"La Sentinelle","description":"Quotidien national d&#039;information","publisher":{"@id":"https:\/\/lasentinelle.dz\/#organization"},"potentialAction":[{"@type":"SearchAction","target":{"@type":"EntryPoint","urlTemplate":"https:\/\/lasentinelle.dz\/?s={search_term_string}"},"query-input":{"@type":"PropertyValueSpecification","valueRequired":true,"valueName":"search_term_string"}}],"inLanguage":"fr-FR"},{"@type":"Organization","@id":"https:\/\/lasentinelle.dz\/#organization","name":"Quotidien La Sentinelle","url":"https:\/\/lasentinelle.dz\/","logo":{"@type":"ImageObject","inLanguage":"fr-FR","@id":"https:\/\/lasentinelle.dz\/#\/schema\/logo\/image\/","url":"https:\/\/lasentinelle.dz\/wp-content\/uploads\/2021\/09\/logo-sentinelleSLOGAN-1.png","contentUrl":"https:\/\/lasentinelle.dz\/wp-content\/uploads\/2021\/09\/logo-sentinelleSLOGAN-1.png","width":615,"height":142,"caption":"Quotidien La Sentinelle"},"image":{"@id":"https:\/\/lasentinelle.dz\/#\/schema\/logo\/image\/"},"sameAs":["https:\/\/www.facebook.com\/La-Sentinelle-104059864394773"]},{"@type":"Person","@id":"https:\/\/lasentinelle.dz\/#\/schema\/person\/729ee0024f24e0b8c5ec17232f8e8b41","name":"admin","image":{"@type":"ImageObject","inLanguage":"fr-FR","@id":"https:\/\/secure.gravatar.com\/avatar\/4c81fed838786e9b53f540bf46533e750f5d292099ae3b66cfc6fb1982e29df7?s=96&d=mm&r=g","url":"https:\/\/secure.gravatar.com\/avatar\/4c81fed838786e9b53f540bf46533e750f5d292099ae3b66cfc6fb1982e29df7?s=96&d=mm&r=g","contentUrl":"https:\/\/secure.gravatar.com\/avatar\/4c81fed838786e9b53f540bf46533e750f5d292099ae3b66cfc6fb1982e29df7?s=96&d=mm&r=g","caption":"admin"},"description":"admin","url":"https:\/\/lasentinelle.dz\/author\/admin\/"}]}},"_links":{"self":[{"href":"https:\/\/lasentinelle.dz\/index.php\/wp-json\/wp\/v2\/posts\/86776","targetHints":{"allow":["GET"]}}],"collection":[{"href":"https:\/\/lasentinelle.dz\/index.php\/wp-json\/wp\/v2\/posts"}],"about":[{"href":"https:\/\/lasentinelle.dz\/index.php\/wp-json\/wp\/v2\/types\/post"}],"author":[{"embeddable":true,"href":"https:\/\/lasentinelle.dz\/index.php\/wp-json\/wp\/v2\/users\/6"}],"replies":[{"embeddable":true,"href":"https:\/\/lasentinelle.dz\/index.php\/wp-json\/wp\/v2\/comments?post=86776"}],"version-history":[{"count":2,"href":"https:\/\/lasentinelle.dz\/index.php\/wp-json\/wp\/v2\/posts\/86776\/revisions"}],"predecessor-version":[{"id":86778,"href":"https:\/\/lasentinelle.dz\/index.php\/wp-json\/wp\/v2\/posts\/86776\/revisions\/86778"}],"wp:attachment":[{"href":"https:\/\/lasentinelle.dz\/index.php\/wp-json\/wp\/v2\/media?parent=86776"}],"wp:term":[{"taxonomy":"category","embeddable":true,"href":"https:\/\/lasentinelle.dz\/index.php\/wp-json\/wp\/v2\/categories?post=86776"},{"taxonomy":"post_tag","embeddable":true,"href":"https:\/\/lasentinelle.dz\/index.php\/wp-json\/wp\/v2\/tags?post=86776"}],"curies":[{"name":"wp","href":"https:\/\/api.w.org\/{rel}","templated":true}]}}