{"id":86779,"date":"2026-04-29T18:56:50","date_gmt":"2026-04-29T17:56:50","guid":{"rendered":"https:\/\/lasentinelle.dz\/?p=86779"},"modified":"2026-05-01T18:57:31","modified_gmt":"2026-05-01T17:57:31","slug":"lutte-contre-la-corruption-des-politiques-evaluees-a-laune-du-developpement-durable","status":"publish","type":"post","link":"https:\/\/lasentinelle.dz\/index.php\/2026\/04\/29\/lutte-contre-la-corruption-des-politiques-evaluees-a-laune-du-developpement-durable\/","title":{"rendered":"Lutte contre la corruption\u00a0: Des politiques \u00e9valu\u00e9es \u00e0 l&rsquo;aune du d\u00e9veloppement durable"},"content":{"rendered":"\n<p>El-Oued a accueilli mercredi matin le coup d&rsquo;envoi de la 28e \u00e9dition du colloque international sur l&rsquo;\u00e9valuation des politiques de lutte contre la corruption, organis\u00e9 \u00e0 l&rsquo;Universit\u00e9 Chahid Hamah Lakhdar. Un \u00e9v\u00e9nement scientifique de premier plan, pr\u00e9sid\u00e9 par Salima Mousserati, pr\u00e9sidente de la Haute Autorit\u00e9 pour la transparence, la pr\u00e9vention et la lutte contre la corruption (HATPLC), en pr\u00e9sence du wali de la wilaya Larbi Bahloul et du recteur de l&rsquo;universit\u00e9 Omar Farhatit. L&rsquo;\u00e9dition de cette ann\u00e9e porte un intitul\u00e9 r\u00e9v\u00e9lateur : \u00ab \u00c9valuation des politiques de lutte contre la corruption sous le prisme des objectifs de d\u00e9veloppement durable \u2014 l&rsquo;ODD 16 en mod\u00e8le \u00bb. Le choix de cet angle n&rsquo;est pas anodin. En ancrant le d\u00e9bat sur la corruption dans le cadre de l&rsquo;ODD 16 \u2014 l&rsquo;objectif onusien qui lie paix, justice et institutions efficaces \u2014, l&rsquo;Alg\u00e9rie s&rsquo;inscrit dans un mouvement global qui refuse de traiter la corruption comme un simple probl\u00e8me de d\u00e9linquance administrative. C&rsquo;est une question de gouvernance, et donc de d\u00e9veloppement. C&rsquo;est pr\u00e9cis\u00e9ment ce que Salima Mousserati a voulu poser d&#8217;embl\u00e9e. Pour la pr\u00e9sidente de la Haute Autorit\u00e9, la corruption n&rsquo;est pas \u00ab un simple comportement d\u00e9viant ou une infraction juridique passag\u00e8re \u00bb, mais \u00ab un ph\u00e9nom\u00e8ne complexe et une menace structurelle qui touche aux fondements de l&rsquo;\u00c9tat moderne et en sape les piliers \u00bb. Ses effets, a-t-elle pr\u00e9cis\u00e9, ne se limitent pas \u00e0 la violation des r\u00e8gles : ils atteignent \u00ab la relation entre le citoyen et ses institutions, entra\u00eenant une \u00e9rosion de la confiance, avec des r\u00e9percussions graves sur la gouvernance et l&rsquo;efficacit\u00e9 des politiques publiques \u00bb.<\/p>\n\n\n\n<p>Le constat est s\u00e9v\u00e8re. Mais il s&rsquo;accompagne d&rsquo;une m\u00e9thode. Mousserati a insist\u00e9 sur la n\u00e9cessit\u00e9 d&rsquo;adopter \u00ab une strat\u00e9gie nationale globale et int\u00e9gr\u00e9e, formant un cadre de r\u00e9f\u00e9rence unifi\u00e9 et une feuille de route claire, qui engage les diff\u00e9rents acteurs publics et \u00e9conomiques ainsi que l&rsquo;ensemble des composantes de la soci\u00e9t\u00e9 \u00e0 coordonner leurs efforts \u00bb. En clair : fini les initiatives dispers\u00e9es, place \u00e0 une architecture coh\u00e9rente.<\/p>\n\n\n\n<p>Ce colloque n&rsquo;est pas une r\u00e9union ordinaire. Mousserati l&rsquo;a pr\u00e9sent\u00e9 comme \u00ab une \u00e9tape fondamentale pour formuler une vision d&rsquo;avenir int\u00e9gr\u00e9e \u00bb, en pr\u00e9ambule \u00e0 la pr\u00e9paration de la deuxi\u00e8me version de la Strat\u00e9gie nationale pour la transparence. La premi\u00e8re \u2014 dont ce rendez-vous est cens\u00e9 dresser le bilan \u2014 avait \u00e9t\u00e9 lanc\u00e9e il y a plusieurs ann\u00e9es. La prochaine devra, selon elle, reposer sur \u00ab des bases plus efficaces et innovantes \u00bb, nourries par les conclusions des participants et par les exp\u00e9riences internationales compar\u00e9es.<\/p>\n\n\n\n<p>L&rsquo;universit\u00e9, justement, est au c\u0153ur du dispositif. Le recteur de l\u2019universit\u00e9 d\u2019El Oued l&rsquo;a dit sans d\u00e9tour : \u00ab \u00c9valuer les politiques de transparence aujourd&rsquo;hui au sein de l&rsquo;universit\u00e9 est un indicateur positif du travail accompli et une pr\u00e9paration m\u00e9thodique pour la deuxi\u00e8me phase. \u00bb C&rsquo;est que la Haute Autorit\u00e9 a conclu une convention avec le minist\u00e8re de l&rsquo;Enseignement sup\u00e9rieur et de la Recherche scientifique, visant \u00e0 faire de la recherche acad\u00e9mique \u00ab un levier essentiel au service des politiques publiques \u00bb. C&rsquo;est dans cette m\u00eame universit\u00e9 qu&rsquo;avait \u00e9t\u00e9 organis\u00e9, en 2023, le premier colloque national de la Haute Autorit\u00e9 \u2014 un engagement tenu.<\/p>\n\n\n\n<p>Autour de la table ou en visioconf\u00e9rence, des docteurs, experts internationaux, repr\u00e9sentants de secteurs minist\u00e9riels, d&rsquo;institutions constitutionnelles et d&rsquo;autorit\u00e9s locales civiles et militaires ont assist\u00e9 \u00e0 l&rsquo;ouverture, aux c\u00f4t\u00e9s d&rsquo;une large repr\u00e9sentation universitaire \u2014 enseignants et \u00e9tudiants confondus. Le signal est politique autant que scientifique : la lutte contre la corruption est un chantier collectif, pas l&rsquo;affaire d&rsquo;une seule institution.<\/p>\n\n\n\n<p>Malik Meziane<\/p>\n","protected":false},"excerpt":{"rendered":"<p>El-Oued a accueilli mercredi matin le coup d&rsquo;envoi de la 28e \u00e9dition du colloque international sur l&rsquo;\u00e9valuation des politiques de<\/p>\n","protected":false},"author":6,"featured_media":85641,"comment_status":"open","ping_status":"closed","sticky":false,"template":"","format":"standard","meta":{"colormag_page_container_layout":"default_layout","colormag_page_sidebar_layout":"default_layout","om_disable_all_campaigns":false,"_monsterinsights_skip_tracking":false,"_monsterinsights_sitenote_active":false,"_monsterinsights_sitenote_note":"","_monsterinsights_sitenote_category":0,"footnotes":"","_wpscppro_dont_share_socialmedia":false,"_wpscppro_custom_social_share_image":0,"_facebook_share_type":"default","_twitter_share_type":"default","_linkedin_share_type":"default","_pinterest_share_type":"default","_linkedin_share_type_page":"","_instagram_share_type":"default","_medium_share_type":"default","_threads_share_type":"default","_google_business_share_type":"default","_selected_social_profile":[],"_wpsp_enable_custom_social_template":false,"_wpsp_social_scheduling":{"enabled":false,"datetime":null,"platforms":[],"status":"template_only","dateOption":"today","timeOption":"now","customDays":"","customHours":"","customDate":"","customTime":"","schedulingType":"absolute"},"_wpsp_active_default_template":true},"categories":[27],"tags":[],"class_list":["post-86779","post","type-post","status-publish","format-standard","has-post-thumbnail","hentry","category-actualite"],"aioseo_notices":[],"yoast_head":"<!-- This site is optimized with the Yoast SEO plugin v27.5 - https:\/\/yoast.com\/product\/yoast-seo-wordpress\/ -->\n<title>Lutte contre la corruption\u00a0: Des politiques \u00e9valu\u00e9es \u00e0 l&rsquo;aune du d\u00e9veloppement durable - La Sentinelle<\/title>\n<meta name=\"robots\" content=\"index, follow, max-snippet:-1, max-image-preview:large, max-video-preview:-1\" \/>\n<link rel=\"canonical\" href=\"https:\/\/lasentinelle.dz\/index.php\/2026\/04\/29\/lutte-contre-la-corruption-des-politiques-evaluees-a-laune-du-developpement-durable\/\" \/>\n<meta property=\"og:locale\" content=\"fr_FR\" \/>\n<meta property=\"og:type\" content=\"article\" \/>\n<meta property=\"og:title\" content=\"Lutte contre la corruption\u00a0: Des politiques \u00e9valu\u00e9es \u00e0 l&rsquo;aune du d\u00e9veloppement durable - La Sentinelle\" \/>\n<meta property=\"og:description\" content=\"El-Oued a accueilli mercredi matin le coup d&rsquo;envoi de la 28e \u00e9dition du colloque international sur l&rsquo;\u00e9valuation des politiques de\" \/>\n<meta property=\"og:url\" content=\"https:\/\/lasentinelle.dz\/index.php\/2026\/04\/29\/lutte-contre-la-corruption-des-politiques-evaluees-a-laune-du-developpement-durable\/\" \/>\n<meta property=\"og:site_name\" content=\"La Sentinelle\" \/>\n<meta property=\"article:publisher\" content=\"https:\/\/www.facebook.com\/La-Sentinelle-104059864394773\" \/>\n<meta property=\"article:published_time\" content=\"2026-04-29T17:56:50+00:00\" \/>\n<meta property=\"article:modified_time\" content=\"2026-05-01T17:57:31+00:00\" \/>\n<meta property=\"og:image\" content=\"https:\/\/lasentinelle.dz\/wp-content\/uploads\/2026\/04\/mousserati.jpg\" \/>\n\t<meta property=\"og:image:width\" content=\"1440\" \/>\n\t<meta property=\"og:image:height\" content=\"960\" \/>\n\t<meta property=\"og:image:type\" content=\"image\/jpeg\" \/>\n<meta name=\"author\" content=\"admin\" \/>\n<meta name=\"twitter:card\" content=\"summary_large_image\" \/>\n<meta name=\"twitter:label1\" content=\"\u00c9crit par\" \/>\n\t<meta name=\"twitter:data1\" content=\"admin\" \/>\n\t<meta name=\"twitter:label2\" content=\"Dur\u00e9e de lecture estim\u00e9e\" \/>\n\t<meta name=\"twitter:data2\" content=\"4 minutes\" \/>\n<script type=\"application\/ld+json\" class=\"yoast-schema-graph\">{\"@context\":\"https:\\\/\\\/schema.org\",\"@graph\":[{\"@type\":\"Article\",\"@id\":\"https:\\\/\\\/lasentinelle.dz\\\/index.php\\\/2026\\\/04\\\/29\\\/lutte-contre-la-corruption-des-politiques-evaluees-a-laune-du-developpement-durable\\\/#article\",\"isPartOf\":{\"@id\":\"https:\\\/\\\/lasentinelle.dz\\\/index.php\\\/2026\\\/04\\\/29\\\/lutte-contre-la-corruption-des-politiques-evaluees-a-laune-du-developpement-durable\\\/\"},\"author\":{\"name\":\"admin\",\"@id\":\"https:\\\/\\\/lasentinelle.dz\\\/#\\\/schema\\\/person\\\/729ee0024f24e0b8c5ec17232f8e8b41\"},\"headline\":\"Lutte contre la corruption\u00a0: Des politiques \u00e9valu\u00e9es \u00e0 l&rsquo;aune du d\u00e9veloppement durable\",\"datePublished\":\"2026-04-29T17:56:50+00:00\",\"dateModified\":\"2026-05-01T17:57:31+00:00\",\"mainEntityOfPage\":{\"@id\":\"https:\\\/\\\/lasentinelle.dz\\\/index.php\\\/2026\\\/04\\\/29\\\/lutte-contre-la-corruption-des-politiques-evaluees-a-laune-du-developpement-durable\\\/\"},\"wordCount\":666,\"commentCount\":0,\"publisher\":{\"@id\":\"https:\\\/\\\/lasentinelle.dz\\\/#organization\"},\"image\":{\"@id\":\"https:\\\/\\\/lasentinelle.dz\\\/index.php\\\/2026\\\/04\\\/29\\\/lutte-contre-la-corruption-des-politiques-evaluees-a-laune-du-developpement-durable\\\/#primaryimage\"},\"thumbnailUrl\":\"https:\\\/\\\/lasentinelle.dz\\\/wp-content\\\/uploads\\\/2026\\\/04\\\/mousserati.jpg\",\"articleSection\":[\"Actualit\u00e9\"],\"inLanguage\":\"fr-FR\",\"potentialAction\":[{\"@type\":\"CommentAction\",\"name\":\"Comment\",\"target\":[\"https:\\\/\\\/lasentinelle.dz\\\/index.php\\\/2026\\\/04\\\/29\\\/lutte-contre-la-corruption-des-politiques-evaluees-a-laune-du-developpement-durable\\\/#respond\"]}]},{\"@type\":\"WebPage\",\"@id\":\"https:\\\/\\\/lasentinelle.dz\\\/index.php\\\/2026\\\/04\\\/29\\\/lutte-contre-la-corruption-des-politiques-evaluees-a-laune-du-developpement-durable\\\/\",\"url\":\"https:\\\/\\\/lasentinelle.dz\\\/index.php\\\/2026\\\/04\\\/29\\\/lutte-contre-la-corruption-des-politiques-evaluees-a-laune-du-developpement-durable\\\/\",\"name\":\"Lutte contre la corruption\u00a0: Des politiques \u00e9valu\u00e9es \u00e0 l&rsquo;aune du d\u00e9veloppement durable - La Sentinelle\",\"isPartOf\":{\"@id\":\"https:\\\/\\\/lasentinelle.dz\\\/#website\"},\"primaryImageOfPage\":{\"@id\":\"https:\\\/\\\/lasentinelle.dz\\\/index.php\\\/2026\\\/04\\\/29\\\/lutte-contre-la-corruption-des-politiques-evaluees-a-laune-du-developpement-durable\\\/#primaryimage\"},\"image\":{\"@id\":\"https:\\\/\\\/lasentinelle.dz\\\/index.php\\\/2026\\\/04\\\/29\\\/lutte-contre-la-corruption-des-politiques-evaluees-a-laune-du-developpement-durable\\\/#primaryimage\"},\"thumbnailUrl\":\"https:\\\/\\\/lasentinelle.dz\\\/wp-content\\\/uploads\\\/2026\\\/04\\\/mousserati.jpg\",\"datePublished\":\"2026-04-29T17:56:50+00:00\",\"dateModified\":\"2026-05-01T17:57:31+00:00\",\"breadcrumb\":{\"@id\":\"https:\\\/\\\/lasentinelle.dz\\\/index.php\\\/2026\\\/04\\\/29\\\/lutte-contre-la-corruption-des-politiques-evaluees-a-laune-du-developpement-durable\\\/#breadcrumb\"},\"inLanguage\":\"fr-FR\",\"potentialAction\":[{\"@type\":\"ReadAction\",\"target\":[\"https:\\\/\\\/lasentinelle.dz\\\/index.php\\\/2026\\\/04\\\/29\\\/lutte-contre-la-corruption-des-politiques-evaluees-a-laune-du-developpement-durable\\\/\"]}]},{\"@type\":\"ImageObject\",\"inLanguage\":\"fr-FR\",\"@id\":\"https:\\\/\\\/lasentinelle.dz\\\/index.php\\\/2026\\\/04\\\/29\\\/lutte-contre-la-corruption-des-politiques-evaluees-a-laune-du-developpement-durable\\\/#primaryimage\",\"url\":\"https:\\\/\\\/lasentinelle.dz\\\/wp-content\\\/uploads\\\/2026\\\/04\\\/mousserati.jpg\",\"contentUrl\":\"https:\\\/\\\/lasentinelle.dz\\\/wp-content\\\/uploads\\\/2026\\\/04\\\/mousserati.jpg\",\"width\":1440,\"height\":960},{\"@type\":\"BreadcrumbList\",\"@id\":\"https:\\\/\\\/lasentinelle.dz\\\/index.php\\\/2026\\\/04\\\/29\\\/lutte-contre-la-corruption-des-politiques-evaluees-a-laune-du-developpement-durable\\\/#breadcrumb\",\"itemListElement\":[{\"@type\":\"ListItem\",\"position\":1,\"name\":\"Accueil\",\"item\":\"https:\\\/\\\/lasentinelle.dz\\\/\"},{\"@type\":\"ListItem\",\"position\":2,\"name\":\"Lutte contre la corruption\u00a0: Des politiques \u00e9valu\u00e9es \u00e0 l&rsquo;aune du d\u00e9veloppement durable\"}]},{\"@type\":\"WebSite\",\"@id\":\"https:\\\/\\\/lasentinelle.dz\\\/#website\",\"url\":\"https:\\\/\\\/lasentinelle.dz\\\/\",\"name\":\"La Sentinelle\",\"description\":\"Quotidien national d&#039;information\",\"publisher\":{\"@id\":\"https:\\\/\\\/lasentinelle.dz\\\/#organization\"},\"potentialAction\":[{\"@type\":\"SearchAction\",\"target\":{\"@type\":\"EntryPoint\",\"urlTemplate\":\"https:\\\/\\\/lasentinelle.dz\\\/?s={search_term_string}\"},\"query-input\":{\"@type\":\"PropertyValueSpecification\",\"valueRequired\":true,\"valueName\":\"search_term_string\"}}],\"inLanguage\":\"fr-FR\"},{\"@type\":\"Organization\",\"@id\":\"https:\\\/\\\/lasentinelle.dz\\\/#organization\",\"name\":\"Quotidien La Sentinelle\",\"url\":\"https:\\\/\\\/lasentinelle.dz\\\/\",\"logo\":{\"@type\":\"ImageObject\",\"inLanguage\":\"fr-FR\",\"@id\":\"https:\\\/\\\/lasentinelle.dz\\\/#\\\/schema\\\/logo\\\/image\\\/\",\"url\":\"https:\\\/\\\/lasentinelle.dz\\\/wp-content\\\/uploads\\\/2021\\\/09\\\/logo-sentinelleSLOGAN-1.png\",\"contentUrl\":\"https:\\\/\\\/lasentinelle.dz\\\/wp-content\\\/uploads\\\/2021\\\/09\\\/logo-sentinelleSLOGAN-1.png\",\"width\":615,\"height\":142,\"caption\":\"Quotidien La Sentinelle\"},\"image\":{\"@id\":\"https:\\\/\\\/lasentinelle.dz\\\/#\\\/schema\\\/logo\\\/image\\\/\"},\"sameAs\":[\"https:\\\/\\\/www.facebook.com\\\/La-Sentinelle-104059864394773\"]},{\"@type\":\"Person\",\"@id\":\"https:\\\/\\\/lasentinelle.dz\\\/#\\\/schema\\\/person\\\/729ee0024f24e0b8c5ec17232f8e8b41\",\"name\":\"admin\",\"image\":{\"@type\":\"ImageObject\",\"inLanguage\":\"fr-FR\",\"@id\":\"https:\\\/\\\/secure.gravatar.com\\\/avatar\\\/4c81fed838786e9b53f540bf46533e750f5d292099ae3b66cfc6fb1982e29df7?s=96&d=mm&r=g\",\"url\":\"https:\\\/\\\/secure.gravatar.com\\\/avatar\\\/4c81fed838786e9b53f540bf46533e750f5d292099ae3b66cfc6fb1982e29df7?s=96&d=mm&r=g\",\"contentUrl\":\"https:\\\/\\\/secure.gravatar.com\\\/avatar\\\/4c81fed838786e9b53f540bf46533e750f5d292099ae3b66cfc6fb1982e29df7?s=96&d=mm&r=g\",\"caption\":\"admin\"},\"description\":\"admin\",\"url\":\"https:\\\/\\\/lasentinelle.dz\\\/author\\\/admin\\\/\"}]}<\/script>\n<!-- \/ Yoast SEO plugin. -->","yoast_head_json":{"title":"Lutte contre la corruption\u00a0: Des politiques \u00e9valu\u00e9es \u00e0 l&rsquo;aune du d\u00e9veloppement durable - La Sentinelle","robots":{"index":"index","follow":"follow","max-snippet":"max-snippet:-1","max-image-preview":"max-image-preview:large","max-video-preview":"max-video-preview:-1"},"canonical":"https:\/\/lasentinelle.dz\/index.php\/2026\/04\/29\/lutte-contre-la-corruption-des-politiques-evaluees-a-laune-du-developpement-durable\/","og_locale":"fr_FR","og_type":"article","og_title":"Lutte contre la corruption\u00a0: Des politiques \u00e9valu\u00e9es \u00e0 l&rsquo;aune du d\u00e9veloppement durable - La Sentinelle","og_description":"El-Oued a accueilli mercredi matin le coup d&rsquo;envoi de la 28e \u00e9dition du colloque international sur l&rsquo;\u00e9valuation des politiques de","og_url":"https:\/\/lasentinelle.dz\/index.php\/2026\/04\/29\/lutte-contre-la-corruption-des-politiques-evaluees-a-laune-du-developpement-durable\/","og_site_name":"La Sentinelle","article_publisher":"https:\/\/www.facebook.com\/La-Sentinelle-104059864394773","article_published_time":"2026-04-29T17:56:50+00:00","article_modified_time":"2026-05-01T17:57:31+00:00","og_image":[{"width":1440,"height":960,"url":"https:\/\/lasentinelle.dz\/wp-content\/uploads\/2026\/04\/mousserati.jpg","type":"image\/jpeg"}],"author":"admin","twitter_card":"summary_large_image","twitter_misc":{"\u00c9crit par":"admin","Dur\u00e9e de lecture estim\u00e9e":"4 minutes"},"schema":{"@context":"https:\/\/schema.org","@graph":[{"@type":"Article","@id":"https:\/\/lasentinelle.dz\/index.php\/2026\/04\/29\/lutte-contre-la-corruption-des-politiques-evaluees-a-laune-du-developpement-durable\/#article","isPartOf":{"@id":"https:\/\/lasentinelle.dz\/index.php\/2026\/04\/29\/lutte-contre-la-corruption-des-politiques-evaluees-a-laune-du-developpement-durable\/"},"author":{"name":"admin","@id":"https:\/\/lasentinelle.dz\/#\/schema\/person\/729ee0024f24e0b8c5ec17232f8e8b41"},"headline":"Lutte contre la corruption\u00a0: Des politiques \u00e9valu\u00e9es \u00e0 l&rsquo;aune du d\u00e9veloppement durable","datePublished":"2026-04-29T17:56:50+00:00","dateModified":"2026-05-01T17:57:31+00:00","mainEntityOfPage":{"@id":"https:\/\/lasentinelle.dz\/index.php\/2026\/04\/29\/lutte-contre-la-corruption-des-politiques-evaluees-a-laune-du-developpement-durable\/"},"wordCount":666,"commentCount":0,"publisher":{"@id":"https:\/\/lasentinelle.dz\/#organization"},"image":{"@id":"https:\/\/lasentinelle.dz\/index.php\/2026\/04\/29\/lutte-contre-la-corruption-des-politiques-evaluees-a-laune-du-developpement-durable\/#primaryimage"},"thumbnailUrl":"https:\/\/lasentinelle.dz\/wp-content\/uploads\/2026\/04\/mousserati.jpg","articleSection":["Actualit\u00e9"],"inLanguage":"fr-FR","potentialAction":[{"@type":"CommentAction","name":"Comment","target":["https:\/\/lasentinelle.dz\/index.php\/2026\/04\/29\/lutte-contre-la-corruption-des-politiques-evaluees-a-laune-du-developpement-durable\/#respond"]}]},{"@type":"WebPage","@id":"https:\/\/lasentinelle.dz\/index.php\/2026\/04\/29\/lutte-contre-la-corruption-des-politiques-evaluees-a-laune-du-developpement-durable\/","url":"https:\/\/lasentinelle.dz\/index.php\/2026\/04\/29\/lutte-contre-la-corruption-des-politiques-evaluees-a-laune-du-developpement-durable\/","name":"Lutte contre la corruption\u00a0: Des politiques \u00e9valu\u00e9es \u00e0 l&rsquo;aune du d\u00e9veloppement durable - La Sentinelle","isPartOf":{"@id":"https:\/\/lasentinelle.dz\/#website"},"primaryImageOfPage":{"@id":"https:\/\/lasentinelle.dz\/index.php\/2026\/04\/29\/lutte-contre-la-corruption-des-politiques-evaluees-a-laune-du-developpement-durable\/#primaryimage"},"image":{"@id":"https:\/\/lasentinelle.dz\/index.php\/2026\/04\/29\/lutte-contre-la-corruption-des-politiques-evaluees-a-laune-du-developpement-durable\/#primaryimage"},"thumbnailUrl":"https:\/\/lasentinelle.dz\/wp-content\/uploads\/2026\/04\/mousserati.jpg","datePublished":"2026-04-29T17:56:50+00:00","dateModified":"2026-05-01T17:57:31+00:00","breadcrumb":{"@id":"https:\/\/lasentinelle.dz\/index.php\/2026\/04\/29\/lutte-contre-la-corruption-des-politiques-evaluees-a-laune-du-developpement-durable\/#breadcrumb"},"inLanguage":"fr-FR","potentialAction":[{"@type":"ReadAction","target":["https:\/\/lasentinelle.dz\/index.php\/2026\/04\/29\/lutte-contre-la-corruption-des-politiques-evaluees-a-laune-du-developpement-durable\/"]}]},{"@type":"ImageObject","inLanguage":"fr-FR","@id":"https:\/\/lasentinelle.dz\/index.php\/2026\/04\/29\/lutte-contre-la-corruption-des-politiques-evaluees-a-laune-du-developpement-durable\/#primaryimage","url":"https:\/\/lasentinelle.dz\/wp-content\/uploads\/2026\/04\/mousserati.jpg","contentUrl":"https:\/\/lasentinelle.dz\/wp-content\/uploads\/2026\/04\/mousserati.jpg","width":1440,"height":960},{"@type":"BreadcrumbList","@id":"https:\/\/lasentinelle.dz\/index.php\/2026\/04\/29\/lutte-contre-la-corruption-des-politiques-evaluees-a-laune-du-developpement-durable\/#breadcrumb","itemListElement":[{"@type":"ListItem","position":1,"name":"Accueil","item":"https:\/\/lasentinelle.dz\/"},{"@type":"ListItem","position":2,"name":"Lutte contre la corruption\u00a0: Des politiques \u00e9valu\u00e9es \u00e0 l&rsquo;aune du d\u00e9veloppement durable"}]},{"@type":"WebSite","@id":"https:\/\/lasentinelle.dz\/#website","url":"https:\/\/lasentinelle.dz\/","name":"La Sentinelle","description":"Quotidien national d&#039;information","publisher":{"@id":"https:\/\/lasentinelle.dz\/#organization"},"potentialAction":[{"@type":"SearchAction","target":{"@type":"EntryPoint","urlTemplate":"https:\/\/lasentinelle.dz\/?s={search_term_string}"},"query-input":{"@type":"PropertyValueSpecification","valueRequired":true,"valueName":"search_term_string"}}],"inLanguage":"fr-FR"},{"@type":"Organization","@id":"https:\/\/lasentinelle.dz\/#organization","name":"Quotidien La Sentinelle","url":"https:\/\/lasentinelle.dz\/","logo":{"@type":"ImageObject","inLanguage":"fr-FR","@id":"https:\/\/lasentinelle.dz\/#\/schema\/logo\/image\/","url":"https:\/\/lasentinelle.dz\/wp-content\/uploads\/2021\/09\/logo-sentinelleSLOGAN-1.png","contentUrl":"https:\/\/lasentinelle.dz\/wp-content\/uploads\/2021\/09\/logo-sentinelleSLOGAN-1.png","width":615,"height":142,"caption":"Quotidien La Sentinelle"},"image":{"@id":"https:\/\/lasentinelle.dz\/#\/schema\/logo\/image\/"},"sameAs":["https:\/\/www.facebook.com\/La-Sentinelle-104059864394773"]},{"@type":"Person","@id":"https:\/\/lasentinelle.dz\/#\/schema\/person\/729ee0024f24e0b8c5ec17232f8e8b41","name":"admin","image":{"@type":"ImageObject","inLanguage":"fr-FR","@id":"https:\/\/secure.gravatar.com\/avatar\/4c81fed838786e9b53f540bf46533e750f5d292099ae3b66cfc6fb1982e29df7?s=96&d=mm&r=g","url":"https:\/\/secure.gravatar.com\/avatar\/4c81fed838786e9b53f540bf46533e750f5d292099ae3b66cfc6fb1982e29df7?s=96&d=mm&r=g","contentUrl":"https:\/\/secure.gravatar.com\/avatar\/4c81fed838786e9b53f540bf46533e750f5d292099ae3b66cfc6fb1982e29df7?s=96&d=mm&r=g","caption":"admin"},"description":"admin","url":"https:\/\/lasentinelle.dz\/author\/admin\/"}]}},"_links":{"self":[{"href":"https:\/\/lasentinelle.dz\/index.php\/wp-json\/wp\/v2\/posts\/86779","targetHints":{"allow":["GET"]}}],"collection":[{"href":"https:\/\/lasentinelle.dz\/index.php\/wp-json\/wp\/v2\/posts"}],"about":[{"href":"https:\/\/lasentinelle.dz\/index.php\/wp-json\/wp\/v2\/types\/post"}],"author":[{"embeddable":true,"href":"https:\/\/lasentinelle.dz\/index.php\/wp-json\/wp\/v2\/users\/6"}],"replies":[{"embeddable":true,"href":"https:\/\/lasentinelle.dz\/index.php\/wp-json\/wp\/v2\/comments?post=86779"}],"version-history":[{"count":2,"href":"https:\/\/lasentinelle.dz\/index.php\/wp-json\/wp\/v2\/posts\/86779\/revisions"}],"predecessor-version":[{"id":86781,"href":"https:\/\/lasentinelle.dz\/index.php\/wp-json\/wp\/v2\/posts\/86779\/revisions\/86781"}],"wp:featuredmedia":[{"embeddable":true,"href":"https:\/\/lasentinelle.dz\/index.php\/wp-json\/wp\/v2\/media\/85641"}],"wp:attachment":[{"href":"https:\/\/lasentinelle.dz\/index.php\/wp-json\/wp\/v2\/media?parent=86779"}],"wp:term":[{"taxonomy":"category","embeddable":true,"href":"https:\/\/lasentinelle.dz\/index.php\/wp-json\/wp\/v2\/categories?post=86779"},{"taxonomy":"post_tag","embeddable":true,"href":"https:\/\/lasentinelle.dz\/index.php\/wp-json\/wp\/v2\/tags?post=86779"}],"curies":[{"name":"wp","href":"https:\/\/api.w.org\/{rel}","templated":true}]}}