{"id":86782,"date":"2026-04-29T18:57:41","date_gmt":"2026-04-29T17:57:41","guid":{"rendered":"https:\/\/lasentinelle.dz\/?p=86782"},"modified":"2026-05-01T18:58:27","modified_gmt":"2026-05-01T17:58:27","slug":"legislatives-du-2-juillet-boughali-appelle-a-une-forte-mobilisation","status":"publish","type":"post","link":"https:\/\/lasentinelle.dz\/index.php\/2026\/04\/29\/legislatives-du-2-juillet-boughali-appelle-a-une-forte-mobilisation\/","title":{"rendered":"L\u00e9gislatives du 2 juillet\u00a0: Boughali appelle \u00e0 une \u00abforte mobilisation\u00bb"},"content":{"rendered":"\n<p>Brahim Boughali a qualifi\u00e9 ces \u00e9lections de \u00abjalon d\u00e9cisif dans le processus de consolidation de la d\u00e9mocratie\u00bb et de \u00abpari national visant \u00e0 renouveler les \u00e9lites et \u00e0 renforcer l&rsquo;efficacit\u00e9 du travail parlementaire\u00bb. Le pr\u00e9sident de l&rsquo;Assembl\u00e9e populaire nationale a profit\u00e9 ce mercredi de la cl\u00f4ture d&rsquo;une session pl\u00e9ni\u00e8re consacr\u00e9e au vote du projet de loi sur les conditions d&rsquo;exercice des activit\u00e9s commerciales pour appeler \u00e0 \u00abune forte mobilisation&nbsp;\u00bb, lors des \u00e9lections l\u00e9gislatives du 2 juillet prochain, \u00ab&nbsp;afin de r\u00e9ussir ce rendez-vous important, en refl\u00e9tant la volont\u00e9 du peuple \u00e0 choisir librement ses repr\u00e9sentants\u00bb. &nbsp;Brahim Boughali a qualifi\u00e9 ces \u00e9lections de \u00abjalon d\u00e9cisif dans le processus de consolidation de la d\u00e9mocratie\u00bb et de \u00abpari national visant \u00e0 renouveler les \u00e9lites et \u00e0 renforcer l&rsquo;efficacit\u00e9 du travail parlementaire\u00bb. Sur la mandature en cours, il a estim\u00e9 qu&rsquo;elle \u00aba connu des moments historiques qui ont clairement refl\u00e9t\u00e9 la volont\u00e9 politique constante de l&rsquo;\u00c9tat alg\u00e9rien \u00e0 parachever le processus de r\u00e9forme globale de son syst\u00e8me juridique et \u00e9conomique\u00bb. Il a \u00e9galement affirm\u00e9 que \u00abl&rsquo;Alg\u00e9rie avance avec constance vers la construction d&rsquo;une \u00e9conomie transparente, forte et diversifi\u00e9e, qui se prot\u00e8ge des risques et s&rsquo;ouvre sur le monde avec confiance et sur un pied d&rsquo;\u00e9galit\u00e9\u00bb.<\/p>\n\n\n\n<p>\u00c9voquant la sc\u00e8ne internationale, Boughali a cit\u00e9 une \u00abdynamique diplomatique remarquable\u00bb, marqu\u00e9e, entre autres, par la visite du pape L\u00e9on XIV qu&rsquo;il a d\u00e9crite comme \u00abune \u00e9tape marquante, confirmant le rang r\u00e9gional et international de notre pays\u00bb et porteuse de \u00abmessages profonds sur les vertus du dialogue et de la coexistence pacifique\u00bb. Il a ajout\u00e9 que cette visite \u00aba exprim\u00e9 un respect pour les sacrifices du peuple alg\u00e9rien, \u00e0 travers la pri\u00e8re sur les \u00e2mes des martyrs de la r\u00e9volution\u00bb.<\/p>\n\n\n\n<p>Il a par ailleurs salu\u00e9 \u00able r\u00f4le central\u00bb de l&rsquo;ANP, dont les op\u00e9rations refl\u00e8tent selon lui \u00abune haute disponibilit\u00e9\u00bb face aux menaces s\u00e9curitaires, avant de remercier les d\u00e9put\u00e9s pour leur travail \u00abavec d\u00e9vouement et un haut niveau de professionnalisme\u00bb.<\/p>\n\n\n\n<p>Hocine F.<\/p>\n","protected":false},"excerpt":{"rendered":"<p>Brahim Boughali a qualifi\u00e9 ces \u00e9lections de \u00abjalon d\u00e9cisif dans le processus de consolidation de la d\u00e9mocratie\u00bb et de \u00abpari<\/p>\n","protected":false},"author":6,"featured_media":30960,"comment_status":"open","ping_status":"closed","sticky":false,"template":"","format":"standard","meta":{"colormag_page_container_layout":"default_layout","colormag_page_sidebar_layout":"default_layout","om_disable_all_campaigns":false,"_monsterinsights_skip_tracking":false,"_monsterinsights_sitenote_active":false,"_monsterinsights_sitenote_note":"","_monsterinsights_sitenote_category":0,"footnotes":"","_wpscppro_dont_share_socialmedia":false,"_wpscppro_custom_social_share_image":0,"_facebook_share_type":"default","_twitter_share_type":"default","_linkedin_share_type":"default","_pinterest_share_type":"default","_linkedin_share_type_page":"","_instagram_share_type":"default","_medium_share_type":"default","_threads_share_type":"default","_google_business_share_type":"default","_selected_social_profile":[],"_wpsp_enable_custom_social_template":false,"_wpsp_social_scheduling":{"enabled":false,"datetime":null,"platforms":[],"status":"template_only","dateOption":"today","timeOption":"now","customDays":"","customHours":"","customDate":"","customTime":"","schedulingType":"absolute"},"_wpsp_active_default_template":true},"categories":[28],"tags":[],"class_list":["post-86782","post","type-post","status-publish","format-standard","has-post-thumbnail","hentry","category-politique"],"aioseo_notices":[],"yoast_head":"<!-- This site is optimized with the Yoast SEO plugin v27.5 - https:\/\/yoast.com\/product\/yoast-seo-wordpress\/ -->\n<title>L\u00e9gislatives du 2 juillet\u00a0: Boughali appelle \u00e0 une \u00abforte mobilisation\u00bb - La Sentinelle<\/title>\n<meta name=\"robots\" content=\"index, follow, max-snippet:-1, max-image-preview:large, max-video-preview:-1\" \/>\n<link rel=\"canonical\" href=\"https:\/\/lasentinelle.dz\/index.php\/2026\/04\/29\/legislatives-du-2-juillet-boughali-appelle-a-une-forte-mobilisation\/\" \/>\n<meta property=\"og:locale\" content=\"fr_FR\" \/>\n<meta property=\"og:type\" content=\"article\" \/>\n<meta property=\"og:title\" content=\"L\u00e9gislatives du 2 juillet\u00a0: Boughali appelle \u00e0 une \u00abforte mobilisation\u00bb - La Sentinelle\" \/>\n<meta property=\"og:description\" content=\"Brahim Boughali a qualifi\u00e9 ces \u00e9lections de \u00abjalon d\u00e9cisif dans le processus de consolidation de la d\u00e9mocratie\u00bb et de \u00abpari\" \/>\n<meta property=\"og:url\" content=\"https:\/\/lasentinelle.dz\/index.php\/2026\/04\/29\/legislatives-du-2-juillet-boughali-appelle-a-une-forte-mobilisation\/\" \/>\n<meta property=\"og:site_name\" content=\"La Sentinelle\" \/>\n<meta property=\"article:publisher\" content=\"https:\/\/www.facebook.com\/La-Sentinelle-104059864394773\" \/>\n<meta property=\"article:published_time\" content=\"2026-04-29T17:57:41+00:00\" \/>\n<meta property=\"article:modified_time\" content=\"2026-05-01T17:58:27+00:00\" \/>\n<meta property=\"og:image\" content=\"https:\/\/lasentinelle.dz\/wp-content\/uploads\/2022\/11\/Boughali.png\" \/>\n\t<meta property=\"og:image:width\" content=\"1348\" \/>\n\t<meta property=\"og:image:height\" content=\"900\" \/>\n\t<meta property=\"og:image:type\" content=\"image\/png\" \/>\n<meta name=\"author\" content=\"admin\" \/>\n<meta name=\"twitter:card\" content=\"summary_large_image\" \/>\n<meta name=\"twitter:label1\" content=\"\u00c9crit par\" \/>\n\t<meta name=\"twitter:data1\" content=\"admin\" \/>\n\t<meta name=\"twitter:label2\" content=\"Dur\u00e9e de lecture estim\u00e9e\" \/>\n\t<meta name=\"twitter:data2\" content=\"2 minutes\" \/>\n<script type=\"application\/ld+json\" class=\"yoast-schema-graph\">{\"@context\":\"https:\\\/\\\/schema.org\",\"@graph\":[{\"@type\":\"Article\",\"@id\":\"https:\\\/\\\/lasentinelle.dz\\\/index.php\\\/2026\\\/04\\\/29\\\/legislatives-du-2-juillet-boughali-appelle-a-une-forte-mobilisation\\\/#article\",\"isPartOf\":{\"@id\":\"https:\\\/\\\/lasentinelle.dz\\\/index.php\\\/2026\\\/04\\\/29\\\/legislatives-du-2-juillet-boughali-appelle-a-une-forte-mobilisation\\\/\"},\"author\":{\"name\":\"admin\",\"@id\":\"https:\\\/\\\/lasentinelle.dz\\\/#\\\/schema\\\/person\\\/729ee0024f24e0b8c5ec17232f8e8b41\"},\"headline\":\"L\u00e9gislatives du 2 juillet\u00a0: Boughali appelle \u00e0 une \u00abforte mobilisation\u00bb\",\"datePublished\":\"2026-04-29T17:57:41+00:00\",\"dateModified\":\"2026-05-01T17:58:27+00:00\",\"mainEntityOfPage\":{\"@id\":\"https:\\\/\\\/lasentinelle.dz\\\/index.php\\\/2026\\\/04\\\/29\\\/legislatives-du-2-juillet-boughali-appelle-a-une-forte-mobilisation\\\/\"},\"wordCount\":374,\"commentCount\":0,\"publisher\":{\"@id\":\"https:\\\/\\\/lasentinelle.dz\\\/#organization\"},\"image\":{\"@id\":\"https:\\\/\\\/lasentinelle.dz\\\/index.php\\\/2026\\\/04\\\/29\\\/legislatives-du-2-juillet-boughali-appelle-a-une-forte-mobilisation\\\/#primaryimage\"},\"thumbnailUrl\":\"https:\\\/\\\/lasentinelle.dz\\\/wp-content\\\/uploads\\\/2022\\\/11\\\/Boughali.png\",\"articleSection\":[\"Politique\"],\"inLanguage\":\"fr-FR\",\"potentialAction\":[{\"@type\":\"CommentAction\",\"name\":\"Comment\",\"target\":[\"https:\\\/\\\/lasentinelle.dz\\\/index.php\\\/2026\\\/04\\\/29\\\/legislatives-du-2-juillet-boughali-appelle-a-une-forte-mobilisation\\\/#respond\"]}]},{\"@type\":\"WebPage\",\"@id\":\"https:\\\/\\\/lasentinelle.dz\\\/index.php\\\/2026\\\/04\\\/29\\\/legislatives-du-2-juillet-boughali-appelle-a-une-forte-mobilisation\\\/\",\"url\":\"https:\\\/\\\/lasentinelle.dz\\\/index.php\\\/2026\\\/04\\\/29\\\/legislatives-du-2-juillet-boughali-appelle-a-une-forte-mobilisation\\\/\",\"name\":\"L\u00e9gislatives du 2 juillet\u00a0: Boughali appelle \u00e0 une \u00abforte mobilisation\u00bb - La Sentinelle\",\"isPartOf\":{\"@id\":\"https:\\\/\\\/lasentinelle.dz\\\/#website\"},\"primaryImageOfPage\":{\"@id\":\"https:\\\/\\\/lasentinelle.dz\\\/index.php\\\/2026\\\/04\\\/29\\\/legislatives-du-2-juillet-boughali-appelle-a-une-forte-mobilisation\\\/#primaryimage\"},\"image\":{\"@id\":\"https:\\\/\\\/lasentinelle.dz\\\/index.php\\\/2026\\\/04\\\/29\\\/legislatives-du-2-juillet-boughali-appelle-a-une-forte-mobilisation\\\/#primaryimage\"},\"thumbnailUrl\":\"https:\\\/\\\/lasentinelle.dz\\\/wp-content\\\/uploads\\\/2022\\\/11\\\/Boughali.png\",\"datePublished\":\"2026-04-29T17:57:41+00:00\",\"dateModified\":\"2026-05-01T17:58:27+00:00\",\"breadcrumb\":{\"@id\":\"https:\\\/\\\/lasentinelle.dz\\\/index.php\\\/2026\\\/04\\\/29\\\/legislatives-du-2-juillet-boughali-appelle-a-une-forte-mobilisation\\\/#breadcrumb\"},\"inLanguage\":\"fr-FR\",\"potentialAction\":[{\"@type\":\"ReadAction\",\"target\":[\"https:\\\/\\\/lasentinelle.dz\\\/index.php\\\/2026\\\/04\\\/29\\\/legislatives-du-2-juillet-boughali-appelle-a-une-forte-mobilisation\\\/\"]}]},{\"@type\":\"ImageObject\",\"inLanguage\":\"fr-FR\",\"@id\":\"https:\\\/\\\/lasentinelle.dz\\\/index.php\\\/2026\\\/04\\\/29\\\/legislatives-du-2-juillet-boughali-appelle-a-une-forte-mobilisation\\\/#primaryimage\",\"url\":\"https:\\\/\\\/lasentinelle.dz\\\/wp-content\\\/uploads\\\/2022\\\/11\\\/Boughali.png\",\"contentUrl\":\"https:\\\/\\\/lasentinelle.dz\\\/wp-content\\\/uploads\\\/2022\\\/11\\\/Boughali.png\",\"width\":1348,\"height\":900},{\"@type\":\"BreadcrumbList\",\"@id\":\"https:\\\/\\\/lasentinelle.dz\\\/index.php\\\/2026\\\/04\\\/29\\\/legislatives-du-2-juillet-boughali-appelle-a-une-forte-mobilisation\\\/#breadcrumb\",\"itemListElement\":[{\"@type\":\"ListItem\",\"position\":1,\"name\":\"Accueil\",\"item\":\"https:\\\/\\\/lasentinelle.dz\\\/\"},{\"@type\":\"ListItem\",\"position\":2,\"name\":\"L\u00e9gislatives du 2 juillet\u00a0: Boughali appelle \u00e0 une \u00abforte mobilisation\u00bb\"}]},{\"@type\":\"WebSite\",\"@id\":\"https:\\\/\\\/lasentinelle.dz\\\/#website\",\"url\":\"https:\\\/\\\/lasentinelle.dz\\\/\",\"name\":\"La Sentinelle\",\"description\":\"Quotidien national d&#039;information\",\"publisher\":{\"@id\":\"https:\\\/\\\/lasentinelle.dz\\\/#organization\"},\"potentialAction\":[{\"@type\":\"SearchAction\",\"target\":{\"@type\":\"EntryPoint\",\"urlTemplate\":\"https:\\\/\\\/lasentinelle.dz\\\/?s={search_term_string}\"},\"query-input\":{\"@type\":\"PropertyValueSpecification\",\"valueRequired\":true,\"valueName\":\"search_term_string\"}}],\"inLanguage\":\"fr-FR\"},{\"@type\":\"Organization\",\"@id\":\"https:\\\/\\\/lasentinelle.dz\\\/#organization\",\"name\":\"Quotidien La Sentinelle\",\"url\":\"https:\\\/\\\/lasentinelle.dz\\\/\",\"logo\":{\"@type\":\"ImageObject\",\"inLanguage\":\"fr-FR\",\"@id\":\"https:\\\/\\\/lasentinelle.dz\\\/#\\\/schema\\\/logo\\\/image\\\/\",\"url\":\"https:\\\/\\\/lasentinelle.dz\\\/wp-content\\\/uploads\\\/2021\\\/09\\\/logo-sentinelleSLOGAN-1.png\",\"contentUrl\":\"https:\\\/\\\/lasentinelle.dz\\\/wp-content\\\/uploads\\\/2021\\\/09\\\/logo-sentinelleSLOGAN-1.png\",\"width\":615,\"height\":142,\"caption\":\"Quotidien La Sentinelle\"},\"image\":{\"@id\":\"https:\\\/\\\/lasentinelle.dz\\\/#\\\/schema\\\/logo\\\/image\\\/\"},\"sameAs\":[\"https:\\\/\\\/www.facebook.com\\\/La-Sentinelle-104059864394773\"]},{\"@type\":\"Person\",\"@id\":\"https:\\\/\\\/lasentinelle.dz\\\/#\\\/schema\\\/person\\\/729ee0024f24e0b8c5ec17232f8e8b41\",\"name\":\"admin\",\"image\":{\"@type\":\"ImageObject\",\"inLanguage\":\"fr-FR\",\"@id\":\"https:\\\/\\\/secure.gravatar.com\\\/avatar\\\/4c81fed838786e9b53f540bf46533e750f5d292099ae3b66cfc6fb1982e29df7?s=96&d=mm&r=g\",\"url\":\"https:\\\/\\\/secure.gravatar.com\\\/avatar\\\/4c81fed838786e9b53f540bf46533e750f5d292099ae3b66cfc6fb1982e29df7?s=96&d=mm&r=g\",\"contentUrl\":\"https:\\\/\\\/secure.gravatar.com\\\/avatar\\\/4c81fed838786e9b53f540bf46533e750f5d292099ae3b66cfc6fb1982e29df7?s=96&d=mm&r=g\",\"caption\":\"admin\"},\"description\":\"admin\",\"url\":\"https:\\\/\\\/lasentinelle.dz\\\/author\\\/admin\\\/\"}]}<\/script>\n<!-- \/ Yoast SEO plugin. -->","yoast_head_json":{"title":"L\u00e9gislatives du 2 juillet\u00a0: Boughali appelle \u00e0 une \u00abforte mobilisation\u00bb - La Sentinelle","robots":{"index":"index","follow":"follow","max-snippet":"max-snippet:-1","max-image-preview":"max-image-preview:large","max-video-preview":"max-video-preview:-1"},"canonical":"https:\/\/lasentinelle.dz\/index.php\/2026\/04\/29\/legislatives-du-2-juillet-boughali-appelle-a-une-forte-mobilisation\/","og_locale":"fr_FR","og_type":"article","og_title":"L\u00e9gislatives du 2 juillet\u00a0: Boughali appelle \u00e0 une \u00abforte mobilisation\u00bb - La Sentinelle","og_description":"Brahim Boughali a qualifi\u00e9 ces \u00e9lections de \u00abjalon d\u00e9cisif dans le processus de consolidation de la d\u00e9mocratie\u00bb et de \u00abpari","og_url":"https:\/\/lasentinelle.dz\/index.php\/2026\/04\/29\/legislatives-du-2-juillet-boughali-appelle-a-une-forte-mobilisation\/","og_site_name":"La Sentinelle","article_publisher":"https:\/\/www.facebook.com\/La-Sentinelle-104059864394773","article_published_time":"2026-04-29T17:57:41+00:00","article_modified_time":"2026-05-01T17:58:27+00:00","og_image":[{"width":1348,"height":900,"url":"https:\/\/lasentinelle.dz\/wp-content\/uploads\/2022\/11\/Boughali.png","type":"image\/png"}],"author":"admin","twitter_card":"summary_large_image","twitter_misc":{"\u00c9crit par":"admin","Dur\u00e9e de lecture estim\u00e9e":"2 minutes"},"schema":{"@context":"https:\/\/schema.org","@graph":[{"@type":"Article","@id":"https:\/\/lasentinelle.dz\/index.php\/2026\/04\/29\/legislatives-du-2-juillet-boughali-appelle-a-une-forte-mobilisation\/#article","isPartOf":{"@id":"https:\/\/lasentinelle.dz\/index.php\/2026\/04\/29\/legislatives-du-2-juillet-boughali-appelle-a-une-forte-mobilisation\/"},"author":{"name":"admin","@id":"https:\/\/lasentinelle.dz\/#\/schema\/person\/729ee0024f24e0b8c5ec17232f8e8b41"},"headline":"L\u00e9gislatives du 2 juillet\u00a0: Boughali appelle \u00e0 une \u00abforte mobilisation\u00bb","datePublished":"2026-04-29T17:57:41+00:00","dateModified":"2026-05-01T17:58:27+00:00","mainEntityOfPage":{"@id":"https:\/\/lasentinelle.dz\/index.php\/2026\/04\/29\/legislatives-du-2-juillet-boughali-appelle-a-une-forte-mobilisation\/"},"wordCount":374,"commentCount":0,"publisher":{"@id":"https:\/\/lasentinelle.dz\/#organization"},"image":{"@id":"https:\/\/lasentinelle.dz\/index.php\/2026\/04\/29\/legislatives-du-2-juillet-boughali-appelle-a-une-forte-mobilisation\/#primaryimage"},"thumbnailUrl":"https:\/\/lasentinelle.dz\/wp-content\/uploads\/2022\/11\/Boughali.png","articleSection":["Politique"],"inLanguage":"fr-FR","potentialAction":[{"@type":"CommentAction","name":"Comment","target":["https:\/\/lasentinelle.dz\/index.php\/2026\/04\/29\/legislatives-du-2-juillet-boughali-appelle-a-une-forte-mobilisation\/#respond"]}]},{"@type":"WebPage","@id":"https:\/\/lasentinelle.dz\/index.php\/2026\/04\/29\/legislatives-du-2-juillet-boughali-appelle-a-une-forte-mobilisation\/","url":"https:\/\/lasentinelle.dz\/index.php\/2026\/04\/29\/legislatives-du-2-juillet-boughali-appelle-a-une-forte-mobilisation\/","name":"L\u00e9gislatives du 2 juillet\u00a0: Boughali appelle \u00e0 une \u00abforte mobilisation\u00bb - La Sentinelle","isPartOf":{"@id":"https:\/\/lasentinelle.dz\/#website"},"primaryImageOfPage":{"@id":"https:\/\/lasentinelle.dz\/index.php\/2026\/04\/29\/legislatives-du-2-juillet-boughali-appelle-a-une-forte-mobilisation\/#primaryimage"},"image":{"@id":"https:\/\/lasentinelle.dz\/index.php\/2026\/04\/29\/legislatives-du-2-juillet-boughali-appelle-a-une-forte-mobilisation\/#primaryimage"},"thumbnailUrl":"https:\/\/lasentinelle.dz\/wp-content\/uploads\/2022\/11\/Boughali.png","datePublished":"2026-04-29T17:57:41+00:00","dateModified":"2026-05-01T17:58:27+00:00","breadcrumb":{"@id":"https:\/\/lasentinelle.dz\/index.php\/2026\/04\/29\/legislatives-du-2-juillet-boughali-appelle-a-une-forte-mobilisation\/#breadcrumb"},"inLanguage":"fr-FR","potentialAction":[{"@type":"ReadAction","target":["https:\/\/lasentinelle.dz\/index.php\/2026\/04\/29\/legislatives-du-2-juillet-boughali-appelle-a-une-forte-mobilisation\/"]}]},{"@type":"ImageObject","inLanguage":"fr-FR","@id":"https:\/\/lasentinelle.dz\/index.php\/2026\/04\/29\/legislatives-du-2-juillet-boughali-appelle-a-une-forte-mobilisation\/#primaryimage","url":"https:\/\/lasentinelle.dz\/wp-content\/uploads\/2022\/11\/Boughali.png","contentUrl":"https:\/\/lasentinelle.dz\/wp-content\/uploads\/2022\/11\/Boughali.png","width":1348,"height":900},{"@type":"BreadcrumbList","@id":"https:\/\/lasentinelle.dz\/index.php\/2026\/04\/29\/legislatives-du-2-juillet-boughali-appelle-a-une-forte-mobilisation\/#breadcrumb","itemListElement":[{"@type":"ListItem","position":1,"name":"Accueil","item":"https:\/\/lasentinelle.dz\/"},{"@type":"ListItem","position":2,"name":"L\u00e9gislatives du 2 juillet\u00a0: Boughali appelle \u00e0 une \u00abforte mobilisation\u00bb"}]},{"@type":"WebSite","@id":"https:\/\/lasentinelle.dz\/#website","url":"https:\/\/lasentinelle.dz\/","name":"La Sentinelle","description":"Quotidien national d&#039;information","publisher":{"@id":"https:\/\/lasentinelle.dz\/#organization"},"potentialAction":[{"@type":"SearchAction","target":{"@type":"EntryPoint","urlTemplate":"https:\/\/lasentinelle.dz\/?s={search_term_string}"},"query-input":{"@type":"PropertyValueSpecification","valueRequired":true,"valueName":"search_term_string"}}],"inLanguage":"fr-FR"},{"@type":"Organization","@id":"https:\/\/lasentinelle.dz\/#organization","name":"Quotidien La Sentinelle","url":"https:\/\/lasentinelle.dz\/","logo":{"@type":"ImageObject","inLanguage":"fr-FR","@id":"https:\/\/lasentinelle.dz\/#\/schema\/logo\/image\/","url":"https:\/\/lasentinelle.dz\/wp-content\/uploads\/2021\/09\/logo-sentinelleSLOGAN-1.png","contentUrl":"https:\/\/lasentinelle.dz\/wp-content\/uploads\/2021\/09\/logo-sentinelleSLOGAN-1.png","width":615,"height":142,"caption":"Quotidien La Sentinelle"},"image":{"@id":"https:\/\/lasentinelle.dz\/#\/schema\/logo\/image\/"},"sameAs":["https:\/\/www.facebook.com\/La-Sentinelle-104059864394773"]},{"@type":"Person","@id":"https:\/\/lasentinelle.dz\/#\/schema\/person\/729ee0024f24e0b8c5ec17232f8e8b41","name":"admin","image":{"@type":"ImageObject","inLanguage":"fr-FR","@id":"https:\/\/secure.gravatar.com\/avatar\/4c81fed838786e9b53f540bf46533e750f5d292099ae3b66cfc6fb1982e29df7?s=96&d=mm&r=g","url":"https:\/\/secure.gravatar.com\/avatar\/4c81fed838786e9b53f540bf46533e750f5d292099ae3b66cfc6fb1982e29df7?s=96&d=mm&r=g","contentUrl":"https:\/\/secure.gravatar.com\/avatar\/4c81fed838786e9b53f540bf46533e750f5d292099ae3b66cfc6fb1982e29df7?s=96&d=mm&r=g","caption":"admin"},"description":"admin","url":"https:\/\/lasentinelle.dz\/author\/admin\/"}]}},"_links":{"self":[{"href":"https:\/\/lasentinelle.dz\/index.php\/wp-json\/wp\/v2\/posts\/86782","targetHints":{"allow":["GET"]}}],"collection":[{"href":"https:\/\/lasentinelle.dz\/index.php\/wp-json\/wp\/v2\/posts"}],"about":[{"href":"https:\/\/lasentinelle.dz\/index.php\/wp-json\/wp\/v2\/types\/post"}],"author":[{"embeddable":true,"href":"https:\/\/lasentinelle.dz\/index.php\/wp-json\/wp\/v2\/users\/6"}],"replies":[{"embeddable":true,"href":"https:\/\/lasentinelle.dz\/index.php\/wp-json\/wp\/v2\/comments?post=86782"}],"version-history":[{"count":1,"href":"https:\/\/lasentinelle.dz\/index.php\/wp-json\/wp\/v2\/posts\/86782\/revisions"}],"predecessor-version":[{"id":86783,"href":"https:\/\/lasentinelle.dz\/index.php\/wp-json\/wp\/v2\/posts\/86782\/revisions\/86783"}],"wp:featuredmedia":[{"embeddable":true,"href":"https:\/\/lasentinelle.dz\/index.php\/wp-json\/wp\/v2\/media\/30960"}],"wp:attachment":[{"href":"https:\/\/lasentinelle.dz\/index.php\/wp-json\/wp\/v2\/media?parent=86782"}],"wp:term":[{"taxonomy":"category","embeddable":true,"href":"https:\/\/lasentinelle.dz\/index.php\/wp-json\/wp\/v2\/categories?post=86782"},{"taxonomy":"post_tag","embeddable":true,"href":"https:\/\/lasentinelle.dz\/index.php\/wp-json\/wp\/v2\/tags?post=86782"}],"curies":[{"name":"wp","href":"https:\/\/api.w.org\/{rel}","templated":true}]}}