{"id":86784,"date":"2026-04-29T18:58:36","date_gmt":"2026-04-29T17:58:36","guid":{"rendered":"https:\/\/lasentinelle.dz\/?p=86784"},"modified":"2026-05-01T18:59:25","modified_gmt":"2026-05-01T17:59:25","slug":"lapn-adopte-une-nouvelle-loi-sur-les-activites-commerciales-cap-sur-la-transparence-et-lattractivite-economique","status":"publish","type":"post","link":"https:\/\/lasentinelle.dz\/index.php\/2026\/04\/29\/lapn-adopte-une-nouvelle-loi-sur-les-activites-commerciales-cap-sur-la-transparence-et-lattractivite-economique\/","title":{"rendered":"L&rsquo;APN adopte une nouvelle loi sur les activit\u00e9s commerciales\u00a0: Cap sur la transparence et l&rsquo;attractivit\u00e9 \u00e9conomique"},"content":{"rendered":"\n<p>L&rsquo;Assembl\u00e9e populaire nationale a adopt\u00e9 mercredi \u00e0 Alger le projet de loi modifiant la loi 04-08 sur les conditions d&rsquo;exercice des activit\u00e9s commerciales. Un texte pr\u00e9sent\u00e9 par le gouvernement comme un levier de modernisation du cadre juridique des affaires, dans le droit fil des engagements du pr\u00e9sident Tebboune en faveur d&rsquo;une \u00e9conomie plus transparente et plus comp\u00e9titive. La s\u00e9ance pl\u00e9ni\u00e8re, pr\u00e9sid\u00e9e par Brahim Boughali, s&rsquo;est tenue en pr\u00e9sence de la ministre du Commerce int\u00e9rieur et de la R\u00e9gulation du march\u00e9 national, Amel Abdellatif, et de la ministre des Relations avec le Parlement, Nadjiba Djilali.<\/p>\n\n\n\n<p>Prenant la parole apr\u00e8s le vote, Mme Abdellatif a tenu \u00e0 replacer ce texte dans un contexte plus large. Pour elle, il ne s&rsquo;agit pas d&rsquo;une simple mise \u00e0 jour r\u00e9glementaire. \u00ab Ce n&rsquo;est pas une simple formalit\u00e9 juridique, mais un jalon fondamental dans le processus d&rsquo;une r\u00e9forme globale, t\u00e9moignant d&rsquo;une volont\u00e9 politique forte, conform\u00e9ment aux hautes orientations du pr\u00e9sident de la R\u00e9publique, visant \u00e0 instaurer une \u00e9conomie nationale plus transparente, avec davantage d&rsquo;efficacit\u00e9 et de comp\u00e9titivit\u00e9 \u00bb, a-t-elle d\u00e9clar\u00e9. La ministre a d\u00e9taill\u00e9 les trois axes structurants du texte. Sur la transparence d&rsquo;abord : la loi entend \u00ab \u00e9tablir une approche int\u00e9gr\u00e9e, fond\u00e9e sur le renforcement de la transparence des transactions \u00e9conomiques, la cons\u00e9cration de la clart\u00e9 des informations relatives aux activit\u00e9s commerciales et, par cons\u00e9quent, la consolidation de la confiance entre les diff\u00e9rents acteurs \u00e9conomiques \u00bb. Sur le contr\u00f4le ensuite : le texte vise \u00e0 \u00ab renforcer les m\u00e9canismes de contr\u00f4le et de r\u00e9glementation conform\u00e9ment aux normes modernes, instaurant un environnement \u00e9conomique fond\u00e9 sur l&rsquo;int\u00e9grit\u00e9 et la conformit\u00e9 \u00bb. Sur l&rsquo;investissement enfin, la r\u00e9forme constitue \u00ab un pas qualitatif en mati\u00e8re d&rsquo;accompagnement des investisseurs \u00bb, notamment par la pr\u00e9sence de repr\u00e9sentants du Centre national du registre du commerce (CNRC) dans les guichets uniques de l&rsquo;Agence alg\u00e9rienne de promotion de l&rsquo;investissement (AAPI), pour \u00ab pr\u00e9parer, signer et d\u00e9livrer les diff\u00e9rents actes et documents li\u00e9s au registre du commerce \u00bb \u2014 une simplification administrative qui vise directement l&rsquo;attractivit\u00e9 du pays.<\/p>\n\n\n\n<p>Du c\u00f4t\u00e9 de la Commission des affaires \u00e9conomiques de l&rsquo;APN, sa pr\u00e9sidente Samira Berhoum a salu\u00e9 un texte qui \u00ab refl\u00e8te la volont\u00e9 de l&rsquo;Assembl\u00e9e de pr\u00e9server l&rsquo;int\u00e9r\u00eat de la nation et du citoyen \u00bb et de positionner l&rsquo;Alg\u00e9rie dans le cadre des \u00ab m\u00e9canismes de contr\u00f4le conformes aux normes internationales de lutte contre les crimes financiers \u00bb. Elle a aussi mentionn\u00e9 les r\u00e9centes orientations pr\u00e9sidentielles portant sur la cr\u00e9ation d&rsquo;une carte de l&rsquo;exportateur et de l&rsquo;importateur, pr\u00e9sent\u00e9e comme un outil de tra\u00e7abilit\u00e9 des marchandises. Brahim Boughali, pour sa part, a insist\u00e9 sur la dimension internationale du texte. Il y voit notamment une r\u00e9ponse aux recommandations du Groupe d&rsquo;action financi\u00e8re (GAFI) en mati\u00e8re de lutte contre le blanchiment d&rsquo;argent et le financement du terrorisme, de quoi \u00ab renforcer la position de l&rsquo;Alg\u00e9rie en tant que partenaire fiable au sein du syst\u00e8me financier international \u00bb. Le pr\u00e9sident de l&rsquo;APN a aussi li\u00e9 cette r\u00e9forme \u00e0 la question de l&rsquo;\u00e9conomie informelle, relevant que le nouveau cadre doit offrir aux acteurs \u00e9conomiques \u00ab un environnement juridique stable les incitant \u00e0 int\u00e9grer l&rsquo;activit\u00e9 formelle \u00bb, secteur gris qui \u00ab a longtemps constitu\u00e9 une entrave aux efforts de d\u00e9veloppement \u00bb. Ce vote s&rsquo;inscrit dans une s\u00e9quence l\u00e9gislative plus large engag\u00e9e par Alger pour adapter son arsenal juridique aux standards internationaux et am\u00e9liorer son classement dans les indices de comp\u00e9titivit\u00e9 \u00e9conomique mondiale.<\/p>\n\n\n\n<p><em>Chokri Hafed<\/em><\/p>\n","protected":false},"excerpt":{"rendered":"<p>L&rsquo;Assembl\u00e9e populaire nationale a adopt\u00e9 mercredi \u00e0 Alger le projet de loi modifiant la loi 04-08 sur les conditions d&rsquo;exercice<\/p>\n","protected":false},"author":6,"featured_media":86785,"comment_status":"open","ping_status":"closed","sticky":false,"template":"","format":"standard","meta":{"colormag_page_container_layout":"default_layout","colormag_page_sidebar_layout":"default_layout","om_disable_all_campaigns":false,"_monsterinsights_skip_tracking":false,"_monsterinsights_sitenote_active":false,"_monsterinsights_sitenote_note":"","_monsterinsights_sitenote_category":0,"footnotes":"","_wpscppro_dont_share_socialmedia":false,"_wpscppro_custom_social_share_image":0,"_facebook_share_type":"default","_twitter_share_type":"default","_linkedin_share_type":"default","_pinterest_share_type":"default","_linkedin_share_type_page":"","_instagram_share_type":"default","_medium_share_type":"default","_threads_share_type":"default","_google_business_share_type":"default","_selected_social_profile":[],"_wpsp_enable_custom_social_template":false,"_wpsp_social_scheduling":{"enabled":false,"datetime":null,"platforms":[],"status":"template_only","dateOption":"today","timeOption":"now","customDays":"","customHours":"","customDate":"","customTime":"","schedulingType":"absolute"},"_wpsp_active_default_template":true},"categories":[27],"tags":[],"class_list":["post-86784","post","type-post","status-publish","format-standard","has-post-thumbnail","hentry","category-actualite"],"aioseo_notices":[],"yoast_head":"<!-- This site is optimized with the Yoast SEO plugin v27.5 - https:\/\/yoast.com\/product\/yoast-seo-wordpress\/ -->\n<title>L&rsquo;APN adopte une nouvelle loi sur les activit\u00e9s commerciales\u00a0: Cap sur la transparence et l&rsquo;attractivit\u00e9 \u00e9conomique - La Sentinelle<\/title>\n<meta name=\"robots\" content=\"index, follow, max-snippet:-1, max-image-preview:large, max-video-preview:-1\" \/>\n<link rel=\"canonical\" href=\"https:\/\/lasentinelle.dz\/index.php\/2026\/04\/29\/lapn-adopte-une-nouvelle-loi-sur-les-activites-commerciales-cap-sur-la-transparence-et-lattractivite-economique\/\" \/>\n<meta property=\"og:locale\" content=\"fr_FR\" \/>\n<meta property=\"og:type\" content=\"article\" \/>\n<meta property=\"og:title\" content=\"L&rsquo;APN adopte une nouvelle loi sur les activit\u00e9s commerciales\u00a0: Cap sur la transparence et l&rsquo;attractivit\u00e9 \u00e9conomique - La Sentinelle\" \/>\n<meta property=\"og:description\" content=\"L&rsquo;Assembl\u00e9e populaire nationale a adopt\u00e9 mercredi \u00e0 Alger le projet de loi modifiant la loi 04-08 sur les conditions d&rsquo;exercice\" \/>\n<meta property=\"og:url\" content=\"https:\/\/lasentinelle.dz\/index.php\/2026\/04\/29\/lapn-adopte-une-nouvelle-loi-sur-les-activites-commerciales-cap-sur-la-transparence-et-lattractivite-economique\/\" \/>\n<meta property=\"og:site_name\" content=\"La Sentinelle\" \/>\n<meta property=\"article:publisher\" content=\"https:\/\/www.facebook.com\/La-Sentinelle-104059864394773\" \/>\n<meta property=\"article:published_time\" content=\"2026-04-29T17:58:36+00:00\" \/>\n<meta property=\"article:modified_time\" content=\"2026-05-01T17:59:25+00:00\" \/>\n<meta property=\"og:image\" content=\"https:\/\/lasentinelle.dz\/wp-content\/uploads\/2026\/05\/apn.jpg\" \/>\n\t<meta property=\"og:image:width\" content=\"2048\" \/>\n\t<meta property=\"og:image:height\" content=\"1365\" \/>\n\t<meta property=\"og:image:type\" content=\"image\/jpeg\" \/>\n<meta name=\"author\" content=\"admin\" \/>\n<meta name=\"twitter:card\" content=\"summary_large_image\" \/>\n<meta name=\"twitter:label1\" content=\"\u00c9crit par\" \/>\n\t<meta name=\"twitter:data1\" content=\"admin\" \/>\n\t<meta name=\"twitter:label2\" content=\"Dur\u00e9e de lecture estim\u00e9e\" \/>\n\t<meta name=\"twitter:data2\" content=\"3 minutes\" \/>\n<script type=\"application\/ld+json\" class=\"yoast-schema-graph\">{\"@context\":\"https:\\\/\\\/schema.org\",\"@graph\":[{\"@type\":\"Article\",\"@id\":\"https:\\\/\\\/lasentinelle.dz\\\/index.php\\\/2026\\\/04\\\/29\\\/lapn-adopte-une-nouvelle-loi-sur-les-activites-commerciales-cap-sur-la-transparence-et-lattractivite-economique\\\/#article\",\"isPartOf\":{\"@id\":\"https:\\\/\\\/lasentinelle.dz\\\/index.php\\\/2026\\\/04\\\/29\\\/lapn-adopte-une-nouvelle-loi-sur-les-activites-commerciales-cap-sur-la-transparence-et-lattractivite-economique\\\/\"},\"author\":{\"name\":\"admin\",\"@id\":\"https:\\\/\\\/lasentinelle.dz\\\/#\\\/schema\\\/person\\\/729ee0024f24e0b8c5ec17232f8e8b41\"},\"headline\":\"L&rsquo;APN adopte une nouvelle loi sur les activit\u00e9s commerciales\u00a0: Cap sur la transparence et l&rsquo;attractivit\u00e9 \u00e9conomique\",\"datePublished\":\"2026-04-29T17:58:36+00:00\",\"dateModified\":\"2026-05-01T17:59:25+00:00\",\"mainEntityOfPage\":{\"@id\":\"https:\\\/\\\/lasentinelle.dz\\\/index.php\\\/2026\\\/04\\\/29\\\/lapn-adopte-une-nouvelle-loi-sur-les-activites-commerciales-cap-sur-la-transparence-et-lattractivite-economique\\\/\"},\"wordCount\":659,\"commentCount\":0,\"publisher\":{\"@id\":\"https:\\\/\\\/lasentinelle.dz\\\/#organization\"},\"image\":{\"@id\":\"https:\\\/\\\/lasentinelle.dz\\\/index.php\\\/2026\\\/04\\\/29\\\/lapn-adopte-une-nouvelle-loi-sur-les-activites-commerciales-cap-sur-la-transparence-et-lattractivite-economique\\\/#primaryimage\"},\"thumbnailUrl\":\"https:\\\/\\\/lasentinelle.dz\\\/wp-content\\\/uploads\\\/2026\\\/05\\\/apn.jpg\",\"articleSection\":[\"Actualit\u00e9\"],\"inLanguage\":\"fr-FR\",\"potentialAction\":[{\"@type\":\"CommentAction\",\"name\":\"Comment\",\"target\":[\"https:\\\/\\\/lasentinelle.dz\\\/index.php\\\/2026\\\/04\\\/29\\\/lapn-adopte-une-nouvelle-loi-sur-les-activites-commerciales-cap-sur-la-transparence-et-lattractivite-economique\\\/#respond\"]}]},{\"@type\":\"WebPage\",\"@id\":\"https:\\\/\\\/lasentinelle.dz\\\/index.php\\\/2026\\\/04\\\/29\\\/lapn-adopte-une-nouvelle-loi-sur-les-activites-commerciales-cap-sur-la-transparence-et-lattractivite-economique\\\/\",\"url\":\"https:\\\/\\\/lasentinelle.dz\\\/index.php\\\/2026\\\/04\\\/29\\\/lapn-adopte-une-nouvelle-loi-sur-les-activites-commerciales-cap-sur-la-transparence-et-lattractivite-economique\\\/\",\"name\":\"L&rsquo;APN adopte une nouvelle loi sur les activit\u00e9s commerciales\u00a0: Cap sur la transparence et l&rsquo;attractivit\u00e9 \u00e9conomique - La Sentinelle\",\"isPartOf\":{\"@id\":\"https:\\\/\\\/lasentinelle.dz\\\/#website\"},\"primaryImageOfPage\":{\"@id\":\"https:\\\/\\\/lasentinelle.dz\\\/index.php\\\/2026\\\/04\\\/29\\\/lapn-adopte-une-nouvelle-loi-sur-les-activites-commerciales-cap-sur-la-transparence-et-lattractivite-economique\\\/#primaryimage\"},\"image\":{\"@id\":\"https:\\\/\\\/lasentinelle.dz\\\/index.php\\\/2026\\\/04\\\/29\\\/lapn-adopte-une-nouvelle-loi-sur-les-activites-commerciales-cap-sur-la-transparence-et-lattractivite-economique\\\/#primaryimage\"},\"thumbnailUrl\":\"https:\\\/\\\/lasentinelle.dz\\\/wp-content\\\/uploads\\\/2026\\\/05\\\/apn.jpg\",\"datePublished\":\"2026-04-29T17:58:36+00:00\",\"dateModified\":\"2026-05-01T17:59:25+00:00\",\"breadcrumb\":{\"@id\":\"https:\\\/\\\/lasentinelle.dz\\\/index.php\\\/2026\\\/04\\\/29\\\/lapn-adopte-une-nouvelle-loi-sur-les-activites-commerciales-cap-sur-la-transparence-et-lattractivite-economique\\\/#breadcrumb\"},\"inLanguage\":\"fr-FR\",\"potentialAction\":[{\"@type\":\"ReadAction\",\"target\":[\"https:\\\/\\\/lasentinelle.dz\\\/index.php\\\/2026\\\/04\\\/29\\\/lapn-adopte-une-nouvelle-loi-sur-les-activites-commerciales-cap-sur-la-transparence-et-lattractivite-economique\\\/\"]}]},{\"@type\":\"ImageObject\",\"inLanguage\":\"fr-FR\",\"@id\":\"https:\\\/\\\/lasentinelle.dz\\\/index.php\\\/2026\\\/04\\\/29\\\/lapn-adopte-une-nouvelle-loi-sur-les-activites-commerciales-cap-sur-la-transparence-et-lattractivite-economique\\\/#primaryimage\",\"url\":\"https:\\\/\\\/lasentinelle.dz\\\/wp-content\\\/uploads\\\/2026\\\/05\\\/apn.jpg\",\"contentUrl\":\"https:\\\/\\\/lasentinelle.dz\\\/wp-content\\\/uploads\\\/2026\\\/05\\\/apn.jpg\",\"width\":2048,\"height\":1365},{\"@type\":\"BreadcrumbList\",\"@id\":\"https:\\\/\\\/lasentinelle.dz\\\/index.php\\\/2026\\\/04\\\/29\\\/lapn-adopte-une-nouvelle-loi-sur-les-activites-commerciales-cap-sur-la-transparence-et-lattractivite-economique\\\/#breadcrumb\",\"itemListElement\":[{\"@type\":\"ListItem\",\"position\":1,\"name\":\"Accueil\",\"item\":\"https:\\\/\\\/lasentinelle.dz\\\/\"},{\"@type\":\"ListItem\",\"position\":2,\"name\":\"L&rsquo;APN adopte une nouvelle loi sur les activit\u00e9s commerciales\u00a0: Cap sur la transparence et l&rsquo;attractivit\u00e9 \u00e9conomique\"}]},{\"@type\":\"WebSite\",\"@id\":\"https:\\\/\\\/lasentinelle.dz\\\/#website\",\"url\":\"https:\\\/\\\/lasentinelle.dz\\\/\",\"name\":\"La Sentinelle\",\"description\":\"Quotidien national d&#039;information\",\"publisher\":{\"@id\":\"https:\\\/\\\/lasentinelle.dz\\\/#organization\"},\"potentialAction\":[{\"@type\":\"SearchAction\",\"target\":{\"@type\":\"EntryPoint\",\"urlTemplate\":\"https:\\\/\\\/lasentinelle.dz\\\/?s={search_term_string}\"},\"query-input\":{\"@type\":\"PropertyValueSpecification\",\"valueRequired\":true,\"valueName\":\"search_term_string\"}}],\"inLanguage\":\"fr-FR\"},{\"@type\":\"Organization\",\"@id\":\"https:\\\/\\\/lasentinelle.dz\\\/#organization\",\"name\":\"Quotidien La Sentinelle\",\"url\":\"https:\\\/\\\/lasentinelle.dz\\\/\",\"logo\":{\"@type\":\"ImageObject\",\"inLanguage\":\"fr-FR\",\"@id\":\"https:\\\/\\\/lasentinelle.dz\\\/#\\\/schema\\\/logo\\\/image\\\/\",\"url\":\"https:\\\/\\\/lasentinelle.dz\\\/wp-content\\\/uploads\\\/2021\\\/09\\\/logo-sentinelleSLOGAN-1.png\",\"contentUrl\":\"https:\\\/\\\/lasentinelle.dz\\\/wp-content\\\/uploads\\\/2021\\\/09\\\/logo-sentinelleSLOGAN-1.png\",\"width\":615,\"height\":142,\"caption\":\"Quotidien La Sentinelle\"},\"image\":{\"@id\":\"https:\\\/\\\/lasentinelle.dz\\\/#\\\/schema\\\/logo\\\/image\\\/\"},\"sameAs\":[\"https:\\\/\\\/www.facebook.com\\\/La-Sentinelle-104059864394773\"]},{\"@type\":\"Person\",\"@id\":\"https:\\\/\\\/lasentinelle.dz\\\/#\\\/schema\\\/person\\\/729ee0024f24e0b8c5ec17232f8e8b41\",\"name\":\"admin\",\"image\":{\"@type\":\"ImageObject\",\"inLanguage\":\"fr-FR\",\"@id\":\"https:\\\/\\\/secure.gravatar.com\\\/avatar\\\/4c81fed838786e9b53f540bf46533e750f5d292099ae3b66cfc6fb1982e29df7?s=96&d=mm&r=g\",\"url\":\"https:\\\/\\\/secure.gravatar.com\\\/avatar\\\/4c81fed838786e9b53f540bf46533e750f5d292099ae3b66cfc6fb1982e29df7?s=96&d=mm&r=g\",\"contentUrl\":\"https:\\\/\\\/secure.gravatar.com\\\/avatar\\\/4c81fed838786e9b53f540bf46533e750f5d292099ae3b66cfc6fb1982e29df7?s=96&d=mm&r=g\",\"caption\":\"admin\"},\"description\":\"admin\",\"url\":\"https:\\\/\\\/lasentinelle.dz\\\/author\\\/admin\\\/\"}]}<\/script>\n<!-- \/ Yoast SEO plugin. -->","yoast_head_json":{"title":"L&rsquo;APN adopte une nouvelle loi sur les activit\u00e9s commerciales\u00a0: Cap sur la transparence et l&rsquo;attractivit\u00e9 \u00e9conomique - La Sentinelle","robots":{"index":"index","follow":"follow","max-snippet":"max-snippet:-1","max-image-preview":"max-image-preview:large","max-video-preview":"max-video-preview:-1"},"canonical":"https:\/\/lasentinelle.dz\/index.php\/2026\/04\/29\/lapn-adopte-une-nouvelle-loi-sur-les-activites-commerciales-cap-sur-la-transparence-et-lattractivite-economique\/","og_locale":"fr_FR","og_type":"article","og_title":"L&rsquo;APN adopte une nouvelle loi sur les activit\u00e9s commerciales\u00a0: Cap sur la transparence et l&rsquo;attractivit\u00e9 \u00e9conomique - La Sentinelle","og_description":"L&rsquo;Assembl\u00e9e populaire nationale a adopt\u00e9 mercredi \u00e0 Alger le projet de loi modifiant la loi 04-08 sur les conditions d&rsquo;exercice","og_url":"https:\/\/lasentinelle.dz\/index.php\/2026\/04\/29\/lapn-adopte-une-nouvelle-loi-sur-les-activites-commerciales-cap-sur-la-transparence-et-lattractivite-economique\/","og_site_name":"La Sentinelle","article_publisher":"https:\/\/www.facebook.com\/La-Sentinelle-104059864394773","article_published_time":"2026-04-29T17:58:36+00:00","article_modified_time":"2026-05-01T17:59:25+00:00","og_image":[{"width":2048,"height":1365,"url":"https:\/\/lasentinelle.dz\/wp-content\/uploads\/2026\/05\/apn.jpg","type":"image\/jpeg"}],"author":"admin","twitter_card":"summary_large_image","twitter_misc":{"\u00c9crit par":"admin","Dur\u00e9e de lecture estim\u00e9e":"3 minutes"},"schema":{"@context":"https:\/\/schema.org","@graph":[{"@type":"Article","@id":"https:\/\/lasentinelle.dz\/index.php\/2026\/04\/29\/lapn-adopte-une-nouvelle-loi-sur-les-activites-commerciales-cap-sur-la-transparence-et-lattractivite-economique\/#article","isPartOf":{"@id":"https:\/\/lasentinelle.dz\/index.php\/2026\/04\/29\/lapn-adopte-une-nouvelle-loi-sur-les-activites-commerciales-cap-sur-la-transparence-et-lattractivite-economique\/"},"author":{"name":"admin","@id":"https:\/\/lasentinelle.dz\/#\/schema\/person\/729ee0024f24e0b8c5ec17232f8e8b41"},"headline":"L&rsquo;APN adopte une nouvelle loi sur les activit\u00e9s commerciales\u00a0: Cap sur la transparence et l&rsquo;attractivit\u00e9 \u00e9conomique","datePublished":"2026-04-29T17:58:36+00:00","dateModified":"2026-05-01T17:59:25+00:00","mainEntityOfPage":{"@id":"https:\/\/lasentinelle.dz\/index.php\/2026\/04\/29\/lapn-adopte-une-nouvelle-loi-sur-les-activites-commerciales-cap-sur-la-transparence-et-lattractivite-economique\/"},"wordCount":659,"commentCount":0,"publisher":{"@id":"https:\/\/lasentinelle.dz\/#organization"},"image":{"@id":"https:\/\/lasentinelle.dz\/index.php\/2026\/04\/29\/lapn-adopte-une-nouvelle-loi-sur-les-activites-commerciales-cap-sur-la-transparence-et-lattractivite-economique\/#primaryimage"},"thumbnailUrl":"https:\/\/lasentinelle.dz\/wp-content\/uploads\/2026\/05\/apn.jpg","articleSection":["Actualit\u00e9"],"inLanguage":"fr-FR","potentialAction":[{"@type":"CommentAction","name":"Comment","target":["https:\/\/lasentinelle.dz\/index.php\/2026\/04\/29\/lapn-adopte-une-nouvelle-loi-sur-les-activites-commerciales-cap-sur-la-transparence-et-lattractivite-economique\/#respond"]}]},{"@type":"WebPage","@id":"https:\/\/lasentinelle.dz\/index.php\/2026\/04\/29\/lapn-adopte-une-nouvelle-loi-sur-les-activites-commerciales-cap-sur-la-transparence-et-lattractivite-economique\/","url":"https:\/\/lasentinelle.dz\/index.php\/2026\/04\/29\/lapn-adopte-une-nouvelle-loi-sur-les-activites-commerciales-cap-sur-la-transparence-et-lattractivite-economique\/","name":"L&rsquo;APN adopte une nouvelle loi sur les activit\u00e9s commerciales\u00a0: Cap sur la transparence et l&rsquo;attractivit\u00e9 \u00e9conomique - La Sentinelle","isPartOf":{"@id":"https:\/\/lasentinelle.dz\/#website"},"primaryImageOfPage":{"@id":"https:\/\/lasentinelle.dz\/index.php\/2026\/04\/29\/lapn-adopte-une-nouvelle-loi-sur-les-activites-commerciales-cap-sur-la-transparence-et-lattractivite-economique\/#primaryimage"},"image":{"@id":"https:\/\/lasentinelle.dz\/index.php\/2026\/04\/29\/lapn-adopte-une-nouvelle-loi-sur-les-activites-commerciales-cap-sur-la-transparence-et-lattractivite-economique\/#primaryimage"},"thumbnailUrl":"https:\/\/lasentinelle.dz\/wp-content\/uploads\/2026\/05\/apn.jpg","datePublished":"2026-04-29T17:58:36+00:00","dateModified":"2026-05-01T17:59:25+00:00","breadcrumb":{"@id":"https:\/\/lasentinelle.dz\/index.php\/2026\/04\/29\/lapn-adopte-une-nouvelle-loi-sur-les-activites-commerciales-cap-sur-la-transparence-et-lattractivite-economique\/#breadcrumb"},"inLanguage":"fr-FR","potentialAction":[{"@type":"ReadAction","target":["https:\/\/lasentinelle.dz\/index.php\/2026\/04\/29\/lapn-adopte-une-nouvelle-loi-sur-les-activites-commerciales-cap-sur-la-transparence-et-lattractivite-economique\/"]}]},{"@type":"ImageObject","inLanguage":"fr-FR","@id":"https:\/\/lasentinelle.dz\/index.php\/2026\/04\/29\/lapn-adopte-une-nouvelle-loi-sur-les-activites-commerciales-cap-sur-la-transparence-et-lattractivite-economique\/#primaryimage","url":"https:\/\/lasentinelle.dz\/wp-content\/uploads\/2026\/05\/apn.jpg","contentUrl":"https:\/\/lasentinelle.dz\/wp-content\/uploads\/2026\/05\/apn.jpg","width":2048,"height":1365},{"@type":"BreadcrumbList","@id":"https:\/\/lasentinelle.dz\/index.php\/2026\/04\/29\/lapn-adopte-une-nouvelle-loi-sur-les-activites-commerciales-cap-sur-la-transparence-et-lattractivite-economique\/#breadcrumb","itemListElement":[{"@type":"ListItem","position":1,"name":"Accueil","item":"https:\/\/lasentinelle.dz\/"},{"@type":"ListItem","position":2,"name":"L&rsquo;APN adopte une nouvelle loi sur les activit\u00e9s commerciales\u00a0: Cap sur la transparence et l&rsquo;attractivit\u00e9 \u00e9conomique"}]},{"@type":"WebSite","@id":"https:\/\/lasentinelle.dz\/#website","url":"https:\/\/lasentinelle.dz\/","name":"La Sentinelle","description":"Quotidien national d&#039;information","publisher":{"@id":"https:\/\/lasentinelle.dz\/#organization"},"potentialAction":[{"@type":"SearchAction","target":{"@type":"EntryPoint","urlTemplate":"https:\/\/lasentinelle.dz\/?s={search_term_string}"},"query-input":{"@type":"PropertyValueSpecification","valueRequired":true,"valueName":"search_term_string"}}],"inLanguage":"fr-FR"},{"@type":"Organization","@id":"https:\/\/lasentinelle.dz\/#organization","name":"Quotidien La Sentinelle","url":"https:\/\/lasentinelle.dz\/","logo":{"@type":"ImageObject","inLanguage":"fr-FR","@id":"https:\/\/lasentinelle.dz\/#\/schema\/logo\/image\/","url":"https:\/\/lasentinelle.dz\/wp-content\/uploads\/2021\/09\/logo-sentinelleSLOGAN-1.png","contentUrl":"https:\/\/lasentinelle.dz\/wp-content\/uploads\/2021\/09\/logo-sentinelleSLOGAN-1.png","width":615,"height":142,"caption":"Quotidien La Sentinelle"},"image":{"@id":"https:\/\/lasentinelle.dz\/#\/schema\/logo\/image\/"},"sameAs":["https:\/\/www.facebook.com\/La-Sentinelle-104059864394773"]},{"@type":"Person","@id":"https:\/\/lasentinelle.dz\/#\/schema\/person\/729ee0024f24e0b8c5ec17232f8e8b41","name":"admin","image":{"@type":"ImageObject","inLanguage":"fr-FR","@id":"https:\/\/secure.gravatar.com\/avatar\/4c81fed838786e9b53f540bf46533e750f5d292099ae3b66cfc6fb1982e29df7?s=96&d=mm&r=g","url":"https:\/\/secure.gravatar.com\/avatar\/4c81fed838786e9b53f540bf46533e750f5d292099ae3b66cfc6fb1982e29df7?s=96&d=mm&r=g","contentUrl":"https:\/\/secure.gravatar.com\/avatar\/4c81fed838786e9b53f540bf46533e750f5d292099ae3b66cfc6fb1982e29df7?s=96&d=mm&r=g","caption":"admin"},"description":"admin","url":"https:\/\/lasentinelle.dz\/author\/admin\/"}]}},"_links":{"self":[{"href":"https:\/\/lasentinelle.dz\/index.php\/wp-json\/wp\/v2\/posts\/86784","targetHints":{"allow":["GET"]}}],"collection":[{"href":"https:\/\/lasentinelle.dz\/index.php\/wp-json\/wp\/v2\/posts"}],"about":[{"href":"https:\/\/lasentinelle.dz\/index.php\/wp-json\/wp\/v2\/types\/post"}],"author":[{"embeddable":true,"href":"https:\/\/lasentinelle.dz\/index.php\/wp-json\/wp\/v2\/users\/6"}],"replies":[{"embeddable":true,"href":"https:\/\/lasentinelle.dz\/index.php\/wp-json\/wp\/v2\/comments?post=86784"}],"version-history":[{"count":2,"href":"https:\/\/lasentinelle.dz\/index.php\/wp-json\/wp\/v2\/posts\/86784\/revisions"}],"predecessor-version":[{"id":86787,"href":"https:\/\/lasentinelle.dz\/index.php\/wp-json\/wp\/v2\/posts\/86784\/revisions\/86787"}],"wp:featuredmedia":[{"embeddable":true,"href":"https:\/\/lasentinelle.dz\/index.php\/wp-json\/wp\/v2\/media\/86785"}],"wp:attachment":[{"href":"https:\/\/lasentinelle.dz\/index.php\/wp-json\/wp\/v2\/media?parent=86784"}],"wp:term":[{"taxonomy":"category","embeddable":true,"href":"https:\/\/lasentinelle.dz\/index.php\/wp-json\/wp\/v2\/categories?post=86784"},{"taxonomy":"post_tag","embeddable":true,"href":"https:\/\/lasentinelle.dz\/index.php\/wp-json\/wp\/v2\/tags?post=86784"}],"curies":[{"name":"wp","href":"https:\/\/api.w.org\/{rel}","templated":true}]}}