{"id":86788,"date":"2026-04-29T18:59:54","date_gmt":"2026-04-29T17:59:54","guid":{"rendered":"https:\/\/lasentinelle.dz\/?p=86788"},"modified":"2026-05-01T19:00:47","modified_gmt":"2026-05-01T18:00:47","slug":"dossier-des-explosions-nucleaires-dans-le-sahara-algerien-bendjama-interpelle-la-france-sur-ses-responsabilites","status":"publish","type":"post","link":"https:\/\/lasentinelle.dz\/index.php\/2026\/04\/29\/dossier-des-explosions-nucleaires-dans-le-sahara-algerien-bendjama-interpelle-la-france-sur-ses-responsabilites\/","title":{"rendered":"Dossier des explosions nucl\u00e9aires dans le Sahara alg\u00e9rien : Bendjama interpelle la France sur ses responsabilit\u00e9s"},"content":{"rendered":"\n<p>L&rsquo;Alg\u00e9rie a \u00e9t\u00e9 \u00e9lue vice-pr\u00e9sidente de la 11e Conf\u00e9rence d&rsquo;examen du Trait\u00e9 sur la non-prolif\u00e9ration des armes nucl\u00e9aires (TNP), qui se tient du 27 avril au 22 mai 2026 au si\u00e8ge des Nations unies \u00e0 New York, confirmant sa place parmi les acteurs engag\u00e9s et reconnus du processus multilat\u00e9ral de d\u00e9sarmement nucl\u00e9aire. La nouvelle \u00e9lection \u00e0 la vice-pr\u00e9sidence de cette Conf\u00e9rence que l&rsquo;Alg\u00e9rie a pr\u00e9sid\u00e9, par le pass\u00e9, \u00e0 deux reprises, t\u00e9moigne de son r\u00f4le important dans la pr\u00e9servation et le renforcement du r\u00e9gime de d\u00e9sarmement et de non-prolif\u00e9ration nucl\u00e9aires. Lors du d\u00e9bat g\u00e9n\u00e9ral, le Repr\u00e9sentant permanent de l&rsquo;Alg\u00e9rie aupr\u00e8s des Nations unies, l&rsquo;ambassadeur Amar Bendjama, a lev\u00e9 le voile sur une \u00ab\u00a0page douloureuse\u00a0\u00bb de l&rsquo;histoire nucl\u00e9aire mondiale. Il a rappel\u00e9 que le territoire alg\u00e9rien a \u00e9t\u00e9 le th\u00e9\u00e2tre de dix-sept essais nucl\u00e9aires conduits par la France dans les ann\u00e9es soixante, dont les retomb\u00e9es radioactives du premier essai avaient atteint plus de trois mille kilom\u00e8tres \u00e0 la ronde. \u00ab\u00a0Les cons\u00e9quences de ces essais demeurent une plaie ouverte pour les populations alg\u00e9riennes concern\u00e9es : maladies, malformations cong\u00e9nitales, terres rendues st\u00e9riles. L&rsquo;AIEA elle-m\u00eame a enregistr\u00e9 des niveaux \u00e9lev\u00e9s de radioactivit\u00e9 persistants dans ces zones\u00a0\u00bb, a-t-il soulign\u00e9. Face \u00e0 cette r\u00e9alit\u00e9, l&rsquo;ambassadeur Bendjama a pos\u00e9 trois questions qui ont demeur\u00e9, \u00e0 ce jour, sans r\u00e9ponse : \u00ab\u00a0Pourquoi la France n&rsquo;a-t-elle toujours pas fourni \u00e0 l&rsquo;Alg\u00e9rie les cartes indiquant l&#8217;emplacement exact des sites d&rsquo;essais nucl\u00e9aires et permettant de localiser les d\u00e9chets enfouis ? Quels obstacles continuent d&#8217;emp\u00eacher la divulgation des archives historiques, des donn\u00e9es radiologiques et des dossiers m\u00e9dicaux indispensables \u00e0 la d\u00e9pollution environnementale et \u00e0 la protection de la sant\u00e9 publique? Ces obstacles transcendent-ils les principes fondamentaux et les droits \u00e9l\u00e9mentaires des populations concern\u00e9es ?\u00a0\u00bb. Le Repr\u00e9sentant permanent de l&rsquo;Alg\u00e9rie aupr\u00e8s des Nations unies s&rsquo;est interrog\u00e9, \u00e0 ce titre, sur la politique \u00e0 g\u00e9om\u00e9trie variable de la France qui \u00ab\u00a0continue d&rsquo;ignorer les propositions concr\u00e8tes et constructives de l&rsquo;Alg\u00e9rie pour la r\u00e9habilitation des sites contamin\u00e9s et d\u00e9nie toute responsabilit\u00e9\u00a0\u00bb, alors qu&rsquo;elle a \u00ab\u00a0proc\u00e9d\u00e9 au d\u00e9mant\u00e8lement de ses installations techniques et conduit des efforts de d\u00e9contamination dans la Polyn\u00e9sie fran\u00e7aise\u00a0\u00bb. \u00ab\u00a0Comment justifier ce double standard?\u00a0\u00bb, s&rsquo;est-il demand\u00e9.<\/p>\n\n\n\n<p>L&rsquo;ambassadeur Amar Bendjama a rappel\u00e9, \u00e0 l&rsquo;occasion, qu&rsquo;en adh\u00e9rant au TNP, l&rsquo;Alg\u00e9rie a choisi la voie du multilat\u00e9ralisme et a renonc\u00e9 \u00e0 l&rsquo;option nucl\u00e9aire, tout en honorant toutes ses obligations d\u00e9coulant du Trait\u00e9. Il a soulign\u00e9, \u00e0 ce propos, que cet instrument international repose sur un engagement r\u00e9ciproque \u00e9quilibr\u00e9 : \u00ab\u00a0les Etats non dot\u00e9s d&rsquo;armes nucl\u00e9aires ont renonc\u00e9 \u00e0 l&rsquo;option nucl\u00e9aire, tandis que les Etats dot\u00e9s d&rsquo;armes nucl\u00e9aires se sont engag\u00e9s \u00e0 \u00e9liminer leurs arsenaux\u00a0\u00bb. Toutefois, M. Bendjama qui a exhort\u00e9 les participants \u00e0 la conf\u00e9rence \u00e0 faire preuve de franchise, a affirm\u00e9 que \u00ab\u00a0l&rsquo;une des parties a rempli sa part. L&rsquo;autre, en ce qui concerne l&rsquo;\u00e9limination de ces armes, ne l&rsquo;a pas encore fait\u00a0\u00bb.<\/p>\n\n\n\n<p>Pour le Repr\u00e9sentant permanent de l&rsquo;Alg\u00e9rie aupr\u00e8s des Nations unies, \u00ab\u00a0l&rsquo;\u00e9chec de deux Conf\u00e9rences d&rsquo;examen cons\u00e9cutives a plac\u00e9 la pertinence m\u00eame de ce r\u00e9gime \u00e0 la crois\u00e9e des chemins\u00a0\u00bb, appelant la communaut\u00e9 internationale \u00e0 \u00ab\u00a0f\u00e9d\u00e9rer ses efforts pour restaurer la cr\u00e9dibilit\u00e9 du r\u00e9gime de non-prolif\u00e9ration et \u00e0 \u0153uvrer \u00e0 un monde d\u00e9barrass\u00e9 des armes nucl\u00e9aires\u00a0\u00bb.<\/p>\n\n\n\n<p>APS<\/p>\n","protected":false},"excerpt":{"rendered":"<p>L&rsquo;Alg\u00e9rie a \u00e9t\u00e9 \u00e9lue vice-pr\u00e9sidente de la 11e Conf\u00e9rence d&rsquo;examen du Trait\u00e9 sur la non-prolif\u00e9ration des armes nucl\u00e9aires (TNP), qui<\/p>\n","protected":false},"author":6,"featured_media":62412,"comment_status":"open","ping_status":"closed","sticky":false,"template":"","format":"standard","meta":{"colormag_page_container_layout":"default_layout","colormag_page_sidebar_layout":"default_layout","om_disable_all_campaigns":false,"_monsterinsights_skip_tracking":false,"_monsterinsights_sitenote_active":false,"_monsterinsights_sitenote_note":"","_monsterinsights_sitenote_category":0,"footnotes":"","_wpscppro_dont_share_socialmedia":false,"_wpscppro_custom_social_share_image":0,"_facebook_share_type":"default","_twitter_share_type":"default","_linkedin_share_type":"default","_pinterest_share_type":"default","_linkedin_share_type_page":"","_instagram_share_type":"default","_medium_share_type":"default","_threads_share_type":"default","_google_business_share_type":"default","_selected_social_profile":[],"_wpsp_enable_custom_social_template":false,"_wpsp_social_scheduling":{"enabled":false,"datetime":null,"platforms":[],"status":"template_only","dateOption":"today","timeOption":"now","customDays":"","customHours":"","customDate":"","customTime":"","schedulingType":"absolute"},"_wpsp_active_default_template":true},"categories":[27],"tags":[],"class_list":["post-86788","post","type-post","status-publish","format-standard","has-post-thumbnail","hentry","category-actualite"],"aioseo_notices":[],"yoast_head":"<!-- This site is optimized with the Yoast SEO plugin v27.5 - https:\/\/yoast.com\/product\/yoast-seo-wordpress\/ -->\n<title>Dossier des explosions nucl\u00e9aires dans le Sahara alg\u00e9rien : Bendjama interpelle la France sur ses responsabilit\u00e9s - La Sentinelle<\/title>\n<meta name=\"robots\" content=\"index, follow, max-snippet:-1, max-image-preview:large, max-video-preview:-1\" \/>\n<link rel=\"canonical\" href=\"https:\/\/lasentinelle.dz\/index.php\/2026\/04\/29\/dossier-des-explosions-nucleaires-dans-le-sahara-algerien-bendjama-interpelle-la-france-sur-ses-responsabilites\/\" \/>\n<meta property=\"og:locale\" content=\"fr_FR\" \/>\n<meta property=\"og:type\" content=\"article\" \/>\n<meta property=\"og:title\" content=\"Dossier des explosions nucl\u00e9aires dans le Sahara alg\u00e9rien : Bendjama interpelle la France sur ses responsabilit\u00e9s - La Sentinelle\" \/>\n<meta property=\"og:description\" content=\"L&rsquo;Alg\u00e9rie a \u00e9t\u00e9 \u00e9lue vice-pr\u00e9sidente de la 11e Conf\u00e9rence d&rsquo;examen du Trait\u00e9 sur la non-prolif\u00e9ration des armes nucl\u00e9aires (TNP), qui\" \/>\n<meta property=\"og:url\" content=\"https:\/\/lasentinelle.dz\/index.php\/2026\/04\/29\/dossier-des-explosions-nucleaires-dans-le-sahara-algerien-bendjama-interpelle-la-france-sur-ses-responsabilites\/\" \/>\n<meta property=\"og:site_name\" content=\"La Sentinelle\" \/>\n<meta property=\"article:publisher\" content=\"https:\/\/www.facebook.com\/La-Sentinelle-104059864394773\" \/>\n<meta property=\"article:published_time\" content=\"2026-04-29T17:59:54+00:00\" \/>\n<meta property=\"article:modified_time\" content=\"2026-05-01T18:00:47+00:00\" \/>\n<meta property=\"og:image\" content=\"https:\/\/lasentinelle.dz\/wp-content\/uploads\/2025\/02\/bendjama.jpeg\" \/>\n\t<meta property=\"og:image:width\" content=\"900\" \/>\n\t<meta property=\"og:image:height\" content=\"675\" \/>\n\t<meta property=\"og:image:type\" content=\"image\/jpeg\" \/>\n<meta name=\"author\" content=\"admin\" \/>\n<meta name=\"twitter:card\" content=\"summary_large_image\" \/>\n<meta name=\"twitter:label1\" content=\"\u00c9crit par\" \/>\n\t<meta name=\"twitter:data1\" content=\"admin\" \/>\n\t<meta name=\"twitter:label2\" content=\"Dur\u00e9e de lecture estim\u00e9e\" \/>\n\t<meta name=\"twitter:data2\" content=\"3 minutes\" \/>\n<script type=\"application\/ld+json\" class=\"yoast-schema-graph\">{\"@context\":\"https:\\\/\\\/schema.org\",\"@graph\":[{\"@type\":\"Article\",\"@id\":\"https:\\\/\\\/lasentinelle.dz\\\/index.php\\\/2026\\\/04\\\/29\\\/dossier-des-explosions-nucleaires-dans-le-sahara-algerien-bendjama-interpelle-la-france-sur-ses-responsabilites\\\/#article\",\"isPartOf\":{\"@id\":\"https:\\\/\\\/lasentinelle.dz\\\/index.php\\\/2026\\\/04\\\/29\\\/dossier-des-explosions-nucleaires-dans-le-sahara-algerien-bendjama-interpelle-la-france-sur-ses-responsabilites\\\/\"},\"author\":{\"name\":\"admin\",\"@id\":\"https:\\\/\\\/lasentinelle.dz\\\/#\\\/schema\\\/person\\\/729ee0024f24e0b8c5ec17232f8e8b41\"},\"headline\":\"Dossier des explosions nucl\u00e9aires dans le Sahara alg\u00e9rien : Bendjama interpelle la France sur ses responsabilit\u00e9s\",\"datePublished\":\"2026-04-29T17:59:54+00:00\",\"dateModified\":\"2026-05-01T18:00:47+00:00\",\"mainEntityOfPage\":{\"@id\":\"https:\\\/\\\/lasentinelle.dz\\\/index.php\\\/2026\\\/04\\\/29\\\/dossier-des-explosions-nucleaires-dans-le-sahara-algerien-bendjama-interpelle-la-france-sur-ses-responsabilites\\\/\"},\"wordCount\":641,\"commentCount\":0,\"publisher\":{\"@id\":\"https:\\\/\\\/lasentinelle.dz\\\/#organization\"},\"image\":{\"@id\":\"https:\\\/\\\/lasentinelle.dz\\\/index.php\\\/2026\\\/04\\\/29\\\/dossier-des-explosions-nucleaires-dans-le-sahara-algerien-bendjama-interpelle-la-france-sur-ses-responsabilites\\\/#primaryimage\"},\"thumbnailUrl\":\"https:\\\/\\\/lasentinelle.dz\\\/wp-content\\\/uploads\\\/2025\\\/02\\\/bendjama.jpeg\",\"articleSection\":[\"Actualit\u00e9\"],\"inLanguage\":\"fr-FR\",\"potentialAction\":[{\"@type\":\"CommentAction\",\"name\":\"Comment\",\"target\":[\"https:\\\/\\\/lasentinelle.dz\\\/index.php\\\/2026\\\/04\\\/29\\\/dossier-des-explosions-nucleaires-dans-le-sahara-algerien-bendjama-interpelle-la-france-sur-ses-responsabilites\\\/#respond\"]}]},{\"@type\":\"WebPage\",\"@id\":\"https:\\\/\\\/lasentinelle.dz\\\/index.php\\\/2026\\\/04\\\/29\\\/dossier-des-explosions-nucleaires-dans-le-sahara-algerien-bendjama-interpelle-la-france-sur-ses-responsabilites\\\/\",\"url\":\"https:\\\/\\\/lasentinelle.dz\\\/index.php\\\/2026\\\/04\\\/29\\\/dossier-des-explosions-nucleaires-dans-le-sahara-algerien-bendjama-interpelle-la-france-sur-ses-responsabilites\\\/\",\"name\":\"Dossier des explosions nucl\u00e9aires dans le Sahara alg\u00e9rien : Bendjama interpelle la France sur ses responsabilit\u00e9s - La Sentinelle\",\"isPartOf\":{\"@id\":\"https:\\\/\\\/lasentinelle.dz\\\/#website\"},\"primaryImageOfPage\":{\"@id\":\"https:\\\/\\\/lasentinelle.dz\\\/index.php\\\/2026\\\/04\\\/29\\\/dossier-des-explosions-nucleaires-dans-le-sahara-algerien-bendjama-interpelle-la-france-sur-ses-responsabilites\\\/#primaryimage\"},\"image\":{\"@id\":\"https:\\\/\\\/lasentinelle.dz\\\/index.php\\\/2026\\\/04\\\/29\\\/dossier-des-explosions-nucleaires-dans-le-sahara-algerien-bendjama-interpelle-la-france-sur-ses-responsabilites\\\/#primaryimage\"},\"thumbnailUrl\":\"https:\\\/\\\/lasentinelle.dz\\\/wp-content\\\/uploads\\\/2025\\\/02\\\/bendjama.jpeg\",\"datePublished\":\"2026-04-29T17:59:54+00:00\",\"dateModified\":\"2026-05-01T18:00:47+00:00\",\"breadcrumb\":{\"@id\":\"https:\\\/\\\/lasentinelle.dz\\\/index.php\\\/2026\\\/04\\\/29\\\/dossier-des-explosions-nucleaires-dans-le-sahara-algerien-bendjama-interpelle-la-france-sur-ses-responsabilites\\\/#breadcrumb\"},\"inLanguage\":\"fr-FR\",\"potentialAction\":[{\"@type\":\"ReadAction\",\"target\":[\"https:\\\/\\\/lasentinelle.dz\\\/index.php\\\/2026\\\/04\\\/29\\\/dossier-des-explosions-nucleaires-dans-le-sahara-algerien-bendjama-interpelle-la-france-sur-ses-responsabilites\\\/\"]}]},{\"@type\":\"ImageObject\",\"inLanguage\":\"fr-FR\",\"@id\":\"https:\\\/\\\/lasentinelle.dz\\\/index.php\\\/2026\\\/04\\\/29\\\/dossier-des-explosions-nucleaires-dans-le-sahara-algerien-bendjama-interpelle-la-france-sur-ses-responsabilites\\\/#primaryimage\",\"url\":\"https:\\\/\\\/lasentinelle.dz\\\/wp-content\\\/uploads\\\/2025\\\/02\\\/bendjama.jpeg\",\"contentUrl\":\"https:\\\/\\\/lasentinelle.dz\\\/wp-content\\\/uploads\\\/2025\\\/02\\\/bendjama.jpeg\",\"width\":900,\"height\":675},{\"@type\":\"BreadcrumbList\",\"@id\":\"https:\\\/\\\/lasentinelle.dz\\\/index.php\\\/2026\\\/04\\\/29\\\/dossier-des-explosions-nucleaires-dans-le-sahara-algerien-bendjama-interpelle-la-france-sur-ses-responsabilites\\\/#breadcrumb\",\"itemListElement\":[{\"@type\":\"ListItem\",\"position\":1,\"name\":\"Accueil\",\"item\":\"https:\\\/\\\/lasentinelle.dz\\\/\"},{\"@type\":\"ListItem\",\"position\":2,\"name\":\"Dossier des explosions nucl\u00e9aires dans le Sahara alg\u00e9rien : Bendjama interpelle la France sur ses responsabilit\u00e9s\"}]},{\"@type\":\"WebSite\",\"@id\":\"https:\\\/\\\/lasentinelle.dz\\\/#website\",\"url\":\"https:\\\/\\\/lasentinelle.dz\\\/\",\"name\":\"La Sentinelle\",\"description\":\"Quotidien national d&#039;information\",\"publisher\":{\"@id\":\"https:\\\/\\\/lasentinelle.dz\\\/#organization\"},\"potentialAction\":[{\"@type\":\"SearchAction\",\"target\":{\"@type\":\"EntryPoint\",\"urlTemplate\":\"https:\\\/\\\/lasentinelle.dz\\\/?s={search_term_string}\"},\"query-input\":{\"@type\":\"PropertyValueSpecification\",\"valueRequired\":true,\"valueName\":\"search_term_string\"}}],\"inLanguage\":\"fr-FR\"},{\"@type\":\"Organization\",\"@id\":\"https:\\\/\\\/lasentinelle.dz\\\/#organization\",\"name\":\"Quotidien La Sentinelle\",\"url\":\"https:\\\/\\\/lasentinelle.dz\\\/\",\"logo\":{\"@type\":\"ImageObject\",\"inLanguage\":\"fr-FR\",\"@id\":\"https:\\\/\\\/lasentinelle.dz\\\/#\\\/schema\\\/logo\\\/image\\\/\",\"url\":\"https:\\\/\\\/lasentinelle.dz\\\/wp-content\\\/uploads\\\/2021\\\/09\\\/logo-sentinelleSLOGAN-1.png\",\"contentUrl\":\"https:\\\/\\\/lasentinelle.dz\\\/wp-content\\\/uploads\\\/2021\\\/09\\\/logo-sentinelleSLOGAN-1.png\",\"width\":615,\"height\":142,\"caption\":\"Quotidien La Sentinelle\"},\"image\":{\"@id\":\"https:\\\/\\\/lasentinelle.dz\\\/#\\\/schema\\\/logo\\\/image\\\/\"},\"sameAs\":[\"https:\\\/\\\/www.facebook.com\\\/La-Sentinelle-104059864394773\"]},{\"@type\":\"Person\",\"@id\":\"https:\\\/\\\/lasentinelle.dz\\\/#\\\/schema\\\/person\\\/729ee0024f24e0b8c5ec17232f8e8b41\",\"name\":\"admin\",\"image\":{\"@type\":\"ImageObject\",\"inLanguage\":\"fr-FR\",\"@id\":\"https:\\\/\\\/secure.gravatar.com\\\/avatar\\\/4c81fed838786e9b53f540bf46533e750f5d292099ae3b66cfc6fb1982e29df7?s=96&d=mm&r=g\",\"url\":\"https:\\\/\\\/secure.gravatar.com\\\/avatar\\\/4c81fed838786e9b53f540bf46533e750f5d292099ae3b66cfc6fb1982e29df7?s=96&d=mm&r=g\",\"contentUrl\":\"https:\\\/\\\/secure.gravatar.com\\\/avatar\\\/4c81fed838786e9b53f540bf46533e750f5d292099ae3b66cfc6fb1982e29df7?s=96&d=mm&r=g\",\"caption\":\"admin\"},\"description\":\"admin\",\"url\":\"https:\\\/\\\/lasentinelle.dz\\\/author\\\/admin\\\/\"}]}<\/script>\n<!-- \/ Yoast SEO plugin. -->","yoast_head_json":{"title":"Dossier des explosions nucl\u00e9aires dans le Sahara alg\u00e9rien : Bendjama interpelle la France sur ses responsabilit\u00e9s - La Sentinelle","robots":{"index":"index","follow":"follow","max-snippet":"max-snippet:-1","max-image-preview":"max-image-preview:large","max-video-preview":"max-video-preview:-1"},"canonical":"https:\/\/lasentinelle.dz\/index.php\/2026\/04\/29\/dossier-des-explosions-nucleaires-dans-le-sahara-algerien-bendjama-interpelle-la-france-sur-ses-responsabilites\/","og_locale":"fr_FR","og_type":"article","og_title":"Dossier des explosions nucl\u00e9aires dans le Sahara alg\u00e9rien : Bendjama interpelle la France sur ses responsabilit\u00e9s - La Sentinelle","og_description":"L&rsquo;Alg\u00e9rie a \u00e9t\u00e9 \u00e9lue vice-pr\u00e9sidente de la 11e Conf\u00e9rence d&rsquo;examen du Trait\u00e9 sur la non-prolif\u00e9ration des armes nucl\u00e9aires (TNP), qui","og_url":"https:\/\/lasentinelle.dz\/index.php\/2026\/04\/29\/dossier-des-explosions-nucleaires-dans-le-sahara-algerien-bendjama-interpelle-la-france-sur-ses-responsabilites\/","og_site_name":"La Sentinelle","article_publisher":"https:\/\/www.facebook.com\/La-Sentinelle-104059864394773","article_published_time":"2026-04-29T17:59:54+00:00","article_modified_time":"2026-05-01T18:00:47+00:00","og_image":[{"width":900,"height":675,"url":"https:\/\/lasentinelle.dz\/wp-content\/uploads\/2025\/02\/bendjama.jpeg","type":"image\/jpeg"}],"author":"admin","twitter_card":"summary_large_image","twitter_misc":{"\u00c9crit par":"admin","Dur\u00e9e de lecture estim\u00e9e":"3 minutes"},"schema":{"@context":"https:\/\/schema.org","@graph":[{"@type":"Article","@id":"https:\/\/lasentinelle.dz\/index.php\/2026\/04\/29\/dossier-des-explosions-nucleaires-dans-le-sahara-algerien-bendjama-interpelle-la-france-sur-ses-responsabilites\/#article","isPartOf":{"@id":"https:\/\/lasentinelle.dz\/index.php\/2026\/04\/29\/dossier-des-explosions-nucleaires-dans-le-sahara-algerien-bendjama-interpelle-la-france-sur-ses-responsabilites\/"},"author":{"name":"admin","@id":"https:\/\/lasentinelle.dz\/#\/schema\/person\/729ee0024f24e0b8c5ec17232f8e8b41"},"headline":"Dossier des explosions nucl\u00e9aires dans le Sahara alg\u00e9rien : Bendjama interpelle la France sur ses responsabilit\u00e9s","datePublished":"2026-04-29T17:59:54+00:00","dateModified":"2026-05-01T18:00:47+00:00","mainEntityOfPage":{"@id":"https:\/\/lasentinelle.dz\/index.php\/2026\/04\/29\/dossier-des-explosions-nucleaires-dans-le-sahara-algerien-bendjama-interpelle-la-france-sur-ses-responsabilites\/"},"wordCount":641,"commentCount":0,"publisher":{"@id":"https:\/\/lasentinelle.dz\/#organization"},"image":{"@id":"https:\/\/lasentinelle.dz\/index.php\/2026\/04\/29\/dossier-des-explosions-nucleaires-dans-le-sahara-algerien-bendjama-interpelle-la-france-sur-ses-responsabilites\/#primaryimage"},"thumbnailUrl":"https:\/\/lasentinelle.dz\/wp-content\/uploads\/2025\/02\/bendjama.jpeg","articleSection":["Actualit\u00e9"],"inLanguage":"fr-FR","potentialAction":[{"@type":"CommentAction","name":"Comment","target":["https:\/\/lasentinelle.dz\/index.php\/2026\/04\/29\/dossier-des-explosions-nucleaires-dans-le-sahara-algerien-bendjama-interpelle-la-france-sur-ses-responsabilites\/#respond"]}]},{"@type":"WebPage","@id":"https:\/\/lasentinelle.dz\/index.php\/2026\/04\/29\/dossier-des-explosions-nucleaires-dans-le-sahara-algerien-bendjama-interpelle-la-france-sur-ses-responsabilites\/","url":"https:\/\/lasentinelle.dz\/index.php\/2026\/04\/29\/dossier-des-explosions-nucleaires-dans-le-sahara-algerien-bendjama-interpelle-la-france-sur-ses-responsabilites\/","name":"Dossier des explosions nucl\u00e9aires dans le Sahara alg\u00e9rien : Bendjama interpelle la France sur ses responsabilit\u00e9s - La Sentinelle","isPartOf":{"@id":"https:\/\/lasentinelle.dz\/#website"},"primaryImageOfPage":{"@id":"https:\/\/lasentinelle.dz\/index.php\/2026\/04\/29\/dossier-des-explosions-nucleaires-dans-le-sahara-algerien-bendjama-interpelle-la-france-sur-ses-responsabilites\/#primaryimage"},"image":{"@id":"https:\/\/lasentinelle.dz\/index.php\/2026\/04\/29\/dossier-des-explosions-nucleaires-dans-le-sahara-algerien-bendjama-interpelle-la-france-sur-ses-responsabilites\/#primaryimage"},"thumbnailUrl":"https:\/\/lasentinelle.dz\/wp-content\/uploads\/2025\/02\/bendjama.jpeg","datePublished":"2026-04-29T17:59:54+00:00","dateModified":"2026-05-01T18:00:47+00:00","breadcrumb":{"@id":"https:\/\/lasentinelle.dz\/index.php\/2026\/04\/29\/dossier-des-explosions-nucleaires-dans-le-sahara-algerien-bendjama-interpelle-la-france-sur-ses-responsabilites\/#breadcrumb"},"inLanguage":"fr-FR","potentialAction":[{"@type":"ReadAction","target":["https:\/\/lasentinelle.dz\/index.php\/2026\/04\/29\/dossier-des-explosions-nucleaires-dans-le-sahara-algerien-bendjama-interpelle-la-france-sur-ses-responsabilites\/"]}]},{"@type":"ImageObject","inLanguage":"fr-FR","@id":"https:\/\/lasentinelle.dz\/index.php\/2026\/04\/29\/dossier-des-explosions-nucleaires-dans-le-sahara-algerien-bendjama-interpelle-la-france-sur-ses-responsabilites\/#primaryimage","url":"https:\/\/lasentinelle.dz\/wp-content\/uploads\/2025\/02\/bendjama.jpeg","contentUrl":"https:\/\/lasentinelle.dz\/wp-content\/uploads\/2025\/02\/bendjama.jpeg","width":900,"height":675},{"@type":"BreadcrumbList","@id":"https:\/\/lasentinelle.dz\/index.php\/2026\/04\/29\/dossier-des-explosions-nucleaires-dans-le-sahara-algerien-bendjama-interpelle-la-france-sur-ses-responsabilites\/#breadcrumb","itemListElement":[{"@type":"ListItem","position":1,"name":"Accueil","item":"https:\/\/lasentinelle.dz\/"},{"@type":"ListItem","position":2,"name":"Dossier des explosions nucl\u00e9aires dans le Sahara alg\u00e9rien : Bendjama interpelle la France sur ses responsabilit\u00e9s"}]},{"@type":"WebSite","@id":"https:\/\/lasentinelle.dz\/#website","url":"https:\/\/lasentinelle.dz\/","name":"La Sentinelle","description":"Quotidien national d&#039;information","publisher":{"@id":"https:\/\/lasentinelle.dz\/#organization"},"potentialAction":[{"@type":"SearchAction","target":{"@type":"EntryPoint","urlTemplate":"https:\/\/lasentinelle.dz\/?s={search_term_string}"},"query-input":{"@type":"PropertyValueSpecification","valueRequired":true,"valueName":"search_term_string"}}],"inLanguage":"fr-FR"},{"@type":"Organization","@id":"https:\/\/lasentinelle.dz\/#organization","name":"Quotidien La Sentinelle","url":"https:\/\/lasentinelle.dz\/","logo":{"@type":"ImageObject","inLanguage":"fr-FR","@id":"https:\/\/lasentinelle.dz\/#\/schema\/logo\/image\/","url":"https:\/\/lasentinelle.dz\/wp-content\/uploads\/2021\/09\/logo-sentinelleSLOGAN-1.png","contentUrl":"https:\/\/lasentinelle.dz\/wp-content\/uploads\/2021\/09\/logo-sentinelleSLOGAN-1.png","width":615,"height":142,"caption":"Quotidien La Sentinelle"},"image":{"@id":"https:\/\/lasentinelle.dz\/#\/schema\/logo\/image\/"},"sameAs":["https:\/\/www.facebook.com\/La-Sentinelle-104059864394773"]},{"@type":"Person","@id":"https:\/\/lasentinelle.dz\/#\/schema\/person\/729ee0024f24e0b8c5ec17232f8e8b41","name":"admin","image":{"@type":"ImageObject","inLanguage":"fr-FR","@id":"https:\/\/secure.gravatar.com\/avatar\/4c81fed838786e9b53f540bf46533e750f5d292099ae3b66cfc6fb1982e29df7?s=96&d=mm&r=g","url":"https:\/\/secure.gravatar.com\/avatar\/4c81fed838786e9b53f540bf46533e750f5d292099ae3b66cfc6fb1982e29df7?s=96&d=mm&r=g","contentUrl":"https:\/\/secure.gravatar.com\/avatar\/4c81fed838786e9b53f540bf46533e750f5d292099ae3b66cfc6fb1982e29df7?s=96&d=mm&r=g","caption":"admin"},"description":"admin","url":"https:\/\/lasentinelle.dz\/author\/admin\/"}]}},"_links":{"self":[{"href":"https:\/\/lasentinelle.dz\/index.php\/wp-json\/wp\/v2\/posts\/86788","targetHints":{"allow":["GET"]}}],"collection":[{"href":"https:\/\/lasentinelle.dz\/index.php\/wp-json\/wp\/v2\/posts"}],"about":[{"href":"https:\/\/lasentinelle.dz\/index.php\/wp-json\/wp\/v2\/types\/post"}],"author":[{"embeddable":true,"href":"https:\/\/lasentinelle.dz\/index.php\/wp-json\/wp\/v2\/users\/6"}],"replies":[{"embeddable":true,"href":"https:\/\/lasentinelle.dz\/index.php\/wp-json\/wp\/v2\/comments?post=86788"}],"version-history":[{"count":1,"href":"https:\/\/lasentinelle.dz\/index.php\/wp-json\/wp\/v2\/posts\/86788\/revisions"}],"predecessor-version":[{"id":86789,"href":"https:\/\/lasentinelle.dz\/index.php\/wp-json\/wp\/v2\/posts\/86788\/revisions\/86789"}],"wp:featuredmedia":[{"embeddable":true,"href":"https:\/\/lasentinelle.dz\/index.php\/wp-json\/wp\/v2\/media\/62412"}],"wp:attachment":[{"href":"https:\/\/lasentinelle.dz\/index.php\/wp-json\/wp\/v2\/media?parent=86788"}],"wp:term":[{"taxonomy":"category","embeddable":true,"href":"https:\/\/lasentinelle.dz\/index.php\/wp-json\/wp\/v2\/categories?post=86788"},{"taxonomy":"post_tag","embeddable":true,"href":"https:\/\/lasentinelle.dz\/index.php\/wp-json\/wp\/v2\/tags?post=86788"}],"curies":[{"name":"wp","href":"https:\/\/api.w.org\/{rel}","templated":true}]}}