{"id":86790,"date":"2026-04-29T19:00:57","date_gmt":"2026-04-29T18:00:57","guid":{"rendered":"https:\/\/lasentinelle.dz\/?p=86790"},"modified":"2026-05-01T19:02:20","modified_gmt":"2026-05-01T18:02:20","slug":"lalgerie-revendique-saint-augustin-comme-figure-de-son-patrimoine-un-pont-entre-deux-rives","status":"publish","type":"post","link":"https:\/\/lasentinelle.dz\/index.php\/2026\/04\/29\/lalgerie-revendique-saint-augustin-comme-figure-de-son-patrimoine-un-pont-entre-deux-rives\/","title":{"rendered":"L&rsquo;Alg\u00e9rie revendique saint Augustin comme figure de son patrimoine\u00a0: Un pont entre deux rives"},"content":{"rendered":"\n<p>Mercredi \u00e0 Alger, la premi\u00e8re \u00e9dition des Rencontres afro-m\u00e9diterran\u00e9ennes de la pens\u00e9e s&rsquo;est ouverte au Centre international de conf\u00e9rences Abdelatif-Rahal, plac\u00e9e sous le haut patronage du pr\u00e9sident de la R\u00e9publique Abdelmadjid Tebboune. Trois jours de d\u00e9bats \u2014 jusqu&rsquo;au 30 avril \u2014 pour rappeler une chose : Saint Augustin, le philosophe berb\u00e8re du IVe si\u00e8cle, n\u00e9 \u00e0 Thagaste et form\u00e9 \u00e0 Madaure, deux villes de l&rsquo;actuelle Alg\u00e9rie, appartient au patrimoine alg\u00e9rien. La ministre de la Culture Malika Bendouda l&rsquo;a dit sans d\u00e9tour. Pour elle, saint Augustin est \u00ab un maillon important du patrimoine alg\u00e9rien mill\u00e9naire dans sa dimension li\u00e9e aux sciences et \u00e0 la philosophie \u00bb. Sa premi\u00e8re universit\u00e9, fond\u00e9e \u00e0 Madaure \u2014 l&rsquo;actuelle M&rsquo;Daourouch en wilaya de Souk Ahras \u2014 est \u00ab un maillon essentiel du patrimoine humain alg\u00e9rien \u00bb. Bendouda a ajout\u00e9 qu&rsquo;Augustin \u00ab \u00e9tait porteur d&rsquo;un message de paix et d&rsquo;amour, parti de la terre de ses anc\u00eatres, l&rsquo;Alg\u00e9rie africaine et m\u00e9diterran\u00e9enne \u00bb.<\/p>\n\n\n\n<p>La c\u00e9r\u00e9monie d&rsquo;ouverture s&rsquo;est tenue en pr\u00e9sence de la pr\u00e9sidente de la Cour constitutionnelle Le\u00efla Aslaoui, du conseiller pr\u00e9sidentiel charg\u00e9 des affaires diplomatiques Amar Abba, et de personnalit\u00e9s culturelles nationales et \u00e9trang\u00e8res. Parmi elles, la pr\u00e9sidente de l&rsquo;association France-Alg\u00e9rie S\u00e9gol\u00e8ne Royal et la pr\u00e9sidente de l&rsquo;Institut du monde arabe \u00e0 Paris Anne-Claire Le Gendre.<\/p>\n\n\n\n<p>Royal a parl\u00e9 d&rsquo;Augustin sans s&#8217;embarrasser de pr\u00e9cautions : \u00ab Sa pens\u00e9e philosophique remonte \u00e0 des p\u00e9riodes tr\u00e8s anciennes, mais nous en avons besoin aujourd&rsquo;hui plus que jamais. \u00bb Elle a aussi soulign\u00e9 que ces rencontres \u00ab s&rsquo;adressent \u00e0 l&rsquo;ensemble du bassin m\u00e9diterran\u00e9en \u00bb et que les \u00e9changes intellectuels et culturels de haut niveau sont \u00ab le socle fondamental du rapprochement et du renforcement des liens d&rsquo;amiti\u00e9 \u00bb.<\/p>\n\n\n\n<p>Le Gendre a insist\u00e9 sur la figure d&rsquo;un Augustin \u00ab penseur appartenant aux deux rives \u00bb, annon\u00e7ant que l&rsquo;Institut du monde arabe entend \u00ab mettre en lumi\u00e8re toute la richesse culturelle alg\u00e9rienne \u00bb dans les mois \u00e0 venir. Ces rencontres visent \u00e0 faire de l&rsquo;Alg\u00e9rie \u00ab un trait d&rsquo;union naturel et civilisationnel entre le continent africain et l&rsquo;espace m\u00e9diterran\u00e9en \u00bb, selon les organisateurs. Augustin, penseur universel n\u00e9 sur cette terre, en est le symbole.<\/p>\n\n\n\n<p>Hocine Fadheli<\/p>\n","protected":false},"excerpt":{"rendered":"<p>Mercredi \u00e0 Alger, la premi\u00e8re \u00e9dition des Rencontres afro-m\u00e9diterran\u00e9ennes de la pens\u00e9e s&rsquo;est ouverte au Centre international de conf\u00e9rences Abdelatif-Rahal,<\/p>\n","protected":false},"author":6,"featured_media":86791,"comment_status":"open","ping_status":"closed","sticky":false,"template":"","format":"standard","meta":{"colormag_page_container_layout":"default_layout","colormag_page_sidebar_layout":"default_layout","om_disable_all_campaigns":false,"_monsterinsights_skip_tracking":false,"_monsterinsights_sitenote_active":false,"_monsterinsights_sitenote_note":"","_monsterinsights_sitenote_category":0,"footnotes":"","_wpscppro_dont_share_socialmedia":false,"_wpscppro_custom_social_share_image":0,"_facebook_share_type":"default","_twitter_share_type":"default","_linkedin_share_type":"default","_pinterest_share_type":"default","_linkedin_share_type_page":"","_instagram_share_type":"default","_medium_share_type":"default","_threads_share_type":"default","_google_business_share_type":"default","_selected_social_profile":[],"_wpsp_enable_custom_social_template":false,"_wpsp_social_scheduling":{"enabled":false,"datetime":null,"platforms":[],"status":"template_only","dateOption":"today","timeOption":"now","customDays":"","customHours":"","customDate":"","customTime":"","schedulingType":"absolute"},"_wpsp_active_default_template":true},"categories":[36],"tags":[],"class_list":["post-86790","post","type-post","status-publish","format-standard","has-post-thumbnail","hentry","category-culture"],"aioseo_notices":[],"yoast_head":"<!-- This site is optimized with the Yoast SEO plugin v27.5 - https:\/\/yoast.com\/product\/yoast-seo-wordpress\/ -->\n<title>L&rsquo;Alg\u00e9rie revendique saint Augustin comme figure de son patrimoine\u00a0: Un pont entre deux rives - La Sentinelle<\/title>\n<meta name=\"robots\" content=\"index, follow, max-snippet:-1, max-image-preview:large, max-video-preview:-1\" \/>\n<link rel=\"canonical\" href=\"https:\/\/lasentinelle.dz\/index.php\/2026\/04\/29\/lalgerie-revendique-saint-augustin-comme-figure-de-son-patrimoine-un-pont-entre-deux-rives\/\" \/>\n<meta property=\"og:locale\" content=\"fr_FR\" \/>\n<meta property=\"og:type\" content=\"article\" \/>\n<meta property=\"og:title\" content=\"L&rsquo;Alg\u00e9rie revendique saint Augustin comme figure de son patrimoine\u00a0: Un pont entre deux rives - La Sentinelle\" \/>\n<meta property=\"og:description\" content=\"Mercredi \u00e0 Alger, la premi\u00e8re \u00e9dition des Rencontres afro-m\u00e9diterran\u00e9ennes de la pens\u00e9e s&rsquo;est ouverte au Centre international de conf\u00e9rences Abdelatif-Rahal,\" \/>\n<meta property=\"og:url\" content=\"https:\/\/lasentinelle.dz\/index.php\/2026\/04\/29\/lalgerie-revendique-saint-augustin-comme-figure-de-son-patrimoine-un-pont-entre-deux-rives\/\" \/>\n<meta property=\"og:site_name\" content=\"La Sentinelle\" \/>\n<meta property=\"article:publisher\" content=\"https:\/\/www.facebook.com\/La-Sentinelle-104059864394773\" \/>\n<meta property=\"article:published_time\" content=\"2026-04-29T18:00:57+00:00\" \/>\n<meta property=\"article:modified_time\" content=\"2026-05-01T18:02:20+00:00\" \/>\n<meta property=\"og:image\" content=\"https:\/\/lasentinelle.dz\/wp-content\/uploads\/2026\/05\/682237420_1272706538372915_6699844152022020940_n.jpg\" \/>\n\t<meta property=\"og:image:width\" content=\"1280\" \/>\n\t<meta property=\"og:image:height\" content=\"886\" \/>\n\t<meta property=\"og:image:type\" content=\"image\/jpeg\" \/>\n<meta name=\"author\" content=\"admin\" \/>\n<meta name=\"twitter:card\" content=\"summary_large_image\" \/>\n<meta name=\"twitter:label1\" content=\"\u00c9crit par\" \/>\n\t<meta name=\"twitter:data1\" content=\"admin\" \/>\n\t<meta name=\"twitter:label2\" content=\"Dur\u00e9e de lecture estim\u00e9e\" \/>\n\t<meta name=\"twitter:data2\" content=\"2 minutes\" \/>\n<script type=\"application\/ld+json\" class=\"yoast-schema-graph\">{\"@context\":\"https:\\\/\\\/schema.org\",\"@graph\":[{\"@type\":\"Article\",\"@id\":\"https:\\\/\\\/lasentinelle.dz\\\/index.php\\\/2026\\\/04\\\/29\\\/lalgerie-revendique-saint-augustin-comme-figure-de-son-patrimoine-un-pont-entre-deux-rives\\\/#article\",\"isPartOf\":{\"@id\":\"https:\\\/\\\/lasentinelle.dz\\\/index.php\\\/2026\\\/04\\\/29\\\/lalgerie-revendique-saint-augustin-comme-figure-de-son-patrimoine-un-pont-entre-deux-rives\\\/\"},\"author\":{\"name\":\"admin\",\"@id\":\"https:\\\/\\\/lasentinelle.dz\\\/#\\\/schema\\\/person\\\/729ee0024f24e0b8c5ec17232f8e8b41\"},\"headline\":\"L&rsquo;Alg\u00e9rie revendique saint Augustin comme figure de son patrimoine\u00a0: Un pont entre deux rives\",\"datePublished\":\"2026-04-29T18:00:57+00:00\",\"dateModified\":\"2026-05-01T18:02:20+00:00\",\"mainEntityOfPage\":{\"@id\":\"https:\\\/\\\/lasentinelle.dz\\\/index.php\\\/2026\\\/04\\\/29\\\/lalgerie-revendique-saint-augustin-comme-figure-de-son-patrimoine-un-pont-entre-deux-rives\\\/\"},\"wordCount\":409,\"commentCount\":0,\"publisher\":{\"@id\":\"https:\\\/\\\/lasentinelle.dz\\\/#organization\"},\"image\":{\"@id\":\"https:\\\/\\\/lasentinelle.dz\\\/index.php\\\/2026\\\/04\\\/29\\\/lalgerie-revendique-saint-augustin-comme-figure-de-son-patrimoine-un-pont-entre-deux-rives\\\/#primaryimage\"},\"thumbnailUrl\":\"https:\\\/\\\/lasentinelle.dz\\\/wp-content\\\/uploads\\\/2026\\\/05\\\/682237420_1272706538372915_6699844152022020940_n.jpg\",\"articleSection\":[\"Culture\"],\"inLanguage\":\"fr-FR\",\"potentialAction\":[{\"@type\":\"CommentAction\",\"name\":\"Comment\",\"target\":[\"https:\\\/\\\/lasentinelle.dz\\\/index.php\\\/2026\\\/04\\\/29\\\/lalgerie-revendique-saint-augustin-comme-figure-de-son-patrimoine-un-pont-entre-deux-rives\\\/#respond\"]}]},{\"@type\":\"WebPage\",\"@id\":\"https:\\\/\\\/lasentinelle.dz\\\/index.php\\\/2026\\\/04\\\/29\\\/lalgerie-revendique-saint-augustin-comme-figure-de-son-patrimoine-un-pont-entre-deux-rives\\\/\",\"url\":\"https:\\\/\\\/lasentinelle.dz\\\/index.php\\\/2026\\\/04\\\/29\\\/lalgerie-revendique-saint-augustin-comme-figure-de-son-patrimoine-un-pont-entre-deux-rives\\\/\",\"name\":\"L&rsquo;Alg\u00e9rie revendique saint Augustin comme figure de son patrimoine\u00a0: Un pont entre deux rives - La Sentinelle\",\"isPartOf\":{\"@id\":\"https:\\\/\\\/lasentinelle.dz\\\/#website\"},\"primaryImageOfPage\":{\"@id\":\"https:\\\/\\\/lasentinelle.dz\\\/index.php\\\/2026\\\/04\\\/29\\\/lalgerie-revendique-saint-augustin-comme-figure-de-son-patrimoine-un-pont-entre-deux-rives\\\/#primaryimage\"},\"image\":{\"@id\":\"https:\\\/\\\/lasentinelle.dz\\\/index.php\\\/2026\\\/04\\\/29\\\/lalgerie-revendique-saint-augustin-comme-figure-de-son-patrimoine-un-pont-entre-deux-rives\\\/#primaryimage\"},\"thumbnailUrl\":\"https:\\\/\\\/lasentinelle.dz\\\/wp-content\\\/uploads\\\/2026\\\/05\\\/682237420_1272706538372915_6699844152022020940_n.jpg\",\"datePublished\":\"2026-04-29T18:00:57+00:00\",\"dateModified\":\"2026-05-01T18:02:20+00:00\",\"breadcrumb\":{\"@id\":\"https:\\\/\\\/lasentinelle.dz\\\/index.php\\\/2026\\\/04\\\/29\\\/lalgerie-revendique-saint-augustin-comme-figure-de-son-patrimoine-un-pont-entre-deux-rives\\\/#breadcrumb\"},\"inLanguage\":\"fr-FR\",\"potentialAction\":[{\"@type\":\"ReadAction\",\"target\":[\"https:\\\/\\\/lasentinelle.dz\\\/index.php\\\/2026\\\/04\\\/29\\\/lalgerie-revendique-saint-augustin-comme-figure-de-son-patrimoine-un-pont-entre-deux-rives\\\/\"]}]},{\"@type\":\"ImageObject\",\"inLanguage\":\"fr-FR\",\"@id\":\"https:\\\/\\\/lasentinelle.dz\\\/index.php\\\/2026\\\/04\\\/29\\\/lalgerie-revendique-saint-augustin-comme-figure-de-son-patrimoine-un-pont-entre-deux-rives\\\/#primaryimage\",\"url\":\"https:\\\/\\\/lasentinelle.dz\\\/wp-content\\\/uploads\\\/2026\\\/05\\\/682237420_1272706538372915_6699844152022020940_n.jpg\",\"contentUrl\":\"https:\\\/\\\/lasentinelle.dz\\\/wp-content\\\/uploads\\\/2026\\\/05\\\/682237420_1272706538372915_6699844152022020940_n.jpg\",\"width\":1280,\"height\":886},{\"@type\":\"BreadcrumbList\",\"@id\":\"https:\\\/\\\/lasentinelle.dz\\\/index.php\\\/2026\\\/04\\\/29\\\/lalgerie-revendique-saint-augustin-comme-figure-de-son-patrimoine-un-pont-entre-deux-rives\\\/#breadcrumb\",\"itemListElement\":[{\"@type\":\"ListItem\",\"position\":1,\"name\":\"Accueil\",\"item\":\"https:\\\/\\\/lasentinelle.dz\\\/\"},{\"@type\":\"ListItem\",\"position\":2,\"name\":\"L&rsquo;Alg\u00e9rie revendique saint Augustin comme figure de son patrimoine\u00a0: Un pont entre deux rives\"}]},{\"@type\":\"WebSite\",\"@id\":\"https:\\\/\\\/lasentinelle.dz\\\/#website\",\"url\":\"https:\\\/\\\/lasentinelle.dz\\\/\",\"name\":\"La Sentinelle\",\"description\":\"Quotidien national d&#039;information\",\"publisher\":{\"@id\":\"https:\\\/\\\/lasentinelle.dz\\\/#organization\"},\"potentialAction\":[{\"@type\":\"SearchAction\",\"target\":{\"@type\":\"EntryPoint\",\"urlTemplate\":\"https:\\\/\\\/lasentinelle.dz\\\/?s={search_term_string}\"},\"query-input\":{\"@type\":\"PropertyValueSpecification\",\"valueRequired\":true,\"valueName\":\"search_term_string\"}}],\"inLanguage\":\"fr-FR\"},{\"@type\":\"Organization\",\"@id\":\"https:\\\/\\\/lasentinelle.dz\\\/#organization\",\"name\":\"Quotidien La Sentinelle\",\"url\":\"https:\\\/\\\/lasentinelle.dz\\\/\",\"logo\":{\"@type\":\"ImageObject\",\"inLanguage\":\"fr-FR\",\"@id\":\"https:\\\/\\\/lasentinelle.dz\\\/#\\\/schema\\\/logo\\\/image\\\/\",\"url\":\"https:\\\/\\\/lasentinelle.dz\\\/wp-content\\\/uploads\\\/2021\\\/09\\\/logo-sentinelleSLOGAN-1.png\",\"contentUrl\":\"https:\\\/\\\/lasentinelle.dz\\\/wp-content\\\/uploads\\\/2021\\\/09\\\/logo-sentinelleSLOGAN-1.png\",\"width\":615,\"height\":142,\"caption\":\"Quotidien La Sentinelle\"},\"image\":{\"@id\":\"https:\\\/\\\/lasentinelle.dz\\\/#\\\/schema\\\/logo\\\/image\\\/\"},\"sameAs\":[\"https:\\\/\\\/www.facebook.com\\\/La-Sentinelle-104059864394773\"]},{\"@type\":\"Person\",\"@id\":\"https:\\\/\\\/lasentinelle.dz\\\/#\\\/schema\\\/person\\\/729ee0024f24e0b8c5ec17232f8e8b41\",\"name\":\"admin\",\"image\":{\"@type\":\"ImageObject\",\"inLanguage\":\"fr-FR\",\"@id\":\"https:\\\/\\\/secure.gravatar.com\\\/avatar\\\/4c81fed838786e9b53f540bf46533e750f5d292099ae3b66cfc6fb1982e29df7?s=96&d=mm&r=g\",\"url\":\"https:\\\/\\\/secure.gravatar.com\\\/avatar\\\/4c81fed838786e9b53f540bf46533e750f5d292099ae3b66cfc6fb1982e29df7?s=96&d=mm&r=g\",\"contentUrl\":\"https:\\\/\\\/secure.gravatar.com\\\/avatar\\\/4c81fed838786e9b53f540bf46533e750f5d292099ae3b66cfc6fb1982e29df7?s=96&d=mm&r=g\",\"caption\":\"admin\"},\"description\":\"admin\",\"url\":\"https:\\\/\\\/lasentinelle.dz\\\/author\\\/admin\\\/\"}]}<\/script>\n<!-- \/ Yoast SEO plugin. -->","yoast_head_json":{"title":"L&rsquo;Alg\u00e9rie revendique saint Augustin comme figure de son patrimoine\u00a0: Un pont entre deux rives - La Sentinelle","robots":{"index":"index","follow":"follow","max-snippet":"max-snippet:-1","max-image-preview":"max-image-preview:large","max-video-preview":"max-video-preview:-1"},"canonical":"https:\/\/lasentinelle.dz\/index.php\/2026\/04\/29\/lalgerie-revendique-saint-augustin-comme-figure-de-son-patrimoine-un-pont-entre-deux-rives\/","og_locale":"fr_FR","og_type":"article","og_title":"L&rsquo;Alg\u00e9rie revendique saint Augustin comme figure de son patrimoine\u00a0: Un pont entre deux rives - La Sentinelle","og_description":"Mercredi \u00e0 Alger, la premi\u00e8re \u00e9dition des Rencontres afro-m\u00e9diterran\u00e9ennes de la pens\u00e9e s&rsquo;est ouverte au Centre international de conf\u00e9rences Abdelatif-Rahal,","og_url":"https:\/\/lasentinelle.dz\/index.php\/2026\/04\/29\/lalgerie-revendique-saint-augustin-comme-figure-de-son-patrimoine-un-pont-entre-deux-rives\/","og_site_name":"La Sentinelle","article_publisher":"https:\/\/www.facebook.com\/La-Sentinelle-104059864394773","article_published_time":"2026-04-29T18:00:57+00:00","article_modified_time":"2026-05-01T18:02:20+00:00","og_image":[{"width":1280,"height":886,"url":"https:\/\/lasentinelle.dz\/wp-content\/uploads\/2026\/05\/682237420_1272706538372915_6699844152022020940_n.jpg","type":"image\/jpeg"}],"author":"admin","twitter_card":"summary_large_image","twitter_misc":{"\u00c9crit par":"admin","Dur\u00e9e de lecture estim\u00e9e":"2 minutes"},"schema":{"@context":"https:\/\/schema.org","@graph":[{"@type":"Article","@id":"https:\/\/lasentinelle.dz\/index.php\/2026\/04\/29\/lalgerie-revendique-saint-augustin-comme-figure-de-son-patrimoine-un-pont-entre-deux-rives\/#article","isPartOf":{"@id":"https:\/\/lasentinelle.dz\/index.php\/2026\/04\/29\/lalgerie-revendique-saint-augustin-comme-figure-de-son-patrimoine-un-pont-entre-deux-rives\/"},"author":{"name":"admin","@id":"https:\/\/lasentinelle.dz\/#\/schema\/person\/729ee0024f24e0b8c5ec17232f8e8b41"},"headline":"L&rsquo;Alg\u00e9rie revendique saint Augustin comme figure de son patrimoine\u00a0: Un pont entre deux rives","datePublished":"2026-04-29T18:00:57+00:00","dateModified":"2026-05-01T18:02:20+00:00","mainEntityOfPage":{"@id":"https:\/\/lasentinelle.dz\/index.php\/2026\/04\/29\/lalgerie-revendique-saint-augustin-comme-figure-de-son-patrimoine-un-pont-entre-deux-rives\/"},"wordCount":409,"commentCount":0,"publisher":{"@id":"https:\/\/lasentinelle.dz\/#organization"},"image":{"@id":"https:\/\/lasentinelle.dz\/index.php\/2026\/04\/29\/lalgerie-revendique-saint-augustin-comme-figure-de-son-patrimoine-un-pont-entre-deux-rives\/#primaryimage"},"thumbnailUrl":"https:\/\/lasentinelle.dz\/wp-content\/uploads\/2026\/05\/682237420_1272706538372915_6699844152022020940_n.jpg","articleSection":["Culture"],"inLanguage":"fr-FR","potentialAction":[{"@type":"CommentAction","name":"Comment","target":["https:\/\/lasentinelle.dz\/index.php\/2026\/04\/29\/lalgerie-revendique-saint-augustin-comme-figure-de-son-patrimoine-un-pont-entre-deux-rives\/#respond"]}]},{"@type":"WebPage","@id":"https:\/\/lasentinelle.dz\/index.php\/2026\/04\/29\/lalgerie-revendique-saint-augustin-comme-figure-de-son-patrimoine-un-pont-entre-deux-rives\/","url":"https:\/\/lasentinelle.dz\/index.php\/2026\/04\/29\/lalgerie-revendique-saint-augustin-comme-figure-de-son-patrimoine-un-pont-entre-deux-rives\/","name":"L&rsquo;Alg\u00e9rie revendique saint Augustin comme figure de son patrimoine\u00a0: Un pont entre deux rives - La Sentinelle","isPartOf":{"@id":"https:\/\/lasentinelle.dz\/#website"},"primaryImageOfPage":{"@id":"https:\/\/lasentinelle.dz\/index.php\/2026\/04\/29\/lalgerie-revendique-saint-augustin-comme-figure-de-son-patrimoine-un-pont-entre-deux-rives\/#primaryimage"},"image":{"@id":"https:\/\/lasentinelle.dz\/index.php\/2026\/04\/29\/lalgerie-revendique-saint-augustin-comme-figure-de-son-patrimoine-un-pont-entre-deux-rives\/#primaryimage"},"thumbnailUrl":"https:\/\/lasentinelle.dz\/wp-content\/uploads\/2026\/05\/682237420_1272706538372915_6699844152022020940_n.jpg","datePublished":"2026-04-29T18:00:57+00:00","dateModified":"2026-05-01T18:02:20+00:00","breadcrumb":{"@id":"https:\/\/lasentinelle.dz\/index.php\/2026\/04\/29\/lalgerie-revendique-saint-augustin-comme-figure-de-son-patrimoine-un-pont-entre-deux-rives\/#breadcrumb"},"inLanguage":"fr-FR","potentialAction":[{"@type":"ReadAction","target":["https:\/\/lasentinelle.dz\/index.php\/2026\/04\/29\/lalgerie-revendique-saint-augustin-comme-figure-de-son-patrimoine-un-pont-entre-deux-rives\/"]}]},{"@type":"ImageObject","inLanguage":"fr-FR","@id":"https:\/\/lasentinelle.dz\/index.php\/2026\/04\/29\/lalgerie-revendique-saint-augustin-comme-figure-de-son-patrimoine-un-pont-entre-deux-rives\/#primaryimage","url":"https:\/\/lasentinelle.dz\/wp-content\/uploads\/2026\/05\/682237420_1272706538372915_6699844152022020940_n.jpg","contentUrl":"https:\/\/lasentinelle.dz\/wp-content\/uploads\/2026\/05\/682237420_1272706538372915_6699844152022020940_n.jpg","width":1280,"height":886},{"@type":"BreadcrumbList","@id":"https:\/\/lasentinelle.dz\/index.php\/2026\/04\/29\/lalgerie-revendique-saint-augustin-comme-figure-de-son-patrimoine-un-pont-entre-deux-rives\/#breadcrumb","itemListElement":[{"@type":"ListItem","position":1,"name":"Accueil","item":"https:\/\/lasentinelle.dz\/"},{"@type":"ListItem","position":2,"name":"L&rsquo;Alg\u00e9rie revendique saint Augustin comme figure de son patrimoine\u00a0: Un pont entre deux rives"}]},{"@type":"WebSite","@id":"https:\/\/lasentinelle.dz\/#website","url":"https:\/\/lasentinelle.dz\/","name":"La Sentinelle","description":"Quotidien national d&#039;information","publisher":{"@id":"https:\/\/lasentinelle.dz\/#organization"},"potentialAction":[{"@type":"SearchAction","target":{"@type":"EntryPoint","urlTemplate":"https:\/\/lasentinelle.dz\/?s={search_term_string}"},"query-input":{"@type":"PropertyValueSpecification","valueRequired":true,"valueName":"search_term_string"}}],"inLanguage":"fr-FR"},{"@type":"Organization","@id":"https:\/\/lasentinelle.dz\/#organization","name":"Quotidien La Sentinelle","url":"https:\/\/lasentinelle.dz\/","logo":{"@type":"ImageObject","inLanguage":"fr-FR","@id":"https:\/\/lasentinelle.dz\/#\/schema\/logo\/image\/","url":"https:\/\/lasentinelle.dz\/wp-content\/uploads\/2021\/09\/logo-sentinelleSLOGAN-1.png","contentUrl":"https:\/\/lasentinelle.dz\/wp-content\/uploads\/2021\/09\/logo-sentinelleSLOGAN-1.png","width":615,"height":142,"caption":"Quotidien La Sentinelle"},"image":{"@id":"https:\/\/lasentinelle.dz\/#\/schema\/logo\/image\/"},"sameAs":["https:\/\/www.facebook.com\/La-Sentinelle-104059864394773"]},{"@type":"Person","@id":"https:\/\/lasentinelle.dz\/#\/schema\/person\/729ee0024f24e0b8c5ec17232f8e8b41","name":"admin","image":{"@type":"ImageObject","inLanguage":"fr-FR","@id":"https:\/\/secure.gravatar.com\/avatar\/4c81fed838786e9b53f540bf46533e750f5d292099ae3b66cfc6fb1982e29df7?s=96&d=mm&r=g","url":"https:\/\/secure.gravatar.com\/avatar\/4c81fed838786e9b53f540bf46533e750f5d292099ae3b66cfc6fb1982e29df7?s=96&d=mm&r=g","contentUrl":"https:\/\/secure.gravatar.com\/avatar\/4c81fed838786e9b53f540bf46533e750f5d292099ae3b66cfc6fb1982e29df7?s=96&d=mm&r=g","caption":"admin"},"description":"admin","url":"https:\/\/lasentinelle.dz\/author\/admin\/"}]}},"_links":{"self":[{"href":"https:\/\/lasentinelle.dz\/index.php\/wp-json\/wp\/v2\/posts\/86790","targetHints":{"allow":["GET"]}}],"collection":[{"href":"https:\/\/lasentinelle.dz\/index.php\/wp-json\/wp\/v2\/posts"}],"about":[{"href":"https:\/\/lasentinelle.dz\/index.php\/wp-json\/wp\/v2\/types\/post"}],"author":[{"embeddable":true,"href":"https:\/\/lasentinelle.dz\/index.php\/wp-json\/wp\/v2\/users\/6"}],"replies":[{"embeddable":true,"href":"https:\/\/lasentinelle.dz\/index.php\/wp-json\/wp\/v2\/comments?post=86790"}],"version-history":[{"count":2,"href":"https:\/\/lasentinelle.dz\/index.php\/wp-json\/wp\/v2\/posts\/86790\/revisions"}],"predecessor-version":[{"id":86793,"href":"https:\/\/lasentinelle.dz\/index.php\/wp-json\/wp\/v2\/posts\/86790\/revisions\/86793"}],"wp:featuredmedia":[{"embeddable":true,"href":"https:\/\/lasentinelle.dz\/index.php\/wp-json\/wp\/v2\/media\/86791"}],"wp:attachment":[{"href":"https:\/\/lasentinelle.dz\/index.php\/wp-json\/wp\/v2\/media?parent=86790"}],"wp:term":[{"taxonomy":"category","embeddable":true,"href":"https:\/\/lasentinelle.dz\/index.php\/wp-json\/wp\/v2\/categories?post=86790"},{"taxonomy":"post_tag","embeddable":true,"href":"https:\/\/lasentinelle.dz\/index.php\/wp-json\/wp\/v2\/tags?post=86790"}],"curies":[{"name":"wp","href":"https:\/\/api.w.org\/{rel}","templated":true}]}}