{"id":86794,"date":"2026-04-29T19:02:41","date_gmt":"2026-04-29T18:02:41","guid":{"rendered":"https:\/\/lasentinelle.dz\/?p=86794"},"modified":"2026-05-01T19:03:31","modified_gmt":"2026-05-01T18:03:31","slug":"lalgerie-un-pilier-de-la-stabilite-de-la-region","status":"publish","type":"post","link":"https:\/\/lasentinelle.dz\/index.php\/2026\/04\/29\/lalgerie-un-pilier-de-la-stabilite-de-la-region\/","title":{"rendered":"L\u2019Alg\u00e9rie, \u00ab\u00a0un pilier de la stabilit\u00e9 de la r\u00e9gion\u00a0\u00bb"},"content":{"rendered":"\n<p><em>Une d\u00e9l\u00e9gation am\u00e9ricaine de haut rang a \u00e9t\u00e9 re\u00e7ue mardi \u00e0 Alger par le pr\u00e9sident de la R\u00e9publique Abdelmadjid Tebboune. Entre discussions sur la lutte antiterroriste et ambitions \u00e9conomiques, la visite marque une \u00e9tape dans des relations que les deux parties veulent transformer.<\/em><\/p>\n\n\n\n<p>Deux hauts responsables am\u00e9ricains ont fait le d\u00e9placement \u00e0 Alger le 27 et 28 avril pour rencontrer le pr\u00e9sident Abdelmadjid Tebboune : le secr\u00e9taire d&rsquo;\u00c9tat adjoint Christopher Landau et le g\u00e9n\u00e9ral Dagvin Anderson, commandant de l&rsquo;AFRICOM, le commandement militaire am\u00e9ricain pour l&rsquo;Afrique. L&rsquo;audience s&rsquo;est tenue mardi en pr\u00e9sence des hauts responsables de l&rsquo;Arm\u00e9e nationale populaire, \u00e0 leur t\u00eate le g\u00e9n\u00e9ral Sa\u00efd Chanegriha. Au sortir de la r\u00e9union, les deux hommes ont tenu des d\u00e9clarations \u00e0 la presse. Du c\u00f4t\u00e9 militaire, Anderson a d&#8217;embl\u00e9e salu\u00e9 \u00abla coop\u00e9ration et les relations solides que l&rsquo;Alg\u00e9rie continue de renforcer dans la lutte contre le terrorisme\u00bb. Pour le commandant de l&rsquo;AFRICOM, l&rsquo;Alg\u00e9rie n&rsquo;est pas un partenaire parmi d&rsquo;autres : c&rsquo;est, dit-il, \u00abun pilier de la stabilit\u00e9 dans cette r\u00e9gion du monde\u00bb. Une formule qui, dans le langage diplomatique am\u00e9ricain, a du poids. Elle reconna\u00eet l&rsquo;exp\u00e9rience accumul\u00e9e par l&rsquo;ANP depuis les ann\u00e9es noires des ann\u00e9es 1990, une d\u00e9cennie durant laquelle l&rsquo;Alg\u00e9rie a combattu seule un terrorisme que l&rsquo;Occident regardait alors de loin.<\/p>\n\n\n\n<p>Anderson a insist\u00e9 sur la compl\u00e9mentarit\u00e9 des deux pays : \u00abLes \u00c9tats-Unis peuvent apporter leur expertise dans la lutte antiterroriste \u00e0 l&rsquo;\u00e9chelle mondiale, au c\u00f4t\u00e9 des capacit\u00e9s remarquables dont dispose l&rsquo;Alg\u00e9rie gr\u00e2ce \u00e0 sa profonde exp\u00e9rience en la mati\u00e8re.\u00bb Il a ajout\u00e9 que cette convergence \u00abouvre de larges perspectives de coop\u00e9ration \u00e0 l&rsquo;avenir, au mieux des int\u00e9r\u00eats communs et au service de la s\u00e9curit\u00e9 des deux pays\u00bb. Le g\u00e9n\u00e9ral a aussi pris soin de ne pas r\u00e9duire la question \u00e0 ses seules dimensions militaires : \u00abLes solutions militaires seules ne suffisent pas, mais doivent \u00eatre accompagn\u00e9es d&rsquo;investissements \u00e9conomiques, de d\u00e9veloppement et du renforcement de la coh\u00e9sion sociale.\u00bb Une formulation qui correspond, point pour point, \u00e0 la doctrine alg\u00e9rienne telle qu&rsquo;elle est d\u00e9fendue depuis des ann\u00e9es par Alger et qui a toujours rappeler que la solution s\u00e9curitaire seule ne peut r\u00e9pondre au d\u00e9fi pos\u00e9 par le terrorisme et a toujours plaid\u00e9 pour une approche assise sur la prosp\u00e9rit\u00e9 et le d\u00e9veloppement.<\/p>\n\n\n\n<p>Anderson a voulu placer la rencontre dans un cadre plus large que le seul int\u00e9r\u00eat strat\u00e9gique. Citant le 250e anniversaire de l&rsquo;ind\u00e9pendance am\u00e9ricaine, il a \u00e9voqu\u00e9 des \u00abvaleurs communes\u00bb : \u00abNous nous rappelons avec d\u00e9f\u00e9rence que nous nous sommes \u00e9galement lib\u00e9r\u00e9s de la colonisation et nous mesurons pleinement l&rsquo;importance de la souverainet\u00e9, de la dignit\u00e9 et de l&rsquo;ind\u00e9pendance, des valeurs que nous partageons avec le peuple alg\u00e9rien.\u00bb Le volet \u00e9conomique, lui, a \u00e9t\u00e9 pris en charge par Christopher Landau. Le secr\u00e9taire d&rsquo;\u00c9tat adjoint \u2014 dont c&rsquo;\u00e9tait la premi\u00e8re visite en Alg\u00e9rie \u2014 n&rsquo;a pas cach\u00e9 son enthousiasme : \u00abNous avons \u00e9t\u00e9 tr\u00e8s impressionn\u00e9s par l&rsquo;accueil chaleureux et la beaut\u00e9 de votre pays.\u00bb<\/p>\n\n\n\n<p><strong>Potentiel \u00e9conomique<\/strong><\/p>\n\n\n\n<p>Pass\u00e9 les formules de politesse, Landau a mis les choses \u00e0 plat : \u00abNous sommes aujourd&rsquo;hui \u00e0 un moment important o\u00f9 nous pouvons envisager d&rsquo;\u00e9normes potentialit\u00e9s profitant aux deux peuples, \u00e0 travers le renforcement des relations \u00e9conomiques et commerciales.\u00bb Il n&rsquo;a pas pr\u00e9cis\u00e9 quels secteurs \u00e9taient vis\u00e9s, mais le contexte se charge de r\u00e9pondre en partie \u00e0 la question : l&rsquo;Alg\u00e9rie dispose d&rsquo;importantes r\u00e9serves d&rsquo;hydrocarbures et d&rsquo;un potentiel minier que les entreprises am\u00e9ricaines regardent avec int\u00e9r\u00eat croissant, dans un contexte de reconfiguration des cha\u00eenes d&rsquo;approvisionnement mondiales. Landau a tenu \u00e0 rappeler l&rsquo;anciennet\u00e9 des liens entre les deux pays. \u00abCes relations remontent \u00e0 1795\u00bb, a-t-il dit, \u00e9voquant le trait\u00e9 de paix et d&rsquo;amiti\u00e9 sign\u00e9 entre George Washington et le dey Hassan Pacha. \u00abL&rsquo;Alg\u00e9rie a \u00e9t\u00e9 parmi les premiers pays \u00e0 \u00e9tablir des relations diplomatiques avec les \u00c9tats-Unis, et les \u00c9tats-Unis ont \u00e9t\u00e9 parmi les premiers \u00e0 \u00e9tablir des relations avec l&rsquo;\u00c9tat alg\u00e9rien apr\u00e8s son ind\u00e9pendance en 1962.\u00bb La r\u00e9f\u00e9rence historique n&rsquo;est pas anodine : elle situe la relation dans une dur\u00e9e longue, bien au-del\u00e0 des al\u00e9as conjoncturels.<\/p>\n\n\n\n<p>Sur la s\u00e9curit\u00e9, Landau a mentionn\u00e9 \u00abdes domaines importants de coop\u00e9ration dans le secteur s\u00e9curitaire et la n\u00e9cessit\u00e9 de travailler ensemble pour faire face aux d\u00e9fis dans la r\u00e9gion du Sahel\u00bb. Il a aussi \u00e9voqu\u00e9, en passant, \u00abla r\u00e9solution de la question du Sahara occidental apr\u00e8s plus de 50 ans\u00bb.<\/p>\n\n\n\n<p>Ce qui ressort de cette journ\u00e9e, c&rsquo;est avant tout la volont\u00e9 des deux parties de sortir d&rsquo;une relation compartiment\u00e9e \u2014 s\u00e9curit\u00e9 d&rsquo;un c\u00f4t\u00e9, commerce de l&rsquo;autre \u2014 pour l&rsquo;envisager de mani\u00e8re plus int\u00e9gr\u00e9e. Landau l&rsquo;a dit sans d\u00e9tour : \u00abC&rsquo;est un moment tr\u00e8s important dans les relations entre les \u00c9tats-Unis et l&rsquo;Alg\u00e9rie. J&rsquo;esp\u00e8re que les g\u00e9n\u00e9rations futures consid\u00e9reront ce moment comme un tournant dans les relations entre deux grands pays.\u00bb Le mot \u00abtournant\u00bb est ambitieux.<\/p>\n\n\n\n<p>Salim Amokrane<\/p>\n\n\n\n<p><strong>Christopher Landau subjugu\u00e9 par le potentiel touristique \u00ab\u00a0incroyable\u00a0\u00bb de l&rsquo;Alg\u00e9rie<\/strong><\/p>\n\n\n\n<p>Le secr\u00e9taire d&rsquo;Etat adjoint des Etats-Unis, Christopher Landau, qui a effectu\u00e9 sa premi\u00e8re visite en Alg\u00e9rie, a \u00e9t\u00e9 subjugu\u00e9 par son potentiel touristique \u00ab\u00a0incroyable\u00a0\u00bb, exprimant son impatience de revenir explorer ce pays \u00ab\u00a0fascinant\u00a0\u00bb. \u00ab\u00a0L&rsquo;Alg\u00e9rie a un potentiel incroyable pour le tourisme et j&rsquo;ai h\u00e2te de revenir un jour pour explorer ce pays fascinant\u00a0\u00bb, a-t-il \u00e9crit mercredi sur les r\u00e9seaux sociaux. Le secr\u00e9taire d&rsquo;Etat adjoint des Etats-Unis \u00e9tait lundi et mardi \u00e0 Alger o\u00f9 il a rencontr\u00e9 le pr\u00e9sident de la R\u00e9publique, M. Abdelmadjid Tebboune, et plusieurs ministres en vue de renforcer la coop\u00e9ration bilat\u00e9rale et de faire progresser les efforts conjoints en faveur de la stabilit\u00e9 r\u00e9gionale, de la s\u00e9curit\u00e9 et de la prosp\u00e9rit\u00e9 \u00e9conomique. \u00ab\u00a0J&rsquo;ai \u00e9chapp\u00e9 \u00e0 mon emploi du temps charg\u00e9 pendant quelques minutes pour visiter le Palais du Dey dans le c\u00e9l\u00e8bre quartier de la Casbah et l&rsquo;ancien bureau de poste au centre ville\u00a0\u00bb, a-t-il fait savoir. Qualifiant de \u00ab\u00a0captivante\u00a0\u00bb la capitale, Alger, le responsable am\u00e9ricain s&rsquo;est r\u00e9joui notamment de son architecture et de ses \u00ab\u00a0magnifiques\u00a0\u00bb vues sur la M\u00e9diterran\u00e9e. \u00ab\u00a0Alger est une ville captivante avec son m\u00e9lange d&rsquo;architecture mauresque et europ\u00e9enne, et ses magnifiques vues sur la mer M\u00e9diterran\u00e9e\u00a0\u00bb, a-t-il ajout\u00e9.<\/p>\n\n\n\n<p>APS<\/p>\n","protected":false},"excerpt":{"rendered":"<p>Une d\u00e9l\u00e9gation am\u00e9ricaine de haut rang a \u00e9t\u00e9 re\u00e7ue mardi \u00e0 Alger par le pr\u00e9sident de la R\u00e9publique Abdelmadjid Tebboune.<\/p>\n","protected":false},"author":6,"featured_media":86795,"comment_status":"open","ping_status":"closed","sticky":false,"template":"","format":"standard","meta":{"colormag_page_container_layout":"default_layout","colormag_page_sidebar_layout":"default_layout","om_disable_all_campaigns":false,"_monsterinsights_skip_tracking":false,"_monsterinsights_sitenote_active":false,"_monsterinsights_sitenote_note":"","_monsterinsights_sitenote_category":0,"footnotes":"","_wpscppro_dont_share_socialmedia":false,"_wpscppro_custom_social_share_image":0,"_facebook_share_type":"default","_twitter_share_type":"default","_linkedin_share_type":"default","_pinterest_share_type":"default","_linkedin_share_type_page":"","_instagram_share_type":"default","_medium_share_type":"default","_threads_share_type":"default","_google_business_share_type":"default","_selected_social_profile":[],"_wpsp_enable_custom_social_template":false,"_wpsp_social_scheduling":{"enabled":false,"datetime":null,"platforms":[],"status":"template_only","dateOption":"today","timeOption":"now","customDays":"","customHours":"","customDate":"","customTime":"","schedulingType":"absolute"},"_wpsp_active_default_template":true},"categories":[27],"tags":[],"class_list":["post-86794","post","type-post","status-publish","format-standard","has-post-thumbnail","hentry","category-actualite"],"aioseo_notices":[],"yoast_head":"<!-- This site is optimized with the Yoast SEO plugin v27.5 - https:\/\/yoast.com\/product\/yoast-seo-wordpress\/ -->\n<title>L\u2019Alg\u00e9rie, \u00ab\u00a0un pilier de la stabilit\u00e9 de la r\u00e9gion\u00a0\u00bb - La Sentinelle<\/title>\n<meta name=\"robots\" content=\"index, follow, max-snippet:-1, max-image-preview:large, max-video-preview:-1\" \/>\n<link rel=\"canonical\" href=\"https:\/\/lasentinelle.dz\/index.php\/2026\/04\/29\/lalgerie-un-pilier-de-la-stabilite-de-la-region\/\" \/>\n<meta property=\"og:locale\" content=\"fr_FR\" \/>\n<meta property=\"og:type\" content=\"article\" \/>\n<meta property=\"og:title\" content=\"L\u2019Alg\u00e9rie, \u00ab\u00a0un pilier de la stabilit\u00e9 de la r\u00e9gion\u00a0\u00bb - La Sentinelle\" \/>\n<meta property=\"og:description\" content=\"Une d\u00e9l\u00e9gation am\u00e9ricaine de haut rang a \u00e9t\u00e9 re\u00e7ue mardi \u00e0 Alger par le pr\u00e9sident de la R\u00e9publique Abdelmadjid Tebboune.\" \/>\n<meta property=\"og:url\" content=\"https:\/\/lasentinelle.dz\/index.php\/2026\/04\/29\/lalgerie-un-pilier-de-la-stabilite-de-la-region\/\" \/>\n<meta property=\"og:site_name\" content=\"La Sentinelle\" \/>\n<meta property=\"article:publisher\" content=\"https:\/\/www.facebook.com\/La-Sentinelle-104059864394773\" \/>\n<meta property=\"article:published_time\" content=\"2026-04-29T18:02:41+00:00\" \/>\n<meta property=\"article:modified_time\" content=\"2026-05-01T18:03:31+00:00\" \/>\n<meta property=\"og:image\" content=\"https:\/\/lasentinelle.dz\/wp-content\/uploads\/2026\/05\/africom.jpg\" \/>\n\t<meta property=\"og:image:width\" content=\"1280\" \/>\n\t<meta property=\"og:image:height\" content=\"853\" \/>\n\t<meta property=\"og:image:type\" content=\"image\/jpeg\" \/>\n<meta name=\"author\" content=\"admin\" \/>\n<meta name=\"twitter:card\" content=\"summary_large_image\" \/>\n<meta name=\"twitter:label1\" content=\"\u00c9crit par\" \/>\n\t<meta name=\"twitter:data1\" content=\"admin\" \/>\n\t<meta name=\"twitter:label2\" content=\"Dur\u00e9e de lecture estim\u00e9e\" \/>\n\t<meta name=\"twitter:data2\" content=\"6 minutes\" \/>\n<script type=\"application\/ld+json\" class=\"yoast-schema-graph\">{\"@context\":\"https:\\\/\\\/schema.org\",\"@graph\":[{\"@type\":\"Article\",\"@id\":\"https:\\\/\\\/lasentinelle.dz\\\/index.php\\\/2026\\\/04\\\/29\\\/lalgerie-un-pilier-de-la-stabilite-de-la-region\\\/#article\",\"isPartOf\":{\"@id\":\"https:\\\/\\\/lasentinelle.dz\\\/index.php\\\/2026\\\/04\\\/29\\\/lalgerie-un-pilier-de-la-stabilite-de-la-region\\\/\"},\"author\":{\"name\":\"admin\",\"@id\":\"https:\\\/\\\/lasentinelle.dz\\\/#\\\/schema\\\/person\\\/729ee0024f24e0b8c5ec17232f8e8b41\"},\"headline\":\"L\u2019Alg\u00e9rie, \u00ab\u00a0un pilier de la stabilit\u00e9 de la r\u00e9gion\u00a0\u00bb\",\"datePublished\":\"2026-04-29T18:02:41+00:00\",\"dateModified\":\"2026-05-01T18:03:31+00:00\",\"mainEntityOfPage\":{\"@id\":\"https:\\\/\\\/lasentinelle.dz\\\/index.php\\\/2026\\\/04\\\/29\\\/lalgerie-un-pilier-de-la-stabilite-de-la-region\\\/\"},\"wordCount\":1166,\"commentCount\":0,\"publisher\":{\"@id\":\"https:\\\/\\\/lasentinelle.dz\\\/#organization\"},\"image\":{\"@id\":\"https:\\\/\\\/lasentinelle.dz\\\/index.php\\\/2026\\\/04\\\/29\\\/lalgerie-un-pilier-de-la-stabilite-de-la-region\\\/#primaryimage\"},\"thumbnailUrl\":\"https:\\\/\\\/lasentinelle.dz\\\/wp-content\\\/uploads\\\/2026\\\/05\\\/africom.jpg\",\"articleSection\":[\"Actualit\u00e9\"],\"inLanguage\":\"fr-FR\",\"potentialAction\":[{\"@type\":\"CommentAction\",\"name\":\"Comment\",\"target\":[\"https:\\\/\\\/lasentinelle.dz\\\/index.php\\\/2026\\\/04\\\/29\\\/lalgerie-un-pilier-de-la-stabilite-de-la-region\\\/#respond\"]}]},{\"@type\":\"WebPage\",\"@id\":\"https:\\\/\\\/lasentinelle.dz\\\/index.php\\\/2026\\\/04\\\/29\\\/lalgerie-un-pilier-de-la-stabilite-de-la-region\\\/\",\"url\":\"https:\\\/\\\/lasentinelle.dz\\\/index.php\\\/2026\\\/04\\\/29\\\/lalgerie-un-pilier-de-la-stabilite-de-la-region\\\/\",\"name\":\"L\u2019Alg\u00e9rie, \u00ab\u00a0un pilier de la stabilit\u00e9 de la r\u00e9gion\u00a0\u00bb - La Sentinelle\",\"isPartOf\":{\"@id\":\"https:\\\/\\\/lasentinelle.dz\\\/#website\"},\"primaryImageOfPage\":{\"@id\":\"https:\\\/\\\/lasentinelle.dz\\\/index.php\\\/2026\\\/04\\\/29\\\/lalgerie-un-pilier-de-la-stabilite-de-la-region\\\/#primaryimage\"},\"image\":{\"@id\":\"https:\\\/\\\/lasentinelle.dz\\\/index.php\\\/2026\\\/04\\\/29\\\/lalgerie-un-pilier-de-la-stabilite-de-la-region\\\/#primaryimage\"},\"thumbnailUrl\":\"https:\\\/\\\/lasentinelle.dz\\\/wp-content\\\/uploads\\\/2026\\\/05\\\/africom.jpg\",\"datePublished\":\"2026-04-29T18:02:41+00:00\",\"dateModified\":\"2026-05-01T18:03:31+00:00\",\"breadcrumb\":{\"@id\":\"https:\\\/\\\/lasentinelle.dz\\\/index.php\\\/2026\\\/04\\\/29\\\/lalgerie-un-pilier-de-la-stabilite-de-la-region\\\/#breadcrumb\"},\"inLanguage\":\"fr-FR\",\"potentialAction\":[{\"@type\":\"ReadAction\",\"target\":[\"https:\\\/\\\/lasentinelle.dz\\\/index.php\\\/2026\\\/04\\\/29\\\/lalgerie-un-pilier-de-la-stabilite-de-la-region\\\/\"]}]},{\"@type\":\"ImageObject\",\"inLanguage\":\"fr-FR\",\"@id\":\"https:\\\/\\\/lasentinelle.dz\\\/index.php\\\/2026\\\/04\\\/29\\\/lalgerie-un-pilier-de-la-stabilite-de-la-region\\\/#primaryimage\",\"url\":\"https:\\\/\\\/lasentinelle.dz\\\/wp-content\\\/uploads\\\/2026\\\/05\\\/africom.jpg\",\"contentUrl\":\"https:\\\/\\\/lasentinelle.dz\\\/wp-content\\\/uploads\\\/2026\\\/05\\\/africom.jpg\",\"width\":1280,\"height\":853},{\"@type\":\"BreadcrumbList\",\"@id\":\"https:\\\/\\\/lasentinelle.dz\\\/index.php\\\/2026\\\/04\\\/29\\\/lalgerie-un-pilier-de-la-stabilite-de-la-region\\\/#breadcrumb\",\"itemListElement\":[{\"@type\":\"ListItem\",\"position\":1,\"name\":\"Accueil\",\"item\":\"https:\\\/\\\/lasentinelle.dz\\\/\"},{\"@type\":\"ListItem\",\"position\":2,\"name\":\"L\u2019Alg\u00e9rie, \u00ab\u00a0un pilier de la stabilit\u00e9 de la r\u00e9gion\u00a0\u00bb\"}]},{\"@type\":\"WebSite\",\"@id\":\"https:\\\/\\\/lasentinelle.dz\\\/#website\",\"url\":\"https:\\\/\\\/lasentinelle.dz\\\/\",\"name\":\"La Sentinelle\",\"description\":\"Quotidien national d&#039;information\",\"publisher\":{\"@id\":\"https:\\\/\\\/lasentinelle.dz\\\/#organization\"},\"potentialAction\":[{\"@type\":\"SearchAction\",\"target\":{\"@type\":\"EntryPoint\",\"urlTemplate\":\"https:\\\/\\\/lasentinelle.dz\\\/?s={search_term_string}\"},\"query-input\":{\"@type\":\"PropertyValueSpecification\",\"valueRequired\":true,\"valueName\":\"search_term_string\"}}],\"inLanguage\":\"fr-FR\"},{\"@type\":\"Organization\",\"@id\":\"https:\\\/\\\/lasentinelle.dz\\\/#organization\",\"name\":\"Quotidien La Sentinelle\",\"url\":\"https:\\\/\\\/lasentinelle.dz\\\/\",\"logo\":{\"@type\":\"ImageObject\",\"inLanguage\":\"fr-FR\",\"@id\":\"https:\\\/\\\/lasentinelle.dz\\\/#\\\/schema\\\/logo\\\/image\\\/\",\"url\":\"https:\\\/\\\/lasentinelle.dz\\\/wp-content\\\/uploads\\\/2021\\\/09\\\/logo-sentinelleSLOGAN-1.png\",\"contentUrl\":\"https:\\\/\\\/lasentinelle.dz\\\/wp-content\\\/uploads\\\/2021\\\/09\\\/logo-sentinelleSLOGAN-1.png\",\"width\":615,\"height\":142,\"caption\":\"Quotidien La Sentinelle\"},\"image\":{\"@id\":\"https:\\\/\\\/lasentinelle.dz\\\/#\\\/schema\\\/logo\\\/image\\\/\"},\"sameAs\":[\"https:\\\/\\\/www.facebook.com\\\/La-Sentinelle-104059864394773\"]},{\"@type\":\"Person\",\"@id\":\"https:\\\/\\\/lasentinelle.dz\\\/#\\\/schema\\\/person\\\/729ee0024f24e0b8c5ec17232f8e8b41\",\"name\":\"admin\",\"image\":{\"@type\":\"ImageObject\",\"inLanguage\":\"fr-FR\",\"@id\":\"https:\\\/\\\/secure.gravatar.com\\\/avatar\\\/4c81fed838786e9b53f540bf46533e750f5d292099ae3b66cfc6fb1982e29df7?s=96&d=mm&r=g\",\"url\":\"https:\\\/\\\/secure.gravatar.com\\\/avatar\\\/4c81fed838786e9b53f540bf46533e750f5d292099ae3b66cfc6fb1982e29df7?s=96&d=mm&r=g\",\"contentUrl\":\"https:\\\/\\\/secure.gravatar.com\\\/avatar\\\/4c81fed838786e9b53f540bf46533e750f5d292099ae3b66cfc6fb1982e29df7?s=96&d=mm&r=g\",\"caption\":\"admin\"},\"description\":\"admin\",\"url\":\"https:\\\/\\\/lasentinelle.dz\\\/author\\\/admin\\\/\"}]}<\/script>\n<!-- \/ Yoast SEO plugin. -->","yoast_head_json":{"title":"L\u2019Alg\u00e9rie, \u00ab\u00a0un pilier de la stabilit\u00e9 de la r\u00e9gion\u00a0\u00bb - La Sentinelle","robots":{"index":"index","follow":"follow","max-snippet":"max-snippet:-1","max-image-preview":"max-image-preview:large","max-video-preview":"max-video-preview:-1"},"canonical":"https:\/\/lasentinelle.dz\/index.php\/2026\/04\/29\/lalgerie-un-pilier-de-la-stabilite-de-la-region\/","og_locale":"fr_FR","og_type":"article","og_title":"L\u2019Alg\u00e9rie, \u00ab\u00a0un pilier de la stabilit\u00e9 de la r\u00e9gion\u00a0\u00bb - La Sentinelle","og_description":"Une d\u00e9l\u00e9gation am\u00e9ricaine de haut rang a \u00e9t\u00e9 re\u00e7ue mardi \u00e0 Alger par le pr\u00e9sident de la R\u00e9publique Abdelmadjid Tebboune.","og_url":"https:\/\/lasentinelle.dz\/index.php\/2026\/04\/29\/lalgerie-un-pilier-de-la-stabilite-de-la-region\/","og_site_name":"La Sentinelle","article_publisher":"https:\/\/www.facebook.com\/La-Sentinelle-104059864394773","article_published_time":"2026-04-29T18:02:41+00:00","article_modified_time":"2026-05-01T18:03:31+00:00","og_image":[{"width":1280,"height":853,"url":"https:\/\/lasentinelle.dz\/wp-content\/uploads\/2026\/05\/africom.jpg","type":"image\/jpeg"}],"author":"admin","twitter_card":"summary_large_image","twitter_misc":{"\u00c9crit par":"admin","Dur\u00e9e de lecture estim\u00e9e":"6 minutes"},"schema":{"@context":"https:\/\/schema.org","@graph":[{"@type":"Article","@id":"https:\/\/lasentinelle.dz\/index.php\/2026\/04\/29\/lalgerie-un-pilier-de-la-stabilite-de-la-region\/#article","isPartOf":{"@id":"https:\/\/lasentinelle.dz\/index.php\/2026\/04\/29\/lalgerie-un-pilier-de-la-stabilite-de-la-region\/"},"author":{"name":"admin","@id":"https:\/\/lasentinelle.dz\/#\/schema\/person\/729ee0024f24e0b8c5ec17232f8e8b41"},"headline":"L\u2019Alg\u00e9rie, \u00ab\u00a0un pilier de la stabilit\u00e9 de la r\u00e9gion\u00a0\u00bb","datePublished":"2026-04-29T18:02:41+00:00","dateModified":"2026-05-01T18:03:31+00:00","mainEntityOfPage":{"@id":"https:\/\/lasentinelle.dz\/index.php\/2026\/04\/29\/lalgerie-un-pilier-de-la-stabilite-de-la-region\/"},"wordCount":1166,"commentCount":0,"publisher":{"@id":"https:\/\/lasentinelle.dz\/#organization"},"image":{"@id":"https:\/\/lasentinelle.dz\/index.php\/2026\/04\/29\/lalgerie-un-pilier-de-la-stabilite-de-la-region\/#primaryimage"},"thumbnailUrl":"https:\/\/lasentinelle.dz\/wp-content\/uploads\/2026\/05\/africom.jpg","articleSection":["Actualit\u00e9"],"inLanguage":"fr-FR","potentialAction":[{"@type":"CommentAction","name":"Comment","target":["https:\/\/lasentinelle.dz\/index.php\/2026\/04\/29\/lalgerie-un-pilier-de-la-stabilite-de-la-region\/#respond"]}]},{"@type":"WebPage","@id":"https:\/\/lasentinelle.dz\/index.php\/2026\/04\/29\/lalgerie-un-pilier-de-la-stabilite-de-la-region\/","url":"https:\/\/lasentinelle.dz\/index.php\/2026\/04\/29\/lalgerie-un-pilier-de-la-stabilite-de-la-region\/","name":"L\u2019Alg\u00e9rie, \u00ab\u00a0un pilier de la stabilit\u00e9 de la r\u00e9gion\u00a0\u00bb - La Sentinelle","isPartOf":{"@id":"https:\/\/lasentinelle.dz\/#website"},"primaryImageOfPage":{"@id":"https:\/\/lasentinelle.dz\/index.php\/2026\/04\/29\/lalgerie-un-pilier-de-la-stabilite-de-la-region\/#primaryimage"},"image":{"@id":"https:\/\/lasentinelle.dz\/index.php\/2026\/04\/29\/lalgerie-un-pilier-de-la-stabilite-de-la-region\/#primaryimage"},"thumbnailUrl":"https:\/\/lasentinelle.dz\/wp-content\/uploads\/2026\/05\/africom.jpg","datePublished":"2026-04-29T18:02:41+00:00","dateModified":"2026-05-01T18:03:31+00:00","breadcrumb":{"@id":"https:\/\/lasentinelle.dz\/index.php\/2026\/04\/29\/lalgerie-un-pilier-de-la-stabilite-de-la-region\/#breadcrumb"},"inLanguage":"fr-FR","potentialAction":[{"@type":"ReadAction","target":["https:\/\/lasentinelle.dz\/index.php\/2026\/04\/29\/lalgerie-un-pilier-de-la-stabilite-de-la-region\/"]}]},{"@type":"ImageObject","inLanguage":"fr-FR","@id":"https:\/\/lasentinelle.dz\/index.php\/2026\/04\/29\/lalgerie-un-pilier-de-la-stabilite-de-la-region\/#primaryimage","url":"https:\/\/lasentinelle.dz\/wp-content\/uploads\/2026\/05\/africom.jpg","contentUrl":"https:\/\/lasentinelle.dz\/wp-content\/uploads\/2026\/05\/africom.jpg","width":1280,"height":853},{"@type":"BreadcrumbList","@id":"https:\/\/lasentinelle.dz\/index.php\/2026\/04\/29\/lalgerie-un-pilier-de-la-stabilite-de-la-region\/#breadcrumb","itemListElement":[{"@type":"ListItem","position":1,"name":"Accueil","item":"https:\/\/lasentinelle.dz\/"},{"@type":"ListItem","position":2,"name":"L\u2019Alg\u00e9rie, \u00ab\u00a0un pilier de la stabilit\u00e9 de la r\u00e9gion\u00a0\u00bb"}]},{"@type":"WebSite","@id":"https:\/\/lasentinelle.dz\/#website","url":"https:\/\/lasentinelle.dz\/","name":"La Sentinelle","description":"Quotidien national d&#039;information","publisher":{"@id":"https:\/\/lasentinelle.dz\/#organization"},"potentialAction":[{"@type":"SearchAction","target":{"@type":"EntryPoint","urlTemplate":"https:\/\/lasentinelle.dz\/?s={search_term_string}"},"query-input":{"@type":"PropertyValueSpecification","valueRequired":true,"valueName":"search_term_string"}}],"inLanguage":"fr-FR"},{"@type":"Organization","@id":"https:\/\/lasentinelle.dz\/#organization","name":"Quotidien La Sentinelle","url":"https:\/\/lasentinelle.dz\/","logo":{"@type":"ImageObject","inLanguage":"fr-FR","@id":"https:\/\/lasentinelle.dz\/#\/schema\/logo\/image\/","url":"https:\/\/lasentinelle.dz\/wp-content\/uploads\/2021\/09\/logo-sentinelleSLOGAN-1.png","contentUrl":"https:\/\/lasentinelle.dz\/wp-content\/uploads\/2021\/09\/logo-sentinelleSLOGAN-1.png","width":615,"height":142,"caption":"Quotidien La Sentinelle"},"image":{"@id":"https:\/\/lasentinelle.dz\/#\/schema\/logo\/image\/"},"sameAs":["https:\/\/www.facebook.com\/La-Sentinelle-104059864394773"]},{"@type":"Person","@id":"https:\/\/lasentinelle.dz\/#\/schema\/person\/729ee0024f24e0b8c5ec17232f8e8b41","name":"admin","image":{"@type":"ImageObject","inLanguage":"fr-FR","@id":"https:\/\/secure.gravatar.com\/avatar\/4c81fed838786e9b53f540bf46533e750f5d292099ae3b66cfc6fb1982e29df7?s=96&d=mm&r=g","url":"https:\/\/secure.gravatar.com\/avatar\/4c81fed838786e9b53f540bf46533e750f5d292099ae3b66cfc6fb1982e29df7?s=96&d=mm&r=g","contentUrl":"https:\/\/secure.gravatar.com\/avatar\/4c81fed838786e9b53f540bf46533e750f5d292099ae3b66cfc6fb1982e29df7?s=96&d=mm&r=g","caption":"admin"},"description":"admin","url":"https:\/\/lasentinelle.dz\/author\/admin\/"}]}},"_links":{"self":[{"href":"https:\/\/lasentinelle.dz\/index.php\/wp-json\/wp\/v2\/posts\/86794","targetHints":{"allow":["GET"]}}],"collection":[{"href":"https:\/\/lasentinelle.dz\/index.php\/wp-json\/wp\/v2\/posts"}],"about":[{"href":"https:\/\/lasentinelle.dz\/index.php\/wp-json\/wp\/v2\/types\/post"}],"author":[{"embeddable":true,"href":"https:\/\/lasentinelle.dz\/index.php\/wp-json\/wp\/v2\/users\/6"}],"replies":[{"embeddable":true,"href":"https:\/\/lasentinelle.dz\/index.php\/wp-json\/wp\/v2\/comments?post=86794"}],"version-history":[{"count":1,"href":"https:\/\/lasentinelle.dz\/index.php\/wp-json\/wp\/v2\/posts\/86794\/revisions"}],"predecessor-version":[{"id":86796,"href":"https:\/\/lasentinelle.dz\/index.php\/wp-json\/wp\/v2\/posts\/86794\/revisions\/86796"}],"wp:featuredmedia":[{"embeddable":true,"href":"https:\/\/lasentinelle.dz\/index.php\/wp-json\/wp\/v2\/media\/86795"}],"wp:attachment":[{"href":"https:\/\/lasentinelle.dz\/index.php\/wp-json\/wp\/v2\/media?parent=86794"}],"wp:term":[{"taxonomy":"category","embeddable":true,"href":"https:\/\/lasentinelle.dz\/index.php\/wp-json\/wp\/v2\/categories?post=86794"},{"taxonomy":"post_tag","embeddable":true,"href":"https:\/\/lasentinelle.dz\/index.php\/wp-json\/wp\/v2\/tags?post=86794"}],"curies":[{"name":"wp","href":"https:\/\/api.w.org\/{rel}","templated":true}]}}