{"id":8701,"date":"2021-09-22T00:01:00","date_gmt":"2021-09-21T23:01:00","guid":{"rendered":"https:\/\/lasentinelle.dz\/?p=8701"},"modified":"2021-09-21T16:23:11","modified_gmt":"2021-09-21T15:23:11","slug":"annaba-le-delegue-de-la-cap-reelu","status":"publish","type":"post","link":"https:\/\/lasentinelle.dz\/index.php\/2021\/09\/22\/annaba-le-delegue-de-la-cap-reelu\/","title":{"rendered":"Annaba : Le d\u00e9l\u00e9gu\u00e9 de la CAP r\u00e9\u00e9lu"},"content":{"rendered":"\n<p>Il est sorti par la petite porte apr\u00e8s avoir \u00e9t\u00e9 suspendu, le voil\u00e0 qui revient par la grande porte, en emportant la majorit\u00e9 des voix des membres du bureau.\u00c0 l\u2019issue d\u2019une assembl\u00e9e g\u00e9n\u00e9rale \u00e9lective du bureau ex\u00e9cutif de la wilaya d\u2019Annaba, de la Conf\u00e9d\u00e9ration alg\u00e9rienne du patronat (CAP), la majorit\u00e9 des membres pr\u00e9sents ont renouvel\u00e9 leur confiance hier au pr\u00e9sident sortant Noureddine Boughanem, \u00e0 la t\u00eate du bureau de la CAP d\u2019Annaba, apprend-on de source interne.Ainsi Noureddine Boughanem vient d\u2019\u00eatre reconduit, pour ne pas dire r\u00e9\u00e9lupour un nouveau mandat \u00e0 la t\u00eate de cette organisation patronale. Car il est utile de rappeler que NourredineBoughanem avait \u00e9t\u00e9 suspenduen novembre 2020 de toute activit\u00e9 au sein de la CAP, et remplac\u00e9 par Ali Kerchouche, un op\u00e9rateur \u00e9conomique. Ce dernier a remplac\u00e9 NourredineBoughanem,qui avait \u00e9t\u00e9 \u00e9loign\u00e9 de son fauteuil au lendemain d\u2019une assembl\u00e9e g\u00e9n\u00e9rale o\u00f9 avait \u00e9t\u00e9 \u00e9lu Bouabbas Mohamed Nadir, pr\u00e9sident national. Ce dernier avait \u00e9t\u00e9 reconnu comme \u00e9tant seul repr\u00e9sentant de la CAP aupr\u00e8s des autorit\u00e9s locales, comme pr\u00e9sident du bureau ex\u00e9cutif d\u2019Annaba et Ali Kerchouche\u00e9tait charg\u00e9 de mobiliser les op\u00e9rateurs \u00e9conomiques activant dans la wilaya \u00e0 l\u2019effet de donner une nouvelle dynamique \u00e0 la conf\u00e9d\u00e9ration notamment en cette p\u00e9riode de crise \u00e9conomique. La d\u00e9cision e la suspension de Noureddine Boughanem et la nomination d\u2019Ali Kerchouche \u00e0 la t\u00eate du bureau ex\u00e9cutif deCAP \u00e0 Annaba avait \u00e9t\u00e9 notifi\u00e9eauxautorit\u00e9s locales d\u2019Annaba, dont le wali d\u2019Annaba,avait \u00e9t\u00e9 saisies officiellement par le pr\u00e9sident national de la CAP -Bouabbas Mohamed Nadir. Aujourd\u2019hui, une ann\u00e9e apr\u00e8s avoir \u00e9t\u00e9 \u00e9vinc\u00e9 du directoire de cette organisation patronale \u00e0 Annaba, Noureddine Boughanem vient d\u2019\u00eatre r\u00e9\u00e9lu ou reconduit \u00e0 la t\u00eate du bureau ex\u00e9cutif de la CAP \u00e0 Annaba. Selon certaines indiscr\u00e9tions,peu avant l\u2019 assembl\u00e9e\u00e9lective, une r\u00e9union a \u00e9t\u00e9 tenue, rassemblant l\u2019ensemble des membres et adh\u00e9rents de la CAP d\u2019Annabasous la pr\u00e9sidence de Boughanem Noureddine, en pr\u00e9sence deBelbel Khaled, pr\u00e9sident de laf\u00e9d\u00e9ration agroalimentaire, Benlaifapremier vice-pr\u00e9sident, Ardjouni Walid deuxi\u00e8me vice-pr\u00e9sident et Oki Fouad ainsi que tous les subdivisionnaires et responsables de commissions. Une cellule ex\u00e9cutive ayant pour mission de redynamiser le fonctionnement et la gestion de l\u2019organisation dans un cadre statutaire et une transparence concernant tous les aspects a \u00e9t\u00e9 install\u00e9e, \u00e0 cette occasion, selon des participants \u00e0 cette r\u00e9union. Toujours selon la m\u00eame source, d\u2019autres points ont \u00e9t\u00e9 soulev\u00e9s concernant les moyens humains et mat\u00e9riels qui vont garantir des r\u00e9sultats probants.<\/p>\n\n\n\n<p><strong>S. Chahine<\/strong><\/p>\n","protected":false},"excerpt":{"rendered":"<p>Il est sorti par la petite porte apr\u00e8s avoir \u00e9t\u00e9 suspendu, le voil\u00e0 qui revient par la grande porte, en<\/p>\n","protected":false},"author":3,"featured_media":0,"comment_status":"open","ping_status":"closed","sticky":false,"template":"","format":"standard","meta":{"colormag_page_container_layout":"default_layout","colormag_page_sidebar_layout":"default_layout","om_disable_all_campaigns":false,"_monsterinsights_skip_tracking":false,"_monsterinsights_sitenote_active":false,"_monsterinsights_sitenote_note":"","_monsterinsights_sitenote_category":0,"footnotes":"","_wpscppro_dont_share_socialmedia":false,"_wpscppro_custom_social_share_image":0,"_facebook_share_type":"","_twitter_share_type":"","_linkedin_share_type":"","_pinterest_share_type":"","_linkedin_share_type_page":"","_instagram_share_type":"","_medium_share_type":"","_threads_share_type":"","_google_business_share_type":"","_selected_social_profile":[],"_wpsp_enable_custom_social_template":false,"_wpsp_social_scheduling":{"enabled":false,"datetime":null,"platforms":[],"status":"template_only","dateOption":"today","timeOption":"now","customDays":"","customHours":"","customDate":"","customTime":"","schedulingType":"absolute"},"_wpsp_active_default_template":true},"categories":[31],"tags":[],"class_list":["post-8701","post","type-post","status-publish","format-standard","hentry","category-regions"],"aioseo_notices":[],"yoast_head":"<!-- This site is optimized with the Yoast SEO plugin v27.5 - https:\/\/yoast.com\/product\/yoast-seo-wordpress\/ -->\n<title>Annaba : Le d\u00e9l\u00e9gu\u00e9 de la CAP r\u00e9\u00e9lu - La Sentinelle<\/title>\n<meta name=\"robots\" content=\"index, follow, max-snippet:-1, max-image-preview:large, max-video-preview:-1\" \/>\n<link rel=\"canonical\" href=\"https:\/\/lasentinelle.dz\/index.php\/2021\/09\/22\/annaba-le-delegue-de-la-cap-reelu\/\" \/>\n<meta property=\"og:locale\" content=\"fr_FR\" \/>\n<meta property=\"og:type\" content=\"article\" \/>\n<meta property=\"og:title\" content=\"Annaba : Le d\u00e9l\u00e9gu\u00e9 de la CAP r\u00e9\u00e9lu - La Sentinelle\" \/>\n<meta property=\"og:description\" content=\"Il est sorti par la petite porte apr\u00e8s avoir \u00e9t\u00e9 suspendu, le voil\u00e0 qui revient par la grande porte, en\" \/>\n<meta property=\"og:url\" content=\"https:\/\/lasentinelle.dz\/index.php\/2021\/09\/22\/annaba-le-delegue-de-la-cap-reelu\/\" \/>\n<meta property=\"og:site_name\" content=\"La Sentinelle\" \/>\n<meta property=\"article:publisher\" content=\"https:\/\/www.facebook.com\/La-Sentinelle-104059864394773\" \/>\n<meta property=\"article:published_time\" content=\"2021-09-21T23:01:00+00:00\" \/>\n<meta name=\"author\" content=\"La Sentinelle\" \/>\n<meta name=\"twitter:card\" content=\"summary_large_image\" \/>\n<meta name=\"twitter:label1\" content=\"\u00c9crit par\" \/>\n\t<meta name=\"twitter:data1\" content=\"La Sentinelle\" \/>\n\t<meta name=\"twitter:label2\" content=\"Dur\u00e9e de lecture estim\u00e9e\" \/>\n\t<meta name=\"twitter:data2\" content=\"2 minutes\" \/>\n<script type=\"application\/ld+json\" class=\"yoast-schema-graph\">{\"@context\":\"https:\\\/\\\/schema.org\",\"@graph\":[{\"@type\":\"Article\",\"@id\":\"https:\\\/\\\/lasentinelle.dz\\\/index.php\\\/2021\\\/09\\\/22\\\/annaba-le-delegue-de-la-cap-reelu\\\/#article\",\"isPartOf\":{\"@id\":\"https:\\\/\\\/lasentinelle.dz\\\/index.php\\\/2021\\\/09\\\/22\\\/annaba-le-delegue-de-la-cap-reelu\\\/\"},\"author\":{\"name\":\"La Sentinelle\",\"@id\":\"https:\\\/\\\/lasentinelle.dz\\\/#\\\/schema\\\/person\\\/d865044e22e70a75174ce8bcad3acfb3\"},\"headline\":\"Annaba : Le d\u00e9l\u00e9gu\u00e9 de la CAP r\u00e9\u00e9lu\",\"datePublished\":\"2021-09-21T23:01:00+00:00\",\"mainEntityOfPage\":{\"@id\":\"https:\\\/\\\/lasentinelle.dz\\\/index.php\\\/2021\\\/09\\\/22\\\/annaba-le-delegue-de-la-cap-reelu\\\/\"},\"wordCount\":471,\"commentCount\":0,\"publisher\":{\"@id\":\"https:\\\/\\\/lasentinelle.dz\\\/#organization\"},\"articleSection\":[\"R\u00e9gions\"],\"inLanguage\":\"fr-FR\",\"potentialAction\":[{\"@type\":\"CommentAction\",\"name\":\"Comment\",\"target\":[\"https:\\\/\\\/lasentinelle.dz\\\/index.php\\\/2021\\\/09\\\/22\\\/annaba-le-delegue-de-la-cap-reelu\\\/#respond\"]}]},{\"@type\":\"WebPage\",\"@id\":\"https:\\\/\\\/lasentinelle.dz\\\/index.php\\\/2021\\\/09\\\/22\\\/annaba-le-delegue-de-la-cap-reelu\\\/\",\"url\":\"https:\\\/\\\/lasentinelle.dz\\\/index.php\\\/2021\\\/09\\\/22\\\/annaba-le-delegue-de-la-cap-reelu\\\/\",\"name\":\"Annaba : Le d\u00e9l\u00e9gu\u00e9 de la CAP r\u00e9\u00e9lu - La Sentinelle\",\"isPartOf\":{\"@id\":\"https:\\\/\\\/lasentinelle.dz\\\/#website\"},\"datePublished\":\"2021-09-21T23:01:00+00:00\",\"breadcrumb\":{\"@id\":\"https:\\\/\\\/lasentinelle.dz\\\/index.php\\\/2021\\\/09\\\/22\\\/annaba-le-delegue-de-la-cap-reelu\\\/#breadcrumb\"},\"inLanguage\":\"fr-FR\",\"potentialAction\":[{\"@type\":\"ReadAction\",\"target\":[\"https:\\\/\\\/lasentinelle.dz\\\/index.php\\\/2021\\\/09\\\/22\\\/annaba-le-delegue-de-la-cap-reelu\\\/\"]}]},{\"@type\":\"BreadcrumbList\",\"@id\":\"https:\\\/\\\/lasentinelle.dz\\\/index.php\\\/2021\\\/09\\\/22\\\/annaba-le-delegue-de-la-cap-reelu\\\/#breadcrumb\",\"itemListElement\":[{\"@type\":\"ListItem\",\"position\":1,\"name\":\"Accueil\",\"item\":\"https:\\\/\\\/lasentinelle.dz\\\/\"},{\"@type\":\"ListItem\",\"position\":2,\"name\":\"Annaba : Le d\u00e9l\u00e9gu\u00e9 de la CAP r\u00e9\u00e9lu\"}]},{\"@type\":\"WebSite\",\"@id\":\"https:\\\/\\\/lasentinelle.dz\\\/#website\",\"url\":\"https:\\\/\\\/lasentinelle.dz\\\/\",\"name\":\"La Sentinelle\",\"description\":\"Quotidien national d&#039;information\",\"publisher\":{\"@id\":\"https:\\\/\\\/lasentinelle.dz\\\/#organization\"},\"potentialAction\":[{\"@type\":\"SearchAction\",\"target\":{\"@type\":\"EntryPoint\",\"urlTemplate\":\"https:\\\/\\\/lasentinelle.dz\\\/?s={search_term_string}\"},\"query-input\":{\"@type\":\"PropertyValueSpecification\",\"valueRequired\":true,\"valueName\":\"search_term_string\"}}],\"inLanguage\":\"fr-FR\"},{\"@type\":\"Organization\",\"@id\":\"https:\\\/\\\/lasentinelle.dz\\\/#organization\",\"name\":\"Quotidien La Sentinelle\",\"url\":\"https:\\\/\\\/lasentinelle.dz\\\/\",\"logo\":{\"@type\":\"ImageObject\",\"inLanguage\":\"fr-FR\",\"@id\":\"https:\\\/\\\/lasentinelle.dz\\\/#\\\/schema\\\/logo\\\/image\\\/\",\"url\":\"https:\\\/\\\/lasentinelle.dz\\\/wp-content\\\/uploads\\\/2021\\\/09\\\/logo-sentinelleSLOGAN-1.png\",\"contentUrl\":\"https:\\\/\\\/lasentinelle.dz\\\/wp-content\\\/uploads\\\/2021\\\/09\\\/logo-sentinelleSLOGAN-1.png\",\"width\":615,\"height\":142,\"caption\":\"Quotidien La Sentinelle\"},\"image\":{\"@id\":\"https:\\\/\\\/lasentinelle.dz\\\/#\\\/schema\\\/logo\\\/image\\\/\"},\"sameAs\":[\"https:\\\/\\\/www.facebook.com\\\/La-Sentinelle-104059864394773\"]},{\"@type\":\"Person\",\"@id\":\"https:\\\/\\\/lasentinelle.dz\\\/#\\\/schema\\\/person\\\/d865044e22e70a75174ce8bcad3acfb3\",\"name\":\"La Sentinelle\",\"image\":{\"@type\":\"ImageObject\",\"inLanguage\":\"fr-FR\",\"@id\":\"https:\\\/\\\/secure.gravatar.com\\\/avatar\\\/57de8e5d4b15d43fb361a71fbb36338450fe67865b528a43dd10ef7c51a20392?s=96&d=mm&r=g\",\"url\":\"https:\\\/\\\/secure.gravatar.com\\\/avatar\\\/57de8e5d4b15d43fb361a71fbb36338450fe67865b528a43dd10ef7c51a20392?s=96&d=mm&r=g\",\"contentUrl\":\"https:\\\/\\\/secure.gravatar.com\\\/avatar\\\/57de8e5d4b15d43fb361a71fbb36338450fe67865b528a43dd10ef7c51a20392?s=96&d=mm&r=g\",\"caption\":\"La Sentinelle\"},\"sameAs\":[\"http:\\\/\\\/www.lasentinelle.dz\"],\"url\":\"https:\\\/\\\/lasentinelle.dz\\\/author\\\/redaction\\\/\"}]}<\/script>\n<!-- \/ Yoast SEO plugin. -->","yoast_head_json":{"title":"Annaba : Le d\u00e9l\u00e9gu\u00e9 de la CAP r\u00e9\u00e9lu - La Sentinelle","robots":{"index":"index","follow":"follow","max-snippet":"max-snippet:-1","max-image-preview":"max-image-preview:large","max-video-preview":"max-video-preview:-1"},"canonical":"https:\/\/lasentinelle.dz\/index.php\/2021\/09\/22\/annaba-le-delegue-de-la-cap-reelu\/","og_locale":"fr_FR","og_type":"article","og_title":"Annaba : Le d\u00e9l\u00e9gu\u00e9 de la CAP r\u00e9\u00e9lu - La Sentinelle","og_description":"Il est sorti par la petite porte apr\u00e8s avoir \u00e9t\u00e9 suspendu, le voil\u00e0 qui revient par la grande porte, en","og_url":"https:\/\/lasentinelle.dz\/index.php\/2021\/09\/22\/annaba-le-delegue-de-la-cap-reelu\/","og_site_name":"La Sentinelle","article_publisher":"https:\/\/www.facebook.com\/La-Sentinelle-104059864394773","article_published_time":"2021-09-21T23:01:00+00:00","author":"La Sentinelle","twitter_card":"summary_large_image","twitter_misc":{"\u00c9crit par":"La Sentinelle","Dur\u00e9e de lecture estim\u00e9e":"2 minutes"},"schema":{"@context":"https:\/\/schema.org","@graph":[{"@type":"Article","@id":"https:\/\/lasentinelle.dz\/index.php\/2021\/09\/22\/annaba-le-delegue-de-la-cap-reelu\/#article","isPartOf":{"@id":"https:\/\/lasentinelle.dz\/index.php\/2021\/09\/22\/annaba-le-delegue-de-la-cap-reelu\/"},"author":{"name":"La Sentinelle","@id":"https:\/\/lasentinelle.dz\/#\/schema\/person\/d865044e22e70a75174ce8bcad3acfb3"},"headline":"Annaba : Le d\u00e9l\u00e9gu\u00e9 de la CAP r\u00e9\u00e9lu","datePublished":"2021-09-21T23:01:00+00:00","mainEntityOfPage":{"@id":"https:\/\/lasentinelle.dz\/index.php\/2021\/09\/22\/annaba-le-delegue-de-la-cap-reelu\/"},"wordCount":471,"commentCount":0,"publisher":{"@id":"https:\/\/lasentinelle.dz\/#organization"},"articleSection":["R\u00e9gions"],"inLanguage":"fr-FR","potentialAction":[{"@type":"CommentAction","name":"Comment","target":["https:\/\/lasentinelle.dz\/index.php\/2021\/09\/22\/annaba-le-delegue-de-la-cap-reelu\/#respond"]}]},{"@type":"WebPage","@id":"https:\/\/lasentinelle.dz\/index.php\/2021\/09\/22\/annaba-le-delegue-de-la-cap-reelu\/","url":"https:\/\/lasentinelle.dz\/index.php\/2021\/09\/22\/annaba-le-delegue-de-la-cap-reelu\/","name":"Annaba : Le d\u00e9l\u00e9gu\u00e9 de la CAP r\u00e9\u00e9lu - La Sentinelle","isPartOf":{"@id":"https:\/\/lasentinelle.dz\/#website"},"datePublished":"2021-09-21T23:01:00+00:00","breadcrumb":{"@id":"https:\/\/lasentinelle.dz\/index.php\/2021\/09\/22\/annaba-le-delegue-de-la-cap-reelu\/#breadcrumb"},"inLanguage":"fr-FR","potentialAction":[{"@type":"ReadAction","target":["https:\/\/lasentinelle.dz\/index.php\/2021\/09\/22\/annaba-le-delegue-de-la-cap-reelu\/"]}]},{"@type":"BreadcrumbList","@id":"https:\/\/lasentinelle.dz\/index.php\/2021\/09\/22\/annaba-le-delegue-de-la-cap-reelu\/#breadcrumb","itemListElement":[{"@type":"ListItem","position":1,"name":"Accueil","item":"https:\/\/lasentinelle.dz\/"},{"@type":"ListItem","position":2,"name":"Annaba : Le d\u00e9l\u00e9gu\u00e9 de la CAP r\u00e9\u00e9lu"}]},{"@type":"WebSite","@id":"https:\/\/lasentinelle.dz\/#website","url":"https:\/\/lasentinelle.dz\/","name":"La Sentinelle","description":"Quotidien national d&#039;information","publisher":{"@id":"https:\/\/lasentinelle.dz\/#organization"},"potentialAction":[{"@type":"SearchAction","target":{"@type":"EntryPoint","urlTemplate":"https:\/\/lasentinelle.dz\/?s={search_term_string}"},"query-input":{"@type":"PropertyValueSpecification","valueRequired":true,"valueName":"search_term_string"}}],"inLanguage":"fr-FR"},{"@type":"Organization","@id":"https:\/\/lasentinelle.dz\/#organization","name":"Quotidien La Sentinelle","url":"https:\/\/lasentinelle.dz\/","logo":{"@type":"ImageObject","inLanguage":"fr-FR","@id":"https:\/\/lasentinelle.dz\/#\/schema\/logo\/image\/","url":"https:\/\/lasentinelle.dz\/wp-content\/uploads\/2021\/09\/logo-sentinelleSLOGAN-1.png","contentUrl":"https:\/\/lasentinelle.dz\/wp-content\/uploads\/2021\/09\/logo-sentinelleSLOGAN-1.png","width":615,"height":142,"caption":"Quotidien La Sentinelle"},"image":{"@id":"https:\/\/lasentinelle.dz\/#\/schema\/logo\/image\/"},"sameAs":["https:\/\/www.facebook.com\/La-Sentinelle-104059864394773"]},{"@type":"Person","@id":"https:\/\/lasentinelle.dz\/#\/schema\/person\/d865044e22e70a75174ce8bcad3acfb3","name":"La Sentinelle","image":{"@type":"ImageObject","inLanguage":"fr-FR","@id":"https:\/\/secure.gravatar.com\/avatar\/57de8e5d4b15d43fb361a71fbb36338450fe67865b528a43dd10ef7c51a20392?s=96&d=mm&r=g","url":"https:\/\/secure.gravatar.com\/avatar\/57de8e5d4b15d43fb361a71fbb36338450fe67865b528a43dd10ef7c51a20392?s=96&d=mm&r=g","contentUrl":"https:\/\/secure.gravatar.com\/avatar\/57de8e5d4b15d43fb361a71fbb36338450fe67865b528a43dd10ef7c51a20392?s=96&d=mm&r=g","caption":"La Sentinelle"},"sameAs":["http:\/\/www.lasentinelle.dz"],"url":"https:\/\/lasentinelle.dz\/author\/redaction\/"}]}},"_links":{"self":[{"href":"https:\/\/lasentinelle.dz\/index.php\/wp-json\/wp\/v2\/posts\/8701","targetHints":{"allow":["GET"]}}],"collection":[{"href":"https:\/\/lasentinelle.dz\/index.php\/wp-json\/wp\/v2\/posts"}],"about":[{"href":"https:\/\/lasentinelle.dz\/index.php\/wp-json\/wp\/v2\/types\/post"}],"author":[{"embeddable":true,"href":"https:\/\/lasentinelle.dz\/index.php\/wp-json\/wp\/v2\/users\/3"}],"replies":[{"embeddable":true,"href":"https:\/\/lasentinelle.dz\/index.php\/wp-json\/wp\/v2\/comments?post=8701"}],"version-history":[{"count":1,"href":"https:\/\/lasentinelle.dz\/index.php\/wp-json\/wp\/v2\/posts\/8701\/revisions"}],"predecessor-version":[{"id":8704,"href":"https:\/\/lasentinelle.dz\/index.php\/wp-json\/wp\/v2\/posts\/8701\/revisions\/8704"}],"wp:attachment":[{"href":"https:\/\/lasentinelle.dz\/index.php\/wp-json\/wp\/v2\/media?parent=8701"}],"wp:term":[{"taxonomy":"category","embeddable":true,"href":"https:\/\/lasentinelle.dz\/index.php\/wp-json\/wp\/v2\/categories?post=8701"},{"taxonomy":"post_tag","embeddable":true,"href":"https:\/\/lasentinelle.dz\/index.php\/wp-json\/wp\/v2\/tags?post=8701"}],"curies":[{"name":"wp","href":"https:\/\/api.w.org\/{rel}","templated":true}]}}