{"id":8722,"date":"2021-09-22T00:01:00","date_gmt":"2021-09-21T23:01:00","guid":{"rendered":"https:\/\/lasentinelle.dz\/?p=8722"},"modified":"2021-09-21T17:34:21","modified_gmt":"2021-09-21T16:34:21","slug":"egypte-deces-de-tantaoui-premier-dirigeant-apres-moubarak","status":"publish","type":"post","link":"https:\/\/lasentinelle.dz\/index.php\/2021\/09\/22\/egypte-deces-de-tantaoui-premier-dirigeant-apres-moubarak\/","title":{"rendered":"\u00c9gypte : D\u00e9c\u00e8s de Tantaoui, premier dirigeant apr\u00e8s Moubarak"},"content":{"rendered":"\n<p>Le mar\u00e9chal Mohamed Hussein Tantaoui, qui a \u00e9t\u00e9 pendant plus de 20 ans ministre de la D\u00e9fense de l&rsquo;ancien pr\u00e9sident \u00e9gyptien Hosni Moubarak, est d\u00e9c\u00e9d\u00e9 hier \u00e0 l&rsquo;\u00e2ge de 85 ans, a annonc\u00e9 l&rsquo;arm\u00e9e. A la chute de Moubarak en f\u00e9vrier 2011, Tantaoui avait pris les r\u00eanes du pays pendant pr\u00e8s de 18 mois en dirigeant la junte charg\u00e9e de la transition avant l&rsquo;organisation d&rsquo;\u00e9lections. Durant cette p\u00e9riode, il a souvent \u00e9t\u00e9 per\u00e7u comme un potentiel candidat \u00e0 la pr\u00e9sidentielle, mais son \u00e2ge avanc\u00e9 et ses probl\u00e8mes de sant\u00e9 avaient jou\u00e9 contre lui. \u00ab\u00a0Le commandement g\u00e9n\u00e9ral des forces arm\u00e9es pleure un de ses fils et chefs de la guerre d&rsquo;Octobre (1973), le mar\u00e9chal Mohamed Hussein Tantaoui, ancien ministre de la D\u00e9fense, d\u00e9c\u00e9d\u00e9 aujourd&rsquo;hui\u00a0\u00bb hier a indiqu\u00e9 sur Facebook le porte-parole des forces arm\u00e9es. Tantaoui a combattu dans les rangs de l&rsquo;arm\u00e9e \u00e9gyptienne lors de trois conflits au XXe si\u00e8cle. Apr\u00e8s dix-huit jours d&rsquo;une r\u00e9volte populaire, Moubarak avait d\u00e9missionn\u00e9 le 11 f\u00e9vrier 2011 et remis ses pouvoirs au Conseil supr\u00eame des forces arm\u00e9es, dirig\u00e9 par Tantaoui qui \u00e9tait son ministre de la D\u00e9fense depuis 1991. Tantaoui avait cependant \u00e9t\u00e9 d\u00e9mis de ses fonctions en ao\u00fbt 2012 par le<\/p>\n\n\n\n<p>pr\u00e9sident Mohamed Morsi, \u00e9lu fin juin, et remplac\u00e9 par le g\u00e9n\u00e9ral Abdel Fattah al-Sissi, chef du renseignement militaire. En juillet 2013, M. Sissi, devenu l&rsquo;homme fort du pays, avait destitu\u00e9 M. Morsi \u00e0 la suite de manifestations monstres r\u00e9clamant le d\u00e9part du pr\u00e9sident issu de la mouvance des fr\u00e8res musulmans. Un an plus tard, il a \u00e9t\u00e9 \u00e0 la t\u00eate de l&rsquo;Egypte. N\u00e9 en 1935, originaire de Nubie, dans le sud de l&rsquo;Egypte, Tantaoui a entam\u00e9 sa carri\u00e8re dans l&rsquo;infanterie en 1956, participant notamment \u00e0 la crise de Suez au moment de l&rsquo;exp\u00e9dition tripartite orchestr\u00e9e par la France, la Grande-Bretagne et l\u2019entit\u00e9 sioniste, ainsi qu&rsquo;aux guerres isra\u00e9lo-arabes de 1967 et 1973. Durant la premi\u00e8re guerre du Golfe de 1991, il avait particip\u00e9 \u00e0 la coalition dirig\u00e9e par les Etats-Unis, au moment de l&rsquo;invasion du Kowe\u00eft par les forces irakiennes de Saddam Hussein. Ministre de la D\u00e9fense et de la production militaire durant 21 ans sous Moubarak, il a \u00e9galement \u00e9t\u00e9 nomm\u00e9 chef des arm\u00e9es en 1995.<\/p>\n\n\n\n<p>R.I. avec AFP<\/p>\n","protected":false},"excerpt":{"rendered":"<p>Le mar\u00e9chal Mohamed Hussein Tantaoui, qui a \u00e9t\u00e9 pendant plus de 20 ans ministre de la D\u00e9fense de l&rsquo;ancien pr\u00e9sident<\/p>\n","protected":false},"author":3,"featured_media":8739,"comment_status":"open","ping_status":"closed","sticky":false,"template":"","format":"standard","meta":{"colormag_page_container_layout":"default_layout","colormag_page_sidebar_layout":"default_layout","om_disable_all_campaigns":false,"_monsterinsights_skip_tracking":false,"_monsterinsights_sitenote_active":false,"_monsterinsights_sitenote_note":"","_monsterinsights_sitenote_category":0,"footnotes":"","_wpscppro_dont_share_socialmedia":false,"_wpscppro_custom_social_share_image":0,"_facebook_share_type":"","_twitter_share_type":"","_linkedin_share_type":"","_pinterest_share_type":"","_linkedin_share_type_page":"","_instagram_share_type":"","_medium_share_type":"","_threads_share_type":"","_google_business_share_type":"","_selected_social_profile":[],"_wpsp_enable_custom_social_template":false,"_wpsp_social_scheduling":{"enabled":false,"datetime":null,"platforms":[],"status":"template_only","dateOption":"today","timeOption":"now","customDays":"","customHours":"","customDate":"","customTime":"","schedulingType":"absolute"},"_wpsp_active_default_template":true},"categories":[37],"tags":[],"class_list":["post-8722","post","type-post","status-publish","format-standard","has-post-thumbnail","hentry","category-monde"],"aioseo_notices":[],"yoast_head":"<!-- This site is optimized with the Yoast SEO plugin v27.5 - https:\/\/yoast.com\/product\/yoast-seo-wordpress\/ -->\n<title>\u00c9gypte : D\u00e9c\u00e8s de Tantaoui, premier dirigeant apr\u00e8s Moubarak - La Sentinelle<\/title>\n<meta name=\"robots\" content=\"index, follow, max-snippet:-1, max-image-preview:large, max-video-preview:-1\" \/>\n<link rel=\"canonical\" href=\"https:\/\/lasentinelle.dz\/index.php\/2021\/09\/22\/egypte-deces-de-tantaoui-premier-dirigeant-apres-moubarak\/\" \/>\n<meta property=\"og:locale\" content=\"fr_FR\" \/>\n<meta property=\"og:type\" content=\"article\" \/>\n<meta property=\"og:title\" content=\"\u00c9gypte : D\u00e9c\u00e8s de Tantaoui, premier dirigeant apr\u00e8s Moubarak - La Sentinelle\" \/>\n<meta property=\"og:description\" content=\"Le mar\u00e9chal Mohamed Hussein Tantaoui, qui a \u00e9t\u00e9 pendant plus de 20 ans ministre de la D\u00e9fense de l&rsquo;ancien pr\u00e9sident\" \/>\n<meta property=\"og:url\" content=\"https:\/\/lasentinelle.dz\/index.php\/2021\/09\/22\/egypte-deces-de-tantaoui-premier-dirigeant-apres-moubarak\/\" \/>\n<meta property=\"og:site_name\" content=\"La Sentinelle\" \/>\n<meta property=\"article:publisher\" content=\"https:\/\/www.facebook.com\/La-Sentinelle-104059864394773\" \/>\n<meta property=\"article:published_time\" content=\"2021-09-21T23:01:00+00:00\" \/>\n<meta property=\"og:image\" content=\"https:\/\/lasentinelle.dz\/wp-content\/uploads\/2021\/09\/image_2021-09-21_173408.png\" \/>\n\t<meta property=\"og:image:width\" content=\"1024\" \/>\n\t<meta property=\"og:image:height\" content=\"691\" \/>\n\t<meta property=\"og:image:type\" content=\"image\/png\" \/>\n<meta name=\"author\" content=\"La Sentinelle\" \/>\n<meta name=\"twitter:card\" content=\"summary_large_image\" \/>\n<meta name=\"twitter:label1\" content=\"\u00c9crit par\" \/>\n\t<meta name=\"twitter:data1\" content=\"La Sentinelle\" \/>\n\t<meta name=\"twitter:label2\" content=\"Dur\u00e9e de lecture estim\u00e9e\" \/>\n\t<meta name=\"twitter:data2\" content=\"2 minutes\" \/>\n<script type=\"application\/ld+json\" class=\"yoast-schema-graph\">{\"@context\":\"https:\\\/\\\/schema.org\",\"@graph\":[{\"@type\":\"Article\",\"@id\":\"https:\\\/\\\/lasentinelle.dz\\\/index.php\\\/2021\\\/09\\\/22\\\/egypte-deces-de-tantaoui-premier-dirigeant-apres-moubarak\\\/#article\",\"isPartOf\":{\"@id\":\"https:\\\/\\\/lasentinelle.dz\\\/index.php\\\/2021\\\/09\\\/22\\\/egypte-deces-de-tantaoui-premier-dirigeant-apres-moubarak\\\/\"},\"author\":{\"name\":\"La Sentinelle\",\"@id\":\"https:\\\/\\\/lasentinelle.dz\\\/#\\\/schema\\\/person\\\/d865044e22e70a75174ce8bcad3acfb3\"},\"headline\":\"\u00c9gypte : D\u00e9c\u00e8s de Tantaoui, premier dirigeant apr\u00e8s Moubarak\",\"datePublished\":\"2021-09-21T23:01:00+00:00\",\"mainEntityOfPage\":{\"@id\":\"https:\\\/\\\/lasentinelle.dz\\\/index.php\\\/2021\\\/09\\\/22\\\/egypte-deces-de-tantaoui-premier-dirigeant-apres-moubarak\\\/\"},\"wordCount\":422,\"commentCount\":0,\"publisher\":{\"@id\":\"https:\\\/\\\/lasentinelle.dz\\\/#organization\"},\"image\":{\"@id\":\"https:\\\/\\\/lasentinelle.dz\\\/index.php\\\/2021\\\/09\\\/22\\\/egypte-deces-de-tantaoui-premier-dirigeant-apres-moubarak\\\/#primaryimage\"},\"thumbnailUrl\":\"https:\\\/\\\/lasentinelle.dz\\\/wp-content\\\/uploads\\\/2021\\\/09\\\/image_2021-09-21_173408.png\",\"articleSection\":[\"Monde\"],\"inLanguage\":\"fr-FR\",\"potentialAction\":[{\"@type\":\"CommentAction\",\"name\":\"Comment\",\"target\":[\"https:\\\/\\\/lasentinelle.dz\\\/index.php\\\/2021\\\/09\\\/22\\\/egypte-deces-de-tantaoui-premier-dirigeant-apres-moubarak\\\/#respond\"]}]},{\"@type\":\"WebPage\",\"@id\":\"https:\\\/\\\/lasentinelle.dz\\\/index.php\\\/2021\\\/09\\\/22\\\/egypte-deces-de-tantaoui-premier-dirigeant-apres-moubarak\\\/\",\"url\":\"https:\\\/\\\/lasentinelle.dz\\\/index.php\\\/2021\\\/09\\\/22\\\/egypte-deces-de-tantaoui-premier-dirigeant-apres-moubarak\\\/\",\"name\":\"\u00c9gypte : D\u00e9c\u00e8s de Tantaoui, premier dirigeant apr\u00e8s Moubarak - La Sentinelle\",\"isPartOf\":{\"@id\":\"https:\\\/\\\/lasentinelle.dz\\\/#website\"},\"primaryImageOfPage\":{\"@id\":\"https:\\\/\\\/lasentinelle.dz\\\/index.php\\\/2021\\\/09\\\/22\\\/egypte-deces-de-tantaoui-premier-dirigeant-apres-moubarak\\\/#primaryimage\"},\"image\":{\"@id\":\"https:\\\/\\\/lasentinelle.dz\\\/index.php\\\/2021\\\/09\\\/22\\\/egypte-deces-de-tantaoui-premier-dirigeant-apres-moubarak\\\/#primaryimage\"},\"thumbnailUrl\":\"https:\\\/\\\/lasentinelle.dz\\\/wp-content\\\/uploads\\\/2021\\\/09\\\/image_2021-09-21_173408.png\",\"datePublished\":\"2021-09-21T23:01:00+00:00\",\"breadcrumb\":{\"@id\":\"https:\\\/\\\/lasentinelle.dz\\\/index.php\\\/2021\\\/09\\\/22\\\/egypte-deces-de-tantaoui-premier-dirigeant-apres-moubarak\\\/#breadcrumb\"},\"inLanguage\":\"fr-FR\",\"potentialAction\":[{\"@type\":\"ReadAction\",\"target\":[\"https:\\\/\\\/lasentinelle.dz\\\/index.php\\\/2021\\\/09\\\/22\\\/egypte-deces-de-tantaoui-premier-dirigeant-apres-moubarak\\\/\"]}]},{\"@type\":\"ImageObject\",\"inLanguage\":\"fr-FR\",\"@id\":\"https:\\\/\\\/lasentinelle.dz\\\/index.php\\\/2021\\\/09\\\/22\\\/egypte-deces-de-tantaoui-premier-dirigeant-apres-moubarak\\\/#primaryimage\",\"url\":\"https:\\\/\\\/lasentinelle.dz\\\/wp-content\\\/uploads\\\/2021\\\/09\\\/image_2021-09-21_173408.png\",\"contentUrl\":\"https:\\\/\\\/lasentinelle.dz\\\/wp-content\\\/uploads\\\/2021\\\/09\\\/image_2021-09-21_173408.png\",\"width\":1024,\"height\":691},{\"@type\":\"BreadcrumbList\",\"@id\":\"https:\\\/\\\/lasentinelle.dz\\\/index.php\\\/2021\\\/09\\\/22\\\/egypte-deces-de-tantaoui-premier-dirigeant-apres-moubarak\\\/#breadcrumb\",\"itemListElement\":[{\"@type\":\"ListItem\",\"position\":1,\"name\":\"Accueil\",\"item\":\"https:\\\/\\\/lasentinelle.dz\\\/\"},{\"@type\":\"ListItem\",\"position\":2,\"name\":\"\u00c9gypte : D\u00e9c\u00e8s de Tantaoui, premier dirigeant apr\u00e8s Moubarak\"}]},{\"@type\":\"WebSite\",\"@id\":\"https:\\\/\\\/lasentinelle.dz\\\/#website\",\"url\":\"https:\\\/\\\/lasentinelle.dz\\\/\",\"name\":\"La Sentinelle\",\"description\":\"Quotidien national d&#039;information\",\"publisher\":{\"@id\":\"https:\\\/\\\/lasentinelle.dz\\\/#organization\"},\"potentialAction\":[{\"@type\":\"SearchAction\",\"target\":{\"@type\":\"EntryPoint\",\"urlTemplate\":\"https:\\\/\\\/lasentinelle.dz\\\/?s={search_term_string}\"},\"query-input\":{\"@type\":\"PropertyValueSpecification\",\"valueRequired\":true,\"valueName\":\"search_term_string\"}}],\"inLanguage\":\"fr-FR\"},{\"@type\":\"Organization\",\"@id\":\"https:\\\/\\\/lasentinelle.dz\\\/#organization\",\"name\":\"Quotidien La Sentinelle\",\"url\":\"https:\\\/\\\/lasentinelle.dz\\\/\",\"logo\":{\"@type\":\"ImageObject\",\"inLanguage\":\"fr-FR\",\"@id\":\"https:\\\/\\\/lasentinelle.dz\\\/#\\\/schema\\\/logo\\\/image\\\/\",\"url\":\"https:\\\/\\\/lasentinelle.dz\\\/wp-content\\\/uploads\\\/2021\\\/09\\\/logo-sentinelleSLOGAN-1.png\",\"contentUrl\":\"https:\\\/\\\/lasentinelle.dz\\\/wp-content\\\/uploads\\\/2021\\\/09\\\/logo-sentinelleSLOGAN-1.png\",\"width\":615,\"height\":142,\"caption\":\"Quotidien La Sentinelle\"},\"image\":{\"@id\":\"https:\\\/\\\/lasentinelle.dz\\\/#\\\/schema\\\/logo\\\/image\\\/\"},\"sameAs\":[\"https:\\\/\\\/www.facebook.com\\\/La-Sentinelle-104059864394773\"]},{\"@type\":\"Person\",\"@id\":\"https:\\\/\\\/lasentinelle.dz\\\/#\\\/schema\\\/person\\\/d865044e22e70a75174ce8bcad3acfb3\",\"name\":\"La Sentinelle\",\"image\":{\"@type\":\"ImageObject\",\"inLanguage\":\"fr-FR\",\"@id\":\"https:\\\/\\\/secure.gravatar.com\\\/avatar\\\/57de8e5d4b15d43fb361a71fbb36338450fe67865b528a43dd10ef7c51a20392?s=96&d=mm&r=g\",\"url\":\"https:\\\/\\\/secure.gravatar.com\\\/avatar\\\/57de8e5d4b15d43fb361a71fbb36338450fe67865b528a43dd10ef7c51a20392?s=96&d=mm&r=g\",\"contentUrl\":\"https:\\\/\\\/secure.gravatar.com\\\/avatar\\\/57de8e5d4b15d43fb361a71fbb36338450fe67865b528a43dd10ef7c51a20392?s=96&d=mm&r=g\",\"caption\":\"La Sentinelle\"},\"sameAs\":[\"http:\\\/\\\/www.lasentinelle.dz\"],\"url\":\"https:\\\/\\\/lasentinelle.dz\\\/author\\\/redaction\\\/\"}]}<\/script>\n<!-- \/ Yoast SEO plugin. -->","yoast_head_json":{"title":"\u00c9gypte : D\u00e9c\u00e8s de Tantaoui, premier dirigeant apr\u00e8s Moubarak - La Sentinelle","robots":{"index":"index","follow":"follow","max-snippet":"max-snippet:-1","max-image-preview":"max-image-preview:large","max-video-preview":"max-video-preview:-1"},"canonical":"https:\/\/lasentinelle.dz\/index.php\/2021\/09\/22\/egypte-deces-de-tantaoui-premier-dirigeant-apres-moubarak\/","og_locale":"fr_FR","og_type":"article","og_title":"\u00c9gypte : D\u00e9c\u00e8s de Tantaoui, premier dirigeant apr\u00e8s Moubarak - La Sentinelle","og_description":"Le mar\u00e9chal Mohamed Hussein Tantaoui, qui a \u00e9t\u00e9 pendant plus de 20 ans ministre de la D\u00e9fense de l&rsquo;ancien pr\u00e9sident","og_url":"https:\/\/lasentinelle.dz\/index.php\/2021\/09\/22\/egypte-deces-de-tantaoui-premier-dirigeant-apres-moubarak\/","og_site_name":"La Sentinelle","article_publisher":"https:\/\/www.facebook.com\/La-Sentinelle-104059864394773","article_published_time":"2021-09-21T23:01:00+00:00","og_image":[{"width":1024,"height":691,"url":"https:\/\/lasentinelle.dz\/wp-content\/uploads\/2021\/09\/image_2021-09-21_173408.png","type":"image\/png"}],"author":"La Sentinelle","twitter_card":"summary_large_image","twitter_misc":{"\u00c9crit par":"La Sentinelle","Dur\u00e9e de lecture estim\u00e9e":"2 minutes"},"schema":{"@context":"https:\/\/schema.org","@graph":[{"@type":"Article","@id":"https:\/\/lasentinelle.dz\/index.php\/2021\/09\/22\/egypte-deces-de-tantaoui-premier-dirigeant-apres-moubarak\/#article","isPartOf":{"@id":"https:\/\/lasentinelle.dz\/index.php\/2021\/09\/22\/egypte-deces-de-tantaoui-premier-dirigeant-apres-moubarak\/"},"author":{"name":"La Sentinelle","@id":"https:\/\/lasentinelle.dz\/#\/schema\/person\/d865044e22e70a75174ce8bcad3acfb3"},"headline":"\u00c9gypte : D\u00e9c\u00e8s de Tantaoui, premier dirigeant apr\u00e8s Moubarak","datePublished":"2021-09-21T23:01:00+00:00","mainEntityOfPage":{"@id":"https:\/\/lasentinelle.dz\/index.php\/2021\/09\/22\/egypte-deces-de-tantaoui-premier-dirigeant-apres-moubarak\/"},"wordCount":422,"commentCount":0,"publisher":{"@id":"https:\/\/lasentinelle.dz\/#organization"},"image":{"@id":"https:\/\/lasentinelle.dz\/index.php\/2021\/09\/22\/egypte-deces-de-tantaoui-premier-dirigeant-apres-moubarak\/#primaryimage"},"thumbnailUrl":"https:\/\/lasentinelle.dz\/wp-content\/uploads\/2021\/09\/image_2021-09-21_173408.png","articleSection":["Monde"],"inLanguage":"fr-FR","potentialAction":[{"@type":"CommentAction","name":"Comment","target":["https:\/\/lasentinelle.dz\/index.php\/2021\/09\/22\/egypte-deces-de-tantaoui-premier-dirigeant-apres-moubarak\/#respond"]}]},{"@type":"WebPage","@id":"https:\/\/lasentinelle.dz\/index.php\/2021\/09\/22\/egypte-deces-de-tantaoui-premier-dirigeant-apres-moubarak\/","url":"https:\/\/lasentinelle.dz\/index.php\/2021\/09\/22\/egypte-deces-de-tantaoui-premier-dirigeant-apres-moubarak\/","name":"\u00c9gypte : D\u00e9c\u00e8s de Tantaoui, premier dirigeant apr\u00e8s Moubarak - La Sentinelle","isPartOf":{"@id":"https:\/\/lasentinelle.dz\/#website"},"primaryImageOfPage":{"@id":"https:\/\/lasentinelle.dz\/index.php\/2021\/09\/22\/egypte-deces-de-tantaoui-premier-dirigeant-apres-moubarak\/#primaryimage"},"image":{"@id":"https:\/\/lasentinelle.dz\/index.php\/2021\/09\/22\/egypte-deces-de-tantaoui-premier-dirigeant-apres-moubarak\/#primaryimage"},"thumbnailUrl":"https:\/\/lasentinelle.dz\/wp-content\/uploads\/2021\/09\/image_2021-09-21_173408.png","datePublished":"2021-09-21T23:01:00+00:00","breadcrumb":{"@id":"https:\/\/lasentinelle.dz\/index.php\/2021\/09\/22\/egypte-deces-de-tantaoui-premier-dirigeant-apres-moubarak\/#breadcrumb"},"inLanguage":"fr-FR","potentialAction":[{"@type":"ReadAction","target":["https:\/\/lasentinelle.dz\/index.php\/2021\/09\/22\/egypte-deces-de-tantaoui-premier-dirigeant-apres-moubarak\/"]}]},{"@type":"ImageObject","inLanguage":"fr-FR","@id":"https:\/\/lasentinelle.dz\/index.php\/2021\/09\/22\/egypte-deces-de-tantaoui-premier-dirigeant-apres-moubarak\/#primaryimage","url":"https:\/\/lasentinelle.dz\/wp-content\/uploads\/2021\/09\/image_2021-09-21_173408.png","contentUrl":"https:\/\/lasentinelle.dz\/wp-content\/uploads\/2021\/09\/image_2021-09-21_173408.png","width":1024,"height":691},{"@type":"BreadcrumbList","@id":"https:\/\/lasentinelle.dz\/index.php\/2021\/09\/22\/egypte-deces-de-tantaoui-premier-dirigeant-apres-moubarak\/#breadcrumb","itemListElement":[{"@type":"ListItem","position":1,"name":"Accueil","item":"https:\/\/lasentinelle.dz\/"},{"@type":"ListItem","position":2,"name":"\u00c9gypte : D\u00e9c\u00e8s de Tantaoui, premier dirigeant apr\u00e8s Moubarak"}]},{"@type":"WebSite","@id":"https:\/\/lasentinelle.dz\/#website","url":"https:\/\/lasentinelle.dz\/","name":"La Sentinelle","description":"Quotidien national d&#039;information","publisher":{"@id":"https:\/\/lasentinelle.dz\/#organization"},"potentialAction":[{"@type":"SearchAction","target":{"@type":"EntryPoint","urlTemplate":"https:\/\/lasentinelle.dz\/?s={search_term_string}"},"query-input":{"@type":"PropertyValueSpecification","valueRequired":true,"valueName":"search_term_string"}}],"inLanguage":"fr-FR"},{"@type":"Organization","@id":"https:\/\/lasentinelle.dz\/#organization","name":"Quotidien La Sentinelle","url":"https:\/\/lasentinelle.dz\/","logo":{"@type":"ImageObject","inLanguage":"fr-FR","@id":"https:\/\/lasentinelle.dz\/#\/schema\/logo\/image\/","url":"https:\/\/lasentinelle.dz\/wp-content\/uploads\/2021\/09\/logo-sentinelleSLOGAN-1.png","contentUrl":"https:\/\/lasentinelle.dz\/wp-content\/uploads\/2021\/09\/logo-sentinelleSLOGAN-1.png","width":615,"height":142,"caption":"Quotidien La Sentinelle"},"image":{"@id":"https:\/\/lasentinelle.dz\/#\/schema\/logo\/image\/"},"sameAs":["https:\/\/www.facebook.com\/La-Sentinelle-104059864394773"]},{"@type":"Person","@id":"https:\/\/lasentinelle.dz\/#\/schema\/person\/d865044e22e70a75174ce8bcad3acfb3","name":"La Sentinelle","image":{"@type":"ImageObject","inLanguage":"fr-FR","@id":"https:\/\/secure.gravatar.com\/avatar\/57de8e5d4b15d43fb361a71fbb36338450fe67865b528a43dd10ef7c51a20392?s=96&d=mm&r=g","url":"https:\/\/secure.gravatar.com\/avatar\/57de8e5d4b15d43fb361a71fbb36338450fe67865b528a43dd10ef7c51a20392?s=96&d=mm&r=g","contentUrl":"https:\/\/secure.gravatar.com\/avatar\/57de8e5d4b15d43fb361a71fbb36338450fe67865b528a43dd10ef7c51a20392?s=96&d=mm&r=g","caption":"La Sentinelle"},"sameAs":["http:\/\/www.lasentinelle.dz"],"url":"https:\/\/lasentinelle.dz\/author\/redaction\/"}]}},"_links":{"self":[{"href":"https:\/\/lasentinelle.dz\/index.php\/wp-json\/wp\/v2\/posts\/8722","targetHints":{"allow":["GET"]}}],"collection":[{"href":"https:\/\/lasentinelle.dz\/index.php\/wp-json\/wp\/v2\/posts"}],"about":[{"href":"https:\/\/lasentinelle.dz\/index.php\/wp-json\/wp\/v2\/types\/post"}],"author":[{"embeddable":true,"href":"https:\/\/lasentinelle.dz\/index.php\/wp-json\/wp\/v2\/users\/3"}],"replies":[{"embeddable":true,"href":"https:\/\/lasentinelle.dz\/index.php\/wp-json\/wp\/v2\/comments?post=8722"}],"version-history":[{"count":1,"href":"https:\/\/lasentinelle.dz\/index.php\/wp-json\/wp\/v2\/posts\/8722\/revisions"}],"predecessor-version":[{"id":8740,"href":"https:\/\/lasentinelle.dz\/index.php\/wp-json\/wp\/v2\/posts\/8722\/revisions\/8740"}],"wp:featuredmedia":[{"embeddable":true,"href":"https:\/\/lasentinelle.dz\/index.php\/wp-json\/wp\/v2\/media\/8739"}],"wp:attachment":[{"href":"https:\/\/lasentinelle.dz\/index.php\/wp-json\/wp\/v2\/media?parent=8722"}],"wp:term":[{"taxonomy":"category","embeddable":true,"href":"https:\/\/lasentinelle.dz\/index.php\/wp-json\/wp\/v2\/categories?post=8722"},{"taxonomy":"post_tag","embeddable":true,"href":"https:\/\/lasentinelle.dz\/index.php\/wp-json\/wp\/v2\/tags?post=8722"}],"curies":[{"name":"wp","href":"https:\/\/api.w.org\/{rel}","templated":true}]}}